{"id":4633,"date":"2016-05-03T07:00:56","date_gmt":"2016-05-03T05:00:56","guid":{"rendered":"http:\/\/blogg.svenskakyrkan.se\/vandravagen\/?p=4633"},"modified":"2016-05-02T23:21:34","modified_gmt":"2016-05-02T21:21:34","slug":"urban-gastbloggar-om-96-lampor","status":"publish","type":"post","link":"https:\/\/blogg.svenskakyrkan.se\/vandravagen\/2016\/05\/03\/urban-gastbloggar-om-96-lampor\/","title":{"rendered":"Urban  g\u00e4stbloggar om &#8221;96 lampor&#8221;"},"content":{"rendered":"<div id=\"attachment_4634\" style=\"width: 810px\" class=\"wp-caption aligncenter\"><a href=\"http:\/\/blogg.svenskakyrkan.se\/vandravagen\/files\/2016\/05\/IMG_7722.jpg\"><img loading=\"lazy\" decoding=\"async\" aria-describedby=\"caption-attachment-4634\" class=\"size-full wp-image-4634\" src=\"http:\/\/blogg.svenskakyrkan.se\/vandravagen\/files\/2016\/05\/IMG_7722.jpg\" alt=\"Pojksoldater. Inte mycket utrymme att ifr\u00e5gas\u00e4tta n\u00e5got h\u00e4r?\" width=\"800\" height=\"530\" srcset=\"https:\/\/blogg.svenskakyrkan.se\/vandravagen\/files\/2016\/05\/IMG_7722.jpg 800w, https:\/\/blogg.svenskakyrkan.se\/vandravagen\/files\/2016\/05\/IMG_7722-300x199.jpg 300w, https:\/\/blogg.svenskakyrkan.se\/vandravagen\/files\/2016\/05\/IMG_7722-453x300.jpg 453w\" sizes=\"auto, (max-width: 800px) 100vw, 800px\" \/><\/a><p id=\"caption-attachment-4634\" class=\"wp-caption-text\">Pojksoldater. Inte mycket utrymme att ifr\u00e5gas\u00e4tta n\u00e5got h\u00e4r?<\/p><\/div>\n<p>Idag har jag en g\u00e4stbloggare p\u00e5 Vandra V\u00e4gen. Ingen mindre \u00e4n min egen storebror Urban som h\u00e4r skriver om boken &#8221;96 lampor&#8221; som v\u00e4ckt en del uppm\u00e4rksamhet i kyrkliga kretsar p\u00e5 sista tiden. Ordet \u00f6ver till Urban.<\/p>\n<p><strong>Om tro som tonas ned och sl\u00e4cks<\/strong><\/p>\n<p>Jacob Langvik har skrivit <i>96 lampor \u2013 om oss som brann och f\u00f6rsvann<\/i>. Titeln kommer fr\u00e5n antalet lampor i hans barndoms kyrksal. Han \u00e4r uppvuxen i kyrkan \u2013 vilken specificeras inte n\u00e4rmare \u2013 och var i ton\u00e5ren v\u00e4ldigt engagerad i sin f\u00f6rsamling. Han \u00e4r utbildad pastor. \u00c4nd\u00e5 finner han sig s\u00e5 sm\u00e5ningom leva ett n\u00e4stan helt sekul\u00e4rt liv och inser att de flesta av hans barndomsv\u00e4nner g\u00f6r detsamma. Varf\u00f6r f\u00f6rsvann de?<\/p>\n<p>Boken handlar om hur han s\u00f6ker upp v\u00e4nner och bekanta och ber dem ber\u00e4tta om varf\u00f6r de f\u00f6rsvann, vad de tror nu och om n\u00e5got skulle kunna f\u00e5 dem att komma tillbaka. Historierna skiljer sig \u00e5t men n\u00e5gra saker \u00e5terkommer. Uppbrottet fr\u00e5n f\u00f6rsamlingen sker i samband med att man flyttar hemifr\u00e5n efter studenten och f\u00e5r ett nytt umg\u00e4nge. F\u00f6r m\u00e5nga har det varit en stark kontrast att de upplevt sina nya v\u00e4nner som b\u00e4ttre m\u00e4nniskor trots att dessa inte \u00e4r troende. M\u00e5nga har upplevt det som en l\u00e4ttnad att sluta g\u00e5 i kyrkan.<\/p>\n<p>Langvik p\u00e5pekar att det inte beh\u00f6ver vara n\u00e5got d\u00e5ligt med att vara mindre kyrkligt aktiv i perioder. Man kan j\u00e4mf\u00f6ra det med sm\u00e5 kommuner som helst ser att ungdomarna stannar i kommunen efter studenten n\u00e4r m\u00e5let borde vara att ungdomen f\u00f6rsvinner n\u00e5gra \u00e5r, skaffar utbildning och erfarenheter och sedan flyttar tillbaka igen med sin nyfunna partner f\u00f6r att bilda familj i barndomsstaden.<\/p>\n<p>Huruvida Langvik och hans kamrater kommer att \u00e5terv\u00e4nda till kyrkan \u00e4r oklart. Han resonerar om vad som l\u00e4tt blir fel och vad som skulle kunna g\u00f6ras annorlunda. Tonen v\u00e4xlar mellan kritikerns och predikantens. Det \u00e4r v\u00e4l ganska f\u00f6ljdriktigt i en bok om ambivalens.<\/p>\n<p>Langvik och hans v\u00e4nner har sin bakgrund i frikyrkan. (\u201dI min h\u00f6gstadieklass var vi till exempel sju kristna. \u00c5tta om man r\u00e4knade med tjejen som var med i Svenska kyrkan, men vi visste inte riktigt om hon var kristen eller om hon bara sa att hon var det.\u201d)\u00a0 Det g\u00f6r kanske att en del saker k\u00e4nns l\u00e4tt att borsta av sig om man h\u00f6r till Svenska kyrkan. Jag har till exempel (beroende lite p\u00e5 hur man r\u00e4knar) omkring 15 \u00e5rs engagemang i Svenska kyrkans barn- och ungdomsverksamhet bakom mig (hemska ord) och kan inte minnas att jag st\u00f6tt p\u00e5 n\u00e5gra s\u00e4rskilda v\u00e4rderingar ang\u00e5ende sex f\u00f6re \u00e4ktenskapet eller alkohol. Ungdomsgrupper tilltalar ju ofta ganska ordningsamma m\u00e4nniskor men tonen \u00e4r knappast mycket mer moraliserande \u00e4n exempelvis en ungdomsmottagning. S\u00e5 de bitarna \u00e4r inte s\u00e5 till\u00e4mpbara p\u00e5 mitt liv som det kom att bli i min f\u00f6rsamling och mitt stift.<\/p>\n<p>Men att f\u00e4sta sig vid det \u00e4r att g\u00f6ra det f\u00f6r enkelt f\u00f6r sig. Jag minns sj\u00e4lv f\u00f6r n\u00e5gra \u00e5r sedan n\u00e4r jag sprang p\u00e5 en f d ungdom som jag varit l\u00e4gerledare f\u00f6r. Hon h\u00e4lsade glatt och hj\u00e4rtligt men sade sedan ganska snart att hon m\u00e5dde d\u00e5ligt n\u00e4r hon t\u00e4nkte tillbaka p\u00e5 p\u00e5 l\u00e4gren. Mycket mer blev tyv\u00e4rr inte sagt. Kanske var det lika bra. Jag hade kunnat hamna i n\u00e5gon sorts f\u00f6rsvarsposition som bara gjort det v\u00e4rre.<\/p>\n<p>Som m\u00e5nga s\u00e5dana h\u00e4r b\u00f6cker st\u00e4ller <i>96 lampor <\/i>fler fr\u00e5gor \u00e4n den ger svar men den g\u00f6r det p\u00e5 ett underh\u00e5llande s\u00e4tt. Det \u00e4r rappt och roligt skrivet och dessutom f\u00f6red\u00f6mligt kort. Drygt hundra sidor med m\u00e5nga inspr\u00e4ngda teckningar p\u00e5 fina gamla lampor.<\/p>\n<p>Rekommenderas f\u00f6r den som sj\u00e4lv tycker sig ha f\u00f6rsvunnit p\u00e5 ett eller annat s\u00e4tt eller den som bara undrar hur vi bygger en kyrka f\u00f6r alla. Den avslutande knorren ger dessutom ett fint litet vittnesm\u00e5l om livets outgrundliga v\u00e4gar.<\/p>\n","protected":false},"excerpt":{"rendered":"<p>Idag har jag en g\u00e4stbloggare p\u00e5 Vandra V\u00e4gen. Ingen mindre \u00e4n min egen storebror Urban som h\u00e4r skriver om boken &#8221;96 lampor&#8221; som v\u00e4ckt en del uppm\u00e4rksamhet i kyrkliga kretsar p\u00e5 sista tiden. Ordet \u00f6ver till Urban. Om tro som tonas ned och sl\u00e4cks Jacob Langvik har skrivit 96 lampor \u2013 om oss som brann [&hellip;]<\/p>\n","protected":false},"author":392,"featured_media":0,"comment_status":"open","ping_status":"open","sticky":false,"template":"","format":"standard","meta":{"_acf_changed":false,"footnotes":""},"categories":[8253,42374,76189,17359],"tags":[],"class_list":["post-4633","post","type-post","status-publish","format-standard","hentry","category-bocker","category-boktips","category-dagens-kyrka","category-gastbloggare"],"acf":[],"yoast_head":"<!-- This site is optimized with the Yoast SEO plugin v27.1.1 - https:\/\/yoast.com\/product\/yoast-seo-wordpress\/ -->\n<title>Urban g\u00e4stbloggar om &quot;96 lampor&quot; - Vandra V\u00e4gen<\/title>\n<meta name=\"robots\" content=\"index, follow, max-snippet:-1, max-image-preview:large, max-video-preview:-1\" \/>\n<link rel=\"canonical\" href=\"https:\/\/blogg.svenskakyrkan.se\/vandravagen\/2016\/05\/03\/urban-gastbloggar-om-96-lampor\/\" \/>\n<meta property=\"og:locale\" content=\"sv_SE\" \/>\n<meta property=\"og:type\" content=\"article\" \/>\n<meta property=\"og:title\" content=\"Urban g\u00e4stbloggar om &quot;96 lampor&quot; - Vandra V\u00e4gen\" \/>\n<meta property=\"og:description\" content=\"Idag har jag en g\u00e4stbloggare p\u00e5 Vandra V\u00e4gen. Ingen mindre \u00e4n min egen storebror Urban som h\u00e4r skriver om boken &#8221;96 lampor&#8221; som v\u00e4ckt en del uppm\u00e4rksamhet i kyrkliga kretsar p\u00e5 sista tiden. Ordet \u00f6ver till Urban. Om tro som tonas ned och sl\u00e4cks Jacob Langvik har skrivit 96 lampor \u2013 om oss som brann [&hellip;]\" \/>\n<meta property=\"og:url\" content=\"https:\/\/blogg.svenskakyrkan.se\/vandravagen\/2016\/05\/03\/urban-gastbloggar-om-96-lampor\/\" \/>\n<meta property=\"og:site_name\" content=\"Vandra V\u00e4gen\" \/>\n<meta property=\"article:publisher\" content=\"http:\/\/facebook.com\/vandravagen\" \/>\n<meta property=\"article:published_time\" content=\"2016-05-03T05:00:56+00:00\" \/>\n<meta property=\"og:image\" content=\"http:\/\/blogg.svenskakyrkan.se\/vandravagen\/files\/2016\/05\/IMG_7722.jpg\" \/>\n<meta name=\"author\" content=\"Tomas Jarvid\" \/>\n<meta name=\"twitter:card\" content=\"summary_large_image\" \/>\n<meta name=\"twitter:creator\" content=\"@fadertomas\" \/>\n<meta name=\"twitter:site\" content=\"@fadertomas\" \/>\n<meta name=\"twitter:label1\" content=\"Skriven av\" \/>\n\t<meta name=\"twitter:data1\" content=\"Tomas Jarvid\" \/>\n\t<meta name=\"twitter:label2\" content=\"Ber\u00e4knad l\u00e4stid\" \/>\n\t<meta name=\"twitter:data2\" content=\"4 minuter\" \/>\n<script type=\"application\/ld+json\" class=\"yoast-schema-graph\">{\"@context\":\"https:\/\/schema.org\",\"@graph\":[{\"@type\":\"Article\",\"@id\":\"https:\/\/blogg.svenskakyrkan.se\/vandravagen\/2016\/05\/03\/urban-gastbloggar-om-96-lampor\/#article\",\"isPartOf\":{\"@id\":\"https:\/\/blogg.svenskakyrkan.se\/vandravagen\/2016\/05\/03\/urban-gastbloggar-om-96-lampor\/\"},\"author\":{\"name\":\"Tomas Jarvid\",\"@id\":\"https:\/\/blogg.svenskakyrkan.se\/vandravagen\/#\/schema\/person\/25da02d4f76b137d04291711e2c9fc16\"},\"headline\":\"Urban g\u00e4stbloggar om &#8221;96 lampor&#8221;\",\"datePublished\":\"2016-05-03T05:00:56+00:00\",\"mainEntityOfPage\":{\"@id\":\"https:\/\/blogg.svenskakyrkan.se\/vandravagen\/2016\/05\/03\/urban-gastbloggar-om-96-lampor\/\"},\"wordCount\":751,\"commentCount\":7,\"publisher\":{\"@id\":\"https:\/\/blogg.svenskakyrkan.se\/vandravagen\/#organization\"},\"image\":{\"@id\":\"https:\/\/blogg.svenskakyrkan.se\/vandravagen\/2016\/05\/03\/urban-gastbloggar-om-96-lampor\/#primaryimage\"},\"thumbnailUrl\":\"http:\/\/blogg.svenskakyrkan.se\/vandravagen\/files\/2016\/05\/IMG_7722.jpg\",\"articleSection\":[\"b\u00f6cker\",\"boktips\",\"Dagens Kyrka\",\"g\u00e4stbloggare\"],\"inLanguage\":\"sv-SE\",\"potentialAction\":[{\"@type\":\"CommentAction\",\"name\":\"Comment\",\"target\":[\"https:\/\/blogg.svenskakyrkan.se\/vandravagen\/2016\/05\/03\/urban-gastbloggar-om-96-lampor\/#respond\"]}]},{\"@type\":\"WebPage\",\"@id\":\"https:\/\/blogg.svenskakyrkan.se\/vandravagen\/2016\/05\/03\/urban-gastbloggar-om-96-lampor\/\",\"url\":\"https:\/\/blogg.svenskakyrkan.se\/vandravagen\/2016\/05\/03\/urban-gastbloggar-om-96-lampor\/\",\"name\":\"Urban g\u00e4stbloggar om \\\"96 lampor\\\" - Vandra V\u00e4gen\",\"isPartOf\":{\"@id\":\"https:\/\/blogg.svenskakyrkan.se\/vandravagen\/#website\"},\"primaryImageOfPage\":{\"@id\":\"https:\/\/blogg.svenskakyrkan.se\/vandravagen\/2016\/05\/03\/urban-gastbloggar-om-96-lampor\/#primaryimage\"},\"image\":{\"@id\":\"https:\/\/blogg.svenskakyrkan.se\/vandravagen\/2016\/05\/03\/urban-gastbloggar-om-96-lampor\/#primaryimage\"},\"thumbnailUrl\":\"http:\/\/blogg.svenskakyrkan.se\/vandravagen\/files\/2016\/05\/IMG_7722.jpg\",\"datePublished\":\"2016-05-03T05:00:56+00:00\",\"breadcrumb\":{\"@id\":\"https:\/\/blogg.svenskakyrkan.se\/vandravagen\/2016\/05\/03\/urban-gastbloggar-om-96-lampor\/#breadcrumb\"},\"inLanguage\":\"sv-SE\",\"potentialAction\":[{\"@type\":\"ReadAction\",\"target\":[\"https:\/\/blogg.svenskakyrkan.se\/vandravagen\/2016\/05\/03\/urban-gastbloggar-om-96-lampor\/\"]}]},{\"@type\":\"ImageObject\",\"inLanguage\":\"sv-SE\",\"@id\":\"https:\/\/blogg.svenskakyrkan.se\/vandravagen\/2016\/05\/03\/urban-gastbloggar-om-96-lampor\/#primaryimage\",\"url\":\"http:\/\/blogg.svenskakyrkan.se\/vandravagen\/files\/2016\/05\/IMG_7722.jpg\",\"contentUrl\":\"http:\/\/blogg.svenskakyrkan.se\/vandravagen\/files\/2016\/05\/IMG_7722.jpg\"},{\"@type\":\"BreadcrumbList\",\"@id\":\"https:\/\/blogg.svenskakyrkan.se\/vandravagen\/2016\/05\/03\/urban-gastbloggar-om-96-lampor\/#breadcrumb\",\"itemListElement\":[{\"@type\":\"ListItem\",\"position\":1,\"name\":\"Hem\",\"item\":\"https:\/\/blogg.svenskakyrkan.se\/vandravagen\/\"},{\"@type\":\"ListItem\",\"position\":2,\"name\":\"Urban g\u00e4stbloggar om &#8221;96 lampor&#8221;\"}]},{\"@type\":\"WebSite\",\"@id\":\"https:\/\/blogg.svenskakyrkan.se\/vandravagen\/#website\",\"url\":\"https:\/\/blogg.svenskakyrkan.se\/vandravagen\/\",\"name\":\"Vandra V\u00e4gen\",\"description\":\"-Mot en tro f\u00f6r hela livet\",\"publisher\":{\"@id\":\"https:\/\/blogg.svenskakyrkan.se\/vandravagen\/#organization\"},\"potentialAction\":[{\"@type\":\"SearchAction\",\"target\":{\"@type\":\"EntryPoint\",\"urlTemplate\":\"https:\/\/blogg.svenskakyrkan.se\/vandravagen\/?s={search_term_string}\"},\"query-input\":{\"@type\":\"PropertyValueSpecification\",\"valueRequired\":true,\"valueName\":\"search_term_string\"}}],\"inLanguage\":\"sv-SE\"},{\"@type\":\"Organization\",\"@id\":\"https:\/\/blogg.svenskakyrkan.se\/vandravagen\/#organization\",\"name\":\"ulricehamns pastorat\",\"alternateName\":\"ulricehamns pastorat\",\"url\":\"https:\/\/blogg.svenskakyrkan.se\/vandravagen\/\",\"logo\":{\"@type\":\"ImageObject\",\"inLanguage\":\"sv-SE\",\"@id\":\"https:\/\/blogg.svenskakyrkan.se\/vandravagen\/#\/schema\/logo\/image\/\",\"url\":\"https:\/\/blogg.svenskakyrkan.se\/vandravagen\/files\/2023\/05\/Ulr_logo_RGB.png\",\"contentUrl\":\"https:\/\/blogg.svenskakyrkan.se\/vandravagen\/files\/2023\/05\/Ulr_logo_RGB.png\",\"width\":205,\"height\":77,\"caption\":\"ulricehamns pastorat\"},\"image\":{\"@id\":\"https:\/\/blogg.svenskakyrkan.se\/vandravagen\/#\/schema\/logo\/image\/\"},\"sameAs\":[\"http:\/\/facebook.com\/vandravagen\",\"https:\/\/x.com\/fadertomas\",\"http:\/\/www.facebook.com\/svenskakyrkaniulricehamn\"]},{\"@type\":\"Person\",\"@id\":\"https:\/\/blogg.svenskakyrkan.se\/vandravagen\/#\/schema\/person\/25da02d4f76b137d04291711e2c9fc16\",\"name\":\"Tomas Jarvid\",\"image\":{\"@type\":\"ImageObject\",\"inLanguage\":\"sv-SE\",\"@id\":\"https:\/\/blogg.svenskakyrkan.se\/vandravagen\/#\/schema\/person\/image\/\",\"url\":\"https:\/\/secure.gravatar.com\/avatar\/7fa71899795e8f540f615a1f5ab25255dc27aa40f05ee7ddd21aac521e01bf50?s=96&d=identicon&r=g\",\"contentUrl\":\"https:\/\/secure.gravatar.com\/avatar\/7fa71899795e8f540f615a1f5ab25255dc27aa40f05ee7ddd21aac521e01bf50?s=96&d=identicon&r=g\",\"caption\":\"Tomas Jarvid\"},\"description\":\"Jag bor i Ulricehamn i V\u00e4sterg\u00f6tland och \u00e4r f\u00f6rsamlingspr\u00e4st i Svenska Kyrkan f\u00f6r Dalstorps f\u00f6rsamling i Kinds pastorat. P\u00e5 den h\u00e4r bloggen skriver jag ner tankar om vandringen som kristen.\",\"sameAs\":[\"http:\/\/www.vandravagen.se\"],\"url\":\"https:\/\/blogg.svenskakyrkan.se\/vandravagen\/author\/vandravagen\/\"}]}<\/script>\n<!-- \/ Yoast SEO plugin. -->","yoast_head_json":{"title":"Urban g\u00e4stbloggar om \"96 lampor\" - Vandra V\u00e4gen","robots":{"index":"index","follow":"follow","max-snippet":"max-snippet:-1","max-image-preview":"max-image-preview:large","max-video-preview":"max-video-preview:-1"},"canonical":"https:\/\/blogg.svenskakyrkan.se\/vandravagen\/2016\/05\/03\/urban-gastbloggar-om-96-lampor\/","og_locale":"sv_SE","og_type":"article","og_title":"Urban g\u00e4stbloggar om \"96 lampor\" - Vandra V\u00e4gen","og_description":"Idag har jag en g\u00e4stbloggare p\u00e5 Vandra V\u00e4gen. Ingen mindre \u00e4n min egen storebror Urban som h\u00e4r skriver om boken &#8221;96 lampor&#8221; som v\u00e4ckt en del uppm\u00e4rksamhet i kyrkliga kretsar p\u00e5 sista tiden. Ordet \u00f6ver till Urban. Om tro som tonas ned och sl\u00e4cks Jacob Langvik har skrivit 96 lampor \u2013 om oss som brann [&hellip;]","og_url":"https:\/\/blogg.svenskakyrkan.se\/vandravagen\/2016\/05\/03\/urban-gastbloggar-om-96-lampor\/","og_site_name":"Vandra V\u00e4gen","article_publisher":"http:\/\/facebook.com\/vandravagen","article_published_time":"2016-05-03T05:00:56+00:00","og_image":[{"url":"http:\/\/blogg.svenskakyrkan.se\/vandravagen\/files\/2016\/05\/IMG_7722.jpg","type":"","width":"","height":""}],"author":"Tomas Jarvid","twitter_card":"summary_large_image","twitter_creator":"@fadertomas","twitter_site":"@fadertomas","twitter_misc":{"Skriven av":"Tomas Jarvid","Ber\u00e4knad l\u00e4stid":"4 minuter"},"schema":{"@context":"https:\/\/schema.org","@graph":[{"@type":"Article","@id":"https:\/\/blogg.svenskakyrkan.se\/vandravagen\/2016\/05\/03\/urban-gastbloggar-om-96-lampor\/#article","isPartOf":{"@id":"https:\/\/blogg.svenskakyrkan.se\/vandravagen\/2016\/05\/03\/urban-gastbloggar-om-96-lampor\/"},"author":{"name":"Tomas Jarvid","@id":"https:\/\/blogg.svenskakyrkan.se\/vandravagen\/#\/schema\/person\/25da02d4f76b137d04291711e2c9fc16"},"headline":"Urban g\u00e4stbloggar om &#8221;96 lampor&#8221;","datePublished":"2016-05-03T05:00:56+00:00","mainEntityOfPage":{"@id":"https:\/\/blogg.svenskakyrkan.se\/vandravagen\/2016\/05\/03\/urban-gastbloggar-om-96-lampor\/"},"wordCount":751,"commentCount":7,"publisher":{"@id":"https:\/\/blogg.svenskakyrkan.se\/vandravagen\/#organization"},"image":{"@id":"https:\/\/blogg.svenskakyrkan.se\/vandravagen\/2016\/05\/03\/urban-gastbloggar-om-96-lampor\/#primaryimage"},"thumbnailUrl":"http:\/\/blogg.svenskakyrkan.se\/vandravagen\/files\/2016\/05\/IMG_7722.jpg","articleSection":["b\u00f6cker","boktips","Dagens Kyrka","g\u00e4stbloggare"],"inLanguage":"sv-SE","potentialAction":[{"@type":"CommentAction","name":"Comment","target":["https:\/\/blogg.svenskakyrkan.se\/vandravagen\/2016\/05\/03\/urban-gastbloggar-om-96-lampor\/#respond"]}]},{"@type":"WebPage","@id":"https:\/\/blogg.svenskakyrkan.se\/vandravagen\/2016\/05\/03\/urban-gastbloggar-om-96-lampor\/","url":"https:\/\/blogg.svenskakyrkan.se\/vandravagen\/2016\/05\/03\/urban-gastbloggar-om-96-lampor\/","name":"Urban g\u00e4stbloggar om \"96 lampor\" - Vandra V\u00e4gen","isPartOf":{"@id":"https:\/\/blogg.svenskakyrkan.se\/vandravagen\/#website"},"primaryImageOfPage":{"@id":"https:\/\/blogg.svenskakyrkan.se\/vandravagen\/2016\/05\/03\/urban-gastbloggar-om-96-lampor\/#primaryimage"},"image":{"@id":"https:\/\/blogg.svenskakyrkan.se\/vandravagen\/2016\/05\/03\/urban-gastbloggar-om-96-lampor\/#primaryimage"},"thumbnailUrl":"http:\/\/blogg.svenskakyrkan.se\/vandravagen\/files\/2016\/05\/IMG_7722.jpg","datePublished":"2016-05-03T05:00:56+00:00","breadcrumb":{"@id":"https:\/\/blogg.svenskakyrkan.se\/vandravagen\/2016\/05\/03\/urban-gastbloggar-om-96-lampor\/#breadcrumb"},"inLanguage":"sv-SE","potentialAction":[{"@type":"ReadAction","target":["https:\/\/blogg.svenskakyrkan.se\/vandravagen\/2016\/05\/03\/urban-gastbloggar-om-96-lampor\/"]}]},{"@type":"ImageObject","inLanguage":"sv-SE","@id":"https:\/\/blogg.svenskakyrkan.se\/vandravagen\/2016\/05\/03\/urban-gastbloggar-om-96-lampor\/#primaryimage","url":"http:\/\/blogg.svenskakyrkan.se\/vandravagen\/files\/2016\/05\/IMG_7722.jpg","contentUrl":"http:\/\/blogg.svenskakyrkan.se\/vandravagen\/files\/2016\/05\/IMG_7722.jpg"},{"@type":"BreadcrumbList","@id":"https:\/\/blogg.svenskakyrkan.se\/vandravagen\/2016\/05\/03\/urban-gastbloggar-om-96-lampor\/#breadcrumb","itemListElement":[{"@type":"ListItem","position":1,"name":"Hem","item":"https:\/\/blogg.svenskakyrkan.se\/vandravagen\/"},{"@type":"ListItem","position":2,"name":"Urban g\u00e4stbloggar om &#8221;96 lampor&#8221;"}]},{"@type":"WebSite","@id":"https:\/\/blogg.svenskakyrkan.se\/vandravagen\/#website","url":"https:\/\/blogg.svenskakyrkan.se\/vandravagen\/","name":"Vandra V\u00e4gen","description":"-Mot en tro f\u00f6r hela livet","publisher":{"@id":"https:\/\/blogg.svenskakyrkan.se\/vandravagen\/#organization"},"potentialAction":[{"@type":"SearchAction","target":{"@type":"EntryPoint","urlTemplate":"https:\/\/blogg.svenskakyrkan.se\/vandravagen\/?s={search_term_string}"},"query-input":{"@type":"PropertyValueSpecification","valueRequired":true,"valueName":"search_term_string"}}],"inLanguage":"sv-SE"},{"@type":"Organization","@id":"https:\/\/blogg.svenskakyrkan.se\/vandravagen\/#organization","name":"ulricehamns pastorat","alternateName":"ulricehamns pastorat","url":"https:\/\/blogg.svenskakyrkan.se\/vandravagen\/","logo":{"@type":"ImageObject","inLanguage":"sv-SE","@id":"https:\/\/blogg.svenskakyrkan.se\/vandravagen\/#\/schema\/logo\/image\/","url":"https:\/\/blogg.svenskakyrkan.se\/vandravagen\/files\/2023\/05\/Ulr_logo_RGB.png","contentUrl":"https:\/\/blogg.svenskakyrkan.se\/vandravagen\/files\/2023\/05\/Ulr_logo_RGB.png","width":205,"height":77,"caption":"ulricehamns pastorat"},"image":{"@id":"https:\/\/blogg.svenskakyrkan.se\/vandravagen\/#\/schema\/logo\/image\/"},"sameAs":["http:\/\/facebook.com\/vandravagen","https:\/\/x.com\/fadertomas","http:\/\/www.facebook.com\/svenskakyrkaniulricehamn"]},{"@type":"Person","@id":"https:\/\/blogg.svenskakyrkan.se\/vandravagen\/#\/schema\/person\/25da02d4f76b137d04291711e2c9fc16","name":"Tomas Jarvid","image":{"@type":"ImageObject","inLanguage":"sv-SE","@id":"https:\/\/blogg.svenskakyrkan.se\/vandravagen\/#\/schema\/person\/image\/","url":"https:\/\/secure.gravatar.com\/avatar\/7fa71899795e8f540f615a1f5ab25255dc27aa40f05ee7ddd21aac521e01bf50?s=96&d=identicon&r=g","contentUrl":"https:\/\/secure.gravatar.com\/avatar\/7fa71899795e8f540f615a1f5ab25255dc27aa40f05ee7ddd21aac521e01bf50?s=96&d=identicon&r=g","caption":"Tomas Jarvid"},"description":"Jag bor i Ulricehamn i V\u00e4sterg\u00f6tland och \u00e4r f\u00f6rsamlingspr\u00e4st i Svenska Kyrkan f\u00f6r Dalstorps f\u00f6rsamling i Kinds pastorat. P\u00e5 den h\u00e4r bloggen skriver jag ner tankar om vandringen som kristen.","sameAs":["http:\/\/www.vandravagen.se"],"url":"https:\/\/blogg.svenskakyrkan.se\/vandravagen\/author\/vandravagen\/"}]}},"author_meta":{"ID":"392","user_nicename":"vandravagen","user_url":"http:\/\/www.vandravagen.se","user_registered":"2014-05-19 05:44:52","display_name":"Tomas Jarvid","first_name":"Tomas","last_name":"Jarvid","avatar":"https:\/\/secure.gravatar.com\/avatar\/7fa71899795e8f540f615a1f5ab25255dc27aa40f05ee7ddd21aac521e01bf50?s=96&d=identicon&r=g"},"featured_image":false,"bloginfo":{"name":"Vandra V\u00e4gen","url":"https:\/\/blogg.svenskakyrkan.se\/vandravagen"},"_links":{"self":[{"href":"https:\/\/blogg.svenskakyrkan.se\/vandravagen\/wp-json\/wp\/v2\/posts\/4633","targetHints":{"allow":["GET"]}}],"collection":[{"href":"https:\/\/blogg.svenskakyrkan.se\/vandravagen\/wp-json\/wp\/v2\/posts"}],"about":[{"href":"https:\/\/blogg.svenskakyrkan.se\/vandravagen\/wp-json\/wp\/v2\/types\/post"}],"author":[{"embeddable":true,"href":"https:\/\/blogg.svenskakyrkan.se\/vandravagen\/wp-json\/wp\/v2\/users\/392"}],"replies":[{"embeddable":true,"href":"https:\/\/blogg.svenskakyrkan.se\/vandravagen\/wp-json\/wp\/v2\/comments?post=4633"}],"version-history":[{"count":1,"href":"https:\/\/blogg.svenskakyrkan.se\/vandravagen\/wp-json\/wp\/v2\/posts\/4633\/revisions"}],"predecessor-version":[{"id":4635,"href":"https:\/\/blogg.svenskakyrkan.se\/vandravagen\/wp-json\/wp\/v2\/posts\/4633\/revisions\/4635"}],"wp:attachment":[{"href":"https:\/\/blogg.svenskakyrkan.se\/vandravagen\/wp-json\/wp\/v2\/media?parent=4633"}],"wp:term":[{"taxonomy":"category","embeddable":true,"href":"https:\/\/blogg.svenskakyrkan.se\/vandravagen\/wp-json\/wp\/v2\/categories?post=4633"},{"taxonomy":"post_tag","embeddable":true,"href":"https:\/\/blogg.svenskakyrkan.se\/vandravagen\/wp-json\/wp\/v2\/tags?post=4633"}],"curies":[{"name":"wp","href":"https:\/\/api.w.org\/{rel}","templated":true}]}}