{"id":468,"date":"2013-07-09T14:20:00","date_gmt":"2013-07-09T12:20:00","guid":{"rendered":"http:\/\/blogg.svenskakyrkan.se\/vandravagen\/2013\/07\/09\/veckans-samlade-favorittweets-7\/"},"modified":"2013-07-09T14:20:00","modified_gmt":"2013-07-09T12:20:00","slug":"veckans-samlade-favorittweets-7","status":"publish","type":"post","link":"https:\/\/blogg.svenskakyrkan.se\/vandravagen\/2013\/07\/09\/veckans-samlade-favorittweets-7\/","title":{"rendered":"Veckans samlade favorittweets"},"content":{"rendered":"<div>\u00c4nnu en vecka har b\u00f6rjat, \u00e4nnu en vecka tagit slut. H\u00e4r \u00e4r det b\u00e4sta av det som varit. Twitter \u00e4r ju genren med den korta livsl\u00e4ngden. Jag f\u00f6rs\u00f6ker h\u00e4r h\u00e5lla liv lite till i n\u00e5gra minnesv\u00e4rda tweets!<\/div>\n<div><\/div>\n<div><\/div>\n<div><\/div>\n<div><b>&#8221;Kristna&#8221; tweets<\/b><\/div>\n<div><\/div>\n<div><a href=\"http:\/\/4.bp.blogspot.com\/-qL-1ZghMHeo\/Uduu4XkSfpI\/AAAAAAAAEQg\/eesimm7G4PA\/s1600\/Ska%CC%88rmavbild+2013-07-09+kl.+07.51.52.png\"><img loading=\"lazy\" decoding=\"async\" border=\"0\" height=\"60\" src=\"http:\/\/4.bp.blogspot.com\/-qL-1ZghMHeo\/Uduu4XkSfpI\/AAAAAAAAEQg\/eesimm7G4PA\/s400\/Ska%CC%88rmavbild+2013-07-09+kl.+07.51.52.png\" width=\"400\"><\/a><\/div>\n<div><\/div>\n<div><\/div>\n<div><\/div>\n<div><a href=\"http:\/\/1.bp.blogspot.com\/-N0_9ThLWl4w\/Uduu__pRUjI\/AAAAAAAAESg\/2rhO0qJuYyg\/s1600\/Ska%CC%88rmavbild+2013-07-09+kl.+08.13.36.png\"><img loading=\"lazy\" decoding=\"async\" border=\"0\" height=\"70\" src=\"http:\/\/1.bp.blogspot.com\/-N0_9ThLWl4w\/Uduu__pRUjI\/AAAAAAAAESg\/2rhO0qJuYyg\/s400\/Ska%CC%88rmavbild+2013-07-09+kl.+08.13.36.png\" width=\"400\"><\/a><\/div>\n<div><\/div>\n<div><\/div>\n<div><a href=\"http:\/\/3.bp.blogspot.com\/-uQ6KKmz3b3E\/UduvFnLbZAI\/AAAAAAAAEUU\/yR4V_0DjOFs\/s1600\/Ska%CC%88rmavbild+2013-07-09+kl.+08.28.32.png\"><img loading=\"lazy\" decoding=\"async\" border=\"0\" height=\"68\" src=\"http:\/\/3.bp.blogspot.com\/-uQ6KKmz3b3E\/UduvFnLbZAI\/AAAAAAAAEUU\/yR4V_0DjOFs\/s400\/Ska%CC%88rmavbild+2013-07-09+kl.+08.28.32.png\" width=\"400\"><\/a><\/div>\n<div><\/div>\n<\/p>\n<div><a href=\"http:\/\/1.bp.blogspot.com\/-YtlK83l_VDw\/Uduu4Q7xhiI\/AAAAAAAAEQk\/Lyt8uxZXza8\/s1600\/Ska%CC%88rmavbild+2013-07-09+kl.+07.53.40.png\"><img loading=\"lazy\" decoding=\"async\" border=\"0\" height=\"75\" src=\"http:\/\/1.bp.blogspot.com\/-YtlK83l_VDw\/Uduu4Q7xhiI\/AAAAAAAAEQk\/Lyt8uxZXza8\/s400\/Ska%CC%88rmavbild+2013-07-09+kl.+07.53.40.png\" width=\"400\"><\/a><\/div>\n<div><\/div>\n<div><\/div>\n<div><\/div>\n<div>P\u00e5minner lite om det jag skrev f\u00f6r l\u00e4\u00e4nge sedan om <a href=\"http:\/\/www.vandravagen.se\/2012\/02\/en-karlekslos-gud.html\">en k\u00e4rleksl\u00f6s Gud&#8230;<\/a><\/div>\n<div><a href=\"http:\/\/2.bp.blogspot.com\/-rKBLQY7TmUg\/Uduu9ujLVbI\/AAAAAAAAESA\/fQNv7nD-Rbg\/s1600\/Ska%CC%88rmavbild+2013-07-09+kl.+08.11.52.png\"><img loading=\"lazy\" decoding=\"async\" border=\"0\" height=\"68\" src=\"http:\/\/2.bp.blogspot.com\/-rKBLQY7TmUg\/Uduu9ujLVbI\/AAAAAAAAESA\/fQNv7nD-Rbg\/s400\/Ska%CC%88rmavbild+2013-07-09+kl.+08.11.52.png\" width=\"400\"><\/a><\/div>\n<div><\/div>\n<div><\/div>\n<div><a href=\"http:\/\/2.bp.blogspot.com\/-ckxgrweMTwQ\/Uduu9MRpFdI\/AAAAAAAAESE\/rQ59fRyXGxc\/s1600\/Ska%CC%88rmavbild+2013-07-09+kl.+08.11.40.png\"><img loading=\"lazy\" decoding=\"async\" border=\"0\" height=\"71\" src=\"http:\/\/2.bp.blogspot.com\/-ckxgrweMTwQ\/Uduu9MRpFdI\/AAAAAAAAESE\/rQ59fRyXGxc\/s400\/Ska%CC%88rmavbild+2013-07-09+kl.+08.11.40.png\" width=\"400\"><\/a><\/div>\n<div><\/div>\n<div><\/div>\n<div>Det h\u00e4r har jag ju skrivit om! <a href=\"http:\/\/www.vandravagen.se\/2012\/11\/ord-att-anvanda-gudsfruktan.html\">Gudsfruktan del I<\/a> och <a href=\"http:\/\/www.vandravagen.se\/2013\/07\/ordet-gudsfruktan-del-ii-gud-ar-ingen.html\">del II<\/a>.<\/div>\n<div><a href=\"http:\/\/4.bp.blogspot.com\/-6-RpoIp8eXE\/Uduu6gtljKI\/AAAAAAAAERQ\/vJ-f9a8mEbs\/s1600\/Ska%CC%88rmavbild+2013-07-09+kl.+07.55.52.png\"><img loading=\"lazy\" decoding=\"async\" border=\"0\" height=\"52\" src=\"http:\/\/4.bp.blogspot.com\/-6-RpoIp8eXE\/Uduu6gtljKI\/AAAAAAAAERQ\/vJ-f9a8mEbs\/s400\/Ska%CC%88rmavbild+2013-07-09+kl.+07.55.52.png\" width=\"400\"><\/a><\/div>\n<div><\/div>\n<div><\/div>\n<div><\/div>\n<div><a href=\"http:\/\/2.bp.blogspot.com\/-FTpx_ZFl68Y\/Uduu5CU2rHI\/AAAAAAAAEQw\/kzilN1cqMOY\/s1600\/Ska%CC%88rmavbild+2013-07-09+kl.+07.54.44.png\"><img loading=\"lazy\" decoding=\"async\" border=\"0\" height=\"72\" src=\"http:\/\/2.bp.blogspot.com\/-FTpx_ZFl68Y\/Uduu5CU2rHI\/AAAAAAAAEQw\/kzilN1cqMOY\/s400\/Ska%CC%88rmavbild+2013-07-09+kl.+07.54.44.png\" width=\"400\"><\/a><\/div>\n<div><\/div>\n<div><\/div>\n<div><a href=\"http:\/\/1.bp.blogspot.com\/-4Y6yVY0LvGE\/UduvErbzskI\/AAAAAAAAEUc\/R70o2z5hi8I\/s1600\/Ska%CC%88rmavbild+2013-07-09+kl.+08.27.08.png\"><img loading=\"lazy\" decoding=\"async\" border=\"0\" height=\"82\" src=\"http:\/\/1.bp.blogspot.com\/-4Y6yVY0LvGE\/UduvErbzskI\/AAAAAAAAEUc\/R70o2z5hi8I\/s400\/Ska%CC%88rmavbild+2013-07-09+kl.+08.27.08.png\" width=\"400\"><\/a><\/div>\n<div><\/div>\n<div><\/div>\n<div><a href=\"http:\/\/3.bp.blogspot.com\/-VNKwz8fOvYA\/UduvE5Ap-yI\/AAAAAAAAEUM\/Hy5aF9LqvR0\/s1600\/Ska%CC%88rmavbild+2013-07-09+kl.+08.27.36.png\"><img loading=\"lazy\" decoding=\"async\" border=\"0\" height=\"72\" src=\"http:\/\/3.bp.blogspot.com\/-VNKwz8fOvYA\/UduvE5Ap-yI\/AAAAAAAAEUM\/Hy5aF9LqvR0\/s400\/Ska%CC%88rmavbild+2013-07-09+kl.+08.27.36.png\" width=\"400\"><\/a><\/div>\n<div><\/div>\n<div><\/div>\n<div><a href=\"http:\/\/3.bp.blogspot.com\/-NlY9o_ckLwg\/UduvC9P6q2I\/AAAAAAAAETg\/oNq55Bh5ZwQ\/s1600\/Ska%CC%88rmavbild+2013-07-09+kl.+08.17.05.png\"><img loading=\"lazy\" decoding=\"async\" border=\"0\" height=\"83\" src=\"http:\/\/3.bp.blogspot.com\/-NlY9o_ckLwg\/UduvC9P6q2I\/AAAAAAAAETg\/oNq55Bh5ZwQ\/s400\/Ska%CC%88rmavbild+2013-07-09+kl.+08.17.05.png\" width=\"400\"><\/a><\/div>\n<div><\/div>\n<div><\/div>\n<div><a href=\"http:\/\/4.bp.blogspot.com\/-yURcSwMblKI\/Uduu6kAXtbI\/AAAAAAAAERU\/AmT0fNPXZ9E\/s1600\/Ska%CC%88rmavbild+2013-07-09+kl.+07.55.44.png\"><img loading=\"lazy\" decoding=\"async\" border=\"0\" height=\"70\" src=\"http:\/\/4.bp.blogspot.com\/-yURcSwMblKI\/Uduu6kAXtbI\/AAAAAAAAERU\/AmT0fNPXZ9E\/s400\/Ska%CC%88rmavbild+2013-07-09+kl.+07.55.44.png\" width=\"400\"><\/a><\/div>\n<div><\/div>\n<div><\/div>\n<div><\/div>\n<div><b>Kloka tweets<\/b><\/div>\n<div><b><br \/><\/b><\/div>\n<div>\u00a0<a href=\"http:\/\/4.bp.blogspot.com\/-NK1mdaFnI_Y\/Uduu5qLdqwI\/AAAAAAAAERE\/e-TUh-SbBb8\/s1600\/Ska%CC%88rmavbild+2013-07-09+kl.+07.55.08.png\"><img loading=\"lazy\" decoding=\"async\" border=\"0\" height=\"76\" src=\"http:\/\/4.bp.blogspot.com\/-NK1mdaFnI_Y\/Uduu5qLdqwI\/AAAAAAAAERE\/e-TUh-SbBb8\/s400\/Ska%CC%88rmavbild+2013-07-09+kl.+07.55.08.png\" width=\"400\"><\/a><\/div>\n<div><\/div>\n<div><\/div>\n<div><a href=\"http:\/\/3.bp.blogspot.com\/-NYZf8SabQGk\/UduvA6PPE9I\/AAAAAAAAESw\/ICOWctNdsOo\/s1600\/Ska%CC%88rmavbild+2013-07-09+kl.+08.14.03.png\"><img loading=\"lazy\" decoding=\"async\" border=\"0\" height=\"72\" src=\"http:\/\/3.bp.blogspot.com\/-NYZf8SabQGk\/UduvA6PPE9I\/AAAAAAAAESw\/ICOWctNdsOo\/s400\/Ska%CC%88rmavbild+2013-07-09+kl.+08.14.03.png\" width=\"400\"><\/a><\/div>\n<div><\/div>\n<div><\/div>\n<div>Lite som att <a href=\"http:\/\/www.vandravagen.se\/2013\/01\/barn-ar-inga-gnostiker.html\">bli som ett barn<\/a>?<\/div>\n<div><a href=\"http:\/\/3.bp.blogspot.com\/-F9cl0skRrRA\/Uduu7kLKosI\/AAAAAAAAERg\/GXVXiT27zgY\/s1600\/Ska%CC%88rmavbild+2013-07-09+kl.+08.10.30.png\"><img loading=\"lazy\" decoding=\"async\" border=\"0\" height=\"58\" src=\"http:\/\/3.bp.blogspot.com\/-F9cl0skRrRA\/Uduu7kLKosI\/AAAAAAAAERg\/GXVXiT27zgY\/s400\/Ska%CC%88rmavbild+2013-07-09+kl.+08.10.30.png\" width=\"400\"><\/a><\/div>\n<div><\/div>\n<div><\/div>\n<div><\/div>\n<div><a href=\"http:\/\/4.bp.blogspot.com\/-Wy6YOTTrHM8\/Uduu8URxFBI\/AAAAAAAAERw\/EfsFzkbbOIU\/s1600\/Ska%CC%88rmavbild+2013-07-09+kl.+08.11.22.png\"><img loading=\"lazy\" decoding=\"async\" border=\"0\" height=\"70\" src=\"http:\/\/4.bp.blogspot.com\/-Wy6YOTTrHM8\/Uduu8URxFBI\/AAAAAAAAERw\/EfsFzkbbOIU\/s400\/Ska%CC%88rmavbild+2013-07-09+kl.+08.11.22.png\" width=\"400\"><\/a><\/div>\n<div><\/div>\n<div><\/div>\n<div><a href=\"http:\/\/1.bp.blogspot.com\/-s8tDbQHvKng\/Uduu7cPdD4I\/AAAAAAAAERk\/bEXSuCyMdp4\/s1600\/Ska%CC%88rmavbild+2013-07-09+kl.+07.57.00.png\"><img loading=\"lazy\" decoding=\"async\" border=\"0\" height=\"75\" src=\"http:\/\/1.bp.blogspot.com\/-s8tDbQHvKng\/Uduu7cPdD4I\/AAAAAAAAERk\/bEXSuCyMdp4\/s400\/Ska%CC%88rmavbild+2013-07-09+kl.+07.57.00.png\" width=\"400\"><\/a><\/div>\n<div><\/div>\n<div><\/div>\n<div><a href=\"http:\/\/1.bp.blogspot.com\/-3v3zjPWwUtw\/UduvDfllyjI\/AAAAAAAAETk\/GZvJ4Z2LfFo\/s1600\/Ska%CC%88rmavbild+2013-07-09+kl.+08.17.43.png\"><img loading=\"lazy\" decoding=\"async\" border=\"0\" height=\"85\" src=\"http:\/\/1.bp.blogspot.com\/-3v3zjPWwUtw\/UduvDfllyjI\/AAAAAAAAETk\/GZvJ4Z2LfFo\/s400\/Ska%CC%88rmavbild+2013-07-09+kl.+08.17.43.png\" width=\"400\"><\/a><\/div>\n<div><\/div>\n<div><\/div>\n<div><\/div>\n<div><b>Roliga (?) tweets<\/b><\/div>\n<div><b><br \/><\/b><\/div>\n<div><a href=\"http:\/\/4.bp.blogspot.com\/-MeaYTc3vSw4\/Uduu4Z7VwYI\/AAAAAAAAER0\/uhF61xACFHY\/s1600\/Ska%CC%88rmavbild+2013-07-09+kl.+07.54.10.png\"><img loading=\"lazy\" decoding=\"async\" border=\"0\" height=\"83\" src=\"http:\/\/4.bp.blogspot.com\/-MeaYTc3vSw4\/Uduu4Z7VwYI\/AAAAAAAAER0\/uhF61xACFHY\/s400\/Ska%CC%88rmavbild+2013-07-09+kl.+07.54.10.png\" width=\"400\"><\/a><\/div>\n<div><\/div>\n<\/p>\n<div><a href=\"http:\/\/2.bp.blogspot.com\/-oc2MuHbe00A\/Uduu5EJ3OYI\/AAAAAAAAEQ0\/tG5IlzJRIZU\/s1600\/Ska%CC%88rmavbild+2013-07-09+kl.+07.54.21.png\"><img loading=\"lazy\" decoding=\"async\" border=\"0\" height=\"91\" src=\"http:\/\/2.bp.blogspot.com\/-oc2MuHbe00A\/Uduu5EJ3OYI\/AAAAAAAAEQ0\/tG5IlzJRIZU\/s400\/Ska%CC%88rmavbild+2013-07-09+kl.+07.54.21.png\" width=\"400\"><\/a><\/div>\n<div><a href=\"http:\/\/4.bp.blogspot.com\/-mlHUpAqYWmI\/Uduu5-FLy6I\/AAAAAAAAERA\/_2NIhMNr65A\/s1600\/Ska%CC%88rmavbild+2013-07-09+kl.+07.55.29.png\"><img loading=\"lazy\" decoding=\"async\" border=\"0\" height=\"72\" src=\"http:\/\/4.bp.blogspot.com\/-mlHUpAqYWmI\/Uduu5-FLy6I\/AAAAAAAAERA\/_2NIhMNr65A\/s400\/Ska%CC%88rmavbild+2013-07-09+kl.+07.55.29.png\" width=\"400\"><\/a><\/div>\n<div><\/div>\n<\/p>\n<div><\/div>\n<div>Det h\u00e4r tycker jag var j\u00e4ttekul. Sv\u00e5rt sk\u00e4mt att dra i en predikan dock?<\/div>\n<div><a href=\"http:\/\/3.bp.blogspot.com\/-UKS66J0Knog\/Uduu8PKWUPI\/AAAAAAAAESU\/-OlnmZFvZRo\/s1600\/Ska%CC%88rmavbild+2013-07-09+kl.+08.11.14.png\"><img loading=\"lazy\" decoding=\"async\" border=\"0\" height=\"57\" src=\"http:\/\/3.bp.blogspot.com\/-UKS66J0Knog\/Uduu8PKWUPI\/AAAAAAAAESU\/-OlnmZFvZRo\/s400\/Ska%CC%88rmavbild+2013-07-09+kl.+08.11.14.png\" width=\"400\"><\/a><\/div>\n<\/p>\n<div><\/div>\n<\/p>\n<div><a href=\"http:\/\/3.bp.blogspot.com\/-rzRPRmKzRfc\/Uduu-uYQYsI\/AAAAAAAAESQ\/jO-0rThSKak\/s1600\/Ska%CC%88rmavbild+2013-07-09+kl.+08.12.22.png\"><img loading=\"lazy\" decoding=\"async\" border=\"0\" height=\"70\" src=\"http:\/\/3.bp.blogspot.com\/-rzRPRmKzRfc\/Uduu-uYQYsI\/AAAAAAAAESQ\/jO-0rThSKak\/s400\/Ska%CC%88rmavbild+2013-07-09+kl.+08.12.22.png\" width=\"400\"><\/a><\/div>\n<div><\/div>\n<\/p>\n<div><a href=\"http:\/\/2.bp.blogspot.com\/-yeES0wA6qEk\/Uduu-7oFRGI\/AAAAAAAAETM\/LDhd3DMuQsw\/s1600\/Ska%CC%88rmavbild+2013-07-09+kl.+08.12.33.png\"><img loading=\"lazy\" decoding=\"async\" border=\"0\" height=\"60\" src=\"http:\/\/2.bp.blogspot.com\/-yeES0wA6qEk\/Uduu-7oFRGI\/AAAAAAAAETM\/LDhd3DMuQsw\/s400\/Ska%CC%88rmavbild+2013-07-09+kl.+08.12.33.png\" width=\"400\"><\/a><\/div>\n<div><\/div>\n<div><\/div>\n<\/p>\n<div><a href=\"http:\/\/2.bp.blogspot.com\/-ztXhj3JXY6s\/Uduu_hlExHI\/AAAAAAAAESk\/4B1ma3jk3CU\/s1600\/Ska%CC%88rmavbild+2013-07-09+kl.+08.12.54.png\"><img loading=\"lazy\" decoding=\"async\" border=\"0\" height=\"138\" src=\"http:\/\/2.bp.blogspot.com\/-ztXhj3JXY6s\/Uduu_hlExHI\/AAAAAAAAESk\/4B1ma3jk3CU\/s400\/Ska%CC%88rmavbild+2013-07-09+kl.+08.12.54.png\" width=\"400\"><\/a><\/div>\n<\/p>\n<div><\/div>\n<\/p>\n<div><a href=\"http:\/\/2.bp.blogspot.com\/--c_uZucwv-o\/UduvAuZRzII\/AAAAAAAAES0\/gJ8xZJB3Mpg\/s1600\/Ska%CC%88rmavbild+2013-07-09+kl.+08.13.46.png\"><img loading=\"lazy\" decoding=\"async\" border=\"0\" height=\"56\" src=\"http:\/\/2.bp.blogspot.com\/--c_uZucwv-o\/UduvAuZRzII\/AAAAAAAAES0\/gJ8xZJB3Mpg\/s400\/Ska%CC%88rmavbild+2013-07-09+kl.+08.13.46.png\" width=\"400\"><\/a><\/div>\n<div><\/div>\n<\/p>\n<div><\/div>\n<\/p>\n<div><a href=\"http:\/\/4.bp.blogspot.com\/-kr6uokxqgBQ\/UduvBeIWz7I\/AAAAAAAAES8\/4C26rzkd80A\/s1600\/Ska%CC%88rmavbild+2013-07-09+kl.+08.14.23.png\"><img loading=\"lazy\" decoding=\"async\" border=\"0\" height=\"68\" src=\"http:\/\/4.bp.blogspot.com\/-kr6uokxqgBQ\/UduvBeIWz7I\/AAAAAAAAES8\/4C26rzkd80A\/s400\/Ska%CC%88rmavbild+2013-07-09+kl.+08.14.23.png\" width=\"400\"><\/a><\/div>\n<div><\/div>\n<div><\/div>\n<\/p>\n<div><a href=\"http:\/\/4.bp.blogspot.com\/-ERd7cdiCSrM\/UduvBnpBy1I\/AAAAAAAAET8\/TCQ6o4kCHUE\/s1600\/Ska%CC%88rmavbild+2013-07-09+kl.+08.14.40.png\"><img loading=\"lazy\" decoding=\"async\" border=\"0\" height=\"67\" src=\"http:\/\/4.bp.blogspot.com\/-ERd7cdiCSrM\/UduvBnpBy1I\/AAAAAAAAET8\/TCQ6o4kCHUE\/s400\/Ska%CC%88rmavbild+2013-07-09+kl.+08.14.40.png\" width=\"400\"><\/a><\/div>\n<div><\/div>\n<div><\/div>\n<\/p>\n<div><a href=\"http:\/\/3.bp.blogspot.com\/-0QRJKZS5yKA\/UduvB4KRQEI\/AAAAAAAAETI\/YbxcA8iZjRg\/s1600\/Ska%CC%88rmavbild+2013-07-09+kl.+08.15.34.png\"><img loading=\"lazy\" decoding=\"async\" border=\"0\" height=\"72\" src=\"http:\/\/3.bp.blogspot.com\/-0QRJKZS5yKA\/UduvB4KRQEI\/AAAAAAAAETI\/YbxcA8iZjRg\/s400\/Ska%CC%88rmavbild+2013-07-09+kl.+08.15.34.png\" width=\"400\"><\/a><\/div>\n<div><\/div>\n<div><a href=\"http:\/\/4.bp.blogspot.com\/-eOw0H0gii3M\/UduvCrrSfeI\/AAAAAAAAETU\/pOCUST2t5sk\/s1600\/Ska%CC%88rmavbild+2013-07-09+kl.+08.16.35.png\"><img loading=\"lazy\" decoding=\"async\" border=\"0\" height=\"71\" src=\"http:\/\/4.bp.blogspot.com\/-eOw0H0gii3M\/UduvCrrSfeI\/AAAAAAAAETU\/pOCUST2t5sk\/s400\/Ska%CC%88rmavbild+2013-07-09+kl.+08.16.35.png\" width=\"400\"><\/a><\/div>\n<div><\/div>\n<div><a href=\"http:\/\/2.bp.blogspot.com\/-l3s_7NURQtQ\/UduvD9KSeeI\/AAAAAAAAETw\/NSzGO58E1nU\/s1600\/Ska%CC%88rmavbild+2013-07-09+kl.+08.19.27.png\"><img loading=\"lazy\" decoding=\"async\" border=\"0\" height=\"72\" src=\"http:\/\/2.bp.blogspot.com\/-l3s_7NURQtQ\/UduvD9KSeeI\/AAAAAAAAETw\/NSzGO58E1nU\/s400\/Ska%CC%88rmavbild+2013-07-09+kl.+08.19.27.png\" width=\"400\"><\/a><\/div>\n<div><\/div>\n<div><\/div>\n<\/p>\n<div><a href=\"http:\/\/1.bp.blogspot.com\/-_H0sFeCqYfs\/UduvFMICbwI\/AAAAAAAAEUI\/zJfnGR4_wqw\/s1600\/Ska%CC%88rmavbild+2013-07-09+kl.+08.27.55.png\"><img loading=\"lazy\" decoding=\"async\" border=\"0\" height=\"58\" src=\"http:\/\/1.bp.blogspot.com\/-_H0sFeCqYfs\/UduvFMICbwI\/AAAAAAAAEUI\/zJfnGR4_wqw\/s400\/Ska%CC%88rmavbild+2013-07-09+kl.+08.27.55.png\" width=\"400\"><\/a><\/div>\n<div><\/div>\n<div><\/div>\n<div><\/div>\n<div><b>\u00a0Veckans b\u00e4sta tweet<\/b><\/div>\n<div>Med h\u00f6g igenk\u00e4nningsfaktor kommer fr\u00e5n @EmelieHjerth. S\u00e5 h\u00e4r \u00e4r det, ocks\u00e5, med oss m\u00e4nniskor!<\/div>\n<div><\/div>\n<div><\/div>\n<div><a href=\"http:\/\/3.bp.blogspot.com\/-OqUPUjB1kkk\/UduvD-siHPI\/AAAAAAAAET0\/dkzjNvEAGC0\/s1600\/Ska%CC%88rmavbild+2013-07-09+kl.+08.20.15.png\"><img loading=\"lazy\" decoding=\"async\" border=\"0\" height=\"67\" src=\"http:\/\/3.bp.blogspot.com\/-OqUPUjB1kkk\/UduvD-siHPI\/AAAAAAAAET0\/dkzjNvEAGC0\/s400\/Ska%CC%88rmavbild+2013-07-09+kl.+08.20.15.png\" width=\"400\"><\/a><\/div>\n<div><\/div>\n<div><\/div>\n<div>Tack alla!<\/div>\n<div><\/div>\n<div><\/div>\n<div><\/div>\n","protected":false},"excerpt":{"rendered":"<p>\u00c4nnu en vecka har b\u00f6rjat, \u00e4nnu en vecka tagit slut. H\u00e4r \u00e4r det b\u00e4sta av det som varit. Twitter \u00e4r ju genren med den korta livsl\u00e4ngden. Jag f\u00f6rs\u00f6ker h\u00e4r h\u00e5lla liv lite till i n\u00e5gra minnesv\u00e4rda tweets! &#8221;Kristna&#8221; tweets P\u00e5minner lite om det jag skrev f\u00f6r l\u00e4\u00e4nge sedan om en k\u00e4rleksl\u00f6s Gud&#8230; Det h\u00e4r har [&hellip;]<\/p>\n","protected":false},"author":392,"featured_media":0,"comment_status":"open","ping_status":"open","sticky":false,"template":"","format":"standard","meta":{"_acf_changed":false,"footnotes":""},"categories":[78772],"tags":[],"class_list":["post-468","post","type-post","status-publish","format-standard","hentry","category-favorittweets"],"acf":[],"yoast_head":"<!-- This site is optimized with the Yoast SEO plugin v27.1.1 - https:\/\/yoast.com\/product\/yoast-seo-wordpress\/ -->\n<title>Veckans samlade favorittweets - Vandra V\u00e4gen<\/title>\n<meta name=\"robots\" content=\"index, follow, max-snippet:-1, max-image-preview:large, max-video-preview:-1\" \/>\n<link rel=\"canonical\" href=\"https:\/\/blogg.svenskakyrkan.se\/vandravagen\/2013\/07\/09\/veckans-samlade-favorittweets-7\/\" \/>\n<meta property=\"og:locale\" content=\"sv_SE\" \/>\n<meta property=\"og:type\" content=\"article\" \/>\n<meta property=\"og:title\" content=\"Veckans samlade favorittweets - Vandra V\u00e4gen\" \/>\n<meta property=\"og:description\" content=\"\u00c4nnu en vecka har b\u00f6rjat, \u00e4nnu en vecka tagit slut. H\u00e4r \u00e4r det b\u00e4sta av det som varit. Twitter \u00e4r ju genren med den korta livsl\u00e4ngden. Jag f\u00f6rs\u00f6ker h\u00e4r h\u00e5lla liv lite till i n\u00e5gra minnesv\u00e4rda tweets! &#8221;Kristna&#8221; tweets P\u00e5minner lite om det jag skrev f\u00f6r l\u00e4\u00e4nge sedan om en k\u00e4rleksl\u00f6s Gud&#8230; Det h\u00e4r har [&hellip;]\" \/>\n<meta property=\"og:url\" content=\"https:\/\/blogg.svenskakyrkan.se\/vandravagen\/2013\/07\/09\/veckans-samlade-favorittweets-7\/\" \/>\n<meta property=\"og:site_name\" content=\"Vandra V\u00e4gen\" \/>\n<meta property=\"article:publisher\" content=\"http:\/\/facebook.com\/vandravagen\" \/>\n<meta property=\"article:published_time\" content=\"2013-07-09T12:20:00+00:00\" \/>\n<meta property=\"og:image\" content=\"http:\/\/4.bp.blogspot.com\/-qL-1ZghMHeo\/Uduu4XkSfpI\/AAAAAAAAEQg\/eesimm7G4PA\/s400\/Ska%CC%88rmavbild+2013-07-09+kl.+07.51.52.png\" \/>\n<meta name=\"author\" content=\"Tomas Jarvid\" \/>\n<meta name=\"twitter:card\" content=\"summary_large_image\" \/>\n<meta name=\"twitter:creator\" content=\"@fadertomas\" \/>\n<meta name=\"twitter:site\" content=\"@fadertomas\" \/>\n<meta name=\"twitter:label1\" content=\"Skriven av\" \/>\n\t<meta name=\"twitter:data1\" content=\"Tomas Jarvid\" \/>\n\t<meta name=\"twitter:label2\" content=\"Ber\u00e4knad l\u00e4stid\" \/>\n\t<meta name=\"twitter:data2\" content=\"1 minut\" \/>\n<script type=\"application\/ld+json\" class=\"yoast-schema-graph\">{\"@context\":\"https:\/\/schema.org\",\"@graph\":[{\"@type\":\"Article\",\"@id\":\"https:\/\/blogg.svenskakyrkan.se\/vandravagen\/2013\/07\/09\/veckans-samlade-favorittweets-7\/#article\",\"isPartOf\":{\"@id\":\"https:\/\/blogg.svenskakyrkan.se\/vandravagen\/2013\/07\/09\/veckans-samlade-favorittweets-7\/\"},\"author\":{\"name\":\"Tomas Jarvid\",\"@id\":\"https:\/\/blogg.svenskakyrkan.se\/vandravagen\/#\/schema\/person\/25da02d4f76b137d04291711e2c9fc16\"},\"headline\":\"Veckans samlade favorittweets\",\"datePublished\":\"2013-07-09T12:20:00+00:00\",\"mainEntityOfPage\":{\"@id\":\"https:\/\/blogg.svenskakyrkan.se\/vandravagen\/2013\/07\/09\/veckans-samlade-favorittweets-7\/\"},\"wordCount\":138,\"commentCount\":0,\"publisher\":{\"@id\":\"https:\/\/blogg.svenskakyrkan.se\/vandravagen\/#organization\"},\"image\":{\"@id\":\"https:\/\/blogg.svenskakyrkan.se\/vandravagen\/2013\/07\/09\/veckans-samlade-favorittweets-7\/#primaryimage\"},\"thumbnailUrl\":\"http:\/\/4.bp.blogspot.com\/-qL-1ZghMHeo\/Uduu4XkSfpI\/AAAAAAAAEQg\/eesimm7G4PA\/s400\/Ska%CC%88rmavbild+2013-07-09+kl.+07.51.52.png\",\"articleSection\":[\"favorittweets\"],\"inLanguage\":\"sv-SE\",\"potentialAction\":[{\"@type\":\"CommentAction\",\"name\":\"Comment\",\"target\":[\"https:\/\/blogg.svenskakyrkan.se\/vandravagen\/2013\/07\/09\/veckans-samlade-favorittweets-7\/#respond\"]}]},{\"@type\":\"WebPage\",\"@id\":\"https:\/\/blogg.svenskakyrkan.se\/vandravagen\/2013\/07\/09\/veckans-samlade-favorittweets-7\/\",\"url\":\"https:\/\/blogg.svenskakyrkan.se\/vandravagen\/2013\/07\/09\/veckans-samlade-favorittweets-7\/\",\"name\":\"Veckans samlade favorittweets - Vandra V\u00e4gen\",\"isPartOf\":{\"@id\":\"https:\/\/blogg.svenskakyrkan.se\/vandravagen\/#website\"},\"primaryImageOfPage\":{\"@id\":\"https:\/\/blogg.svenskakyrkan.se\/vandravagen\/2013\/07\/09\/veckans-samlade-favorittweets-7\/#primaryimage\"},\"image\":{\"@id\":\"https:\/\/blogg.svenskakyrkan.se\/vandravagen\/2013\/07\/09\/veckans-samlade-favorittweets-7\/#primaryimage\"},\"thumbnailUrl\":\"http:\/\/4.bp.blogspot.com\/-qL-1ZghMHeo\/Uduu4XkSfpI\/AAAAAAAAEQg\/eesimm7G4PA\/s400\/Ska%CC%88rmavbild+2013-07-09+kl.+07.51.52.png\",\"datePublished\":\"2013-07-09T12:20:00+00:00\",\"breadcrumb\":{\"@id\":\"https:\/\/blogg.svenskakyrkan.se\/vandravagen\/2013\/07\/09\/veckans-samlade-favorittweets-7\/#breadcrumb\"},\"inLanguage\":\"sv-SE\",\"potentialAction\":[{\"@type\":\"ReadAction\",\"target\":[\"https:\/\/blogg.svenskakyrkan.se\/vandravagen\/2013\/07\/09\/veckans-samlade-favorittweets-7\/\"]}]},{\"@type\":\"ImageObject\",\"inLanguage\":\"sv-SE\",\"@id\":\"https:\/\/blogg.svenskakyrkan.se\/vandravagen\/2013\/07\/09\/veckans-samlade-favorittweets-7\/#primaryimage\",\"url\":\"http:\/\/4.bp.blogspot.com\/-qL-1ZghMHeo\/Uduu4XkSfpI\/AAAAAAAAEQg\/eesimm7G4PA\/s400\/Ska%CC%88rmavbild+2013-07-09+kl.+07.51.52.png\",\"contentUrl\":\"http:\/\/4.bp.blogspot.com\/-qL-1ZghMHeo\/Uduu4XkSfpI\/AAAAAAAAEQg\/eesimm7G4PA\/s400\/Ska%CC%88rmavbild+2013-07-09+kl.+07.51.52.png\"},{\"@type\":\"BreadcrumbList\",\"@id\":\"https:\/\/blogg.svenskakyrkan.se\/vandravagen\/2013\/07\/09\/veckans-samlade-favorittweets-7\/#breadcrumb\",\"itemListElement\":[{\"@type\":\"ListItem\",\"position\":1,\"name\":\"Hem\",\"item\":\"https:\/\/blogg.svenskakyrkan.se\/vandravagen\/\"},{\"@type\":\"ListItem\",\"position\":2,\"name\":\"Veckans samlade favorittweets\"}]},{\"@type\":\"WebSite\",\"@id\":\"https:\/\/blogg.svenskakyrkan.se\/vandravagen\/#website\",\"url\":\"https:\/\/blogg.svenskakyrkan.se\/vandravagen\/\",\"name\":\"Vandra V\u00e4gen\",\"description\":\"-Mot en tro f\u00f6r hela livet\",\"publisher\":{\"@id\":\"https:\/\/blogg.svenskakyrkan.se\/vandravagen\/#organization\"},\"potentialAction\":[{\"@type\":\"SearchAction\",\"target\":{\"@type\":\"EntryPoint\",\"urlTemplate\":\"https:\/\/blogg.svenskakyrkan.se\/vandravagen\/?s={search_term_string}\"},\"query-input\":{\"@type\":\"PropertyValueSpecification\",\"valueRequired\":true,\"valueName\":\"search_term_string\"}}],\"inLanguage\":\"sv-SE\"},{\"@type\":\"Organization\",\"@id\":\"https:\/\/blogg.svenskakyrkan.se\/vandravagen\/#organization\",\"name\":\"ulricehamns pastorat\",\"alternateName\":\"ulricehamns pastorat\",\"url\":\"https:\/\/blogg.svenskakyrkan.se\/vandravagen\/\",\"logo\":{\"@type\":\"ImageObject\",\"inLanguage\":\"sv-SE\",\"@id\":\"https:\/\/blogg.svenskakyrkan.se\/vandravagen\/#\/schema\/logo\/image\/\",\"url\":\"https:\/\/blogg.svenskakyrkan.se\/vandravagen\/files\/2023\/05\/Ulr_logo_RGB.png\",\"contentUrl\":\"https:\/\/blogg.svenskakyrkan.se\/vandravagen\/files\/2023\/05\/Ulr_logo_RGB.png\",\"width\":205,\"height\":77,\"caption\":\"ulricehamns pastorat\"},\"image\":{\"@id\":\"https:\/\/blogg.svenskakyrkan.se\/vandravagen\/#\/schema\/logo\/image\/\"},\"sameAs\":[\"http:\/\/facebook.com\/vandravagen\",\"https:\/\/x.com\/fadertomas\",\"http:\/\/www.facebook.com\/svenskakyrkaniulricehamn\"]},{\"@type\":\"Person\",\"@id\":\"https:\/\/blogg.svenskakyrkan.se\/vandravagen\/#\/schema\/person\/25da02d4f76b137d04291711e2c9fc16\",\"name\":\"Tomas Jarvid\",\"image\":{\"@type\":\"ImageObject\",\"inLanguage\":\"sv-SE\",\"@id\":\"https:\/\/blogg.svenskakyrkan.se\/vandravagen\/#\/schema\/person\/image\/\",\"url\":\"https:\/\/secure.gravatar.com\/avatar\/7fa71899795e8f540f615a1f5ab25255dc27aa40f05ee7ddd21aac521e01bf50?s=96&d=identicon&r=g\",\"contentUrl\":\"https:\/\/secure.gravatar.com\/avatar\/7fa71899795e8f540f615a1f5ab25255dc27aa40f05ee7ddd21aac521e01bf50?s=96&d=identicon&r=g\",\"caption\":\"Tomas Jarvid\"},\"description\":\"Jag bor i Ulricehamn i V\u00e4sterg\u00f6tland och \u00e4r f\u00f6rsamlingspr\u00e4st i Svenska Kyrkan f\u00f6r Dalstorps f\u00f6rsamling i Kinds pastorat. P\u00e5 den h\u00e4r bloggen skriver jag ner tankar om vandringen som kristen.\",\"sameAs\":[\"http:\/\/www.vandravagen.se\"],\"url\":\"https:\/\/blogg.svenskakyrkan.se\/vandravagen\/author\/vandravagen\/\"}]}<\/script>\n<!-- \/ Yoast SEO plugin. -->","yoast_head_json":{"title":"Veckans samlade favorittweets - Vandra V\u00e4gen","robots":{"index":"index","follow":"follow","max-snippet":"max-snippet:-1","max-image-preview":"max-image-preview:large","max-video-preview":"max-video-preview:-1"},"canonical":"https:\/\/blogg.svenskakyrkan.se\/vandravagen\/2013\/07\/09\/veckans-samlade-favorittweets-7\/","og_locale":"sv_SE","og_type":"article","og_title":"Veckans samlade favorittweets - Vandra V\u00e4gen","og_description":"\u00c4nnu en vecka har b\u00f6rjat, \u00e4nnu en vecka tagit slut. H\u00e4r \u00e4r det b\u00e4sta av det som varit. Twitter \u00e4r ju genren med den korta livsl\u00e4ngden. Jag f\u00f6rs\u00f6ker h\u00e4r h\u00e5lla liv lite till i n\u00e5gra minnesv\u00e4rda tweets! &#8221;Kristna&#8221; tweets P\u00e5minner lite om det jag skrev f\u00f6r l\u00e4\u00e4nge sedan om en k\u00e4rleksl\u00f6s Gud&#8230; Det h\u00e4r har [&hellip;]","og_url":"https:\/\/blogg.svenskakyrkan.se\/vandravagen\/2013\/07\/09\/veckans-samlade-favorittweets-7\/","og_site_name":"Vandra V\u00e4gen","article_publisher":"http:\/\/facebook.com\/vandravagen","article_published_time":"2013-07-09T12:20:00+00:00","og_image":[{"url":"http:\/\/4.bp.blogspot.com\/-qL-1ZghMHeo\/Uduu4XkSfpI\/AAAAAAAAEQg\/eesimm7G4PA\/s400\/Ska%CC%88rmavbild+2013-07-09+kl.+07.51.52.png","type":"","width":"","height":""}],"author":"Tomas Jarvid","twitter_card":"summary_large_image","twitter_creator":"@fadertomas","twitter_site":"@fadertomas","twitter_misc":{"Skriven av":"Tomas Jarvid","Ber\u00e4knad l\u00e4stid":"1 minut"},"schema":{"@context":"https:\/\/schema.org","@graph":[{"@type":"Article","@id":"https:\/\/blogg.svenskakyrkan.se\/vandravagen\/2013\/07\/09\/veckans-samlade-favorittweets-7\/#article","isPartOf":{"@id":"https:\/\/blogg.svenskakyrkan.se\/vandravagen\/2013\/07\/09\/veckans-samlade-favorittweets-7\/"},"author":{"name":"Tomas Jarvid","@id":"https:\/\/blogg.svenskakyrkan.se\/vandravagen\/#\/schema\/person\/25da02d4f76b137d04291711e2c9fc16"},"headline":"Veckans samlade favorittweets","datePublished":"2013-07-09T12:20:00+00:00","mainEntityOfPage":{"@id":"https:\/\/blogg.svenskakyrkan.se\/vandravagen\/2013\/07\/09\/veckans-samlade-favorittweets-7\/"},"wordCount":138,"commentCount":0,"publisher":{"@id":"https:\/\/blogg.svenskakyrkan.se\/vandravagen\/#organization"},"image":{"@id":"https:\/\/blogg.svenskakyrkan.se\/vandravagen\/2013\/07\/09\/veckans-samlade-favorittweets-7\/#primaryimage"},"thumbnailUrl":"http:\/\/4.bp.blogspot.com\/-qL-1ZghMHeo\/Uduu4XkSfpI\/AAAAAAAAEQg\/eesimm7G4PA\/s400\/Ska%CC%88rmavbild+2013-07-09+kl.+07.51.52.png","articleSection":["favorittweets"],"inLanguage":"sv-SE","potentialAction":[{"@type":"CommentAction","name":"Comment","target":["https:\/\/blogg.svenskakyrkan.se\/vandravagen\/2013\/07\/09\/veckans-samlade-favorittweets-7\/#respond"]}]},{"@type":"WebPage","@id":"https:\/\/blogg.svenskakyrkan.se\/vandravagen\/2013\/07\/09\/veckans-samlade-favorittweets-7\/","url":"https:\/\/blogg.svenskakyrkan.se\/vandravagen\/2013\/07\/09\/veckans-samlade-favorittweets-7\/","name":"Veckans samlade favorittweets - Vandra V\u00e4gen","isPartOf":{"@id":"https:\/\/blogg.svenskakyrkan.se\/vandravagen\/#website"},"primaryImageOfPage":{"@id":"https:\/\/blogg.svenskakyrkan.se\/vandravagen\/2013\/07\/09\/veckans-samlade-favorittweets-7\/#primaryimage"},"image":{"@id":"https:\/\/blogg.svenskakyrkan.se\/vandravagen\/2013\/07\/09\/veckans-samlade-favorittweets-7\/#primaryimage"},"thumbnailUrl":"http:\/\/4.bp.blogspot.com\/-qL-1ZghMHeo\/Uduu4XkSfpI\/AAAAAAAAEQg\/eesimm7G4PA\/s400\/Ska%CC%88rmavbild+2013-07-09+kl.+07.51.52.png","datePublished":"2013-07-09T12:20:00+00:00","breadcrumb":{"@id":"https:\/\/blogg.svenskakyrkan.se\/vandravagen\/2013\/07\/09\/veckans-samlade-favorittweets-7\/#breadcrumb"},"inLanguage":"sv-SE","potentialAction":[{"@type":"ReadAction","target":["https:\/\/blogg.svenskakyrkan.se\/vandravagen\/2013\/07\/09\/veckans-samlade-favorittweets-7\/"]}]},{"@type":"ImageObject","inLanguage":"sv-SE","@id":"https:\/\/blogg.svenskakyrkan.se\/vandravagen\/2013\/07\/09\/veckans-samlade-favorittweets-7\/#primaryimage","url":"http:\/\/4.bp.blogspot.com\/-qL-1ZghMHeo\/Uduu4XkSfpI\/AAAAAAAAEQg\/eesimm7G4PA\/s400\/Ska%CC%88rmavbild+2013-07-09+kl.+07.51.52.png","contentUrl":"http:\/\/4.bp.blogspot.com\/-qL-1ZghMHeo\/Uduu4XkSfpI\/AAAAAAAAEQg\/eesimm7G4PA\/s400\/Ska%CC%88rmavbild+2013-07-09+kl.+07.51.52.png"},{"@type":"BreadcrumbList","@id":"https:\/\/blogg.svenskakyrkan.se\/vandravagen\/2013\/07\/09\/veckans-samlade-favorittweets-7\/#breadcrumb","itemListElement":[{"@type":"ListItem","position":1,"name":"Hem","item":"https:\/\/blogg.svenskakyrkan.se\/vandravagen\/"},{"@type":"ListItem","position":2,"name":"Veckans samlade favorittweets"}]},{"@type":"WebSite","@id":"https:\/\/blogg.svenskakyrkan.se\/vandravagen\/#website","url":"https:\/\/blogg.svenskakyrkan.se\/vandravagen\/","name":"Vandra V\u00e4gen","description":"-Mot en tro f\u00f6r hela livet","publisher":{"@id":"https:\/\/blogg.svenskakyrkan.se\/vandravagen\/#organization"},"potentialAction":[{"@type":"SearchAction","target":{"@type":"EntryPoint","urlTemplate":"https:\/\/blogg.svenskakyrkan.se\/vandravagen\/?s={search_term_string}"},"query-input":{"@type":"PropertyValueSpecification","valueRequired":true,"valueName":"search_term_string"}}],"inLanguage":"sv-SE"},{"@type":"Organization","@id":"https:\/\/blogg.svenskakyrkan.se\/vandravagen\/#organization","name":"ulricehamns pastorat","alternateName":"ulricehamns pastorat","url":"https:\/\/blogg.svenskakyrkan.se\/vandravagen\/","logo":{"@type":"ImageObject","inLanguage":"sv-SE","@id":"https:\/\/blogg.svenskakyrkan.se\/vandravagen\/#\/schema\/logo\/image\/","url":"https:\/\/blogg.svenskakyrkan.se\/vandravagen\/files\/2023\/05\/Ulr_logo_RGB.png","contentUrl":"https:\/\/blogg.svenskakyrkan.se\/vandravagen\/files\/2023\/05\/Ulr_logo_RGB.png","width":205,"height":77,"caption":"ulricehamns pastorat"},"image":{"@id":"https:\/\/blogg.svenskakyrkan.se\/vandravagen\/#\/schema\/logo\/image\/"},"sameAs":["http:\/\/facebook.com\/vandravagen","https:\/\/x.com\/fadertomas","http:\/\/www.facebook.com\/svenskakyrkaniulricehamn"]},{"@type":"Person","@id":"https:\/\/blogg.svenskakyrkan.se\/vandravagen\/#\/schema\/person\/25da02d4f76b137d04291711e2c9fc16","name":"Tomas Jarvid","image":{"@type":"ImageObject","inLanguage":"sv-SE","@id":"https:\/\/blogg.svenskakyrkan.se\/vandravagen\/#\/schema\/person\/image\/","url":"https:\/\/secure.gravatar.com\/avatar\/7fa71899795e8f540f615a1f5ab25255dc27aa40f05ee7ddd21aac521e01bf50?s=96&d=identicon&r=g","contentUrl":"https:\/\/secure.gravatar.com\/avatar\/7fa71899795e8f540f615a1f5ab25255dc27aa40f05ee7ddd21aac521e01bf50?s=96&d=identicon&r=g","caption":"Tomas Jarvid"},"description":"Jag bor i Ulricehamn i V\u00e4sterg\u00f6tland och \u00e4r f\u00f6rsamlingspr\u00e4st i Svenska Kyrkan f\u00f6r Dalstorps f\u00f6rsamling i Kinds pastorat. P\u00e5 den h\u00e4r bloggen skriver jag ner tankar om vandringen som kristen.","sameAs":["http:\/\/www.vandravagen.se"],"url":"https:\/\/blogg.svenskakyrkan.se\/vandravagen\/author\/vandravagen\/"}]}},"author_meta":{"ID":"392","user_nicename":"vandravagen","user_url":"http:\/\/www.vandravagen.se","user_registered":"2014-05-19 05:44:52","display_name":"Tomas Jarvid","first_name":"Tomas","last_name":"Jarvid","avatar":"https:\/\/secure.gravatar.com\/avatar\/7fa71899795e8f540f615a1f5ab25255dc27aa40f05ee7ddd21aac521e01bf50?s=96&d=identicon&r=g"},"featured_image":false,"bloginfo":{"name":"Vandra V\u00e4gen","url":"https:\/\/blogg.svenskakyrkan.se\/vandravagen"},"_links":{"self":[{"href":"https:\/\/blogg.svenskakyrkan.se\/vandravagen\/wp-json\/wp\/v2\/posts\/468","targetHints":{"allow":["GET"]}}],"collection":[{"href":"https:\/\/blogg.svenskakyrkan.se\/vandravagen\/wp-json\/wp\/v2\/posts"}],"about":[{"href":"https:\/\/blogg.svenskakyrkan.se\/vandravagen\/wp-json\/wp\/v2\/types\/post"}],"author":[{"embeddable":true,"href":"https:\/\/blogg.svenskakyrkan.se\/vandravagen\/wp-json\/wp\/v2\/users\/392"}],"replies":[{"embeddable":true,"href":"https:\/\/blogg.svenskakyrkan.se\/vandravagen\/wp-json\/wp\/v2\/comments?post=468"}],"version-history":[{"count":0,"href":"https:\/\/blogg.svenskakyrkan.se\/vandravagen\/wp-json\/wp\/v2\/posts\/468\/revisions"}],"wp:attachment":[{"href":"https:\/\/blogg.svenskakyrkan.se\/vandravagen\/wp-json\/wp\/v2\/media?parent=468"}],"wp:term":[{"taxonomy":"category","embeddable":true,"href":"https:\/\/blogg.svenskakyrkan.se\/vandravagen\/wp-json\/wp\/v2\/categories?post=468"},{"taxonomy":"post_tag","embeddable":true,"href":"https:\/\/blogg.svenskakyrkan.se\/vandravagen\/wp-json\/wp\/v2\/tags?post=468"}],"curies":[{"name":"wp","href":"https:\/\/api.w.org\/{rel}","templated":true}]}}