{"id":469,"date":"2013-07-08T08:31:00","date_gmt":"2013-07-08T06:31:00","guid":{"rendered":"http:\/\/blogg.svenskakyrkan.se\/vandravagen\/2013\/07\/08\/stefan-nordlander-gastbloggar-om-jesus-som-pelikan\/"},"modified":"2013-07-08T08:31:00","modified_gmt":"2013-07-08T06:31:00","slug":"stefan-nordlander-gastbloggar-om-jesus-som-pelikan","status":"publish","type":"post","link":"https:\/\/blogg.svenskakyrkan.se\/vandravagen\/2013\/07\/08\/stefan-nordlander-gastbloggar-om-jesus-som-pelikan\/","title":{"rendered":"Stefan Nordlander g\u00e4stbloggar om Jesus som Pelikan!"},"content":{"rendered":"<div>Jag har gl\u00e4djen att presentera \u00e4nnu en g\u00e4stbloggare p\u00e5 Vandra V\u00e4gen. Det \u00e4r Stefan Nordlander, pr\u00e4st i Rommele och kunnig om m\u00e5nga saker. I <a href=\"http:\/\/www.vandravagen.se\/2013\/06\/fotoblogg-fran-kallands-asaka-kyrka.html\">fotobloggposten fr\u00e5n K\u00e5llands \u00c5saka kyrka<\/a>\u00a0visade jag bild p\u00e5 en pelikan m\u00e5lad i taket och lovade \u00e5terkomma om varf\u00f6r man m\u00e5lat s\u00e5dana i kyrkor. Det \u00e4r just det som Stefan benar ut idag! L\u00e4mnar ordet till Stefan:<\/div>\n<div><\/div>\n<div><\/div>\n<table align=\"center\" cellpadding=\"0\" cellspacing=\"0\">\n<tbody>\n<tr>\n<td><a href=\"http:\/\/4.bp.blogspot.com\/-RR-9Qnb3EZU\/UdpaEZL6WdI\/AAAAAAAAEPg\/wO19riPdEuk\/s1600\/Jesus+och+Pippi+Pelikan.png\"><img loading=\"lazy\" decoding=\"async\" border=\"0\" height=\"406\" src=\"http:\/\/4.bp.blogspot.com\/-RR-9Qnb3EZU\/UdpaEZL6WdI\/AAAAAAAAEPg\/wO19riPdEuk\/s640\/Jesus+och+Pippi+Pelikan.png\" width=\"640\"><\/a><\/td>\n<\/tr>\n<tr>\n<td>Jesus och Pippi Pelikan, vilken \u00e4r den gemensamma n\u00e4mnaren?<\/td>\n<\/tr>\n<\/tbody>\n<\/table>\n<p><b>Vad har Jesus med Pippi Pelikan att g\u00f6ra? <\/b><br \/>En av de f\u00f6r moderna \u00f6gon m\u00e4rkligare symbolerna i Kristen bildkonst \u00e4r pelikanen. Vad kan en vattenlevande f\u00e5gel med n\u00e4bbs\u00e4ck och l\u00e5ng n\u00e4bb ha med v\u00e4rldens fr\u00e4lsare att g\u00f6ra? <\/p>\n<p>F\u00f6rklaringen st\u00e5r att finna i att man i antika beskrivningar av pelikanen kunde l\u00e4ra sig att n\u00e4r det var ont om mat, h\u00f6gg pelikanen sig i br\u00f6stet och matade p\u00e5 det sina ungar med sitt blod. Kristna f\u00f6rfattare s\u00e5g naturligtvis likheten med Jesus, som gav sitt blod p\u00e5 korset f\u00f6r m\u00e4nniskans r\u00e4ddning till evigt liv och till och med forts\u00e4tter att ge sitt blod i nattvarden, f\u00f6r att ge f\u00f6rl\u00e5telse och styrka i vardagens pr\u00f6vningar. En variant p\u00e5 temat (som finns belagt till och med i en folksaga fr\u00e5n Indien), var att pelikanen \u00e5teruppv\u00e4ckte sina ungar fr\u00e5n d\u00f6den. I Physiologus, en tidig kristen skrift som f\u00f6rs\u00f6ker ge en allegorisk f\u00f6rklaring av naturens fenomen, beskrivs pelikanen s\u00e5 h\u00e4r (fritt \u00f6versatt fr\u00e5n en engelsk \u00f6vers\u00e4ttning):  <\/p>\n<blockquote>\n<p>&#8221;De sm\u00e5 pelikanerna hugger sina f\u00f6r\u00e4ldrar och f\u00f6r\u00e4ldrarna sl\u00e5r tillbaka s\u00e5 att de sm\u00e5 d\u00f6r. Men p\u00e5 tredje dagen hugger sig moderpelikanen och \u00f6ppnar sin sida och utgjuter sitt blod \u00f6ver de d\u00f6da ungarna. P\u00e5 detta s\u00e4tt blir de \u00e5terupplivade och helade. S\u00e5 s\u00e4ger ocks\u00e5 v\u00e5r Herre Jesus Kristus genom profeten Jesaja: \u201dBarn har jag fostrat och v\u00e5rdat, men nu har de brutit med mig.\u201d (Jes 1:2). Vi blev slagna av Gud, eftersom vi tj\u00e4nade det skapade ist\u00e4llet f\u00f6r skaparen. D\u00e4rf\u00f6r bev\u00e4rdigade han sig att stiga upp p\u00e5 korset, och n\u00e4r hans sida blev genomborrad, fl\u00f6dade blod och vatten ut till v\u00e5r fr\u00e4lsning och evigt liv. &#8221;<\/p>\n<\/blockquote>\n<table align=\"center\" cellpadding=\"0\" cellspacing=\"0\">\n<tbody>\n<tr>\n<td><a href=\"http:\/\/1.bp.blogspot.com\/-6obxXqc5ZjE\/UdqDdKaWrGI\/AAAAAAAAEQA\/jcnTSpOOgG8\/s1600\/Ska%CC%88rmavbild+2013-07-08+kl.+11.14.03.png\"><img loading=\"lazy\" decoding=\"async\" border=\"0\" height=\"568\" src=\"http:\/\/1.bp.blogspot.com\/-6obxXqc5ZjE\/UdqDdKaWrGI\/AAAAAAAAEQA\/jcnTSpOOgG8\/s640\/Ska%CC%88rmavbild+2013-07-08+kl.+11.14.03.png\" width=\"640\"><\/a><\/td>\n<\/tr>\n<tr>\n<td>\n<table align=\"center\" cellpadding=\"0\" cellspacing=\"0\">\n<tbody>\n<tr>\n<td>M\u00e4sshake med pelikan och pelikanungar p\u00e5, Upph\u00e4rad<\/p>\n<div><\/div>\n<\/td>\n<\/tr>\n<\/tbody>\n<\/table>\n<\/td>\n<\/tr>\n<\/tbody>\n<\/table>\n<p>Det h\u00e4r kanske vi frestas att skratta \u00e5t idag \u2013 vi kan ju genom wikipedia f\u00e5 reda p\u00e5 att pelikanen, n\u00e4r hon ger sina ungar mat, trycker n\u00e4bben mot sitt br\u00f6st p\u00e5 ett s\u00e4tt som skulle kunna uppfattas som att hon hugger sig sj\u00e4lv i br\u00f6stet.  <\/p>\n<p>Det hon i sj\u00e4lva verket g\u00f6r, \u00e4r att t\u00f6mma sin n\u00e4bbs\u00e4ck s\u00e5 att verkligen allt ska komma ungarna till godo. \u00c5 andra sidan \u00e4r ju inte det s\u00e5 olikt Jesus, som verkligen gav allt f\u00f6r oss. Ist\u00e4llet f\u00f6r att skratta \u2013 de tidiga kristna anv\u00e4nde ju de vetenskapliga k\u00e4llorna de hade \u2013 kanske vi kan inspireras att se vad vi kan f\u00f6rst\u00e5 om Gud genom skapelsen och vetenskapen? <\/p>\n<table align=\"center\" cellpadding=\"0\" cellspacing=\"0\">\n<tbody>\n<tr>\n<td><a href=\"http:\/\/2.bp.blogspot.com\/-0urRvFXRHsM\/UdpaEiaDdTI\/AAAAAAAAEPk\/j-Ec1zOPpCA\/s1600\/Pelikan+ljuskrona.png\"><img loading=\"lazy\" decoding=\"async\" border=\"0\" height=\"476\" src=\"http:\/\/2.bp.blogspot.com\/-0urRvFXRHsM\/UdpaEiaDdTI\/AAAAAAAAEPk\/j-Ec1zOPpCA\/s640\/Pelikan+ljuskrona.png\" width=\"640\"><\/a><\/td>\n<\/tr>\n<tr>\n<td>Pelikankr\u00f6nt ljuskrona fr\u00e5n Upph\u00e4rads kyrka kor<\/td>\n<\/tr>\n<\/tbody>\n<\/table>\n<div><\/div>\n<p>Till slut, en vers ur Thomas av Aquinos hymn \u201dAdoro te devote\u201d: <\/p>\n<\/p>\n<div>Pie <a href=\"http:\/\/en.wikipedia.org\/wiki\/Pelican#Religious_symbolism_and_popular_culture\">Pelicane<\/a>, Jesu Domine, \u00a0 \u00a0 \u00a0 \u00a0 \u00a0 \u00a0 \u00a0 \u00a0 \u00a0 \u00a0 \u00a0 \u00a0 \u00a0 \u00a0 \u00a0 \u00a0 Herre Jesus, du Goda pelikan,  <\/p>\n<p>Me immundum munda tuo sanguine: \u00a0 \u00a0 \u00a0 \u00a0 \u00a0 \u00a0 \u00a0 \u00a0 \u00a0tv\u00e4tta mig ren i ditt blod, <\/p>\n<p>Cujus una stilla salvum facere \u00a0 \u00a0 \u00a0 \u00a0 \u00a0 \u00a0 \u00a0 \u00a0 \u00a0 \u00a0 \u00a0 \u00a0 \u00a0 \u00a0 av vilket en enda droppe kan befria <\/p>\n<p>Totum mundum quit ab omni scelere. \u00a0 \u00a0 \u00a0 \u00a0 \u00a0 \u00a0 \u00a0 \u00a0 hela v\u00e4rlden fr\u00e5n alla synder<\/p>\n<\/div>\n<div><\/div>\n<div><\/div>\n<div><\/div>\n","protected":false},"excerpt":{"rendered":"<p>Jag har gl\u00e4djen att presentera \u00e4nnu en g\u00e4stbloggare p\u00e5 Vandra V\u00e4gen. Det \u00e4r Stefan Nordlander, pr\u00e4st i Rommele och kunnig om m\u00e5nga saker. I fotobloggposten fr\u00e5n K\u00e5llands \u00c5saka kyrka\u00a0visade jag bild p\u00e5 en pelikan m\u00e5lad i taket och lovade \u00e5terkomma om varf\u00f6r man m\u00e5lat s\u00e5dana i kyrkor. Det \u00e4r just det som Stefan benar ut [&hellip;]<\/p>\n","protected":false},"author":392,"featured_media":0,"comment_status":"open","ping_status":"open","sticky":false,"template":"","format":"standard","meta":{"_acf_changed":false,"footnotes":""},"categories":[56,17359,117],"tags":[],"class_list":["post-469","post","type-post","status-publish","format-standard","hentry","category-bilder","category-gastbloggare","category-teologi"],"acf":[],"yoast_head":"<!-- This site is optimized with the Yoast SEO plugin v27.1.1 - https:\/\/yoast.com\/product\/yoast-seo-wordpress\/ -->\n<title>Stefan Nordlander g\u00e4stbloggar om Jesus som Pelikan! - Vandra V\u00e4gen<\/title>\n<meta name=\"robots\" content=\"index, follow, max-snippet:-1, max-image-preview:large, max-video-preview:-1\" \/>\n<link rel=\"canonical\" href=\"https:\/\/blogg.svenskakyrkan.se\/vandravagen\/2013\/07\/08\/stefan-nordlander-gastbloggar-om-jesus-som-pelikan\/\" \/>\n<meta property=\"og:locale\" content=\"sv_SE\" \/>\n<meta property=\"og:type\" content=\"article\" \/>\n<meta property=\"og:title\" content=\"Stefan Nordlander g\u00e4stbloggar om Jesus som Pelikan! - Vandra V\u00e4gen\" \/>\n<meta property=\"og:description\" content=\"Jag har gl\u00e4djen att presentera \u00e4nnu en g\u00e4stbloggare p\u00e5 Vandra V\u00e4gen. Det \u00e4r Stefan Nordlander, pr\u00e4st i Rommele och kunnig om m\u00e5nga saker. I fotobloggposten fr\u00e5n K\u00e5llands \u00c5saka kyrka\u00a0visade jag bild p\u00e5 en pelikan m\u00e5lad i taket och lovade \u00e5terkomma om varf\u00f6r man m\u00e5lat s\u00e5dana i kyrkor. Det \u00e4r just det som Stefan benar ut [&hellip;]\" \/>\n<meta property=\"og:url\" content=\"https:\/\/blogg.svenskakyrkan.se\/vandravagen\/2013\/07\/08\/stefan-nordlander-gastbloggar-om-jesus-som-pelikan\/\" \/>\n<meta property=\"og:site_name\" content=\"Vandra V\u00e4gen\" \/>\n<meta property=\"article:publisher\" content=\"http:\/\/facebook.com\/vandravagen\" \/>\n<meta property=\"article:published_time\" content=\"2013-07-08T06:31:00+00:00\" \/>\n<meta property=\"og:image\" content=\"http:\/\/4.bp.blogspot.com\/-RR-9Qnb3EZU\/UdpaEZL6WdI\/AAAAAAAAEPg\/wO19riPdEuk\/s640\/Jesus+och+Pippi+Pelikan.png\" \/>\n<meta name=\"author\" content=\"Tomas Jarvid\" \/>\n<meta name=\"twitter:card\" content=\"summary_large_image\" \/>\n<meta name=\"twitter:creator\" content=\"@fadertomas\" \/>\n<meta name=\"twitter:site\" content=\"@fadertomas\" \/>\n<meta name=\"twitter:label1\" content=\"Skriven av\" \/>\n\t<meta name=\"twitter:data1\" content=\"Tomas Jarvid\" \/>\n\t<meta name=\"twitter:label2\" content=\"Ber\u00e4knad l\u00e4stid\" \/>\n\t<meta name=\"twitter:data2\" content=\"3 minuter\" \/>\n<script type=\"application\/ld+json\" class=\"yoast-schema-graph\">{\"@context\":\"https:\/\/schema.org\",\"@graph\":[{\"@type\":\"Article\",\"@id\":\"https:\/\/blogg.svenskakyrkan.se\/vandravagen\/2013\/07\/08\/stefan-nordlander-gastbloggar-om-jesus-som-pelikan\/#article\",\"isPartOf\":{\"@id\":\"https:\/\/blogg.svenskakyrkan.se\/vandravagen\/2013\/07\/08\/stefan-nordlander-gastbloggar-om-jesus-som-pelikan\/\"},\"author\":{\"name\":\"Tomas Jarvid\",\"@id\":\"https:\/\/blogg.svenskakyrkan.se\/vandravagen\/#\/schema\/person\/25da02d4f76b137d04291711e2c9fc16\"},\"headline\":\"Stefan Nordlander g\u00e4stbloggar om Jesus som Pelikan!\",\"datePublished\":\"2013-07-08T06:31:00+00:00\",\"mainEntityOfPage\":{\"@id\":\"https:\/\/blogg.svenskakyrkan.se\/vandravagen\/2013\/07\/08\/stefan-nordlander-gastbloggar-om-jesus-som-pelikan\/\"},\"wordCount\":618,\"commentCount\":5,\"publisher\":{\"@id\":\"https:\/\/blogg.svenskakyrkan.se\/vandravagen\/#organization\"},\"image\":{\"@id\":\"https:\/\/blogg.svenskakyrkan.se\/vandravagen\/2013\/07\/08\/stefan-nordlander-gastbloggar-om-jesus-som-pelikan\/#primaryimage\"},\"thumbnailUrl\":\"http:\/\/4.bp.blogspot.com\/-RR-9Qnb3EZU\/UdpaEZL6WdI\/AAAAAAAAEPg\/wO19riPdEuk\/s640\/Jesus+och+Pippi+Pelikan.png\",\"articleSection\":[\"bilder\",\"g\u00e4stbloggare\",\"Teologi\"],\"inLanguage\":\"sv-SE\",\"potentialAction\":[{\"@type\":\"CommentAction\",\"name\":\"Comment\",\"target\":[\"https:\/\/blogg.svenskakyrkan.se\/vandravagen\/2013\/07\/08\/stefan-nordlander-gastbloggar-om-jesus-som-pelikan\/#respond\"]}]},{\"@type\":\"WebPage\",\"@id\":\"https:\/\/blogg.svenskakyrkan.se\/vandravagen\/2013\/07\/08\/stefan-nordlander-gastbloggar-om-jesus-som-pelikan\/\",\"url\":\"https:\/\/blogg.svenskakyrkan.se\/vandravagen\/2013\/07\/08\/stefan-nordlander-gastbloggar-om-jesus-som-pelikan\/\",\"name\":\"Stefan Nordlander g\u00e4stbloggar om Jesus som Pelikan! - Vandra V\u00e4gen\",\"isPartOf\":{\"@id\":\"https:\/\/blogg.svenskakyrkan.se\/vandravagen\/#website\"},\"primaryImageOfPage\":{\"@id\":\"https:\/\/blogg.svenskakyrkan.se\/vandravagen\/2013\/07\/08\/stefan-nordlander-gastbloggar-om-jesus-som-pelikan\/#primaryimage\"},\"image\":{\"@id\":\"https:\/\/blogg.svenskakyrkan.se\/vandravagen\/2013\/07\/08\/stefan-nordlander-gastbloggar-om-jesus-som-pelikan\/#primaryimage\"},\"thumbnailUrl\":\"http:\/\/4.bp.blogspot.com\/-RR-9Qnb3EZU\/UdpaEZL6WdI\/AAAAAAAAEPg\/wO19riPdEuk\/s640\/Jesus+och+Pippi+Pelikan.png\",\"datePublished\":\"2013-07-08T06:31:00+00:00\",\"breadcrumb\":{\"@id\":\"https:\/\/blogg.svenskakyrkan.se\/vandravagen\/2013\/07\/08\/stefan-nordlander-gastbloggar-om-jesus-som-pelikan\/#breadcrumb\"},\"inLanguage\":\"sv-SE\",\"potentialAction\":[{\"@type\":\"ReadAction\",\"target\":[\"https:\/\/blogg.svenskakyrkan.se\/vandravagen\/2013\/07\/08\/stefan-nordlander-gastbloggar-om-jesus-som-pelikan\/\"]}]},{\"@type\":\"ImageObject\",\"inLanguage\":\"sv-SE\",\"@id\":\"https:\/\/blogg.svenskakyrkan.se\/vandravagen\/2013\/07\/08\/stefan-nordlander-gastbloggar-om-jesus-som-pelikan\/#primaryimage\",\"url\":\"http:\/\/4.bp.blogspot.com\/-RR-9Qnb3EZU\/UdpaEZL6WdI\/AAAAAAAAEPg\/wO19riPdEuk\/s640\/Jesus+och+Pippi+Pelikan.png\",\"contentUrl\":\"http:\/\/4.bp.blogspot.com\/-RR-9Qnb3EZU\/UdpaEZL6WdI\/AAAAAAAAEPg\/wO19riPdEuk\/s640\/Jesus+och+Pippi+Pelikan.png\"},{\"@type\":\"BreadcrumbList\",\"@id\":\"https:\/\/blogg.svenskakyrkan.se\/vandravagen\/2013\/07\/08\/stefan-nordlander-gastbloggar-om-jesus-som-pelikan\/#breadcrumb\",\"itemListElement\":[{\"@type\":\"ListItem\",\"position\":1,\"name\":\"Hem\",\"item\":\"https:\/\/blogg.svenskakyrkan.se\/vandravagen\/\"},{\"@type\":\"ListItem\",\"position\":2,\"name\":\"Stefan Nordlander g\u00e4stbloggar om Jesus som Pelikan!\"}]},{\"@type\":\"WebSite\",\"@id\":\"https:\/\/blogg.svenskakyrkan.se\/vandravagen\/#website\",\"url\":\"https:\/\/blogg.svenskakyrkan.se\/vandravagen\/\",\"name\":\"Vandra V\u00e4gen\",\"description\":\"-Mot en tro f\u00f6r hela livet\",\"publisher\":{\"@id\":\"https:\/\/blogg.svenskakyrkan.se\/vandravagen\/#organization\"},\"potentialAction\":[{\"@type\":\"SearchAction\",\"target\":{\"@type\":\"EntryPoint\",\"urlTemplate\":\"https:\/\/blogg.svenskakyrkan.se\/vandravagen\/?s={search_term_string}\"},\"query-input\":{\"@type\":\"PropertyValueSpecification\",\"valueRequired\":true,\"valueName\":\"search_term_string\"}}],\"inLanguage\":\"sv-SE\"},{\"@type\":\"Organization\",\"@id\":\"https:\/\/blogg.svenskakyrkan.se\/vandravagen\/#organization\",\"name\":\"ulricehamns pastorat\",\"alternateName\":\"ulricehamns pastorat\",\"url\":\"https:\/\/blogg.svenskakyrkan.se\/vandravagen\/\",\"logo\":{\"@type\":\"ImageObject\",\"inLanguage\":\"sv-SE\",\"@id\":\"https:\/\/blogg.svenskakyrkan.se\/vandravagen\/#\/schema\/logo\/image\/\",\"url\":\"https:\/\/blogg.svenskakyrkan.se\/vandravagen\/files\/2023\/05\/Ulr_logo_RGB.png\",\"contentUrl\":\"https:\/\/blogg.svenskakyrkan.se\/vandravagen\/files\/2023\/05\/Ulr_logo_RGB.png\",\"width\":205,\"height\":77,\"caption\":\"ulricehamns pastorat\"},\"image\":{\"@id\":\"https:\/\/blogg.svenskakyrkan.se\/vandravagen\/#\/schema\/logo\/image\/\"},\"sameAs\":[\"http:\/\/facebook.com\/vandravagen\",\"https:\/\/x.com\/fadertomas\",\"http:\/\/www.facebook.com\/svenskakyrkaniulricehamn\"]},{\"@type\":\"Person\",\"@id\":\"https:\/\/blogg.svenskakyrkan.se\/vandravagen\/#\/schema\/person\/25da02d4f76b137d04291711e2c9fc16\",\"name\":\"Tomas Jarvid\",\"image\":{\"@type\":\"ImageObject\",\"inLanguage\":\"sv-SE\",\"@id\":\"https:\/\/blogg.svenskakyrkan.se\/vandravagen\/#\/schema\/person\/image\/\",\"url\":\"https:\/\/secure.gravatar.com\/avatar\/7fa71899795e8f540f615a1f5ab25255dc27aa40f05ee7ddd21aac521e01bf50?s=96&d=identicon&r=g\",\"contentUrl\":\"https:\/\/secure.gravatar.com\/avatar\/7fa71899795e8f540f615a1f5ab25255dc27aa40f05ee7ddd21aac521e01bf50?s=96&d=identicon&r=g\",\"caption\":\"Tomas Jarvid\"},\"description\":\"Jag bor i Ulricehamn i V\u00e4sterg\u00f6tland och \u00e4r f\u00f6rsamlingspr\u00e4st i Svenska Kyrkan f\u00f6r Dalstorps f\u00f6rsamling i Kinds pastorat. P\u00e5 den h\u00e4r bloggen skriver jag ner tankar om vandringen som kristen.\",\"sameAs\":[\"http:\/\/www.vandravagen.se\"],\"url\":\"https:\/\/blogg.svenskakyrkan.se\/vandravagen\/author\/vandravagen\/\"}]}<\/script>\n<!-- \/ Yoast SEO plugin. -->","yoast_head_json":{"title":"Stefan Nordlander g\u00e4stbloggar om Jesus som Pelikan! - Vandra V\u00e4gen","robots":{"index":"index","follow":"follow","max-snippet":"max-snippet:-1","max-image-preview":"max-image-preview:large","max-video-preview":"max-video-preview:-1"},"canonical":"https:\/\/blogg.svenskakyrkan.se\/vandravagen\/2013\/07\/08\/stefan-nordlander-gastbloggar-om-jesus-som-pelikan\/","og_locale":"sv_SE","og_type":"article","og_title":"Stefan Nordlander g\u00e4stbloggar om Jesus som Pelikan! - Vandra V\u00e4gen","og_description":"Jag har gl\u00e4djen att presentera \u00e4nnu en g\u00e4stbloggare p\u00e5 Vandra V\u00e4gen. Det \u00e4r Stefan Nordlander, pr\u00e4st i Rommele och kunnig om m\u00e5nga saker. I fotobloggposten fr\u00e5n K\u00e5llands \u00c5saka kyrka\u00a0visade jag bild p\u00e5 en pelikan m\u00e5lad i taket och lovade \u00e5terkomma om varf\u00f6r man m\u00e5lat s\u00e5dana i kyrkor. Det \u00e4r just det som Stefan benar ut [&hellip;]","og_url":"https:\/\/blogg.svenskakyrkan.se\/vandravagen\/2013\/07\/08\/stefan-nordlander-gastbloggar-om-jesus-som-pelikan\/","og_site_name":"Vandra V\u00e4gen","article_publisher":"http:\/\/facebook.com\/vandravagen","article_published_time":"2013-07-08T06:31:00+00:00","og_image":[{"url":"http:\/\/4.bp.blogspot.com\/-RR-9Qnb3EZU\/UdpaEZL6WdI\/AAAAAAAAEPg\/wO19riPdEuk\/s640\/Jesus+och+Pippi+Pelikan.png","type":"","width":"","height":""}],"author":"Tomas Jarvid","twitter_card":"summary_large_image","twitter_creator":"@fadertomas","twitter_site":"@fadertomas","twitter_misc":{"Skriven av":"Tomas Jarvid","Ber\u00e4knad l\u00e4stid":"3 minuter"},"schema":{"@context":"https:\/\/schema.org","@graph":[{"@type":"Article","@id":"https:\/\/blogg.svenskakyrkan.se\/vandravagen\/2013\/07\/08\/stefan-nordlander-gastbloggar-om-jesus-som-pelikan\/#article","isPartOf":{"@id":"https:\/\/blogg.svenskakyrkan.se\/vandravagen\/2013\/07\/08\/stefan-nordlander-gastbloggar-om-jesus-som-pelikan\/"},"author":{"name":"Tomas Jarvid","@id":"https:\/\/blogg.svenskakyrkan.se\/vandravagen\/#\/schema\/person\/25da02d4f76b137d04291711e2c9fc16"},"headline":"Stefan Nordlander g\u00e4stbloggar om Jesus som Pelikan!","datePublished":"2013-07-08T06:31:00+00:00","mainEntityOfPage":{"@id":"https:\/\/blogg.svenskakyrkan.se\/vandravagen\/2013\/07\/08\/stefan-nordlander-gastbloggar-om-jesus-som-pelikan\/"},"wordCount":618,"commentCount":5,"publisher":{"@id":"https:\/\/blogg.svenskakyrkan.se\/vandravagen\/#organization"},"image":{"@id":"https:\/\/blogg.svenskakyrkan.se\/vandravagen\/2013\/07\/08\/stefan-nordlander-gastbloggar-om-jesus-som-pelikan\/#primaryimage"},"thumbnailUrl":"http:\/\/4.bp.blogspot.com\/-RR-9Qnb3EZU\/UdpaEZL6WdI\/AAAAAAAAEPg\/wO19riPdEuk\/s640\/Jesus+och+Pippi+Pelikan.png","articleSection":["bilder","g\u00e4stbloggare","Teologi"],"inLanguage":"sv-SE","potentialAction":[{"@type":"CommentAction","name":"Comment","target":["https:\/\/blogg.svenskakyrkan.se\/vandravagen\/2013\/07\/08\/stefan-nordlander-gastbloggar-om-jesus-som-pelikan\/#respond"]}]},{"@type":"WebPage","@id":"https:\/\/blogg.svenskakyrkan.se\/vandravagen\/2013\/07\/08\/stefan-nordlander-gastbloggar-om-jesus-som-pelikan\/","url":"https:\/\/blogg.svenskakyrkan.se\/vandravagen\/2013\/07\/08\/stefan-nordlander-gastbloggar-om-jesus-som-pelikan\/","name":"Stefan Nordlander g\u00e4stbloggar om Jesus som Pelikan! - Vandra V\u00e4gen","isPartOf":{"@id":"https:\/\/blogg.svenskakyrkan.se\/vandravagen\/#website"},"primaryImageOfPage":{"@id":"https:\/\/blogg.svenskakyrkan.se\/vandravagen\/2013\/07\/08\/stefan-nordlander-gastbloggar-om-jesus-som-pelikan\/#primaryimage"},"image":{"@id":"https:\/\/blogg.svenskakyrkan.se\/vandravagen\/2013\/07\/08\/stefan-nordlander-gastbloggar-om-jesus-som-pelikan\/#primaryimage"},"thumbnailUrl":"http:\/\/4.bp.blogspot.com\/-RR-9Qnb3EZU\/UdpaEZL6WdI\/AAAAAAAAEPg\/wO19riPdEuk\/s640\/Jesus+och+Pippi+Pelikan.png","datePublished":"2013-07-08T06:31:00+00:00","breadcrumb":{"@id":"https:\/\/blogg.svenskakyrkan.se\/vandravagen\/2013\/07\/08\/stefan-nordlander-gastbloggar-om-jesus-som-pelikan\/#breadcrumb"},"inLanguage":"sv-SE","potentialAction":[{"@type":"ReadAction","target":["https:\/\/blogg.svenskakyrkan.se\/vandravagen\/2013\/07\/08\/stefan-nordlander-gastbloggar-om-jesus-som-pelikan\/"]}]},{"@type":"ImageObject","inLanguage":"sv-SE","@id":"https:\/\/blogg.svenskakyrkan.se\/vandravagen\/2013\/07\/08\/stefan-nordlander-gastbloggar-om-jesus-som-pelikan\/#primaryimage","url":"http:\/\/4.bp.blogspot.com\/-RR-9Qnb3EZU\/UdpaEZL6WdI\/AAAAAAAAEPg\/wO19riPdEuk\/s640\/Jesus+och+Pippi+Pelikan.png","contentUrl":"http:\/\/4.bp.blogspot.com\/-RR-9Qnb3EZU\/UdpaEZL6WdI\/AAAAAAAAEPg\/wO19riPdEuk\/s640\/Jesus+och+Pippi+Pelikan.png"},{"@type":"BreadcrumbList","@id":"https:\/\/blogg.svenskakyrkan.se\/vandravagen\/2013\/07\/08\/stefan-nordlander-gastbloggar-om-jesus-som-pelikan\/#breadcrumb","itemListElement":[{"@type":"ListItem","position":1,"name":"Hem","item":"https:\/\/blogg.svenskakyrkan.se\/vandravagen\/"},{"@type":"ListItem","position":2,"name":"Stefan Nordlander g\u00e4stbloggar om Jesus som Pelikan!"}]},{"@type":"WebSite","@id":"https:\/\/blogg.svenskakyrkan.se\/vandravagen\/#website","url":"https:\/\/blogg.svenskakyrkan.se\/vandravagen\/","name":"Vandra V\u00e4gen","description":"-Mot en tro f\u00f6r hela livet","publisher":{"@id":"https:\/\/blogg.svenskakyrkan.se\/vandravagen\/#organization"},"potentialAction":[{"@type":"SearchAction","target":{"@type":"EntryPoint","urlTemplate":"https:\/\/blogg.svenskakyrkan.se\/vandravagen\/?s={search_term_string}"},"query-input":{"@type":"PropertyValueSpecification","valueRequired":true,"valueName":"search_term_string"}}],"inLanguage":"sv-SE"},{"@type":"Organization","@id":"https:\/\/blogg.svenskakyrkan.se\/vandravagen\/#organization","name":"ulricehamns pastorat","alternateName":"ulricehamns pastorat","url":"https:\/\/blogg.svenskakyrkan.se\/vandravagen\/","logo":{"@type":"ImageObject","inLanguage":"sv-SE","@id":"https:\/\/blogg.svenskakyrkan.se\/vandravagen\/#\/schema\/logo\/image\/","url":"https:\/\/blogg.svenskakyrkan.se\/vandravagen\/files\/2023\/05\/Ulr_logo_RGB.png","contentUrl":"https:\/\/blogg.svenskakyrkan.se\/vandravagen\/files\/2023\/05\/Ulr_logo_RGB.png","width":205,"height":77,"caption":"ulricehamns pastorat"},"image":{"@id":"https:\/\/blogg.svenskakyrkan.se\/vandravagen\/#\/schema\/logo\/image\/"},"sameAs":["http:\/\/facebook.com\/vandravagen","https:\/\/x.com\/fadertomas","http:\/\/www.facebook.com\/svenskakyrkaniulricehamn"]},{"@type":"Person","@id":"https:\/\/blogg.svenskakyrkan.se\/vandravagen\/#\/schema\/person\/25da02d4f76b137d04291711e2c9fc16","name":"Tomas Jarvid","image":{"@type":"ImageObject","inLanguage":"sv-SE","@id":"https:\/\/blogg.svenskakyrkan.se\/vandravagen\/#\/schema\/person\/image\/","url":"https:\/\/secure.gravatar.com\/avatar\/7fa71899795e8f540f615a1f5ab25255dc27aa40f05ee7ddd21aac521e01bf50?s=96&d=identicon&r=g","contentUrl":"https:\/\/secure.gravatar.com\/avatar\/7fa71899795e8f540f615a1f5ab25255dc27aa40f05ee7ddd21aac521e01bf50?s=96&d=identicon&r=g","caption":"Tomas Jarvid"},"description":"Jag bor i Ulricehamn i V\u00e4sterg\u00f6tland och \u00e4r f\u00f6rsamlingspr\u00e4st i Svenska Kyrkan f\u00f6r Dalstorps f\u00f6rsamling i Kinds pastorat. P\u00e5 den h\u00e4r bloggen skriver jag ner tankar om vandringen som kristen.","sameAs":["http:\/\/www.vandravagen.se"],"url":"https:\/\/blogg.svenskakyrkan.se\/vandravagen\/author\/vandravagen\/"}]}},"author_meta":{"ID":"392","user_nicename":"vandravagen","user_url":"http:\/\/www.vandravagen.se","user_registered":"2014-05-19 05:44:52","display_name":"Tomas Jarvid","first_name":"Tomas","last_name":"Jarvid","avatar":"https:\/\/secure.gravatar.com\/avatar\/7fa71899795e8f540f615a1f5ab25255dc27aa40f05ee7ddd21aac521e01bf50?s=96&d=identicon&r=g"},"featured_image":false,"bloginfo":{"name":"Vandra V\u00e4gen","url":"https:\/\/blogg.svenskakyrkan.se\/vandravagen"},"_links":{"self":[{"href":"https:\/\/blogg.svenskakyrkan.se\/vandravagen\/wp-json\/wp\/v2\/posts\/469","targetHints":{"allow":["GET"]}}],"collection":[{"href":"https:\/\/blogg.svenskakyrkan.se\/vandravagen\/wp-json\/wp\/v2\/posts"}],"about":[{"href":"https:\/\/blogg.svenskakyrkan.se\/vandravagen\/wp-json\/wp\/v2\/types\/post"}],"author":[{"embeddable":true,"href":"https:\/\/blogg.svenskakyrkan.se\/vandravagen\/wp-json\/wp\/v2\/users\/392"}],"replies":[{"embeddable":true,"href":"https:\/\/blogg.svenskakyrkan.se\/vandravagen\/wp-json\/wp\/v2\/comments?post=469"}],"version-history":[{"count":0,"href":"https:\/\/blogg.svenskakyrkan.se\/vandravagen\/wp-json\/wp\/v2\/posts\/469\/revisions"}],"wp:attachment":[{"href":"https:\/\/blogg.svenskakyrkan.se\/vandravagen\/wp-json\/wp\/v2\/media?parent=469"}],"wp:term":[{"taxonomy":"category","embeddable":true,"href":"https:\/\/blogg.svenskakyrkan.se\/vandravagen\/wp-json\/wp\/v2\/categories?post=469"},{"taxonomy":"post_tag","embeddable":true,"href":"https:\/\/blogg.svenskakyrkan.se\/vandravagen\/wp-json\/wp\/v2\/tags?post=469"}],"curies":[{"name":"wp","href":"https:\/\/api.w.org\/{rel}","templated":true}]}}