{"id":493,"date":"2013-06-25T08:00:00","date_gmt":"2013-06-25T06:00:00","guid":{"rendered":"http:\/\/blogg.svenskakyrkan.se\/vandravagen\/2013\/06\/25\/veckans-samlade-favorittweets-9\/"},"modified":"2013-06-25T08:00:00","modified_gmt":"2013-06-25T06:00:00","slug":"veckans-samlade-favorittweets-9","status":"publish","type":"post","link":"https:\/\/blogg.svenskakyrkan.se\/vandravagen\/2013\/06\/25\/veckans-samlade-favorittweets-9\/","title":{"rendered":"Veckans samlade favorittweets"},"content":{"rendered":"<div>Midsommar betyder tydligen att fler skriver fler och b\u00e4ttre saker \u00e4n vanligt p\u00e5 twitter. H\u00e4r \u00e4r n\u00e5gra upph\u00e5vade f\u00e5ngster ur den digitala floden. I vanlig ordning sorterar jag dem i &#8221;kristna&#8221;, &#8221;kloka&#8221; och &#8221;roliga&#8221; \u00e4ven om jag \u00e4r allt mindre n\u00f6jd med den uppdelningen. Klokt och roligt \u00e4r ofta detsamma och skillnaden mellan de &#8221;kristna&#8221; och de kloka \u00e4r ofta inte st\u00f6rre \u00e4n att Gud inte n\u00e4mns. N\u00e5ja, n\u00e5n struktur ska man ju ha. Nu k\u00f6r vi.<\/div>\n<div><\/div>\n<div><\/div>\n<div><b>Kristna (?) tweets<\/b><\/div>\n<div><\/div>\n<div><a href=\"http:\/\/3.bp.blogspot.com\/-MF9ojyvgLXg\/UchdjjDlKAI\/AAAAAAAAD_s\/eb-DKz558zs\/s1600\/Ska%CC%88rmavbild+2013-06-24+kl.+16.19.01.png\"><img loading=\"lazy\" decoding=\"async\" border=\"0\" height=\"75\" src=\"http:\/\/3.bp.blogspot.com\/-MF9ojyvgLXg\/UchdjjDlKAI\/AAAAAAAAD_s\/eb-DKz558zs\/s400\/Ska%CC%88rmavbild+2013-06-24+kl.+16.19.01.png\" width=\"400\"><\/a><\/div>\n<div><\/div>\n<div><\/div>\n<div><a href=\"http:\/\/1.bp.blogspot.com\/-ezemUwP5z4k\/UchdhMnxcLI\/AAAAAAAAD-s\/rRO57NhVhQs\/s1600\/Ska%CC%88rmavbild+2013-06-24+kl.+16.14.06.png\"><img loading=\"lazy\" decoding=\"async\" border=\"0\" height=\"71\" src=\"http:\/\/1.bp.blogspot.com\/-ezemUwP5z4k\/UchdhMnxcLI\/AAAAAAAAD-s\/rRO57NhVhQs\/s400\/Ska%CC%88rmavbild+2013-06-24+kl.+16.14.06.png\" width=\"400\"><\/a><\/div>\n<div><\/div>\n<div><\/div>\n<div>Och s\u00e5 n\u00e5gra korsningar mellan bibelord och starwars. Piggar alltid upp.<\/div>\n<div><a href=\"http:\/\/4.bp.blogspot.com\/-mU3w5EmKyD4\/UchdkDfPSLI\/AAAAAAAAD_4\/jnNJzvoZM-4\/s1600\/Ska%CC%88rmavbild+2013-06-24+kl.+16.19.12.png\"><img loading=\"lazy\" decoding=\"async\" border=\"0\" height=\"128\" src=\"http:\/\/4.bp.blogspot.com\/-mU3w5EmKyD4\/UchdkDfPSLI\/AAAAAAAAD_4\/jnNJzvoZM-4\/s400\/Ska%CC%88rmavbild+2013-06-24+kl.+16.19.12.png\" width=\"400\"><\/a><\/div>\n<div><\/div>\n<div><\/div>\n<div><a href=\"http:\/\/2.bp.blogspot.com\/-711c2pUUtcw\/Uchdiveg0WI\/AAAAAAAAD_Q\/WyqaiTwQ-eU\/s1600\/Ska%CC%88rmavbild+2013-06-24+kl.+16.17.38.png\"><img loading=\"lazy\" decoding=\"async\" border=\"0\" height=\"75\" src=\"http:\/\/2.bp.blogspot.com\/-711c2pUUtcw\/Uchdiveg0WI\/AAAAAAAAD_Q\/WyqaiTwQ-eU\/s400\/Ska%CC%88rmavbild+2013-06-24+kl.+16.17.38.png\" width=\"400\"><\/a><\/div>\n<div><\/div>\n<div><\/div>\n<div><a href=\"http:\/\/2.bp.blogspot.com\/-a9tX_jzcGlo\/UchdmW1yc0I\/AAAAAAAAEBA\/tzCK0HtWfqU\/s1600\/Ska%CC%88rmavbild+2013-06-24+kl.+16.32.36.png\"><img loading=\"lazy\" decoding=\"async\" border=\"0\" height=\"67\" src=\"http:\/\/2.bp.blogspot.com\/-a9tX_jzcGlo\/UchdmW1yc0I\/AAAAAAAAEBA\/tzCK0HtWfqU\/s400\/Ska%CC%88rmavbild+2013-06-24+kl.+16.32.36.png\" width=\"400\"><\/a><\/div>\n<div><\/div>\n<div><\/div>\n<div><a href=\"http:\/\/3.bp.blogspot.com\/-6zRyfY6VR3I\/Uchdi9MkefI\/AAAAAAAAD_g\/egcfD2l5gKs\/s1600\/Ska%CC%88rmavbild+2013-06-24+kl.+16.18.24.png\"><img loading=\"lazy\" decoding=\"async\" border=\"0\" height=\"60\" src=\"http:\/\/3.bp.blogspot.com\/-6zRyfY6VR3I\/Uchdi9MkefI\/AAAAAAAAD_g\/egcfD2l5gKs\/s400\/Ska%CC%88rmavbild+2013-06-24+kl.+16.18.24.png\" width=\"400\"><\/a><\/div>\n<div><\/div>\n<div><\/div>\n<div>N\u00e5gra verkligt fina tweets om att hitta sitt eget m\u00e4nniskov\u00e4rde:<\/div>\n<div><a href=\"http:\/\/2.bp.blogspot.com\/-iHe-Utvpzpg\/UchdkfLQ4WI\/AAAAAAAAEAI\/YzbQRAja87A\/s1600\/Ska%CC%88rmavbild+2013-06-24+kl.+16.26.58.png\"><img loading=\"lazy\" decoding=\"async\" border=\"0\" height=\"68\" src=\"http:\/\/2.bp.blogspot.com\/-iHe-Utvpzpg\/UchdkfLQ4WI\/AAAAAAAAEAI\/YzbQRAja87A\/s400\/Ska%CC%88rmavbild+2013-06-24+kl.+16.26.58.png\" width=\"400\"><\/a><\/div>\n<div><a href=\"http:\/\/2.bp.blogspot.com\/-Q1ZSiOKOvXM\/UchdkIkGhtI\/AAAAAAAAD_8\/Hbye0NagZpQ\/s1600\/Ska%CC%88rmavbild+2013-06-24+kl.+16.26.43.png\"><img loading=\"lazy\" decoding=\"async\" border=\"0\" height=\"145\" src=\"http:\/\/2.bp.blogspot.com\/-Q1ZSiOKOvXM\/UchdkIkGhtI\/AAAAAAAAD_8\/Hbye0NagZpQ\/s400\/Ska%CC%88rmavbild+2013-06-24+kl.+16.26.43.png\" width=\"400\"><\/a><\/div>\n<div><\/div>\n<div><\/div>\n<div><a href=\"http:\/\/1.bp.blogspot.com\/-RPGwdUI79wM\/Uchdk2SaFJI\/AAAAAAAAEAY\/dhextTrHjRo\/s1600\/Ska%CC%88rmavbild+2013-06-24+kl.+16.27.31.png\"><img loading=\"lazy\" decoding=\"async\" border=\"0\" height=\"87\" src=\"http:\/\/1.bp.blogspot.com\/-RPGwdUI79wM\/Uchdk2SaFJI\/AAAAAAAAEAY\/dhextTrHjRo\/s400\/Ska%CC%88rmavbild+2013-06-24+kl.+16.27.31.png\" width=\"400\"><\/a><\/div>\n<div><\/div>\n<div><\/div>\n<div>Den h\u00e4r&#8230; st\u00e4mmer ju inte, men det g\u00f6r \u00e5 andra sidan inte tjatet om att det skulle vara en fallos heller s\u00e5 jag kommer k\u00f6ra med den h\u00e4r fram\u00f6ver:<\/div>\n<div><a href=\"http:\/\/1.bp.blogspot.com\/-f7KsZJSUZ4o\/UchdnXHB6GI\/AAAAAAAAEBI\/emyeJspwSyc\/s1600\/Ska%CC%88rmavbild+2013-06-24+kl.+16.33.37.png\"><img loading=\"lazy\" decoding=\"async\" border=\"0\" height=\"58\" src=\"http:\/\/1.bp.blogspot.com\/-f7KsZJSUZ4o\/UchdnXHB6GI\/AAAAAAAAEBI\/emyeJspwSyc\/s400\/Ska%CC%88rmavbild+2013-06-24+kl.+16.33.37.png\" width=\"400\"><\/a><\/div>\n<div><\/div>\n<div><\/div>\n<div><a href=\"http:\/\/2.bp.blogspot.com\/-NF9TRXj0FKM\/UchdioKUuAI\/AAAAAAAAD_M\/QHZzSQ6Il8o\/s1600\/Ska%CC%88rmavbild+2013-06-24+kl.+16.18.04.png\"><img loading=\"lazy\" decoding=\"async\" border=\"0\" height=\"72\" src=\"http:\/\/2.bp.blogspot.com\/-NF9TRXj0FKM\/UchdioKUuAI\/AAAAAAAAD_M\/QHZzSQ6Il8o\/s400\/Ska%CC%88rmavbild+2013-06-24+kl.+16.18.04.png\" width=\"400\"><\/a><\/div>\n<div><\/div>\n<div>Augustinus, det \u00e4r grejer det!<\/div>\n<div><a href=\"http:\/\/3.bp.blogspot.com\/-TpSHTC6Spck\/UchdhkMWlDI\/AAAAAAAAD-0\/H6nZKmFYpEg\/s1600\/Ska%CC%88rmavbild+2013-06-24+kl.+16.14.16.png\"><img loading=\"lazy\" decoding=\"async\" border=\"0\" height=\"171\" src=\"http:\/\/3.bp.blogspot.com\/-TpSHTC6Spck\/UchdhkMWlDI\/AAAAAAAAD-0\/H6nZKmFYpEg\/s400\/Ska%CC%88rmavbild+2013-06-24+kl.+16.14.16.png\" width=\"400\"><\/a><\/div>\n<div><\/div>\n<div><\/div>\n<div><a href=\"http:\/\/4.bp.blogspot.com\/-WSkb0j5TRuY\/UchdogSLCfI\/AAAAAAAAEBo\/hU-ampbBTD8\/s1600\/Ska%CC%88rmavbild+2013-06-24+kl.+16.35.35.png\"><img loading=\"lazy\" decoding=\"async\" border=\"0\" height=\"72\" src=\"http:\/\/4.bp.blogspot.com\/-WSkb0j5TRuY\/UchdogSLCfI\/AAAAAAAAEBo\/hU-ampbBTD8\/s400\/Ska%CC%88rmavbild+2013-06-24+kl.+16.35.35.png\" width=\"400\"><\/a><\/div>\n<div><\/div>\n<div><\/div>\n<div><\/div>\n<div><\/div>\n<div><b>Kloka tweets<\/b><\/div>\n<div><b><br \/><\/b><\/div>\n<div><\/div>\n<div><a href=\"http:\/\/2.bp.blogspot.com\/-SRoDVcKfGLk\/UchdguJcy5I\/AAAAAAAAD-k\/KZjY36tmUp8\/s1600\/Ska%CC%88rmavbild+2013-06-24+kl.+16.12.40.png\"><img loading=\"lazy\" decoding=\"async\" border=\"0\" height=\"71\" src=\"http:\/\/2.bp.blogspot.com\/-SRoDVcKfGLk\/UchdguJcy5I\/AAAAAAAAD-k\/KZjY36tmUp8\/s400\/Ska%CC%88rmavbild+2013-06-24+kl.+16.12.40.png\" width=\"400\"><\/a><\/div>\n<div><\/div>\n<div><\/div>\n<div><a href=\"http:\/\/2.bp.blogspot.com\/-Nji5yincB1M\/Uchdh6nuOwI\/AAAAAAAAD-4\/Rxw4obcpd7E\/s1600\/Ska%CC%88rmavbild+2013-06-24+kl.+16.14.36.png\"><img loading=\"lazy\" decoding=\"async\" border=\"0\" height=\"72\" src=\"http:\/\/2.bp.blogspot.com\/-Nji5yincB1M\/Uchdh6nuOwI\/AAAAAAAAD-4\/Rxw4obcpd7E\/s400\/Ska%CC%88rmavbild+2013-06-24+kl.+16.14.36.png\" width=\"400\"><\/a><\/div>\n<div><\/div>\n<div><\/div>\n<div><a href=\"http:\/\/2.bp.blogspot.com\/-feCVZpjETlg\/Uchdlmh6_sI\/AAAAAAAAEAg\/XJXWGo3Sp5k\/s1600\/Ska%CC%88rmavbild+2013-06-24+kl.+16.28.24.png\"><img loading=\"lazy\" decoding=\"async\" border=\"0\" height=\"72\" src=\"http:\/\/2.bp.blogspot.com\/-feCVZpjETlg\/Uchdlmh6_sI\/AAAAAAAAEAg\/XJXWGo3Sp5k\/s400\/Ska%CC%88rmavbild+2013-06-24+kl.+16.28.24.png\" width=\"400\"><\/a><\/div>\n<div><\/div>\n<div><\/div>\n<div><a href=\"http:\/\/4.bp.blogspot.com\/-cxz15BzTgBw\/UchdjfjjTiI\/AAAAAAAAD_k\/5SDdhvyeR7o\/s1600\/Ska%CC%88rmavbild+2013-06-24+kl.+16.18.51.png\"><img loading=\"lazy\" decoding=\"async\" border=\"0\" height=\"70\" src=\"http:\/\/4.bp.blogspot.com\/-cxz15BzTgBw\/UchdjfjjTiI\/AAAAAAAAD_k\/5SDdhvyeR7o\/s400\/Ska%CC%88rmavbild+2013-06-24+kl.+16.18.51.png\" width=\"400\"><\/a><\/div>\n<div><\/div>\n<div><\/div>\n<div><a href=\"http:\/\/3.bp.blogspot.com\/-zcPRSezIlZs\/UchdnwgRSVI\/AAAAAAAAEBQ\/AkBDKQ9uzgw\/s1600\/Ska%CC%88rmavbild+2013-06-24+kl.+16.35.13.png\"><img loading=\"lazy\" decoding=\"async\" border=\"0\" height=\"73\" src=\"http:\/\/3.bp.blogspot.com\/-zcPRSezIlZs\/UchdnwgRSVI\/AAAAAAAAEBQ\/AkBDKQ9uzgw\/s400\/Ska%CC%88rmavbild+2013-06-24+kl.+16.35.13.png\" width=\"400\"><\/a><\/div>\n<div><\/div>\n<div><\/div>\n<div>(Vandra V\u00e4gen!)<\/div>\n<div><a href=\"http:\/\/2.bp.blogspot.com\/-d7ciMyHbC6w\/UchdntnFmwI\/AAAAAAAAEBc\/p0qw_Gu4F0M\/s1600\/Ska%CC%88rmavbild+2013-06-24+kl.+16.35.01.png\"><img loading=\"lazy\" decoding=\"async\" border=\"0\" height=\"58\" src=\"http:\/\/2.bp.blogspot.com\/-d7ciMyHbC6w\/UchdntnFmwI\/AAAAAAAAEBc\/p0qw_Gu4F0M\/s400\/Ska%CC%88rmavbild+2013-06-24+kl.+16.35.01.png\" width=\"400\"><\/a><\/div>\n<div><\/div>\n<div><\/div>\n<div><a href=\"http:\/\/2.bp.blogspot.com\/-tRfpjp5gAc8\/UchdoRQRgLI\/AAAAAAAAEBg\/vqe9OaOL5Ng\/s1600\/Ska%CC%88rmavbild+2013-06-24+kl.+16.35.24.png\"><img loading=\"lazy\" decoding=\"async\" border=\"0\" height=\"72\" src=\"http:\/\/2.bp.blogspot.com\/-tRfpjp5gAc8\/UchdoRQRgLI\/AAAAAAAAEBg\/vqe9OaOL5Ng\/s400\/Ska%CC%88rmavbild+2013-06-24+kl.+16.35.24.png\" width=\"400\"><\/a><\/div>\n<div><\/div>\n<div>Det h\u00e4r har jag ju skrivit om, <a href=\"http:\/\/www.vandravagen.se\/2013\/05\/lycka-eller-gladje-som-mal-i-livet.html\">lycka v.s. gl\u00e4dje<\/a>?<\/div>\n<div><a href=\"http:\/\/1.bp.blogspot.com\/-lc_9O0VfOsg\/UchdpqCgkhI\/AAAAAAAAECA\/1UJAA_QxIHQ\/s1600\/Ska%CC%88rmavbild+2013-06-24+kl.+16.37.28.png\"><img loading=\"lazy\" decoding=\"async\" border=\"0\" height=\"75\" src=\"http:\/\/1.bp.blogspot.com\/-lc_9O0VfOsg\/UchdpqCgkhI\/AAAAAAAAECA\/1UJAA_QxIHQ\/s400\/Ska%CC%88rmavbild+2013-06-24+kl.+16.37.28.png\" width=\"400\"><\/a><\/div>\n<div><\/div>\n<div><\/div>\n<div><\/div>\n<div><a href=\"http:\/\/2.bp.blogspot.com\/-Cj-C6dItcxA\/UchdpyyMDOI\/AAAAAAAAECQ\/AAztl6Ewkq4\/s1600\/Ska%CC%88rmavbild+2013-06-24+kl.+16.38.04.png\"><img loading=\"lazy\" decoding=\"async\" border=\"0\" height=\"90\" src=\"http:\/\/2.bp.blogspot.com\/-Cj-C6dItcxA\/UchdpyyMDOI\/AAAAAAAAECQ\/AAztl6Ewkq4\/s400\/Ska%CC%88rmavbild+2013-06-24+kl.+16.38.04.png\" width=\"400\"><\/a><\/div>\n<div><\/div>\n<div><\/div>\n<div><b>Roliga\/fyndiga tweets:<\/b><\/div>\n<div><a href=\"http:\/\/1.bp.blogspot.com\/-SbTMmkDmFcY\/UchdggzQrBI\/AAAAAAAAD-o\/2suktbiPkjE\/s1600\/Ska%CC%88rmavbild+2013-06-24+kl.+16.12.56.png\"><img loading=\"lazy\" decoding=\"async\" border=\"0\" height=\"72\" src=\"http:\/\/1.bp.blogspot.com\/-SbTMmkDmFcY\/UchdggzQrBI\/AAAAAAAAD-o\/2suktbiPkjE\/s400\/Ska%CC%88rmavbild+2013-06-24+kl.+16.12.56.png\" width=\"400\"><\/a><\/div>\n<div><\/div>\n<div><\/div>\n<div><a href=\"http:\/\/3.bp.blogspot.com\/-qEAxBOlQcR8\/UchdlJoE8UI\/AAAAAAAAEAQ\/1oGEMu9E1qk\/s1600\/Ska%CC%88rmavbild+2013-06-24+kl.+16.27.48.png\"><img loading=\"lazy\" decoding=\"async\" border=\"0\" height=\"58\" src=\"http:\/\/3.bp.blogspot.com\/-qEAxBOlQcR8\/UchdlJoE8UI\/AAAAAAAAEAQ\/1oGEMu9E1qk\/s400\/Ska%CC%88rmavbild+2013-06-24+kl.+16.27.48.png\" width=\"400\"><\/a><\/div>\n<div><\/div>\n<div><\/div>\n<div><a href=\"http:\/\/1.bp.blogspot.com\/-0BYWg0SP53M\/Uchdl_6_O0I\/AAAAAAAAEAo\/E-2R3lhMDDw\/s1600\/Ska%CC%88rmavbild+2013-06-24+kl.+16.29.16.png\"><img loading=\"lazy\" decoding=\"async\" border=\"0\" height=\"72\" src=\"http:\/\/1.bp.blogspot.com\/-0BYWg0SP53M\/Uchdl_6_O0I\/AAAAAAAAEAo\/E-2R3lhMDDw\/s400\/Ska%CC%88rmavbild+2013-06-24+kl.+16.29.16.png\" width=\"400\"><\/a><\/div>\n<div><\/div>\n<\/p>\n<div><a href=\"http:\/\/1.bp.blogspot.com\/-PbLAU2nLf6Y\/UchdmG58zNI\/AAAAAAAAEAw\/d83cEzEhgPg\/s1600\/Ska%CC%88rmavbild+2013-06-24+kl.+16.29.55.png\"><img loading=\"lazy\" decoding=\"async\" border=\"0\" height=\"72\" src=\"http:\/\/1.bp.blogspot.com\/-PbLAU2nLf6Y\/UchdmG58zNI\/AAAAAAAAEAw\/d83cEzEhgPg\/s400\/Ska%CC%88rmavbild+2013-06-24+kl.+16.29.55.png\" width=\"400\"><\/a><\/div>\n<div><\/div>\n<div><\/div>\n<div>Dagen f\u00f6re midsommarafton:<\/div>\n<div><a href=\"http:\/\/1.bp.blogspot.com\/-h8uV4PCV3YY\/UchdmxOyFNI\/AAAAAAAAEA8\/t_ARdzt_TFE\/s1600\/Ska%CC%88rmavbild+2013-06-24+kl.+16.33.16.png\"><img loading=\"lazy\" decoding=\"async\" border=\"0\" height=\"72\" src=\"http:\/\/1.bp.blogspot.com\/-h8uV4PCV3YY\/UchdmxOyFNI\/AAAAAAAAEA8\/t_ARdzt_TFE\/s400\/Ska%CC%88rmavbild+2013-06-24+kl.+16.33.16.png\" width=\"400\"><\/a><\/div>\n<div><\/div>\n<div><\/div>\n<div><a href=\"http:\/\/4.bp.blogspot.com\/-e_4WtS5kd58\/Uchdp8VBbZI\/AAAAAAAAECM\/CIfiEPIdDV4\/s1600\/Ska%CC%88rmavbild+2013-06-24+kl.+16.37.55.png\"><img loading=\"lazy\" decoding=\"async\" border=\"0\" height=\"75\" src=\"http:\/\/4.bp.blogspot.com\/-e_4WtS5kd58\/Uchdp8VBbZI\/AAAAAAAAECM\/CIfiEPIdDV4\/s400\/Ska%CC%88rmavbild+2013-06-24+kl.+16.37.55.png\" width=\"400\"><\/a><\/div>\n<div><\/div>\n<div><\/div>\n<div><\/div>\n<div>S\u00e5 h\u00e4r \u00e4r det. Fast jag \u00e4r glad att ni som l\u00e4ser den h\u00e4r bloggen \u00e4r s\u00e5 t\u00e5liga.<\/div>\n<div><a href=\"http:\/\/4.bp.blogspot.com\/-7QhcSO0BmME\/UchdpF0r5OI\/AAAAAAAAEBs\/_QKMeEjrwFI\/s1600\/Ska%CC%88rmavbild+2013-06-24+kl.+16.36.05.png\"><img loading=\"lazy\" decoding=\"async\" border=\"0\" height=\"85\" src=\"http:\/\/4.bp.blogspot.com\/-7QhcSO0BmME\/UchdpF0r5OI\/AAAAAAAAEBs\/_QKMeEjrwFI\/s400\/Ska%CC%88rmavbild+2013-06-24+kl.+16.36.05.png\" width=\"400\"><\/a><\/div>\n<div><\/div>\n<div><\/div>\n<div><a href=\"http:\/\/2.bp.blogspot.com\/-ewg0tmTAfn8\/UchdpMkrfwI\/AAAAAAAAEB0\/tcbCqB2Cw2I\/s1600\/Ska%CC%88rmavbild+2013-06-24+kl.+16.36.24.png\"><img loading=\"lazy\" decoding=\"async\" border=\"0\" height=\"58\" src=\"http:\/\/2.bp.blogspot.com\/-ewg0tmTAfn8\/UchdpMkrfwI\/AAAAAAAAEB0\/tcbCqB2Cw2I\/s400\/Ska%CC%88rmavbild+2013-06-24+kl.+16.36.24.png\" width=\"400\"><\/a><\/div>\n<div><\/div>\n<div><\/div>\n<div><a href=\"http:\/\/4.bp.blogspot.com\/-LzYSeWybEns\/Uchdql9I_MI\/AAAAAAAAECY\/B8hMu3CmnTc\/s1600\/Ska%CC%88rmavbild+2013-06-24+kl.+16.49.29.png\"><img loading=\"lazy\" decoding=\"async\" border=\"0\" height=\"61\" src=\"http:\/\/4.bp.blogspot.com\/-LzYSeWybEns\/Uchdql9I_MI\/AAAAAAAAECY\/B8hMu3CmnTc\/s400\/Ska%CC%88rmavbild+2013-06-24+kl.+16.49.29.png\" width=\"400\"><\/a><\/div>\n<\/p>\n<div><\/div>\n<\/p>\n<div><b>Veckans b\u00e4sta tweet<\/b><\/div>\n<div><\/div>\n<div>\u00e4r skrivet av @gudargod och uttrycker mycket av mina k\u00e4nslor kring sociala medier. Det d\u00e4r med <a href=\"http:\/\/www.vandravagen.se\/2013\/06\/gronare-gras-i-prastens-spruckna-kruka.html\">gr\u00e4set som \u00e4r gr\u00f6nare \u00e4n mitt eget<\/a>.<\/div>\n<div><\/div>\n<div><\/div>\n<div><\/div>\n<div><\/div>\n<div><a href=\"http:\/\/2.bp.blogspot.com\/-niqu1zAFs2U\/Uchdh7L8iFI\/AAAAAAAAD_A\/YVmUcDhgkYY\/s1600\/Ska%CC%88rmavbild+2013-06-24+kl.+16.14.42.png\"><img loading=\"lazy\" decoding=\"async\" border=\"0\" height=\"72\" src=\"http:\/\/2.bp.blogspot.com\/-niqu1zAFs2U\/Uchdh7L8iFI\/AAAAAAAAD_A\/YVmUcDhgkYY\/s400\/Ska%CC%88rmavbild+2013-06-24+kl.+16.14.42.png\" width=\"400\"><\/a><\/div>\n<div><\/div>\n<div><\/div>\n<div><\/div>\n<div>Tack alla! det blev m\u00e5nga tweets den h\u00e4r g\u00e5ngen. \u00c4r folk mer spirituella om sommaren?<\/div><\/p>\n","protected":false},"excerpt":{"rendered":"<p>Midsommar betyder tydligen att fler skriver fler och b\u00e4ttre saker \u00e4n vanligt p\u00e5 twitter. H\u00e4r \u00e4r n\u00e5gra upph\u00e5vade f\u00e5ngster ur den digitala floden. I vanlig ordning sorterar jag dem i &#8221;kristna&#8221;, &#8221;kloka&#8221; och &#8221;roliga&#8221; \u00e4ven om jag \u00e4r allt mindre n\u00f6jd med den uppdelningen. Klokt och roligt \u00e4r ofta detsamma och skillnaden mellan de &#8221;kristna&#8221; [&hellip;]<\/p>\n","protected":false},"author":392,"featured_media":0,"comment_status":"open","ping_status":"open","sticky":false,"template":"","format":"standard","meta":{"_acf_changed":false,"footnotes":""},"categories":[76766],"tags":[],"class_list":["post-493","post","type-post","status-publish","format-standard","hentry","category-blandat"],"acf":[],"yoast_head":"<!-- This site is optimized with the Yoast SEO plugin v27.1.1 - https:\/\/yoast.com\/product\/yoast-seo-wordpress\/ -->\n<title>Veckans samlade favorittweets - Vandra V\u00e4gen<\/title>\n<meta name=\"robots\" content=\"index, follow, max-snippet:-1, max-image-preview:large, max-video-preview:-1\" \/>\n<link rel=\"canonical\" href=\"https:\/\/blogg.svenskakyrkan.se\/vandravagen\/2013\/06\/25\/veckans-samlade-favorittweets-9\/\" \/>\n<meta property=\"og:locale\" content=\"sv_SE\" \/>\n<meta property=\"og:type\" content=\"article\" \/>\n<meta property=\"og:title\" content=\"Veckans samlade favorittweets - Vandra V\u00e4gen\" \/>\n<meta property=\"og:description\" content=\"Midsommar betyder tydligen att fler skriver fler och b\u00e4ttre saker \u00e4n vanligt p\u00e5 twitter. H\u00e4r \u00e4r n\u00e5gra upph\u00e5vade f\u00e5ngster ur den digitala floden. I vanlig ordning sorterar jag dem i &#8221;kristna&#8221;, &#8221;kloka&#8221; och &#8221;roliga&#8221; \u00e4ven om jag \u00e4r allt mindre n\u00f6jd med den uppdelningen. Klokt och roligt \u00e4r ofta detsamma och skillnaden mellan de &#8221;kristna&#8221; [&hellip;]\" \/>\n<meta property=\"og:url\" content=\"https:\/\/blogg.svenskakyrkan.se\/vandravagen\/2013\/06\/25\/veckans-samlade-favorittweets-9\/\" \/>\n<meta property=\"og:site_name\" content=\"Vandra V\u00e4gen\" \/>\n<meta property=\"article:publisher\" content=\"http:\/\/facebook.com\/vandravagen\" \/>\n<meta property=\"article:published_time\" content=\"2013-06-25T06:00:00+00:00\" \/>\n<meta property=\"og:image\" content=\"http:\/\/3.bp.blogspot.com\/-MF9ojyvgLXg\/UchdjjDlKAI\/AAAAAAAAD_s\/eb-DKz558zs\/s400\/Ska%CC%88rmavbild+2013-06-24+kl.+16.19.01.png\" \/>\n<meta name=\"author\" content=\"Tomas Jarvid\" \/>\n<meta name=\"twitter:card\" content=\"summary_large_image\" \/>\n<meta name=\"twitter:creator\" content=\"@fadertomas\" \/>\n<meta name=\"twitter:site\" content=\"@fadertomas\" \/>\n<meta name=\"twitter:label1\" content=\"Skriven av\" \/>\n\t<meta name=\"twitter:data1\" content=\"Tomas Jarvid\" \/>\n\t<meta name=\"twitter:label2\" content=\"Ber\u00e4knad l\u00e4stid\" \/>\n\t<meta name=\"twitter:data2\" content=\"1 minut\" \/>\n<script type=\"application\/ld+json\" class=\"yoast-schema-graph\">{\"@context\":\"https:\/\/schema.org\",\"@graph\":[{\"@type\":\"Article\",\"@id\":\"https:\/\/blogg.svenskakyrkan.se\/vandravagen\/2013\/06\/25\/veckans-samlade-favorittweets-9\/#article\",\"isPartOf\":{\"@id\":\"https:\/\/blogg.svenskakyrkan.se\/vandravagen\/2013\/06\/25\/veckans-samlade-favorittweets-9\/\"},\"author\":{\"name\":\"Tomas Jarvid\",\"@id\":\"https:\/\/blogg.svenskakyrkan.se\/vandravagen\/#\/schema\/person\/25da02d4f76b137d04291711e2c9fc16\"},\"headline\":\"Veckans samlade favorittweets\",\"datePublished\":\"2013-06-25T06:00:00+00:00\",\"mainEntityOfPage\":{\"@id\":\"https:\/\/blogg.svenskakyrkan.se\/vandravagen\/2013\/06\/25\/veckans-samlade-favorittweets-9\/\"},\"wordCount\":253,\"commentCount\":0,\"publisher\":{\"@id\":\"https:\/\/blogg.svenskakyrkan.se\/vandravagen\/#organization\"},\"image\":{\"@id\":\"https:\/\/blogg.svenskakyrkan.se\/vandravagen\/2013\/06\/25\/veckans-samlade-favorittweets-9\/#primaryimage\"},\"thumbnailUrl\":\"http:\/\/3.bp.blogspot.com\/-MF9ojyvgLXg\/UchdjjDlKAI\/AAAAAAAAD_s\/eb-DKz558zs\/s400\/Ska%CC%88rmavbild+2013-06-24+kl.+16.19.01.png\",\"articleSection\":[\"blandat\"],\"inLanguage\":\"sv-SE\",\"potentialAction\":[{\"@type\":\"CommentAction\",\"name\":\"Comment\",\"target\":[\"https:\/\/blogg.svenskakyrkan.se\/vandravagen\/2013\/06\/25\/veckans-samlade-favorittweets-9\/#respond\"]}]},{\"@type\":\"WebPage\",\"@id\":\"https:\/\/blogg.svenskakyrkan.se\/vandravagen\/2013\/06\/25\/veckans-samlade-favorittweets-9\/\",\"url\":\"https:\/\/blogg.svenskakyrkan.se\/vandravagen\/2013\/06\/25\/veckans-samlade-favorittweets-9\/\",\"name\":\"Veckans samlade favorittweets - Vandra V\u00e4gen\",\"isPartOf\":{\"@id\":\"https:\/\/blogg.svenskakyrkan.se\/vandravagen\/#website\"},\"primaryImageOfPage\":{\"@id\":\"https:\/\/blogg.svenskakyrkan.se\/vandravagen\/2013\/06\/25\/veckans-samlade-favorittweets-9\/#primaryimage\"},\"image\":{\"@id\":\"https:\/\/blogg.svenskakyrkan.se\/vandravagen\/2013\/06\/25\/veckans-samlade-favorittweets-9\/#primaryimage\"},\"thumbnailUrl\":\"http:\/\/3.bp.blogspot.com\/-MF9ojyvgLXg\/UchdjjDlKAI\/AAAAAAAAD_s\/eb-DKz558zs\/s400\/Ska%CC%88rmavbild+2013-06-24+kl.+16.19.01.png\",\"datePublished\":\"2013-06-25T06:00:00+00:00\",\"breadcrumb\":{\"@id\":\"https:\/\/blogg.svenskakyrkan.se\/vandravagen\/2013\/06\/25\/veckans-samlade-favorittweets-9\/#breadcrumb\"},\"inLanguage\":\"sv-SE\",\"potentialAction\":[{\"@type\":\"ReadAction\",\"target\":[\"https:\/\/blogg.svenskakyrkan.se\/vandravagen\/2013\/06\/25\/veckans-samlade-favorittweets-9\/\"]}]},{\"@type\":\"ImageObject\",\"inLanguage\":\"sv-SE\",\"@id\":\"https:\/\/blogg.svenskakyrkan.se\/vandravagen\/2013\/06\/25\/veckans-samlade-favorittweets-9\/#primaryimage\",\"url\":\"http:\/\/3.bp.blogspot.com\/-MF9ojyvgLXg\/UchdjjDlKAI\/AAAAAAAAD_s\/eb-DKz558zs\/s400\/Ska%CC%88rmavbild+2013-06-24+kl.+16.19.01.png\",\"contentUrl\":\"http:\/\/3.bp.blogspot.com\/-MF9ojyvgLXg\/UchdjjDlKAI\/AAAAAAAAD_s\/eb-DKz558zs\/s400\/Ska%CC%88rmavbild+2013-06-24+kl.+16.19.01.png\"},{\"@type\":\"BreadcrumbList\",\"@id\":\"https:\/\/blogg.svenskakyrkan.se\/vandravagen\/2013\/06\/25\/veckans-samlade-favorittweets-9\/#breadcrumb\",\"itemListElement\":[{\"@type\":\"ListItem\",\"position\":1,\"name\":\"Hem\",\"item\":\"https:\/\/blogg.svenskakyrkan.se\/vandravagen\/\"},{\"@type\":\"ListItem\",\"position\":2,\"name\":\"Veckans samlade favorittweets\"}]},{\"@type\":\"WebSite\",\"@id\":\"https:\/\/blogg.svenskakyrkan.se\/vandravagen\/#website\",\"url\":\"https:\/\/blogg.svenskakyrkan.se\/vandravagen\/\",\"name\":\"Vandra V\u00e4gen\",\"description\":\"-Mot en tro f\u00f6r hela livet\",\"publisher\":{\"@id\":\"https:\/\/blogg.svenskakyrkan.se\/vandravagen\/#organization\"},\"potentialAction\":[{\"@type\":\"SearchAction\",\"target\":{\"@type\":\"EntryPoint\",\"urlTemplate\":\"https:\/\/blogg.svenskakyrkan.se\/vandravagen\/?s={search_term_string}\"},\"query-input\":{\"@type\":\"PropertyValueSpecification\",\"valueRequired\":true,\"valueName\":\"search_term_string\"}}],\"inLanguage\":\"sv-SE\"},{\"@type\":\"Organization\",\"@id\":\"https:\/\/blogg.svenskakyrkan.se\/vandravagen\/#organization\",\"name\":\"ulricehamns pastorat\",\"alternateName\":\"ulricehamns pastorat\",\"url\":\"https:\/\/blogg.svenskakyrkan.se\/vandravagen\/\",\"logo\":{\"@type\":\"ImageObject\",\"inLanguage\":\"sv-SE\",\"@id\":\"https:\/\/blogg.svenskakyrkan.se\/vandravagen\/#\/schema\/logo\/image\/\",\"url\":\"https:\/\/blogg.svenskakyrkan.se\/vandravagen\/files\/2023\/05\/Ulr_logo_RGB.png\",\"contentUrl\":\"https:\/\/blogg.svenskakyrkan.se\/vandravagen\/files\/2023\/05\/Ulr_logo_RGB.png\",\"width\":205,\"height\":77,\"caption\":\"ulricehamns pastorat\"},\"image\":{\"@id\":\"https:\/\/blogg.svenskakyrkan.se\/vandravagen\/#\/schema\/logo\/image\/\"},\"sameAs\":[\"http:\/\/facebook.com\/vandravagen\",\"https:\/\/x.com\/fadertomas\",\"http:\/\/www.facebook.com\/svenskakyrkaniulricehamn\"]},{\"@type\":\"Person\",\"@id\":\"https:\/\/blogg.svenskakyrkan.se\/vandravagen\/#\/schema\/person\/25da02d4f76b137d04291711e2c9fc16\",\"name\":\"Tomas Jarvid\",\"image\":{\"@type\":\"ImageObject\",\"inLanguage\":\"sv-SE\",\"@id\":\"https:\/\/blogg.svenskakyrkan.se\/vandravagen\/#\/schema\/person\/image\/\",\"url\":\"https:\/\/secure.gravatar.com\/avatar\/7fa71899795e8f540f615a1f5ab25255dc27aa40f05ee7ddd21aac521e01bf50?s=96&d=identicon&r=g\",\"contentUrl\":\"https:\/\/secure.gravatar.com\/avatar\/7fa71899795e8f540f615a1f5ab25255dc27aa40f05ee7ddd21aac521e01bf50?s=96&d=identicon&r=g\",\"caption\":\"Tomas Jarvid\"},\"description\":\"Jag bor i Ulricehamn i V\u00e4sterg\u00f6tland och \u00e4r f\u00f6rsamlingspr\u00e4st i Svenska Kyrkan f\u00f6r Dalstorps f\u00f6rsamling i Kinds pastorat. P\u00e5 den h\u00e4r bloggen skriver jag ner tankar om vandringen som kristen.\",\"sameAs\":[\"http:\/\/www.vandravagen.se\"],\"url\":\"https:\/\/blogg.svenskakyrkan.se\/vandravagen\/author\/vandravagen\/\"}]}<\/script>\n<!-- \/ Yoast SEO plugin. -->","yoast_head_json":{"title":"Veckans samlade favorittweets - Vandra V\u00e4gen","robots":{"index":"index","follow":"follow","max-snippet":"max-snippet:-1","max-image-preview":"max-image-preview:large","max-video-preview":"max-video-preview:-1"},"canonical":"https:\/\/blogg.svenskakyrkan.se\/vandravagen\/2013\/06\/25\/veckans-samlade-favorittweets-9\/","og_locale":"sv_SE","og_type":"article","og_title":"Veckans samlade favorittweets - Vandra V\u00e4gen","og_description":"Midsommar betyder tydligen att fler skriver fler och b\u00e4ttre saker \u00e4n vanligt p\u00e5 twitter. H\u00e4r \u00e4r n\u00e5gra upph\u00e5vade f\u00e5ngster ur den digitala floden. I vanlig ordning sorterar jag dem i &#8221;kristna&#8221;, &#8221;kloka&#8221; och &#8221;roliga&#8221; \u00e4ven om jag \u00e4r allt mindre n\u00f6jd med den uppdelningen. Klokt och roligt \u00e4r ofta detsamma och skillnaden mellan de &#8221;kristna&#8221; [&hellip;]","og_url":"https:\/\/blogg.svenskakyrkan.se\/vandravagen\/2013\/06\/25\/veckans-samlade-favorittweets-9\/","og_site_name":"Vandra V\u00e4gen","article_publisher":"http:\/\/facebook.com\/vandravagen","article_published_time":"2013-06-25T06:00:00+00:00","og_image":[{"url":"http:\/\/3.bp.blogspot.com\/-MF9ojyvgLXg\/UchdjjDlKAI\/AAAAAAAAD_s\/eb-DKz558zs\/s400\/Ska%CC%88rmavbild+2013-06-24+kl.+16.19.01.png","type":"","width":"","height":""}],"author":"Tomas Jarvid","twitter_card":"summary_large_image","twitter_creator":"@fadertomas","twitter_site":"@fadertomas","twitter_misc":{"Skriven av":"Tomas Jarvid","Ber\u00e4knad l\u00e4stid":"1 minut"},"schema":{"@context":"https:\/\/schema.org","@graph":[{"@type":"Article","@id":"https:\/\/blogg.svenskakyrkan.se\/vandravagen\/2013\/06\/25\/veckans-samlade-favorittweets-9\/#article","isPartOf":{"@id":"https:\/\/blogg.svenskakyrkan.se\/vandravagen\/2013\/06\/25\/veckans-samlade-favorittweets-9\/"},"author":{"name":"Tomas Jarvid","@id":"https:\/\/blogg.svenskakyrkan.se\/vandravagen\/#\/schema\/person\/25da02d4f76b137d04291711e2c9fc16"},"headline":"Veckans samlade favorittweets","datePublished":"2013-06-25T06:00:00+00:00","mainEntityOfPage":{"@id":"https:\/\/blogg.svenskakyrkan.se\/vandravagen\/2013\/06\/25\/veckans-samlade-favorittweets-9\/"},"wordCount":253,"commentCount":0,"publisher":{"@id":"https:\/\/blogg.svenskakyrkan.se\/vandravagen\/#organization"},"image":{"@id":"https:\/\/blogg.svenskakyrkan.se\/vandravagen\/2013\/06\/25\/veckans-samlade-favorittweets-9\/#primaryimage"},"thumbnailUrl":"http:\/\/3.bp.blogspot.com\/-MF9ojyvgLXg\/UchdjjDlKAI\/AAAAAAAAD_s\/eb-DKz558zs\/s400\/Ska%CC%88rmavbild+2013-06-24+kl.+16.19.01.png","articleSection":["blandat"],"inLanguage":"sv-SE","potentialAction":[{"@type":"CommentAction","name":"Comment","target":["https:\/\/blogg.svenskakyrkan.se\/vandravagen\/2013\/06\/25\/veckans-samlade-favorittweets-9\/#respond"]}]},{"@type":"WebPage","@id":"https:\/\/blogg.svenskakyrkan.se\/vandravagen\/2013\/06\/25\/veckans-samlade-favorittweets-9\/","url":"https:\/\/blogg.svenskakyrkan.se\/vandravagen\/2013\/06\/25\/veckans-samlade-favorittweets-9\/","name":"Veckans samlade favorittweets - Vandra V\u00e4gen","isPartOf":{"@id":"https:\/\/blogg.svenskakyrkan.se\/vandravagen\/#website"},"primaryImageOfPage":{"@id":"https:\/\/blogg.svenskakyrkan.se\/vandravagen\/2013\/06\/25\/veckans-samlade-favorittweets-9\/#primaryimage"},"image":{"@id":"https:\/\/blogg.svenskakyrkan.se\/vandravagen\/2013\/06\/25\/veckans-samlade-favorittweets-9\/#primaryimage"},"thumbnailUrl":"http:\/\/3.bp.blogspot.com\/-MF9ojyvgLXg\/UchdjjDlKAI\/AAAAAAAAD_s\/eb-DKz558zs\/s400\/Ska%CC%88rmavbild+2013-06-24+kl.+16.19.01.png","datePublished":"2013-06-25T06:00:00+00:00","breadcrumb":{"@id":"https:\/\/blogg.svenskakyrkan.se\/vandravagen\/2013\/06\/25\/veckans-samlade-favorittweets-9\/#breadcrumb"},"inLanguage":"sv-SE","potentialAction":[{"@type":"ReadAction","target":["https:\/\/blogg.svenskakyrkan.se\/vandravagen\/2013\/06\/25\/veckans-samlade-favorittweets-9\/"]}]},{"@type":"ImageObject","inLanguage":"sv-SE","@id":"https:\/\/blogg.svenskakyrkan.se\/vandravagen\/2013\/06\/25\/veckans-samlade-favorittweets-9\/#primaryimage","url":"http:\/\/3.bp.blogspot.com\/-MF9ojyvgLXg\/UchdjjDlKAI\/AAAAAAAAD_s\/eb-DKz558zs\/s400\/Ska%CC%88rmavbild+2013-06-24+kl.+16.19.01.png","contentUrl":"http:\/\/3.bp.blogspot.com\/-MF9ojyvgLXg\/UchdjjDlKAI\/AAAAAAAAD_s\/eb-DKz558zs\/s400\/Ska%CC%88rmavbild+2013-06-24+kl.+16.19.01.png"},{"@type":"BreadcrumbList","@id":"https:\/\/blogg.svenskakyrkan.se\/vandravagen\/2013\/06\/25\/veckans-samlade-favorittweets-9\/#breadcrumb","itemListElement":[{"@type":"ListItem","position":1,"name":"Hem","item":"https:\/\/blogg.svenskakyrkan.se\/vandravagen\/"},{"@type":"ListItem","position":2,"name":"Veckans samlade favorittweets"}]},{"@type":"WebSite","@id":"https:\/\/blogg.svenskakyrkan.se\/vandravagen\/#website","url":"https:\/\/blogg.svenskakyrkan.se\/vandravagen\/","name":"Vandra V\u00e4gen","description":"-Mot en tro f\u00f6r hela livet","publisher":{"@id":"https:\/\/blogg.svenskakyrkan.se\/vandravagen\/#organization"},"potentialAction":[{"@type":"SearchAction","target":{"@type":"EntryPoint","urlTemplate":"https:\/\/blogg.svenskakyrkan.se\/vandravagen\/?s={search_term_string}"},"query-input":{"@type":"PropertyValueSpecification","valueRequired":true,"valueName":"search_term_string"}}],"inLanguage":"sv-SE"},{"@type":"Organization","@id":"https:\/\/blogg.svenskakyrkan.se\/vandravagen\/#organization","name":"ulricehamns pastorat","alternateName":"ulricehamns pastorat","url":"https:\/\/blogg.svenskakyrkan.se\/vandravagen\/","logo":{"@type":"ImageObject","inLanguage":"sv-SE","@id":"https:\/\/blogg.svenskakyrkan.se\/vandravagen\/#\/schema\/logo\/image\/","url":"https:\/\/blogg.svenskakyrkan.se\/vandravagen\/files\/2023\/05\/Ulr_logo_RGB.png","contentUrl":"https:\/\/blogg.svenskakyrkan.se\/vandravagen\/files\/2023\/05\/Ulr_logo_RGB.png","width":205,"height":77,"caption":"ulricehamns pastorat"},"image":{"@id":"https:\/\/blogg.svenskakyrkan.se\/vandravagen\/#\/schema\/logo\/image\/"},"sameAs":["http:\/\/facebook.com\/vandravagen","https:\/\/x.com\/fadertomas","http:\/\/www.facebook.com\/svenskakyrkaniulricehamn"]},{"@type":"Person","@id":"https:\/\/blogg.svenskakyrkan.se\/vandravagen\/#\/schema\/person\/25da02d4f76b137d04291711e2c9fc16","name":"Tomas Jarvid","image":{"@type":"ImageObject","inLanguage":"sv-SE","@id":"https:\/\/blogg.svenskakyrkan.se\/vandravagen\/#\/schema\/person\/image\/","url":"https:\/\/secure.gravatar.com\/avatar\/7fa71899795e8f540f615a1f5ab25255dc27aa40f05ee7ddd21aac521e01bf50?s=96&d=identicon&r=g","contentUrl":"https:\/\/secure.gravatar.com\/avatar\/7fa71899795e8f540f615a1f5ab25255dc27aa40f05ee7ddd21aac521e01bf50?s=96&d=identicon&r=g","caption":"Tomas Jarvid"},"description":"Jag bor i Ulricehamn i V\u00e4sterg\u00f6tland och \u00e4r f\u00f6rsamlingspr\u00e4st i Svenska Kyrkan f\u00f6r Dalstorps f\u00f6rsamling i Kinds pastorat. P\u00e5 den h\u00e4r bloggen skriver jag ner tankar om vandringen som kristen.","sameAs":["http:\/\/www.vandravagen.se"],"url":"https:\/\/blogg.svenskakyrkan.se\/vandravagen\/author\/vandravagen\/"}]}},"author_meta":{"ID":"392","user_nicename":"vandravagen","user_url":"http:\/\/www.vandravagen.se","user_registered":"2014-05-19 05:44:52","display_name":"Tomas Jarvid","first_name":"Tomas","last_name":"Jarvid","avatar":"https:\/\/secure.gravatar.com\/avatar\/7fa71899795e8f540f615a1f5ab25255dc27aa40f05ee7ddd21aac521e01bf50?s=96&d=identicon&r=g"},"featured_image":false,"bloginfo":{"name":"Vandra V\u00e4gen","url":"https:\/\/blogg.svenskakyrkan.se\/vandravagen"},"_links":{"self":[{"href":"https:\/\/blogg.svenskakyrkan.se\/vandravagen\/wp-json\/wp\/v2\/posts\/493","targetHints":{"allow":["GET"]}}],"collection":[{"href":"https:\/\/blogg.svenskakyrkan.se\/vandravagen\/wp-json\/wp\/v2\/posts"}],"about":[{"href":"https:\/\/blogg.svenskakyrkan.se\/vandravagen\/wp-json\/wp\/v2\/types\/post"}],"author":[{"embeddable":true,"href":"https:\/\/blogg.svenskakyrkan.se\/vandravagen\/wp-json\/wp\/v2\/users\/392"}],"replies":[{"embeddable":true,"href":"https:\/\/blogg.svenskakyrkan.se\/vandravagen\/wp-json\/wp\/v2\/comments?post=493"}],"version-history":[{"count":0,"href":"https:\/\/blogg.svenskakyrkan.se\/vandravagen\/wp-json\/wp\/v2\/posts\/493\/revisions"}],"wp:attachment":[{"href":"https:\/\/blogg.svenskakyrkan.se\/vandravagen\/wp-json\/wp\/v2\/media?parent=493"}],"wp:term":[{"taxonomy":"category","embeddable":true,"href":"https:\/\/blogg.svenskakyrkan.se\/vandravagen\/wp-json\/wp\/v2\/categories?post=493"},{"taxonomy":"post_tag","embeddable":true,"href":"https:\/\/blogg.svenskakyrkan.se\/vandravagen\/wp-json\/wp\/v2\/tags?post=493"}],"curies":[{"name":"wp","href":"https:\/\/api.w.org\/{rel}","templated":true}]}}