{"id":4985,"date":"2016-08-04T07:00:52","date_gmt":"2016-08-04T05:00:52","guid":{"rendered":"http:\/\/blogg.svenskakyrkan.se\/vandravagen\/?p=4985"},"modified":"2016-08-03T22:28:07","modified_gmt":"2016-08-03T20:28:07","slug":"pilgrimens-attonde-nyckelord","status":"publish","type":"post","link":"https:\/\/blogg.svenskakyrkan.se\/vandravagen\/2016\/08\/04\/pilgrimens-attonde-nyckelord\/","title":{"rendered":"Pilgrimens \u00e5ttonde nyckelord"},"content":{"rendered":"<div id=\"attachment_5003\" style=\"width: 630px\" class=\"wp-caption aligncenter\"><a href=\"http:\/\/blogg.svenskakyrkan.se\/vandravagen\/files\/2016\/08\/IMG_8133.jpg\"><img loading=\"lazy\" decoding=\"async\" aria-describedby=\"caption-attachment-5003\" class=\"size-full wp-image-5003\" src=\"http:\/\/blogg.svenskakyrkan.se\/vandravagen\/files\/2016\/08\/IMG_8133.jpg\" alt=\"Gammal karta av Island. Forna tiders m\u00e4nniskor r\u00f6rde sig p\u00e5 m\u00e5nga s\u00e4tt i en magisk v\u00e4rld som sedan blivit &quot;avf\u00f6rtrollad&quot;, hur g\u00f6r vi f\u00f6r att \u00e4nd\u00e5 ha \u00f6gon f\u00f6r undret i naturen?\" width=\"620\" height=\"400\" srcset=\"https:\/\/blogg.svenskakyrkan.se\/vandravagen\/files\/2016\/08\/IMG_8133.jpg 620w, https:\/\/blogg.svenskakyrkan.se\/vandravagen\/files\/2016\/08\/IMG_8133-300x194.jpg 300w, https:\/\/blogg.svenskakyrkan.se\/vandravagen\/files\/2016\/08\/IMG_8133-465x300.jpg 465w\" sizes=\"auto, (max-width: 620px) 100vw, 620px\" \/><\/a><p id=\"caption-attachment-5003\" class=\"wp-caption-text\">Gammal karta av Island. Forna tiders m\u00e4nniskor r\u00f6rde sig p\u00e5 m\u00e5nga s\u00e4tt i en magisk v\u00e4rld som sedan blivit &#8221;avf\u00f6rtrollad&#8221;, hur g\u00f6r vi f\u00f6r att \u00e4nd\u00e5 ha \u00f6gon f\u00f6r undret i naturen?<\/p><\/div>\n<p>Ingen som varit i kontakt med pilgrimsr\u00f6relsen i Sverige har kunnat missa att h\u00f6ra om &#8221;pilgrimens sju nyckelord&#8221; (Frihet, Enkelhet, Tystnad, Bekymmersl\u00f6shet, L\u00e5ngsamhet, Andlighet och Delande) (och h\u00e4r p\u00e5 bloggen har jag d\u00e4rf\u00f6r \u00e4ven slagit n\u00e5gra slag f\u00f6r &#8221;<a href=\"http:\/\/blogg.svenskakyrkan.se\/vandravagen\/2015\/08\/31\/pilgrimens-sju-norska-nyckelord\/\">pilgrimens sju norska nyckelord<\/a>&#8221; och &#8221;<a href=\"http:\/\/blogg.svenskakyrkan.se\/vandravagen\/2015\/09\/01\/pilgrimens-sju-ledord\/%20\">pilgrimens sju ledord<\/a>&#8221; ocks\u00e5 f\u00f6r att bredda horisonten). Det d\u00e4r med sju punkter \u00e4r ju snyggt och bra, sju \u00e4r ju ett heligt tal och allt. \u00c4nd\u00e5 har jag nyligen h\u00f6rt talas om <strong>ett \u00e5ttonde nyckelord<\/strong>.<\/p>\n<p>Det l\u00e4r vara s\u00e5 att milj\u00f6k\u00e4mpen Stefan Edman har nominerat \u00e4nnu ett ord till samlingen. N\u00e4mligen<\/p>\n<p><strong>F\u00d6RUNDRAN<\/strong><\/p>\n<p>och det \u00e4r ju en v\u00e4rdig kandidat p\u00e5 alla s\u00e4tt. F\u00f6rundran kommer fr\u00e5n och leder till mycket gott. N\u00e5got f\u00f6r pilgrimen att \u00e4gna sig \u00e5t p\u00e5 v\u00e4g genom livet s\u00e5 ofta det g\u00e5r allts\u00e5. Fr\u00e5gan \u00e4r kanske hur man g\u00f6r men det kan nog till stor del komma av sig sj\u00e4lv n\u00e4r man r\u00f6r sig l\u00e5ngsammare och betraktar livet noggrannare f\u00f6r en tid som pilgrim.<\/p>\n<p>Jag har p\u00e5 sista tiden funderat p\u00e5 om jag \u00e4nd\u00e5 inte tycker att de l\u00e5ter lite f\u00f6r &#8221;fina&#8221;, de d\u00e4r nyckelorden. Hur vore det om det fanns med n\u00e5got som l\u00e4t lite skitigare och ruffigare i listan? Det andliga livet r\u00f6r ju inte bara det st\u00e4mningsfulla och friden utan allt som r\u00f6r sig i sj\u00e4len. Kanske en lista med existentiella ord som &#8221;ensamhet&#8221; (som ju \u00e4r ganska tveeggat) eller &#8221;l\u00e5ngtr\u00e5kighet&#8221; (som ju inte direkt l\u00e5ter andligt alls men kanske rymmer n\u00e5got viktigt det med?).<\/p>\n<p>Hur ser du p\u00e5 f\u00f6rundran eller dessa sista skisser? Skriv en kommentar!<\/p>\n<p>&nbsp;<\/p>\n","protected":false},"excerpt":{"rendered":"<p>Ingen som varit i kontakt med pilgrimsr\u00f6relsen i Sverige har kunnat missa att h\u00f6ra om &#8221;pilgrimens sju nyckelord&#8221; (Frihet, Enkelhet, Tystnad, Bekymmersl\u00f6shet, L\u00e5ngsamhet, Andlighet och Delande) (och h\u00e4r p\u00e5 bloggen har jag d\u00e4rf\u00f6r \u00e4ven slagit n\u00e5gra slag f\u00f6r &#8221;pilgrimens sju norska nyckelord&#8221; och &#8221;pilgrimens sju ledord&#8221; ocks\u00e5 f\u00f6r att bredda horisonten). Det d\u00e4r med sju [&hellip;]<\/p>\n","protected":false},"author":392,"featured_media":0,"comment_status":"open","ping_status":"open","sticky":false,"template":"","format":"standard","meta":{"_acf_changed":false,"footnotes":""},"categories":[76189,8331],"tags":[],"class_list":["post-4985","post","type-post","status-publish","format-standard","hentry","category-dagens-kyrka","category-pilgrim"],"acf":[],"yoast_head":"<!-- This site is optimized with the Yoast SEO plugin v27.1.1 - https:\/\/yoast.com\/product\/yoast-seo-wordpress\/ -->\n<title>Pilgrimens \u00e5ttonde nyckelord - Vandra V\u00e4gen<\/title>\n<meta name=\"robots\" content=\"index, follow, max-snippet:-1, max-image-preview:large, max-video-preview:-1\" \/>\n<link rel=\"canonical\" href=\"https:\/\/blogg.svenskakyrkan.se\/vandravagen\/2016\/08\/04\/pilgrimens-attonde-nyckelord\/\" \/>\n<meta property=\"og:locale\" content=\"sv_SE\" \/>\n<meta property=\"og:type\" content=\"article\" \/>\n<meta property=\"og:title\" content=\"Pilgrimens \u00e5ttonde nyckelord - Vandra V\u00e4gen\" \/>\n<meta property=\"og:description\" content=\"Ingen som varit i kontakt med pilgrimsr\u00f6relsen i Sverige har kunnat missa att h\u00f6ra om &#8221;pilgrimens sju nyckelord&#8221; (Frihet, Enkelhet, Tystnad, Bekymmersl\u00f6shet, L\u00e5ngsamhet, Andlighet och Delande) (och h\u00e4r p\u00e5 bloggen har jag d\u00e4rf\u00f6r \u00e4ven slagit n\u00e5gra slag f\u00f6r &#8221;pilgrimens sju norska nyckelord&#8221; och &#8221;pilgrimens sju ledord&#8221; ocks\u00e5 f\u00f6r att bredda horisonten). Det d\u00e4r med sju [&hellip;]\" \/>\n<meta property=\"og:url\" content=\"https:\/\/blogg.svenskakyrkan.se\/vandravagen\/2016\/08\/04\/pilgrimens-attonde-nyckelord\/\" \/>\n<meta property=\"og:site_name\" content=\"Vandra V\u00e4gen\" \/>\n<meta property=\"article:publisher\" content=\"http:\/\/facebook.com\/vandravagen\" \/>\n<meta property=\"article:published_time\" content=\"2016-08-04T05:00:52+00:00\" \/>\n<meta property=\"og:image\" content=\"http:\/\/blogg.svenskakyrkan.se\/vandravagen\/files\/2016\/08\/IMG_8133.jpg\" \/>\n<meta name=\"author\" content=\"Tomas Jarvid\" \/>\n<meta name=\"twitter:card\" content=\"summary_large_image\" \/>\n<meta name=\"twitter:creator\" content=\"@fadertomas\" \/>\n<meta name=\"twitter:site\" content=\"@fadertomas\" \/>\n<meta name=\"twitter:label1\" content=\"Skriven av\" \/>\n\t<meta name=\"twitter:data1\" content=\"Tomas Jarvid\" \/>\n\t<meta name=\"twitter:label2\" content=\"Ber\u00e4knad l\u00e4stid\" \/>\n\t<meta name=\"twitter:data2\" content=\"2 minuter\" \/>\n<script type=\"application\/ld+json\" class=\"yoast-schema-graph\">{\"@context\":\"https:\/\/schema.org\",\"@graph\":[{\"@type\":\"Article\",\"@id\":\"https:\/\/blogg.svenskakyrkan.se\/vandravagen\/2016\/08\/04\/pilgrimens-attonde-nyckelord\/#article\",\"isPartOf\":{\"@id\":\"https:\/\/blogg.svenskakyrkan.se\/vandravagen\/2016\/08\/04\/pilgrimens-attonde-nyckelord\/\"},\"author\":{\"name\":\"Tomas Jarvid\",\"@id\":\"https:\/\/blogg.svenskakyrkan.se\/vandravagen\/#\/schema\/person\/25da02d4f76b137d04291711e2c9fc16\"},\"headline\":\"Pilgrimens \u00e5ttonde nyckelord\",\"datePublished\":\"2016-08-04T05:00:52+00:00\",\"mainEntityOfPage\":{\"@id\":\"https:\/\/blogg.svenskakyrkan.se\/vandravagen\/2016\/08\/04\/pilgrimens-attonde-nyckelord\/\"},\"wordCount\":355,\"commentCount\":4,\"publisher\":{\"@id\":\"https:\/\/blogg.svenskakyrkan.se\/vandravagen\/#organization\"},\"image\":{\"@id\":\"https:\/\/blogg.svenskakyrkan.se\/vandravagen\/2016\/08\/04\/pilgrimens-attonde-nyckelord\/#primaryimage\"},\"thumbnailUrl\":\"http:\/\/blogg.svenskakyrkan.se\/vandravagen\/files\/2016\/08\/IMG_8133.jpg\",\"articleSection\":[\"Dagens Kyrka\",\"pilgrim\"],\"inLanguage\":\"sv-SE\",\"potentialAction\":[{\"@type\":\"CommentAction\",\"name\":\"Comment\",\"target\":[\"https:\/\/blogg.svenskakyrkan.se\/vandravagen\/2016\/08\/04\/pilgrimens-attonde-nyckelord\/#respond\"]}]},{\"@type\":\"WebPage\",\"@id\":\"https:\/\/blogg.svenskakyrkan.se\/vandravagen\/2016\/08\/04\/pilgrimens-attonde-nyckelord\/\",\"url\":\"https:\/\/blogg.svenskakyrkan.se\/vandravagen\/2016\/08\/04\/pilgrimens-attonde-nyckelord\/\",\"name\":\"Pilgrimens \u00e5ttonde nyckelord - Vandra V\u00e4gen\",\"isPartOf\":{\"@id\":\"https:\/\/blogg.svenskakyrkan.se\/vandravagen\/#website\"},\"primaryImageOfPage\":{\"@id\":\"https:\/\/blogg.svenskakyrkan.se\/vandravagen\/2016\/08\/04\/pilgrimens-attonde-nyckelord\/#primaryimage\"},\"image\":{\"@id\":\"https:\/\/blogg.svenskakyrkan.se\/vandravagen\/2016\/08\/04\/pilgrimens-attonde-nyckelord\/#primaryimage\"},\"thumbnailUrl\":\"http:\/\/blogg.svenskakyrkan.se\/vandravagen\/files\/2016\/08\/IMG_8133.jpg\",\"datePublished\":\"2016-08-04T05:00:52+00:00\",\"breadcrumb\":{\"@id\":\"https:\/\/blogg.svenskakyrkan.se\/vandravagen\/2016\/08\/04\/pilgrimens-attonde-nyckelord\/#breadcrumb\"},\"inLanguage\":\"sv-SE\",\"potentialAction\":[{\"@type\":\"ReadAction\",\"target\":[\"https:\/\/blogg.svenskakyrkan.se\/vandravagen\/2016\/08\/04\/pilgrimens-attonde-nyckelord\/\"]}]},{\"@type\":\"ImageObject\",\"inLanguage\":\"sv-SE\",\"@id\":\"https:\/\/blogg.svenskakyrkan.se\/vandravagen\/2016\/08\/04\/pilgrimens-attonde-nyckelord\/#primaryimage\",\"url\":\"http:\/\/blogg.svenskakyrkan.se\/vandravagen\/files\/2016\/08\/IMG_8133.jpg\",\"contentUrl\":\"http:\/\/blogg.svenskakyrkan.se\/vandravagen\/files\/2016\/08\/IMG_8133.jpg\"},{\"@type\":\"BreadcrumbList\",\"@id\":\"https:\/\/blogg.svenskakyrkan.se\/vandravagen\/2016\/08\/04\/pilgrimens-attonde-nyckelord\/#breadcrumb\",\"itemListElement\":[{\"@type\":\"ListItem\",\"position\":1,\"name\":\"Hem\",\"item\":\"https:\/\/blogg.svenskakyrkan.se\/vandravagen\/\"},{\"@type\":\"ListItem\",\"position\":2,\"name\":\"Pilgrimens \u00e5ttonde nyckelord\"}]},{\"@type\":\"WebSite\",\"@id\":\"https:\/\/blogg.svenskakyrkan.se\/vandravagen\/#website\",\"url\":\"https:\/\/blogg.svenskakyrkan.se\/vandravagen\/\",\"name\":\"Vandra V\u00e4gen\",\"description\":\"-Mot en tro f\u00f6r hela livet\",\"publisher\":{\"@id\":\"https:\/\/blogg.svenskakyrkan.se\/vandravagen\/#organization\"},\"potentialAction\":[{\"@type\":\"SearchAction\",\"target\":{\"@type\":\"EntryPoint\",\"urlTemplate\":\"https:\/\/blogg.svenskakyrkan.se\/vandravagen\/?s={search_term_string}\"},\"query-input\":{\"@type\":\"PropertyValueSpecification\",\"valueRequired\":true,\"valueName\":\"search_term_string\"}}],\"inLanguage\":\"sv-SE\"},{\"@type\":\"Organization\",\"@id\":\"https:\/\/blogg.svenskakyrkan.se\/vandravagen\/#organization\",\"name\":\"ulricehamns pastorat\",\"alternateName\":\"ulricehamns pastorat\",\"url\":\"https:\/\/blogg.svenskakyrkan.se\/vandravagen\/\",\"logo\":{\"@type\":\"ImageObject\",\"inLanguage\":\"sv-SE\",\"@id\":\"https:\/\/blogg.svenskakyrkan.se\/vandravagen\/#\/schema\/logo\/image\/\",\"url\":\"https:\/\/blogg.svenskakyrkan.se\/vandravagen\/files\/2023\/05\/Ulr_logo_RGB.png\",\"contentUrl\":\"https:\/\/blogg.svenskakyrkan.se\/vandravagen\/files\/2023\/05\/Ulr_logo_RGB.png\",\"width\":205,\"height\":77,\"caption\":\"ulricehamns pastorat\"},\"image\":{\"@id\":\"https:\/\/blogg.svenskakyrkan.se\/vandravagen\/#\/schema\/logo\/image\/\"},\"sameAs\":[\"http:\/\/facebook.com\/vandravagen\",\"https:\/\/x.com\/fadertomas\",\"http:\/\/www.facebook.com\/svenskakyrkaniulricehamn\"]},{\"@type\":\"Person\",\"@id\":\"https:\/\/blogg.svenskakyrkan.se\/vandravagen\/#\/schema\/person\/25da02d4f76b137d04291711e2c9fc16\",\"name\":\"Tomas Jarvid\",\"image\":{\"@type\":\"ImageObject\",\"inLanguage\":\"sv-SE\",\"@id\":\"https:\/\/blogg.svenskakyrkan.se\/vandravagen\/#\/schema\/person\/image\/\",\"url\":\"https:\/\/secure.gravatar.com\/avatar\/7fa71899795e8f540f615a1f5ab25255dc27aa40f05ee7ddd21aac521e01bf50?s=96&d=identicon&r=g\",\"contentUrl\":\"https:\/\/secure.gravatar.com\/avatar\/7fa71899795e8f540f615a1f5ab25255dc27aa40f05ee7ddd21aac521e01bf50?s=96&d=identicon&r=g\",\"caption\":\"Tomas Jarvid\"},\"description\":\"Jag bor i Ulricehamn i V\u00e4sterg\u00f6tland och \u00e4r f\u00f6rsamlingspr\u00e4st i Svenska Kyrkan f\u00f6r Dalstorps f\u00f6rsamling i Kinds pastorat. P\u00e5 den h\u00e4r bloggen skriver jag ner tankar om vandringen som kristen.\",\"sameAs\":[\"http:\/\/www.vandravagen.se\"],\"url\":\"https:\/\/blogg.svenskakyrkan.se\/vandravagen\/author\/vandravagen\/\"}]}<\/script>\n<!-- \/ Yoast SEO plugin. -->","yoast_head_json":{"title":"Pilgrimens \u00e5ttonde nyckelord - Vandra V\u00e4gen","robots":{"index":"index","follow":"follow","max-snippet":"max-snippet:-1","max-image-preview":"max-image-preview:large","max-video-preview":"max-video-preview:-1"},"canonical":"https:\/\/blogg.svenskakyrkan.se\/vandravagen\/2016\/08\/04\/pilgrimens-attonde-nyckelord\/","og_locale":"sv_SE","og_type":"article","og_title":"Pilgrimens \u00e5ttonde nyckelord - Vandra V\u00e4gen","og_description":"Ingen som varit i kontakt med pilgrimsr\u00f6relsen i Sverige har kunnat missa att h\u00f6ra om &#8221;pilgrimens sju nyckelord&#8221; (Frihet, Enkelhet, Tystnad, Bekymmersl\u00f6shet, L\u00e5ngsamhet, Andlighet och Delande) (och h\u00e4r p\u00e5 bloggen har jag d\u00e4rf\u00f6r \u00e4ven slagit n\u00e5gra slag f\u00f6r &#8221;pilgrimens sju norska nyckelord&#8221; och &#8221;pilgrimens sju ledord&#8221; ocks\u00e5 f\u00f6r att bredda horisonten). Det d\u00e4r med sju [&hellip;]","og_url":"https:\/\/blogg.svenskakyrkan.se\/vandravagen\/2016\/08\/04\/pilgrimens-attonde-nyckelord\/","og_site_name":"Vandra V\u00e4gen","article_publisher":"http:\/\/facebook.com\/vandravagen","article_published_time":"2016-08-04T05:00:52+00:00","og_image":[{"url":"http:\/\/blogg.svenskakyrkan.se\/vandravagen\/files\/2016\/08\/IMG_8133.jpg","type":"","width":"","height":""}],"author":"Tomas Jarvid","twitter_card":"summary_large_image","twitter_creator":"@fadertomas","twitter_site":"@fadertomas","twitter_misc":{"Skriven av":"Tomas Jarvid","Ber\u00e4knad l\u00e4stid":"2 minuter"},"schema":{"@context":"https:\/\/schema.org","@graph":[{"@type":"Article","@id":"https:\/\/blogg.svenskakyrkan.se\/vandravagen\/2016\/08\/04\/pilgrimens-attonde-nyckelord\/#article","isPartOf":{"@id":"https:\/\/blogg.svenskakyrkan.se\/vandravagen\/2016\/08\/04\/pilgrimens-attonde-nyckelord\/"},"author":{"name":"Tomas Jarvid","@id":"https:\/\/blogg.svenskakyrkan.se\/vandravagen\/#\/schema\/person\/25da02d4f76b137d04291711e2c9fc16"},"headline":"Pilgrimens \u00e5ttonde nyckelord","datePublished":"2016-08-04T05:00:52+00:00","mainEntityOfPage":{"@id":"https:\/\/blogg.svenskakyrkan.se\/vandravagen\/2016\/08\/04\/pilgrimens-attonde-nyckelord\/"},"wordCount":355,"commentCount":4,"publisher":{"@id":"https:\/\/blogg.svenskakyrkan.se\/vandravagen\/#organization"},"image":{"@id":"https:\/\/blogg.svenskakyrkan.se\/vandravagen\/2016\/08\/04\/pilgrimens-attonde-nyckelord\/#primaryimage"},"thumbnailUrl":"http:\/\/blogg.svenskakyrkan.se\/vandravagen\/files\/2016\/08\/IMG_8133.jpg","articleSection":["Dagens Kyrka","pilgrim"],"inLanguage":"sv-SE","potentialAction":[{"@type":"CommentAction","name":"Comment","target":["https:\/\/blogg.svenskakyrkan.se\/vandravagen\/2016\/08\/04\/pilgrimens-attonde-nyckelord\/#respond"]}]},{"@type":"WebPage","@id":"https:\/\/blogg.svenskakyrkan.se\/vandravagen\/2016\/08\/04\/pilgrimens-attonde-nyckelord\/","url":"https:\/\/blogg.svenskakyrkan.se\/vandravagen\/2016\/08\/04\/pilgrimens-attonde-nyckelord\/","name":"Pilgrimens \u00e5ttonde nyckelord - Vandra V\u00e4gen","isPartOf":{"@id":"https:\/\/blogg.svenskakyrkan.se\/vandravagen\/#website"},"primaryImageOfPage":{"@id":"https:\/\/blogg.svenskakyrkan.se\/vandravagen\/2016\/08\/04\/pilgrimens-attonde-nyckelord\/#primaryimage"},"image":{"@id":"https:\/\/blogg.svenskakyrkan.se\/vandravagen\/2016\/08\/04\/pilgrimens-attonde-nyckelord\/#primaryimage"},"thumbnailUrl":"http:\/\/blogg.svenskakyrkan.se\/vandravagen\/files\/2016\/08\/IMG_8133.jpg","datePublished":"2016-08-04T05:00:52+00:00","breadcrumb":{"@id":"https:\/\/blogg.svenskakyrkan.se\/vandravagen\/2016\/08\/04\/pilgrimens-attonde-nyckelord\/#breadcrumb"},"inLanguage":"sv-SE","potentialAction":[{"@type":"ReadAction","target":["https:\/\/blogg.svenskakyrkan.se\/vandravagen\/2016\/08\/04\/pilgrimens-attonde-nyckelord\/"]}]},{"@type":"ImageObject","inLanguage":"sv-SE","@id":"https:\/\/blogg.svenskakyrkan.se\/vandravagen\/2016\/08\/04\/pilgrimens-attonde-nyckelord\/#primaryimage","url":"http:\/\/blogg.svenskakyrkan.se\/vandravagen\/files\/2016\/08\/IMG_8133.jpg","contentUrl":"http:\/\/blogg.svenskakyrkan.se\/vandravagen\/files\/2016\/08\/IMG_8133.jpg"},{"@type":"BreadcrumbList","@id":"https:\/\/blogg.svenskakyrkan.se\/vandravagen\/2016\/08\/04\/pilgrimens-attonde-nyckelord\/#breadcrumb","itemListElement":[{"@type":"ListItem","position":1,"name":"Hem","item":"https:\/\/blogg.svenskakyrkan.se\/vandravagen\/"},{"@type":"ListItem","position":2,"name":"Pilgrimens \u00e5ttonde nyckelord"}]},{"@type":"WebSite","@id":"https:\/\/blogg.svenskakyrkan.se\/vandravagen\/#website","url":"https:\/\/blogg.svenskakyrkan.se\/vandravagen\/","name":"Vandra V\u00e4gen","description":"-Mot en tro f\u00f6r hela livet","publisher":{"@id":"https:\/\/blogg.svenskakyrkan.se\/vandravagen\/#organization"},"potentialAction":[{"@type":"SearchAction","target":{"@type":"EntryPoint","urlTemplate":"https:\/\/blogg.svenskakyrkan.se\/vandravagen\/?s={search_term_string}"},"query-input":{"@type":"PropertyValueSpecification","valueRequired":true,"valueName":"search_term_string"}}],"inLanguage":"sv-SE"},{"@type":"Organization","@id":"https:\/\/blogg.svenskakyrkan.se\/vandravagen\/#organization","name":"ulricehamns pastorat","alternateName":"ulricehamns pastorat","url":"https:\/\/blogg.svenskakyrkan.se\/vandravagen\/","logo":{"@type":"ImageObject","inLanguage":"sv-SE","@id":"https:\/\/blogg.svenskakyrkan.se\/vandravagen\/#\/schema\/logo\/image\/","url":"https:\/\/blogg.svenskakyrkan.se\/vandravagen\/files\/2023\/05\/Ulr_logo_RGB.png","contentUrl":"https:\/\/blogg.svenskakyrkan.se\/vandravagen\/files\/2023\/05\/Ulr_logo_RGB.png","width":205,"height":77,"caption":"ulricehamns pastorat"},"image":{"@id":"https:\/\/blogg.svenskakyrkan.se\/vandravagen\/#\/schema\/logo\/image\/"},"sameAs":["http:\/\/facebook.com\/vandravagen","https:\/\/x.com\/fadertomas","http:\/\/www.facebook.com\/svenskakyrkaniulricehamn"]},{"@type":"Person","@id":"https:\/\/blogg.svenskakyrkan.se\/vandravagen\/#\/schema\/person\/25da02d4f76b137d04291711e2c9fc16","name":"Tomas Jarvid","image":{"@type":"ImageObject","inLanguage":"sv-SE","@id":"https:\/\/blogg.svenskakyrkan.se\/vandravagen\/#\/schema\/person\/image\/","url":"https:\/\/secure.gravatar.com\/avatar\/7fa71899795e8f540f615a1f5ab25255dc27aa40f05ee7ddd21aac521e01bf50?s=96&d=identicon&r=g","contentUrl":"https:\/\/secure.gravatar.com\/avatar\/7fa71899795e8f540f615a1f5ab25255dc27aa40f05ee7ddd21aac521e01bf50?s=96&d=identicon&r=g","caption":"Tomas Jarvid"},"description":"Jag bor i Ulricehamn i V\u00e4sterg\u00f6tland och \u00e4r f\u00f6rsamlingspr\u00e4st i Svenska Kyrkan f\u00f6r Dalstorps f\u00f6rsamling i Kinds pastorat. P\u00e5 den h\u00e4r bloggen skriver jag ner tankar om vandringen som kristen.","sameAs":["http:\/\/www.vandravagen.se"],"url":"https:\/\/blogg.svenskakyrkan.se\/vandravagen\/author\/vandravagen\/"}]}},"author_meta":{"ID":"392","user_nicename":"vandravagen","user_url":"http:\/\/www.vandravagen.se","user_registered":"2014-05-19 05:44:52","display_name":"Tomas Jarvid","first_name":"Tomas","last_name":"Jarvid","avatar":"https:\/\/secure.gravatar.com\/avatar\/7fa71899795e8f540f615a1f5ab25255dc27aa40f05ee7ddd21aac521e01bf50?s=96&d=identicon&r=g"},"featured_image":false,"bloginfo":{"name":"Vandra V\u00e4gen","url":"https:\/\/blogg.svenskakyrkan.se\/vandravagen"},"_links":{"self":[{"href":"https:\/\/blogg.svenskakyrkan.se\/vandravagen\/wp-json\/wp\/v2\/posts\/4985","targetHints":{"allow":["GET"]}}],"collection":[{"href":"https:\/\/blogg.svenskakyrkan.se\/vandravagen\/wp-json\/wp\/v2\/posts"}],"about":[{"href":"https:\/\/blogg.svenskakyrkan.se\/vandravagen\/wp-json\/wp\/v2\/types\/post"}],"author":[{"embeddable":true,"href":"https:\/\/blogg.svenskakyrkan.se\/vandravagen\/wp-json\/wp\/v2\/users\/392"}],"replies":[{"embeddable":true,"href":"https:\/\/blogg.svenskakyrkan.se\/vandravagen\/wp-json\/wp\/v2\/comments?post=4985"}],"version-history":[{"count":2,"href":"https:\/\/blogg.svenskakyrkan.se\/vandravagen\/wp-json\/wp\/v2\/posts\/4985\/revisions"}],"predecessor-version":[{"id":5004,"href":"https:\/\/blogg.svenskakyrkan.se\/vandravagen\/wp-json\/wp\/v2\/posts\/4985\/revisions\/5004"}],"wp:attachment":[{"href":"https:\/\/blogg.svenskakyrkan.se\/vandravagen\/wp-json\/wp\/v2\/media?parent=4985"}],"wp:term":[{"taxonomy":"category","embeddable":true,"href":"https:\/\/blogg.svenskakyrkan.se\/vandravagen\/wp-json\/wp\/v2\/categories?post=4985"},{"taxonomy":"post_tag","embeddable":true,"href":"https:\/\/blogg.svenskakyrkan.se\/vandravagen\/wp-json\/wp\/v2\/tags?post=4985"}],"curies":[{"name":"wp","href":"https:\/\/api.w.org\/{rel}","templated":true}]}}