{"id":5008,"date":"2016-08-10T07:00:37","date_gmt":"2016-08-10T05:00:37","guid":{"rendered":"http:\/\/blogg.svenskakyrkan.se\/vandravagen\/?p=5008"},"modified":"2016-08-09T20:55:15","modified_gmt":"2016-08-09T18:55:15","slug":"laget-i-svenska-kyrkan","status":"publish","type":"post","link":"https:\/\/blogg.svenskakyrkan.se\/vandravagen\/2016\/08\/10\/laget-i-svenska-kyrkan\/","title":{"rendered":"L\u00e4get i Svenska Kyrkan"},"content":{"rendered":"<div id=\"attachment_5009\" style=\"width: 531px\" class=\"wp-caption aligncenter\"><a href=\"http:\/\/blogg.svenskakyrkan.se\/vandravagen\/files\/2016\/08\/IMG_8140.jpg\"><img loading=\"lazy\" decoding=\"async\" aria-describedby=\"caption-attachment-5009\" class=\"size-full wp-image-5009\" src=\"http:\/\/blogg.svenskakyrkan.se\/vandravagen\/files\/2016\/08\/IMG_8140.jpg\" alt=\"Den allra, allra f\u00f6rsta f\u00f6rsamlingen med bara Adam och Eva. Gud: &quot;T\u00e4nk att ni inte ens kan h\u00e5lla sams ni tv\u00e5?!&quot;\" width=\"521\" height=\"800\" srcset=\"https:\/\/blogg.svenskakyrkan.se\/vandravagen\/files\/2016\/08\/IMG_8140.jpg 521w, https:\/\/blogg.svenskakyrkan.se\/vandravagen\/files\/2016\/08\/IMG_8140-300x461.jpg 300w, https:\/\/blogg.svenskakyrkan.se\/vandravagen\/files\/2016\/08\/IMG_8140-195x300.jpg 195w\" sizes=\"auto, (max-width: 521px) 100vw, 521px\" \/><\/a><p id=\"caption-attachment-5009\" class=\"wp-caption-text\">Den allra, allra f\u00f6rsta f\u00f6rsamlingen med bara Adam och Eva. Gud: &#8221;T\u00e4nk att ni inte ens kan h\u00e5lla sams ni tv\u00e5?!&#8221;<\/p><\/div>\n<p>Det rasar i media igen kring min kyrka, Svenska Kyrkan. Det p\u00e5st\u00e5s allt m\u00f6jligt om min kyrka, dess pr\u00e4ster (som jag d\u00e5 allts\u00e5) och om att det \u00e4r ont om &#8221;riktiga kristna&#8221; d\u00e4r. Vandra V\u00e4gen \u00e4r en fridens plats d\u00e4r jag inte brukar skriva om kyrkliga br\u00e5k och det t\u00e4nker jag inte g\u00f6ra nu heller (typ, nu har jag ju n\u00e4stan gjort det men jag kommer inte g\u00e5 l\u00e5ngt p\u00e5 det sp\u00e5ret). Sanningen att s\u00e4ga brukar jag faktiskt s\u00e5 l\u00e5ngt det \u00e4r m\u00f6jligt l\u00e5ta bli att l\u00e4sa om s\u00e5na h\u00e4r debatter om jag kan l\u00e5ta bli. Jag tror jag fick r\u00e5det fr\u00e5n en bok av Owe Wikstr\u00f6m. <strong>L\u00e4s inte om inomkyrkligt k\u00e4bbel, f\u00f6rdjupa dig i tron ist\u00e4llet.<\/strong> Gott r\u00e5d f\u00f6r fler att f\u00f6lja.<\/p>\n<p>S\u00e5 jag vill bara p\u00e5minna om att i vardagsslitet s\u00e5 traskar Svenska Kyrkan p\u00e5 som vanligt. Vi firar gudstj\u00e4nster, undervisar konfirmander, d\u00f6per barn, begraver avlidna och tr\u00f6star s\u00f6rjande, studerar bibeln, ber och sjunger lovs\u00e5ng till Kristus. Inget som har n\u00e5got nyhetsv\u00e4rde f\u00f6r s\u00e5 \u00e4r det alltid i Kyrkan. Det finns f\u00f6rst\u00e5s mycket som kunde vara b\u00e4ttre i Svenska Kyrkan men i en syndafallen v\u00e4rld f\u00e5r vi nog r\u00e4kna med det. Och det finns ju goda sidor med det, <strong>hade Svenska Kyrkan varit perfekt hade de v\u00e4l haft goda sk\u00e4l att inte l\u00e5ta mig vara medlem d\u00e4r.<\/strong> D\u00e5 vore den ju inte perfekt l\u00e4ngre.<\/p>\n<p>Det viktiga livet i Kyrkan \u00e4r alltid det som sker i det vanliga f\u00f6rsamlingslivet. I vardagen och i ditt och mitt hj\u00e4rta. Det ska man alltid p\u00e5minna sig n\u00e4r det hettar till.<\/p>\n","protected":false},"excerpt":{"rendered":"<p>Det rasar i media igen kring min kyrka, Svenska Kyrkan. Det p\u00e5st\u00e5s allt m\u00f6jligt om min kyrka, dess pr\u00e4ster (som jag d\u00e5 allts\u00e5) och om att det \u00e4r ont om &#8221;riktiga kristna&#8221; d\u00e4r. Vandra V\u00e4gen \u00e4r en fridens plats d\u00e4r jag inte brukar skriva om kyrkliga br\u00e5k och det t\u00e4nker jag inte g\u00f6ra nu heller [&hellip;]<\/p>\n","protected":false},"author":392,"featured_media":0,"comment_status":"open","ping_status":"open","sticky":false,"template":"","format":"standard","meta":{"_acf_changed":false,"footnotes":""},"categories":[76766,76189],"tags":[],"class_list":["post-5008","post","type-post","status-publish","format-standard","hentry","category-blandat","category-dagens-kyrka"],"acf":[],"yoast_head":"<!-- This site is optimized with the Yoast SEO plugin v27.1.1 - https:\/\/yoast.com\/product\/yoast-seo-wordpress\/ -->\n<title>L\u00e4get i Svenska Kyrkan - Vandra V\u00e4gen<\/title>\n<meta name=\"robots\" content=\"index, follow, max-snippet:-1, max-image-preview:large, max-video-preview:-1\" \/>\n<link rel=\"canonical\" href=\"https:\/\/blogg.svenskakyrkan.se\/vandravagen\/2016\/08\/10\/laget-i-svenska-kyrkan\/\" \/>\n<meta property=\"og:locale\" content=\"sv_SE\" \/>\n<meta property=\"og:type\" content=\"article\" \/>\n<meta property=\"og:title\" content=\"L\u00e4get i Svenska Kyrkan - Vandra V\u00e4gen\" \/>\n<meta property=\"og:description\" content=\"Det rasar i media igen kring min kyrka, Svenska Kyrkan. Det p\u00e5st\u00e5s allt m\u00f6jligt om min kyrka, dess pr\u00e4ster (som jag d\u00e5 allts\u00e5) och om att det \u00e4r ont om &#8221;riktiga kristna&#8221; d\u00e4r. Vandra V\u00e4gen \u00e4r en fridens plats d\u00e4r jag inte brukar skriva om kyrkliga br\u00e5k och det t\u00e4nker jag inte g\u00f6ra nu heller [&hellip;]\" \/>\n<meta property=\"og:url\" content=\"https:\/\/blogg.svenskakyrkan.se\/vandravagen\/2016\/08\/10\/laget-i-svenska-kyrkan\/\" \/>\n<meta property=\"og:site_name\" content=\"Vandra V\u00e4gen\" \/>\n<meta property=\"article:publisher\" content=\"http:\/\/facebook.com\/vandravagen\" \/>\n<meta property=\"article:published_time\" content=\"2016-08-10T05:00:37+00:00\" \/>\n<meta property=\"og:image\" content=\"http:\/\/blogg.svenskakyrkan.se\/vandravagen\/files\/2016\/08\/IMG_8140.jpg\" \/>\n<meta name=\"author\" content=\"Tomas Jarvid\" \/>\n<meta name=\"twitter:card\" content=\"summary_large_image\" \/>\n<meta name=\"twitter:creator\" content=\"@fadertomas\" \/>\n<meta name=\"twitter:site\" content=\"@fadertomas\" \/>\n<meta name=\"twitter:label1\" content=\"Skriven av\" \/>\n\t<meta name=\"twitter:data1\" content=\"Tomas Jarvid\" \/>\n\t<meta name=\"twitter:label2\" content=\"Ber\u00e4knad l\u00e4stid\" \/>\n\t<meta name=\"twitter:data2\" content=\"2 minuter\" \/>\n<script type=\"application\/ld+json\" class=\"yoast-schema-graph\">{\"@context\":\"https:\/\/schema.org\",\"@graph\":[{\"@type\":\"Article\",\"@id\":\"https:\/\/blogg.svenskakyrkan.se\/vandravagen\/2016\/08\/10\/laget-i-svenska-kyrkan\/#article\",\"isPartOf\":{\"@id\":\"https:\/\/blogg.svenskakyrkan.se\/vandravagen\/2016\/08\/10\/laget-i-svenska-kyrkan\/\"},\"author\":{\"name\":\"Tomas Jarvid\",\"@id\":\"https:\/\/blogg.svenskakyrkan.se\/vandravagen\/#\/schema\/person\/25da02d4f76b137d04291711e2c9fc16\"},\"headline\":\"L\u00e4get i Svenska Kyrkan\",\"datePublished\":\"2016-08-10T05:00:37+00:00\",\"mainEntityOfPage\":{\"@id\":\"https:\/\/blogg.svenskakyrkan.se\/vandravagen\/2016\/08\/10\/laget-i-svenska-kyrkan\/\"},\"wordCount\":350,\"commentCount\":15,\"publisher\":{\"@id\":\"https:\/\/blogg.svenskakyrkan.se\/vandravagen\/#organization\"},\"image\":{\"@id\":\"https:\/\/blogg.svenskakyrkan.se\/vandravagen\/2016\/08\/10\/laget-i-svenska-kyrkan\/#primaryimage\"},\"thumbnailUrl\":\"http:\/\/blogg.svenskakyrkan.se\/vandravagen\/files\/2016\/08\/IMG_8140.jpg\",\"articleSection\":[\"blandat\",\"Dagens Kyrka\"],\"inLanguage\":\"sv-SE\",\"potentialAction\":[{\"@type\":\"CommentAction\",\"name\":\"Comment\",\"target\":[\"https:\/\/blogg.svenskakyrkan.se\/vandravagen\/2016\/08\/10\/laget-i-svenska-kyrkan\/#respond\"]}]},{\"@type\":\"WebPage\",\"@id\":\"https:\/\/blogg.svenskakyrkan.se\/vandravagen\/2016\/08\/10\/laget-i-svenska-kyrkan\/\",\"url\":\"https:\/\/blogg.svenskakyrkan.se\/vandravagen\/2016\/08\/10\/laget-i-svenska-kyrkan\/\",\"name\":\"L\u00e4get i Svenska Kyrkan - Vandra V\u00e4gen\",\"isPartOf\":{\"@id\":\"https:\/\/blogg.svenskakyrkan.se\/vandravagen\/#website\"},\"primaryImageOfPage\":{\"@id\":\"https:\/\/blogg.svenskakyrkan.se\/vandravagen\/2016\/08\/10\/laget-i-svenska-kyrkan\/#primaryimage\"},\"image\":{\"@id\":\"https:\/\/blogg.svenskakyrkan.se\/vandravagen\/2016\/08\/10\/laget-i-svenska-kyrkan\/#primaryimage\"},\"thumbnailUrl\":\"http:\/\/blogg.svenskakyrkan.se\/vandravagen\/files\/2016\/08\/IMG_8140.jpg\",\"datePublished\":\"2016-08-10T05:00:37+00:00\",\"breadcrumb\":{\"@id\":\"https:\/\/blogg.svenskakyrkan.se\/vandravagen\/2016\/08\/10\/laget-i-svenska-kyrkan\/#breadcrumb\"},\"inLanguage\":\"sv-SE\",\"potentialAction\":[{\"@type\":\"ReadAction\",\"target\":[\"https:\/\/blogg.svenskakyrkan.se\/vandravagen\/2016\/08\/10\/laget-i-svenska-kyrkan\/\"]}]},{\"@type\":\"ImageObject\",\"inLanguage\":\"sv-SE\",\"@id\":\"https:\/\/blogg.svenskakyrkan.se\/vandravagen\/2016\/08\/10\/laget-i-svenska-kyrkan\/#primaryimage\",\"url\":\"http:\/\/blogg.svenskakyrkan.se\/vandravagen\/files\/2016\/08\/IMG_8140.jpg\",\"contentUrl\":\"http:\/\/blogg.svenskakyrkan.se\/vandravagen\/files\/2016\/08\/IMG_8140.jpg\"},{\"@type\":\"BreadcrumbList\",\"@id\":\"https:\/\/blogg.svenskakyrkan.se\/vandravagen\/2016\/08\/10\/laget-i-svenska-kyrkan\/#breadcrumb\",\"itemListElement\":[{\"@type\":\"ListItem\",\"position\":1,\"name\":\"Hem\",\"item\":\"https:\/\/blogg.svenskakyrkan.se\/vandravagen\/\"},{\"@type\":\"ListItem\",\"position\":2,\"name\":\"L\u00e4get i Svenska Kyrkan\"}]},{\"@type\":\"WebSite\",\"@id\":\"https:\/\/blogg.svenskakyrkan.se\/vandravagen\/#website\",\"url\":\"https:\/\/blogg.svenskakyrkan.se\/vandravagen\/\",\"name\":\"Vandra V\u00e4gen\",\"description\":\"-Mot en tro f\u00f6r hela livet\",\"publisher\":{\"@id\":\"https:\/\/blogg.svenskakyrkan.se\/vandravagen\/#organization\"},\"potentialAction\":[{\"@type\":\"SearchAction\",\"target\":{\"@type\":\"EntryPoint\",\"urlTemplate\":\"https:\/\/blogg.svenskakyrkan.se\/vandravagen\/?s={search_term_string}\"},\"query-input\":{\"@type\":\"PropertyValueSpecification\",\"valueRequired\":true,\"valueName\":\"search_term_string\"}}],\"inLanguage\":\"sv-SE\"},{\"@type\":\"Organization\",\"@id\":\"https:\/\/blogg.svenskakyrkan.se\/vandravagen\/#organization\",\"name\":\"ulricehamns pastorat\",\"alternateName\":\"ulricehamns pastorat\",\"url\":\"https:\/\/blogg.svenskakyrkan.se\/vandravagen\/\",\"logo\":{\"@type\":\"ImageObject\",\"inLanguage\":\"sv-SE\",\"@id\":\"https:\/\/blogg.svenskakyrkan.se\/vandravagen\/#\/schema\/logo\/image\/\",\"url\":\"https:\/\/blogg.svenskakyrkan.se\/vandravagen\/files\/2023\/05\/Ulr_logo_RGB.png\",\"contentUrl\":\"https:\/\/blogg.svenskakyrkan.se\/vandravagen\/files\/2023\/05\/Ulr_logo_RGB.png\",\"width\":205,\"height\":77,\"caption\":\"ulricehamns pastorat\"},\"image\":{\"@id\":\"https:\/\/blogg.svenskakyrkan.se\/vandravagen\/#\/schema\/logo\/image\/\"},\"sameAs\":[\"http:\/\/facebook.com\/vandravagen\",\"https:\/\/x.com\/fadertomas\",\"http:\/\/www.facebook.com\/svenskakyrkaniulricehamn\"]},{\"@type\":\"Person\",\"@id\":\"https:\/\/blogg.svenskakyrkan.se\/vandravagen\/#\/schema\/person\/25da02d4f76b137d04291711e2c9fc16\",\"name\":\"Tomas Jarvid\",\"image\":{\"@type\":\"ImageObject\",\"inLanguage\":\"sv-SE\",\"@id\":\"https:\/\/blogg.svenskakyrkan.se\/vandravagen\/#\/schema\/person\/image\/\",\"url\":\"https:\/\/secure.gravatar.com\/avatar\/7fa71899795e8f540f615a1f5ab25255dc27aa40f05ee7ddd21aac521e01bf50?s=96&d=identicon&r=g\",\"contentUrl\":\"https:\/\/secure.gravatar.com\/avatar\/7fa71899795e8f540f615a1f5ab25255dc27aa40f05ee7ddd21aac521e01bf50?s=96&d=identicon&r=g\",\"caption\":\"Tomas Jarvid\"},\"description\":\"Jag bor i Ulricehamn i V\u00e4sterg\u00f6tland och \u00e4r f\u00f6rsamlingspr\u00e4st i Svenska Kyrkan f\u00f6r Dalstorps f\u00f6rsamling i Kinds pastorat. P\u00e5 den h\u00e4r bloggen skriver jag ner tankar om vandringen som kristen.\",\"sameAs\":[\"http:\/\/www.vandravagen.se\"],\"url\":\"https:\/\/blogg.svenskakyrkan.se\/vandravagen\/author\/vandravagen\/\"}]}<\/script>\n<!-- \/ Yoast SEO plugin. -->","yoast_head_json":{"title":"L\u00e4get i Svenska Kyrkan - Vandra V\u00e4gen","robots":{"index":"index","follow":"follow","max-snippet":"max-snippet:-1","max-image-preview":"max-image-preview:large","max-video-preview":"max-video-preview:-1"},"canonical":"https:\/\/blogg.svenskakyrkan.se\/vandravagen\/2016\/08\/10\/laget-i-svenska-kyrkan\/","og_locale":"sv_SE","og_type":"article","og_title":"L\u00e4get i Svenska Kyrkan - Vandra V\u00e4gen","og_description":"Det rasar i media igen kring min kyrka, Svenska Kyrkan. Det p\u00e5st\u00e5s allt m\u00f6jligt om min kyrka, dess pr\u00e4ster (som jag d\u00e5 allts\u00e5) och om att det \u00e4r ont om &#8221;riktiga kristna&#8221; d\u00e4r. Vandra V\u00e4gen \u00e4r en fridens plats d\u00e4r jag inte brukar skriva om kyrkliga br\u00e5k och det t\u00e4nker jag inte g\u00f6ra nu heller [&hellip;]","og_url":"https:\/\/blogg.svenskakyrkan.se\/vandravagen\/2016\/08\/10\/laget-i-svenska-kyrkan\/","og_site_name":"Vandra V\u00e4gen","article_publisher":"http:\/\/facebook.com\/vandravagen","article_published_time":"2016-08-10T05:00:37+00:00","og_image":[{"url":"http:\/\/blogg.svenskakyrkan.se\/vandravagen\/files\/2016\/08\/IMG_8140.jpg","type":"","width":"","height":""}],"author":"Tomas Jarvid","twitter_card":"summary_large_image","twitter_creator":"@fadertomas","twitter_site":"@fadertomas","twitter_misc":{"Skriven av":"Tomas Jarvid","Ber\u00e4knad l\u00e4stid":"2 minuter"},"schema":{"@context":"https:\/\/schema.org","@graph":[{"@type":"Article","@id":"https:\/\/blogg.svenskakyrkan.se\/vandravagen\/2016\/08\/10\/laget-i-svenska-kyrkan\/#article","isPartOf":{"@id":"https:\/\/blogg.svenskakyrkan.se\/vandravagen\/2016\/08\/10\/laget-i-svenska-kyrkan\/"},"author":{"name":"Tomas Jarvid","@id":"https:\/\/blogg.svenskakyrkan.se\/vandravagen\/#\/schema\/person\/25da02d4f76b137d04291711e2c9fc16"},"headline":"L\u00e4get i Svenska Kyrkan","datePublished":"2016-08-10T05:00:37+00:00","mainEntityOfPage":{"@id":"https:\/\/blogg.svenskakyrkan.se\/vandravagen\/2016\/08\/10\/laget-i-svenska-kyrkan\/"},"wordCount":350,"commentCount":15,"publisher":{"@id":"https:\/\/blogg.svenskakyrkan.se\/vandravagen\/#organization"},"image":{"@id":"https:\/\/blogg.svenskakyrkan.se\/vandravagen\/2016\/08\/10\/laget-i-svenska-kyrkan\/#primaryimage"},"thumbnailUrl":"http:\/\/blogg.svenskakyrkan.se\/vandravagen\/files\/2016\/08\/IMG_8140.jpg","articleSection":["blandat","Dagens Kyrka"],"inLanguage":"sv-SE","potentialAction":[{"@type":"CommentAction","name":"Comment","target":["https:\/\/blogg.svenskakyrkan.se\/vandravagen\/2016\/08\/10\/laget-i-svenska-kyrkan\/#respond"]}]},{"@type":"WebPage","@id":"https:\/\/blogg.svenskakyrkan.se\/vandravagen\/2016\/08\/10\/laget-i-svenska-kyrkan\/","url":"https:\/\/blogg.svenskakyrkan.se\/vandravagen\/2016\/08\/10\/laget-i-svenska-kyrkan\/","name":"L\u00e4get i Svenska Kyrkan - Vandra V\u00e4gen","isPartOf":{"@id":"https:\/\/blogg.svenskakyrkan.se\/vandravagen\/#website"},"primaryImageOfPage":{"@id":"https:\/\/blogg.svenskakyrkan.se\/vandravagen\/2016\/08\/10\/laget-i-svenska-kyrkan\/#primaryimage"},"image":{"@id":"https:\/\/blogg.svenskakyrkan.se\/vandravagen\/2016\/08\/10\/laget-i-svenska-kyrkan\/#primaryimage"},"thumbnailUrl":"http:\/\/blogg.svenskakyrkan.se\/vandravagen\/files\/2016\/08\/IMG_8140.jpg","datePublished":"2016-08-10T05:00:37+00:00","breadcrumb":{"@id":"https:\/\/blogg.svenskakyrkan.se\/vandravagen\/2016\/08\/10\/laget-i-svenska-kyrkan\/#breadcrumb"},"inLanguage":"sv-SE","potentialAction":[{"@type":"ReadAction","target":["https:\/\/blogg.svenskakyrkan.se\/vandravagen\/2016\/08\/10\/laget-i-svenska-kyrkan\/"]}]},{"@type":"ImageObject","inLanguage":"sv-SE","@id":"https:\/\/blogg.svenskakyrkan.se\/vandravagen\/2016\/08\/10\/laget-i-svenska-kyrkan\/#primaryimage","url":"http:\/\/blogg.svenskakyrkan.se\/vandravagen\/files\/2016\/08\/IMG_8140.jpg","contentUrl":"http:\/\/blogg.svenskakyrkan.se\/vandravagen\/files\/2016\/08\/IMG_8140.jpg"},{"@type":"BreadcrumbList","@id":"https:\/\/blogg.svenskakyrkan.se\/vandravagen\/2016\/08\/10\/laget-i-svenska-kyrkan\/#breadcrumb","itemListElement":[{"@type":"ListItem","position":1,"name":"Hem","item":"https:\/\/blogg.svenskakyrkan.se\/vandravagen\/"},{"@type":"ListItem","position":2,"name":"L\u00e4get i Svenska Kyrkan"}]},{"@type":"WebSite","@id":"https:\/\/blogg.svenskakyrkan.se\/vandravagen\/#website","url":"https:\/\/blogg.svenskakyrkan.se\/vandravagen\/","name":"Vandra V\u00e4gen","description":"-Mot en tro f\u00f6r hela livet","publisher":{"@id":"https:\/\/blogg.svenskakyrkan.se\/vandravagen\/#organization"},"potentialAction":[{"@type":"SearchAction","target":{"@type":"EntryPoint","urlTemplate":"https:\/\/blogg.svenskakyrkan.se\/vandravagen\/?s={search_term_string}"},"query-input":{"@type":"PropertyValueSpecification","valueRequired":true,"valueName":"search_term_string"}}],"inLanguage":"sv-SE"},{"@type":"Organization","@id":"https:\/\/blogg.svenskakyrkan.se\/vandravagen\/#organization","name":"ulricehamns pastorat","alternateName":"ulricehamns pastorat","url":"https:\/\/blogg.svenskakyrkan.se\/vandravagen\/","logo":{"@type":"ImageObject","inLanguage":"sv-SE","@id":"https:\/\/blogg.svenskakyrkan.se\/vandravagen\/#\/schema\/logo\/image\/","url":"https:\/\/blogg.svenskakyrkan.se\/vandravagen\/files\/2023\/05\/Ulr_logo_RGB.png","contentUrl":"https:\/\/blogg.svenskakyrkan.se\/vandravagen\/files\/2023\/05\/Ulr_logo_RGB.png","width":205,"height":77,"caption":"ulricehamns pastorat"},"image":{"@id":"https:\/\/blogg.svenskakyrkan.se\/vandravagen\/#\/schema\/logo\/image\/"},"sameAs":["http:\/\/facebook.com\/vandravagen","https:\/\/x.com\/fadertomas","http:\/\/www.facebook.com\/svenskakyrkaniulricehamn"]},{"@type":"Person","@id":"https:\/\/blogg.svenskakyrkan.se\/vandravagen\/#\/schema\/person\/25da02d4f76b137d04291711e2c9fc16","name":"Tomas Jarvid","image":{"@type":"ImageObject","inLanguage":"sv-SE","@id":"https:\/\/blogg.svenskakyrkan.se\/vandravagen\/#\/schema\/person\/image\/","url":"https:\/\/secure.gravatar.com\/avatar\/7fa71899795e8f540f615a1f5ab25255dc27aa40f05ee7ddd21aac521e01bf50?s=96&d=identicon&r=g","contentUrl":"https:\/\/secure.gravatar.com\/avatar\/7fa71899795e8f540f615a1f5ab25255dc27aa40f05ee7ddd21aac521e01bf50?s=96&d=identicon&r=g","caption":"Tomas Jarvid"},"description":"Jag bor i Ulricehamn i V\u00e4sterg\u00f6tland och \u00e4r f\u00f6rsamlingspr\u00e4st i Svenska Kyrkan f\u00f6r Dalstorps f\u00f6rsamling i Kinds pastorat. P\u00e5 den h\u00e4r bloggen skriver jag ner tankar om vandringen som kristen.","sameAs":["http:\/\/www.vandravagen.se"],"url":"https:\/\/blogg.svenskakyrkan.se\/vandravagen\/author\/vandravagen\/"}]}},"author_meta":{"ID":"392","user_nicename":"vandravagen","user_url":"http:\/\/www.vandravagen.se","user_registered":"2014-05-19 05:44:52","display_name":"Tomas Jarvid","first_name":"Tomas","last_name":"Jarvid","avatar":"https:\/\/secure.gravatar.com\/avatar\/7fa71899795e8f540f615a1f5ab25255dc27aa40f05ee7ddd21aac521e01bf50?s=96&d=identicon&r=g"},"featured_image":false,"bloginfo":{"name":"Vandra V\u00e4gen","url":"https:\/\/blogg.svenskakyrkan.se\/vandravagen"},"_links":{"self":[{"href":"https:\/\/blogg.svenskakyrkan.se\/vandravagen\/wp-json\/wp\/v2\/posts\/5008","targetHints":{"allow":["GET"]}}],"collection":[{"href":"https:\/\/blogg.svenskakyrkan.se\/vandravagen\/wp-json\/wp\/v2\/posts"}],"about":[{"href":"https:\/\/blogg.svenskakyrkan.se\/vandravagen\/wp-json\/wp\/v2\/types\/post"}],"author":[{"embeddable":true,"href":"https:\/\/blogg.svenskakyrkan.se\/vandravagen\/wp-json\/wp\/v2\/users\/392"}],"replies":[{"embeddable":true,"href":"https:\/\/blogg.svenskakyrkan.se\/vandravagen\/wp-json\/wp\/v2\/comments?post=5008"}],"version-history":[{"count":1,"href":"https:\/\/blogg.svenskakyrkan.se\/vandravagen\/wp-json\/wp\/v2\/posts\/5008\/revisions"}],"predecessor-version":[{"id":5010,"href":"https:\/\/blogg.svenskakyrkan.se\/vandravagen\/wp-json\/wp\/v2\/posts\/5008\/revisions\/5010"}],"wp:attachment":[{"href":"https:\/\/blogg.svenskakyrkan.se\/vandravagen\/wp-json\/wp\/v2\/media?parent=5008"}],"wp:term":[{"taxonomy":"category","embeddable":true,"href":"https:\/\/blogg.svenskakyrkan.se\/vandravagen\/wp-json\/wp\/v2\/categories?post=5008"},{"taxonomy":"post_tag","embeddable":true,"href":"https:\/\/blogg.svenskakyrkan.se\/vandravagen\/wp-json\/wp\/v2\/tags?post=5008"}],"curies":[{"name":"wp","href":"https:\/\/api.w.org\/{rel}","templated":true}]}}