{"id":501,"date":"2013-06-22T11:30:00","date_gmt":"2013-06-22T09:30:00","guid":{"rendered":"http:\/\/blogg.svenskakyrkan.se\/vandravagen\/2013\/06\/22\/skagagarden-ar-en-mycket-fin-plats\/"},"modified":"2013-06-22T11:30:00","modified_gmt":"2013-06-22T09:30:00","slug":"skagagarden-ar-en-mycket-fin-plats","status":"publish","type":"post","link":"https:\/\/blogg.svenskakyrkan.se\/vandravagen\/2013\/06\/22\/skagagarden-ar-en-mycket-fin-plats\/","title":{"rendered":"Skagag\u00e5rden \u00e4r en mycket fin plats"},"content":{"rendered":"<table align=\"center\" cellpadding=\"0\" cellspacing=\"0\">\n<tbody>\n<tr>\n<td><a href=\"http:\/\/2.bp.blogspot.com\/-Ny404tMr7Gw\/UcVRh0IRffI\/AAAAAAAAD9Q\/0sTTd7pQO3A\/s1600\/Skagaga%CC%8Arden.jpg\"><img loading=\"lazy\" decoding=\"async\" border=\"0\" height=\"426\" src=\"http:\/\/2.bp.blogspot.com\/-Ny404tMr7Gw\/UcVRh0IRffI\/AAAAAAAAD9Q\/0sTTd7pQO3A\/s640\/Skagaga%CC%8Arden.jpg\" width=\"640\"><\/a><\/td>\n<\/tr>\n<tr>\n<td>Titta noga s\u00e5 ser du konfirmander och Billy Joelsson<\/td>\n<\/tr>\n<\/tbody>\n<\/table>\n<div><\/div>\n<div>S\u00e5h\u00e4r i semestertiden blir det en hel del kyrkturistande och fotobloggande p\u00e5 bloggen. En plats vi g\u00e4rna bes\u00f6ker \u00e4r Skagag\u00e5rden i Tiveden. H\u00e4r har jag varit konfirmandledare tre somrar, hit gick min f\u00f6rsta ensamvandring, h\u00e4r har jag och Jenny haft v\u00e5r br\u00f6llopsfest. En mycket viktig plats f\u00f6r mig och familjen allts\u00e5. Titta p\u00e5\u00a0<a href=\"http:\/\/www.skagagarden.com\/\">http:\/\/www.skagagarden.com<\/a>, d\u00e4r kan du l\u00e4sa mer, \u00e4ven om det finfina konfal\u00e4gret som jag verkligen vill rekommendera. 4 goda sommarveckor f\u00f6r ditt barn.<\/div>\n<div><\/div>\n<div><a href=\"http:\/\/2.bp.blogspot.com\/-AJ7sJMJA1y4\/UcVRiOuQ9BI\/AAAAAAAAD9c\/lgmQ1S-93dI\/s1600\/blomster.jpg\"><img loading=\"lazy\" decoding=\"async\" border=\"0\" height=\"400\" src=\"http:\/\/2.bp.blogspot.com\/-AJ7sJMJA1y4\/UcVRiOuQ9BI\/AAAAAAAAD9c\/lgmQ1S-93dI\/s400\/blomster.jpg\" width=\"266\"><\/a><\/div>\n<\/p>\n<div><\/div>\n<\/p>\n<div><a href=\"http:\/\/1.bp.blogspot.com\/-VINCnJGg4WI\/UcVRjKonAtI\/AAAAAAAAD9k\/lXMN-8Fkrrk\/s1600\/skagaga%CC%8Arden+2.jpg\"><img loading=\"lazy\" decoding=\"async\" border=\"0\" height=\"426\" src=\"http:\/\/1.bp.blogspot.com\/-VINCnJGg4WI\/UcVRjKonAtI\/AAAAAAAAD9k\/lXMN-8Fkrrk\/s640\/skagaga%CC%8Arden+2.jpg\" width=\"640\"><\/a><\/div>\n<div><\/div>\n<div>Skaga har ocks\u00e5 en unik medeltida stavkyrka byggd 2001. Den f\u00f6rra brann och den f\u00f6rrf\u00f6rra var f\u00f6rfallen. Som kultplats \u00e4r dock Skaga v\u00e4ldigt gammal och g\u00e5r tillbaka till hednisk tid.<\/div>\n<div><\/div>\n<div><\/div>\n<\/p>\n<div><a href=\"http:\/\/1.bp.blogspot.com\/-_gO_LyKPLLs\/UcVRjmdfVpI\/AAAAAAAAD9o\/9Gs0IwkPPgQ\/s1600\/skagaga%CC%8Arden+3.jpg\"><img loading=\"lazy\" decoding=\"async\" border=\"0\" height=\"426\" src=\"http:\/\/1.bp.blogspot.com\/-_gO_LyKPLLs\/UcVRjmdfVpI\/AAAAAAAAD9o\/9Gs0IwkPPgQ\/s640\/skagaga%CC%8Arden+3.jpg\" width=\"640\"><\/a><\/div>\n<div><\/div>\n<div>Formen p\u00e5 kyrkan liknar intressant nog G\u00f6tene kyrka i s\u00e5 stor utstr\u00e4ckning att man kan misst\u00e4nka att G\u00f6tene stenkyrka ersatt (en bit i taget) en \u00e4nnu \u00e4ldre stavkyrka.<\/div>\n<div><\/div>\n<div><\/div>\n<div><\/div>\n<div><a href=\"http:\/\/4.bp.blogspot.com\/-UCkBsaoER4c\/UcVRiG5vkMI\/AAAAAAAAD9U\/gpZqcJRGPT4\/s1600\/Eva+Spa%CC%8Angberg.jpg\"><img loading=\"lazy\" decoding=\"async\" border=\"0\" height=\"400\" src=\"http:\/\/4.bp.blogspot.com\/-UCkBsaoER4c\/UcVRiG5vkMI\/AAAAAAAAD9U\/gpZqcJRGPT4\/s400\/Eva+Spa%CC%8Angberg.jpg\" width=\"266\"><\/a><\/div>\n<div><\/div>\n<div>Krucifixet \u00e4r gjort av Eva Sp\u00e5ngberg och f\u00f6rest\u00e4ller Kristus som kung, med famnen \u00f6ppnad till v\u00e4lkomnande!<\/div>\n<\/p>\n<div><\/div><\/p>\n","protected":false},"excerpt":{"rendered":"<p>Titta noga s\u00e5 ser du konfirmander och Billy Joelsson S\u00e5h\u00e4r i semestertiden blir det en hel del kyrkturistande och fotobloggande p\u00e5 bloggen. En plats vi g\u00e4rna bes\u00f6ker \u00e4r Skagag\u00e5rden i Tiveden. H\u00e4r har jag varit konfirmandledare tre somrar, hit gick min f\u00f6rsta ensamvandring, h\u00e4r har jag och Jenny haft v\u00e5r br\u00f6llopsfest. En mycket viktig plats [&hellip;]<\/p>\n","protected":false},"author":392,"featured_media":0,"comment_status":"open","ping_status":"open","sticky":false,"template":"","format":"standard","meta":{"_acf_changed":false,"footnotes":""},"categories":[56,76766],"tags":[],"class_list":["post-501","post","type-post","status-publish","format-standard","hentry","category-bilder","category-blandat"],"acf":[],"yoast_head":"<!-- This site is optimized with the Yoast SEO plugin v27.1.1 - https:\/\/yoast.com\/product\/yoast-seo-wordpress\/ -->\n<title>Skagag\u00e5rden \u00e4r en mycket fin plats - Vandra V\u00e4gen<\/title>\n<meta name=\"robots\" content=\"index, follow, max-snippet:-1, max-image-preview:large, max-video-preview:-1\" \/>\n<link rel=\"canonical\" href=\"https:\/\/blogg.svenskakyrkan.se\/vandravagen\/2013\/06\/22\/skagagarden-ar-en-mycket-fin-plats\/\" \/>\n<meta property=\"og:locale\" content=\"sv_SE\" \/>\n<meta property=\"og:type\" content=\"article\" \/>\n<meta property=\"og:title\" content=\"Skagag\u00e5rden \u00e4r en mycket fin plats - Vandra V\u00e4gen\" \/>\n<meta property=\"og:description\" content=\"Titta noga s\u00e5 ser du konfirmander och Billy Joelsson S\u00e5h\u00e4r i semestertiden blir det en hel del kyrkturistande och fotobloggande p\u00e5 bloggen. En plats vi g\u00e4rna bes\u00f6ker \u00e4r Skagag\u00e5rden i Tiveden. H\u00e4r har jag varit konfirmandledare tre somrar, hit gick min f\u00f6rsta ensamvandring, h\u00e4r har jag och Jenny haft v\u00e5r br\u00f6llopsfest. En mycket viktig plats [&hellip;]\" \/>\n<meta property=\"og:url\" content=\"https:\/\/blogg.svenskakyrkan.se\/vandravagen\/2013\/06\/22\/skagagarden-ar-en-mycket-fin-plats\/\" \/>\n<meta property=\"og:site_name\" content=\"Vandra V\u00e4gen\" \/>\n<meta property=\"article:publisher\" content=\"http:\/\/facebook.com\/vandravagen\" \/>\n<meta property=\"article:published_time\" content=\"2013-06-22T09:30:00+00:00\" \/>\n<meta property=\"og:image\" content=\"http:\/\/2.bp.blogspot.com\/-Ny404tMr7Gw\/UcVRh0IRffI\/AAAAAAAAD9Q\/0sTTd7pQO3A\/s640\/Skagaga%CC%8Arden.jpg\" \/>\n<meta name=\"author\" content=\"Tomas Jarvid\" \/>\n<meta name=\"twitter:card\" content=\"summary_large_image\" \/>\n<meta name=\"twitter:creator\" content=\"@fadertomas\" \/>\n<meta name=\"twitter:site\" content=\"@fadertomas\" \/>\n<meta name=\"twitter:label1\" content=\"Skriven av\" \/>\n\t<meta name=\"twitter:data1\" content=\"Tomas Jarvid\" \/>\n\t<meta name=\"twitter:label2\" content=\"Ber\u00e4knad l\u00e4stid\" \/>\n\t<meta name=\"twitter:data2\" content=\"1 minut\" \/>\n<script type=\"application\/ld+json\" class=\"yoast-schema-graph\">{\"@context\":\"https:\/\/schema.org\",\"@graph\":[{\"@type\":\"Article\",\"@id\":\"https:\/\/blogg.svenskakyrkan.se\/vandravagen\/2013\/06\/22\/skagagarden-ar-en-mycket-fin-plats\/#article\",\"isPartOf\":{\"@id\":\"https:\/\/blogg.svenskakyrkan.se\/vandravagen\/2013\/06\/22\/skagagarden-ar-en-mycket-fin-plats\/\"},\"author\":{\"name\":\"Tomas Jarvid\",\"@id\":\"https:\/\/blogg.svenskakyrkan.se\/vandravagen\/#\/schema\/person\/25da02d4f76b137d04291711e2c9fc16\"},\"headline\":\"Skagag\u00e5rden \u00e4r en mycket fin plats\",\"datePublished\":\"2013-06-22T09:30:00+00:00\",\"mainEntityOfPage\":{\"@id\":\"https:\/\/blogg.svenskakyrkan.se\/vandravagen\/2013\/06\/22\/skagagarden-ar-en-mycket-fin-plats\/\"},\"wordCount\":195,\"commentCount\":3,\"publisher\":{\"@id\":\"https:\/\/blogg.svenskakyrkan.se\/vandravagen\/#organization\"},\"image\":{\"@id\":\"https:\/\/blogg.svenskakyrkan.se\/vandravagen\/2013\/06\/22\/skagagarden-ar-en-mycket-fin-plats\/#primaryimage\"},\"thumbnailUrl\":\"http:\/\/2.bp.blogspot.com\/-Ny404tMr7Gw\/UcVRh0IRffI\/AAAAAAAAD9Q\/0sTTd7pQO3A\/s640\/Skagaga%CC%8Arden.jpg\",\"articleSection\":[\"bilder\",\"blandat\"],\"inLanguage\":\"sv-SE\",\"potentialAction\":[{\"@type\":\"CommentAction\",\"name\":\"Comment\",\"target\":[\"https:\/\/blogg.svenskakyrkan.se\/vandravagen\/2013\/06\/22\/skagagarden-ar-en-mycket-fin-plats\/#respond\"]}]},{\"@type\":\"WebPage\",\"@id\":\"https:\/\/blogg.svenskakyrkan.se\/vandravagen\/2013\/06\/22\/skagagarden-ar-en-mycket-fin-plats\/\",\"url\":\"https:\/\/blogg.svenskakyrkan.se\/vandravagen\/2013\/06\/22\/skagagarden-ar-en-mycket-fin-plats\/\",\"name\":\"Skagag\u00e5rden \u00e4r en mycket fin plats - Vandra V\u00e4gen\",\"isPartOf\":{\"@id\":\"https:\/\/blogg.svenskakyrkan.se\/vandravagen\/#website\"},\"primaryImageOfPage\":{\"@id\":\"https:\/\/blogg.svenskakyrkan.se\/vandravagen\/2013\/06\/22\/skagagarden-ar-en-mycket-fin-plats\/#primaryimage\"},\"image\":{\"@id\":\"https:\/\/blogg.svenskakyrkan.se\/vandravagen\/2013\/06\/22\/skagagarden-ar-en-mycket-fin-plats\/#primaryimage\"},\"thumbnailUrl\":\"http:\/\/2.bp.blogspot.com\/-Ny404tMr7Gw\/UcVRh0IRffI\/AAAAAAAAD9Q\/0sTTd7pQO3A\/s640\/Skagaga%CC%8Arden.jpg\",\"datePublished\":\"2013-06-22T09:30:00+00:00\",\"breadcrumb\":{\"@id\":\"https:\/\/blogg.svenskakyrkan.se\/vandravagen\/2013\/06\/22\/skagagarden-ar-en-mycket-fin-plats\/#breadcrumb\"},\"inLanguage\":\"sv-SE\",\"potentialAction\":[{\"@type\":\"ReadAction\",\"target\":[\"https:\/\/blogg.svenskakyrkan.se\/vandravagen\/2013\/06\/22\/skagagarden-ar-en-mycket-fin-plats\/\"]}]},{\"@type\":\"ImageObject\",\"inLanguage\":\"sv-SE\",\"@id\":\"https:\/\/blogg.svenskakyrkan.se\/vandravagen\/2013\/06\/22\/skagagarden-ar-en-mycket-fin-plats\/#primaryimage\",\"url\":\"http:\/\/2.bp.blogspot.com\/-Ny404tMr7Gw\/UcVRh0IRffI\/AAAAAAAAD9Q\/0sTTd7pQO3A\/s640\/Skagaga%CC%8Arden.jpg\",\"contentUrl\":\"http:\/\/2.bp.blogspot.com\/-Ny404tMr7Gw\/UcVRh0IRffI\/AAAAAAAAD9Q\/0sTTd7pQO3A\/s640\/Skagaga%CC%8Arden.jpg\"},{\"@type\":\"BreadcrumbList\",\"@id\":\"https:\/\/blogg.svenskakyrkan.se\/vandravagen\/2013\/06\/22\/skagagarden-ar-en-mycket-fin-plats\/#breadcrumb\",\"itemListElement\":[{\"@type\":\"ListItem\",\"position\":1,\"name\":\"Hem\",\"item\":\"https:\/\/blogg.svenskakyrkan.se\/vandravagen\/\"},{\"@type\":\"ListItem\",\"position\":2,\"name\":\"Skagag\u00e5rden \u00e4r en mycket fin plats\"}]},{\"@type\":\"WebSite\",\"@id\":\"https:\/\/blogg.svenskakyrkan.se\/vandravagen\/#website\",\"url\":\"https:\/\/blogg.svenskakyrkan.se\/vandravagen\/\",\"name\":\"Vandra V\u00e4gen\",\"description\":\"-Mot en tro f\u00f6r hela livet\",\"publisher\":{\"@id\":\"https:\/\/blogg.svenskakyrkan.se\/vandravagen\/#organization\"},\"potentialAction\":[{\"@type\":\"SearchAction\",\"target\":{\"@type\":\"EntryPoint\",\"urlTemplate\":\"https:\/\/blogg.svenskakyrkan.se\/vandravagen\/?s={search_term_string}\"},\"query-input\":{\"@type\":\"PropertyValueSpecification\",\"valueRequired\":true,\"valueName\":\"search_term_string\"}}],\"inLanguage\":\"sv-SE\"},{\"@type\":\"Organization\",\"@id\":\"https:\/\/blogg.svenskakyrkan.se\/vandravagen\/#organization\",\"name\":\"ulricehamns pastorat\",\"alternateName\":\"ulricehamns pastorat\",\"url\":\"https:\/\/blogg.svenskakyrkan.se\/vandravagen\/\",\"logo\":{\"@type\":\"ImageObject\",\"inLanguage\":\"sv-SE\",\"@id\":\"https:\/\/blogg.svenskakyrkan.se\/vandravagen\/#\/schema\/logo\/image\/\",\"url\":\"https:\/\/blogg.svenskakyrkan.se\/vandravagen\/files\/2023\/05\/Ulr_logo_RGB.png\",\"contentUrl\":\"https:\/\/blogg.svenskakyrkan.se\/vandravagen\/files\/2023\/05\/Ulr_logo_RGB.png\",\"width\":205,\"height\":77,\"caption\":\"ulricehamns pastorat\"},\"image\":{\"@id\":\"https:\/\/blogg.svenskakyrkan.se\/vandravagen\/#\/schema\/logo\/image\/\"},\"sameAs\":[\"http:\/\/facebook.com\/vandravagen\",\"https:\/\/x.com\/fadertomas\",\"http:\/\/www.facebook.com\/svenskakyrkaniulricehamn\"]},{\"@type\":\"Person\",\"@id\":\"https:\/\/blogg.svenskakyrkan.se\/vandravagen\/#\/schema\/person\/25da02d4f76b137d04291711e2c9fc16\",\"name\":\"Tomas Jarvid\",\"image\":{\"@type\":\"ImageObject\",\"inLanguage\":\"sv-SE\",\"@id\":\"https:\/\/blogg.svenskakyrkan.se\/vandravagen\/#\/schema\/person\/image\/\",\"url\":\"https:\/\/secure.gravatar.com\/avatar\/7fa71899795e8f540f615a1f5ab25255dc27aa40f05ee7ddd21aac521e01bf50?s=96&d=identicon&r=g\",\"contentUrl\":\"https:\/\/secure.gravatar.com\/avatar\/7fa71899795e8f540f615a1f5ab25255dc27aa40f05ee7ddd21aac521e01bf50?s=96&d=identicon&r=g\",\"caption\":\"Tomas Jarvid\"},\"description\":\"Jag bor i Ulricehamn i V\u00e4sterg\u00f6tland och \u00e4r f\u00f6rsamlingspr\u00e4st i Svenska Kyrkan f\u00f6r Dalstorps f\u00f6rsamling i Kinds pastorat. P\u00e5 den h\u00e4r bloggen skriver jag ner tankar om vandringen som kristen.\",\"sameAs\":[\"http:\/\/www.vandravagen.se\"],\"url\":\"https:\/\/blogg.svenskakyrkan.se\/vandravagen\/author\/vandravagen\/\"}]}<\/script>\n<!-- \/ Yoast SEO plugin. -->","yoast_head_json":{"title":"Skagag\u00e5rden \u00e4r en mycket fin plats - Vandra V\u00e4gen","robots":{"index":"index","follow":"follow","max-snippet":"max-snippet:-1","max-image-preview":"max-image-preview:large","max-video-preview":"max-video-preview:-1"},"canonical":"https:\/\/blogg.svenskakyrkan.se\/vandravagen\/2013\/06\/22\/skagagarden-ar-en-mycket-fin-plats\/","og_locale":"sv_SE","og_type":"article","og_title":"Skagag\u00e5rden \u00e4r en mycket fin plats - Vandra V\u00e4gen","og_description":"Titta noga s\u00e5 ser du konfirmander och Billy Joelsson S\u00e5h\u00e4r i semestertiden blir det en hel del kyrkturistande och fotobloggande p\u00e5 bloggen. En plats vi g\u00e4rna bes\u00f6ker \u00e4r Skagag\u00e5rden i Tiveden. H\u00e4r har jag varit konfirmandledare tre somrar, hit gick min f\u00f6rsta ensamvandring, h\u00e4r har jag och Jenny haft v\u00e5r br\u00f6llopsfest. En mycket viktig plats [&hellip;]","og_url":"https:\/\/blogg.svenskakyrkan.se\/vandravagen\/2013\/06\/22\/skagagarden-ar-en-mycket-fin-plats\/","og_site_name":"Vandra V\u00e4gen","article_publisher":"http:\/\/facebook.com\/vandravagen","article_published_time":"2013-06-22T09:30:00+00:00","og_image":[{"url":"http:\/\/2.bp.blogspot.com\/-Ny404tMr7Gw\/UcVRh0IRffI\/AAAAAAAAD9Q\/0sTTd7pQO3A\/s640\/Skagaga%CC%8Arden.jpg","type":"","width":"","height":""}],"author":"Tomas Jarvid","twitter_card":"summary_large_image","twitter_creator":"@fadertomas","twitter_site":"@fadertomas","twitter_misc":{"Skriven av":"Tomas Jarvid","Ber\u00e4knad l\u00e4stid":"1 minut"},"schema":{"@context":"https:\/\/schema.org","@graph":[{"@type":"Article","@id":"https:\/\/blogg.svenskakyrkan.se\/vandravagen\/2013\/06\/22\/skagagarden-ar-en-mycket-fin-plats\/#article","isPartOf":{"@id":"https:\/\/blogg.svenskakyrkan.se\/vandravagen\/2013\/06\/22\/skagagarden-ar-en-mycket-fin-plats\/"},"author":{"name":"Tomas Jarvid","@id":"https:\/\/blogg.svenskakyrkan.se\/vandravagen\/#\/schema\/person\/25da02d4f76b137d04291711e2c9fc16"},"headline":"Skagag\u00e5rden \u00e4r en mycket fin plats","datePublished":"2013-06-22T09:30:00+00:00","mainEntityOfPage":{"@id":"https:\/\/blogg.svenskakyrkan.se\/vandravagen\/2013\/06\/22\/skagagarden-ar-en-mycket-fin-plats\/"},"wordCount":195,"commentCount":3,"publisher":{"@id":"https:\/\/blogg.svenskakyrkan.se\/vandravagen\/#organization"},"image":{"@id":"https:\/\/blogg.svenskakyrkan.se\/vandravagen\/2013\/06\/22\/skagagarden-ar-en-mycket-fin-plats\/#primaryimage"},"thumbnailUrl":"http:\/\/2.bp.blogspot.com\/-Ny404tMr7Gw\/UcVRh0IRffI\/AAAAAAAAD9Q\/0sTTd7pQO3A\/s640\/Skagaga%CC%8Arden.jpg","articleSection":["bilder","blandat"],"inLanguage":"sv-SE","potentialAction":[{"@type":"CommentAction","name":"Comment","target":["https:\/\/blogg.svenskakyrkan.se\/vandravagen\/2013\/06\/22\/skagagarden-ar-en-mycket-fin-plats\/#respond"]}]},{"@type":"WebPage","@id":"https:\/\/blogg.svenskakyrkan.se\/vandravagen\/2013\/06\/22\/skagagarden-ar-en-mycket-fin-plats\/","url":"https:\/\/blogg.svenskakyrkan.se\/vandravagen\/2013\/06\/22\/skagagarden-ar-en-mycket-fin-plats\/","name":"Skagag\u00e5rden \u00e4r en mycket fin plats - Vandra V\u00e4gen","isPartOf":{"@id":"https:\/\/blogg.svenskakyrkan.se\/vandravagen\/#website"},"primaryImageOfPage":{"@id":"https:\/\/blogg.svenskakyrkan.se\/vandravagen\/2013\/06\/22\/skagagarden-ar-en-mycket-fin-plats\/#primaryimage"},"image":{"@id":"https:\/\/blogg.svenskakyrkan.se\/vandravagen\/2013\/06\/22\/skagagarden-ar-en-mycket-fin-plats\/#primaryimage"},"thumbnailUrl":"http:\/\/2.bp.blogspot.com\/-Ny404tMr7Gw\/UcVRh0IRffI\/AAAAAAAAD9Q\/0sTTd7pQO3A\/s640\/Skagaga%CC%8Arden.jpg","datePublished":"2013-06-22T09:30:00+00:00","breadcrumb":{"@id":"https:\/\/blogg.svenskakyrkan.se\/vandravagen\/2013\/06\/22\/skagagarden-ar-en-mycket-fin-plats\/#breadcrumb"},"inLanguage":"sv-SE","potentialAction":[{"@type":"ReadAction","target":["https:\/\/blogg.svenskakyrkan.se\/vandravagen\/2013\/06\/22\/skagagarden-ar-en-mycket-fin-plats\/"]}]},{"@type":"ImageObject","inLanguage":"sv-SE","@id":"https:\/\/blogg.svenskakyrkan.se\/vandravagen\/2013\/06\/22\/skagagarden-ar-en-mycket-fin-plats\/#primaryimage","url":"http:\/\/2.bp.blogspot.com\/-Ny404tMr7Gw\/UcVRh0IRffI\/AAAAAAAAD9Q\/0sTTd7pQO3A\/s640\/Skagaga%CC%8Arden.jpg","contentUrl":"http:\/\/2.bp.blogspot.com\/-Ny404tMr7Gw\/UcVRh0IRffI\/AAAAAAAAD9Q\/0sTTd7pQO3A\/s640\/Skagaga%CC%8Arden.jpg"},{"@type":"BreadcrumbList","@id":"https:\/\/blogg.svenskakyrkan.se\/vandravagen\/2013\/06\/22\/skagagarden-ar-en-mycket-fin-plats\/#breadcrumb","itemListElement":[{"@type":"ListItem","position":1,"name":"Hem","item":"https:\/\/blogg.svenskakyrkan.se\/vandravagen\/"},{"@type":"ListItem","position":2,"name":"Skagag\u00e5rden \u00e4r en mycket fin plats"}]},{"@type":"WebSite","@id":"https:\/\/blogg.svenskakyrkan.se\/vandravagen\/#website","url":"https:\/\/blogg.svenskakyrkan.se\/vandravagen\/","name":"Vandra V\u00e4gen","description":"-Mot en tro f\u00f6r hela livet","publisher":{"@id":"https:\/\/blogg.svenskakyrkan.se\/vandravagen\/#organization"},"potentialAction":[{"@type":"SearchAction","target":{"@type":"EntryPoint","urlTemplate":"https:\/\/blogg.svenskakyrkan.se\/vandravagen\/?s={search_term_string}"},"query-input":{"@type":"PropertyValueSpecification","valueRequired":true,"valueName":"search_term_string"}}],"inLanguage":"sv-SE"},{"@type":"Organization","@id":"https:\/\/blogg.svenskakyrkan.se\/vandravagen\/#organization","name":"ulricehamns pastorat","alternateName":"ulricehamns pastorat","url":"https:\/\/blogg.svenskakyrkan.se\/vandravagen\/","logo":{"@type":"ImageObject","inLanguage":"sv-SE","@id":"https:\/\/blogg.svenskakyrkan.se\/vandravagen\/#\/schema\/logo\/image\/","url":"https:\/\/blogg.svenskakyrkan.se\/vandravagen\/files\/2023\/05\/Ulr_logo_RGB.png","contentUrl":"https:\/\/blogg.svenskakyrkan.se\/vandravagen\/files\/2023\/05\/Ulr_logo_RGB.png","width":205,"height":77,"caption":"ulricehamns pastorat"},"image":{"@id":"https:\/\/blogg.svenskakyrkan.se\/vandravagen\/#\/schema\/logo\/image\/"},"sameAs":["http:\/\/facebook.com\/vandravagen","https:\/\/x.com\/fadertomas","http:\/\/www.facebook.com\/svenskakyrkaniulricehamn"]},{"@type":"Person","@id":"https:\/\/blogg.svenskakyrkan.se\/vandravagen\/#\/schema\/person\/25da02d4f76b137d04291711e2c9fc16","name":"Tomas Jarvid","image":{"@type":"ImageObject","inLanguage":"sv-SE","@id":"https:\/\/blogg.svenskakyrkan.se\/vandravagen\/#\/schema\/person\/image\/","url":"https:\/\/secure.gravatar.com\/avatar\/7fa71899795e8f540f615a1f5ab25255dc27aa40f05ee7ddd21aac521e01bf50?s=96&d=identicon&r=g","contentUrl":"https:\/\/secure.gravatar.com\/avatar\/7fa71899795e8f540f615a1f5ab25255dc27aa40f05ee7ddd21aac521e01bf50?s=96&d=identicon&r=g","caption":"Tomas Jarvid"},"description":"Jag bor i Ulricehamn i V\u00e4sterg\u00f6tland och \u00e4r f\u00f6rsamlingspr\u00e4st i Svenska Kyrkan f\u00f6r Dalstorps f\u00f6rsamling i Kinds pastorat. P\u00e5 den h\u00e4r bloggen skriver jag ner tankar om vandringen som kristen.","sameAs":["http:\/\/www.vandravagen.se"],"url":"https:\/\/blogg.svenskakyrkan.se\/vandravagen\/author\/vandravagen\/"}]}},"author_meta":{"ID":"392","user_nicename":"vandravagen","user_url":"http:\/\/www.vandravagen.se","user_registered":"2014-05-19 05:44:52","display_name":"Tomas Jarvid","first_name":"Tomas","last_name":"Jarvid","avatar":"https:\/\/secure.gravatar.com\/avatar\/7fa71899795e8f540f615a1f5ab25255dc27aa40f05ee7ddd21aac521e01bf50?s=96&d=identicon&r=g"},"featured_image":false,"bloginfo":{"name":"Vandra V\u00e4gen","url":"https:\/\/blogg.svenskakyrkan.se\/vandravagen"},"_links":{"self":[{"href":"https:\/\/blogg.svenskakyrkan.se\/vandravagen\/wp-json\/wp\/v2\/posts\/501","targetHints":{"allow":["GET"]}}],"collection":[{"href":"https:\/\/blogg.svenskakyrkan.se\/vandravagen\/wp-json\/wp\/v2\/posts"}],"about":[{"href":"https:\/\/blogg.svenskakyrkan.se\/vandravagen\/wp-json\/wp\/v2\/types\/post"}],"author":[{"embeddable":true,"href":"https:\/\/blogg.svenskakyrkan.se\/vandravagen\/wp-json\/wp\/v2\/users\/392"}],"replies":[{"embeddable":true,"href":"https:\/\/blogg.svenskakyrkan.se\/vandravagen\/wp-json\/wp\/v2\/comments?post=501"}],"version-history":[{"count":0,"href":"https:\/\/blogg.svenskakyrkan.se\/vandravagen\/wp-json\/wp\/v2\/posts\/501\/revisions"}],"wp:attachment":[{"href":"https:\/\/blogg.svenskakyrkan.se\/vandravagen\/wp-json\/wp\/v2\/media?parent=501"}],"wp:term":[{"taxonomy":"category","embeddable":true,"href":"https:\/\/blogg.svenskakyrkan.se\/vandravagen\/wp-json\/wp\/v2\/categories?post=501"},{"taxonomy":"post_tag","embeddable":true,"href":"https:\/\/blogg.svenskakyrkan.se\/vandravagen\/wp-json\/wp\/v2\/tags?post=501"}],"curies":[{"name":"wp","href":"https:\/\/api.w.org\/{rel}","templated":true}]}}