{"id":5081,"date":"2016-09-14T09:27:25","date_gmt":"2016-09-14T07:27:25","guid":{"rendered":"http:\/\/blogg.svenskakyrkan.se\/vandravagen\/?p=5081"},"modified":"2016-09-14T09:27:25","modified_gmt":"2016-09-14T07:27:25","slug":"sekularisering-och-ingen-vag-tillbaka","status":"publish","type":"post","link":"https:\/\/blogg.svenskakyrkan.se\/vandravagen\/2016\/09\/14\/sekularisering-och-ingen-vag-tillbaka\/","title":{"rendered":"Sekularisering och ingen v\u00e4g tillbaka"},"content":{"rendered":"<div id=\"attachment_5082\" style=\"width: 428px\" class=\"wp-caption aligncenter\"><a href=\"http:\/\/blogg.svenskakyrkan.se\/vandravagen\/files\/2016\/09\/15-M-BERTRAM-GRABOW-CREATION-DES-ANIMAUX.jpg\"><img loading=\"lazy\" decoding=\"async\" aria-describedby=\"caption-attachment-5082\" class=\"size-full wp-image-5082\" src=\"http:\/\/blogg.svenskakyrkan.se\/vandravagen\/files\/2016\/09\/15-M-BERTRAM-GRABOW-CREATION-DES-ANIMAUX.jpg\" alt=\"Det var b\u00e4ttre f\u00f6rr. H\u00e4r till exempel n\u00e4r Gud skapar djuren och inte ens kommit till m\u00e4nniskan \u00e4nnu?\" width=\"418\" height=\"650\" srcset=\"https:\/\/blogg.svenskakyrkan.se\/vandravagen\/files\/2016\/09\/15-M-BERTRAM-GRABOW-CREATION-DES-ANIMAUX.jpg 418w, https:\/\/blogg.svenskakyrkan.se\/vandravagen\/files\/2016\/09\/15-M-BERTRAM-GRABOW-CREATION-DES-ANIMAUX-300x467.jpg 300w, https:\/\/blogg.svenskakyrkan.se\/vandravagen\/files\/2016\/09\/15-M-BERTRAM-GRABOW-CREATION-DES-ANIMAUX-193x300.jpg 193w\" sizes=\"auto, (max-width: 418px) 100vw, 418px\" \/><\/a><p id=\"caption-attachment-5082\" class=\"wp-caption-text\">Det var b\u00e4ttre f\u00f6rr. H\u00e4r till exempel n\u00e4r Gud skapar djuren och inte ens kommit till m\u00e4nniskan \u00e4nnu?<\/p><\/div>\n<blockquote>\n<p>&#8221;Det var b\u00e4ttre f\u00f6rr, och ju f\u00f6rr desto b\u00e4ttre&#8221;<\/p>\n<\/blockquote>\n<p>S\u00e5 s\u00e4ger en och annan konservativ person jag k\u00e4nner. I Kyrkan kan man ibland f\u00e5 f\u00f6r sig samma sak och det t\u00e4nkte jag skriva om idag.<\/p>\n<p>I mitt arbetslag i f\u00f6rsamlingen har vi samtalat en del om sekularisering (f\u00f6rv\u00e4rldsligande) utifr\u00e5n Magnus Malms bok &#8221;Som om Gud inte finns&#8221;. Det s\u00e4ger sig sj\u00e4lv att en del som varit med l\u00e4nge och arbetat i Kyrkan och har mycket erfarenhet g\u00e4rna talar om hur det var l\u00e4ngre tillbaka i tiden. M\u00e5nga f\u00f6r\u00e4ndringar har ju varit till det s\u00e4mre vad g\u00e4ller engagemang i f\u00f6rsamlingslivet och gudstj\u00e4nsterna och det \u00e4r n\u00e5got att s\u00f6rja \u00f6ver.<\/p>\n<p>Men jag har ocks\u00e5 t\u00e4nkt mycket p\u00e5 att det verkligen inte f\u00e5r handla\u00a0om att allt var b\u00e4ttre f\u00f6rr (och borde bli s\u00e5 igen). Tittar man bak\u00e5t i kyrkohistorien finns det ALLTID m\u00e4ngder av konstiga saker som man inte kan begripa fick f\u00f6rekomma. Det g\u00e4ller i den n\u00e4ra historien och \u00e4nnu tydligare n\u00e4r man ser p\u00e5 riktigt gammal historia. Hur f\u00f6rv\u00e4rldsligad var inte Kyrkan p\u00e5 medeltiden n\u00e4r p\u00e5var intrigerade och krigade p\u00e5 h\u00e5rresande s\u00e4tt? Och hur \u00f6verf\u00f6randligad och kroppsf\u00f6raktande har kyrkan inte varit p\u00e5 andra s\u00e4tt.<\/p>\n<p>Att Kyrkan \u00e4nd\u00e5 finns kvar \u00e4r n\u00e4stan att betrakta som ett underverk. Jag ser det som ett tecken p\u00e5 att Gud \u00e4nd\u00e5 ger den nytt liv hela tiden av sin Ande.<\/p>\n<p>Historien g\u00e5r aldrig bak\u00e5t. Det \u00e4r sorgligt men sant. Kyrkan i framtiden kommer vara p\u00e5 n\u00e5got nytt s\u00e4tt som vi \u00e4nnu inte sett.<\/p>\n<p>Jag skrev n\u00e5got h\u00e4r i somras om (<a href=\"http:\/\/blogg.svenskakyrkan.se\/vandravagen\/2016\/08\/10\/laget-i-svenska-kyrkan\/\">&#8221;l\u00e4get i Svenska Kyrkan&#8221;<\/a>) om att det vanliga f\u00f6rsamlingslivet och b\u00f6nerna som bes d\u00e4r \u00e4r mycket viktigare \u00e4n allt som debatteras i media. Det l\u00e5ter alltid lite fromt och v\u00e4rldsfr\u00e5nv\u00e4nt att s\u00e4ga s\u00e5 men det \u00e4r \u00e4nd\u00e5 sant. <strong>Hade vi inte b\u00f6nelivet s\u00e5 hade vi ingen kyrka heller.<\/strong> Det \u00e4r sig likt genom tiderna.<\/p>\n<p>&nbsp;<\/p>\n","protected":false},"excerpt":{"rendered":"<p>&#8221;Det var b\u00e4ttre f\u00f6rr, och ju f\u00f6rr desto b\u00e4ttre&#8221; S\u00e5 s\u00e4ger en och annan konservativ person jag k\u00e4nner. I Kyrkan kan man ibland f\u00e5 f\u00f6r sig samma sak och det t\u00e4nkte jag skriva om idag. I mitt arbetslag i f\u00f6rsamlingen har vi samtalat en del om sekularisering (f\u00f6rv\u00e4rldsligande) utifr\u00e5n Magnus Malms bok &#8221;Som om Gud [&hellip;]<\/p>\n","protected":false},"author":392,"featured_media":0,"comment_status":"open","ping_status":"open","sticky":false,"template":"","format":"standard","meta":{"_acf_changed":false,"footnotes":""},"categories":[75887,76189,33574],"tags":[],"class_list":["post-5081","post","type-post","status-publish","format-standard","hentry","category-andlighet","category-dagens-kyrka","category-kyrkan"],"acf":[],"yoast_head":"<!-- This site is optimized with the Yoast SEO plugin v27.1.1 - https:\/\/yoast.com\/product\/yoast-seo-wordpress\/ -->\n<title>Sekularisering och ingen v\u00e4g tillbaka - Vandra V\u00e4gen<\/title>\n<meta name=\"robots\" content=\"index, follow, max-snippet:-1, max-image-preview:large, max-video-preview:-1\" \/>\n<link rel=\"canonical\" href=\"https:\/\/blogg.svenskakyrkan.se\/vandravagen\/2016\/09\/14\/sekularisering-och-ingen-vag-tillbaka\/\" \/>\n<meta property=\"og:locale\" content=\"sv_SE\" \/>\n<meta property=\"og:type\" content=\"article\" \/>\n<meta property=\"og:title\" content=\"Sekularisering och ingen v\u00e4g tillbaka - Vandra V\u00e4gen\" \/>\n<meta property=\"og:description\" content=\"&#8221;Det var b\u00e4ttre f\u00f6rr, och ju f\u00f6rr desto b\u00e4ttre&#8221; S\u00e5 s\u00e4ger en och annan konservativ person jag k\u00e4nner. I Kyrkan kan man ibland f\u00e5 f\u00f6r sig samma sak och det t\u00e4nkte jag skriva om idag. I mitt arbetslag i f\u00f6rsamlingen har vi samtalat en del om sekularisering (f\u00f6rv\u00e4rldsligande) utifr\u00e5n Magnus Malms bok &#8221;Som om Gud [&hellip;]\" \/>\n<meta property=\"og:url\" content=\"https:\/\/blogg.svenskakyrkan.se\/vandravagen\/2016\/09\/14\/sekularisering-och-ingen-vag-tillbaka\/\" \/>\n<meta property=\"og:site_name\" content=\"Vandra V\u00e4gen\" \/>\n<meta property=\"article:publisher\" content=\"http:\/\/facebook.com\/vandravagen\" \/>\n<meta property=\"article:published_time\" content=\"2016-09-14T07:27:25+00:00\" \/>\n<meta property=\"og:image\" content=\"http:\/\/blogg.svenskakyrkan.se\/vandravagen\/files\/2016\/09\/15-M-BERTRAM-GRABOW-CREATION-DES-ANIMAUX.jpg\" \/>\n<meta name=\"author\" content=\"Tomas Jarvid\" \/>\n<meta name=\"twitter:card\" content=\"summary_large_image\" \/>\n<meta name=\"twitter:creator\" content=\"@fadertomas\" \/>\n<meta name=\"twitter:site\" content=\"@fadertomas\" \/>\n<meta name=\"twitter:label1\" content=\"Skriven av\" \/>\n\t<meta name=\"twitter:data1\" content=\"Tomas Jarvid\" \/>\n\t<meta name=\"twitter:label2\" content=\"Ber\u00e4knad l\u00e4stid\" \/>\n\t<meta name=\"twitter:data2\" content=\"2 minuter\" \/>\n<script type=\"application\/ld+json\" class=\"yoast-schema-graph\">{\"@context\":\"https:\/\/schema.org\",\"@graph\":[{\"@type\":\"Article\",\"@id\":\"https:\/\/blogg.svenskakyrkan.se\/vandravagen\/2016\/09\/14\/sekularisering-och-ingen-vag-tillbaka\/#article\",\"isPartOf\":{\"@id\":\"https:\/\/blogg.svenskakyrkan.se\/vandravagen\/2016\/09\/14\/sekularisering-och-ingen-vag-tillbaka\/\"},\"author\":{\"name\":\"Tomas Jarvid\",\"@id\":\"https:\/\/blogg.svenskakyrkan.se\/vandravagen\/#\/schema\/person\/25da02d4f76b137d04291711e2c9fc16\"},\"headline\":\"Sekularisering och ingen v\u00e4g tillbaka\",\"datePublished\":\"2016-09-14T07:27:25+00:00\",\"mainEntityOfPage\":{\"@id\":\"https:\/\/blogg.svenskakyrkan.se\/vandravagen\/2016\/09\/14\/sekularisering-och-ingen-vag-tillbaka\/\"},\"wordCount\":408,\"commentCount\":5,\"publisher\":{\"@id\":\"https:\/\/blogg.svenskakyrkan.se\/vandravagen\/#organization\"},\"image\":{\"@id\":\"https:\/\/blogg.svenskakyrkan.se\/vandravagen\/2016\/09\/14\/sekularisering-och-ingen-vag-tillbaka\/#primaryimage\"},\"thumbnailUrl\":\"http:\/\/blogg.svenskakyrkan.se\/vandravagen\/files\/2016\/09\/15-M-BERTRAM-GRABOW-CREATION-DES-ANIMAUX.jpg\",\"articleSection\":[\"andlighet\",\"Dagens Kyrka\",\"kyrkan\"],\"inLanguage\":\"sv-SE\",\"potentialAction\":[{\"@type\":\"CommentAction\",\"name\":\"Comment\",\"target\":[\"https:\/\/blogg.svenskakyrkan.se\/vandravagen\/2016\/09\/14\/sekularisering-och-ingen-vag-tillbaka\/#respond\"]}]},{\"@type\":\"WebPage\",\"@id\":\"https:\/\/blogg.svenskakyrkan.se\/vandravagen\/2016\/09\/14\/sekularisering-och-ingen-vag-tillbaka\/\",\"url\":\"https:\/\/blogg.svenskakyrkan.se\/vandravagen\/2016\/09\/14\/sekularisering-och-ingen-vag-tillbaka\/\",\"name\":\"Sekularisering och ingen v\u00e4g tillbaka - Vandra V\u00e4gen\",\"isPartOf\":{\"@id\":\"https:\/\/blogg.svenskakyrkan.se\/vandravagen\/#website\"},\"primaryImageOfPage\":{\"@id\":\"https:\/\/blogg.svenskakyrkan.se\/vandravagen\/2016\/09\/14\/sekularisering-och-ingen-vag-tillbaka\/#primaryimage\"},\"image\":{\"@id\":\"https:\/\/blogg.svenskakyrkan.se\/vandravagen\/2016\/09\/14\/sekularisering-och-ingen-vag-tillbaka\/#primaryimage\"},\"thumbnailUrl\":\"http:\/\/blogg.svenskakyrkan.se\/vandravagen\/files\/2016\/09\/15-M-BERTRAM-GRABOW-CREATION-DES-ANIMAUX.jpg\",\"datePublished\":\"2016-09-14T07:27:25+00:00\",\"breadcrumb\":{\"@id\":\"https:\/\/blogg.svenskakyrkan.se\/vandravagen\/2016\/09\/14\/sekularisering-och-ingen-vag-tillbaka\/#breadcrumb\"},\"inLanguage\":\"sv-SE\",\"potentialAction\":[{\"@type\":\"ReadAction\",\"target\":[\"https:\/\/blogg.svenskakyrkan.se\/vandravagen\/2016\/09\/14\/sekularisering-och-ingen-vag-tillbaka\/\"]}]},{\"@type\":\"ImageObject\",\"inLanguage\":\"sv-SE\",\"@id\":\"https:\/\/blogg.svenskakyrkan.se\/vandravagen\/2016\/09\/14\/sekularisering-och-ingen-vag-tillbaka\/#primaryimage\",\"url\":\"http:\/\/blogg.svenskakyrkan.se\/vandravagen\/files\/2016\/09\/15-M-BERTRAM-GRABOW-CREATION-DES-ANIMAUX.jpg\",\"contentUrl\":\"http:\/\/blogg.svenskakyrkan.se\/vandravagen\/files\/2016\/09\/15-M-BERTRAM-GRABOW-CREATION-DES-ANIMAUX.jpg\"},{\"@type\":\"BreadcrumbList\",\"@id\":\"https:\/\/blogg.svenskakyrkan.se\/vandravagen\/2016\/09\/14\/sekularisering-och-ingen-vag-tillbaka\/#breadcrumb\",\"itemListElement\":[{\"@type\":\"ListItem\",\"position\":1,\"name\":\"Hem\",\"item\":\"https:\/\/blogg.svenskakyrkan.se\/vandravagen\/\"},{\"@type\":\"ListItem\",\"position\":2,\"name\":\"Sekularisering och ingen v\u00e4g tillbaka\"}]},{\"@type\":\"WebSite\",\"@id\":\"https:\/\/blogg.svenskakyrkan.se\/vandravagen\/#website\",\"url\":\"https:\/\/blogg.svenskakyrkan.se\/vandravagen\/\",\"name\":\"Vandra V\u00e4gen\",\"description\":\"-Mot en tro f\u00f6r hela livet\",\"publisher\":{\"@id\":\"https:\/\/blogg.svenskakyrkan.se\/vandravagen\/#organization\"},\"potentialAction\":[{\"@type\":\"SearchAction\",\"target\":{\"@type\":\"EntryPoint\",\"urlTemplate\":\"https:\/\/blogg.svenskakyrkan.se\/vandravagen\/?s={search_term_string}\"},\"query-input\":{\"@type\":\"PropertyValueSpecification\",\"valueRequired\":true,\"valueName\":\"search_term_string\"}}],\"inLanguage\":\"sv-SE\"},{\"@type\":\"Organization\",\"@id\":\"https:\/\/blogg.svenskakyrkan.se\/vandravagen\/#organization\",\"name\":\"ulricehamns pastorat\",\"alternateName\":\"ulricehamns pastorat\",\"url\":\"https:\/\/blogg.svenskakyrkan.se\/vandravagen\/\",\"logo\":{\"@type\":\"ImageObject\",\"inLanguage\":\"sv-SE\",\"@id\":\"https:\/\/blogg.svenskakyrkan.se\/vandravagen\/#\/schema\/logo\/image\/\",\"url\":\"https:\/\/blogg.svenskakyrkan.se\/vandravagen\/files\/2023\/05\/Ulr_logo_RGB.png\",\"contentUrl\":\"https:\/\/blogg.svenskakyrkan.se\/vandravagen\/files\/2023\/05\/Ulr_logo_RGB.png\",\"width\":205,\"height\":77,\"caption\":\"ulricehamns pastorat\"},\"image\":{\"@id\":\"https:\/\/blogg.svenskakyrkan.se\/vandravagen\/#\/schema\/logo\/image\/\"},\"sameAs\":[\"http:\/\/facebook.com\/vandravagen\",\"https:\/\/x.com\/fadertomas\",\"http:\/\/www.facebook.com\/svenskakyrkaniulricehamn\"]},{\"@type\":\"Person\",\"@id\":\"https:\/\/blogg.svenskakyrkan.se\/vandravagen\/#\/schema\/person\/25da02d4f76b137d04291711e2c9fc16\",\"name\":\"Tomas Jarvid\",\"image\":{\"@type\":\"ImageObject\",\"inLanguage\":\"sv-SE\",\"@id\":\"https:\/\/blogg.svenskakyrkan.se\/vandravagen\/#\/schema\/person\/image\/\",\"url\":\"https:\/\/secure.gravatar.com\/avatar\/7fa71899795e8f540f615a1f5ab25255dc27aa40f05ee7ddd21aac521e01bf50?s=96&d=identicon&r=g\",\"contentUrl\":\"https:\/\/secure.gravatar.com\/avatar\/7fa71899795e8f540f615a1f5ab25255dc27aa40f05ee7ddd21aac521e01bf50?s=96&d=identicon&r=g\",\"caption\":\"Tomas Jarvid\"},\"description\":\"Jag bor i Ulricehamn i V\u00e4sterg\u00f6tland och \u00e4r f\u00f6rsamlingspr\u00e4st i Svenska Kyrkan f\u00f6r Dalstorps f\u00f6rsamling i Kinds pastorat. P\u00e5 den h\u00e4r bloggen skriver jag ner tankar om vandringen som kristen.\",\"sameAs\":[\"http:\/\/www.vandravagen.se\"],\"url\":\"https:\/\/blogg.svenskakyrkan.se\/vandravagen\/author\/vandravagen\/\"}]}<\/script>\n<!-- \/ Yoast SEO plugin. -->","yoast_head_json":{"title":"Sekularisering och ingen v\u00e4g tillbaka - Vandra V\u00e4gen","robots":{"index":"index","follow":"follow","max-snippet":"max-snippet:-1","max-image-preview":"max-image-preview:large","max-video-preview":"max-video-preview:-1"},"canonical":"https:\/\/blogg.svenskakyrkan.se\/vandravagen\/2016\/09\/14\/sekularisering-och-ingen-vag-tillbaka\/","og_locale":"sv_SE","og_type":"article","og_title":"Sekularisering och ingen v\u00e4g tillbaka - Vandra V\u00e4gen","og_description":"&#8221;Det var b\u00e4ttre f\u00f6rr, och ju f\u00f6rr desto b\u00e4ttre&#8221; S\u00e5 s\u00e4ger en och annan konservativ person jag k\u00e4nner. I Kyrkan kan man ibland f\u00e5 f\u00f6r sig samma sak och det t\u00e4nkte jag skriva om idag. I mitt arbetslag i f\u00f6rsamlingen har vi samtalat en del om sekularisering (f\u00f6rv\u00e4rldsligande) utifr\u00e5n Magnus Malms bok &#8221;Som om Gud [&hellip;]","og_url":"https:\/\/blogg.svenskakyrkan.se\/vandravagen\/2016\/09\/14\/sekularisering-och-ingen-vag-tillbaka\/","og_site_name":"Vandra V\u00e4gen","article_publisher":"http:\/\/facebook.com\/vandravagen","article_published_time":"2016-09-14T07:27:25+00:00","og_image":[{"url":"http:\/\/blogg.svenskakyrkan.se\/vandravagen\/files\/2016\/09\/15-M-BERTRAM-GRABOW-CREATION-DES-ANIMAUX.jpg","type":"","width":"","height":""}],"author":"Tomas Jarvid","twitter_card":"summary_large_image","twitter_creator":"@fadertomas","twitter_site":"@fadertomas","twitter_misc":{"Skriven av":"Tomas Jarvid","Ber\u00e4knad l\u00e4stid":"2 minuter"},"schema":{"@context":"https:\/\/schema.org","@graph":[{"@type":"Article","@id":"https:\/\/blogg.svenskakyrkan.se\/vandravagen\/2016\/09\/14\/sekularisering-och-ingen-vag-tillbaka\/#article","isPartOf":{"@id":"https:\/\/blogg.svenskakyrkan.se\/vandravagen\/2016\/09\/14\/sekularisering-och-ingen-vag-tillbaka\/"},"author":{"name":"Tomas Jarvid","@id":"https:\/\/blogg.svenskakyrkan.se\/vandravagen\/#\/schema\/person\/25da02d4f76b137d04291711e2c9fc16"},"headline":"Sekularisering och ingen v\u00e4g tillbaka","datePublished":"2016-09-14T07:27:25+00:00","mainEntityOfPage":{"@id":"https:\/\/blogg.svenskakyrkan.se\/vandravagen\/2016\/09\/14\/sekularisering-och-ingen-vag-tillbaka\/"},"wordCount":408,"commentCount":5,"publisher":{"@id":"https:\/\/blogg.svenskakyrkan.se\/vandravagen\/#organization"},"image":{"@id":"https:\/\/blogg.svenskakyrkan.se\/vandravagen\/2016\/09\/14\/sekularisering-och-ingen-vag-tillbaka\/#primaryimage"},"thumbnailUrl":"http:\/\/blogg.svenskakyrkan.se\/vandravagen\/files\/2016\/09\/15-M-BERTRAM-GRABOW-CREATION-DES-ANIMAUX.jpg","articleSection":["andlighet","Dagens Kyrka","kyrkan"],"inLanguage":"sv-SE","potentialAction":[{"@type":"CommentAction","name":"Comment","target":["https:\/\/blogg.svenskakyrkan.se\/vandravagen\/2016\/09\/14\/sekularisering-och-ingen-vag-tillbaka\/#respond"]}]},{"@type":"WebPage","@id":"https:\/\/blogg.svenskakyrkan.se\/vandravagen\/2016\/09\/14\/sekularisering-och-ingen-vag-tillbaka\/","url":"https:\/\/blogg.svenskakyrkan.se\/vandravagen\/2016\/09\/14\/sekularisering-och-ingen-vag-tillbaka\/","name":"Sekularisering och ingen v\u00e4g tillbaka - Vandra V\u00e4gen","isPartOf":{"@id":"https:\/\/blogg.svenskakyrkan.se\/vandravagen\/#website"},"primaryImageOfPage":{"@id":"https:\/\/blogg.svenskakyrkan.se\/vandravagen\/2016\/09\/14\/sekularisering-och-ingen-vag-tillbaka\/#primaryimage"},"image":{"@id":"https:\/\/blogg.svenskakyrkan.se\/vandravagen\/2016\/09\/14\/sekularisering-och-ingen-vag-tillbaka\/#primaryimage"},"thumbnailUrl":"http:\/\/blogg.svenskakyrkan.se\/vandravagen\/files\/2016\/09\/15-M-BERTRAM-GRABOW-CREATION-DES-ANIMAUX.jpg","datePublished":"2016-09-14T07:27:25+00:00","breadcrumb":{"@id":"https:\/\/blogg.svenskakyrkan.se\/vandravagen\/2016\/09\/14\/sekularisering-och-ingen-vag-tillbaka\/#breadcrumb"},"inLanguage":"sv-SE","potentialAction":[{"@type":"ReadAction","target":["https:\/\/blogg.svenskakyrkan.se\/vandravagen\/2016\/09\/14\/sekularisering-och-ingen-vag-tillbaka\/"]}]},{"@type":"ImageObject","inLanguage":"sv-SE","@id":"https:\/\/blogg.svenskakyrkan.se\/vandravagen\/2016\/09\/14\/sekularisering-och-ingen-vag-tillbaka\/#primaryimage","url":"http:\/\/blogg.svenskakyrkan.se\/vandravagen\/files\/2016\/09\/15-M-BERTRAM-GRABOW-CREATION-DES-ANIMAUX.jpg","contentUrl":"http:\/\/blogg.svenskakyrkan.se\/vandravagen\/files\/2016\/09\/15-M-BERTRAM-GRABOW-CREATION-DES-ANIMAUX.jpg"},{"@type":"BreadcrumbList","@id":"https:\/\/blogg.svenskakyrkan.se\/vandravagen\/2016\/09\/14\/sekularisering-och-ingen-vag-tillbaka\/#breadcrumb","itemListElement":[{"@type":"ListItem","position":1,"name":"Hem","item":"https:\/\/blogg.svenskakyrkan.se\/vandravagen\/"},{"@type":"ListItem","position":2,"name":"Sekularisering och ingen v\u00e4g tillbaka"}]},{"@type":"WebSite","@id":"https:\/\/blogg.svenskakyrkan.se\/vandravagen\/#website","url":"https:\/\/blogg.svenskakyrkan.se\/vandravagen\/","name":"Vandra V\u00e4gen","description":"-Mot en tro f\u00f6r hela livet","publisher":{"@id":"https:\/\/blogg.svenskakyrkan.se\/vandravagen\/#organization"},"potentialAction":[{"@type":"SearchAction","target":{"@type":"EntryPoint","urlTemplate":"https:\/\/blogg.svenskakyrkan.se\/vandravagen\/?s={search_term_string}"},"query-input":{"@type":"PropertyValueSpecification","valueRequired":true,"valueName":"search_term_string"}}],"inLanguage":"sv-SE"},{"@type":"Organization","@id":"https:\/\/blogg.svenskakyrkan.se\/vandravagen\/#organization","name":"ulricehamns pastorat","alternateName":"ulricehamns pastorat","url":"https:\/\/blogg.svenskakyrkan.se\/vandravagen\/","logo":{"@type":"ImageObject","inLanguage":"sv-SE","@id":"https:\/\/blogg.svenskakyrkan.se\/vandravagen\/#\/schema\/logo\/image\/","url":"https:\/\/blogg.svenskakyrkan.se\/vandravagen\/files\/2023\/05\/Ulr_logo_RGB.png","contentUrl":"https:\/\/blogg.svenskakyrkan.se\/vandravagen\/files\/2023\/05\/Ulr_logo_RGB.png","width":205,"height":77,"caption":"ulricehamns pastorat"},"image":{"@id":"https:\/\/blogg.svenskakyrkan.se\/vandravagen\/#\/schema\/logo\/image\/"},"sameAs":["http:\/\/facebook.com\/vandravagen","https:\/\/x.com\/fadertomas","http:\/\/www.facebook.com\/svenskakyrkaniulricehamn"]},{"@type":"Person","@id":"https:\/\/blogg.svenskakyrkan.se\/vandravagen\/#\/schema\/person\/25da02d4f76b137d04291711e2c9fc16","name":"Tomas Jarvid","image":{"@type":"ImageObject","inLanguage":"sv-SE","@id":"https:\/\/blogg.svenskakyrkan.se\/vandravagen\/#\/schema\/person\/image\/","url":"https:\/\/secure.gravatar.com\/avatar\/7fa71899795e8f540f615a1f5ab25255dc27aa40f05ee7ddd21aac521e01bf50?s=96&d=identicon&r=g","contentUrl":"https:\/\/secure.gravatar.com\/avatar\/7fa71899795e8f540f615a1f5ab25255dc27aa40f05ee7ddd21aac521e01bf50?s=96&d=identicon&r=g","caption":"Tomas Jarvid"},"description":"Jag bor i Ulricehamn i V\u00e4sterg\u00f6tland och \u00e4r f\u00f6rsamlingspr\u00e4st i Svenska Kyrkan f\u00f6r Dalstorps f\u00f6rsamling i Kinds pastorat. P\u00e5 den h\u00e4r bloggen skriver jag ner tankar om vandringen som kristen.","sameAs":["http:\/\/www.vandravagen.se"],"url":"https:\/\/blogg.svenskakyrkan.se\/vandravagen\/author\/vandravagen\/"}]}},"author_meta":{"ID":"392","user_nicename":"vandravagen","user_url":"http:\/\/www.vandravagen.se","user_registered":"2014-05-19 05:44:52","display_name":"Tomas Jarvid","first_name":"Tomas","last_name":"Jarvid","avatar":"https:\/\/secure.gravatar.com\/avatar\/7fa71899795e8f540f615a1f5ab25255dc27aa40f05ee7ddd21aac521e01bf50?s=96&d=identicon&r=g"},"featured_image":false,"bloginfo":{"name":"Vandra V\u00e4gen","url":"https:\/\/blogg.svenskakyrkan.se\/vandravagen"},"_links":{"self":[{"href":"https:\/\/blogg.svenskakyrkan.se\/vandravagen\/wp-json\/wp\/v2\/posts\/5081","targetHints":{"allow":["GET"]}}],"collection":[{"href":"https:\/\/blogg.svenskakyrkan.se\/vandravagen\/wp-json\/wp\/v2\/posts"}],"about":[{"href":"https:\/\/blogg.svenskakyrkan.se\/vandravagen\/wp-json\/wp\/v2\/types\/post"}],"author":[{"embeddable":true,"href":"https:\/\/blogg.svenskakyrkan.se\/vandravagen\/wp-json\/wp\/v2\/users\/392"}],"replies":[{"embeddable":true,"href":"https:\/\/blogg.svenskakyrkan.se\/vandravagen\/wp-json\/wp\/v2\/comments?post=5081"}],"version-history":[{"count":1,"href":"https:\/\/blogg.svenskakyrkan.se\/vandravagen\/wp-json\/wp\/v2\/posts\/5081\/revisions"}],"predecessor-version":[{"id":5083,"href":"https:\/\/blogg.svenskakyrkan.se\/vandravagen\/wp-json\/wp\/v2\/posts\/5081\/revisions\/5083"}],"wp:attachment":[{"href":"https:\/\/blogg.svenskakyrkan.se\/vandravagen\/wp-json\/wp\/v2\/media?parent=5081"}],"wp:term":[{"taxonomy":"category","embeddable":true,"href":"https:\/\/blogg.svenskakyrkan.se\/vandravagen\/wp-json\/wp\/v2\/categories?post=5081"},{"taxonomy":"post_tag","embeddable":true,"href":"https:\/\/blogg.svenskakyrkan.se\/vandravagen\/wp-json\/wp\/v2\/tags?post=5081"}],"curies":[{"name":"wp","href":"https:\/\/api.w.org\/{rel}","templated":true}]}}