{"id":511,"date":"2013-06-15T07:55:00","date_gmt":"2013-06-15T05:55:00","guid":{"rendered":"http:\/\/blogg.svenskakyrkan.se\/vandravagen\/2013\/06\/15\/det-ar-fa-som-slutar-ga-i-kyrkan\/"},"modified":"2013-06-15T07:55:00","modified_gmt":"2013-06-15T05:55:00","slug":"det-ar-fa-som-slutar-ga-i-kyrkan","status":"publish","type":"post","link":"https:\/\/blogg.svenskakyrkan.se\/vandravagen\/2013\/06\/15\/det-ar-fa-som-slutar-ga-i-kyrkan\/","title":{"rendered":"Det \u00e4r F\u00c5 som slutar g\u00e5 i kyrkan"},"content":{"rendered":"<table align=\"center\" cellpadding=\"0\" cellspacing=\"0\">\n<tbody>\n<tr>\n<td><a href=\"http:\/\/4.bp.blogspot.com\/-_JCKezH6awA\/T2TPs9PBwpI\/AAAAAAAAAHA\/hnzJsLy6kpk\/s1600\/Konfirmander_1940_b.jpg\"><img loading=\"lazy\" decoding=\"async\" border=\"0\" height=\"467\" src=\"http:\/\/4.bp.blogspot.com\/-_JCKezH6awA\/T2TPs9PBwpI\/AAAAAAAAAHA\/hnzJsLy6kpk\/s640\/Konfirmander_1940_b.jpg\" width=\"640\"><\/a><\/td>\n<\/tr>\n<tr>\n<td>F\u00f6rr var det fler.<\/td>\n<\/tr>\n<\/tbody>\n<\/table>\n<div><\/div>\n<p>Det finns f\u00f6rst\u00e5s en och annan som slutar g\u00e5 i kyrkan eller g\u00e5r ur kyrkan och l\u00e4mnar den kristna tron. Jag tror \u00e4nd\u00e5 inte att de m\u00e4rks v\u00e4rst mycket i statistiken. Det som dominerar d\u00e4r \u00e4r generationsv\u00e4xlingen.<\/p>\n<p>Fr\u00e5gar man medelsvensson visar det sig snabbt att han eller hon aldrig slutat g\u00e5 i kyrkan. De har aldrig slutat, f\u00f6r de har aldrig b\u00f6rjat. Kanske minns de att deras farmor eller mamma brukade g\u00e5 i kyrkan men sj\u00e4lva har de helt enkelt inte haft med sig den vanan av gudstj\u00e4nstfirande.<\/p>\n<p>N\u00e4r det g\u00e4ller de krympande medlemssiffrorna f\u00f6r svenska kyrkan \u00e4r det samma sak. Gamla medlemmar d\u00f6r och f\u00e4rre d\u00f6ps. Det \u00e4r huvudanledningen till utvecklingen. En och annan g\u00e5r ur ocks\u00e5 men det \u00e4r en liten r\u00e4nnil, inte en str\u00f6mf\u00e5ra.<\/p>\n<p>Spelar det h\u00e4r n\u00e5gon roll? Jo, f\u00f6r det inneb\u00e4r att bilden blir en annan. Svenska folket best\u00e5r inte av folk som tagit avst\u00e5nd fr\u00e5n kristen tro. Det best\u00e5r av folk som haft allt mindre kontakt med den och vet allt mindre om den. Bland konfirmander idag finns inte ens f\u00f6rdomarna om kristen tro kvar.<\/p>\n<p>Det \u00e4r utmanande men inte hoppl\u00f6st som det skulle k\u00e4nnas annars.<\/p><\/p>\n","protected":false},"excerpt":{"rendered":"<p>F\u00f6rr var det fler. Det finns f\u00f6rst\u00e5s en och annan som slutar g\u00e5 i kyrkan eller g\u00e5r ur kyrkan och l\u00e4mnar den kristna tron. Jag tror \u00e4nd\u00e5 inte att de m\u00e4rks v\u00e4rst mycket i statistiken. Det som dominerar d\u00e4r \u00e4r generationsv\u00e4xlingen. Fr\u00e5gar man medelsvensson visar det sig snabbt att han eller hon aldrig slutat g\u00e5 [&hellip;]<\/p>\n","protected":false},"author":392,"featured_media":0,"comment_status":"open","ping_status":"open","sticky":false,"template":"","format":"standard","meta":{"_acf_changed":false,"footnotes":""},"categories":[76766],"tags":[],"class_list":["post-511","post","type-post","status-publish","format-standard","hentry","category-blandat"],"acf":[],"yoast_head":"<!-- This site is optimized with the Yoast SEO plugin v27.1.1 - https:\/\/yoast.com\/product\/yoast-seo-wordpress\/ -->\n<title>Det \u00e4r F\u00c5 som slutar g\u00e5 i kyrkan - Vandra V\u00e4gen<\/title>\n<meta name=\"robots\" content=\"index, follow, max-snippet:-1, max-image-preview:large, max-video-preview:-1\" \/>\n<link rel=\"canonical\" href=\"https:\/\/blogg.svenskakyrkan.se\/vandravagen\/2013\/06\/15\/det-ar-fa-som-slutar-ga-i-kyrkan\/\" \/>\n<meta property=\"og:locale\" content=\"sv_SE\" \/>\n<meta property=\"og:type\" content=\"article\" \/>\n<meta property=\"og:title\" content=\"Det \u00e4r F\u00c5 som slutar g\u00e5 i kyrkan - Vandra V\u00e4gen\" \/>\n<meta property=\"og:description\" content=\"F\u00f6rr var det fler. Det finns f\u00f6rst\u00e5s en och annan som slutar g\u00e5 i kyrkan eller g\u00e5r ur kyrkan och l\u00e4mnar den kristna tron. Jag tror \u00e4nd\u00e5 inte att de m\u00e4rks v\u00e4rst mycket i statistiken. Det som dominerar d\u00e4r \u00e4r generationsv\u00e4xlingen. Fr\u00e5gar man medelsvensson visar det sig snabbt att han eller hon aldrig slutat g\u00e5 [&hellip;]\" \/>\n<meta property=\"og:url\" content=\"https:\/\/blogg.svenskakyrkan.se\/vandravagen\/2013\/06\/15\/det-ar-fa-som-slutar-ga-i-kyrkan\/\" \/>\n<meta property=\"og:site_name\" content=\"Vandra V\u00e4gen\" \/>\n<meta property=\"article:publisher\" content=\"http:\/\/facebook.com\/vandravagen\" \/>\n<meta property=\"article:published_time\" content=\"2013-06-15T05:55:00+00:00\" \/>\n<meta property=\"og:image\" content=\"http:\/\/4.bp.blogspot.com\/-_JCKezH6awA\/T2TPs9PBwpI\/AAAAAAAAAHA\/hnzJsLy6kpk\/s640\/Konfirmander_1940_b.jpg\" \/>\n<meta name=\"author\" content=\"Tomas Jarvid\" \/>\n<meta name=\"twitter:card\" content=\"summary_large_image\" \/>\n<meta name=\"twitter:creator\" content=\"@fadertomas\" \/>\n<meta name=\"twitter:site\" content=\"@fadertomas\" \/>\n<meta name=\"twitter:label1\" content=\"Skriven av\" \/>\n\t<meta name=\"twitter:data1\" content=\"Tomas Jarvid\" \/>\n\t<meta name=\"twitter:label2\" content=\"Ber\u00e4knad l\u00e4stid\" \/>\n\t<meta name=\"twitter:data2\" content=\"1 minut\" \/>\n<script type=\"application\/ld+json\" class=\"yoast-schema-graph\">{\"@context\":\"https:\/\/schema.org\",\"@graph\":[{\"@type\":\"Article\",\"@id\":\"https:\/\/blogg.svenskakyrkan.se\/vandravagen\/2013\/06\/15\/det-ar-fa-som-slutar-ga-i-kyrkan\/#article\",\"isPartOf\":{\"@id\":\"https:\/\/blogg.svenskakyrkan.se\/vandravagen\/2013\/06\/15\/det-ar-fa-som-slutar-ga-i-kyrkan\/\"},\"author\":{\"name\":\"Tomas Jarvid\",\"@id\":\"https:\/\/blogg.svenskakyrkan.se\/vandravagen\/#\/schema\/person\/25da02d4f76b137d04291711e2c9fc16\"},\"headline\":\"Det \u00e4r F\u00c5 som slutar g\u00e5 i kyrkan\",\"datePublished\":\"2013-06-15T05:55:00+00:00\",\"mainEntityOfPage\":{\"@id\":\"https:\/\/blogg.svenskakyrkan.se\/vandravagen\/2013\/06\/15\/det-ar-fa-som-slutar-ga-i-kyrkan\/\"},\"wordCount\":239,\"commentCount\":6,\"publisher\":{\"@id\":\"https:\/\/blogg.svenskakyrkan.se\/vandravagen\/#organization\"},\"image\":{\"@id\":\"https:\/\/blogg.svenskakyrkan.se\/vandravagen\/2013\/06\/15\/det-ar-fa-som-slutar-ga-i-kyrkan\/#primaryimage\"},\"thumbnailUrl\":\"http:\/\/4.bp.blogspot.com\/-_JCKezH6awA\/T2TPs9PBwpI\/AAAAAAAAAHA\/hnzJsLy6kpk\/s640\/Konfirmander_1940_b.jpg\",\"articleSection\":[\"blandat\"],\"inLanguage\":\"sv-SE\",\"potentialAction\":[{\"@type\":\"CommentAction\",\"name\":\"Comment\",\"target\":[\"https:\/\/blogg.svenskakyrkan.se\/vandravagen\/2013\/06\/15\/det-ar-fa-som-slutar-ga-i-kyrkan\/#respond\"]}]},{\"@type\":\"WebPage\",\"@id\":\"https:\/\/blogg.svenskakyrkan.se\/vandravagen\/2013\/06\/15\/det-ar-fa-som-slutar-ga-i-kyrkan\/\",\"url\":\"https:\/\/blogg.svenskakyrkan.se\/vandravagen\/2013\/06\/15\/det-ar-fa-som-slutar-ga-i-kyrkan\/\",\"name\":\"Det \u00e4r F\u00c5 som slutar g\u00e5 i kyrkan - Vandra V\u00e4gen\",\"isPartOf\":{\"@id\":\"https:\/\/blogg.svenskakyrkan.se\/vandravagen\/#website\"},\"primaryImageOfPage\":{\"@id\":\"https:\/\/blogg.svenskakyrkan.se\/vandravagen\/2013\/06\/15\/det-ar-fa-som-slutar-ga-i-kyrkan\/#primaryimage\"},\"image\":{\"@id\":\"https:\/\/blogg.svenskakyrkan.se\/vandravagen\/2013\/06\/15\/det-ar-fa-som-slutar-ga-i-kyrkan\/#primaryimage\"},\"thumbnailUrl\":\"http:\/\/4.bp.blogspot.com\/-_JCKezH6awA\/T2TPs9PBwpI\/AAAAAAAAAHA\/hnzJsLy6kpk\/s640\/Konfirmander_1940_b.jpg\",\"datePublished\":\"2013-06-15T05:55:00+00:00\",\"breadcrumb\":{\"@id\":\"https:\/\/blogg.svenskakyrkan.se\/vandravagen\/2013\/06\/15\/det-ar-fa-som-slutar-ga-i-kyrkan\/#breadcrumb\"},\"inLanguage\":\"sv-SE\",\"potentialAction\":[{\"@type\":\"ReadAction\",\"target\":[\"https:\/\/blogg.svenskakyrkan.se\/vandravagen\/2013\/06\/15\/det-ar-fa-som-slutar-ga-i-kyrkan\/\"]}]},{\"@type\":\"ImageObject\",\"inLanguage\":\"sv-SE\",\"@id\":\"https:\/\/blogg.svenskakyrkan.se\/vandravagen\/2013\/06\/15\/det-ar-fa-som-slutar-ga-i-kyrkan\/#primaryimage\",\"url\":\"http:\/\/4.bp.blogspot.com\/-_JCKezH6awA\/T2TPs9PBwpI\/AAAAAAAAAHA\/hnzJsLy6kpk\/s640\/Konfirmander_1940_b.jpg\",\"contentUrl\":\"http:\/\/4.bp.blogspot.com\/-_JCKezH6awA\/T2TPs9PBwpI\/AAAAAAAAAHA\/hnzJsLy6kpk\/s640\/Konfirmander_1940_b.jpg\"},{\"@type\":\"BreadcrumbList\",\"@id\":\"https:\/\/blogg.svenskakyrkan.se\/vandravagen\/2013\/06\/15\/det-ar-fa-som-slutar-ga-i-kyrkan\/#breadcrumb\",\"itemListElement\":[{\"@type\":\"ListItem\",\"position\":1,\"name\":\"Hem\",\"item\":\"https:\/\/blogg.svenskakyrkan.se\/vandravagen\/\"},{\"@type\":\"ListItem\",\"position\":2,\"name\":\"Det \u00e4r F\u00c5 som slutar g\u00e5 i kyrkan\"}]},{\"@type\":\"WebSite\",\"@id\":\"https:\/\/blogg.svenskakyrkan.se\/vandravagen\/#website\",\"url\":\"https:\/\/blogg.svenskakyrkan.se\/vandravagen\/\",\"name\":\"Vandra V\u00e4gen\",\"description\":\"-Mot en tro f\u00f6r hela livet\",\"publisher\":{\"@id\":\"https:\/\/blogg.svenskakyrkan.se\/vandravagen\/#organization\"},\"potentialAction\":[{\"@type\":\"SearchAction\",\"target\":{\"@type\":\"EntryPoint\",\"urlTemplate\":\"https:\/\/blogg.svenskakyrkan.se\/vandravagen\/?s={search_term_string}\"},\"query-input\":{\"@type\":\"PropertyValueSpecification\",\"valueRequired\":true,\"valueName\":\"search_term_string\"}}],\"inLanguage\":\"sv-SE\"},{\"@type\":\"Organization\",\"@id\":\"https:\/\/blogg.svenskakyrkan.se\/vandravagen\/#organization\",\"name\":\"ulricehamns pastorat\",\"alternateName\":\"ulricehamns pastorat\",\"url\":\"https:\/\/blogg.svenskakyrkan.se\/vandravagen\/\",\"logo\":{\"@type\":\"ImageObject\",\"inLanguage\":\"sv-SE\",\"@id\":\"https:\/\/blogg.svenskakyrkan.se\/vandravagen\/#\/schema\/logo\/image\/\",\"url\":\"https:\/\/blogg.svenskakyrkan.se\/vandravagen\/files\/2023\/05\/Ulr_logo_RGB.png\",\"contentUrl\":\"https:\/\/blogg.svenskakyrkan.se\/vandravagen\/files\/2023\/05\/Ulr_logo_RGB.png\",\"width\":205,\"height\":77,\"caption\":\"ulricehamns pastorat\"},\"image\":{\"@id\":\"https:\/\/blogg.svenskakyrkan.se\/vandravagen\/#\/schema\/logo\/image\/\"},\"sameAs\":[\"http:\/\/facebook.com\/vandravagen\",\"https:\/\/x.com\/fadertomas\",\"http:\/\/www.facebook.com\/svenskakyrkaniulricehamn\"]},{\"@type\":\"Person\",\"@id\":\"https:\/\/blogg.svenskakyrkan.se\/vandravagen\/#\/schema\/person\/25da02d4f76b137d04291711e2c9fc16\",\"name\":\"Tomas Jarvid\",\"image\":{\"@type\":\"ImageObject\",\"inLanguage\":\"sv-SE\",\"@id\":\"https:\/\/blogg.svenskakyrkan.se\/vandravagen\/#\/schema\/person\/image\/\",\"url\":\"https:\/\/secure.gravatar.com\/avatar\/7fa71899795e8f540f615a1f5ab25255dc27aa40f05ee7ddd21aac521e01bf50?s=96&d=identicon&r=g\",\"contentUrl\":\"https:\/\/secure.gravatar.com\/avatar\/7fa71899795e8f540f615a1f5ab25255dc27aa40f05ee7ddd21aac521e01bf50?s=96&d=identicon&r=g\",\"caption\":\"Tomas Jarvid\"},\"description\":\"Jag bor i Ulricehamn i V\u00e4sterg\u00f6tland och \u00e4r f\u00f6rsamlingspr\u00e4st i Svenska Kyrkan f\u00f6r Dalstorps f\u00f6rsamling i Kinds pastorat. P\u00e5 den h\u00e4r bloggen skriver jag ner tankar om vandringen som kristen.\",\"sameAs\":[\"http:\/\/www.vandravagen.se\"],\"url\":\"https:\/\/blogg.svenskakyrkan.se\/vandravagen\/author\/vandravagen\/\"}]}<\/script>\n<!-- \/ Yoast SEO plugin. -->","yoast_head_json":{"title":"Det \u00e4r F\u00c5 som slutar g\u00e5 i kyrkan - Vandra V\u00e4gen","robots":{"index":"index","follow":"follow","max-snippet":"max-snippet:-1","max-image-preview":"max-image-preview:large","max-video-preview":"max-video-preview:-1"},"canonical":"https:\/\/blogg.svenskakyrkan.se\/vandravagen\/2013\/06\/15\/det-ar-fa-som-slutar-ga-i-kyrkan\/","og_locale":"sv_SE","og_type":"article","og_title":"Det \u00e4r F\u00c5 som slutar g\u00e5 i kyrkan - Vandra V\u00e4gen","og_description":"F\u00f6rr var det fler. Det finns f\u00f6rst\u00e5s en och annan som slutar g\u00e5 i kyrkan eller g\u00e5r ur kyrkan och l\u00e4mnar den kristna tron. Jag tror \u00e4nd\u00e5 inte att de m\u00e4rks v\u00e4rst mycket i statistiken. Det som dominerar d\u00e4r \u00e4r generationsv\u00e4xlingen. Fr\u00e5gar man medelsvensson visar det sig snabbt att han eller hon aldrig slutat g\u00e5 [&hellip;]","og_url":"https:\/\/blogg.svenskakyrkan.se\/vandravagen\/2013\/06\/15\/det-ar-fa-som-slutar-ga-i-kyrkan\/","og_site_name":"Vandra V\u00e4gen","article_publisher":"http:\/\/facebook.com\/vandravagen","article_published_time":"2013-06-15T05:55:00+00:00","og_image":[{"url":"http:\/\/4.bp.blogspot.com\/-_JCKezH6awA\/T2TPs9PBwpI\/AAAAAAAAAHA\/hnzJsLy6kpk\/s640\/Konfirmander_1940_b.jpg","type":"","width":"","height":""}],"author":"Tomas Jarvid","twitter_card":"summary_large_image","twitter_creator":"@fadertomas","twitter_site":"@fadertomas","twitter_misc":{"Skriven av":"Tomas Jarvid","Ber\u00e4knad l\u00e4stid":"1 minut"},"schema":{"@context":"https:\/\/schema.org","@graph":[{"@type":"Article","@id":"https:\/\/blogg.svenskakyrkan.se\/vandravagen\/2013\/06\/15\/det-ar-fa-som-slutar-ga-i-kyrkan\/#article","isPartOf":{"@id":"https:\/\/blogg.svenskakyrkan.se\/vandravagen\/2013\/06\/15\/det-ar-fa-som-slutar-ga-i-kyrkan\/"},"author":{"name":"Tomas Jarvid","@id":"https:\/\/blogg.svenskakyrkan.se\/vandravagen\/#\/schema\/person\/25da02d4f76b137d04291711e2c9fc16"},"headline":"Det \u00e4r F\u00c5 som slutar g\u00e5 i kyrkan","datePublished":"2013-06-15T05:55:00+00:00","mainEntityOfPage":{"@id":"https:\/\/blogg.svenskakyrkan.se\/vandravagen\/2013\/06\/15\/det-ar-fa-som-slutar-ga-i-kyrkan\/"},"wordCount":239,"commentCount":6,"publisher":{"@id":"https:\/\/blogg.svenskakyrkan.se\/vandravagen\/#organization"},"image":{"@id":"https:\/\/blogg.svenskakyrkan.se\/vandravagen\/2013\/06\/15\/det-ar-fa-som-slutar-ga-i-kyrkan\/#primaryimage"},"thumbnailUrl":"http:\/\/4.bp.blogspot.com\/-_JCKezH6awA\/T2TPs9PBwpI\/AAAAAAAAAHA\/hnzJsLy6kpk\/s640\/Konfirmander_1940_b.jpg","articleSection":["blandat"],"inLanguage":"sv-SE","potentialAction":[{"@type":"CommentAction","name":"Comment","target":["https:\/\/blogg.svenskakyrkan.se\/vandravagen\/2013\/06\/15\/det-ar-fa-som-slutar-ga-i-kyrkan\/#respond"]}]},{"@type":"WebPage","@id":"https:\/\/blogg.svenskakyrkan.se\/vandravagen\/2013\/06\/15\/det-ar-fa-som-slutar-ga-i-kyrkan\/","url":"https:\/\/blogg.svenskakyrkan.se\/vandravagen\/2013\/06\/15\/det-ar-fa-som-slutar-ga-i-kyrkan\/","name":"Det \u00e4r F\u00c5 som slutar g\u00e5 i kyrkan - Vandra V\u00e4gen","isPartOf":{"@id":"https:\/\/blogg.svenskakyrkan.se\/vandravagen\/#website"},"primaryImageOfPage":{"@id":"https:\/\/blogg.svenskakyrkan.se\/vandravagen\/2013\/06\/15\/det-ar-fa-som-slutar-ga-i-kyrkan\/#primaryimage"},"image":{"@id":"https:\/\/blogg.svenskakyrkan.se\/vandravagen\/2013\/06\/15\/det-ar-fa-som-slutar-ga-i-kyrkan\/#primaryimage"},"thumbnailUrl":"http:\/\/4.bp.blogspot.com\/-_JCKezH6awA\/T2TPs9PBwpI\/AAAAAAAAAHA\/hnzJsLy6kpk\/s640\/Konfirmander_1940_b.jpg","datePublished":"2013-06-15T05:55:00+00:00","breadcrumb":{"@id":"https:\/\/blogg.svenskakyrkan.se\/vandravagen\/2013\/06\/15\/det-ar-fa-som-slutar-ga-i-kyrkan\/#breadcrumb"},"inLanguage":"sv-SE","potentialAction":[{"@type":"ReadAction","target":["https:\/\/blogg.svenskakyrkan.se\/vandravagen\/2013\/06\/15\/det-ar-fa-som-slutar-ga-i-kyrkan\/"]}]},{"@type":"ImageObject","inLanguage":"sv-SE","@id":"https:\/\/blogg.svenskakyrkan.se\/vandravagen\/2013\/06\/15\/det-ar-fa-som-slutar-ga-i-kyrkan\/#primaryimage","url":"http:\/\/4.bp.blogspot.com\/-_JCKezH6awA\/T2TPs9PBwpI\/AAAAAAAAAHA\/hnzJsLy6kpk\/s640\/Konfirmander_1940_b.jpg","contentUrl":"http:\/\/4.bp.blogspot.com\/-_JCKezH6awA\/T2TPs9PBwpI\/AAAAAAAAAHA\/hnzJsLy6kpk\/s640\/Konfirmander_1940_b.jpg"},{"@type":"BreadcrumbList","@id":"https:\/\/blogg.svenskakyrkan.se\/vandravagen\/2013\/06\/15\/det-ar-fa-som-slutar-ga-i-kyrkan\/#breadcrumb","itemListElement":[{"@type":"ListItem","position":1,"name":"Hem","item":"https:\/\/blogg.svenskakyrkan.se\/vandravagen\/"},{"@type":"ListItem","position":2,"name":"Det \u00e4r F\u00c5 som slutar g\u00e5 i kyrkan"}]},{"@type":"WebSite","@id":"https:\/\/blogg.svenskakyrkan.se\/vandravagen\/#website","url":"https:\/\/blogg.svenskakyrkan.se\/vandravagen\/","name":"Vandra V\u00e4gen","description":"-Mot en tro f\u00f6r hela livet","publisher":{"@id":"https:\/\/blogg.svenskakyrkan.se\/vandravagen\/#organization"},"potentialAction":[{"@type":"SearchAction","target":{"@type":"EntryPoint","urlTemplate":"https:\/\/blogg.svenskakyrkan.se\/vandravagen\/?s={search_term_string}"},"query-input":{"@type":"PropertyValueSpecification","valueRequired":true,"valueName":"search_term_string"}}],"inLanguage":"sv-SE"},{"@type":"Organization","@id":"https:\/\/blogg.svenskakyrkan.se\/vandravagen\/#organization","name":"ulricehamns pastorat","alternateName":"ulricehamns pastorat","url":"https:\/\/blogg.svenskakyrkan.se\/vandravagen\/","logo":{"@type":"ImageObject","inLanguage":"sv-SE","@id":"https:\/\/blogg.svenskakyrkan.se\/vandravagen\/#\/schema\/logo\/image\/","url":"https:\/\/blogg.svenskakyrkan.se\/vandravagen\/files\/2023\/05\/Ulr_logo_RGB.png","contentUrl":"https:\/\/blogg.svenskakyrkan.se\/vandravagen\/files\/2023\/05\/Ulr_logo_RGB.png","width":205,"height":77,"caption":"ulricehamns pastorat"},"image":{"@id":"https:\/\/blogg.svenskakyrkan.se\/vandravagen\/#\/schema\/logo\/image\/"},"sameAs":["http:\/\/facebook.com\/vandravagen","https:\/\/x.com\/fadertomas","http:\/\/www.facebook.com\/svenskakyrkaniulricehamn"]},{"@type":"Person","@id":"https:\/\/blogg.svenskakyrkan.se\/vandravagen\/#\/schema\/person\/25da02d4f76b137d04291711e2c9fc16","name":"Tomas Jarvid","image":{"@type":"ImageObject","inLanguage":"sv-SE","@id":"https:\/\/blogg.svenskakyrkan.se\/vandravagen\/#\/schema\/person\/image\/","url":"https:\/\/secure.gravatar.com\/avatar\/7fa71899795e8f540f615a1f5ab25255dc27aa40f05ee7ddd21aac521e01bf50?s=96&d=identicon&r=g","contentUrl":"https:\/\/secure.gravatar.com\/avatar\/7fa71899795e8f540f615a1f5ab25255dc27aa40f05ee7ddd21aac521e01bf50?s=96&d=identicon&r=g","caption":"Tomas Jarvid"},"description":"Jag bor i Ulricehamn i V\u00e4sterg\u00f6tland och \u00e4r f\u00f6rsamlingspr\u00e4st i Svenska Kyrkan f\u00f6r Dalstorps f\u00f6rsamling i Kinds pastorat. P\u00e5 den h\u00e4r bloggen skriver jag ner tankar om vandringen som kristen.","sameAs":["http:\/\/www.vandravagen.se"],"url":"https:\/\/blogg.svenskakyrkan.se\/vandravagen\/author\/vandravagen\/"}]}},"author_meta":{"ID":"392","user_nicename":"vandravagen","user_url":"http:\/\/www.vandravagen.se","user_registered":"2014-05-19 05:44:52","display_name":"Tomas Jarvid","first_name":"Tomas","last_name":"Jarvid","avatar":"https:\/\/secure.gravatar.com\/avatar\/7fa71899795e8f540f615a1f5ab25255dc27aa40f05ee7ddd21aac521e01bf50?s=96&d=identicon&r=g"},"featured_image":false,"bloginfo":{"name":"Vandra V\u00e4gen","url":"https:\/\/blogg.svenskakyrkan.se\/vandravagen"},"_links":{"self":[{"href":"https:\/\/blogg.svenskakyrkan.se\/vandravagen\/wp-json\/wp\/v2\/posts\/511","targetHints":{"allow":["GET"]}}],"collection":[{"href":"https:\/\/blogg.svenskakyrkan.se\/vandravagen\/wp-json\/wp\/v2\/posts"}],"about":[{"href":"https:\/\/blogg.svenskakyrkan.se\/vandravagen\/wp-json\/wp\/v2\/types\/post"}],"author":[{"embeddable":true,"href":"https:\/\/blogg.svenskakyrkan.se\/vandravagen\/wp-json\/wp\/v2\/users\/392"}],"replies":[{"embeddable":true,"href":"https:\/\/blogg.svenskakyrkan.se\/vandravagen\/wp-json\/wp\/v2\/comments?post=511"}],"version-history":[{"count":0,"href":"https:\/\/blogg.svenskakyrkan.se\/vandravagen\/wp-json\/wp\/v2\/posts\/511\/revisions"}],"wp:attachment":[{"href":"https:\/\/blogg.svenskakyrkan.se\/vandravagen\/wp-json\/wp\/v2\/media?parent=511"}],"wp:term":[{"taxonomy":"category","embeddable":true,"href":"https:\/\/blogg.svenskakyrkan.se\/vandravagen\/wp-json\/wp\/v2\/categories?post=511"},{"taxonomy":"post_tag","embeddable":true,"href":"https:\/\/blogg.svenskakyrkan.se\/vandravagen\/wp-json\/wp\/v2\/tags?post=511"}],"curies":[{"name":"wp","href":"https:\/\/api.w.org\/{rel}","templated":true}]}}