{"id":512,"date":"2013-06-14T20:01:00","date_gmt":"2013-06-14T18:01:00","guid":{"rendered":"http:\/\/blogg.svenskakyrkan.se\/vandravagen\/2013\/06\/14\/tank-mer-inte-mindre\/"},"modified":"2013-06-14T20:01:00","modified_gmt":"2013-06-14T18:01:00","slug":"tank-mer-inte-mindre","status":"publish","type":"post","link":"https:\/\/blogg.svenskakyrkan.se\/vandravagen\/2013\/06\/14\/tank-mer-inte-mindre\/","title":{"rendered":"T\u00e4nk mer, inte mindre"},"content":{"rendered":"<div><a href=\"http:\/\/1.bp.blogspot.com\/-xJUM4sFBC_U\/UbtZRDqfMZI\/AAAAAAAAD38\/uOLcq5Lv00o\/s1600\/20890_10151497658295999_3251428_n.jpg\"><img loading=\"lazy\" decoding=\"async\" border=\"0\" height=\"640\" src=\"http:\/\/1.bp.blogspot.com\/-xJUM4sFBC_U\/UbtZRDqfMZI\/AAAAAAAAD38\/uOLcq5Lv00o\/s640\/20890_10151497658295999_3251428_n.jpg\" width=\"640\"><\/a><\/div>\n<div><\/div>\n<div><\/div>\n<div>Ibland f\u00e5r man intrycket att kristen tro \u00e4r antiintellektuell. Det \u00e4r bara att acceptera vad pr\u00e4sten s\u00e4ger och inte ifr\u00e5gas\u00e4tta. S\u00e5 har det f\u00f6rst\u00e5s varit i det f\u00f6rflutna ocks\u00e5 men inte var det b\u00e4ttre d\u00e5. Vi har f\u00e5tt huvudet f\u00f6r att t\u00e4nka med och trosfr\u00e5gor \u00e4r inget undantag.<\/div>\n<div><\/div>\n<div>Jesus uppmuntrar sina \u00e5h\u00f6rare att t\u00e4nka. Att titta p\u00e5 liljorna p\u00e5 f\u00e4ltet och annat och sedan dra slutsatser av vad de ser. Hela grejen med liknelser \u00e4r v\u00e4l att vi ska t\u00e4nka sj\u00e4lva, engagera oss?<\/div>\n<div><\/div>\n<div>Jag vill i sammanhanget tipsa om <a href=\"http:\/\/winteryknight.wordpress.com\/2013\/06\/07\/study-of-young-atheists-suggests-strategies-for-evangelism\/\">den h\u00e4r unders\u00f6kningen bland unga ateister<\/a> om vad det var som fick dem att ta avst\u00e5nd fr\u00e5n kristen tro. Ofta var det ytligheten och bristen p\u00e5 intellektuell sp\u00e4nst i f\u00f6rsamlingarna. Det berodde ocks\u00e5 ofta p\u00e5 att de andra kristna inte verkade ta sin tro p\u00e5 allvar. N\u00e5got att fundera vidare p\u00e5.<\/div>\n<div><\/div>\n","protected":false},"excerpt":{"rendered":"<p>Ibland f\u00e5r man intrycket att kristen tro \u00e4r antiintellektuell. Det \u00e4r bara att acceptera vad pr\u00e4sten s\u00e4ger och inte ifr\u00e5gas\u00e4tta. S\u00e5 har det f\u00f6rst\u00e5s varit i det f\u00f6rflutna ocks\u00e5 men inte var det b\u00e4ttre d\u00e5. Vi har f\u00e5tt huvudet f\u00f6r att t\u00e4nka med och trosfr\u00e5gor \u00e4r inget undantag. Jesus uppmuntrar sina \u00e5h\u00f6rare att t\u00e4nka. Att [&hellip;]<\/p>\n","protected":false},"author":392,"featured_media":0,"comment_status":"open","ping_status":"open","sticky":false,"template":"","format":"standard","meta":{"_acf_changed":false,"footnotes":""},"categories":[117],"tags":[],"class_list":["post-512","post","type-post","status-publish","format-standard","hentry","category-teologi"],"acf":[],"yoast_head":"<!-- This site is optimized with the Yoast SEO plugin v27.1.1 - https:\/\/yoast.com\/product\/yoast-seo-wordpress\/ -->\n<title>T\u00e4nk mer, inte mindre - Vandra V\u00e4gen<\/title>\n<meta name=\"robots\" content=\"index, follow, max-snippet:-1, max-image-preview:large, max-video-preview:-1\" \/>\n<link rel=\"canonical\" href=\"https:\/\/blogg.svenskakyrkan.se\/vandravagen\/2013\/06\/14\/tank-mer-inte-mindre\/\" \/>\n<meta property=\"og:locale\" content=\"sv_SE\" \/>\n<meta property=\"og:type\" content=\"article\" \/>\n<meta property=\"og:title\" content=\"T\u00e4nk mer, inte mindre - Vandra V\u00e4gen\" \/>\n<meta property=\"og:description\" content=\"Ibland f\u00e5r man intrycket att kristen tro \u00e4r antiintellektuell. Det \u00e4r bara att acceptera vad pr\u00e4sten s\u00e4ger och inte ifr\u00e5gas\u00e4tta. S\u00e5 har det f\u00f6rst\u00e5s varit i det f\u00f6rflutna ocks\u00e5 men inte var det b\u00e4ttre d\u00e5. Vi har f\u00e5tt huvudet f\u00f6r att t\u00e4nka med och trosfr\u00e5gor \u00e4r inget undantag. Jesus uppmuntrar sina \u00e5h\u00f6rare att t\u00e4nka. Att [&hellip;]\" \/>\n<meta property=\"og:url\" content=\"https:\/\/blogg.svenskakyrkan.se\/vandravagen\/2013\/06\/14\/tank-mer-inte-mindre\/\" \/>\n<meta property=\"og:site_name\" content=\"Vandra V\u00e4gen\" \/>\n<meta property=\"article:publisher\" content=\"http:\/\/facebook.com\/vandravagen\" \/>\n<meta property=\"article:published_time\" content=\"2013-06-14T18:01:00+00:00\" \/>\n<meta property=\"og:image\" content=\"http:\/\/1.bp.blogspot.com\/-xJUM4sFBC_U\/UbtZRDqfMZI\/AAAAAAAAD38\/uOLcq5Lv00o\/s640\/20890_10151497658295999_3251428_n.jpg\" \/>\n<meta name=\"author\" content=\"Tomas Jarvid\" \/>\n<meta name=\"twitter:card\" content=\"summary_large_image\" \/>\n<meta name=\"twitter:creator\" content=\"@fadertomas\" \/>\n<meta name=\"twitter:site\" content=\"@fadertomas\" \/>\n<meta name=\"twitter:label1\" content=\"Skriven av\" \/>\n\t<meta name=\"twitter:data1\" content=\"Tomas Jarvid\" \/>\n\t<meta name=\"twitter:label2\" content=\"Ber\u00e4knad l\u00e4stid\" \/>\n\t<meta name=\"twitter:data2\" content=\"1 minut\" \/>\n<script type=\"application\/ld+json\" class=\"yoast-schema-graph\">{\"@context\":\"https:\/\/schema.org\",\"@graph\":[{\"@type\":\"Article\",\"@id\":\"https:\/\/blogg.svenskakyrkan.se\/vandravagen\/2013\/06\/14\/tank-mer-inte-mindre\/#article\",\"isPartOf\":{\"@id\":\"https:\/\/blogg.svenskakyrkan.se\/vandravagen\/2013\/06\/14\/tank-mer-inte-mindre\/\"},\"author\":{\"name\":\"Tomas Jarvid\",\"@id\":\"https:\/\/blogg.svenskakyrkan.se\/vandravagen\/#\/schema\/person\/25da02d4f76b137d04291711e2c9fc16\"},\"headline\":\"T\u00e4nk mer, inte mindre\",\"datePublished\":\"2013-06-14T18:01:00+00:00\",\"mainEntityOfPage\":{\"@id\":\"https:\/\/blogg.svenskakyrkan.se\/vandravagen\/2013\/06\/14\/tank-mer-inte-mindre\/\"},\"wordCount\":171,\"commentCount\":2,\"publisher\":{\"@id\":\"https:\/\/blogg.svenskakyrkan.se\/vandravagen\/#organization\"},\"image\":{\"@id\":\"https:\/\/blogg.svenskakyrkan.se\/vandravagen\/2013\/06\/14\/tank-mer-inte-mindre\/#primaryimage\"},\"thumbnailUrl\":\"http:\/\/1.bp.blogspot.com\/-xJUM4sFBC_U\/UbtZRDqfMZI\/AAAAAAAAD38\/uOLcq5Lv00o\/s640\/20890_10151497658295999_3251428_n.jpg\",\"articleSection\":[\"Teologi\"],\"inLanguage\":\"sv-SE\",\"potentialAction\":[{\"@type\":\"CommentAction\",\"name\":\"Comment\",\"target\":[\"https:\/\/blogg.svenskakyrkan.se\/vandravagen\/2013\/06\/14\/tank-mer-inte-mindre\/#respond\"]}]},{\"@type\":\"WebPage\",\"@id\":\"https:\/\/blogg.svenskakyrkan.se\/vandravagen\/2013\/06\/14\/tank-mer-inte-mindre\/\",\"url\":\"https:\/\/blogg.svenskakyrkan.se\/vandravagen\/2013\/06\/14\/tank-mer-inte-mindre\/\",\"name\":\"T\u00e4nk mer, inte mindre - Vandra V\u00e4gen\",\"isPartOf\":{\"@id\":\"https:\/\/blogg.svenskakyrkan.se\/vandravagen\/#website\"},\"primaryImageOfPage\":{\"@id\":\"https:\/\/blogg.svenskakyrkan.se\/vandravagen\/2013\/06\/14\/tank-mer-inte-mindre\/#primaryimage\"},\"image\":{\"@id\":\"https:\/\/blogg.svenskakyrkan.se\/vandravagen\/2013\/06\/14\/tank-mer-inte-mindre\/#primaryimage\"},\"thumbnailUrl\":\"http:\/\/1.bp.blogspot.com\/-xJUM4sFBC_U\/UbtZRDqfMZI\/AAAAAAAAD38\/uOLcq5Lv00o\/s640\/20890_10151497658295999_3251428_n.jpg\",\"datePublished\":\"2013-06-14T18:01:00+00:00\",\"breadcrumb\":{\"@id\":\"https:\/\/blogg.svenskakyrkan.se\/vandravagen\/2013\/06\/14\/tank-mer-inte-mindre\/#breadcrumb\"},\"inLanguage\":\"sv-SE\",\"potentialAction\":[{\"@type\":\"ReadAction\",\"target\":[\"https:\/\/blogg.svenskakyrkan.se\/vandravagen\/2013\/06\/14\/tank-mer-inte-mindre\/\"]}]},{\"@type\":\"ImageObject\",\"inLanguage\":\"sv-SE\",\"@id\":\"https:\/\/blogg.svenskakyrkan.se\/vandravagen\/2013\/06\/14\/tank-mer-inte-mindre\/#primaryimage\",\"url\":\"http:\/\/1.bp.blogspot.com\/-xJUM4sFBC_U\/UbtZRDqfMZI\/AAAAAAAAD38\/uOLcq5Lv00o\/s640\/20890_10151497658295999_3251428_n.jpg\",\"contentUrl\":\"http:\/\/1.bp.blogspot.com\/-xJUM4sFBC_U\/UbtZRDqfMZI\/AAAAAAAAD38\/uOLcq5Lv00o\/s640\/20890_10151497658295999_3251428_n.jpg\"},{\"@type\":\"BreadcrumbList\",\"@id\":\"https:\/\/blogg.svenskakyrkan.se\/vandravagen\/2013\/06\/14\/tank-mer-inte-mindre\/#breadcrumb\",\"itemListElement\":[{\"@type\":\"ListItem\",\"position\":1,\"name\":\"Hem\",\"item\":\"https:\/\/blogg.svenskakyrkan.se\/vandravagen\/\"},{\"@type\":\"ListItem\",\"position\":2,\"name\":\"T\u00e4nk mer, inte mindre\"}]},{\"@type\":\"WebSite\",\"@id\":\"https:\/\/blogg.svenskakyrkan.se\/vandravagen\/#website\",\"url\":\"https:\/\/blogg.svenskakyrkan.se\/vandravagen\/\",\"name\":\"Vandra V\u00e4gen\",\"description\":\"-Mot en tro f\u00f6r hela livet\",\"publisher\":{\"@id\":\"https:\/\/blogg.svenskakyrkan.se\/vandravagen\/#organization\"},\"potentialAction\":[{\"@type\":\"SearchAction\",\"target\":{\"@type\":\"EntryPoint\",\"urlTemplate\":\"https:\/\/blogg.svenskakyrkan.se\/vandravagen\/?s={search_term_string}\"},\"query-input\":{\"@type\":\"PropertyValueSpecification\",\"valueRequired\":true,\"valueName\":\"search_term_string\"}}],\"inLanguage\":\"sv-SE\"},{\"@type\":\"Organization\",\"@id\":\"https:\/\/blogg.svenskakyrkan.se\/vandravagen\/#organization\",\"name\":\"ulricehamns pastorat\",\"alternateName\":\"ulricehamns pastorat\",\"url\":\"https:\/\/blogg.svenskakyrkan.se\/vandravagen\/\",\"logo\":{\"@type\":\"ImageObject\",\"inLanguage\":\"sv-SE\",\"@id\":\"https:\/\/blogg.svenskakyrkan.se\/vandravagen\/#\/schema\/logo\/image\/\",\"url\":\"https:\/\/blogg.svenskakyrkan.se\/vandravagen\/files\/2023\/05\/Ulr_logo_RGB.png\",\"contentUrl\":\"https:\/\/blogg.svenskakyrkan.se\/vandravagen\/files\/2023\/05\/Ulr_logo_RGB.png\",\"width\":205,\"height\":77,\"caption\":\"ulricehamns pastorat\"},\"image\":{\"@id\":\"https:\/\/blogg.svenskakyrkan.se\/vandravagen\/#\/schema\/logo\/image\/\"},\"sameAs\":[\"http:\/\/facebook.com\/vandravagen\",\"https:\/\/x.com\/fadertomas\",\"http:\/\/www.facebook.com\/svenskakyrkaniulricehamn\"]},{\"@type\":\"Person\",\"@id\":\"https:\/\/blogg.svenskakyrkan.se\/vandravagen\/#\/schema\/person\/25da02d4f76b137d04291711e2c9fc16\",\"name\":\"Tomas Jarvid\",\"image\":{\"@type\":\"ImageObject\",\"inLanguage\":\"sv-SE\",\"@id\":\"https:\/\/blogg.svenskakyrkan.se\/vandravagen\/#\/schema\/person\/image\/\",\"url\":\"https:\/\/secure.gravatar.com\/avatar\/7fa71899795e8f540f615a1f5ab25255dc27aa40f05ee7ddd21aac521e01bf50?s=96&d=identicon&r=g\",\"contentUrl\":\"https:\/\/secure.gravatar.com\/avatar\/7fa71899795e8f540f615a1f5ab25255dc27aa40f05ee7ddd21aac521e01bf50?s=96&d=identicon&r=g\",\"caption\":\"Tomas Jarvid\"},\"description\":\"Jag bor i Ulricehamn i V\u00e4sterg\u00f6tland och \u00e4r f\u00f6rsamlingspr\u00e4st i Svenska Kyrkan f\u00f6r Dalstorps f\u00f6rsamling i Kinds pastorat. P\u00e5 den h\u00e4r bloggen skriver jag ner tankar om vandringen som kristen.\",\"sameAs\":[\"http:\/\/www.vandravagen.se\"],\"url\":\"https:\/\/blogg.svenskakyrkan.se\/vandravagen\/author\/vandravagen\/\"}]}<\/script>\n<!-- \/ Yoast SEO plugin. -->","yoast_head_json":{"title":"T\u00e4nk mer, inte mindre - Vandra V\u00e4gen","robots":{"index":"index","follow":"follow","max-snippet":"max-snippet:-1","max-image-preview":"max-image-preview:large","max-video-preview":"max-video-preview:-1"},"canonical":"https:\/\/blogg.svenskakyrkan.se\/vandravagen\/2013\/06\/14\/tank-mer-inte-mindre\/","og_locale":"sv_SE","og_type":"article","og_title":"T\u00e4nk mer, inte mindre - Vandra V\u00e4gen","og_description":"Ibland f\u00e5r man intrycket att kristen tro \u00e4r antiintellektuell. Det \u00e4r bara att acceptera vad pr\u00e4sten s\u00e4ger och inte ifr\u00e5gas\u00e4tta. S\u00e5 har det f\u00f6rst\u00e5s varit i det f\u00f6rflutna ocks\u00e5 men inte var det b\u00e4ttre d\u00e5. Vi har f\u00e5tt huvudet f\u00f6r att t\u00e4nka med och trosfr\u00e5gor \u00e4r inget undantag. Jesus uppmuntrar sina \u00e5h\u00f6rare att t\u00e4nka. Att [&hellip;]","og_url":"https:\/\/blogg.svenskakyrkan.se\/vandravagen\/2013\/06\/14\/tank-mer-inte-mindre\/","og_site_name":"Vandra V\u00e4gen","article_publisher":"http:\/\/facebook.com\/vandravagen","article_published_time":"2013-06-14T18:01:00+00:00","og_image":[{"url":"http:\/\/1.bp.blogspot.com\/-xJUM4sFBC_U\/UbtZRDqfMZI\/AAAAAAAAD38\/uOLcq5Lv00o\/s640\/20890_10151497658295999_3251428_n.jpg","type":"","width":"","height":""}],"author":"Tomas Jarvid","twitter_card":"summary_large_image","twitter_creator":"@fadertomas","twitter_site":"@fadertomas","twitter_misc":{"Skriven av":"Tomas Jarvid","Ber\u00e4knad l\u00e4stid":"1 minut"},"schema":{"@context":"https:\/\/schema.org","@graph":[{"@type":"Article","@id":"https:\/\/blogg.svenskakyrkan.se\/vandravagen\/2013\/06\/14\/tank-mer-inte-mindre\/#article","isPartOf":{"@id":"https:\/\/blogg.svenskakyrkan.se\/vandravagen\/2013\/06\/14\/tank-mer-inte-mindre\/"},"author":{"name":"Tomas Jarvid","@id":"https:\/\/blogg.svenskakyrkan.se\/vandravagen\/#\/schema\/person\/25da02d4f76b137d04291711e2c9fc16"},"headline":"T\u00e4nk mer, inte mindre","datePublished":"2013-06-14T18:01:00+00:00","mainEntityOfPage":{"@id":"https:\/\/blogg.svenskakyrkan.se\/vandravagen\/2013\/06\/14\/tank-mer-inte-mindre\/"},"wordCount":171,"commentCount":2,"publisher":{"@id":"https:\/\/blogg.svenskakyrkan.se\/vandravagen\/#organization"},"image":{"@id":"https:\/\/blogg.svenskakyrkan.se\/vandravagen\/2013\/06\/14\/tank-mer-inte-mindre\/#primaryimage"},"thumbnailUrl":"http:\/\/1.bp.blogspot.com\/-xJUM4sFBC_U\/UbtZRDqfMZI\/AAAAAAAAD38\/uOLcq5Lv00o\/s640\/20890_10151497658295999_3251428_n.jpg","articleSection":["Teologi"],"inLanguage":"sv-SE","potentialAction":[{"@type":"CommentAction","name":"Comment","target":["https:\/\/blogg.svenskakyrkan.se\/vandravagen\/2013\/06\/14\/tank-mer-inte-mindre\/#respond"]}]},{"@type":"WebPage","@id":"https:\/\/blogg.svenskakyrkan.se\/vandravagen\/2013\/06\/14\/tank-mer-inte-mindre\/","url":"https:\/\/blogg.svenskakyrkan.se\/vandravagen\/2013\/06\/14\/tank-mer-inte-mindre\/","name":"T\u00e4nk mer, inte mindre - Vandra V\u00e4gen","isPartOf":{"@id":"https:\/\/blogg.svenskakyrkan.se\/vandravagen\/#website"},"primaryImageOfPage":{"@id":"https:\/\/blogg.svenskakyrkan.se\/vandravagen\/2013\/06\/14\/tank-mer-inte-mindre\/#primaryimage"},"image":{"@id":"https:\/\/blogg.svenskakyrkan.se\/vandravagen\/2013\/06\/14\/tank-mer-inte-mindre\/#primaryimage"},"thumbnailUrl":"http:\/\/1.bp.blogspot.com\/-xJUM4sFBC_U\/UbtZRDqfMZI\/AAAAAAAAD38\/uOLcq5Lv00o\/s640\/20890_10151497658295999_3251428_n.jpg","datePublished":"2013-06-14T18:01:00+00:00","breadcrumb":{"@id":"https:\/\/blogg.svenskakyrkan.se\/vandravagen\/2013\/06\/14\/tank-mer-inte-mindre\/#breadcrumb"},"inLanguage":"sv-SE","potentialAction":[{"@type":"ReadAction","target":["https:\/\/blogg.svenskakyrkan.se\/vandravagen\/2013\/06\/14\/tank-mer-inte-mindre\/"]}]},{"@type":"ImageObject","inLanguage":"sv-SE","@id":"https:\/\/blogg.svenskakyrkan.se\/vandravagen\/2013\/06\/14\/tank-mer-inte-mindre\/#primaryimage","url":"http:\/\/1.bp.blogspot.com\/-xJUM4sFBC_U\/UbtZRDqfMZI\/AAAAAAAAD38\/uOLcq5Lv00o\/s640\/20890_10151497658295999_3251428_n.jpg","contentUrl":"http:\/\/1.bp.blogspot.com\/-xJUM4sFBC_U\/UbtZRDqfMZI\/AAAAAAAAD38\/uOLcq5Lv00o\/s640\/20890_10151497658295999_3251428_n.jpg"},{"@type":"BreadcrumbList","@id":"https:\/\/blogg.svenskakyrkan.se\/vandravagen\/2013\/06\/14\/tank-mer-inte-mindre\/#breadcrumb","itemListElement":[{"@type":"ListItem","position":1,"name":"Hem","item":"https:\/\/blogg.svenskakyrkan.se\/vandravagen\/"},{"@type":"ListItem","position":2,"name":"T\u00e4nk mer, inte mindre"}]},{"@type":"WebSite","@id":"https:\/\/blogg.svenskakyrkan.se\/vandravagen\/#website","url":"https:\/\/blogg.svenskakyrkan.se\/vandravagen\/","name":"Vandra V\u00e4gen","description":"-Mot en tro f\u00f6r hela livet","publisher":{"@id":"https:\/\/blogg.svenskakyrkan.se\/vandravagen\/#organization"},"potentialAction":[{"@type":"SearchAction","target":{"@type":"EntryPoint","urlTemplate":"https:\/\/blogg.svenskakyrkan.se\/vandravagen\/?s={search_term_string}"},"query-input":{"@type":"PropertyValueSpecification","valueRequired":true,"valueName":"search_term_string"}}],"inLanguage":"sv-SE"},{"@type":"Organization","@id":"https:\/\/blogg.svenskakyrkan.se\/vandravagen\/#organization","name":"ulricehamns pastorat","alternateName":"ulricehamns pastorat","url":"https:\/\/blogg.svenskakyrkan.se\/vandravagen\/","logo":{"@type":"ImageObject","inLanguage":"sv-SE","@id":"https:\/\/blogg.svenskakyrkan.se\/vandravagen\/#\/schema\/logo\/image\/","url":"https:\/\/blogg.svenskakyrkan.se\/vandravagen\/files\/2023\/05\/Ulr_logo_RGB.png","contentUrl":"https:\/\/blogg.svenskakyrkan.se\/vandravagen\/files\/2023\/05\/Ulr_logo_RGB.png","width":205,"height":77,"caption":"ulricehamns pastorat"},"image":{"@id":"https:\/\/blogg.svenskakyrkan.se\/vandravagen\/#\/schema\/logo\/image\/"},"sameAs":["http:\/\/facebook.com\/vandravagen","https:\/\/x.com\/fadertomas","http:\/\/www.facebook.com\/svenskakyrkaniulricehamn"]},{"@type":"Person","@id":"https:\/\/blogg.svenskakyrkan.se\/vandravagen\/#\/schema\/person\/25da02d4f76b137d04291711e2c9fc16","name":"Tomas Jarvid","image":{"@type":"ImageObject","inLanguage":"sv-SE","@id":"https:\/\/blogg.svenskakyrkan.se\/vandravagen\/#\/schema\/person\/image\/","url":"https:\/\/secure.gravatar.com\/avatar\/7fa71899795e8f540f615a1f5ab25255dc27aa40f05ee7ddd21aac521e01bf50?s=96&d=identicon&r=g","contentUrl":"https:\/\/secure.gravatar.com\/avatar\/7fa71899795e8f540f615a1f5ab25255dc27aa40f05ee7ddd21aac521e01bf50?s=96&d=identicon&r=g","caption":"Tomas Jarvid"},"description":"Jag bor i Ulricehamn i V\u00e4sterg\u00f6tland och \u00e4r f\u00f6rsamlingspr\u00e4st i Svenska Kyrkan f\u00f6r Dalstorps f\u00f6rsamling i Kinds pastorat. P\u00e5 den h\u00e4r bloggen skriver jag ner tankar om vandringen som kristen.","sameAs":["http:\/\/www.vandravagen.se"],"url":"https:\/\/blogg.svenskakyrkan.se\/vandravagen\/author\/vandravagen\/"}]}},"author_meta":{"ID":"392","user_nicename":"vandravagen","user_url":"http:\/\/www.vandravagen.se","user_registered":"2014-05-19 05:44:52","display_name":"Tomas Jarvid","first_name":"Tomas","last_name":"Jarvid","avatar":"https:\/\/secure.gravatar.com\/avatar\/7fa71899795e8f540f615a1f5ab25255dc27aa40f05ee7ddd21aac521e01bf50?s=96&d=identicon&r=g"},"featured_image":false,"bloginfo":{"name":"Vandra V\u00e4gen","url":"https:\/\/blogg.svenskakyrkan.se\/vandravagen"},"_links":{"self":[{"href":"https:\/\/blogg.svenskakyrkan.se\/vandravagen\/wp-json\/wp\/v2\/posts\/512","targetHints":{"allow":["GET"]}}],"collection":[{"href":"https:\/\/blogg.svenskakyrkan.se\/vandravagen\/wp-json\/wp\/v2\/posts"}],"about":[{"href":"https:\/\/blogg.svenskakyrkan.se\/vandravagen\/wp-json\/wp\/v2\/types\/post"}],"author":[{"embeddable":true,"href":"https:\/\/blogg.svenskakyrkan.se\/vandravagen\/wp-json\/wp\/v2\/users\/392"}],"replies":[{"embeddable":true,"href":"https:\/\/blogg.svenskakyrkan.se\/vandravagen\/wp-json\/wp\/v2\/comments?post=512"}],"version-history":[{"count":0,"href":"https:\/\/blogg.svenskakyrkan.se\/vandravagen\/wp-json\/wp\/v2\/posts\/512\/revisions"}],"wp:attachment":[{"href":"https:\/\/blogg.svenskakyrkan.se\/vandravagen\/wp-json\/wp\/v2\/media?parent=512"}],"wp:term":[{"taxonomy":"category","embeddable":true,"href":"https:\/\/blogg.svenskakyrkan.se\/vandravagen\/wp-json\/wp\/v2\/categories?post=512"},{"taxonomy":"post_tag","embeddable":true,"href":"https:\/\/blogg.svenskakyrkan.se\/vandravagen\/wp-json\/wp\/v2\/tags?post=512"}],"curies":[{"name":"wp","href":"https:\/\/api.w.org\/{rel}","templated":true}]}}