{"id":5124,"date":"2016-10-05T07:00:26","date_gmt":"2016-10-05T05:00:26","guid":{"rendered":"http:\/\/blogg.svenskakyrkan.se\/vandravagen\/?p=5124"},"modified":"2016-10-04T14:01:21","modified_gmt":"2016-10-04T12:01:21","slug":"gissa-bilden-del-lxiv","status":"publish","type":"post","link":"https:\/\/blogg.svenskakyrkan.se\/vandravagen\/2016\/10\/05\/gissa-bilden-del-lxiv\/","title":{"rendered":"Gissa bilden del LXIV!"},"content":{"rendered":"<p><a href=\"http:\/\/blogg.svenskakyrkan.se\/vandravagen\/files\/2016\/07\/14-DADDI-STEPHEN-S-MARTYRDOM.jpg\"><img loading=\"lazy\" decoding=\"async\" class=\"aligncenter wp-image-4893 size-full\" src=\"http:\/\/blogg.svenskakyrkan.se\/vandravagen\/files\/2016\/07\/14-DADDI-STEPHEN-S-MARTYRDOM.jpg\" alt=\"14 DADDI STEPHEN S MARTYRDOM\" width=\"942\" height=\"654\" srcset=\"https:\/\/blogg.svenskakyrkan.se\/vandravagen\/files\/2016\/07\/14-DADDI-STEPHEN-S-MARTYRDOM.jpg 942w, https:\/\/blogg.svenskakyrkan.se\/vandravagen\/files\/2016\/07\/14-DADDI-STEPHEN-S-MARTYRDOM-300x208.jpg 300w, https:\/\/blogg.svenskakyrkan.se\/vandravagen\/files\/2016\/07\/14-DADDI-STEPHEN-S-MARTYRDOM-432x300.jpg 432w\" sizes=\"auto, (max-width: 942px) 100vw, 942px\" \/><\/a><\/p>\n<p>&nbsp;<\/p>\n<p>Som vanligt g\u00e5r det l\u00e5ngt mellan bildg\u00e5torna men idag \u00e4r det dags f\u00f6r en. En riktigt sv\u00e5r den h\u00e4r g\u00e5ngen. Kanske den sv\u00e5raste n\u00e5gonsin h\u00e4r. Men f\u00f6rst ska vi r\u00e4tta f\u00f6rra bildg\u00e5tan fr\u00e5n b\u00f6rjan av juli.<\/p>\n<p>Det f\u00e5r bli en eloge till Lisa, Berit och Markku som k\u00e4nde igen att bilden f\u00f6rest\u00e4ller hur Stefanus retat upp folket i Jerusalem genom att vittna om Jesu uppst\u00e5ndelse och l\u00e4xa upp stora r\u00e5det f\u00f6r att de inte trott p\u00e5 honom. Till v\u00e4nster i bilden \u00e4r han inf\u00f6r r\u00e5det (och hans ansikte &#8221;ser ut som en \u00e4ngels&#8221;. Till h\u00f6ger blir han stenad. Men han v\u00e4nder blicken upp\u00e5t och ser himlen \u00f6ppen och ber f\u00f6r de som d\u00f6dar honom att de inte ska beh\u00f6va st\u00e5 till svars f\u00f6r detta. Mannen som st\u00e5r och h\u00e5ller kl\u00e4derna \u00e4r Saul som senare ska bli aposteln Paulus. Om allt detta kan du l\u00e4sa i apostlag\u00e4rningarnas \u00e5ttonde kapitel. L\u00e4gg m\u00e4rke till att Stefanus mer ser ut som en medeltida pr\u00e4st i sina kl\u00e4der. Lite m\u00e4rkligt f\u00f6r han var precis lika mycket jude som de andra men bilden \u00e4r fr\u00e5n en tid d\u00e5 man inte alls k\u00e4ndes vid det judiska i den kristna tron.<\/p>\n<p>S\u00e5d\u00e4r. Nu tar vi bildg\u00e5ta nummer 64. Jag ger er tv\u00e5 olika bilder f\u00f6r att kanske g\u00f6ra det h\u00e4r n\u00e5got l\u00e4ttare. Ni har ocks\u00e5 f\u00f6rspr\u00e5ng om ni brukar vara med i bibelstudiegruppen i Dalstorp. Vad f\u00f6rest\u00e4ller de h\u00e4r bilderna?<\/p>\n<p><a href=\"http:\/\/blogg.svenskakyrkan.se\/vandravagen\/files\/2016\/10\/17-LAHYRE-ABRAHAM-ET-MELCHISEDEK-RENNES-MBA.jpg\"><img loading=\"lazy\" decoding=\"async\" class=\"aligncenter wp-image-5125 size-full\" src=\"http:\/\/blogg.svenskakyrkan.se\/vandravagen\/files\/2016\/10\/17-LAHYRE-ABRAHAM-ET-MELCHISEDEK-RENNES-MBA.jpg\" alt=\"17-lahyre-abraham-et-melchisedek-rennes-mba\" width=\"446\" height=\"450\" srcset=\"https:\/\/blogg.svenskakyrkan.se\/vandravagen\/files\/2016\/10\/17-LAHYRE-ABRAHAM-ET-MELCHISEDEK-RENNES-MBA.jpg 446w, https:\/\/blogg.svenskakyrkan.se\/vandravagen\/files\/2016\/10\/17-LAHYRE-ABRAHAM-ET-MELCHISEDEK-RENNES-MBA-150x150.jpg 150w, https:\/\/blogg.svenskakyrkan.se\/vandravagen\/files\/2016\/10\/17-LAHYRE-ABRAHAM-ET-MELCHISEDEK-RENNES-MBA-300x303.jpg 300w, https:\/\/blogg.svenskakyrkan.se\/vandravagen\/files\/2016\/10\/17-LAHYRE-ABRAHAM-ET-MELCHISEDEK-RENNES-MBA-297x300.jpg 297w\" sizes=\"auto, (max-width: 446px) 100vw, 446px\" \/><\/a><\/p>\n<p>&nbsp;<\/p>\n<p>Skriv ett svar nedan och v\u00e5ga gissa om du inte vet!<\/p>\n<p>&nbsp;<\/p>\n<p><a href=\"http:\/\/blogg.svenskakyrkan.se\/vandravagen\/files\/2016\/10\/17-RUBENS-ABRAHAM-MEETING-MELCHIZEDEK.jpg\"><img loading=\"lazy\" decoding=\"async\" class=\"aligncenter wp-image-5126 size-full\" src=\"http:\/\/blogg.svenskakyrkan.se\/vandravagen\/files\/2016\/10\/17-RUBENS-ABRAHAM-MEETING-MELCHIZEDEK.jpg\" alt=\"17-rubens-abraham-meeting-melchizedek\" width=\"800\" height=\"632\" srcset=\"https:\/\/blogg.svenskakyrkan.se\/vandravagen\/files\/2016\/10\/17-RUBENS-ABRAHAM-MEETING-MELCHIZEDEK.jpg 800w, https:\/\/blogg.svenskakyrkan.se\/vandravagen\/files\/2016\/10\/17-RUBENS-ABRAHAM-MEETING-MELCHIZEDEK-300x237.jpg 300w, https:\/\/blogg.svenskakyrkan.se\/vandravagen\/files\/2016\/10\/17-RUBENS-ABRAHAM-MEETING-MELCHIZEDEK-380x300.jpg 380w\" sizes=\"auto, (max-width: 800px) 100vw, 800px\" \/><\/a><\/p>\n","protected":false},"excerpt":{"rendered":"<p>&nbsp; Som vanligt g\u00e5r det l\u00e5ngt mellan bildg\u00e5torna men idag \u00e4r det dags f\u00f6r en. En riktigt sv\u00e5r den h\u00e4r g\u00e5ngen. Kanske den sv\u00e5raste n\u00e5gonsin h\u00e4r. Men f\u00f6rst ska vi r\u00e4tta f\u00f6rra bildg\u00e5tan fr\u00e5n b\u00f6rjan av juli. Det f\u00e5r bli en eloge till Lisa, Berit och Markku som k\u00e4nde igen att bilden f\u00f6rest\u00e4ller hur Stefanus [&hellip;]<\/p>\n","protected":false},"author":392,"featured_media":0,"comment_status":"open","ping_status":"open","sticky":false,"template":"","format":"standard","meta":{"_acf_changed":false,"footnotes":""},"categories":[79126,76189],"tags":[],"class_list":["post-5124","post","type-post","status-publish","format-standard","hentry","category-bildgatan","category-dagens-kyrka"],"acf":[],"yoast_head":"<!-- This site is optimized with the Yoast SEO plugin v27.1.1 - https:\/\/yoast.com\/product\/yoast-seo-wordpress\/ -->\n<title>Gissa bilden del LXIV! - Vandra V\u00e4gen<\/title>\n<meta name=\"robots\" content=\"index, follow, max-snippet:-1, max-image-preview:large, max-video-preview:-1\" \/>\n<link rel=\"canonical\" href=\"https:\/\/blogg.svenskakyrkan.se\/vandravagen\/2016\/10\/05\/gissa-bilden-del-lxiv\/\" \/>\n<meta property=\"og:locale\" content=\"sv_SE\" \/>\n<meta property=\"og:type\" content=\"article\" \/>\n<meta property=\"og:title\" content=\"Gissa bilden del LXIV! - Vandra V\u00e4gen\" \/>\n<meta property=\"og:description\" content=\"&nbsp; Som vanligt g\u00e5r det l\u00e5ngt mellan bildg\u00e5torna men idag \u00e4r det dags f\u00f6r en. En riktigt sv\u00e5r den h\u00e4r g\u00e5ngen. Kanske den sv\u00e5raste n\u00e5gonsin h\u00e4r. Men f\u00f6rst ska vi r\u00e4tta f\u00f6rra bildg\u00e5tan fr\u00e5n b\u00f6rjan av juli. Det f\u00e5r bli en eloge till Lisa, Berit och Markku som k\u00e4nde igen att bilden f\u00f6rest\u00e4ller hur Stefanus [&hellip;]\" \/>\n<meta property=\"og:url\" content=\"https:\/\/blogg.svenskakyrkan.se\/vandravagen\/2016\/10\/05\/gissa-bilden-del-lxiv\/\" \/>\n<meta property=\"og:site_name\" content=\"Vandra V\u00e4gen\" \/>\n<meta property=\"article:publisher\" content=\"http:\/\/facebook.com\/vandravagen\" \/>\n<meta property=\"article:published_time\" content=\"2016-10-05T05:00:26+00:00\" \/>\n<meta property=\"og:image\" content=\"http:\/\/blogg.svenskakyrkan.se\/vandravagen\/files\/2016\/07\/14-DADDI-STEPHEN-S-MARTYRDOM.jpg\" \/>\n<meta name=\"author\" content=\"Tomas Jarvid\" \/>\n<meta name=\"twitter:card\" content=\"summary_large_image\" \/>\n<meta name=\"twitter:creator\" content=\"@fadertomas\" \/>\n<meta name=\"twitter:site\" content=\"@fadertomas\" \/>\n<meta name=\"twitter:label1\" content=\"Skriven av\" \/>\n\t<meta name=\"twitter:data1\" content=\"Tomas Jarvid\" \/>\n\t<meta name=\"twitter:label2\" content=\"Ber\u00e4knad l\u00e4stid\" \/>\n\t<meta name=\"twitter:data2\" content=\"2 minuter\" \/>\n<script type=\"application\/ld+json\" class=\"yoast-schema-graph\">{\"@context\":\"https:\/\/schema.org\",\"@graph\":[{\"@type\":\"Article\",\"@id\":\"https:\/\/blogg.svenskakyrkan.se\/vandravagen\/2016\/10\/05\/gissa-bilden-del-lxiv\/#article\",\"isPartOf\":{\"@id\":\"https:\/\/blogg.svenskakyrkan.se\/vandravagen\/2016\/10\/05\/gissa-bilden-del-lxiv\/\"},\"author\":{\"name\":\"Tomas Jarvid\",\"@id\":\"https:\/\/blogg.svenskakyrkan.se\/vandravagen\/#\/schema\/person\/25da02d4f76b137d04291711e2c9fc16\"},\"headline\":\"Gissa bilden del LXIV!\",\"datePublished\":\"2016-10-05T05:00:26+00:00\",\"mainEntityOfPage\":{\"@id\":\"https:\/\/blogg.svenskakyrkan.se\/vandravagen\/2016\/10\/05\/gissa-bilden-del-lxiv\/\"},\"wordCount\":310,\"commentCount\":4,\"publisher\":{\"@id\":\"https:\/\/blogg.svenskakyrkan.se\/vandravagen\/#organization\"},\"image\":{\"@id\":\"https:\/\/blogg.svenskakyrkan.se\/vandravagen\/2016\/10\/05\/gissa-bilden-del-lxiv\/#primaryimage\"},\"thumbnailUrl\":\"http:\/\/blogg.svenskakyrkan.se\/vandravagen\/files\/2016\/07\/14-DADDI-STEPHEN-S-MARTYRDOM.jpg\",\"articleSection\":[\"bildg\u00e5tan\",\"Dagens Kyrka\"],\"inLanguage\":\"sv-SE\",\"potentialAction\":[{\"@type\":\"CommentAction\",\"name\":\"Comment\",\"target\":[\"https:\/\/blogg.svenskakyrkan.se\/vandravagen\/2016\/10\/05\/gissa-bilden-del-lxiv\/#respond\"]}]},{\"@type\":\"WebPage\",\"@id\":\"https:\/\/blogg.svenskakyrkan.se\/vandravagen\/2016\/10\/05\/gissa-bilden-del-lxiv\/\",\"url\":\"https:\/\/blogg.svenskakyrkan.se\/vandravagen\/2016\/10\/05\/gissa-bilden-del-lxiv\/\",\"name\":\"Gissa bilden del LXIV! - Vandra V\u00e4gen\",\"isPartOf\":{\"@id\":\"https:\/\/blogg.svenskakyrkan.se\/vandravagen\/#website\"},\"primaryImageOfPage\":{\"@id\":\"https:\/\/blogg.svenskakyrkan.se\/vandravagen\/2016\/10\/05\/gissa-bilden-del-lxiv\/#primaryimage\"},\"image\":{\"@id\":\"https:\/\/blogg.svenskakyrkan.se\/vandravagen\/2016\/10\/05\/gissa-bilden-del-lxiv\/#primaryimage\"},\"thumbnailUrl\":\"http:\/\/blogg.svenskakyrkan.se\/vandravagen\/files\/2016\/07\/14-DADDI-STEPHEN-S-MARTYRDOM.jpg\",\"datePublished\":\"2016-10-05T05:00:26+00:00\",\"breadcrumb\":{\"@id\":\"https:\/\/blogg.svenskakyrkan.se\/vandravagen\/2016\/10\/05\/gissa-bilden-del-lxiv\/#breadcrumb\"},\"inLanguage\":\"sv-SE\",\"potentialAction\":[{\"@type\":\"ReadAction\",\"target\":[\"https:\/\/blogg.svenskakyrkan.se\/vandravagen\/2016\/10\/05\/gissa-bilden-del-lxiv\/\"]}]},{\"@type\":\"ImageObject\",\"inLanguage\":\"sv-SE\",\"@id\":\"https:\/\/blogg.svenskakyrkan.se\/vandravagen\/2016\/10\/05\/gissa-bilden-del-lxiv\/#primaryimage\",\"url\":\"http:\/\/blogg.svenskakyrkan.se\/vandravagen\/files\/2016\/07\/14-DADDI-STEPHEN-S-MARTYRDOM.jpg\",\"contentUrl\":\"http:\/\/blogg.svenskakyrkan.se\/vandravagen\/files\/2016\/07\/14-DADDI-STEPHEN-S-MARTYRDOM.jpg\"},{\"@type\":\"BreadcrumbList\",\"@id\":\"https:\/\/blogg.svenskakyrkan.se\/vandravagen\/2016\/10\/05\/gissa-bilden-del-lxiv\/#breadcrumb\",\"itemListElement\":[{\"@type\":\"ListItem\",\"position\":1,\"name\":\"Hem\",\"item\":\"https:\/\/blogg.svenskakyrkan.se\/vandravagen\/\"},{\"@type\":\"ListItem\",\"position\":2,\"name\":\"Gissa bilden del LXIV!\"}]},{\"@type\":\"WebSite\",\"@id\":\"https:\/\/blogg.svenskakyrkan.se\/vandravagen\/#website\",\"url\":\"https:\/\/blogg.svenskakyrkan.se\/vandravagen\/\",\"name\":\"Vandra V\u00e4gen\",\"description\":\"-Mot en tro f\u00f6r hela livet\",\"publisher\":{\"@id\":\"https:\/\/blogg.svenskakyrkan.se\/vandravagen\/#organization\"},\"potentialAction\":[{\"@type\":\"SearchAction\",\"target\":{\"@type\":\"EntryPoint\",\"urlTemplate\":\"https:\/\/blogg.svenskakyrkan.se\/vandravagen\/?s={search_term_string}\"},\"query-input\":{\"@type\":\"PropertyValueSpecification\",\"valueRequired\":true,\"valueName\":\"search_term_string\"}}],\"inLanguage\":\"sv-SE\"},{\"@type\":\"Organization\",\"@id\":\"https:\/\/blogg.svenskakyrkan.se\/vandravagen\/#organization\",\"name\":\"ulricehamns pastorat\",\"alternateName\":\"ulricehamns pastorat\",\"url\":\"https:\/\/blogg.svenskakyrkan.se\/vandravagen\/\",\"logo\":{\"@type\":\"ImageObject\",\"inLanguage\":\"sv-SE\",\"@id\":\"https:\/\/blogg.svenskakyrkan.se\/vandravagen\/#\/schema\/logo\/image\/\",\"url\":\"https:\/\/blogg.svenskakyrkan.se\/vandravagen\/files\/2023\/05\/Ulr_logo_RGB.png\",\"contentUrl\":\"https:\/\/blogg.svenskakyrkan.se\/vandravagen\/files\/2023\/05\/Ulr_logo_RGB.png\",\"width\":205,\"height\":77,\"caption\":\"ulricehamns pastorat\"},\"image\":{\"@id\":\"https:\/\/blogg.svenskakyrkan.se\/vandravagen\/#\/schema\/logo\/image\/\"},\"sameAs\":[\"http:\/\/facebook.com\/vandravagen\",\"https:\/\/x.com\/fadertomas\",\"http:\/\/www.facebook.com\/svenskakyrkaniulricehamn\"]},{\"@type\":\"Person\",\"@id\":\"https:\/\/blogg.svenskakyrkan.se\/vandravagen\/#\/schema\/person\/25da02d4f76b137d04291711e2c9fc16\",\"name\":\"Tomas Jarvid\",\"image\":{\"@type\":\"ImageObject\",\"inLanguage\":\"sv-SE\",\"@id\":\"https:\/\/blogg.svenskakyrkan.se\/vandravagen\/#\/schema\/person\/image\/\",\"url\":\"https:\/\/secure.gravatar.com\/avatar\/7fa71899795e8f540f615a1f5ab25255dc27aa40f05ee7ddd21aac521e01bf50?s=96&d=identicon&r=g\",\"contentUrl\":\"https:\/\/secure.gravatar.com\/avatar\/7fa71899795e8f540f615a1f5ab25255dc27aa40f05ee7ddd21aac521e01bf50?s=96&d=identicon&r=g\",\"caption\":\"Tomas Jarvid\"},\"description\":\"Jag bor i Ulricehamn i V\u00e4sterg\u00f6tland och \u00e4r f\u00f6rsamlingspr\u00e4st i Svenska Kyrkan f\u00f6r Dalstorps f\u00f6rsamling i Kinds pastorat. P\u00e5 den h\u00e4r bloggen skriver jag ner tankar om vandringen som kristen.\",\"sameAs\":[\"http:\/\/www.vandravagen.se\"],\"url\":\"https:\/\/blogg.svenskakyrkan.se\/vandravagen\/author\/vandravagen\/\"}]}<\/script>\n<!-- \/ Yoast SEO plugin. -->","yoast_head_json":{"title":"Gissa bilden del LXIV! - Vandra V\u00e4gen","robots":{"index":"index","follow":"follow","max-snippet":"max-snippet:-1","max-image-preview":"max-image-preview:large","max-video-preview":"max-video-preview:-1"},"canonical":"https:\/\/blogg.svenskakyrkan.se\/vandravagen\/2016\/10\/05\/gissa-bilden-del-lxiv\/","og_locale":"sv_SE","og_type":"article","og_title":"Gissa bilden del LXIV! - Vandra V\u00e4gen","og_description":"&nbsp; Som vanligt g\u00e5r det l\u00e5ngt mellan bildg\u00e5torna men idag \u00e4r det dags f\u00f6r en. En riktigt sv\u00e5r den h\u00e4r g\u00e5ngen. Kanske den sv\u00e5raste n\u00e5gonsin h\u00e4r. Men f\u00f6rst ska vi r\u00e4tta f\u00f6rra bildg\u00e5tan fr\u00e5n b\u00f6rjan av juli. Det f\u00e5r bli en eloge till Lisa, Berit och Markku som k\u00e4nde igen att bilden f\u00f6rest\u00e4ller hur Stefanus [&hellip;]","og_url":"https:\/\/blogg.svenskakyrkan.se\/vandravagen\/2016\/10\/05\/gissa-bilden-del-lxiv\/","og_site_name":"Vandra V\u00e4gen","article_publisher":"http:\/\/facebook.com\/vandravagen","article_published_time":"2016-10-05T05:00:26+00:00","og_image":[{"url":"http:\/\/blogg.svenskakyrkan.se\/vandravagen\/files\/2016\/07\/14-DADDI-STEPHEN-S-MARTYRDOM.jpg","type":"","width":"","height":""}],"author":"Tomas Jarvid","twitter_card":"summary_large_image","twitter_creator":"@fadertomas","twitter_site":"@fadertomas","twitter_misc":{"Skriven av":"Tomas Jarvid","Ber\u00e4knad l\u00e4stid":"2 minuter"},"schema":{"@context":"https:\/\/schema.org","@graph":[{"@type":"Article","@id":"https:\/\/blogg.svenskakyrkan.se\/vandravagen\/2016\/10\/05\/gissa-bilden-del-lxiv\/#article","isPartOf":{"@id":"https:\/\/blogg.svenskakyrkan.se\/vandravagen\/2016\/10\/05\/gissa-bilden-del-lxiv\/"},"author":{"name":"Tomas Jarvid","@id":"https:\/\/blogg.svenskakyrkan.se\/vandravagen\/#\/schema\/person\/25da02d4f76b137d04291711e2c9fc16"},"headline":"Gissa bilden del LXIV!","datePublished":"2016-10-05T05:00:26+00:00","mainEntityOfPage":{"@id":"https:\/\/blogg.svenskakyrkan.se\/vandravagen\/2016\/10\/05\/gissa-bilden-del-lxiv\/"},"wordCount":310,"commentCount":4,"publisher":{"@id":"https:\/\/blogg.svenskakyrkan.se\/vandravagen\/#organization"},"image":{"@id":"https:\/\/blogg.svenskakyrkan.se\/vandravagen\/2016\/10\/05\/gissa-bilden-del-lxiv\/#primaryimage"},"thumbnailUrl":"http:\/\/blogg.svenskakyrkan.se\/vandravagen\/files\/2016\/07\/14-DADDI-STEPHEN-S-MARTYRDOM.jpg","articleSection":["bildg\u00e5tan","Dagens Kyrka"],"inLanguage":"sv-SE","potentialAction":[{"@type":"CommentAction","name":"Comment","target":["https:\/\/blogg.svenskakyrkan.se\/vandravagen\/2016\/10\/05\/gissa-bilden-del-lxiv\/#respond"]}]},{"@type":"WebPage","@id":"https:\/\/blogg.svenskakyrkan.se\/vandravagen\/2016\/10\/05\/gissa-bilden-del-lxiv\/","url":"https:\/\/blogg.svenskakyrkan.se\/vandravagen\/2016\/10\/05\/gissa-bilden-del-lxiv\/","name":"Gissa bilden del LXIV! - Vandra V\u00e4gen","isPartOf":{"@id":"https:\/\/blogg.svenskakyrkan.se\/vandravagen\/#website"},"primaryImageOfPage":{"@id":"https:\/\/blogg.svenskakyrkan.se\/vandravagen\/2016\/10\/05\/gissa-bilden-del-lxiv\/#primaryimage"},"image":{"@id":"https:\/\/blogg.svenskakyrkan.se\/vandravagen\/2016\/10\/05\/gissa-bilden-del-lxiv\/#primaryimage"},"thumbnailUrl":"http:\/\/blogg.svenskakyrkan.se\/vandravagen\/files\/2016\/07\/14-DADDI-STEPHEN-S-MARTYRDOM.jpg","datePublished":"2016-10-05T05:00:26+00:00","breadcrumb":{"@id":"https:\/\/blogg.svenskakyrkan.se\/vandravagen\/2016\/10\/05\/gissa-bilden-del-lxiv\/#breadcrumb"},"inLanguage":"sv-SE","potentialAction":[{"@type":"ReadAction","target":["https:\/\/blogg.svenskakyrkan.se\/vandravagen\/2016\/10\/05\/gissa-bilden-del-lxiv\/"]}]},{"@type":"ImageObject","inLanguage":"sv-SE","@id":"https:\/\/blogg.svenskakyrkan.se\/vandravagen\/2016\/10\/05\/gissa-bilden-del-lxiv\/#primaryimage","url":"http:\/\/blogg.svenskakyrkan.se\/vandravagen\/files\/2016\/07\/14-DADDI-STEPHEN-S-MARTYRDOM.jpg","contentUrl":"http:\/\/blogg.svenskakyrkan.se\/vandravagen\/files\/2016\/07\/14-DADDI-STEPHEN-S-MARTYRDOM.jpg"},{"@type":"BreadcrumbList","@id":"https:\/\/blogg.svenskakyrkan.se\/vandravagen\/2016\/10\/05\/gissa-bilden-del-lxiv\/#breadcrumb","itemListElement":[{"@type":"ListItem","position":1,"name":"Hem","item":"https:\/\/blogg.svenskakyrkan.se\/vandravagen\/"},{"@type":"ListItem","position":2,"name":"Gissa bilden del LXIV!"}]},{"@type":"WebSite","@id":"https:\/\/blogg.svenskakyrkan.se\/vandravagen\/#website","url":"https:\/\/blogg.svenskakyrkan.se\/vandravagen\/","name":"Vandra V\u00e4gen","description":"-Mot en tro f\u00f6r hela livet","publisher":{"@id":"https:\/\/blogg.svenskakyrkan.se\/vandravagen\/#organization"},"potentialAction":[{"@type":"SearchAction","target":{"@type":"EntryPoint","urlTemplate":"https:\/\/blogg.svenskakyrkan.se\/vandravagen\/?s={search_term_string}"},"query-input":{"@type":"PropertyValueSpecification","valueRequired":true,"valueName":"search_term_string"}}],"inLanguage":"sv-SE"},{"@type":"Organization","@id":"https:\/\/blogg.svenskakyrkan.se\/vandravagen\/#organization","name":"ulricehamns pastorat","alternateName":"ulricehamns pastorat","url":"https:\/\/blogg.svenskakyrkan.se\/vandravagen\/","logo":{"@type":"ImageObject","inLanguage":"sv-SE","@id":"https:\/\/blogg.svenskakyrkan.se\/vandravagen\/#\/schema\/logo\/image\/","url":"https:\/\/blogg.svenskakyrkan.se\/vandravagen\/files\/2023\/05\/Ulr_logo_RGB.png","contentUrl":"https:\/\/blogg.svenskakyrkan.se\/vandravagen\/files\/2023\/05\/Ulr_logo_RGB.png","width":205,"height":77,"caption":"ulricehamns pastorat"},"image":{"@id":"https:\/\/blogg.svenskakyrkan.se\/vandravagen\/#\/schema\/logo\/image\/"},"sameAs":["http:\/\/facebook.com\/vandravagen","https:\/\/x.com\/fadertomas","http:\/\/www.facebook.com\/svenskakyrkaniulricehamn"]},{"@type":"Person","@id":"https:\/\/blogg.svenskakyrkan.se\/vandravagen\/#\/schema\/person\/25da02d4f76b137d04291711e2c9fc16","name":"Tomas Jarvid","image":{"@type":"ImageObject","inLanguage":"sv-SE","@id":"https:\/\/blogg.svenskakyrkan.se\/vandravagen\/#\/schema\/person\/image\/","url":"https:\/\/secure.gravatar.com\/avatar\/7fa71899795e8f540f615a1f5ab25255dc27aa40f05ee7ddd21aac521e01bf50?s=96&d=identicon&r=g","contentUrl":"https:\/\/secure.gravatar.com\/avatar\/7fa71899795e8f540f615a1f5ab25255dc27aa40f05ee7ddd21aac521e01bf50?s=96&d=identicon&r=g","caption":"Tomas Jarvid"},"description":"Jag bor i Ulricehamn i V\u00e4sterg\u00f6tland och \u00e4r f\u00f6rsamlingspr\u00e4st i Svenska Kyrkan f\u00f6r Dalstorps f\u00f6rsamling i Kinds pastorat. P\u00e5 den h\u00e4r bloggen skriver jag ner tankar om vandringen som kristen.","sameAs":["http:\/\/www.vandravagen.se"],"url":"https:\/\/blogg.svenskakyrkan.se\/vandravagen\/author\/vandravagen\/"}]}},"author_meta":{"ID":"392","user_nicename":"vandravagen","user_url":"http:\/\/www.vandravagen.se","user_registered":"2014-05-19 05:44:52","display_name":"Tomas Jarvid","first_name":"Tomas","last_name":"Jarvid","avatar":"https:\/\/secure.gravatar.com\/avatar\/7fa71899795e8f540f615a1f5ab25255dc27aa40f05ee7ddd21aac521e01bf50?s=96&d=identicon&r=g"},"featured_image":false,"bloginfo":{"name":"Vandra V\u00e4gen","url":"https:\/\/blogg.svenskakyrkan.se\/vandravagen"},"_links":{"self":[{"href":"https:\/\/blogg.svenskakyrkan.se\/vandravagen\/wp-json\/wp\/v2\/posts\/5124","targetHints":{"allow":["GET"]}}],"collection":[{"href":"https:\/\/blogg.svenskakyrkan.se\/vandravagen\/wp-json\/wp\/v2\/posts"}],"about":[{"href":"https:\/\/blogg.svenskakyrkan.se\/vandravagen\/wp-json\/wp\/v2\/types\/post"}],"author":[{"embeddable":true,"href":"https:\/\/blogg.svenskakyrkan.se\/vandravagen\/wp-json\/wp\/v2\/users\/392"}],"replies":[{"embeddable":true,"href":"https:\/\/blogg.svenskakyrkan.se\/vandravagen\/wp-json\/wp\/v2\/comments?post=5124"}],"version-history":[{"count":1,"href":"https:\/\/blogg.svenskakyrkan.se\/vandravagen\/wp-json\/wp\/v2\/posts\/5124\/revisions"}],"predecessor-version":[{"id":5127,"href":"https:\/\/blogg.svenskakyrkan.se\/vandravagen\/wp-json\/wp\/v2\/posts\/5124\/revisions\/5127"}],"wp:attachment":[{"href":"https:\/\/blogg.svenskakyrkan.se\/vandravagen\/wp-json\/wp\/v2\/media?parent=5124"}],"wp:term":[{"taxonomy":"category","embeddable":true,"href":"https:\/\/blogg.svenskakyrkan.se\/vandravagen\/wp-json\/wp\/v2\/categories?post=5124"},{"taxonomy":"post_tag","embeddable":true,"href":"https:\/\/blogg.svenskakyrkan.se\/vandravagen\/wp-json\/wp\/v2\/tags?post=5124"}],"curies":[{"name":"wp","href":"https:\/\/api.w.org\/{rel}","templated":true}]}}