{"id":514,"date":"2013-06-13T19:01:00","date_gmt":"2013-06-13T17:01:00","guid":{"rendered":"http:\/\/blogg.svenskakyrkan.se\/vandravagen\/2013\/06\/13\/3-ar-som-prast-och-sa-ett-annu-viktigare-jubileum\/"},"modified":"2013-06-13T19:01:00","modified_gmt":"2013-06-13T17:01:00","slug":"3-ar-som-prast-och-sa-ett-annu-viktigare-jubileum","status":"publish","type":"post","link":"https:\/\/blogg.svenskakyrkan.se\/vandravagen\/2013\/06\/13\/3-ar-som-prast-och-sa-ett-annu-viktigare-jubileum\/","title":{"rendered":"3 \u00e5r som pr\u00e4st, och s\u00e5 ett \u00e4nnu viktigare jubileum&#8230;"},"content":{"rendered":"<div><a href=\"http:\/\/3.bp.blogspot.com\/-tjXnhZdmDko\/Ubn5QPdYu8I\/AAAAAAAAD3c\/_nnlmC5SaLA\/s1600\/dopljus.jpg\"><img loading=\"lazy\" decoding=\"async\" border=\"0\" height=\"478\" src=\"http:\/\/3.bp.blogspot.com\/-tjXnhZdmDko\/Ubn5QPdYu8I\/AAAAAAAAD3c\/_nnlmC5SaLA\/s640\/dopljus.jpg\" width=\"640\"><\/a><\/div>\n<div><\/div>\n<div>Idag, den 13e juni firar jag tre \u00e5r som pr\u00e4st. Min kollega Pierre har meddelat att det inneb\u00e4r att jag kan titulera mig l\u00e4derpr\u00e4st. F\u00f6rst 2021 \u00e4r jag st\u00e5lpr\u00e4st. Det blir n\u00e5got det.<\/div>\n<div><\/div>\n<div>Men n\u00e5got \u00e4nnu st\u00f6rre h\u00e4nde f\u00f6r 31 \u00e5r sedan. D\u00e5 blev jag n\u00e4mligen d\u00f6pt in i kristi Kyrka. det skedde i Brunns kyrka utanf\u00f6r Ulricehamn. Sj\u00e4lv minns jag inte s\u00e5 mycket men har \u00e4nd\u00e5 mycket gl\u00e4dje av mitt dop. Det betyder ju att allt det d\u00e4r Jesus gjort g\u00e4ller ocks\u00e5 f\u00f6r mig, inte bara &#8221;i allm\u00e4nhet&#8221;.\u00a0<\/div>\n<div><\/div>\n<div>Att det ligger p\u00e5 samma dag som pr\u00e4stvigningen \u00e4r ocks\u00e5 en \u00e5terkommande p\u00e5minnelse till mig att guds omsorg om mig inte bygger p\u00e5 mina prestationer. Han kallade mig till sig l\u00e5ngt innan jag kunde g\u00f6ra v\u00e4rst mycket alls. Gud \u00e4r trots allt mycket mer intresserad av dig och mig som personer \u00e4n av vad han kan ha f\u00f6r nytta av oss.<\/div>\n<div><\/div>\n<div>Som kuriosa fick jag ocks\u00e5 h\u00f6ra av min mamma att det \u00e4r 42\u00e5rsjubileum (eller 43?) av hennes nattvardsg\u00e5ng vid konfirmationen i M\u00e5nstad. Det hade hon pl\u00f6tsligt kommit att t\u00e4nka p\u00e5. Imponerande att kunna h\u00e5lla ordning p\u00e5 dagar s\u00e5d\u00e4r!<\/div>\n<div><\/div>\n<div>Jag har firat genom att t\u00e4nda mitt dopljus en stund vid kaffet p\u00e5 eftermiddagen. Hur g\u00f6r du? Brukar du fira din dopdag p\u00e5 n\u00e5got s\u00e4tt? Kommentera!<\/div><\/p>\n","protected":false},"excerpt":{"rendered":"<p>Idag, den 13e juni firar jag tre \u00e5r som pr\u00e4st. Min kollega Pierre har meddelat att det inneb\u00e4r att jag kan titulera mig l\u00e4derpr\u00e4st. F\u00f6rst 2021 \u00e4r jag st\u00e5lpr\u00e4st. Det blir n\u00e5got det. Men n\u00e5got \u00e4nnu st\u00f6rre h\u00e4nde f\u00f6r 31 \u00e5r sedan. D\u00e5 blev jag n\u00e4mligen d\u00f6pt in i kristi Kyrka. det skedde i Brunns [&hellip;]<\/p>\n","protected":false},"author":392,"featured_media":0,"comment_status":"open","ping_status":"open","sticky":false,"template":"","format":"standard","meta":{"_acf_changed":false,"footnotes":""},"categories":[33574,117],"tags":[],"class_list":["post-514","post","type-post","status-publish","format-standard","hentry","category-kyrkan","category-teologi"],"acf":[],"yoast_head":"<!-- This site is optimized with the Yoast SEO plugin v27.1.1 - https:\/\/yoast.com\/product\/yoast-seo-wordpress\/ -->\n<title>3 \u00e5r som pr\u00e4st, och s\u00e5 ett \u00e4nnu viktigare jubileum... - Vandra V\u00e4gen<\/title>\n<meta name=\"robots\" content=\"index, follow, max-snippet:-1, max-image-preview:large, max-video-preview:-1\" \/>\n<link rel=\"canonical\" href=\"https:\/\/blogg.svenskakyrkan.se\/vandravagen\/2013\/06\/13\/3-ar-som-prast-och-sa-ett-annu-viktigare-jubileum\/\" \/>\n<meta property=\"og:locale\" content=\"sv_SE\" \/>\n<meta property=\"og:type\" content=\"article\" \/>\n<meta property=\"og:title\" content=\"3 \u00e5r som pr\u00e4st, och s\u00e5 ett \u00e4nnu viktigare jubileum... - Vandra V\u00e4gen\" \/>\n<meta property=\"og:description\" content=\"Idag, den 13e juni firar jag tre \u00e5r som pr\u00e4st. Min kollega Pierre har meddelat att det inneb\u00e4r att jag kan titulera mig l\u00e4derpr\u00e4st. F\u00f6rst 2021 \u00e4r jag st\u00e5lpr\u00e4st. Det blir n\u00e5got det. Men n\u00e5got \u00e4nnu st\u00f6rre h\u00e4nde f\u00f6r 31 \u00e5r sedan. D\u00e5 blev jag n\u00e4mligen d\u00f6pt in i kristi Kyrka. det skedde i Brunns [&hellip;]\" \/>\n<meta property=\"og:url\" content=\"https:\/\/blogg.svenskakyrkan.se\/vandravagen\/2013\/06\/13\/3-ar-som-prast-och-sa-ett-annu-viktigare-jubileum\/\" \/>\n<meta property=\"og:site_name\" content=\"Vandra V\u00e4gen\" \/>\n<meta property=\"article:publisher\" content=\"http:\/\/facebook.com\/vandravagen\" \/>\n<meta property=\"article:published_time\" content=\"2013-06-13T17:01:00+00:00\" \/>\n<meta property=\"og:image\" content=\"http:\/\/3.bp.blogspot.com\/-tjXnhZdmDko\/Ubn5QPdYu8I\/AAAAAAAAD3c\/_nnlmC5SaLA\/s640\/dopljus.jpg\" \/>\n<meta name=\"author\" content=\"Tomas Jarvid\" \/>\n<meta name=\"twitter:card\" content=\"summary_large_image\" \/>\n<meta name=\"twitter:creator\" content=\"@fadertomas\" \/>\n<meta name=\"twitter:site\" content=\"@fadertomas\" \/>\n<meta name=\"twitter:label1\" content=\"Skriven av\" \/>\n\t<meta name=\"twitter:data1\" content=\"Tomas Jarvid\" \/>\n\t<meta name=\"twitter:label2\" content=\"Ber\u00e4knad l\u00e4stid\" \/>\n\t<meta name=\"twitter:data2\" content=\"1 minut\" \/>\n<script type=\"application\/ld+json\" class=\"yoast-schema-graph\">{\"@context\":\"https:\/\/schema.org\",\"@graph\":[{\"@type\":\"Article\",\"@id\":\"https:\/\/blogg.svenskakyrkan.se\/vandravagen\/2013\/06\/13\/3-ar-som-prast-och-sa-ett-annu-viktigare-jubileum\/#article\",\"isPartOf\":{\"@id\":\"https:\/\/blogg.svenskakyrkan.se\/vandravagen\/2013\/06\/13\/3-ar-som-prast-och-sa-ett-annu-viktigare-jubileum\/\"},\"author\":{\"name\":\"Tomas Jarvid\",\"@id\":\"https:\/\/blogg.svenskakyrkan.se\/vandravagen\/#\/schema\/person\/25da02d4f76b137d04291711e2c9fc16\"},\"headline\":\"3 \u00e5r som pr\u00e4st, och s\u00e5 ett \u00e4nnu viktigare jubileum&#8230;\",\"datePublished\":\"2013-06-13T17:01:00+00:00\",\"mainEntityOfPage\":{\"@id\":\"https:\/\/blogg.svenskakyrkan.se\/vandravagen\/2013\/06\/13\/3-ar-som-prast-och-sa-ett-annu-viktigare-jubileum\/\"},\"wordCount\":260,\"commentCount\":6,\"publisher\":{\"@id\":\"https:\/\/blogg.svenskakyrkan.se\/vandravagen\/#organization\"},\"image\":{\"@id\":\"https:\/\/blogg.svenskakyrkan.se\/vandravagen\/2013\/06\/13\/3-ar-som-prast-och-sa-ett-annu-viktigare-jubileum\/#primaryimage\"},\"thumbnailUrl\":\"http:\/\/3.bp.blogspot.com\/-tjXnhZdmDko\/Ubn5QPdYu8I\/AAAAAAAAD3c\/_nnlmC5SaLA\/s640\/dopljus.jpg\",\"articleSection\":[\"kyrkan\",\"Teologi\"],\"inLanguage\":\"sv-SE\",\"potentialAction\":[{\"@type\":\"CommentAction\",\"name\":\"Comment\",\"target\":[\"https:\/\/blogg.svenskakyrkan.se\/vandravagen\/2013\/06\/13\/3-ar-som-prast-och-sa-ett-annu-viktigare-jubileum\/#respond\"]}]},{\"@type\":\"WebPage\",\"@id\":\"https:\/\/blogg.svenskakyrkan.se\/vandravagen\/2013\/06\/13\/3-ar-som-prast-och-sa-ett-annu-viktigare-jubileum\/\",\"url\":\"https:\/\/blogg.svenskakyrkan.se\/vandravagen\/2013\/06\/13\/3-ar-som-prast-och-sa-ett-annu-viktigare-jubileum\/\",\"name\":\"3 \u00e5r som pr\u00e4st, och s\u00e5 ett \u00e4nnu viktigare jubileum... - Vandra V\u00e4gen\",\"isPartOf\":{\"@id\":\"https:\/\/blogg.svenskakyrkan.se\/vandravagen\/#website\"},\"primaryImageOfPage\":{\"@id\":\"https:\/\/blogg.svenskakyrkan.se\/vandravagen\/2013\/06\/13\/3-ar-som-prast-och-sa-ett-annu-viktigare-jubileum\/#primaryimage\"},\"image\":{\"@id\":\"https:\/\/blogg.svenskakyrkan.se\/vandravagen\/2013\/06\/13\/3-ar-som-prast-och-sa-ett-annu-viktigare-jubileum\/#primaryimage\"},\"thumbnailUrl\":\"http:\/\/3.bp.blogspot.com\/-tjXnhZdmDko\/Ubn5QPdYu8I\/AAAAAAAAD3c\/_nnlmC5SaLA\/s640\/dopljus.jpg\",\"datePublished\":\"2013-06-13T17:01:00+00:00\",\"breadcrumb\":{\"@id\":\"https:\/\/blogg.svenskakyrkan.se\/vandravagen\/2013\/06\/13\/3-ar-som-prast-och-sa-ett-annu-viktigare-jubileum\/#breadcrumb\"},\"inLanguage\":\"sv-SE\",\"potentialAction\":[{\"@type\":\"ReadAction\",\"target\":[\"https:\/\/blogg.svenskakyrkan.se\/vandravagen\/2013\/06\/13\/3-ar-som-prast-och-sa-ett-annu-viktigare-jubileum\/\"]}]},{\"@type\":\"ImageObject\",\"inLanguage\":\"sv-SE\",\"@id\":\"https:\/\/blogg.svenskakyrkan.se\/vandravagen\/2013\/06\/13\/3-ar-som-prast-och-sa-ett-annu-viktigare-jubileum\/#primaryimage\",\"url\":\"http:\/\/3.bp.blogspot.com\/-tjXnhZdmDko\/Ubn5QPdYu8I\/AAAAAAAAD3c\/_nnlmC5SaLA\/s640\/dopljus.jpg\",\"contentUrl\":\"http:\/\/3.bp.blogspot.com\/-tjXnhZdmDko\/Ubn5QPdYu8I\/AAAAAAAAD3c\/_nnlmC5SaLA\/s640\/dopljus.jpg\"},{\"@type\":\"BreadcrumbList\",\"@id\":\"https:\/\/blogg.svenskakyrkan.se\/vandravagen\/2013\/06\/13\/3-ar-som-prast-och-sa-ett-annu-viktigare-jubileum\/#breadcrumb\",\"itemListElement\":[{\"@type\":\"ListItem\",\"position\":1,\"name\":\"Hem\",\"item\":\"https:\/\/blogg.svenskakyrkan.se\/vandravagen\/\"},{\"@type\":\"ListItem\",\"position\":2,\"name\":\"3 \u00e5r som pr\u00e4st, och s\u00e5 ett \u00e4nnu viktigare jubileum&#8230;\"}]},{\"@type\":\"WebSite\",\"@id\":\"https:\/\/blogg.svenskakyrkan.se\/vandravagen\/#website\",\"url\":\"https:\/\/blogg.svenskakyrkan.se\/vandravagen\/\",\"name\":\"Vandra V\u00e4gen\",\"description\":\"-Mot en tro f\u00f6r hela livet\",\"publisher\":{\"@id\":\"https:\/\/blogg.svenskakyrkan.se\/vandravagen\/#organization\"},\"potentialAction\":[{\"@type\":\"SearchAction\",\"target\":{\"@type\":\"EntryPoint\",\"urlTemplate\":\"https:\/\/blogg.svenskakyrkan.se\/vandravagen\/?s={search_term_string}\"},\"query-input\":{\"@type\":\"PropertyValueSpecification\",\"valueRequired\":true,\"valueName\":\"search_term_string\"}}],\"inLanguage\":\"sv-SE\"},{\"@type\":\"Organization\",\"@id\":\"https:\/\/blogg.svenskakyrkan.se\/vandravagen\/#organization\",\"name\":\"ulricehamns pastorat\",\"alternateName\":\"ulricehamns pastorat\",\"url\":\"https:\/\/blogg.svenskakyrkan.se\/vandravagen\/\",\"logo\":{\"@type\":\"ImageObject\",\"inLanguage\":\"sv-SE\",\"@id\":\"https:\/\/blogg.svenskakyrkan.se\/vandravagen\/#\/schema\/logo\/image\/\",\"url\":\"https:\/\/blogg.svenskakyrkan.se\/vandravagen\/files\/2023\/05\/Ulr_logo_RGB.png\",\"contentUrl\":\"https:\/\/blogg.svenskakyrkan.se\/vandravagen\/files\/2023\/05\/Ulr_logo_RGB.png\",\"width\":205,\"height\":77,\"caption\":\"ulricehamns pastorat\"},\"image\":{\"@id\":\"https:\/\/blogg.svenskakyrkan.se\/vandravagen\/#\/schema\/logo\/image\/\"},\"sameAs\":[\"http:\/\/facebook.com\/vandravagen\",\"https:\/\/x.com\/fadertomas\",\"http:\/\/www.facebook.com\/svenskakyrkaniulricehamn\"]},{\"@type\":\"Person\",\"@id\":\"https:\/\/blogg.svenskakyrkan.se\/vandravagen\/#\/schema\/person\/25da02d4f76b137d04291711e2c9fc16\",\"name\":\"Tomas Jarvid\",\"image\":{\"@type\":\"ImageObject\",\"inLanguage\":\"sv-SE\",\"@id\":\"https:\/\/blogg.svenskakyrkan.se\/vandravagen\/#\/schema\/person\/image\/\",\"url\":\"https:\/\/secure.gravatar.com\/avatar\/7fa71899795e8f540f615a1f5ab25255dc27aa40f05ee7ddd21aac521e01bf50?s=96&d=identicon&r=g\",\"contentUrl\":\"https:\/\/secure.gravatar.com\/avatar\/7fa71899795e8f540f615a1f5ab25255dc27aa40f05ee7ddd21aac521e01bf50?s=96&d=identicon&r=g\",\"caption\":\"Tomas Jarvid\"},\"description\":\"Jag bor i Ulricehamn i V\u00e4sterg\u00f6tland och \u00e4r f\u00f6rsamlingspr\u00e4st i Svenska Kyrkan f\u00f6r Dalstorps f\u00f6rsamling i Kinds pastorat. P\u00e5 den h\u00e4r bloggen skriver jag ner tankar om vandringen som kristen.\",\"sameAs\":[\"http:\/\/www.vandravagen.se\"],\"url\":\"https:\/\/blogg.svenskakyrkan.se\/vandravagen\/author\/vandravagen\/\"}]}<\/script>\n<!-- \/ Yoast SEO plugin. -->","yoast_head_json":{"title":"3 \u00e5r som pr\u00e4st, och s\u00e5 ett \u00e4nnu viktigare jubileum... - Vandra V\u00e4gen","robots":{"index":"index","follow":"follow","max-snippet":"max-snippet:-1","max-image-preview":"max-image-preview:large","max-video-preview":"max-video-preview:-1"},"canonical":"https:\/\/blogg.svenskakyrkan.se\/vandravagen\/2013\/06\/13\/3-ar-som-prast-och-sa-ett-annu-viktigare-jubileum\/","og_locale":"sv_SE","og_type":"article","og_title":"3 \u00e5r som pr\u00e4st, och s\u00e5 ett \u00e4nnu viktigare jubileum... - Vandra V\u00e4gen","og_description":"Idag, den 13e juni firar jag tre \u00e5r som pr\u00e4st. Min kollega Pierre har meddelat att det inneb\u00e4r att jag kan titulera mig l\u00e4derpr\u00e4st. F\u00f6rst 2021 \u00e4r jag st\u00e5lpr\u00e4st. Det blir n\u00e5got det. Men n\u00e5got \u00e4nnu st\u00f6rre h\u00e4nde f\u00f6r 31 \u00e5r sedan. D\u00e5 blev jag n\u00e4mligen d\u00f6pt in i kristi Kyrka. det skedde i Brunns [&hellip;]","og_url":"https:\/\/blogg.svenskakyrkan.se\/vandravagen\/2013\/06\/13\/3-ar-som-prast-och-sa-ett-annu-viktigare-jubileum\/","og_site_name":"Vandra V\u00e4gen","article_publisher":"http:\/\/facebook.com\/vandravagen","article_published_time":"2013-06-13T17:01:00+00:00","og_image":[{"url":"http:\/\/3.bp.blogspot.com\/-tjXnhZdmDko\/Ubn5QPdYu8I\/AAAAAAAAD3c\/_nnlmC5SaLA\/s640\/dopljus.jpg","type":"","width":"","height":""}],"author":"Tomas Jarvid","twitter_card":"summary_large_image","twitter_creator":"@fadertomas","twitter_site":"@fadertomas","twitter_misc":{"Skriven av":"Tomas Jarvid","Ber\u00e4knad l\u00e4stid":"1 minut"},"schema":{"@context":"https:\/\/schema.org","@graph":[{"@type":"Article","@id":"https:\/\/blogg.svenskakyrkan.se\/vandravagen\/2013\/06\/13\/3-ar-som-prast-och-sa-ett-annu-viktigare-jubileum\/#article","isPartOf":{"@id":"https:\/\/blogg.svenskakyrkan.se\/vandravagen\/2013\/06\/13\/3-ar-som-prast-och-sa-ett-annu-viktigare-jubileum\/"},"author":{"name":"Tomas Jarvid","@id":"https:\/\/blogg.svenskakyrkan.se\/vandravagen\/#\/schema\/person\/25da02d4f76b137d04291711e2c9fc16"},"headline":"3 \u00e5r som pr\u00e4st, och s\u00e5 ett \u00e4nnu viktigare jubileum&#8230;","datePublished":"2013-06-13T17:01:00+00:00","mainEntityOfPage":{"@id":"https:\/\/blogg.svenskakyrkan.se\/vandravagen\/2013\/06\/13\/3-ar-som-prast-och-sa-ett-annu-viktigare-jubileum\/"},"wordCount":260,"commentCount":6,"publisher":{"@id":"https:\/\/blogg.svenskakyrkan.se\/vandravagen\/#organization"},"image":{"@id":"https:\/\/blogg.svenskakyrkan.se\/vandravagen\/2013\/06\/13\/3-ar-som-prast-och-sa-ett-annu-viktigare-jubileum\/#primaryimage"},"thumbnailUrl":"http:\/\/3.bp.blogspot.com\/-tjXnhZdmDko\/Ubn5QPdYu8I\/AAAAAAAAD3c\/_nnlmC5SaLA\/s640\/dopljus.jpg","articleSection":["kyrkan","Teologi"],"inLanguage":"sv-SE","potentialAction":[{"@type":"CommentAction","name":"Comment","target":["https:\/\/blogg.svenskakyrkan.se\/vandravagen\/2013\/06\/13\/3-ar-som-prast-och-sa-ett-annu-viktigare-jubileum\/#respond"]}]},{"@type":"WebPage","@id":"https:\/\/blogg.svenskakyrkan.se\/vandravagen\/2013\/06\/13\/3-ar-som-prast-och-sa-ett-annu-viktigare-jubileum\/","url":"https:\/\/blogg.svenskakyrkan.se\/vandravagen\/2013\/06\/13\/3-ar-som-prast-och-sa-ett-annu-viktigare-jubileum\/","name":"3 \u00e5r som pr\u00e4st, och s\u00e5 ett \u00e4nnu viktigare jubileum... - Vandra V\u00e4gen","isPartOf":{"@id":"https:\/\/blogg.svenskakyrkan.se\/vandravagen\/#website"},"primaryImageOfPage":{"@id":"https:\/\/blogg.svenskakyrkan.se\/vandravagen\/2013\/06\/13\/3-ar-som-prast-och-sa-ett-annu-viktigare-jubileum\/#primaryimage"},"image":{"@id":"https:\/\/blogg.svenskakyrkan.se\/vandravagen\/2013\/06\/13\/3-ar-som-prast-och-sa-ett-annu-viktigare-jubileum\/#primaryimage"},"thumbnailUrl":"http:\/\/3.bp.blogspot.com\/-tjXnhZdmDko\/Ubn5QPdYu8I\/AAAAAAAAD3c\/_nnlmC5SaLA\/s640\/dopljus.jpg","datePublished":"2013-06-13T17:01:00+00:00","breadcrumb":{"@id":"https:\/\/blogg.svenskakyrkan.se\/vandravagen\/2013\/06\/13\/3-ar-som-prast-och-sa-ett-annu-viktigare-jubileum\/#breadcrumb"},"inLanguage":"sv-SE","potentialAction":[{"@type":"ReadAction","target":["https:\/\/blogg.svenskakyrkan.se\/vandravagen\/2013\/06\/13\/3-ar-som-prast-och-sa-ett-annu-viktigare-jubileum\/"]}]},{"@type":"ImageObject","inLanguage":"sv-SE","@id":"https:\/\/blogg.svenskakyrkan.se\/vandravagen\/2013\/06\/13\/3-ar-som-prast-och-sa-ett-annu-viktigare-jubileum\/#primaryimage","url":"http:\/\/3.bp.blogspot.com\/-tjXnhZdmDko\/Ubn5QPdYu8I\/AAAAAAAAD3c\/_nnlmC5SaLA\/s640\/dopljus.jpg","contentUrl":"http:\/\/3.bp.blogspot.com\/-tjXnhZdmDko\/Ubn5QPdYu8I\/AAAAAAAAD3c\/_nnlmC5SaLA\/s640\/dopljus.jpg"},{"@type":"BreadcrumbList","@id":"https:\/\/blogg.svenskakyrkan.se\/vandravagen\/2013\/06\/13\/3-ar-som-prast-och-sa-ett-annu-viktigare-jubileum\/#breadcrumb","itemListElement":[{"@type":"ListItem","position":1,"name":"Hem","item":"https:\/\/blogg.svenskakyrkan.se\/vandravagen\/"},{"@type":"ListItem","position":2,"name":"3 \u00e5r som pr\u00e4st, och s\u00e5 ett \u00e4nnu viktigare jubileum&#8230;"}]},{"@type":"WebSite","@id":"https:\/\/blogg.svenskakyrkan.se\/vandravagen\/#website","url":"https:\/\/blogg.svenskakyrkan.se\/vandravagen\/","name":"Vandra V\u00e4gen","description":"-Mot en tro f\u00f6r hela livet","publisher":{"@id":"https:\/\/blogg.svenskakyrkan.se\/vandravagen\/#organization"},"potentialAction":[{"@type":"SearchAction","target":{"@type":"EntryPoint","urlTemplate":"https:\/\/blogg.svenskakyrkan.se\/vandravagen\/?s={search_term_string}"},"query-input":{"@type":"PropertyValueSpecification","valueRequired":true,"valueName":"search_term_string"}}],"inLanguage":"sv-SE"},{"@type":"Organization","@id":"https:\/\/blogg.svenskakyrkan.se\/vandravagen\/#organization","name":"ulricehamns pastorat","alternateName":"ulricehamns pastorat","url":"https:\/\/blogg.svenskakyrkan.se\/vandravagen\/","logo":{"@type":"ImageObject","inLanguage":"sv-SE","@id":"https:\/\/blogg.svenskakyrkan.se\/vandravagen\/#\/schema\/logo\/image\/","url":"https:\/\/blogg.svenskakyrkan.se\/vandravagen\/files\/2023\/05\/Ulr_logo_RGB.png","contentUrl":"https:\/\/blogg.svenskakyrkan.se\/vandravagen\/files\/2023\/05\/Ulr_logo_RGB.png","width":205,"height":77,"caption":"ulricehamns pastorat"},"image":{"@id":"https:\/\/blogg.svenskakyrkan.se\/vandravagen\/#\/schema\/logo\/image\/"},"sameAs":["http:\/\/facebook.com\/vandravagen","https:\/\/x.com\/fadertomas","http:\/\/www.facebook.com\/svenskakyrkaniulricehamn"]},{"@type":"Person","@id":"https:\/\/blogg.svenskakyrkan.se\/vandravagen\/#\/schema\/person\/25da02d4f76b137d04291711e2c9fc16","name":"Tomas Jarvid","image":{"@type":"ImageObject","inLanguage":"sv-SE","@id":"https:\/\/blogg.svenskakyrkan.se\/vandravagen\/#\/schema\/person\/image\/","url":"https:\/\/secure.gravatar.com\/avatar\/7fa71899795e8f540f615a1f5ab25255dc27aa40f05ee7ddd21aac521e01bf50?s=96&d=identicon&r=g","contentUrl":"https:\/\/secure.gravatar.com\/avatar\/7fa71899795e8f540f615a1f5ab25255dc27aa40f05ee7ddd21aac521e01bf50?s=96&d=identicon&r=g","caption":"Tomas Jarvid"},"description":"Jag bor i Ulricehamn i V\u00e4sterg\u00f6tland och \u00e4r f\u00f6rsamlingspr\u00e4st i Svenska Kyrkan f\u00f6r Dalstorps f\u00f6rsamling i Kinds pastorat. P\u00e5 den h\u00e4r bloggen skriver jag ner tankar om vandringen som kristen.","sameAs":["http:\/\/www.vandravagen.se"],"url":"https:\/\/blogg.svenskakyrkan.se\/vandravagen\/author\/vandravagen\/"}]}},"author_meta":{"ID":"392","user_nicename":"vandravagen","user_url":"http:\/\/www.vandravagen.se","user_registered":"2014-05-19 05:44:52","display_name":"Tomas Jarvid","first_name":"Tomas","last_name":"Jarvid","avatar":"https:\/\/secure.gravatar.com\/avatar\/7fa71899795e8f540f615a1f5ab25255dc27aa40f05ee7ddd21aac521e01bf50?s=96&d=identicon&r=g"},"featured_image":false,"bloginfo":{"name":"Vandra V\u00e4gen","url":"https:\/\/blogg.svenskakyrkan.se\/vandravagen"},"_links":{"self":[{"href":"https:\/\/blogg.svenskakyrkan.se\/vandravagen\/wp-json\/wp\/v2\/posts\/514","targetHints":{"allow":["GET"]}}],"collection":[{"href":"https:\/\/blogg.svenskakyrkan.se\/vandravagen\/wp-json\/wp\/v2\/posts"}],"about":[{"href":"https:\/\/blogg.svenskakyrkan.se\/vandravagen\/wp-json\/wp\/v2\/types\/post"}],"author":[{"embeddable":true,"href":"https:\/\/blogg.svenskakyrkan.se\/vandravagen\/wp-json\/wp\/v2\/users\/392"}],"replies":[{"embeddable":true,"href":"https:\/\/blogg.svenskakyrkan.se\/vandravagen\/wp-json\/wp\/v2\/comments?post=514"}],"version-history":[{"count":0,"href":"https:\/\/blogg.svenskakyrkan.se\/vandravagen\/wp-json\/wp\/v2\/posts\/514\/revisions"}],"wp:attachment":[{"href":"https:\/\/blogg.svenskakyrkan.se\/vandravagen\/wp-json\/wp\/v2\/media?parent=514"}],"wp:term":[{"taxonomy":"category","embeddable":true,"href":"https:\/\/blogg.svenskakyrkan.se\/vandravagen\/wp-json\/wp\/v2\/categories?post=514"},{"taxonomy":"post_tag","embeddable":true,"href":"https:\/\/blogg.svenskakyrkan.se\/vandravagen\/wp-json\/wp\/v2\/tags?post=514"}],"curies":[{"name":"wp","href":"https:\/\/api.w.org\/{rel}","templated":true}]}}