{"id":515,"date":"2013-06-13T08:48:00","date_gmt":"2013-06-13T06:48:00","guid":{"rendered":"http:\/\/blogg.svenskakyrkan.se\/vandravagen\/2013\/06\/13\/veckans-samlade-favoriter-fran-twitter-17\/"},"modified":"2013-06-13T08:48:00","modified_gmt":"2013-06-13T06:48:00","slug":"veckans-samlade-favoriter-fran-twitter-17","status":"publish","type":"post","link":"https:\/\/blogg.svenskakyrkan.se\/vandravagen\/2013\/06\/13\/veckans-samlade-favoriter-fran-twitter-17\/","title":{"rendered":"Veckans samlade favoriter fr\u00e5n twitter"},"content":{"rendered":"<p>En l\u00e5ng vecka det. Det \u00e4r ju redan onsdag. S\u00e5 g\u00e5r det n\u00e4r det \u00e4r semester och en massa med geocachehelena och ingen koll p\u00e5 de vanliga rutinerna. H\u00e4r \u00e4r i alla fall roliga, fyndiga och t\u00e4nkv\u00e4rda saker fr\u00e5n veckan som g\u00e5tt. H\u00e5ll tillgodo!<\/p>\n<div><b>Kristna (?) tweets<\/b><\/div>\n<\/p>\n<div><a href=\"http:\/\/2.bp.blogspot.com\/-KVpUrS7-JLM\/Ubgcg0u3Q9I\/AAAAAAAADzM\/4LGliUR2JWQ\/s1600\/Ska%CC%88rmavbild+2013-06-12+kl.+07.53.46.png\"><img loading=\"lazy\" decoding=\"async\" border=\"0\" height=\"73\" src=\"http:\/\/2.bp.blogspot.com\/-KVpUrS7-JLM\/Ubgcg0u3Q9I\/AAAAAAAADzM\/4LGliUR2JWQ\/s400\/Ska%CC%88rmavbild+2013-06-12+kl.+07.53.46.png\" width=\"400\"><\/a><\/div>\n<div><\/div>\n<div><\/div>\n<div><\/div>\n<div><a href=\"http:\/\/2.bp.blogspot.com\/-HGgSkPJBguQ\/UbgchkHPmtI\/AAAAAAAADzg\/PnCseXGJgCk\/s1600\/Ska%CC%88rmavbild+2013-06-12+kl.+07.54.33.png\"><img loading=\"lazy\" decoding=\"async\" border=\"0\" height=\"83\" src=\"http:\/\/2.bp.blogspot.com\/-HGgSkPJBguQ\/UbgchkHPmtI\/AAAAAAAADzg\/PnCseXGJgCk\/s400\/Ska%CC%88rmavbild+2013-06-12+kl.+07.54.33.png\" width=\"400\"><\/a><\/div>\n<div><\/div>\n<div><\/div>\n<div><\/div>\n<div><a href=\"http:\/\/4.bp.blogspot.com\/-KnmEVTRHWjg\/UbgclFSKwXI\/AAAAAAAAD0c\/8Q4UmeGKbUc\/s1600\/Ska%CC%88rmavbild+2013-06-12+kl.+07.57.59.png\"><img loading=\"lazy\" decoding=\"async\" border=\"0\" height=\"87\" src=\"http:\/\/4.bp.blogspot.com\/-KnmEVTRHWjg\/UbgclFSKwXI\/AAAAAAAAD0c\/8Q4UmeGKbUc\/s400\/Ska%CC%88rmavbild+2013-06-12+kl.+07.57.59.png\" width=\"400\"><\/a><\/div>\n<div><\/div>\n<div><\/div>\n<div>Den h\u00e4r kunde man t\u00e4nka sig platsar p\u00e5 mindre seri\u00f6s plats men jag har funderat p\u00e5 det m\u00e5nga g\u00e5nger. Om Gud \u00e4r pappan och Maria mamman, hur funkar det genetiskt?<\/div>\n<div><a href=\"http:\/\/2.bp.blogspot.com\/-rTEl1RnRgm4\/Ubgcq7UnYxI\/AAAAAAAAD2U\/_sHyRQFXID8\/s1600\/Ska%CC%88rmavbild+2013-06-12+kl.+08.16.25.png\"><img loading=\"lazy\" decoding=\"async\" border=\"0\" height=\"60\" src=\"http:\/\/2.bp.blogspot.com\/-rTEl1RnRgm4\/Ubgcq7UnYxI\/AAAAAAAAD2U\/_sHyRQFXID8\/s400\/Ska%CC%88rmavbild+2013-06-12+kl.+08.16.25.png\" width=\"400\"><\/a><\/div>\n<div><\/div>\n<div><\/div>\n<div>P\u00e5 nationaldagen kunde man l\u00e4sa:<\/div>\n<div><a href=\"http:\/\/3.bp.blogspot.com\/-jAcoj7telOU\/UbgcpC7gYhI\/AAAAAAAAD1s\/hSzo7KLlb8I\/s1600\/Ska%CC%88rmavbild+2013-06-12+kl.+08.10.04.png\"><img loading=\"lazy\" decoding=\"async\" border=\"0\" height=\"56\" src=\"http:\/\/3.bp.blogspot.com\/-jAcoj7telOU\/UbgcpC7gYhI\/AAAAAAAAD1s\/hSzo7KLlb8I\/s400\/Ska%CC%88rmavbild+2013-06-12+kl.+08.10.04.png\" width=\"400\"><\/a><\/div>\n<div><\/div>\n<div><\/div>\n<div>Den h\u00e4r tycker jag \u00e4r fantastisk, samtidigt sj\u00e4lav\u00e5rd och k\u00e4ftsm\u00e4ll. Det kan bara \u00f6kenf\u00e4derna g\u00f6ra!<\/div>\n<div><a href=\"http:\/\/2.bp.blogspot.com\/-DcxcW8W1WWU\/UbgcnT9LdlI\/AAAAAAAAD1M\/Ktxmc5m2Caw\/s1600\/Ska%CC%88rmavbild+2013-06-12+kl.+08.08.56.png\"><img loading=\"lazy\" decoding=\"async\" border=\"0\" height=\"73\" src=\"http:\/\/2.bp.blogspot.com\/-DcxcW8W1WWU\/UbgcnT9LdlI\/AAAAAAAAD1M\/Ktxmc5m2Caw\/s400\/Ska%CC%88rmavbild+2013-06-12+kl.+08.08.56.png\" width=\"400\"><\/a><\/div>\n<div><\/div>\n<div><\/div>\n<div><\/div>\n<div><a href=\"http:\/\/2.bp.blogspot.com\/-faHGg2TD_z0\/Ubgcphdtc1I\/AAAAAAAAD18\/9sxQx8KHip8\/s1600\/Ska%CC%88rmavbild+2013-06-12+kl.+08.10.48.png\"><img loading=\"lazy\" decoding=\"async\" border=\"0\" height=\"82\" src=\"http:\/\/2.bp.blogspot.com\/-faHGg2TD_z0\/Ubgcphdtc1I\/AAAAAAAAD18\/9sxQx8KHip8\/s400\/Ska%CC%88rmavbild+2013-06-12+kl.+08.10.48.png\" width=\"400\"><\/a><\/div>\n<div><\/div>\n<div><\/div>\n<div><\/div>\n<div><a href=\"http:\/\/1.bp.blogspot.com\/-1JynDkEwuuk\/UbgcmxjghBI\/AAAAAAAAD04\/9LTGUfdpwhU\/s1600\/Ska%CC%88rmavbild+2013-06-12+kl.+08.00.50.png\"><img loading=\"lazy\" decoding=\"async\" border=\"0\" height=\"57\" src=\"http:\/\/1.bp.blogspot.com\/-1JynDkEwuuk\/UbgcmxjghBI\/AAAAAAAAD04\/9LTGUfdpwhU\/s400\/Ska%CC%88rmavbild+2013-06-12+kl.+08.00.50.png\" width=\"400\"><\/a><\/div>\n<div><\/div>\n<div><\/div>\n<div>Enligt uppgift g\u00e4ller det h\u00e4r bland svenskar som anv\u00e4nder internet dagligen. D\u00e4r \u00e4r du och jag med d\u00e5?<\/div>\n<div><a href=\"http:\/\/1.bp.blogspot.com\/-pSBmiZYoBWI\/UbgciMM8vJI\/AAAAAAAADzk\/Fuq7bExOoe8\/s1600\/Ska%CC%88rmavbild+2013-06-12+kl.+07.55.04.png\"><img loading=\"lazy\" decoding=\"async\" border=\"0\" height=\"60\" src=\"http:\/\/1.bp.blogspot.com\/-pSBmiZYoBWI\/UbgciMM8vJI\/AAAAAAAADzk\/Fuq7bExOoe8\/s400\/Ska%CC%88rmavbild+2013-06-12+kl.+07.55.04.png\" width=\"400\"><\/a><\/div>\n<div><\/div>\n<div><\/div>\n<div><\/div>\n<div><a href=\"http:\/\/3.bp.blogspot.com\/--3rT2Pv85ik\/UbgckNbhopI\/AAAAAAAAD0A\/cbxZy8T1gLs\/s1600\/Ska%CC%88rmavbild+2013-06-12+kl.+07.56.49.png\"><img loading=\"lazy\" decoding=\"async\" border=\"0\" height=\"71\" src=\"http:\/\/3.bp.blogspot.com\/--3rT2Pv85ik\/UbgckNbhopI\/AAAAAAAAD0A\/cbxZy8T1gLs\/s400\/Ska%CC%88rmavbild+2013-06-12+kl.+07.56.49.png\" width=\"400\"><\/a><\/div>\n<div><\/div>\n<div><\/div>\n<div><\/div>\n<div><a href=\"http:\/\/1.bp.blogspot.com\/-KjCTQaBK1eQ\/Ubgckpr5wsI\/AAAAAAAAD0Q\/U5P8WKD2sZg\/s1600\/Ska%CC%88rmavbild+2013-06-12+kl.+07.57.20.png\"><img loading=\"lazy\" decoding=\"async\" border=\"0\" height=\"56\" src=\"http:\/\/1.bp.blogspot.com\/-KjCTQaBK1eQ\/Ubgckpr5wsI\/AAAAAAAAD0Q\/U5P8WKD2sZg\/s400\/Ska%CC%88rmavbild+2013-06-12+kl.+07.57.20.png\" width=\"400\"><\/a><\/div>\n<div><\/div>\n<div><\/div>\n<div><\/div>\n<div><\/div>\n<div><b>Kloka tweets<\/b><\/div>\n<div><\/div>\n<div><\/div>\n<div><\/div>\n<div><a href=\"http:\/\/4.bp.blogspot.com\/-mPq8IIgooII\/UbgckHiL3cI\/AAAAAAAAD0Y\/lb8S5zbQwVk\/s1600\/Ska%CC%88rmavbild+2013-06-12+kl.+07.56.24.png\"><img loading=\"lazy\" decoding=\"async\" border=\"0\" height=\"72\" src=\"http:\/\/4.bp.blogspot.com\/-mPq8IIgooII\/UbgckHiL3cI\/AAAAAAAAD0Y\/lb8S5zbQwVk\/s400\/Ska%CC%88rmavbild+2013-06-12+kl.+07.56.24.png\" width=\"400\"><\/a><\/div>\n<div><\/div>\n<div><\/div>\n<div><a href=\"http:\/\/4.bp.blogspot.com\/-t2yk_G5sN-w\/UbgcgnoFg7I\/AAAAAAAADzI\/_5brXluNECw\/s1600\/Ska%CC%88rmavbild+2013-06-12+kl.+07.54.15.png\"><img loading=\"lazy\" decoding=\"async\" border=\"0\" height=\"70\" src=\"http:\/\/4.bp.blogspot.com\/-t2yk_G5sN-w\/UbgcgnoFg7I\/AAAAAAAADzI\/_5brXluNECw\/s400\/Ska%CC%88rmavbild+2013-06-12+kl.+07.54.15.png\" width=\"400\"><\/a><\/div>\n<div><\/div>\n<div><\/div>\n<div>Bitterhet \u00e4r som&#8230;<\/div>\n<div><a href=\"http:\/\/3.bp.blogspot.com\/-PgnF_37OXBE\/UbgcjIPEoRI\/AAAAAAAADzs\/l3HBA-TX-Gs\/s1600\/Ska%CC%88rmavbild+2013-06-12+kl.+07.55.59.png\"><img loading=\"lazy\" decoding=\"async\" border=\"0\" height=\"75\" src=\"http:\/\/3.bp.blogspot.com\/-PgnF_37OXBE\/UbgcjIPEoRI\/AAAAAAAADzs\/l3HBA-TX-Gs\/s400\/Ska%CC%88rmavbild+2013-06-12+kl.+07.55.59.png\" width=\"400\"><\/a><\/div>\n<div><\/div>\n<div><\/div>\n<div><\/div>\n<div><a href=\"http:\/\/1.bp.blogspot.com\/-rORUwSMnsq0\/UbgcmOUikRI\/AAAAAAAAD0s\/iQnXrIREMHU\/s1600\/Ska%CC%88rmavbild+2013-06-12+kl.+07.58.22.png\"><img loading=\"lazy\" decoding=\"async\" border=\"0\" height=\"73\" src=\"http:\/\/1.bp.blogspot.com\/-rORUwSMnsq0\/UbgcmOUikRI\/AAAAAAAAD0s\/iQnXrIREMHU\/s400\/Ska%CC%88rmavbild+2013-06-12+kl.+07.58.22.png\" width=\"400\"><\/a><\/div>\n<div><\/div>\n<div><\/div>\n<div><\/div>\n<div><a href=\"http:\/\/4.bp.blogspot.com\/-s5G03EFgcQM\/UbgcoJHWIlI\/AAAAAAAAD1Y\/p3QdP-6OxJQ\/s1600\/Ska%CC%88rmavbild+2013-06-12+kl.+08.09.35.png\"><img loading=\"lazy\" decoding=\"async\" border=\"0\" height=\"71\" src=\"http:\/\/4.bp.blogspot.com\/-s5G03EFgcQM\/UbgcoJHWIlI\/AAAAAAAAD1Y\/p3QdP-6OxJQ\/s400\/Ska%CC%88rmavbild+2013-06-12+kl.+08.09.35.png\" width=\"400\"><\/a><\/div>\n<div><\/div>\n<div><\/div>\n<div><\/div>\n<div><b>Roliga\/fyndiga tweets<\/b><\/div>\n<div>Po\u00e4ng h\u00e4r, vore ocks\u00e5 kul att se!<\/div>\n<div><a href=\"http:\/\/1.bp.blogspot.com\/-Nqvj5XoWsn8\/Ubgcggn22wI\/AAAAAAAADzE\/dp5yzv3s0wU\/s1600\/Ska%CC%88rmavbild+2013-06-12+kl.+07.54.04.png\"><img loading=\"lazy\" decoding=\"async\" border=\"0\" height=\"88\" src=\"http:\/\/1.bp.blogspot.com\/-Nqvj5XoWsn8\/Ubgcggn22wI\/AAAAAAAADzE\/dp5yzv3s0wU\/s400\/Ska%CC%88rmavbild+2013-06-12+kl.+07.54.04.png\" width=\"400\"><\/a><\/div>\n<div><\/div>\n<div><a href=\"http:\/\/2.bp.blogspot.com\/-vTtoM8QWTh8\/Ubgch6dFkKI\/AAAAAAAADzc\/pHlIMpU_yCU\/s1600\/Ska%CC%88rmavbild+2013-06-12+kl.+07.54.51.png\"><img loading=\"lazy\" decoding=\"async\" border=\"0\" height=\"68\" src=\"http:\/\/2.bp.blogspot.com\/-vTtoM8QWTh8\/Ubgch6dFkKI\/AAAAAAAADzc\/pHlIMpU_yCU\/s400\/Ska%CC%88rmavbild+2013-06-12+kl.+07.54.51.png\" width=\"400\"><\/a><\/div>\n<\/p>\n<div><\/div>\n<div><a href=\"http:\/\/1.bp.blogspot.com\/-nIPOU311Cbk\/UbgcjNeC0TI\/AAAAAAAADzw\/e-fLGQ5q0dA\/s1600\/Ska%CC%88rmavbild+2013-06-12+kl.+07.55.35.png\"><img loading=\"lazy\" decoding=\"async\" border=\"0\" height=\"72\" src=\"http:\/\/1.bp.blogspot.com\/-nIPOU311Cbk\/UbgcjNeC0TI\/AAAAAAAADzw\/e-fLGQ5q0dA\/s400\/Ska%CC%88rmavbild+2013-06-12+kl.+07.55.35.png\" width=\"400\"><\/a><\/div>\n<\/p>\n<div><\/div>\n<\/p>\n<div><a href=\"http:\/\/3.bp.blogspot.com\/-C0hsUP5P8oE\/Ubgclnj8bzI\/AAAAAAAAD0k\/dLeOR8XjQqI\/s1600\/Ska%CC%88rmavbild+2013-06-12+kl.+07.58.12.png\"><img loading=\"lazy\" decoding=\"async\" border=\"0\" height=\"63\" src=\"http:\/\/3.bp.blogspot.com\/-C0hsUP5P8oE\/Ubgclnj8bzI\/AAAAAAAAD0k\/dLeOR8XjQqI\/s400\/Ska%CC%88rmavbild+2013-06-12+kl.+07.58.12.png\" width=\"400\"><\/a><\/div>\n<\/p>\n<div><\/div>\n<div><\/div>\n<div>En dag skrevs en hel del under #s\u00e4ttpr\u00e4stiboktitel, den h\u00e4r var b\u00e4st&#8230;<\/div>\n<div><a href=\"http:\/\/3.bp.blogspot.com\/-LdHIIDmL7tI\/UbgcmdaEGkI\/AAAAAAAAD0w\/bMTlnIHJld0\/s1600\/Ska%CC%88rmavbild+2013-06-12+kl.+07.59.02.png\"><img loading=\"lazy\" decoding=\"async\" border=\"0\" height=\"70\" src=\"http:\/\/3.bp.blogspot.com\/-LdHIIDmL7tI\/UbgcmdaEGkI\/AAAAAAAAD0w\/bMTlnIHJld0\/s400\/Ska%CC%88rmavbild+2013-06-12+kl.+07.59.02.png\" width=\"400\"><\/a><\/div>\n<\/p>\n<div><\/div>\n<\/p>\n<div><a href=\"http:\/\/1.bp.blogspot.com\/-WHIysT-_GxY\/UbgcnKrbGAI\/AAAAAAAAD1E\/UC27Ro0jFFE\/s1600\/Ska%CC%88rmavbild+2013-06-12+kl.+08.01.14.png\"><img loading=\"lazy\" decoding=\"async\" border=\"0\" height=\"71\" src=\"http:\/\/1.bp.blogspot.com\/-WHIysT-_GxY\/UbgcnKrbGAI\/AAAAAAAAD1E\/UC27Ro0jFFE\/s400\/Ska%CC%88rmavbild+2013-06-12+kl.+08.01.14.png\" width=\"400\"><\/a><\/div>\n<\/p>\n<div><\/div>\n<\/p>\n<div><a href=\"http:\/\/3.bp.blogspot.com\/-YldCnaqfgD4\/Ubgcn7WRIDI\/AAAAAAAAD1U\/hgAASyrgmnk\/s1600\/Ska%CC%88rmavbild+2013-06-12+kl.+08.09.22.png\"><img loading=\"lazy\" decoding=\"async\" border=\"0\" height=\"86\" src=\"http:\/\/3.bp.blogspot.com\/-YldCnaqfgD4\/Ubgcn7WRIDI\/AAAAAAAAD1U\/hgAASyrgmnk\/s400\/Ska%CC%88rmavbild+2013-06-12+kl.+08.09.22.png\" width=\"400\"><\/a><\/div>\n<\/p>\n<div><\/div>\n<\/p>\n<div><a href=\"http:\/\/2.bp.blogspot.com\/-6dYYM_ae8lU\/Ubgcot4MzfI\/AAAAAAAAD1k\/HkMK89n0JTE\/s1600\/Ska%CC%88rmavbild+2013-06-12+kl.+08.09.47.png\"><img loading=\"lazy\" decoding=\"async\" border=\"0\" height=\"71\" src=\"http:\/\/2.bp.blogspot.com\/-6dYYM_ae8lU\/Ubgcot4MzfI\/AAAAAAAAD1k\/HkMK89n0JTE\/s400\/Ska%CC%88rmavbild+2013-06-12+kl.+08.09.47.png\" width=\"400\"><\/a><\/div>\n<div><\/div>\n<div>Livet i vilda v\u00e4sterg\u00f6tland&#8230;<\/div>\n<div><a href=\"http:\/\/4.bp.blogspot.com\/--s2SVrgQwDc\/UbgcpDfospI\/AAAAAAAAD10\/C5WdoawjMDA\/s1600\/Ska%CC%88rmavbild+2013-06-12+kl.+08.10.27.png\"><img loading=\"lazy\" decoding=\"async\" border=\"0\" height=\"76\" src=\"http:\/\/4.bp.blogspot.com\/--s2SVrgQwDc\/UbgcpDfospI\/AAAAAAAAD10\/C5WdoawjMDA\/s400\/Ska%CC%88rmavbild+2013-06-12+kl.+08.10.27.png\" width=\"400\"><\/a><\/div>\n<\/p>\n<div><\/div>\n<div>Lite ov\u00e4ntat?<\/div>\n<div><a href=\"http:\/\/4.bp.blogspot.com\/-X8Q9eD5iHZk\/UbgcqIzo-II\/AAAAAAAAD2M\/6iWRErUM1tI\/s1600\/Ska%CC%88rmavbild+2013-06-12+kl.+08.11.43.png\"><img loading=\"lazy\" decoding=\"async\" border=\"0\" height=\"58\" src=\"http:\/\/4.bp.blogspot.com\/-X8Q9eD5iHZk\/UbgcqIzo-II\/AAAAAAAAD2M\/6iWRErUM1tI\/s400\/Ska%CC%88rmavbild+2013-06-12+kl.+08.11.43.png\" width=\"400\"><\/a><\/div>\n<div><\/div>\n<div><\/div>\n<\/p>\n<div><a href=\"http:\/\/4.bp.blogspot.com\/-cShC6cArzSw\/UbgcqQil2eI\/AAAAAAAAD2I\/KEwwVY_jSO0\/s1600\/Ska%CC%88rmavbild+2013-06-12+kl.+08.11.57.png\"><img loading=\"lazy\" decoding=\"async\" border=\"0\" height=\"73\" src=\"http:\/\/4.bp.blogspot.com\/-cShC6cArzSw\/UbgcqQil2eI\/AAAAAAAAD2I\/KEwwVY_jSO0\/s400\/Ska%CC%88rmavbild+2013-06-12+kl.+08.11.57.png\" width=\"400\"><\/a><\/div>\n<div><\/div>\n<div><\/div>\n<div><\/div>\n<div><b>Veckans b\u00e4sta<\/b><\/div>\n<div><\/div>\n<div>\u00c4r idag @ochlivetvann. Episoden utspelar sig p\u00e5 Clas Ohlson&#8230;<\/div>\n<div><\/div>\n<\/p>\n<div><a href=\"http:\/\/4.bp.blogspot.com\/-FXQhy8wGzPs\/UbgcjlzMsfI\/AAAAAAAADz4\/VsC0pBAJ5Oc\/s1600\/Ska%CC%88rmavbild+2013-06-12+kl.+07.56.07.png\"><img loading=\"lazy\" decoding=\"async\" border=\"0\" height=\"86\" src=\"http:\/\/4.bp.blogspot.com\/-FXQhy8wGzPs\/UbgcjlzMsfI\/AAAAAAAADz4\/VsC0pBAJ5Oc\/s400\/Ska%CC%88rmavbild+2013-06-12+kl.+07.56.07.png\" width=\"400\"><\/a><\/div>\n<div><\/div>\n<div><\/div>\n<div>Tack alla f\u00f6r veckan som g\u00e5tt1<\/div><\/p>\n","protected":false},"excerpt":{"rendered":"<p>En l\u00e5ng vecka det. Det \u00e4r ju redan onsdag. S\u00e5 g\u00e5r det n\u00e4r det \u00e4r semester och en massa med geocachehelena och ingen koll p\u00e5 de vanliga rutinerna. H\u00e4r \u00e4r i alla fall roliga, fyndiga och t\u00e4nkv\u00e4rda saker fr\u00e5n veckan som g\u00e5tt. H\u00e5ll tillgodo! Kristna (?) tweets Den h\u00e4r kunde man t\u00e4nka sig platsar p\u00e5 [&hellip;]<\/p>\n","protected":false},"author":392,"featured_media":0,"comment_status":"open","ping_status":"open","sticky":false,"template":"","format":"standard","meta":{"_acf_changed":false,"footnotes":""},"categories":[76766],"tags":[],"class_list":["post-515","post","type-post","status-publish","format-standard","hentry","category-blandat"],"acf":[],"yoast_head":"<!-- This site is optimized with the Yoast SEO plugin v27.1.1 - https:\/\/yoast.com\/product\/yoast-seo-wordpress\/ -->\n<title>Veckans samlade favoriter fr\u00e5n twitter - Vandra V\u00e4gen<\/title>\n<meta name=\"robots\" content=\"index, follow, max-snippet:-1, max-image-preview:large, max-video-preview:-1\" \/>\n<link rel=\"canonical\" href=\"https:\/\/blogg.svenskakyrkan.se\/vandravagen\/2013\/06\/13\/veckans-samlade-favoriter-fran-twitter-17\/\" \/>\n<meta property=\"og:locale\" content=\"sv_SE\" \/>\n<meta property=\"og:type\" content=\"article\" \/>\n<meta property=\"og:title\" content=\"Veckans samlade favoriter fr\u00e5n twitter - Vandra V\u00e4gen\" \/>\n<meta property=\"og:description\" content=\"En l\u00e5ng vecka det. Det \u00e4r ju redan onsdag. S\u00e5 g\u00e5r det n\u00e4r det \u00e4r semester och en massa med geocachehelena och ingen koll p\u00e5 de vanliga rutinerna. H\u00e4r \u00e4r i alla fall roliga, fyndiga och t\u00e4nkv\u00e4rda saker fr\u00e5n veckan som g\u00e5tt. H\u00e5ll tillgodo! Kristna (?) tweets Den h\u00e4r kunde man t\u00e4nka sig platsar p\u00e5 [&hellip;]\" \/>\n<meta property=\"og:url\" content=\"https:\/\/blogg.svenskakyrkan.se\/vandravagen\/2013\/06\/13\/veckans-samlade-favoriter-fran-twitter-17\/\" \/>\n<meta property=\"og:site_name\" content=\"Vandra V\u00e4gen\" \/>\n<meta property=\"article:publisher\" content=\"http:\/\/facebook.com\/vandravagen\" \/>\n<meta property=\"article:published_time\" content=\"2013-06-13T06:48:00+00:00\" \/>\n<meta property=\"og:image\" content=\"http:\/\/2.bp.blogspot.com\/-KVpUrS7-JLM\/Ubgcg0u3Q9I\/AAAAAAAADzM\/4LGliUR2JWQ\/s400\/Ska%CC%88rmavbild+2013-06-12+kl.+07.53.46.png\" \/>\n<meta name=\"author\" content=\"Tomas Jarvid\" \/>\n<meta name=\"twitter:card\" content=\"summary_large_image\" \/>\n<meta name=\"twitter:creator\" content=\"@fadertomas\" \/>\n<meta name=\"twitter:site\" content=\"@fadertomas\" \/>\n<meta name=\"twitter:label1\" content=\"Skriven av\" \/>\n\t<meta name=\"twitter:data1\" content=\"Tomas Jarvid\" \/>\n\t<meta name=\"twitter:label2\" content=\"Ber\u00e4knad l\u00e4stid\" \/>\n\t<meta name=\"twitter:data2\" content=\"1 minut\" \/>\n<script type=\"application\/ld+json\" class=\"yoast-schema-graph\">{\"@context\":\"https:\/\/schema.org\",\"@graph\":[{\"@type\":\"Article\",\"@id\":\"https:\/\/blogg.svenskakyrkan.se\/vandravagen\/2013\/06\/13\/veckans-samlade-favoriter-fran-twitter-17\/#article\",\"isPartOf\":{\"@id\":\"https:\/\/blogg.svenskakyrkan.se\/vandravagen\/2013\/06\/13\/veckans-samlade-favoriter-fran-twitter-17\/\"},\"author\":{\"name\":\"Tomas Jarvid\",\"@id\":\"https:\/\/blogg.svenskakyrkan.se\/vandravagen\/#\/schema\/person\/25da02d4f76b137d04291711e2c9fc16\"},\"headline\":\"Veckans samlade favoriter fr\u00e5n twitter\",\"datePublished\":\"2013-06-13T06:48:00+00:00\",\"mainEntityOfPage\":{\"@id\":\"https:\/\/blogg.svenskakyrkan.se\/vandravagen\/2013\/06\/13\/veckans-samlade-favoriter-fran-twitter-17\/\"},\"wordCount\":208,\"commentCount\":0,\"publisher\":{\"@id\":\"https:\/\/blogg.svenskakyrkan.se\/vandravagen\/#organization\"},\"image\":{\"@id\":\"https:\/\/blogg.svenskakyrkan.se\/vandravagen\/2013\/06\/13\/veckans-samlade-favoriter-fran-twitter-17\/#primaryimage\"},\"thumbnailUrl\":\"http:\/\/2.bp.blogspot.com\/-KVpUrS7-JLM\/Ubgcg0u3Q9I\/AAAAAAAADzM\/4LGliUR2JWQ\/s400\/Ska%CC%88rmavbild+2013-06-12+kl.+07.53.46.png\",\"articleSection\":[\"blandat\"],\"inLanguage\":\"sv-SE\",\"potentialAction\":[{\"@type\":\"CommentAction\",\"name\":\"Comment\",\"target\":[\"https:\/\/blogg.svenskakyrkan.se\/vandravagen\/2013\/06\/13\/veckans-samlade-favoriter-fran-twitter-17\/#respond\"]}]},{\"@type\":\"WebPage\",\"@id\":\"https:\/\/blogg.svenskakyrkan.se\/vandravagen\/2013\/06\/13\/veckans-samlade-favoriter-fran-twitter-17\/\",\"url\":\"https:\/\/blogg.svenskakyrkan.se\/vandravagen\/2013\/06\/13\/veckans-samlade-favoriter-fran-twitter-17\/\",\"name\":\"Veckans samlade favoriter fr\u00e5n twitter - Vandra V\u00e4gen\",\"isPartOf\":{\"@id\":\"https:\/\/blogg.svenskakyrkan.se\/vandravagen\/#website\"},\"primaryImageOfPage\":{\"@id\":\"https:\/\/blogg.svenskakyrkan.se\/vandravagen\/2013\/06\/13\/veckans-samlade-favoriter-fran-twitter-17\/#primaryimage\"},\"image\":{\"@id\":\"https:\/\/blogg.svenskakyrkan.se\/vandravagen\/2013\/06\/13\/veckans-samlade-favoriter-fran-twitter-17\/#primaryimage\"},\"thumbnailUrl\":\"http:\/\/2.bp.blogspot.com\/-KVpUrS7-JLM\/Ubgcg0u3Q9I\/AAAAAAAADzM\/4LGliUR2JWQ\/s400\/Ska%CC%88rmavbild+2013-06-12+kl.+07.53.46.png\",\"datePublished\":\"2013-06-13T06:48:00+00:00\",\"breadcrumb\":{\"@id\":\"https:\/\/blogg.svenskakyrkan.se\/vandravagen\/2013\/06\/13\/veckans-samlade-favoriter-fran-twitter-17\/#breadcrumb\"},\"inLanguage\":\"sv-SE\",\"potentialAction\":[{\"@type\":\"ReadAction\",\"target\":[\"https:\/\/blogg.svenskakyrkan.se\/vandravagen\/2013\/06\/13\/veckans-samlade-favoriter-fran-twitter-17\/\"]}]},{\"@type\":\"ImageObject\",\"inLanguage\":\"sv-SE\",\"@id\":\"https:\/\/blogg.svenskakyrkan.se\/vandravagen\/2013\/06\/13\/veckans-samlade-favoriter-fran-twitter-17\/#primaryimage\",\"url\":\"http:\/\/2.bp.blogspot.com\/-KVpUrS7-JLM\/Ubgcg0u3Q9I\/AAAAAAAADzM\/4LGliUR2JWQ\/s400\/Ska%CC%88rmavbild+2013-06-12+kl.+07.53.46.png\",\"contentUrl\":\"http:\/\/2.bp.blogspot.com\/-KVpUrS7-JLM\/Ubgcg0u3Q9I\/AAAAAAAADzM\/4LGliUR2JWQ\/s400\/Ska%CC%88rmavbild+2013-06-12+kl.+07.53.46.png\"},{\"@type\":\"BreadcrumbList\",\"@id\":\"https:\/\/blogg.svenskakyrkan.se\/vandravagen\/2013\/06\/13\/veckans-samlade-favoriter-fran-twitter-17\/#breadcrumb\",\"itemListElement\":[{\"@type\":\"ListItem\",\"position\":1,\"name\":\"Hem\",\"item\":\"https:\/\/blogg.svenskakyrkan.se\/vandravagen\/\"},{\"@type\":\"ListItem\",\"position\":2,\"name\":\"Veckans samlade favoriter fr\u00e5n twitter\"}]},{\"@type\":\"WebSite\",\"@id\":\"https:\/\/blogg.svenskakyrkan.se\/vandravagen\/#website\",\"url\":\"https:\/\/blogg.svenskakyrkan.se\/vandravagen\/\",\"name\":\"Vandra V\u00e4gen\",\"description\":\"-Mot en tro f\u00f6r hela livet\",\"publisher\":{\"@id\":\"https:\/\/blogg.svenskakyrkan.se\/vandravagen\/#organization\"},\"potentialAction\":[{\"@type\":\"SearchAction\",\"target\":{\"@type\":\"EntryPoint\",\"urlTemplate\":\"https:\/\/blogg.svenskakyrkan.se\/vandravagen\/?s={search_term_string}\"},\"query-input\":{\"@type\":\"PropertyValueSpecification\",\"valueRequired\":true,\"valueName\":\"search_term_string\"}}],\"inLanguage\":\"sv-SE\"},{\"@type\":\"Organization\",\"@id\":\"https:\/\/blogg.svenskakyrkan.se\/vandravagen\/#organization\",\"name\":\"ulricehamns pastorat\",\"alternateName\":\"ulricehamns pastorat\",\"url\":\"https:\/\/blogg.svenskakyrkan.se\/vandravagen\/\",\"logo\":{\"@type\":\"ImageObject\",\"inLanguage\":\"sv-SE\",\"@id\":\"https:\/\/blogg.svenskakyrkan.se\/vandravagen\/#\/schema\/logo\/image\/\",\"url\":\"https:\/\/blogg.svenskakyrkan.se\/vandravagen\/files\/2023\/05\/Ulr_logo_RGB.png\",\"contentUrl\":\"https:\/\/blogg.svenskakyrkan.se\/vandravagen\/files\/2023\/05\/Ulr_logo_RGB.png\",\"width\":205,\"height\":77,\"caption\":\"ulricehamns pastorat\"},\"image\":{\"@id\":\"https:\/\/blogg.svenskakyrkan.se\/vandravagen\/#\/schema\/logo\/image\/\"},\"sameAs\":[\"http:\/\/facebook.com\/vandravagen\",\"https:\/\/x.com\/fadertomas\",\"http:\/\/www.facebook.com\/svenskakyrkaniulricehamn\"]},{\"@type\":\"Person\",\"@id\":\"https:\/\/blogg.svenskakyrkan.se\/vandravagen\/#\/schema\/person\/25da02d4f76b137d04291711e2c9fc16\",\"name\":\"Tomas Jarvid\",\"image\":{\"@type\":\"ImageObject\",\"inLanguage\":\"sv-SE\",\"@id\":\"https:\/\/blogg.svenskakyrkan.se\/vandravagen\/#\/schema\/person\/image\/\",\"url\":\"https:\/\/secure.gravatar.com\/avatar\/7fa71899795e8f540f615a1f5ab25255dc27aa40f05ee7ddd21aac521e01bf50?s=96&d=identicon&r=g\",\"contentUrl\":\"https:\/\/secure.gravatar.com\/avatar\/7fa71899795e8f540f615a1f5ab25255dc27aa40f05ee7ddd21aac521e01bf50?s=96&d=identicon&r=g\",\"caption\":\"Tomas Jarvid\"},\"description\":\"Jag bor i Ulricehamn i V\u00e4sterg\u00f6tland och \u00e4r f\u00f6rsamlingspr\u00e4st i Svenska Kyrkan f\u00f6r Dalstorps f\u00f6rsamling i Kinds pastorat. P\u00e5 den h\u00e4r bloggen skriver jag ner tankar om vandringen som kristen.\",\"sameAs\":[\"http:\/\/www.vandravagen.se\"],\"url\":\"https:\/\/blogg.svenskakyrkan.se\/vandravagen\/author\/vandravagen\/\"}]}<\/script>\n<!-- \/ Yoast SEO plugin. -->","yoast_head_json":{"title":"Veckans samlade favoriter fr\u00e5n twitter - Vandra V\u00e4gen","robots":{"index":"index","follow":"follow","max-snippet":"max-snippet:-1","max-image-preview":"max-image-preview:large","max-video-preview":"max-video-preview:-1"},"canonical":"https:\/\/blogg.svenskakyrkan.se\/vandravagen\/2013\/06\/13\/veckans-samlade-favoriter-fran-twitter-17\/","og_locale":"sv_SE","og_type":"article","og_title":"Veckans samlade favoriter fr\u00e5n twitter - Vandra V\u00e4gen","og_description":"En l\u00e5ng vecka det. Det \u00e4r ju redan onsdag. S\u00e5 g\u00e5r det n\u00e4r det \u00e4r semester och en massa med geocachehelena och ingen koll p\u00e5 de vanliga rutinerna. H\u00e4r \u00e4r i alla fall roliga, fyndiga och t\u00e4nkv\u00e4rda saker fr\u00e5n veckan som g\u00e5tt. H\u00e5ll tillgodo! Kristna (?) tweets Den h\u00e4r kunde man t\u00e4nka sig platsar p\u00e5 [&hellip;]","og_url":"https:\/\/blogg.svenskakyrkan.se\/vandravagen\/2013\/06\/13\/veckans-samlade-favoriter-fran-twitter-17\/","og_site_name":"Vandra V\u00e4gen","article_publisher":"http:\/\/facebook.com\/vandravagen","article_published_time":"2013-06-13T06:48:00+00:00","og_image":[{"url":"http:\/\/2.bp.blogspot.com\/-KVpUrS7-JLM\/Ubgcg0u3Q9I\/AAAAAAAADzM\/4LGliUR2JWQ\/s400\/Ska%CC%88rmavbild+2013-06-12+kl.+07.53.46.png","type":"","width":"","height":""}],"author":"Tomas Jarvid","twitter_card":"summary_large_image","twitter_creator":"@fadertomas","twitter_site":"@fadertomas","twitter_misc":{"Skriven av":"Tomas Jarvid","Ber\u00e4knad l\u00e4stid":"1 minut"},"schema":{"@context":"https:\/\/schema.org","@graph":[{"@type":"Article","@id":"https:\/\/blogg.svenskakyrkan.se\/vandravagen\/2013\/06\/13\/veckans-samlade-favoriter-fran-twitter-17\/#article","isPartOf":{"@id":"https:\/\/blogg.svenskakyrkan.se\/vandravagen\/2013\/06\/13\/veckans-samlade-favoriter-fran-twitter-17\/"},"author":{"name":"Tomas Jarvid","@id":"https:\/\/blogg.svenskakyrkan.se\/vandravagen\/#\/schema\/person\/25da02d4f76b137d04291711e2c9fc16"},"headline":"Veckans samlade favoriter fr\u00e5n twitter","datePublished":"2013-06-13T06:48:00+00:00","mainEntityOfPage":{"@id":"https:\/\/blogg.svenskakyrkan.se\/vandravagen\/2013\/06\/13\/veckans-samlade-favoriter-fran-twitter-17\/"},"wordCount":208,"commentCount":0,"publisher":{"@id":"https:\/\/blogg.svenskakyrkan.se\/vandravagen\/#organization"},"image":{"@id":"https:\/\/blogg.svenskakyrkan.se\/vandravagen\/2013\/06\/13\/veckans-samlade-favoriter-fran-twitter-17\/#primaryimage"},"thumbnailUrl":"http:\/\/2.bp.blogspot.com\/-KVpUrS7-JLM\/Ubgcg0u3Q9I\/AAAAAAAADzM\/4LGliUR2JWQ\/s400\/Ska%CC%88rmavbild+2013-06-12+kl.+07.53.46.png","articleSection":["blandat"],"inLanguage":"sv-SE","potentialAction":[{"@type":"CommentAction","name":"Comment","target":["https:\/\/blogg.svenskakyrkan.se\/vandravagen\/2013\/06\/13\/veckans-samlade-favoriter-fran-twitter-17\/#respond"]}]},{"@type":"WebPage","@id":"https:\/\/blogg.svenskakyrkan.se\/vandravagen\/2013\/06\/13\/veckans-samlade-favoriter-fran-twitter-17\/","url":"https:\/\/blogg.svenskakyrkan.se\/vandravagen\/2013\/06\/13\/veckans-samlade-favoriter-fran-twitter-17\/","name":"Veckans samlade favoriter fr\u00e5n twitter - Vandra V\u00e4gen","isPartOf":{"@id":"https:\/\/blogg.svenskakyrkan.se\/vandravagen\/#website"},"primaryImageOfPage":{"@id":"https:\/\/blogg.svenskakyrkan.se\/vandravagen\/2013\/06\/13\/veckans-samlade-favoriter-fran-twitter-17\/#primaryimage"},"image":{"@id":"https:\/\/blogg.svenskakyrkan.se\/vandravagen\/2013\/06\/13\/veckans-samlade-favoriter-fran-twitter-17\/#primaryimage"},"thumbnailUrl":"http:\/\/2.bp.blogspot.com\/-KVpUrS7-JLM\/Ubgcg0u3Q9I\/AAAAAAAADzM\/4LGliUR2JWQ\/s400\/Ska%CC%88rmavbild+2013-06-12+kl.+07.53.46.png","datePublished":"2013-06-13T06:48:00+00:00","breadcrumb":{"@id":"https:\/\/blogg.svenskakyrkan.se\/vandravagen\/2013\/06\/13\/veckans-samlade-favoriter-fran-twitter-17\/#breadcrumb"},"inLanguage":"sv-SE","potentialAction":[{"@type":"ReadAction","target":["https:\/\/blogg.svenskakyrkan.se\/vandravagen\/2013\/06\/13\/veckans-samlade-favoriter-fran-twitter-17\/"]}]},{"@type":"ImageObject","inLanguage":"sv-SE","@id":"https:\/\/blogg.svenskakyrkan.se\/vandravagen\/2013\/06\/13\/veckans-samlade-favoriter-fran-twitter-17\/#primaryimage","url":"http:\/\/2.bp.blogspot.com\/-KVpUrS7-JLM\/Ubgcg0u3Q9I\/AAAAAAAADzM\/4LGliUR2JWQ\/s400\/Ska%CC%88rmavbild+2013-06-12+kl.+07.53.46.png","contentUrl":"http:\/\/2.bp.blogspot.com\/-KVpUrS7-JLM\/Ubgcg0u3Q9I\/AAAAAAAADzM\/4LGliUR2JWQ\/s400\/Ska%CC%88rmavbild+2013-06-12+kl.+07.53.46.png"},{"@type":"BreadcrumbList","@id":"https:\/\/blogg.svenskakyrkan.se\/vandravagen\/2013\/06\/13\/veckans-samlade-favoriter-fran-twitter-17\/#breadcrumb","itemListElement":[{"@type":"ListItem","position":1,"name":"Hem","item":"https:\/\/blogg.svenskakyrkan.se\/vandravagen\/"},{"@type":"ListItem","position":2,"name":"Veckans samlade favoriter fr\u00e5n twitter"}]},{"@type":"WebSite","@id":"https:\/\/blogg.svenskakyrkan.se\/vandravagen\/#website","url":"https:\/\/blogg.svenskakyrkan.se\/vandravagen\/","name":"Vandra V\u00e4gen","description":"-Mot en tro f\u00f6r hela livet","publisher":{"@id":"https:\/\/blogg.svenskakyrkan.se\/vandravagen\/#organization"},"potentialAction":[{"@type":"SearchAction","target":{"@type":"EntryPoint","urlTemplate":"https:\/\/blogg.svenskakyrkan.se\/vandravagen\/?s={search_term_string}"},"query-input":{"@type":"PropertyValueSpecification","valueRequired":true,"valueName":"search_term_string"}}],"inLanguage":"sv-SE"},{"@type":"Organization","@id":"https:\/\/blogg.svenskakyrkan.se\/vandravagen\/#organization","name":"ulricehamns pastorat","alternateName":"ulricehamns pastorat","url":"https:\/\/blogg.svenskakyrkan.se\/vandravagen\/","logo":{"@type":"ImageObject","inLanguage":"sv-SE","@id":"https:\/\/blogg.svenskakyrkan.se\/vandravagen\/#\/schema\/logo\/image\/","url":"https:\/\/blogg.svenskakyrkan.se\/vandravagen\/files\/2023\/05\/Ulr_logo_RGB.png","contentUrl":"https:\/\/blogg.svenskakyrkan.se\/vandravagen\/files\/2023\/05\/Ulr_logo_RGB.png","width":205,"height":77,"caption":"ulricehamns pastorat"},"image":{"@id":"https:\/\/blogg.svenskakyrkan.se\/vandravagen\/#\/schema\/logo\/image\/"},"sameAs":["http:\/\/facebook.com\/vandravagen","https:\/\/x.com\/fadertomas","http:\/\/www.facebook.com\/svenskakyrkaniulricehamn"]},{"@type":"Person","@id":"https:\/\/blogg.svenskakyrkan.se\/vandravagen\/#\/schema\/person\/25da02d4f76b137d04291711e2c9fc16","name":"Tomas Jarvid","image":{"@type":"ImageObject","inLanguage":"sv-SE","@id":"https:\/\/blogg.svenskakyrkan.se\/vandravagen\/#\/schema\/person\/image\/","url":"https:\/\/secure.gravatar.com\/avatar\/7fa71899795e8f540f615a1f5ab25255dc27aa40f05ee7ddd21aac521e01bf50?s=96&d=identicon&r=g","contentUrl":"https:\/\/secure.gravatar.com\/avatar\/7fa71899795e8f540f615a1f5ab25255dc27aa40f05ee7ddd21aac521e01bf50?s=96&d=identicon&r=g","caption":"Tomas Jarvid"},"description":"Jag bor i Ulricehamn i V\u00e4sterg\u00f6tland och \u00e4r f\u00f6rsamlingspr\u00e4st i Svenska Kyrkan f\u00f6r Dalstorps f\u00f6rsamling i Kinds pastorat. P\u00e5 den h\u00e4r bloggen skriver jag ner tankar om vandringen som kristen.","sameAs":["http:\/\/www.vandravagen.se"],"url":"https:\/\/blogg.svenskakyrkan.se\/vandravagen\/author\/vandravagen\/"}]}},"author_meta":{"ID":"392","user_nicename":"vandravagen","user_url":"http:\/\/www.vandravagen.se","user_registered":"2014-05-19 05:44:52","display_name":"Tomas Jarvid","first_name":"Tomas","last_name":"Jarvid","avatar":"https:\/\/secure.gravatar.com\/avatar\/7fa71899795e8f540f615a1f5ab25255dc27aa40f05ee7ddd21aac521e01bf50?s=96&d=identicon&r=g"},"featured_image":false,"bloginfo":{"name":"Vandra V\u00e4gen","url":"https:\/\/blogg.svenskakyrkan.se\/vandravagen"},"_links":{"self":[{"href":"https:\/\/blogg.svenskakyrkan.se\/vandravagen\/wp-json\/wp\/v2\/posts\/515","targetHints":{"allow":["GET"]}}],"collection":[{"href":"https:\/\/blogg.svenskakyrkan.se\/vandravagen\/wp-json\/wp\/v2\/posts"}],"about":[{"href":"https:\/\/blogg.svenskakyrkan.se\/vandravagen\/wp-json\/wp\/v2\/types\/post"}],"author":[{"embeddable":true,"href":"https:\/\/blogg.svenskakyrkan.se\/vandravagen\/wp-json\/wp\/v2\/users\/392"}],"replies":[{"embeddable":true,"href":"https:\/\/blogg.svenskakyrkan.se\/vandravagen\/wp-json\/wp\/v2\/comments?post=515"}],"version-history":[{"count":0,"href":"https:\/\/blogg.svenskakyrkan.se\/vandravagen\/wp-json\/wp\/v2\/posts\/515\/revisions"}],"wp:attachment":[{"href":"https:\/\/blogg.svenskakyrkan.se\/vandravagen\/wp-json\/wp\/v2\/media?parent=515"}],"wp:term":[{"taxonomy":"category","embeddable":true,"href":"https:\/\/blogg.svenskakyrkan.se\/vandravagen\/wp-json\/wp\/v2\/categories?post=515"},{"taxonomy":"post_tag","embeddable":true,"href":"https:\/\/blogg.svenskakyrkan.se\/vandravagen\/wp-json\/wp\/v2\/tags?post=515"}],"curies":[{"name":"wp","href":"https:\/\/api.w.org\/{rel}","templated":true}]}}