{"id":516,"date":"2013-06-12T17:46:00","date_gmt":"2013-06-12T15:46:00","guid":{"rendered":"http:\/\/blogg.svenskakyrkan.se\/vandravagen\/2013\/06\/12\/en-ratt-ovanlig-sak-som-kristna-gor\/"},"modified":"2013-06-12T17:46:00","modified_gmt":"2013-06-12T15:46:00","slug":"en-ratt-ovanlig-sak-som-kristna-gor","status":"publish","type":"post","link":"https:\/\/blogg.svenskakyrkan.se\/vandravagen\/2013\/06\/12\/en-ratt-ovanlig-sak-som-kristna-gor\/","title":{"rendered":"En r\u00e4tt ovanlig sak som kristna g\u00f6r"},"content":{"rendered":"<table align=\"center\" cellpadding=\"0\" cellspacing=\"0\">\n<tbody>\n<tr>\n<td><a href=\"http:\/\/3.bp.blogspot.com\/-ttdQ0GBdahQ\/UbiXjsxG--I\/AAAAAAAAD2w\/UZ9ZiMgEfgc\/s1600\/IMG_2866.JPG\"><img loading=\"lazy\" decoding=\"async\" border=\"0\" height=\"400\" src=\"http:\/\/3.bp.blogspot.com\/-ttdQ0GBdahQ\/UbiXjsxG--I\/AAAAAAAAD2w\/UZ9ZiMgEfgc\/s400\/IMG_2866.JPG\" width=\"400\"><\/a><\/td>\n<\/tr>\n<tr>\n<td>Ocks\u00e5 en slags musik?<\/td>\n<\/tr>\n<\/tbody>\n<\/table>\n<p>Det finns n\u00e5gra s\u00e5dana saker som n\u00e4stan bara sker i kyrkan i v\u00e5rt samh\u00e4lle. I optimala fall \u00e4r det en \u00e5ldersblandad milj\u00f6 d\u00e4r alla \u00e5ldrar tr\u00e4ffas tillsammans. Det \u00e4r ocks\u00e5 ofta kyrkan som ordnar l\u00e4ger f\u00f6r barn och unga, en sak att vara stolt \u00f6ver. Men det \u00e4r inte det jag t\u00e4nker p\u00e5.<\/p>\n<p>Jag t\u00e4nker p\u00e5 s\u00e5ngen. <a href=\"http:\/\/mobil.svd.se\/c.jsp?cid=25968641&amp;rssId&amp;item=http%3A%2F%2Fwww.svd.se%2F%3Fservice%3Dmobile%26amp%3BarticleId%3D8252770%26amp%3Bnew%3Dtrue\">Jag l\u00e4ste den h\u00e4r artikeln fr\u00e5n SvD<\/a> ig\u00e5r (fast den \u00e4r \u00e4ldre), den handlar om hur det g\u00e5r utf\u00f6r med s\u00e5ngens plats i b\u00e5de familjer och skola. Allt fler har allt sv\u00e5rare med teknik och mod att sjunga. Barn i mellanstadie\u00e5ldern har orimligt ofta problem med heshet. \u00c5 andra sidan har man kunnat se vilka positiva effekter s\u00e5ng har i j\u00e4mf\u00f6rbara grupper som musikklasser. Den som sjunger i k\u00f6r l\u00e4r sig b\u00e5de att lyssna in sin omgivning och att ta plats. Det befr\u00e4mjar v\u00e4xandet som m\u00e4nniska och har en massa positiva medicinska effekter.<\/p>\n<p>S\u00e5ngen lever dock och frodas i kyrkan. Dels f\u00f6rst\u00e5s genom k\u00f6rverksamheten men ocks\u00e5 genom helt vanlig unison s\u00e5ng utan n\u00e5gra pretentioner. Vi sjunger i psalmer och lovs\u00e5nger utan prestationskrav. Det \u00e4r h\u00e4rligt att det \u00e4r s\u00e5.<\/p>\n<p>Som pr\u00e4st st\u00e5r man ju ofta l\u00e4ngst fram och h\u00f6r d\u00e5 r\u00e4tt bra hur det l\u00e5ter med s\u00e5ngen i b\u00e4nkarna. Ibland l\u00e5ter det riktigt illa. D\u00e5 brukar jag bli varm om hj\u00e4rtat, f\u00f6r det inneb\u00e4r ju att alla v\u00e5gar sjunga oavsett om man tycker man &#8221;kan&#8221; eller inte. S\u00e5dan s\u00e5ng tror jag v\u00e4rmer Guds hj\u00e4rta (och pr\u00e4stens d\u00e5) extra. Kyrkan \u00e4r ju t\u00e4nkt att vara platsen vi f\u00e5r komma till som vi \u00e4r, inte som vi tror vi m\u00e5ste vara f\u00f6r att f\u00e5 vara bra nog.<\/p>\n<\/p>\n<div><\/div>\n","protected":false},"excerpt":{"rendered":"<p>Ocks\u00e5 en slags musik? Det finns n\u00e5gra s\u00e5dana saker som n\u00e4stan bara sker i kyrkan i v\u00e5rt samh\u00e4lle. I optimala fall \u00e4r det en \u00e5ldersblandad milj\u00f6 d\u00e4r alla \u00e5ldrar tr\u00e4ffas tillsammans. Det \u00e4r ocks\u00e5 ofta kyrkan som ordnar l\u00e4ger f\u00f6r barn och unga, en sak att vara stolt \u00f6ver. Men det \u00e4r inte det jag [&hellip;]<\/p>\n","protected":false},"author":392,"featured_media":0,"comment_status":"open","ping_status":"open","sticky":false,"template":"","format":"standard","meta":{"_acf_changed":false,"footnotes":""},"categories":[8265,77554],"tags":[],"class_list":["post-516","post","type-post","status-publish","format-standard","hentry","category-gudstjanst","category-vara-manniska"],"acf":[],"yoast_head":"<!-- This site is optimized with the Yoast SEO plugin v27.1.1 - https:\/\/yoast.com\/product\/yoast-seo-wordpress\/ -->\n<title>En r\u00e4tt ovanlig sak som kristna g\u00f6r - Vandra V\u00e4gen<\/title>\n<meta name=\"robots\" content=\"index, follow, max-snippet:-1, max-image-preview:large, max-video-preview:-1\" \/>\n<link rel=\"canonical\" href=\"https:\/\/blogg.svenskakyrkan.se\/vandravagen\/2013\/06\/12\/en-ratt-ovanlig-sak-som-kristna-gor\/\" \/>\n<meta property=\"og:locale\" content=\"sv_SE\" \/>\n<meta property=\"og:type\" content=\"article\" \/>\n<meta property=\"og:title\" content=\"En r\u00e4tt ovanlig sak som kristna g\u00f6r - Vandra V\u00e4gen\" \/>\n<meta property=\"og:description\" content=\"Ocks\u00e5 en slags musik? Det finns n\u00e5gra s\u00e5dana saker som n\u00e4stan bara sker i kyrkan i v\u00e5rt samh\u00e4lle. I optimala fall \u00e4r det en \u00e5ldersblandad milj\u00f6 d\u00e4r alla \u00e5ldrar tr\u00e4ffas tillsammans. Det \u00e4r ocks\u00e5 ofta kyrkan som ordnar l\u00e4ger f\u00f6r barn och unga, en sak att vara stolt \u00f6ver. Men det \u00e4r inte det jag [&hellip;]\" \/>\n<meta property=\"og:url\" content=\"https:\/\/blogg.svenskakyrkan.se\/vandravagen\/2013\/06\/12\/en-ratt-ovanlig-sak-som-kristna-gor\/\" \/>\n<meta property=\"og:site_name\" content=\"Vandra V\u00e4gen\" \/>\n<meta property=\"article:publisher\" content=\"http:\/\/facebook.com\/vandravagen\" \/>\n<meta property=\"article:published_time\" content=\"2013-06-12T15:46:00+00:00\" \/>\n<meta property=\"og:image\" content=\"http:\/\/3.bp.blogspot.com\/-ttdQ0GBdahQ\/UbiXjsxG--I\/AAAAAAAAD2w\/UZ9ZiMgEfgc\/s400\/IMG_2866.JPG\" \/>\n<meta name=\"author\" content=\"Tomas Jarvid\" \/>\n<meta name=\"twitter:card\" content=\"summary_large_image\" \/>\n<meta name=\"twitter:creator\" content=\"@fadertomas\" \/>\n<meta name=\"twitter:site\" content=\"@fadertomas\" \/>\n<meta name=\"twitter:label1\" content=\"Skriven av\" \/>\n\t<meta name=\"twitter:data1\" content=\"Tomas Jarvid\" \/>\n\t<meta name=\"twitter:label2\" content=\"Ber\u00e4knad l\u00e4stid\" \/>\n\t<meta name=\"twitter:data2\" content=\"2 minuter\" \/>\n<script type=\"application\/ld+json\" class=\"yoast-schema-graph\">{\"@context\":\"https:\/\/schema.org\",\"@graph\":[{\"@type\":\"Article\",\"@id\":\"https:\/\/blogg.svenskakyrkan.se\/vandravagen\/2013\/06\/12\/en-ratt-ovanlig-sak-som-kristna-gor\/#article\",\"isPartOf\":{\"@id\":\"https:\/\/blogg.svenskakyrkan.se\/vandravagen\/2013\/06\/12\/en-ratt-ovanlig-sak-som-kristna-gor\/\"},\"author\":{\"name\":\"Tomas Jarvid\",\"@id\":\"https:\/\/blogg.svenskakyrkan.se\/vandravagen\/#\/schema\/person\/25da02d4f76b137d04291711e2c9fc16\"},\"headline\":\"En r\u00e4tt ovanlig sak som kristna g\u00f6r\",\"datePublished\":\"2013-06-12T15:46:00+00:00\",\"mainEntityOfPage\":{\"@id\":\"https:\/\/blogg.svenskakyrkan.se\/vandravagen\/2013\/06\/12\/en-ratt-ovanlig-sak-som-kristna-gor\/\"},\"wordCount\":345,\"commentCount\":2,\"publisher\":{\"@id\":\"https:\/\/blogg.svenskakyrkan.se\/vandravagen\/#organization\"},\"image\":{\"@id\":\"https:\/\/blogg.svenskakyrkan.se\/vandravagen\/2013\/06\/12\/en-ratt-ovanlig-sak-som-kristna-gor\/#primaryimage\"},\"thumbnailUrl\":\"http:\/\/3.bp.blogspot.com\/-ttdQ0GBdahQ\/UbiXjsxG--I\/AAAAAAAAD2w\/UZ9ZiMgEfgc\/s400\/IMG_2866.JPG\",\"articleSection\":[\"Gudstj\u00e4nst\",\"vara m\u00e4nniska\"],\"inLanguage\":\"sv-SE\",\"potentialAction\":[{\"@type\":\"CommentAction\",\"name\":\"Comment\",\"target\":[\"https:\/\/blogg.svenskakyrkan.se\/vandravagen\/2013\/06\/12\/en-ratt-ovanlig-sak-som-kristna-gor\/#respond\"]}]},{\"@type\":\"WebPage\",\"@id\":\"https:\/\/blogg.svenskakyrkan.se\/vandravagen\/2013\/06\/12\/en-ratt-ovanlig-sak-som-kristna-gor\/\",\"url\":\"https:\/\/blogg.svenskakyrkan.se\/vandravagen\/2013\/06\/12\/en-ratt-ovanlig-sak-som-kristna-gor\/\",\"name\":\"En r\u00e4tt ovanlig sak som kristna g\u00f6r - Vandra V\u00e4gen\",\"isPartOf\":{\"@id\":\"https:\/\/blogg.svenskakyrkan.se\/vandravagen\/#website\"},\"primaryImageOfPage\":{\"@id\":\"https:\/\/blogg.svenskakyrkan.se\/vandravagen\/2013\/06\/12\/en-ratt-ovanlig-sak-som-kristna-gor\/#primaryimage\"},\"image\":{\"@id\":\"https:\/\/blogg.svenskakyrkan.se\/vandravagen\/2013\/06\/12\/en-ratt-ovanlig-sak-som-kristna-gor\/#primaryimage\"},\"thumbnailUrl\":\"http:\/\/3.bp.blogspot.com\/-ttdQ0GBdahQ\/UbiXjsxG--I\/AAAAAAAAD2w\/UZ9ZiMgEfgc\/s400\/IMG_2866.JPG\",\"datePublished\":\"2013-06-12T15:46:00+00:00\",\"breadcrumb\":{\"@id\":\"https:\/\/blogg.svenskakyrkan.se\/vandravagen\/2013\/06\/12\/en-ratt-ovanlig-sak-som-kristna-gor\/#breadcrumb\"},\"inLanguage\":\"sv-SE\",\"potentialAction\":[{\"@type\":\"ReadAction\",\"target\":[\"https:\/\/blogg.svenskakyrkan.se\/vandravagen\/2013\/06\/12\/en-ratt-ovanlig-sak-som-kristna-gor\/\"]}]},{\"@type\":\"ImageObject\",\"inLanguage\":\"sv-SE\",\"@id\":\"https:\/\/blogg.svenskakyrkan.se\/vandravagen\/2013\/06\/12\/en-ratt-ovanlig-sak-som-kristna-gor\/#primaryimage\",\"url\":\"http:\/\/3.bp.blogspot.com\/-ttdQ0GBdahQ\/UbiXjsxG--I\/AAAAAAAAD2w\/UZ9ZiMgEfgc\/s400\/IMG_2866.JPG\",\"contentUrl\":\"http:\/\/3.bp.blogspot.com\/-ttdQ0GBdahQ\/UbiXjsxG--I\/AAAAAAAAD2w\/UZ9ZiMgEfgc\/s400\/IMG_2866.JPG\"},{\"@type\":\"BreadcrumbList\",\"@id\":\"https:\/\/blogg.svenskakyrkan.se\/vandravagen\/2013\/06\/12\/en-ratt-ovanlig-sak-som-kristna-gor\/#breadcrumb\",\"itemListElement\":[{\"@type\":\"ListItem\",\"position\":1,\"name\":\"Hem\",\"item\":\"https:\/\/blogg.svenskakyrkan.se\/vandravagen\/\"},{\"@type\":\"ListItem\",\"position\":2,\"name\":\"En r\u00e4tt ovanlig sak som kristna g\u00f6r\"}]},{\"@type\":\"WebSite\",\"@id\":\"https:\/\/blogg.svenskakyrkan.se\/vandravagen\/#website\",\"url\":\"https:\/\/blogg.svenskakyrkan.se\/vandravagen\/\",\"name\":\"Vandra V\u00e4gen\",\"description\":\"-Mot en tro f\u00f6r hela livet\",\"publisher\":{\"@id\":\"https:\/\/blogg.svenskakyrkan.se\/vandravagen\/#organization\"},\"potentialAction\":[{\"@type\":\"SearchAction\",\"target\":{\"@type\":\"EntryPoint\",\"urlTemplate\":\"https:\/\/blogg.svenskakyrkan.se\/vandravagen\/?s={search_term_string}\"},\"query-input\":{\"@type\":\"PropertyValueSpecification\",\"valueRequired\":true,\"valueName\":\"search_term_string\"}}],\"inLanguage\":\"sv-SE\"},{\"@type\":\"Organization\",\"@id\":\"https:\/\/blogg.svenskakyrkan.se\/vandravagen\/#organization\",\"name\":\"ulricehamns pastorat\",\"alternateName\":\"ulricehamns pastorat\",\"url\":\"https:\/\/blogg.svenskakyrkan.se\/vandravagen\/\",\"logo\":{\"@type\":\"ImageObject\",\"inLanguage\":\"sv-SE\",\"@id\":\"https:\/\/blogg.svenskakyrkan.se\/vandravagen\/#\/schema\/logo\/image\/\",\"url\":\"https:\/\/blogg.svenskakyrkan.se\/vandravagen\/files\/2023\/05\/Ulr_logo_RGB.png\",\"contentUrl\":\"https:\/\/blogg.svenskakyrkan.se\/vandravagen\/files\/2023\/05\/Ulr_logo_RGB.png\",\"width\":205,\"height\":77,\"caption\":\"ulricehamns pastorat\"},\"image\":{\"@id\":\"https:\/\/blogg.svenskakyrkan.se\/vandravagen\/#\/schema\/logo\/image\/\"},\"sameAs\":[\"http:\/\/facebook.com\/vandravagen\",\"https:\/\/x.com\/fadertomas\",\"http:\/\/www.facebook.com\/svenskakyrkaniulricehamn\"]},{\"@type\":\"Person\",\"@id\":\"https:\/\/blogg.svenskakyrkan.se\/vandravagen\/#\/schema\/person\/25da02d4f76b137d04291711e2c9fc16\",\"name\":\"Tomas Jarvid\",\"image\":{\"@type\":\"ImageObject\",\"inLanguage\":\"sv-SE\",\"@id\":\"https:\/\/blogg.svenskakyrkan.se\/vandravagen\/#\/schema\/person\/image\/\",\"url\":\"https:\/\/secure.gravatar.com\/avatar\/7fa71899795e8f540f615a1f5ab25255dc27aa40f05ee7ddd21aac521e01bf50?s=96&d=identicon&r=g\",\"contentUrl\":\"https:\/\/secure.gravatar.com\/avatar\/7fa71899795e8f540f615a1f5ab25255dc27aa40f05ee7ddd21aac521e01bf50?s=96&d=identicon&r=g\",\"caption\":\"Tomas Jarvid\"},\"description\":\"Jag bor i Ulricehamn i V\u00e4sterg\u00f6tland och \u00e4r f\u00f6rsamlingspr\u00e4st i Svenska Kyrkan f\u00f6r Dalstorps f\u00f6rsamling i Kinds pastorat. P\u00e5 den h\u00e4r bloggen skriver jag ner tankar om vandringen som kristen.\",\"sameAs\":[\"http:\/\/www.vandravagen.se\"],\"url\":\"https:\/\/blogg.svenskakyrkan.se\/vandravagen\/author\/vandravagen\/\"}]}<\/script>\n<!-- \/ Yoast SEO plugin. -->","yoast_head_json":{"title":"En r\u00e4tt ovanlig sak som kristna g\u00f6r - Vandra V\u00e4gen","robots":{"index":"index","follow":"follow","max-snippet":"max-snippet:-1","max-image-preview":"max-image-preview:large","max-video-preview":"max-video-preview:-1"},"canonical":"https:\/\/blogg.svenskakyrkan.se\/vandravagen\/2013\/06\/12\/en-ratt-ovanlig-sak-som-kristna-gor\/","og_locale":"sv_SE","og_type":"article","og_title":"En r\u00e4tt ovanlig sak som kristna g\u00f6r - Vandra V\u00e4gen","og_description":"Ocks\u00e5 en slags musik? Det finns n\u00e5gra s\u00e5dana saker som n\u00e4stan bara sker i kyrkan i v\u00e5rt samh\u00e4lle. I optimala fall \u00e4r det en \u00e5ldersblandad milj\u00f6 d\u00e4r alla \u00e5ldrar tr\u00e4ffas tillsammans. Det \u00e4r ocks\u00e5 ofta kyrkan som ordnar l\u00e4ger f\u00f6r barn och unga, en sak att vara stolt \u00f6ver. Men det \u00e4r inte det jag [&hellip;]","og_url":"https:\/\/blogg.svenskakyrkan.se\/vandravagen\/2013\/06\/12\/en-ratt-ovanlig-sak-som-kristna-gor\/","og_site_name":"Vandra V\u00e4gen","article_publisher":"http:\/\/facebook.com\/vandravagen","article_published_time":"2013-06-12T15:46:00+00:00","og_image":[{"url":"http:\/\/3.bp.blogspot.com\/-ttdQ0GBdahQ\/UbiXjsxG--I\/AAAAAAAAD2w\/UZ9ZiMgEfgc\/s400\/IMG_2866.JPG","type":"","width":"","height":""}],"author":"Tomas Jarvid","twitter_card":"summary_large_image","twitter_creator":"@fadertomas","twitter_site":"@fadertomas","twitter_misc":{"Skriven av":"Tomas Jarvid","Ber\u00e4knad l\u00e4stid":"2 minuter"},"schema":{"@context":"https:\/\/schema.org","@graph":[{"@type":"Article","@id":"https:\/\/blogg.svenskakyrkan.se\/vandravagen\/2013\/06\/12\/en-ratt-ovanlig-sak-som-kristna-gor\/#article","isPartOf":{"@id":"https:\/\/blogg.svenskakyrkan.se\/vandravagen\/2013\/06\/12\/en-ratt-ovanlig-sak-som-kristna-gor\/"},"author":{"name":"Tomas Jarvid","@id":"https:\/\/blogg.svenskakyrkan.se\/vandravagen\/#\/schema\/person\/25da02d4f76b137d04291711e2c9fc16"},"headline":"En r\u00e4tt ovanlig sak som kristna g\u00f6r","datePublished":"2013-06-12T15:46:00+00:00","mainEntityOfPage":{"@id":"https:\/\/blogg.svenskakyrkan.se\/vandravagen\/2013\/06\/12\/en-ratt-ovanlig-sak-som-kristna-gor\/"},"wordCount":345,"commentCount":2,"publisher":{"@id":"https:\/\/blogg.svenskakyrkan.se\/vandravagen\/#organization"},"image":{"@id":"https:\/\/blogg.svenskakyrkan.se\/vandravagen\/2013\/06\/12\/en-ratt-ovanlig-sak-som-kristna-gor\/#primaryimage"},"thumbnailUrl":"http:\/\/3.bp.blogspot.com\/-ttdQ0GBdahQ\/UbiXjsxG--I\/AAAAAAAAD2w\/UZ9ZiMgEfgc\/s400\/IMG_2866.JPG","articleSection":["Gudstj\u00e4nst","vara m\u00e4nniska"],"inLanguage":"sv-SE","potentialAction":[{"@type":"CommentAction","name":"Comment","target":["https:\/\/blogg.svenskakyrkan.se\/vandravagen\/2013\/06\/12\/en-ratt-ovanlig-sak-som-kristna-gor\/#respond"]}]},{"@type":"WebPage","@id":"https:\/\/blogg.svenskakyrkan.se\/vandravagen\/2013\/06\/12\/en-ratt-ovanlig-sak-som-kristna-gor\/","url":"https:\/\/blogg.svenskakyrkan.se\/vandravagen\/2013\/06\/12\/en-ratt-ovanlig-sak-som-kristna-gor\/","name":"En r\u00e4tt ovanlig sak som kristna g\u00f6r - Vandra V\u00e4gen","isPartOf":{"@id":"https:\/\/blogg.svenskakyrkan.se\/vandravagen\/#website"},"primaryImageOfPage":{"@id":"https:\/\/blogg.svenskakyrkan.se\/vandravagen\/2013\/06\/12\/en-ratt-ovanlig-sak-som-kristna-gor\/#primaryimage"},"image":{"@id":"https:\/\/blogg.svenskakyrkan.se\/vandravagen\/2013\/06\/12\/en-ratt-ovanlig-sak-som-kristna-gor\/#primaryimage"},"thumbnailUrl":"http:\/\/3.bp.blogspot.com\/-ttdQ0GBdahQ\/UbiXjsxG--I\/AAAAAAAAD2w\/UZ9ZiMgEfgc\/s400\/IMG_2866.JPG","datePublished":"2013-06-12T15:46:00+00:00","breadcrumb":{"@id":"https:\/\/blogg.svenskakyrkan.se\/vandravagen\/2013\/06\/12\/en-ratt-ovanlig-sak-som-kristna-gor\/#breadcrumb"},"inLanguage":"sv-SE","potentialAction":[{"@type":"ReadAction","target":["https:\/\/blogg.svenskakyrkan.se\/vandravagen\/2013\/06\/12\/en-ratt-ovanlig-sak-som-kristna-gor\/"]}]},{"@type":"ImageObject","inLanguage":"sv-SE","@id":"https:\/\/blogg.svenskakyrkan.se\/vandravagen\/2013\/06\/12\/en-ratt-ovanlig-sak-som-kristna-gor\/#primaryimage","url":"http:\/\/3.bp.blogspot.com\/-ttdQ0GBdahQ\/UbiXjsxG--I\/AAAAAAAAD2w\/UZ9ZiMgEfgc\/s400\/IMG_2866.JPG","contentUrl":"http:\/\/3.bp.blogspot.com\/-ttdQ0GBdahQ\/UbiXjsxG--I\/AAAAAAAAD2w\/UZ9ZiMgEfgc\/s400\/IMG_2866.JPG"},{"@type":"BreadcrumbList","@id":"https:\/\/blogg.svenskakyrkan.se\/vandravagen\/2013\/06\/12\/en-ratt-ovanlig-sak-som-kristna-gor\/#breadcrumb","itemListElement":[{"@type":"ListItem","position":1,"name":"Hem","item":"https:\/\/blogg.svenskakyrkan.se\/vandravagen\/"},{"@type":"ListItem","position":2,"name":"En r\u00e4tt ovanlig sak som kristna g\u00f6r"}]},{"@type":"WebSite","@id":"https:\/\/blogg.svenskakyrkan.se\/vandravagen\/#website","url":"https:\/\/blogg.svenskakyrkan.se\/vandravagen\/","name":"Vandra V\u00e4gen","description":"-Mot en tro f\u00f6r hela livet","publisher":{"@id":"https:\/\/blogg.svenskakyrkan.se\/vandravagen\/#organization"},"potentialAction":[{"@type":"SearchAction","target":{"@type":"EntryPoint","urlTemplate":"https:\/\/blogg.svenskakyrkan.se\/vandravagen\/?s={search_term_string}"},"query-input":{"@type":"PropertyValueSpecification","valueRequired":true,"valueName":"search_term_string"}}],"inLanguage":"sv-SE"},{"@type":"Organization","@id":"https:\/\/blogg.svenskakyrkan.se\/vandravagen\/#organization","name":"ulricehamns pastorat","alternateName":"ulricehamns pastorat","url":"https:\/\/blogg.svenskakyrkan.se\/vandravagen\/","logo":{"@type":"ImageObject","inLanguage":"sv-SE","@id":"https:\/\/blogg.svenskakyrkan.se\/vandravagen\/#\/schema\/logo\/image\/","url":"https:\/\/blogg.svenskakyrkan.se\/vandravagen\/files\/2023\/05\/Ulr_logo_RGB.png","contentUrl":"https:\/\/blogg.svenskakyrkan.se\/vandravagen\/files\/2023\/05\/Ulr_logo_RGB.png","width":205,"height":77,"caption":"ulricehamns pastorat"},"image":{"@id":"https:\/\/blogg.svenskakyrkan.se\/vandravagen\/#\/schema\/logo\/image\/"},"sameAs":["http:\/\/facebook.com\/vandravagen","https:\/\/x.com\/fadertomas","http:\/\/www.facebook.com\/svenskakyrkaniulricehamn"]},{"@type":"Person","@id":"https:\/\/blogg.svenskakyrkan.se\/vandravagen\/#\/schema\/person\/25da02d4f76b137d04291711e2c9fc16","name":"Tomas Jarvid","image":{"@type":"ImageObject","inLanguage":"sv-SE","@id":"https:\/\/blogg.svenskakyrkan.se\/vandravagen\/#\/schema\/person\/image\/","url":"https:\/\/secure.gravatar.com\/avatar\/7fa71899795e8f540f615a1f5ab25255dc27aa40f05ee7ddd21aac521e01bf50?s=96&d=identicon&r=g","contentUrl":"https:\/\/secure.gravatar.com\/avatar\/7fa71899795e8f540f615a1f5ab25255dc27aa40f05ee7ddd21aac521e01bf50?s=96&d=identicon&r=g","caption":"Tomas Jarvid"},"description":"Jag bor i Ulricehamn i V\u00e4sterg\u00f6tland och \u00e4r f\u00f6rsamlingspr\u00e4st i Svenska Kyrkan f\u00f6r Dalstorps f\u00f6rsamling i Kinds pastorat. P\u00e5 den h\u00e4r bloggen skriver jag ner tankar om vandringen som kristen.","sameAs":["http:\/\/www.vandravagen.se"],"url":"https:\/\/blogg.svenskakyrkan.se\/vandravagen\/author\/vandravagen\/"}]}},"author_meta":{"ID":"392","user_nicename":"vandravagen","user_url":"http:\/\/www.vandravagen.se","user_registered":"2014-05-19 05:44:52","display_name":"Tomas Jarvid","first_name":"Tomas","last_name":"Jarvid","avatar":"https:\/\/secure.gravatar.com\/avatar\/7fa71899795e8f540f615a1f5ab25255dc27aa40f05ee7ddd21aac521e01bf50?s=96&d=identicon&r=g"},"featured_image":false,"bloginfo":{"name":"Vandra V\u00e4gen","url":"https:\/\/blogg.svenskakyrkan.se\/vandravagen"},"_links":{"self":[{"href":"https:\/\/blogg.svenskakyrkan.se\/vandravagen\/wp-json\/wp\/v2\/posts\/516","targetHints":{"allow":["GET"]}}],"collection":[{"href":"https:\/\/blogg.svenskakyrkan.se\/vandravagen\/wp-json\/wp\/v2\/posts"}],"about":[{"href":"https:\/\/blogg.svenskakyrkan.se\/vandravagen\/wp-json\/wp\/v2\/types\/post"}],"author":[{"embeddable":true,"href":"https:\/\/blogg.svenskakyrkan.se\/vandravagen\/wp-json\/wp\/v2\/users\/392"}],"replies":[{"embeddable":true,"href":"https:\/\/blogg.svenskakyrkan.se\/vandravagen\/wp-json\/wp\/v2\/comments?post=516"}],"version-history":[{"count":0,"href":"https:\/\/blogg.svenskakyrkan.se\/vandravagen\/wp-json\/wp\/v2\/posts\/516\/revisions"}],"wp:attachment":[{"href":"https:\/\/blogg.svenskakyrkan.se\/vandravagen\/wp-json\/wp\/v2\/media?parent=516"}],"wp:term":[{"taxonomy":"category","embeddable":true,"href":"https:\/\/blogg.svenskakyrkan.se\/vandravagen\/wp-json\/wp\/v2\/categories?post=516"},{"taxonomy":"post_tag","embeddable":true,"href":"https:\/\/blogg.svenskakyrkan.se\/vandravagen\/wp-json\/wp\/v2\/tags?post=516"}],"curies":[{"name":"wp","href":"https:\/\/api.w.org\/{rel}","templated":true}]}}