{"id":523,"date":"2013-06-09T06:46:00","date_gmt":"2013-06-09T04:46:00","guid":{"rendered":"http:\/\/blogg.svenskakyrkan.se\/vandravagen\/2013\/06\/09\/malmoprasterna-v-s-brian-zahnd-kallelsen-till-guds-rike\/"},"modified":"2013-06-09T06:46:00","modified_gmt":"2013-06-09T04:46:00","slug":"malmoprasterna-v-s-brian-zahnd-kallelsen-till-guds-rike","status":"publish","type":"post","link":"https:\/\/blogg.svenskakyrkan.se\/vandravagen\/2013\/06\/09\/malmoprasterna-v-s-brian-zahnd-kallelsen-till-guds-rike\/","title":{"rendered":"Malm\u00f6pr\u00e4sterna v.s Brian Zahnd, kallelsen till Guds rike"},"content":{"rendered":"<p>Det d\u00e4r var inte en helt r\u00e4ttvisande rubrik. Det \u00e4r bara s\u00e5 att jag har hittat tv\u00e5 tweets som jag vill st\u00e4lla i kontrast med varandra. Ett fr\u00e5n @Unprastmalmo och ett (tv\u00e5) fr\u00e5n @BrianZahnd, amerikansk pastor. Det h\u00e4r \u00e4r tankar som passar bra idag, den 2a s\u00f6ndagen efter trefaldighet med tema &#8221;kallelsen till Guds rike&#8221;.<\/p>\n<p>F\u00f6rst malm\u00f6pr\u00e4sternas:<\/p>\n<div><a href=\"http:\/\/2.bp.blogspot.com\/-Plf8iwDaJtQ\/Ua2JXmIuzdI\/AAAAAAAADtg\/uvliwIUZXpk\/s1600\/Ska%CC%88rmavbild+2013-06-03+kl.+20.03.50.png\"><img loading=\"lazy\" decoding=\"async\" border=\"0\" height=\"82\" src=\"http:\/\/2.bp.blogspot.com\/-Plf8iwDaJtQ\/Ua2JXmIuzdI\/AAAAAAAADtg\/uvliwIUZXpk\/s400\/Ska%CC%88rmavbild+2013-06-03+kl.+20.03.50.png\" width=\"400\"><\/a><\/div>\n<div><\/div>\n<div>Och sedan de h\u00e4r:<\/div>\n<div><\/div>\n<div><\/div>\n<div><a href=\"http:\/\/3.bp.blogspot.com\/-QaaNhszaPoE\/Ua2JXnuv3vI\/AAAAAAAADtk\/flhNlvayEN0\/s1600\/Ska%CC%88rmavbild+2013-06-03+kl.+20.08.16.png\"><img loading=\"lazy\" decoding=\"async\" border=\"0\" height=\"151\" src=\"http:\/\/3.bp.blogspot.com\/-QaaNhszaPoE\/Ua2JXnuv3vI\/AAAAAAAADtk\/flhNlvayEN0\/s400\/Ska%CC%88rmavbild+2013-06-03+kl.+20.08.16.png\" width=\"400\"><\/a><\/div>\n<div><\/div>\n<div>Jag f\u00e5r \u00e4rligt s\u00e4ga att rubriken lika g\u00e4rna kunde varit Tomas vs Brian Zahnd, f\u00f6r jag har gjort samma p\u00e5st\u00e5enden en massa g\u00e5nger. Om uppdraget; att f\u00f6r\u00e4ndra v\u00e4rlden. Nu skriver dock Zahnd att &#8221;vi kan pensionera hela talet om att kristna ska f\u00f6r\u00e4ndra v\u00e4rlden, det r\u00e4cker att vi f\u00f6rs\u00f6ker leva troget Jesus&#8221;<\/div>\n<div><\/div>\n<div>Vidare: &#8221;om trohet \u00e4r v\u00e5rt m\u00e5l kanske vi h\u00e4ndelsevis bidrar med n\u00e5gon slags f\u00f6rsonande f\u00f6r\u00e4ndring men om vi satsar p\u00e5 f\u00f6r\u00e4ndring genast griper vi snart efter makt.&#8221;<\/div>\n<div><\/div>\n<div><\/div>\n<div>Tror inte att malm\u00f6pr\u00e4sterna skulle s\u00e4ga emot det just, i alla fall g\u00f6r inte jag det. Man kan v\u00e4l inte vara Guds redskap utan att fr\u00e4mst vara trogen Jesus? F\u00f6r mig skakar i alla fall tankarna om en del. Varf\u00f6r tror jag att jag har l\u00f6sningen p\u00e5 v\u00e4rldens problem, jag \u00e4r ju sj\u00e4lv del i problemet!<\/div>\n<div><\/div>\n<div>Det \u00e4r i v\u00e5rt eget hj\u00e4rta v\u00e5r egen strid st\u00e5r. Vinner vi inte d\u00e4r kan vi inte hj\u00e4lpa n\u00e5gon annan. Vinner d\u00e4r g\u00f6r vi bara genom att ropa p\u00e5 hj\u00e4lp. Ensamma f\u00f6rm\u00e5r vi ingenting.<\/div>\n<div><\/div>\n<div>V\u00e5r fr\u00e4msta kallelse \u00e4r att Jesus kallar oss till sig, inte att han korat oss till att vara v\u00e4rldsfr\u00e4lsare p\u00e5 egen hand.<\/div>\n","protected":false},"excerpt":{"rendered":"<p>Det d\u00e4r var inte en helt r\u00e4ttvisande rubrik. Det \u00e4r bara s\u00e5 att jag har hittat tv\u00e5 tweets som jag vill st\u00e4lla i kontrast med varandra. Ett fr\u00e5n @Unprastmalmo och ett (tv\u00e5) fr\u00e5n @BrianZahnd, amerikansk pastor. Det h\u00e4r \u00e4r tankar som passar bra idag, den 2a s\u00f6ndagen efter trefaldighet med tema &#8221;kallelsen till Guds rike&#8221;. [&hellip;]<\/p>\n","protected":false},"author":392,"featured_media":0,"comment_status":"open","ping_status":"open","sticky":false,"template":"","format":"standard","meta":{"_acf_changed":false,"footnotes":""},"categories":[117],"tags":[],"class_list":["post-523","post","type-post","status-publish","format-standard","hentry","category-teologi"],"acf":[],"yoast_head":"<!-- This site is optimized with the Yoast SEO plugin v27.1.1 - https:\/\/yoast.com\/product\/yoast-seo-wordpress\/ -->\n<title>Malm\u00f6pr\u00e4sterna v.s Brian Zahnd, kallelsen till Guds rike - Vandra V\u00e4gen<\/title>\n<meta name=\"robots\" content=\"index, follow, max-snippet:-1, max-image-preview:large, max-video-preview:-1\" \/>\n<link rel=\"canonical\" href=\"https:\/\/blogg.svenskakyrkan.se\/vandravagen\/2013\/06\/09\/malmoprasterna-v-s-brian-zahnd-kallelsen-till-guds-rike\/\" \/>\n<meta property=\"og:locale\" content=\"sv_SE\" \/>\n<meta property=\"og:type\" content=\"article\" \/>\n<meta property=\"og:title\" content=\"Malm\u00f6pr\u00e4sterna v.s Brian Zahnd, kallelsen till Guds rike - Vandra V\u00e4gen\" \/>\n<meta property=\"og:description\" content=\"Det d\u00e4r var inte en helt r\u00e4ttvisande rubrik. Det \u00e4r bara s\u00e5 att jag har hittat tv\u00e5 tweets som jag vill st\u00e4lla i kontrast med varandra. Ett fr\u00e5n @Unprastmalmo och ett (tv\u00e5) fr\u00e5n @BrianZahnd, amerikansk pastor. Det h\u00e4r \u00e4r tankar som passar bra idag, den 2a s\u00f6ndagen efter trefaldighet med tema &#8221;kallelsen till Guds rike&#8221;. [&hellip;]\" \/>\n<meta property=\"og:url\" content=\"https:\/\/blogg.svenskakyrkan.se\/vandravagen\/2013\/06\/09\/malmoprasterna-v-s-brian-zahnd-kallelsen-till-guds-rike\/\" \/>\n<meta property=\"og:site_name\" content=\"Vandra V\u00e4gen\" \/>\n<meta property=\"article:publisher\" content=\"http:\/\/facebook.com\/vandravagen\" \/>\n<meta property=\"article:published_time\" content=\"2013-06-09T04:46:00+00:00\" \/>\n<meta property=\"og:image\" content=\"http:\/\/2.bp.blogspot.com\/-Plf8iwDaJtQ\/Ua2JXmIuzdI\/AAAAAAAADtg\/uvliwIUZXpk\/s400\/Ska%CC%88rmavbild+2013-06-03+kl.+20.03.50.png\" \/>\n<meta name=\"author\" content=\"Tomas Jarvid\" \/>\n<meta name=\"twitter:card\" content=\"summary_large_image\" \/>\n<meta name=\"twitter:creator\" content=\"@fadertomas\" \/>\n<meta name=\"twitter:site\" content=\"@fadertomas\" \/>\n<meta name=\"twitter:label1\" content=\"Skriven av\" \/>\n\t<meta name=\"twitter:data1\" content=\"Tomas Jarvid\" \/>\n\t<meta name=\"twitter:label2\" content=\"Ber\u00e4knad l\u00e4stid\" \/>\n\t<meta name=\"twitter:data2\" content=\"2 minuter\" \/>\n<script type=\"application\/ld+json\" class=\"yoast-schema-graph\">{\"@context\":\"https:\/\/schema.org\",\"@graph\":[{\"@type\":\"Article\",\"@id\":\"https:\/\/blogg.svenskakyrkan.se\/vandravagen\/2013\/06\/09\/malmoprasterna-v-s-brian-zahnd-kallelsen-till-guds-rike\/#article\",\"isPartOf\":{\"@id\":\"https:\/\/blogg.svenskakyrkan.se\/vandravagen\/2013\/06\/09\/malmoprasterna-v-s-brian-zahnd-kallelsen-till-guds-rike\/\"},\"author\":{\"name\":\"Tomas Jarvid\",\"@id\":\"https:\/\/blogg.svenskakyrkan.se\/vandravagen\/#\/schema\/person\/25da02d4f76b137d04291711e2c9fc16\"},\"headline\":\"Malm\u00f6pr\u00e4sterna v.s Brian Zahnd, kallelsen till Guds rike\",\"datePublished\":\"2013-06-09T04:46:00+00:00\",\"mainEntityOfPage\":{\"@id\":\"https:\/\/blogg.svenskakyrkan.se\/vandravagen\/2013\/06\/09\/malmoprasterna-v-s-brian-zahnd-kallelsen-till-guds-rike\/\"},\"wordCount\":326,\"commentCount\":0,\"publisher\":{\"@id\":\"https:\/\/blogg.svenskakyrkan.se\/vandravagen\/#organization\"},\"image\":{\"@id\":\"https:\/\/blogg.svenskakyrkan.se\/vandravagen\/2013\/06\/09\/malmoprasterna-v-s-brian-zahnd-kallelsen-till-guds-rike\/#primaryimage\"},\"thumbnailUrl\":\"http:\/\/2.bp.blogspot.com\/-Plf8iwDaJtQ\/Ua2JXmIuzdI\/AAAAAAAADtg\/uvliwIUZXpk\/s400\/Ska%CC%88rmavbild+2013-06-03+kl.+20.03.50.png\",\"articleSection\":[\"Teologi\"],\"inLanguage\":\"sv-SE\",\"potentialAction\":[{\"@type\":\"CommentAction\",\"name\":\"Comment\",\"target\":[\"https:\/\/blogg.svenskakyrkan.se\/vandravagen\/2013\/06\/09\/malmoprasterna-v-s-brian-zahnd-kallelsen-till-guds-rike\/#respond\"]}]},{\"@type\":\"WebPage\",\"@id\":\"https:\/\/blogg.svenskakyrkan.se\/vandravagen\/2013\/06\/09\/malmoprasterna-v-s-brian-zahnd-kallelsen-till-guds-rike\/\",\"url\":\"https:\/\/blogg.svenskakyrkan.se\/vandravagen\/2013\/06\/09\/malmoprasterna-v-s-brian-zahnd-kallelsen-till-guds-rike\/\",\"name\":\"Malm\u00f6pr\u00e4sterna v.s Brian Zahnd, kallelsen till Guds rike - Vandra V\u00e4gen\",\"isPartOf\":{\"@id\":\"https:\/\/blogg.svenskakyrkan.se\/vandravagen\/#website\"},\"primaryImageOfPage\":{\"@id\":\"https:\/\/blogg.svenskakyrkan.se\/vandravagen\/2013\/06\/09\/malmoprasterna-v-s-brian-zahnd-kallelsen-till-guds-rike\/#primaryimage\"},\"image\":{\"@id\":\"https:\/\/blogg.svenskakyrkan.se\/vandravagen\/2013\/06\/09\/malmoprasterna-v-s-brian-zahnd-kallelsen-till-guds-rike\/#primaryimage\"},\"thumbnailUrl\":\"http:\/\/2.bp.blogspot.com\/-Plf8iwDaJtQ\/Ua2JXmIuzdI\/AAAAAAAADtg\/uvliwIUZXpk\/s400\/Ska%CC%88rmavbild+2013-06-03+kl.+20.03.50.png\",\"datePublished\":\"2013-06-09T04:46:00+00:00\",\"breadcrumb\":{\"@id\":\"https:\/\/blogg.svenskakyrkan.se\/vandravagen\/2013\/06\/09\/malmoprasterna-v-s-brian-zahnd-kallelsen-till-guds-rike\/#breadcrumb\"},\"inLanguage\":\"sv-SE\",\"potentialAction\":[{\"@type\":\"ReadAction\",\"target\":[\"https:\/\/blogg.svenskakyrkan.se\/vandravagen\/2013\/06\/09\/malmoprasterna-v-s-brian-zahnd-kallelsen-till-guds-rike\/\"]}]},{\"@type\":\"ImageObject\",\"inLanguage\":\"sv-SE\",\"@id\":\"https:\/\/blogg.svenskakyrkan.se\/vandravagen\/2013\/06\/09\/malmoprasterna-v-s-brian-zahnd-kallelsen-till-guds-rike\/#primaryimage\",\"url\":\"http:\/\/2.bp.blogspot.com\/-Plf8iwDaJtQ\/Ua2JXmIuzdI\/AAAAAAAADtg\/uvliwIUZXpk\/s400\/Ska%CC%88rmavbild+2013-06-03+kl.+20.03.50.png\",\"contentUrl\":\"http:\/\/2.bp.blogspot.com\/-Plf8iwDaJtQ\/Ua2JXmIuzdI\/AAAAAAAADtg\/uvliwIUZXpk\/s400\/Ska%CC%88rmavbild+2013-06-03+kl.+20.03.50.png\"},{\"@type\":\"BreadcrumbList\",\"@id\":\"https:\/\/blogg.svenskakyrkan.se\/vandravagen\/2013\/06\/09\/malmoprasterna-v-s-brian-zahnd-kallelsen-till-guds-rike\/#breadcrumb\",\"itemListElement\":[{\"@type\":\"ListItem\",\"position\":1,\"name\":\"Hem\",\"item\":\"https:\/\/blogg.svenskakyrkan.se\/vandravagen\/\"},{\"@type\":\"ListItem\",\"position\":2,\"name\":\"Malm\u00f6pr\u00e4sterna v.s Brian Zahnd, kallelsen till Guds rike\"}]},{\"@type\":\"WebSite\",\"@id\":\"https:\/\/blogg.svenskakyrkan.se\/vandravagen\/#website\",\"url\":\"https:\/\/blogg.svenskakyrkan.se\/vandravagen\/\",\"name\":\"Vandra V\u00e4gen\",\"description\":\"-Mot en tro f\u00f6r hela livet\",\"publisher\":{\"@id\":\"https:\/\/blogg.svenskakyrkan.se\/vandravagen\/#organization\"},\"potentialAction\":[{\"@type\":\"SearchAction\",\"target\":{\"@type\":\"EntryPoint\",\"urlTemplate\":\"https:\/\/blogg.svenskakyrkan.se\/vandravagen\/?s={search_term_string}\"},\"query-input\":{\"@type\":\"PropertyValueSpecification\",\"valueRequired\":true,\"valueName\":\"search_term_string\"}}],\"inLanguage\":\"sv-SE\"},{\"@type\":\"Organization\",\"@id\":\"https:\/\/blogg.svenskakyrkan.se\/vandravagen\/#organization\",\"name\":\"ulricehamns pastorat\",\"alternateName\":\"ulricehamns pastorat\",\"url\":\"https:\/\/blogg.svenskakyrkan.se\/vandravagen\/\",\"logo\":{\"@type\":\"ImageObject\",\"inLanguage\":\"sv-SE\",\"@id\":\"https:\/\/blogg.svenskakyrkan.se\/vandravagen\/#\/schema\/logo\/image\/\",\"url\":\"https:\/\/blogg.svenskakyrkan.se\/vandravagen\/files\/2023\/05\/Ulr_logo_RGB.png\",\"contentUrl\":\"https:\/\/blogg.svenskakyrkan.se\/vandravagen\/files\/2023\/05\/Ulr_logo_RGB.png\",\"width\":205,\"height\":77,\"caption\":\"ulricehamns pastorat\"},\"image\":{\"@id\":\"https:\/\/blogg.svenskakyrkan.se\/vandravagen\/#\/schema\/logo\/image\/\"},\"sameAs\":[\"http:\/\/facebook.com\/vandravagen\",\"https:\/\/x.com\/fadertomas\",\"http:\/\/www.facebook.com\/svenskakyrkaniulricehamn\"]},{\"@type\":\"Person\",\"@id\":\"https:\/\/blogg.svenskakyrkan.se\/vandravagen\/#\/schema\/person\/25da02d4f76b137d04291711e2c9fc16\",\"name\":\"Tomas Jarvid\",\"image\":{\"@type\":\"ImageObject\",\"inLanguage\":\"sv-SE\",\"@id\":\"https:\/\/blogg.svenskakyrkan.se\/vandravagen\/#\/schema\/person\/image\/\",\"url\":\"https:\/\/secure.gravatar.com\/avatar\/7fa71899795e8f540f615a1f5ab25255dc27aa40f05ee7ddd21aac521e01bf50?s=96&d=identicon&r=g\",\"contentUrl\":\"https:\/\/secure.gravatar.com\/avatar\/7fa71899795e8f540f615a1f5ab25255dc27aa40f05ee7ddd21aac521e01bf50?s=96&d=identicon&r=g\",\"caption\":\"Tomas Jarvid\"},\"description\":\"Jag bor i Ulricehamn i V\u00e4sterg\u00f6tland och \u00e4r f\u00f6rsamlingspr\u00e4st i Svenska Kyrkan f\u00f6r Dalstorps f\u00f6rsamling i Kinds pastorat. P\u00e5 den h\u00e4r bloggen skriver jag ner tankar om vandringen som kristen.\",\"sameAs\":[\"http:\/\/www.vandravagen.se\"],\"url\":\"https:\/\/blogg.svenskakyrkan.se\/vandravagen\/author\/vandravagen\/\"}]}<\/script>\n<!-- \/ Yoast SEO plugin. -->","yoast_head_json":{"title":"Malm\u00f6pr\u00e4sterna v.s Brian Zahnd, kallelsen till Guds rike - Vandra V\u00e4gen","robots":{"index":"index","follow":"follow","max-snippet":"max-snippet:-1","max-image-preview":"max-image-preview:large","max-video-preview":"max-video-preview:-1"},"canonical":"https:\/\/blogg.svenskakyrkan.se\/vandravagen\/2013\/06\/09\/malmoprasterna-v-s-brian-zahnd-kallelsen-till-guds-rike\/","og_locale":"sv_SE","og_type":"article","og_title":"Malm\u00f6pr\u00e4sterna v.s Brian Zahnd, kallelsen till Guds rike - Vandra V\u00e4gen","og_description":"Det d\u00e4r var inte en helt r\u00e4ttvisande rubrik. Det \u00e4r bara s\u00e5 att jag har hittat tv\u00e5 tweets som jag vill st\u00e4lla i kontrast med varandra. Ett fr\u00e5n @Unprastmalmo och ett (tv\u00e5) fr\u00e5n @BrianZahnd, amerikansk pastor. Det h\u00e4r \u00e4r tankar som passar bra idag, den 2a s\u00f6ndagen efter trefaldighet med tema &#8221;kallelsen till Guds rike&#8221;. [&hellip;]","og_url":"https:\/\/blogg.svenskakyrkan.se\/vandravagen\/2013\/06\/09\/malmoprasterna-v-s-brian-zahnd-kallelsen-till-guds-rike\/","og_site_name":"Vandra V\u00e4gen","article_publisher":"http:\/\/facebook.com\/vandravagen","article_published_time":"2013-06-09T04:46:00+00:00","og_image":[{"url":"http:\/\/2.bp.blogspot.com\/-Plf8iwDaJtQ\/Ua2JXmIuzdI\/AAAAAAAADtg\/uvliwIUZXpk\/s400\/Ska%CC%88rmavbild+2013-06-03+kl.+20.03.50.png","type":"","width":"","height":""}],"author":"Tomas Jarvid","twitter_card":"summary_large_image","twitter_creator":"@fadertomas","twitter_site":"@fadertomas","twitter_misc":{"Skriven av":"Tomas Jarvid","Ber\u00e4knad l\u00e4stid":"2 minuter"},"schema":{"@context":"https:\/\/schema.org","@graph":[{"@type":"Article","@id":"https:\/\/blogg.svenskakyrkan.se\/vandravagen\/2013\/06\/09\/malmoprasterna-v-s-brian-zahnd-kallelsen-till-guds-rike\/#article","isPartOf":{"@id":"https:\/\/blogg.svenskakyrkan.se\/vandravagen\/2013\/06\/09\/malmoprasterna-v-s-brian-zahnd-kallelsen-till-guds-rike\/"},"author":{"name":"Tomas Jarvid","@id":"https:\/\/blogg.svenskakyrkan.se\/vandravagen\/#\/schema\/person\/25da02d4f76b137d04291711e2c9fc16"},"headline":"Malm\u00f6pr\u00e4sterna v.s Brian Zahnd, kallelsen till Guds rike","datePublished":"2013-06-09T04:46:00+00:00","mainEntityOfPage":{"@id":"https:\/\/blogg.svenskakyrkan.se\/vandravagen\/2013\/06\/09\/malmoprasterna-v-s-brian-zahnd-kallelsen-till-guds-rike\/"},"wordCount":326,"commentCount":0,"publisher":{"@id":"https:\/\/blogg.svenskakyrkan.se\/vandravagen\/#organization"},"image":{"@id":"https:\/\/blogg.svenskakyrkan.se\/vandravagen\/2013\/06\/09\/malmoprasterna-v-s-brian-zahnd-kallelsen-till-guds-rike\/#primaryimage"},"thumbnailUrl":"http:\/\/2.bp.blogspot.com\/-Plf8iwDaJtQ\/Ua2JXmIuzdI\/AAAAAAAADtg\/uvliwIUZXpk\/s400\/Ska%CC%88rmavbild+2013-06-03+kl.+20.03.50.png","articleSection":["Teologi"],"inLanguage":"sv-SE","potentialAction":[{"@type":"CommentAction","name":"Comment","target":["https:\/\/blogg.svenskakyrkan.se\/vandravagen\/2013\/06\/09\/malmoprasterna-v-s-brian-zahnd-kallelsen-till-guds-rike\/#respond"]}]},{"@type":"WebPage","@id":"https:\/\/blogg.svenskakyrkan.se\/vandravagen\/2013\/06\/09\/malmoprasterna-v-s-brian-zahnd-kallelsen-till-guds-rike\/","url":"https:\/\/blogg.svenskakyrkan.se\/vandravagen\/2013\/06\/09\/malmoprasterna-v-s-brian-zahnd-kallelsen-till-guds-rike\/","name":"Malm\u00f6pr\u00e4sterna v.s Brian Zahnd, kallelsen till Guds rike - Vandra V\u00e4gen","isPartOf":{"@id":"https:\/\/blogg.svenskakyrkan.se\/vandravagen\/#website"},"primaryImageOfPage":{"@id":"https:\/\/blogg.svenskakyrkan.se\/vandravagen\/2013\/06\/09\/malmoprasterna-v-s-brian-zahnd-kallelsen-till-guds-rike\/#primaryimage"},"image":{"@id":"https:\/\/blogg.svenskakyrkan.se\/vandravagen\/2013\/06\/09\/malmoprasterna-v-s-brian-zahnd-kallelsen-till-guds-rike\/#primaryimage"},"thumbnailUrl":"http:\/\/2.bp.blogspot.com\/-Plf8iwDaJtQ\/Ua2JXmIuzdI\/AAAAAAAADtg\/uvliwIUZXpk\/s400\/Ska%CC%88rmavbild+2013-06-03+kl.+20.03.50.png","datePublished":"2013-06-09T04:46:00+00:00","breadcrumb":{"@id":"https:\/\/blogg.svenskakyrkan.se\/vandravagen\/2013\/06\/09\/malmoprasterna-v-s-brian-zahnd-kallelsen-till-guds-rike\/#breadcrumb"},"inLanguage":"sv-SE","potentialAction":[{"@type":"ReadAction","target":["https:\/\/blogg.svenskakyrkan.se\/vandravagen\/2013\/06\/09\/malmoprasterna-v-s-brian-zahnd-kallelsen-till-guds-rike\/"]}]},{"@type":"ImageObject","inLanguage":"sv-SE","@id":"https:\/\/blogg.svenskakyrkan.se\/vandravagen\/2013\/06\/09\/malmoprasterna-v-s-brian-zahnd-kallelsen-till-guds-rike\/#primaryimage","url":"http:\/\/2.bp.blogspot.com\/-Plf8iwDaJtQ\/Ua2JXmIuzdI\/AAAAAAAADtg\/uvliwIUZXpk\/s400\/Ska%CC%88rmavbild+2013-06-03+kl.+20.03.50.png","contentUrl":"http:\/\/2.bp.blogspot.com\/-Plf8iwDaJtQ\/Ua2JXmIuzdI\/AAAAAAAADtg\/uvliwIUZXpk\/s400\/Ska%CC%88rmavbild+2013-06-03+kl.+20.03.50.png"},{"@type":"BreadcrumbList","@id":"https:\/\/blogg.svenskakyrkan.se\/vandravagen\/2013\/06\/09\/malmoprasterna-v-s-brian-zahnd-kallelsen-till-guds-rike\/#breadcrumb","itemListElement":[{"@type":"ListItem","position":1,"name":"Hem","item":"https:\/\/blogg.svenskakyrkan.se\/vandravagen\/"},{"@type":"ListItem","position":2,"name":"Malm\u00f6pr\u00e4sterna v.s Brian Zahnd, kallelsen till Guds rike"}]},{"@type":"WebSite","@id":"https:\/\/blogg.svenskakyrkan.se\/vandravagen\/#website","url":"https:\/\/blogg.svenskakyrkan.se\/vandravagen\/","name":"Vandra V\u00e4gen","description":"-Mot en tro f\u00f6r hela livet","publisher":{"@id":"https:\/\/blogg.svenskakyrkan.se\/vandravagen\/#organization"},"potentialAction":[{"@type":"SearchAction","target":{"@type":"EntryPoint","urlTemplate":"https:\/\/blogg.svenskakyrkan.se\/vandravagen\/?s={search_term_string}"},"query-input":{"@type":"PropertyValueSpecification","valueRequired":true,"valueName":"search_term_string"}}],"inLanguage":"sv-SE"},{"@type":"Organization","@id":"https:\/\/blogg.svenskakyrkan.se\/vandravagen\/#organization","name":"ulricehamns pastorat","alternateName":"ulricehamns pastorat","url":"https:\/\/blogg.svenskakyrkan.se\/vandravagen\/","logo":{"@type":"ImageObject","inLanguage":"sv-SE","@id":"https:\/\/blogg.svenskakyrkan.se\/vandravagen\/#\/schema\/logo\/image\/","url":"https:\/\/blogg.svenskakyrkan.se\/vandravagen\/files\/2023\/05\/Ulr_logo_RGB.png","contentUrl":"https:\/\/blogg.svenskakyrkan.se\/vandravagen\/files\/2023\/05\/Ulr_logo_RGB.png","width":205,"height":77,"caption":"ulricehamns pastorat"},"image":{"@id":"https:\/\/blogg.svenskakyrkan.se\/vandravagen\/#\/schema\/logo\/image\/"},"sameAs":["http:\/\/facebook.com\/vandravagen","https:\/\/x.com\/fadertomas","http:\/\/www.facebook.com\/svenskakyrkaniulricehamn"]},{"@type":"Person","@id":"https:\/\/blogg.svenskakyrkan.se\/vandravagen\/#\/schema\/person\/25da02d4f76b137d04291711e2c9fc16","name":"Tomas Jarvid","image":{"@type":"ImageObject","inLanguage":"sv-SE","@id":"https:\/\/blogg.svenskakyrkan.se\/vandravagen\/#\/schema\/person\/image\/","url":"https:\/\/secure.gravatar.com\/avatar\/7fa71899795e8f540f615a1f5ab25255dc27aa40f05ee7ddd21aac521e01bf50?s=96&d=identicon&r=g","contentUrl":"https:\/\/secure.gravatar.com\/avatar\/7fa71899795e8f540f615a1f5ab25255dc27aa40f05ee7ddd21aac521e01bf50?s=96&d=identicon&r=g","caption":"Tomas Jarvid"},"description":"Jag bor i Ulricehamn i V\u00e4sterg\u00f6tland och \u00e4r f\u00f6rsamlingspr\u00e4st i Svenska Kyrkan f\u00f6r Dalstorps f\u00f6rsamling i Kinds pastorat. P\u00e5 den h\u00e4r bloggen skriver jag ner tankar om vandringen som kristen.","sameAs":["http:\/\/www.vandravagen.se"],"url":"https:\/\/blogg.svenskakyrkan.se\/vandravagen\/author\/vandravagen\/"}]}},"author_meta":{"ID":"392","user_nicename":"vandravagen","user_url":"http:\/\/www.vandravagen.se","user_registered":"2014-05-19 05:44:52","display_name":"Tomas Jarvid","first_name":"Tomas","last_name":"Jarvid","avatar":"https:\/\/secure.gravatar.com\/avatar\/7fa71899795e8f540f615a1f5ab25255dc27aa40f05ee7ddd21aac521e01bf50?s=96&d=identicon&r=g"},"featured_image":false,"bloginfo":{"name":"Vandra V\u00e4gen","url":"https:\/\/blogg.svenskakyrkan.se\/vandravagen"},"_links":{"self":[{"href":"https:\/\/blogg.svenskakyrkan.se\/vandravagen\/wp-json\/wp\/v2\/posts\/523","targetHints":{"allow":["GET"]}}],"collection":[{"href":"https:\/\/blogg.svenskakyrkan.se\/vandravagen\/wp-json\/wp\/v2\/posts"}],"about":[{"href":"https:\/\/blogg.svenskakyrkan.se\/vandravagen\/wp-json\/wp\/v2\/types\/post"}],"author":[{"embeddable":true,"href":"https:\/\/blogg.svenskakyrkan.se\/vandravagen\/wp-json\/wp\/v2\/users\/392"}],"replies":[{"embeddable":true,"href":"https:\/\/blogg.svenskakyrkan.se\/vandravagen\/wp-json\/wp\/v2\/comments?post=523"}],"version-history":[{"count":0,"href":"https:\/\/blogg.svenskakyrkan.se\/vandravagen\/wp-json\/wp\/v2\/posts\/523\/revisions"}],"wp:attachment":[{"href":"https:\/\/blogg.svenskakyrkan.se\/vandravagen\/wp-json\/wp\/v2\/media?parent=523"}],"wp:term":[{"taxonomy":"category","embeddable":true,"href":"https:\/\/blogg.svenskakyrkan.se\/vandravagen\/wp-json\/wp\/v2\/categories?post=523"},{"taxonomy":"post_tag","embeddable":true,"href":"https:\/\/blogg.svenskakyrkan.se\/vandravagen\/wp-json\/wp\/v2\/tags?post=523"}],"curies":[{"name":"wp","href":"https:\/\/api.w.org\/{rel}","templated":true}]}}