{"id":524,"date":"2013-06-08T20:38:00","date_gmt":"2013-06-08T18:38:00","guid":{"rendered":"http:\/\/blogg.svenskakyrkan.se\/vandravagen\/2013\/06\/08\/nagra-rader-apropa-prinsessbrollopet\/"},"modified":"2013-06-08T20:38:00","modified_gmt":"2013-06-08T18:38:00","slug":"nagra-rader-apropa-prinsessbrollopet","status":"publish","type":"post","link":"https:\/\/blogg.svenskakyrkan.se\/vandravagen\/2013\/06\/08\/nagra-rader-apropa-prinsessbrollopet\/","title":{"rendered":"N\u00e5gra rader aprop\u00e5 prinsessbr\u00f6llopet"},"content":{"rendered":"<table align=\"center\" cellpadding=\"0\" cellspacing=\"0\">\n<tbody>\n<tr>\n<td><a href=\"http:\/\/2.bp.blogspot.com\/-UcC15Pu3C9Q\/UbN53weBsdI\/AAAAAAAADvU\/HKIxTs_AzN4\/s1600\/a%CC%88lgara%CC%8As+kyrka.jpg\"><img loading=\"lazy\" decoding=\"async\" border=\"0\" height=\"265\" src=\"http:\/\/2.bp.blogspot.com\/-UcC15Pu3C9Q\/UbN53weBsdI\/AAAAAAAADvU\/HKIxTs_AzN4\/s400\/a%CC%88lgara%CC%8As+kyrka.jpg\" width=\"400\"><\/a><\/td>\n<\/tr>\n<tr>\n<td>\u00c4lgar\u00e5s kyrka p\u00e5 min och Jennys br\u00f6llopsdag<\/td>\n<\/tr>\n<\/tbody>\n<\/table>\n<p>Jag har sett en liten bit av prinsessan Madeleines vigsel idag. Det var n\u00e5n som sa p\u00e5 spanarna i morse att precis som det finns ateister som \u00e4nd\u00e5 har julkrubba \u00e4r det inte s\u00e5 konstigt att en och annan republikan ser p\u00e5 kungliga br\u00f6llop. Tr\u00e4ffande f\u00e5r jag s\u00e4ga.<\/p>\n<p>Roligt att det var f\u00f6re detta skarabiskopen Lars-G\u00f6ran L\u00f6nnermark som var den som vigde. Det \u00e4r verkligen en man som passar in i b\u00e5de koja och slott.<\/p>\n<p>Det \u00e4r ju s\u00e5 att kungliga br\u00f6llop kan skapa en del trender f\u00f6r andra br\u00f6llop. P\u00e5 en punkt hoppas jag att det blir s\u00e5. Lite ov\u00e4ntat ledde Victoria en b\u00f6n som brukar tillskrivas <a href=\"http:\/\/www.vandravagen.se\/2012\/10\/franciskus-idag-som-utmaning-och-hopp.html\">Franciskus<\/a>. Den har jag aldrig st\u00f6tt p\u00e5 i br\u00f6llopssammanhang men det \u00e4r sl\u00e5ende hur l\u00e4mplig den \u00e4r att be ocks\u00e5 i ett \u00e4ktenskap. H\u00e4r \u00e4r den i en av m\u00e5nga versioner. Kanske n\u00e5got att ha som aftonb\u00f6n ikv\u00e4ll?<\/p>\n<p>O Herre, g\u00f6r mig till ett redskap f\u00f6r din frid.<br \/>D\u00e4r hat finns, l\u00e5t mig f\u00e5 f\u00f6ra dit k\u00e4rlek.<br \/>D\u00e4r ondska finns, l\u00e5t mig f\u00e5 komma med f\u00f6rl\u00e5telse.<br \/>D\u00e4r oenighet finns, l\u00e5t mig f\u00e5 komma med enighet.<br \/>D\u00e4r tvivel finns, l\u00e5t mig f\u00e5 komma med tro.<br \/>D\u00e4r osanning finns, l\u00e5t mig f\u00e5 komma med sanning.<br \/>D\u00e4r f\u00f6rtvivlan finns, l\u00e5t mig f\u00e5 komma med hoppet.<br \/>D\u00e4r sorg finns, l\u00e5t mig f\u00e5 komma med gl\u00e4djen.<br \/>D\u00e4r m\u00f6rker finns, l\u00e5t mig f\u00e5 komma med ljuset.<\/p>\n<div>O gudomlige M\u00e4stare, l\u00e5t mig str\u00e4va inte s\u00e5 mycket<br \/>efter att bli tr\u00f6stad, som att tr\u00f6sta,<br \/>inte s\u00e5 mycket efter att bli f\u00f6rst\u00e5dd, som att f\u00f6rst\u00e5,<br \/>inte s\u00e5 mycket efter att bli \u00e4lskad, som att \u00e4lska.<\/div>\n<div>Ty det \u00e4r genom att ge, som man f\u00e5r,<br \/>genom att f\u00f6rl\u00e5ta, som man blir f\u00f6rl\u00e5ten,<br \/>och genom att d\u00f6, som man uppst\u00e5r till det eviga livet.<\/div>\n<div>Amen<\/div>\n","protected":false},"excerpt":{"rendered":"<p>\u00c4lgar\u00e5s kyrka p\u00e5 min och Jennys br\u00f6llopsdag Jag har sett en liten bit av prinsessan Madeleines vigsel idag. Det var n\u00e5n som sa p\u00e5 spanarna i morse att precis som det finns ateister som \u00e4nd\u00e5 har julkrubba \u00e4r det inte s\u00e5 konstigt att en och annan republikan ser p\u00e5 kungliga br\u00f6llop. Tr\u00e4ffande f\u00e5r jag s\u00e4ga. [&hellip;]<\/p>\n","protected":false},"author":392,"featured_media":0,"comment_status":"open","ping_status":"open","sticky":false,"template":"","format":"standard","meta":{"_acf_changed":false,"footnotes":""},"categories":[77164,8345],"tags":[],"class_list":["post-524","post","type-post","status-publish","format-standard","hentry","category-man-och-kvinna","category-relationer"],"acf":[],"yoast_head":"<!-- This site is optimized with the Yoast SEO plugin v27.1.1 - https:\/\/yoast.com\/product\/yoast-seo-wordpress\/ -->\n<title>N\u00e5gra rader aprop\u00e5 prinsessbr\u00f6llopet - Vandra V\u00e4gen<\/title>\n<meta name=\"robots\" content=\"index, follow, max-snippet:-1, max-image-preview:large, max-video-preview:-1\" \/>\n<link rel=\"canonical\" href=\"https:\/\/blogg.svenskakyrkan.se\/vandravagen\/2013\/06\/08\/nagra-rader-apropa-prinsessbrollopet\/\" \/>\n<meta property=\"og:locale\" content=\"sv_SE\" \/>\n<meta property=\"og:type\" content=\"article\" \/>\n<meta property=\"og:title\" content=\"N\u00e5gra rader aprop\u00e5 prinsessbr\u00f6llopet - Vandra V\u00e4gen\" \/>\n<meta property=\"og:description\" content=\"\u00c4lgar\u00e5s kyrka p\u00e5 min och Jennys br\u00f6llopsdag Jag har sett en liten bit av prinsessan Madeleines vigsel idag. Det var n\u00e5n som sa p\u00e5 spanarna i morse att precis som det finns ateister som \u00e4nd\u00e5 har julkrubba \u00e4r det inte s\u00e5 konstigt att en och annan republikan ser p\u00e5 kungliga br\u00f6llop. Tr\u00e4ffande f\u00e5r jag s\u00e4ga. [&hellip;]\" \/>\n<meta property=\"og:url\" content=\"https:\/\/blogg.svenskakyrkan.se\/vandravagen\/2013\/06\/08\/nagra-rader-apropa-prinsessbrollopet\/\" \/>\n<meta property=\"og:site_name\" content=\"Vandra V\u00e4gen\" \/>\n<meta property=\"article:publisher\" content=\"http:\/\/facebook.com\/vandravagen\" \/>\n<meta property=\"article:published_time\" content=\"2013-06-08T18:38:00+00:00\" \/>\n<meta property=\"og:image\" content=\"http:\/\/2.bp.blogspot.com\/-UcC15Pu3C9Q\/UbN53weBsdI\/AAAAAAAADvU\/HKIxTs_AzN4\/s400\/a%CC%88lgara%CC%8As+kyrka.jpg\" \/>\n<meta name=\"author\" content=\"Tomas Jarvid\" \/>\n<meta name=\"twitter:card\" content=\"summary_large_image\" \/>\n<meta name=\"twitter:creator\" content=\"@fadertomas\" \/>\n<meta name=\"twitter:site\" content=\"@fadertomas\" \/>\n<meta name=\"twitter:label1\" content=\"Skriven av\" \/>\n\t<meta name=\"twitter:data1\" content=\"Tomas Jarvid\" \/>\n\t<meta name=\"twitter:label2\" content=\"Ber\u00e4knad l\u00e4stid\" \/>\n\t<meta name=\"twitter:data2\" content=\"2 minuter\" \/>\n<script type=\"application\/ld+json\" class=\"yoast-schema-graph\">{\"@context\":\"https:\/\/schema.org\",\"@graph\":[{\"@type\":\"Article\",\"@id\":\"https:\/\/blogg.svenskakyrkan.se\/vandravagen\/2013\/06\/08\/nagra-rader-apropa-prinsessbrollopet\/#article\",\"isPartOf\":{\"@id\":\"https:\/\/blogg.svenskakyrkan.se\/vandravagen\/2013\/06\/08\/nagra-rader-apropa-prinsessbrollopet\/\"},\"author\":{\"name\":\"Tomas Jarvid\",\"@id\":\"https:\/\/blogg.svenskakyrkan.se\/vandravagen\/#\/schema\/person\/25da02d4f76b137d04291711e2c9fc16\"},\"headline\":\"N\u00e5gra rader aprop\u00e5 prinsessbr\u00f6llopet\",\"datePublished\":\"2013-06-08T18:38:00+00:00\",\"mainEntityOfPage\":{\"@id\":\"https:\/\/blogg.svenskakyrkan.se\/vandravagen\/2013\/06\/08\/nagra-rader-apropa-prinsessbrollopet\/\"},\"wordCount\":368,\"commentCount\":1,\"publisher\":{\"@id\":\"https:\/\/blogg.svenskakyrkan.se\/vandravagen\/#organization\"},\"image\":{\"@id\":\"https:\/\/blogg.svenskakyrkan.se\/vandravagen\/2013\/06\/08\/nagra-rader-apropa-prinsessbrollopet\/#primaryimage\"},\"thumbnailUrl\":\"http:\/\/2.bp.blogspot.com\/-UcC15Pu3C9Q\/UbN53weBsdI\/AAAAAAAADvU\/HKIxTs_AzN4\/s400\/a%CC%88lgara%CC%8As+kyrka.jpg\",\"articleSection\":[\"man och kvinna\",\"relationer\"],\"inLanguage\":\"sv-SE\",\"potentialAction\":[{\"@type\":\"CommentAction\",\"name\":\"Comment\",\"target\":[\"https:\/\/blogg.svenskakyrkan.se\/vandravagen\/2013\/06\/08\/nagra-rader-apropa-prinsessbrollopet\/#respond\"]}]},{\"@type\":\"WebPage\",\"@id\":\"https:\/\/blogg.svenskakyrkan.se\/vandravagen\/2013\/06\/08\/nagra-rader-apropa-prinsessbrollopet\/\",\"url\":\"https:\/\/blogg.svenskakyrkan.se\/vandravagen\/2013\/06\/08\/nagra-rader-apropa-prinsessbrollopet\/\",\"name\":\"N\u00e5gra rader aprop\u00e5 prinsessbr\u00f6llopet - Vandra V\u00e4gen\",\"isPartOf\":{\"@id\":\"https:\/\/blogg.svenskakyrkan.se\/vandravagen\/#website\"},\"primaryImageOfPage\":{\"@id\":\"https:\/\/blogg.svenskakyrkan.se\/vandravagen\/2013\/06\/08\/nagra-rader-apropa-prinsessbrollopet\/#primaryimage\"},\"image\":{\"@id\":\"https:\/\/blogg.svenskakyrkan.se\/vandravagen\/2013\/06\/08\/nagra-rader-apropa-prinsessbrollopet\/#primaryimage\"},\"thumbnailUrl\":\"http:\/\/2.bp.blogspot.com\/-UcC15Pu3C9Q\/UbN53weBsdI\/AAAAAAAADvU\/HKIxTs_AzN4\/s400\/a%CC%88lgara%CC%8As+kyrka.jpg\",\"datePublished\":\"2013-06-08T18:38:00+00:00\",\"breadcrumb\":{\"@id\":\"https:\/\/blogg.svenskakyrkan.se\/vandravagen\/2013\/06\/08\/nagra-rader-apropa-prinsessbrollopet\/#breadcrumb\"},\"inLanguage\":\"sv-SE\",\"potentialAction\":[{\"@type\":\"ReadAction\",\"target\":[\"https:\/\/blogg.svenskakyrkan.se\/vandravagen\/2013\/06\/08\/nagra-rader-apropa-prinsessbrollopet\/\"]}]},{\"@type\":\"ImageObject\",\"inLanguage\":\"sv-SE\",\"@id\":\"https:\/\/blogg.svenskakyrkan.se\/vandravagen\/2013\/06\/08\/nagra-rader-apropa-prinsessbrollopet\/#primaryimage\",\"url\":\"http:\/\/2.bp.blogspot.com\/-UcC15Pu3C9Q\/UbN53weBsdI\/AAAAAAAADvU\/HKIxTs_AzN4\/s400\/a%CC%88lgara%CC%8As+kyrka.jpg\",\"contentUrl\":\"http:\/\/2.bp.blogspot.com\/-UcC15Pu3C9Q\/UbN53weBsdI\/AAAAAAAADvU\/HKIxTs_AzN4\/s400\/a%CC%88lgara%CC%8As+kyrka.jpg\"},{\"@type\":\"BreadcrumbList\",\"@id\":\"https:\/\/blogg.svenskakyrkan.se\/vandravagen\/2013\/06\/08\/nagra-rader-apropa-prinsessbrollopet\/#breadcrumb\",\"itemListElement\":[{\"@type\":\"ListItem\",\"position\":1,\"name\":\"Hem\",\"item\":\"https:\/\/blogg.svenskakyrkan.se\/vandravagen\/\"},{\"@type\":\"ListItem\",\"position\":2,\"name\":\"N\u00e5gra rader aprop\u00e5 prinsessbr\u00f6llopet\"}]},{\"@type\":\"WebSite\",\"@id\":\"https:\/\/blogg.svenskakyrkan.se\/vandravagen\/#website\",\"url\":\"https:\/\/blogg.svenskakyrkan.se\/vandravagen\/\",\"name\":\"Vandra V\u00e4gen\",\"description\":\"-Mot en tro f\u00f6r hela livet\",\"publisher\":{\"@id\":\"https:\/\/blogg.svenskakyrkan.se\/vandravagen\/#organization\"},\"potentialAction\":[{\"@type\":\"SearchAction\",\"target\":{\"@type\":\"EntryPoint\",\"urlTemplate\":\"https:\/\/blogg.svenskakyrkan.se\/vandravagen\/?s={search_term_string}\"},\"query-input\":{\"@type\":\"PropertyValueSpecification\",\"valueRequired\":true,\"valueName\":\"search_term_string\"}}],\"inLanguage\":\"sv-SE\"},{\"@type\":\"Organization\",\"@id\":\"https:\/\/blogg.svenskakyrkan.se\/vandravagen\/#organization\",\"name\":\"ulricehamns pastorat\",\"alternateName\":\"ulricehamns pastorat\",\"url\":\"https:\/\/blogg.svenskakyrkan.se\/vandravagen\/\",\"logo\":{\"@type\":\"ImageObject\",\"inLanguage\":\"sv-SE\",\"@id\":\"https:\/\/blogg.svenskakyrkan.se\/vandravagen\/#\/schema\/logo\/image\/\",\"url\":\"https:\/\/blogg.svenskakyrkan.se\/vandravagen\/files\/2023\/05\/Ulr_logo_RGB.png\",\"contentUrl\":\"https:\/\/blogg.svenskakyrkan.se\/vandravagen\/files\/2023\/05\/Ulr_logo_RGB.png\",\"width\":205,\"height\":77,\"caption\":\"ulricehamns pastorat\"},\"image\":{\"@id\":\"https:\/\/blogg.svenskakyrkan.se\/vandravagen\/#\/schema\/logo\/image\/\"},\"sameAs\":[\"http:\/\/facebook.com\/vandravagen\",\"https:\/\/x.com\/fadertomas\",\"http:\/\/www.facebook.com\/svenskakyrkaniulricehamn\"]},{\"@type\":\"Person\",\"@id\":\"https:\/\/blogg.svenskakyrkan.se\/vandravagen\/#\/schema\/person\/25da02d4f76b137d04291711e2c9fc16\",\"name\":\"Tomas Jarvid\",\"image\":{\"@type\":\"ImageObject\",\"inLanguage\":\"sv-SE\",\"@id\":\"https:\/\/blogg.svenskakyrkan.se\/vandravagen\/#\/schema\/person\/image\/\",\"url\":\"https:\/\/secure.gravatar.com\/avatar\/7fa71899795e8f540f615a1f5ab25255dc27aa40f05ee7ddd21aac521e01bf50?s=96&d=identicon&r=g\",\"contentUrl\":\"https:\/\/secure.gravatar.com\/avatar\/7fa71899795e8f540f615a1f5ab25255dc27aa40f05ee7ddd21aac521e01bf50?s=96&d=identicon&r=g\",\"caption\":\"Tomas Jarvid\"},\"description\":\"Jag bor i Ulricehamn i V\u00e4sterg\u00f6tland och \u00e4r f\u00f6rsamlingspr\u00e4st i Svenska Kyrkan f\u00f6r Dalstorps f\u00f6rsamling i Kinds pastorat. P\u00e5 den h\u00e4r bloggen skriver jag ner tankar om vandringen som kristen.\",\"sameAs\":[\"http:\/\/www.vandravagen.se\"],\"url\":\"https:\/\/blogg.svenskakyrkan.se\/vandravagen\/author\/vandravagen\/\"}]}<\/script>\n<!-- \/ Yoast SEO plugin. -->","yoast_head_json":{"title":"N\u00e5gra rader aprop\u00e5 prinsessbr\u00f6llopet - Vandra V\u00e4gen","robots":{"index":"index","follow":"follow","max-snippet":"max-snippet:-1","max-image-preview":"max-image-preview:large","max-video-preview":"max-video-preview:-1"},"canonical":"https:\/\/blogg.svenskakyrkan.se\/vandravagen\/2013\/06\/08\/nagra-rader-apropa-prinsessbrollopet\/","og_locale":"sv_SE","og_type":"article","og_title":"N\u00e5gra rader aprop\u00e5 prinsessbr\u00f6llopet - Vandra V\u00e4gen","og_description":"\u00c4lgar\u00e5s kyrka p\u00e5 min och Jennys br\u00f6llopsdag Jag har sett en liten bit av prinsessan Madeleines vigsel idag. Det var n\u00e5n som sa p\u00e5 spanarna i morse att precis som det finns ateister som \u00e4nd\u00e5 har julkrubba \u00e4r det inte s\u00e5 konstigt att en och annan republikan ser p\u00e5 kungliga br\u00f6llop. Tr\u00e4ffande f\u00e5r jag s\u00e4ga. [&hellip;]","og_url":"https:\/\/blogg.svenskakyrkan.se\/vandravagen\/2013\/06\/08\/nagra-rader-apropa-prinsessbrollopet\/","og_site_name":"Vandra V\u00e4gen","article_publisher":"http:\/\/facebook.com\/vandravagen","article_published_time":"2013-06-08T18:38:00+00:00","og_image":[{"url":"http:\/\/2.bp.blogspot.com\/-UcC15Pu3C9Q\/UbN53weBsdI\/AAAAAAAADvU\/HKIxTs_AzN4\/s400\/a%CC%88lgara%CC%8As+kyrka.jpg","type":"","width":"","height":""}],"author":"Tomas Jarvid","twitter_card":"summary_large_image","twitter_creator":"@fadertomas","twitter_site":"@fadertomas","twitter_misc":{"Skriven av":"Tomas Jarvid","Ber\u00e4knad l\u00e4stid":"2 minuter"},"schema":{"@context":"https:\/\/schema.org","@graph":[{"@type":"Article","@id":"https:\/\/blogg.svenskakyrkan.se\/vandravagen\/2013\/06\/08\/nagra-rader-apropa-prinsessbrollopet\/#article","isPartOf":{"@id":"https:\/\/blogg.svenskakyrkan.se\/vandravagen\/2013\/06\/08\/nagra-rader-apropa-prinsessbrollopet\/"},"author":{"name":"Tomas Jarvid","@id":"https:\/\/blogg.svenskakyrkan.se\/vandravagen\/#\/schema\/person\/25da02d4f76b137d04291711e2c9fc16"},"headline":"N\u00e5gra rader aprop\u00e5 prinsessbr\u00f6llopet","datePublished":"2013-06-08T18:38:00+00:00","mainEntityOfPage":{"@id":"https:\/\/blogg.svenskakyrkan.se\/vandravagen\/2013\/06\/08\/nagra-rader-apropa-prinsessbrollopet\/"},"wordCount":368,"commentCount":1,"publisher":{"@id":"https:\/\/blogg.svenskakyrkan.se\/vandravagen\/#organization"},"image":{"@id":"https:\/\/blogg.svenskakyrkan.se\/vandravagen\/2013\/06\/08\/nagra-rader-apropa-prinsessbrollopet\/#primaryimage"},"thumbnailUrl":"http:\/\/2.bp.blogspot.com\/-UcC15Pu3C9Q\/UbN53weBsdI\/AAAAAAAADvU\/HKIxTs_AzN4\/s400\/a%CC%88lgara%CC%8As+kyrka.jpg","articleSection":["man och kvinna","relationer"],"inLanguage":"sv-SE","potentialAction":[{"@type":"CommentAction","name":"Comment","target":["https:\/\/blogg.svenskakyrkan.se\/vandravagen\/2013\/06\/08\/nagra-rader-apropa-prinsessbrollopet\/#respond"]}]},{"@type":"WebPage","@id":"https:\/\/blogg.svenskakyrkan.se\/vandravagen\/2013\/06\/08\/nagra-rader-apropa-prinsessbrollopet\/","url":"https:\/\/blogg.svenskakyrkan.se\/vandravagen\/2013\/06\/08\/nagra-rader-apropa-prinsessbrollopet\/","name":"N\u00e5gra rader aprop\u00e5 prinsessbr\u00f6llopet - Vandra V\u00e4gen","isPartOf":{"@id":"https:\/\/blogg.svenskakyrkan.se\/vandravagen\/#website"},"primaryImageOfPage":{"@id":"https:\/\/blogg.svenskakyrkan.se\/vandravagen\/2013\/06\/08\/nagra-rader-apropa-prinsessbrollopet\/#primaryimage"},"image":{"@id":"https:\/\/blogg.svenskakyrkan.se\/vandravagen\/2013\/06\/08\/nagra-rader-apropa-prinsessbrollopet\/#primaryimage"},"thumbnailUrl":"http:\/\/2.bp.blogspot.com\/-UcC15Pu3C9Q\/UbN53weBsdI\/AAAAAAAADvU\/HKIxTs_AzN4\/s400\/a%CC%88lgara%CC%8As+kyrka.jpg","datePublished":"2013-06-08T18:38:00+00:00","breadcrumb":{"@id":"https:\/\/blogg.svenskakyrkan.se\/vandravagen\/2013\/06\/08\/nagra-rader-apropa-prinsessbrollopet\/#breadcrumb"},"inLanguage":"sv-SE","potentialAction":[{"@type":"ReadAction","target":["https:\/\/blogg.svenskakyrkan.se\/vandravagen\/2013\/06\/08\/nagra-rader-apropa-prinsessbrollopet\/"]}]},{"@type":"ImageObject","inLanguage":"sv-SE","@id":"https:\/\/blogg.svenskakyrkan.se\/vandravagen\/2013\/06\/08\/nagra-rader-apropa-prinsessbrollopet\/#primaryimage","url":"http:\/\/2.bp.blogspot.com\/-UcC15Pu3C9Q\/UbN53weBsdI\/AAAAAAAADvU\/HKIxTs_AzN4\/s400\/a%CC%88lgara%CC%8As+kyrka.jpg","contentUrl":"http:\/\/2.bp.blogspot.com\/-UcC15Pu3C9Q\/UbN53weBsdI\/AAAAAAAADvU\/HKIxTs_AzN4\/s400\/a%CC%88lgara%CC%8As+kyrka.jpg"},{"@type":"BreadcrumbList","@id":"https:\/\/blogg.svenskakyrkan.se\/vandravagen\/2013\/06\/08\/nagra-rader-apropa-prinsessbrollopet\/#breadcrumb","itemListElement":[{"@type":"ListItem","position":1,"name":"Hem","item":"https:\/\/blogg.svenskakyrkan.se\/vandravagen\/"},{"@type":"ListItem","position":2,"name":"N\u00e5gra rader aprop\u00e5 prinsessbr\u00f6llopet"}]},{"@type":"WebSite","@id":"https:\/\/blogg.svenskakyrkan.se\/vandravagen\/#website","url":"https:\/\/blogg.svenskakyrkan.se\/vandravagen\/","name":"Vandra V\u00e4gen","description":"-Mot en tro f\u00f6r hela livet","publisher":{"@id":"https:\/\/blogg.svenskakyrkan.se\/vandravagen\/#organization"},"potentialAction":[{"@type":"SearchAction","target":{"@type":"EntryPoint","urlTemplate":"https:\/\/blogg.svenskakyrkan.se\/vandravagen\/?s={search_term_string}"},"query-input":{"@type":"PropertyValueSpecification","valueRequired":true,"valueName":"search_term_string"}}],"inLanguage":"sv-SE"},{"@type":"Organization","@id":"https:\/\/blogg.svenskakyrkan.se\/vandravagen\/#organization","name":"ulricehamns pastorat","alternateName":"ulricehamns pastorat","url":"https:\/\/blogg.svenskakyrkan.se\/vandravagen\/","logo":{"@type":"ImageObject","inLanguage":"sv-SE","@id":"https:\/\/blogg.svenskakyrkan.se\/vandravagen\/#\/schema\/logo\/image\/","url":"https:\/\/blogg.svenskakyrkan.se\/vandravagen\/files\/2023\/05\/Ulr_logo_RGB.png","contentUrl":"https:\/\/blogg.svenskakyrkan.se\/vandravagen\/files\/2023\/05\/Ulr_logo_RGB.png","width":205,"height":77,"caption":"ulricehamns pastorat"},"image":{"@id":"https:\/\/blogg.svenskakyrkan.se\/vandravagen\/#\/schema\/logo\/image\/"},"sameAs":["http:\/\/facebook.com\/vandravagen","https:\/\/x.com\/fadertomas","http:\/\/www.facebook.com\/svenskakyrkaniulricehamn"]},{"@type":"Person","@id":"https:\/\/blogg.svenskakyrkan.se\/vandravagen\/#\/schema\/person\/25da02d4f76b137d04291711e2c9fc16","name":"Tomas Jarvid","image":{"@type":"ImageObject","inLanguage":"sv-SE","@id":"https:\/\/blogg.svenskakyrkan.se\/vandravagen\/#\/schema\/person\/image\/","url":"https:\/\/secure.gravatar.com\/avatar\/7fa71899795e8f540f615a1f5ab25255dc27aa40f05ee7ddd21aac521e01bf50?s=96&d=identicon&r=g","contentUrl":"https:\/\/secure.gravatar.com\/avatar\/7fa71899795e8f540f615a1f5ab25255dc27aa40f05ee7ddd21aac521e01bf50?s=96&d=identicon&r=g","caption":"Tomas Jarvid"},"description":"Jag bor i Ulricehamn i V\u00e4sterg\u00f6tland och \u00e4r f\u00f6rsamlingspr\u00e4st i Svenska Kyrkan f\u00f6r Dalstorps f\u00f6rsamling i Kinds pastorat. P\u00e5 den h\u00e4r bloggen skriver jag ner tankar om vandringen som kristen.","sameAs":["http:\/\/www.vandravagen.se"],"url":"https:\/\/blogg.svenskakyrkan.se\/vandravagen\/author\/vandravagen\/"}]}},"author_meta":{"ID":"392","user_nicename":"vandravagen","user_url":"http:\/\/www.vandravagen.se","user_registered":"2014-05-19 05:44:52","display_name":"Tomas Jarvid","first_name":"Tomas","last_name":"Jarvid","avatar":"https:\/\/secure.gravatar.com\/avatar\/7fa71899795e8f540f615a1f5ab25255dc27aa40f05ee7ddd21aac521e01bf50?s=96&d=identicon&r=g"},"featured_image":false,"bloginfo":{"name":"Vandra V\u00e4gen","url":"https:\/\/blogg.svenskakyrkan.se\/vandravagen"},"_links":{"self":[{"href":"https:\/\/blogg.svenskakyrkan.se\/vandravagen\/wp-json\/wp\/v2\/posts\/524","targetHints":{"allow":["GET"]}}],"collection":[{"href":"https:\/\/blogg.svenskakyrkan.se\/vandravagen\/wp-json\/wp\/v2\/posts"}],"about":[{"href":"https:\/\/blogg.svenskakyrkan.se\/vandravagen\/wp-json\/wp\/v2\/types\/post"}],"author":[{"embeddable":true,"href":"https:\/\/blogg.svenskakyrkan.se\/vandravagen\/wp-json\/wp\/v2\/users\/392"}],"replies":[{"embeddable":true,"href":"https:\/\/blogg.svenskakyrkan.se\/vandravagen\/wp-json\/wp\/v2\/comments?post=524"}],"version-history":[{"count":0,"href":"https:\/\/blogg.svenskakyrkan.se\/vandravagen\/wp-json\/wp\/v2\/posts\/524\/revisions"}],"wp:attachment":[{"href":"https:\/\/blogg.svenskakyrkan.se\/vandravagen\/wp-json\/wp\/v2\/media?parent=524"}],"wp:term":[{"taxonomy":"category","embeddable":true,"href":"https:\/\/blogg.svenskakyrkan.se\/vandravagen\/wp-json\/wp\/v2\/categories?post=524"},{"taxonomy":"post_tag","embeddable":true,"href":"https:\/\/blogg.svenskakyrkan.se\/vandravagen\/wp-json\/wp\/v2\/tags?post=524"}],"curies":[{"name":"wp","href":"https:\/\/api.w.org\/{rel}","templated":true}]}}