{"id":525,"date":"2013-06-08T09:58:00","date_gmt":"2013-06-08T07:58:00","guid":{"rendered":"http:\/\/blogg.svenskakyrkan.se\/vandravagen\/2013\/06\/08\/saker-jag-kunde-gjort-kring-bloggen-500e-inlagg\/"},"modified":"2013-06-08T09:58:00","modified_gmt":"2013-06-08T07:58:00","slug":"saker-jag-kunde-gjort-kring-bloggen-500e-inlagg","status":"publish","type":"post","link":"https:\/\/blogg.svenskakyrkan.se\/vandravagen\/2013\/06\/08\/saker-jag-kunde-gjort-kring-bloggen-500e-inlagg\/","title":{"rendered":"Saker jag kunde gjort kring bloggen 500:e inl\u00e4gg"},"content":{"rendered":"<table align=\"center\" cellpadding=\"0\" cellspacing=\"0\">\n<tbody>\n<tr>\n<td><a href=\"http:\/\/2.bp.blogspot.com\/-WOPhBfUtIro\/Tyk_MK4hhSI\/AAAAAAAAAD4\/R-Azd7jCsWs\/s1600\/britishraj_indianservant2.jpg\"><img loading=\"lazy\" decoding=\"async\" border=\"0\" height=\"266\" src=\"http:\/\/2.bp.blogspot.com\/-WOPhBfUtIro\/Tyk_MK4hhSI\/AAAAAAAAAD4\/R-Azd7jCsWs\/s400\/britishraj_indianservant2.jpg\" width=\"400\"><\/a><\/td>\n<\/tr>\n<tr>\n<td>Tagit semester?<\/td>\n<\/tr>\n<\/tbody>\n<\/table>\n<p>1, Skrivit n\u00e5got riktigt bra (det blev <a href=\"http:\/\/www.vandravagen.se\/2013\/05\/en-haftig-motivtapet.html\">det h\u00e4r&#8230;)<\/a><\/p>\n<p>2, Skrivit n\u00e5got sentimentalt om hur tiden g\u00e5tt och hur fint det k\u00e4nns och hur mycket vatten som runnit under broarna.<\/p>\n<p>3, Haft en exotisk g\u00e4stbloggare, antingen n\u00e5gon jag egentligen ser upp f\u00f6r mycket till f\u00f6r att v\u00e5ga fr\u00e5ga, biskop \u00c5ke kanske?<\/p>\n<p>4, Inte v\u00e5gat fr\u00e5ga utan ha skrivit sj\u00e4lv och utgett mig f\u00f6r att vara biskop \u00c5ke. (Mindre lyckad id\u00e9).<\/p>\n<p>5, Haft n\u00e5gon riktigt ov\u00e4ntad g\u00e4stbloggare. Sean Banan kanske?<\/p>\n<p>6, Organiserat en flashmob i centrala G\u00f6tene d\u00e4r jag l\u00e5ter 500 personer dansa de olika bloggposterna.<\/p>\n<p>7, Genomf\u00f6rt ett v\u00e4rldsrekordf\u00f6rs\u00f6k; h\u00f6gst antal blogginl\u00e4gg p\u00e5 en dag. Ujujuj&#8230;<\/p>\n<div>\n<\/div>\n<div>8, Ditt f\u00f6rslag, skriv i en kommentar!<\/div>\n","protected":false},"excerpt":{"rendered":"<p>Tagit semester? 1, Skrivit n\u00e5got riktigt bra (det blev det h\u00e4r&#8230;) 2, Skrivit n\u00e5got sentimentalt om hur tiden g\u00e5tt och hur fint det k\u00e4nns och hur mycket vatten som runnit under broarna. 3, Haft en exotisk g\u00e4stbloggare, antingen n\u00e5gon jag egentligen ser upp f\u00f6r mycket till f\u00f6r att v\u00e5ga fr\u00e5ga, biskop \u00c5ke kanske? 4, Inte [&hellip;]<\/p>\n","protected":false},"author":392,"featured_media":0,"comment_status":"open","ping_status":"open","sticky":false,"template":"","format":"standard","meta":{"_acf_changed":false,"footnotes":""},"categories":[76766,76608],"tags":[],"class_list":["post-525","post","type-post","status-publish","format-standard","hentry","category-blandat","category-bloggen"],"acf":[],"yoast_head":"<!-- This site is optimized with the Yoast SEO plugin v27.1.1 - https:\/\/yoast.com\/product\/yoast-seo-wordpress\/ -->\n<title>Saker jag kunde gjort kring bloggen 500:e inl\u00e4gg - Vandra V\u00e4gen<\/title>\n<meta name=\"robots\" content=\"index, follow, max-snippet:-1, max-image-preview:large, max-video-preview:-1\" \/>\n<link rel=\"canonical\" href=\"https:\/\/blogg.svenskakyrkan.se\/vandravagen\/2013\/06\/08\/saker-jag-kunde-gjort-kring-bloggen-500e-inlagg\/\" \/>\n<meta property=\"og:locale\" content=\"sv_SE\" \/>\n<meta property=\"og:type\" content=\"article\" \/>\n<meta property=\"og:title\" content=\"Saker jag kunde gjort kring bloggen 500:e inl\u00e4gg - Vandra V\u00e4gen\" \/>\n<meta property=\"og:description\" content=\"Tagit semester? 1, Skrivit n\u00e5got riktigt bra (det blev det h\u00e4r&#8230;) 2, Skrivit n\u00e5got sentimentalt om hur tiden g\u00e5tt och hur fint det k\u00e4nns och hur mycket vatten som runnit under broarna. 3, Haft en exotisk g\u00e4stbloggare, antingen n\u00e5gon jag egentligen ser upp f\u00f6r mycket till f\u00f6r att v\u00e5ga fr\u00e5ga, biskop \u00c5ke kanske? 4, Inte [&hellip;]\" \/>\n<meta property=\"og:url\" content=\"https:\/\/blogg.svenskakyrkan.se\/vandravagen\/2013\/06\/08\/saker-jag-kunde-gjort-kring-bloggen-500e-inlagg\/\" \/>\n<meta property=\"og:site_name\" content=\"Vandra V\u00e4gen\" \/>\n<meta property=\"article:publisher\" content=\"http:\/\/facebook.com\/vandravagen\" \/>\n<meta property=\"article:published_time\" content=\"2013-06-08T07:58:00+00:00\" \/>\n<meta property=\"og:image\" content=\"http:\/\/2.bp.blogspot.com\/-WOPhBfUtIro\/Tyk_MK4hhSI\/AAAAAAAAAD4\/R-Azd7jCsWs\/s400\/britishraj_indianservant2.jpg\" \/>\n<meta name=\"author\" content=\"Tomas Jarvid\" \/>\n<meta name=\"twitter:card\" content=\"summary_large_image\" \/>\n<meta name=\"twitter:creator\" content=\"@fadertomas\" \/>\n<meta name=\"twitter:site\" content=\"@fadertomas\" \/>\n<meta name=\"twitter:label1\" content=\"Skriven av\" \/>\n\t<meta name=\"twitter:data1\" content=\"Tomas Jarvid\" \/>\n\t<meta name=\"twitter:label2\" content=\"Ber\u00e4knad l\u00e4stid\" \/>\n\t<meta name=\"twitter:data2\" content=\"1 minut\" \/>\n<script type=\"application\/ld+json\" class=\"yoast-schema-graph\">{\"@context\":\"https:\/\/schema.org\",\"@graph\":[{\"@type\":\"Article\",\"@id\":\"https:\/\/blogg.svenskakyrkan.se\/vandravagen\/2013\/06\/08\/saker-jag-kunde-gjort-kring-bloggen-500e-inlagg\/#article\",\"isPartOf\":{\"@id\":\"https:\/\/blogg.svenskakyrkan.se\/vandravagen\/2013\/06\/08\/saker-jag-kunde-gjort-kring-bloggen-500e-inlagg\/\"},\"author\":{\"name\":\"Tomas Jarvid\",\"@id\":\"https:\/\/blogg.svenskakyrkan.se\/vandravagen\/#\/schema\/person\/25da02d4f76b137d04291711e2c9fc16\"},\"headline\":\"Saker jag kunde gjort kring bloggen 500:e inl\u00e4gg\",\"datePublished\":\"2013-06-08T07:58:00+00:00\",\"mainEntityOfPage\":{\"@id\":\"https:\/\/blogg.svenskakyrkan.se\/vandravagen\/2013\/06\/08\/saker-jag-kunde-gjort-kring-bloggen-500e-inlagg\/\"},\"wordCount\":143,\"commentCount\":0,\"publisher\":{\"@id\":\"https:\/\/blogg.svenskakyrkan.se\/vandravagen\/#organization\"},\"image\":{\"@id\":\"https:\/\/blogg.svenskakyrkan.se\/vandravagen\/2013\/06\/08\/saker-jag-kunde-gjort-kring-bloggen-500e-inlagg\/#primaryimage\"},\"thumbnailUrl\":\"http:\/\/2.bp.blogspot.com\/-WOPhBfUtIro\/Tyk_MK4hhSI\/AAAAAAAAAD4\/R-Azd7jCsWs\/s400\/britishraj_indianservant2.jpg\",\"articleSection\":[\"blandat\",\"bloggen\"],\"inLanguage\":\"sv-SE\",\"potentialAction\":[{\"@type\":\"CommentAction\",\"name\":\"Comment\",\"target\":[\"https:\/\/blogg.svenskakyrkan.se\/vandravagen\/2013\/06\/08\/saker-jag-kunde-gjort-kring-bloggen-500e-inlagg\/#respond\"]}]},{\"@type\":\"WebPage\",\"@id\":\"https:\/\/blogg.svenskakyrkan.se\/vandravagen\/2013\/06\/08\/saker-jag-kunde-gjort-kring-bloggen-500e-inlagg\/\",\"url\":\"https:\/\/blogg.svenskakyrkan.se\/vandravagen\/2013\/06\/08\/saker-jag-kunde-gjort-kring-bloggen-500e-inlagg\/\",\"name\":\"Saker jag kunde gjort kring bloggen 500:e inl\u00e4gg - Vandra V\u00e4gen\",\"isPartOf\":{\"@id\":\"https:\/\/blogg.svenskakyrkan.se\/vandravagen\/#website\"},\"primaryImageOfPage\":{\"@id\":\"https:\/\/blogg.svenskakyrkan.se\/vandravagen\/2013\/06\/08\/saker-jag-kunde-gjort-kring-bloggen-500e-inlagg\/#primaryimage\"},\"image\":{\"@id\":\"https:\/\/blogg.svenskakyrkan.se\/vandravagen\/2013\/06\/08\/saker-jag-kunde-gjort-kring-bloggen-500e-inlagg\/#primaryimage\"},\"thumbnailUrl\":\"http:\/\/2.bp.blogspot.com\/-WOPhBfUtIro\/Tyk_MK4hhSI\/AAAAAAAAAD4\/R-Azd7jCsWs\/s400\/britishraj_indianservant2.jpg\",\"datePublished\":\"2013-06-08T07:58:00+00:00\",\"breadcrumb\":{\"@id\":\"https:\/\/blogg.svenskakyrkan.se\/vandravagen\/2013\/06\/08\/saker-jag-kunde-gjort-kring-bloggen-500e-inlagg\/#breadcrumb\"},\"inLanguage\":\"sv-SE\",\"potentialAction\":[{\"@type\":\"ReadAction\",\"target\":[\"https:\/\/blogg.svenskakyrkan.se\/vandravagen\/2013\/06\/08\/saker-jag-kunde-gjort-kring-bloggen-500e-inlagg\/\"]}]},{\"@type\":\"ImageObject\",\"inLanguage\":\"sv-SE\",\"@id\":\"https:\/\/blogg.svenskakyrkan.se\/vandravagen\/2013\/06\/08\/saker-jag-kunde-gjort-kring-bloggen-500e-inlagg\/#primaryimage\",\"url\":\"http:\/\/2.bp.blogspot.com\/-WOPhBfUtIro\/Tyk_MK4hhSI\/AAAAAAAAAD4\/R-Azd7jCsWs\/s400\/britishraj_indianservant2.jpg\",\"contentUrl\":\"http:\/\/2.bp.blogspot.com\/-WOPhBfUtIro\/Tyk_MK4hhSI\/AAAAAAAAAD4\/R-Azd7jCsWs\/s400\/britishraj_indianservant2.jpg\"},{\"@type\":\"BreadcrumbList\",\"@id\":\"https:\/\/blogg.svenskakyrkan.se\/vandravagen\/2013\/06\/08\/saker-jag-kunde-gjort-kring-bloggen-500e-inlagg\/#breadcrumb\",\"itemListElement\":[{\"@type\":\"ListItem\",\"position\":1,\"name\":\"Hem\",\"item\":\"https:\/\/blogg.svenskakyrkan.se\/vandravagen\/\"},{\"@type\":\"ListItem\",\"position\":2,\"name\":\"Saker jag kunde gjort kring bloggen 500:e inl\u00e4gg\"}]},{\"@type\":\"WebSite\",\"@id\":\"https:\/\/blogg.svenskakyrkan.se\/vandravagen\/#website\",\"url\":\"https:\/\/blogg.svenskakyrkan.se\/vandravagen\/\",\"name\":\"Vandra V\u00e4gen\",\"description\":\"-Mot en tro f\u00f6r hela livet\",\"publisher\":{\"@id\":\"https:\/\/blogg.svenskakyrkan.se\/vandravagen\/#organization\"},\"potentialAction\":[{\"@type\":\"SearchAction\",\"target\":{\"@type\":\"EntryPoint\",\"urlTemplate\":\"https:\/\/blogg.svenskakyrkan.se\/vandravagen\/?s={search_term_string}\"},\"query-input\":{\"@type\":\"PropertyValueSpecification\",\"valueRequired\":true,\"valueName\":\"search_term_string\"}}],\"inLanguage\":\"sv-SE\"},{\"@type\":\"Organization\",\"@id\":\"https:\/\/blogg.svenskakyrkan.se\/vandravagen\/#organization\",\"name\":\"ulricehamns pastorat\",\"alternateName\":\"ulricehamns pastorat\",\"url\":\"https:\/\/blogg.svenskakyrkan.se\/vandravagen\/\",\"logo\":{\"@type\":\"ImageObject\",\"inLanguage\":\"sv-SE\",\"@id\":\"https:\/\/blogg.svenskakyrkan.se\/vandravagen\/#\/schema\/logo\/image\/\",\"url\":\"https:\/\/blogg.svenskakyrkan.se\/vandravagen\/files\/2023\/05\/Ulr_logo_RGB.png\",\"contentUrl\":\"https:\/\/blogg.svenskakyrkan.se\/vandravagen\/files\/2023\/05\/Ulr_logo_RGB.png\",\"width\":205,\"height\":77,\"caption\":\"ulricehamns pastorat\"},\"image\":{\"@id\":\"https:\/\/blogg.svenskakyrkan.se\/vandravagen\/#\/schema\/logo\/image\/\"},\"sameAs\":[\"http:\/\/facebook.com\/vandravagen\",\"https:\/\/x.com\/fadertomas\",\"http:\/\/www.facebook.com\/svenskakyrkaniulricehamn\"]},{\"@type\":\"Person\",\"@id\":\"https:\/\/blogg.svenskakyrkan.se\/vandravagen\/#\/schema\/person\/25da02d4f76b137d04291711e2c9fc16\",\"name\":\"Tomas Jarvid\",\"image\":{\"@type\":\"ImageObject\",\"inLanguage\":\"sv-SE\",\"@id\":\"https:\/\/blogg.svenskakyrkan.se\/vandravagen\/#\/schema\/person\/image\/\",\"url\":\"https:\/\/secure.gravatar.com\/avatar\/7fa71899795e8f540f615a1f5ab25255dc27aa40f05ee7ddd21aac521e01bf50?s=96&d=identicon&r=g\",\"contentUrl\":\"https:\/\/secure.gravatar.com\/avatar\/7fa71899795e8f540f615a1f5ab25255dc27aa40f05ee7ddd21aac521e01bf50?s=96&d=identicon&r=g\",\"caption\":\"Tomas Jarvid\"},\"description\":\"Jag bor i Ulricehamn i V\u00e4sterg\u00f6tland och \u00e4r f\u00f6rsamlingspr\u00e4st i Svenska Kyrkan f\u00f6r Dalstorps f\u00f6rsamling i Kinds pastorat. P\u00e5 den h\u00e4r bloggen skriver jag ner tankar om vandringen som kristen.\",\"sameAs\":[\"http:\/\/www.vandravagen.se\"],\"url\":\"https:\/\/blogg.svenskakyrkan.se\/vandravagen\/author\/vandravagen\/\"}]}<\/script>\n<!-- \/ Yoast SEO plugin. -->","yoast_head_json":{"title":"Saker jag kunde gjort kring bloggen 500:e inl\u00e4gg - Vandra V\u00e4gen","robots":{"index":"index","follow":"follow","max-snippet":"max-snippet:-1","max-image-preview":"max-image-preview:large","max-video-preview":"max-video-preview:-1"},"canonical":"https:\/\/blogg.svenskakyrkan.se\/vandravagen\/2013\/06\/08\/saker-jag-kunde-gjort-kring-bloggen-500e-inlagg\/","og_locale":"sv_SE","og_type":"article","og_title":"Saker jag kunde gjort kring bloggen 500:e inl\u00e4gg - Vandra V\u00e4gen","og_description":"Tagit semester? 1, Skrivit n\u00e5got riktigt bra (det blev det h\u00e4r&#8230;) 2, Skrivit n\u00e5got sentimentalt om hur tiden g\u00e5tt och hur fint det k\u00e4nns och hur mycket vatten som runnit under broarna. 3, Haft en exotisk g\u00e4stbloggare, antingen n\u00e5gon jag egentligen ser upp f\u00f6r mycket till f\u00f6r att v\u00e5ga fr\u00e5ga, biskop \u00c5ke kanske? 4, Inte [&hellip;]","og_url":"https:\/\/blogg.svenskakyrkan.se\/vandravagen\/2013\/06\/08\/saker-jag-kunde-gjort-kring-bloggen-500e-inlagg\/","og_site_name":"Vandra V\u00e4gen","article_publisher":"http:\/\/facebook.com\/vandravagen","article_published_time":"2013-06-08T07:58:00+00:00","og_image":[{"url":"http:\/\/2.bp.blogspot.com\/-WOPhBfUtIro\/Tyk_MK4hhSI\/AAAAAAAAAD4\/R-Azd7jCsWs\/s400\/britishraj_indianservant2.jpg","type":"","width":"","height":""}],"author":"Tomas Jarvid","twitter_card":"summary_large_image","twitter_creator":"@fadertomas","twitter_site":"@fadertomas","twitter_misc":{"Skriven av":"Tomas Jarvid","Ber\u00e4knad l\u00e4stid":"1 minut"},"schema":{"@context":"https:\/\/schema.org","@graph":[{"@type":"Article","@id":"https:\/\/blogg.svenskakyrkan.se\/vandravagen\/2013\/06\/08\/saker-jag-kunde-gjort-kring-bloggen-500e-inlagg\/#article","isPartOf":{"@id":"https:\/\/blogg.svenskakyrkan.se\/vandravagen\/2013\/06\/08\/saker-jag-kunde-gjort-kring-bloggen-500e-inlagg\/"},"author":{"name":"Tomas Jarvid","@id":"https:\/\/blogg.svenskakyrkan.se\/vandravagen\/#\/schema\/person\/25da02d4f76b137d04291711e2c9fc16"},"headline":"Saker jag kunde gjort kring bloggen 500:e inl\u00e4gg","datePublished":"2013-06-08T07:58:00+00:00","mainEntityOfPage":{"@id":"https:\/\/blogg.svenskakyrkan.se\/vandravagen\/2013\/06\/08\/saker-jag-kunde-gjort-kring-bloggen-500e-inlagg\/"},"wordCount":143,"commentCount":0,"publisher":{"@id":"https:\/\/blogg.svenskakyrkan.se\/vandravagen\/#organization"},"image":{"@id":"https:\/\/blogg.svenskakyrkan.se\/vandravagen\/2013\/06\/08\/saker-jag-kunde-gjort-kring-bloggen-500e-inlagg\/#primaryimage"},"thumbnailUrl":"http:\/\/2.bp.blogspot.com\/-WOPhBfUtIro\/Tyk_MK4hhSI\/AAAAAAAAAD4\/R-Azd7jCsWs\/s400\/britishraj_indianservant2.jpg","articleSection":["blandat","bloggen"],"inLanguage":"sv-SE","potentialAction":[{"@type":"CommentAction","name":"Comment","target":["https:\/\/blogg.svenskakyrkan.se\/vandravagen\/2013\/06\/08\/saker-jag-kunde-gjort-kring-bloggen-500e-inlagg\/#respond"]}]},{"@type":"WebPage","@id":"https:\/\/blogg.svenskakyrkan.se\/vandravagen\/2013\/06\/08\/saker-jag-kunde-gjort-kring-bloggen-500e-inlagg\/","url":"https:\/\/blogg.svenskakyrkan.se\/vandravagen\/2013\/06\/08\/saker-jag-kunde-gjort-kring-bloggen-500e-inlagg\/","name":"Saker jag kunde gjort kring bloggen 500:e inl\u00e4gg - Vandra V\u00e4gen","isPartOf":{"@id":"https:\/\/blogg.svenskakyrkan.se\/vandravagen\/#website"},"primaryImageOfPage":{"@id":"https:\/\/blogg.svenskakyrkan.se\/vandravagen\/2013\/06\/08\/saker-jag-kunde-gjort-kring-bloggen-500e-inlagg\/#primaryimage"},"image":{"@id":"https:\/\/blogg.svenskakyrkan.se\/vandravagen\/2013\/06\/08\/saker-jag-kunde-gjort-kring-bloggen-500e-inlagg\/#primaryimage"},"thumbnailUrl":"http:\/\/2.bp.blogspot.com\/-WOPhBfUtIro\/Tyk_MK4hhSI\/AAAAAAAAAD4\/R-Azd7jCsWs\/s400\/britishraj_indianservant2.jpg","datePublished":"2013-06-08T07:58:00+00:00","breadcrumb":{"@id":"https:\/\/blogg.svenskakyrkan.se\/vandravagen\/2013\/06\/08\/saker-jag-kunde-gjort-kring-bloggen-500e-inlagg\/#breadcrumb"},"inLanguage":"sv-SE","potentialAction":[{"@type":"ReadAction","target":["https:\/\/blogg.svenskakyrkan.se\/vandravagen\/2013\/06\/08\/saker-jag-kunde-gjort-kring-bloggen-500e-inlagg\/"]}]},{"@type":"ImageObject","inLanguage":"sv-SE","@id":"https:\/\/blogg.svenskakyrkan.se\/vandravagen\/2013\/06\/08\/saker-jag-kunde-gjort-kring-bloggen-500e-inlagg\/#primaryimage","url":"http:\/\/2.bp.blogspot.com\/-WOPhBfUtIro\/Tyk_MK4hhSI\/AAAAAAAAAD4\/R-Azd7jCsWs\/s400\/britishraj_indianservant2.jpg","contentUrl":"http:\/\/2.bp.blogspot.com\/-WOPhBfUtIro\/Tyk_MK4hhSI\/AAAAAAAAAD4\/R-Azd7jCsWs\/s400\/britishraj_indianservant2.jpg"},{"@type":"BreadcrumbList","@id":"https:\/\/blogg.svenskakyrkan.se\/vandravagen\/2013\/06\/08\/saker-jag-kunde-gjort-kring-bloggen-500e-inlagg\/#breadcrumb","itemListElement":[{"@type":"ListItem","position":1,"name":"Hem","item":"https:\/\/blogg.svenskakyrkan.se\/vandravagen\/"},{"@type":"ListItem","position":2,"name":"Saker jag kunde gjort kring bloggen 500:e inl\u00e4gg"}]},{"@type":"WebSite","@id":"https:\/\/blogg.svenskakyrkan.se\/vandravagen\/#website","url":"https:\/\/blogg.svenskakyrkan.se\/vandravagen\/","name":"Vandra V\u00e4gen","description":"-Mot en tro f\u00f6r hela livet","publisher":{"@id":"https:\/\/blogg.svenskakyrkan.se\/vandravagen\/#organization"},"potentialAction":[{"@type":"SearchAction","target":{"@type":"EntryPoint","urlTemplate":"https:\/\/blogg.svenskakyrkan.se\/vandravagen\/?s={search_term_string}"},"query-input":{"@type":"PropertyValueSpecification","valueRequired":true,"valueName":"search_term_string"}}],"inLanguage":"sv-SE"},{"@type":"Organization","@id":"https:\/\/blogg.svenskakyrkan.se\/vandravagen\/#organization","name":"ulricehamns pastorat","alternateName":"ulricehamns pastorat","url":"https:\/\/blogg.svenskakyrkan.se\/vandravagen\/","logo":{"@type":"ImageObject","inLanguage":"sv-SE","@id":"https:\/\/blogg.svenskakyrkan.se\/vandravagen\/#\/schema\/logo\/image\/","url":"https:\/\/blogg.svenskakyrkan.se\/vandravagen\/files\/2023\/05\/Ulr_logo_RGB.png","contentUrl":"https:\/\/blogg.svenskakyrkan.se\/vandravagen\/files\/2023\/05\/Ulr_logo_RGB.png","width":205,"height":77,"caption":"ulricehamns pastorat"},"image":{"@id":"https:\/\/blogg.svenskakyrkan.se\/vandravagen\/#\/schema\/logo\/image\/"},"sameAs":["http:\/\/facebook.com\/vandravagen","https:\/\/x.com\/fadertomas","http:\/\/www.facebook.com\/svenskakyrkaniulricehamn"]},{"@type":"Person","@id":"https:\/\/blogg.svenskakyrkan.se\/vandravagen\/#\/schema\/person\/25da02d4f76b137d04291711e2c9fc16","name":"Tomas Jarvid","image":{"@type":"ImageObject","inLanguage":"sv-SE","@id":"https:\/\/blogg.svenskakyrkan.se\/vandravagen\/#\/schema\/person\/image\/","url":"https:\/\/secure.gravatar.com\/avatar\/7fa71899795e8f540f615a1f5ab25255dc27aa40f05ee7ddd21aac521e01bf50?s=96&d=identicon&r=g","contentUrl":"https:\/\/secure.gravatar.com\/avatar\/7fa71899795e8f540f615a1f5ab25255dc27aa40f05ee7ddd21aac521e01bf50?s=96&d=identicon&r=g","caption":"Tomas Jarvid"},"description":"Jag bor i Ulricehamn i V\u00e4sterg\u00f6tland och \u00e4r f\u00f6rsamlingspr\u00e4st i Svenska Kyrkan f\u00f6r Dalstorps f\u00f6rsamling i Kinds pastorat. P\u00e5 den h\u00e4r bloggen skriver jag ner tankar om vandringen som kristen.","sameAs":["http:\/\/www.vandravagen.se"],"url":"https:\/\/blogg.svenskakyrkan.se\/vandravagen\/author\/vandravagen\/"}]}},"author_meta":{"ID":"392","user_nicename":"vandravagen","user_url":"http:\/\/www.vandravagen.se","user_registered":"2014-05-19 05:44:52","display_name":"Tomas Jarvid","first_name":"Tomas","last_name":"Jarvid","avatar":"https:\/\/secure.gravatar.com\/avatar\/7fa71899795e8f540f615a1f5ab25255dc27aa40f05ee7ddd21aac521e01bf50?s=96&d=identicon&r=g"},"featured_image":false,"bloginfo":{"name":"Vandra V\u00e4gen","url":"https:\/\/blogg.svenskakyrkan.se\/vandravagen"},"_links":{"self":[{"href":"https:\/\/blogg.svenskakyrkan.se\/vandravagen\/wp-json\/wp\/v2\/posts\/525","targetHints":{"allow":["GET"]}}],"collection":[{"href":"https:\/\/blogg.svenskakyrkan.se\/vandravagen\/wp-json\/wp\/v2\/posts"}],"about":[{"href":"https:\/\/blogg.svenskakyrkan.se\/vandravagen\/wp-json\/wp\/v2\/types\/post"}],"author":[{"embeddable":true,"href":"https:\/\/blogg.svenskakyrkan.se\/vandravagen\/wp-json\/wp\/v2\/users\/392"}],"replies":[{"embeddable":true,"href":"https:\/\/blogg.svenskakyrkan.se\/vandravagen\/wp-json\/wp\/v2\/comments?post=525"}],"version-history":[{"count":0,"href":"https:\/\/blogg.svenskakyrkan.se\/vandravagen\/wp-json\/wp\/v2\/posts\/525\/revisions"}],"wp:attachment":[{"href":"https:\/\/blogg.svenskakyrkan.se\/vandravagen\/wp-json\/wp\/v2\/media?parent=525"}],"wp:term":[{"taxonomy":"category","embeddable":true,"href":"https:\/\/blogg.svenskakyrkan.se\/vandravagen\/wp-json\/wp\/v2\/categories?post=525"},{"taxonomy":"post_tag","embeddable":true,"href":"https:\/\/blogg.svenskakyrkan.se\/vandravagen\/wp-json\/wp\/v2\/tags?post=525"}],"curies":[{"name":"wp","href":"https:\/\/api.w.org\/{rel}","templated":true}]}}