{"id":526,"date":"2013-06-07T18:52:00","date_gmt":"2013-06-07T16:52:00","guid":{"rendered":"http:\/\/blogg.svenskakyrkan.se\/vandravagen\/2013\/06\/07\/svenskakyrkan-har-startat-delat-konto-pa-instagram\/"},"modified":"2013-06-07T18:52:00","modified_gmt":"2013-06-07T16:52:00","slug":"svenskakyrkan-har-startat-delat-konto-pa-instagram","status":"publish","type":"post","link":"https:\/\/blogg.svenskakyrkan.se\/vandravagen\/2013\/06\/07\/svenskakyrkan-har-startat-delat-konto-pa-instagram\/","title":{"rendered":"Svenskakyrkan har startat delat konto p\u00e5 instagram"},"content":{"rendered":"<table align=\"center\" cellpadding=\"0\" cellspacing=\"0\">\n<tbody>\n<tr>\n<td><a href=\"http:\/\/1.bp.blogspot.com\/-luGheWQV0Lw\/UbF_AoHWGiI\/AAAAAAAADuw\/K4cWhIzEIRY\/s1600\/flagga.jpg\"><img loading=\"lazy\" decoding=\"async\" border=\"0\" height=\"400\" src=\"http:\/\/1.bp.blogspot.com\/-luGheWQV0Lw\/UbF_AoHWGiI\/AAAAAAAADuw\/K4cWhIzEIRY\/s400\/flagga.jpg\" width=\"298\"><\/a><\/td>\n<\/tr>\n<tr>\n<td>Vill flagga lite f\u00f6r en sak till!<\/td>\n<\/tr>\n<\/tbody>\n<\/table>\n<p>F\u00f6r r\u00e4tt l\u00e4nge sedan startade turistlobbyn &#8221;visit sweden&#8221; ett twitterkonto, @sweden, d\u00e4r enskilda svenskar helt ocensurerat fick skriva om livet som svensk utifr\u00e5n sitt perspektiv. Id\u00e9n \u00e4r rolig, sedan \u00e4r det f\u00f6rst\u00e5s s\u00e5 att man sympatiserar mer med en del som skriver \u00e4n med andra.<\/p>\n<p>S\u00e4kert \u00e4r det det som inspirerat n\u00e4r ni svenska Kyrkan startar ett gemensamt instagramkonto, &#8221;@svenskakyrkan&#8221;. Det kommer ocks\u00e5 att rotera veckovis mellan olika instagrammande engagerade medlemmar i kyrkan.<\/p>\n<p>Projektet har just startat och du kan f\u00f6lja det om du har instagram, om du inte har instagram kan du i alla fall f\u00f6lja det via webben, n\u00e4rmare best\u00e4mt p\u00e5:<\/p>\n<p><a href=\"http:\/\/instagram.com\/svenskakyrkan\">http:\/\/instagram.com\/svenskakyrkan<\/a><\/p>\n<p>Jag var snabb att anm\u00e4la mig via formul\u00e4ret som finns h\u00e4r, anm\u00e4l dig du ocks\u00e5 och l\u00e4s mer h\u00e4r!<\/p>\n<p><a href=\"https:\/\/internwww.svenskakyrkan.se\/default.aspx?id=787489\">https:\/\/internwww.svenskakyrkan.se\/default.aspx?id=787489<\/a><\/p>\n<p>Som det ser ut ska jag sk\u00f6ta kontot <b>vecka 30<\/b> s\u00e5 d\u00e5 f\u00e5r jag chansen att pl\u00e5ta en massa sommarh\u00e4ndelser i stort och sm\u00e5tt.<\/p>\n<p>Jag hoppas verkligen att det inte bara kommer vara pr\u00e4ster och anst\u00e4llda som representerar utan att det blir en s\u00e5 stor spridning som m\u00f6jligt av uppgifter som f\u00e5r synas.<\/p>\n<p>Den som vill kan f\u00f6rresten f\u00f6lja mig ocks\u00e5 p\u00e5 instagram \u00e4ven om det inte h\u00e4nder j\u00e4ttemycket d\u00e4r just nu, &#8221;fadertomas&#8221; heter jag d\u00e4r ocks\u00e5 (jo, visst \u00e4r det lite t\u00f6ntigt). Jag tar inte s\u00e5 ofta kort p\u00e5 mat. Oftare p\u00e5 naturmotiv, oftast inget alls. I alla fall sedan jag b\u00f6rjade f\u00f6rs\u00f6ka ta fina kort till bloggen ist\u00e4llet.<\/p>\n","protected":false},"excerpt":{"rendered":"<p>Vill flagga lite f\u00f6r en sak till! F\u00f6r r\u00e4tt l\u00e4nge sedan startade turistlobbyn &#8221;visit sweden&#8221; ett twitterkonto, @sweden, d\u00e4r enskilda svenskar helt ocensurerat fick skriva om livet som svensk utifr\u00e5n sitt perspektiv. Id\u00e9n \u00e4r rolig, sedan \u00e4r det f\u00f6rst\u00e5s s\u00e5 att man sympatiserar mer med en del som skriver \u00e4n med andra. S\u00e4kert \u00e4r det [&hellip;]<\/p>\n","protected":false},"author":392,"featured_media":0,"comment_status":"open","ping_status":"open","sticky":false,"template":"","format":"standard","meta":{"_acf_changed":false,"footnotes":""},"categories":[76766],"tags":[],"class_list":["post-526","post","type-post","status-publish","format-standard","hentry","category-blandat"],"acf":[],"yoast_head":"<!-- This site is optimized with the Yoast SEO plugin v27.1.1 - https:\/\/yoast.com\/product\/yoast-seo-wordpress\/ -->\n<title>Svenskakyrkan har startat delat konto p\u00e5 instagram - Vandra V\u00e4gen<\/title>\n<meta name=\"robots\" content=\"index, follow, max-snippet:-1, max-image-preview:large, max-video-preview:-1\" \/>\n<link rel=\"canonical\" href=\"https:\/\/blogg.svenskakyrkan.se\/vandravagen\/2013\/06\/07\/svenskakyrkan-har-startat-delat-konto-pa-instagram\/\" \/>\n<meta property=\"og:locale\" content=\"sv_SE\" \/>\n<meta property=\"og:type\" content=\"article\" \/>\n<meta property=\"og:title\" content=\"Svenskakyrkan har startat delat konto p\u00e5 instagram - Vandra V\u00e4gen\" \/>\n<meta property=\"og:description\" content=\"Vill flagga lite f\u00f6r en sak till! F\u00f6r r\u00e4tt l\u00e4nge sedan startade turistlobbyn &#8221;visit sweden&#8221; ett twitterkonto, @sweden, d\u00e4r enskilda svenskar helt ocensurerat fick skriva om livet som svensk utifr\u00e5n sitt perspektiv. Id\u00e9n \u00e4r rolig, sedan \u00e4r det f\u00f6rst\u00e5s s\u00e5 att man sympatiserar mer med en del som skriver \u00e4n med andra. S\u00e4kert \u00e4r det [&hellip;]\" \/>\n<meta property=\"og:url\" content=\"https:\/\/blogg.svenskakyrkan.se\/vandravagen\/2013\/06\/07\/svenskakyrkan-har-startat-delat-konto-pa-instagram\/\" \/>\n<meta property=\"og:site_name\" content=\"Vandra V\u00e4gen\" \/>\n<meta property=\"article:publisher\" content=\"http:\/\/facebook.com\/vandravagen\" \/>\n<meta property=\"article:published_time\" content=\"2013-06-07T16:52:00+00:00\" \/>\n<meta property=\"og:image\" content=\"http:\/\/1.bp.blogspot.com\/-luGheWQV0Lw\/UbF_AoHWGiI\/AAAAAAAADuw\/K4cWhIzEIRY\/s400\/flagga.jpg\" \/>\n<meta name=\"author\" content=\"Tomas Jarvid\" \/>\n<meta name=\"twitter:card\" content=\"summary_large_image\" \/>\n<meta name=\"twitter:creator\" content=\"@fadertomas\" \/>\n<meta name=\"twitter:site\" content=\"@fadertomas\" \/>\n<meta name=\"twitter:label1\" content=\"Skriven av\" \/>\n\t<meta name=\"twitter:data1\" content=\"Tomas Jarvid\" \/>\n\t<meta name=\"twitter:label2\" content=\"Ber\u00e4knad l\u00e4stid\" \/>\n\t<meta name=\"twitter:data2\" content=\"1 minut\" \/>\n<script type=\"application\/ld+json\" class=\"yoast-schema-graph\">{\"@context\":\"https:\/\/schema.org\",\"@graph\":[{\"@type\":\"Article\",\"@id\":\"https:\/\/blogg.svenskakyrkan.se\/vandravagen\/2013\/06\/07\/svenskakyrkan-har-startat-delat-konto-pa-instagram\/#article\",\"isPartOf\":{\"@id\":\"https:\/\/blogg.svenskakyrkan.se\/vandravagen\/2013\/06\/07\/svenskakyrkan-har-startat-delat-konto-pa-instagram\/\"},\"author\":{\"name\":\"Tomas Jarvid\",\"@id\":\"https:\/\/blogg.svenskakyrkan.se\/vandravagen\/#\/schema\/person\/25da02d4f76b137d04291711e2c9fc16\"},\"headline\":\"Svenskakyrkan har startat delat konto p\u00e5 instagram\",\"datePublished\":\"2013-06-07T16:52:00+00:00\",\"mainEntityOfPage\":{\"@id\":\"https:\/\/blogg.svenskakyrkan.se\/vandravagen\/2013\/06\/07\/svenskakyrkan-har-startat-delat-konto-pa-instagram\/\"},\"wordCount\":297,\"commentCount\":0,\"publisher\":{\"@id\":\"https:\/\/blogg.svenskakyrkan.se\/vandravagen\/#organization\"},\"image\":{\"@id\":\"https:\/\/blogg.svenskakyrkan.se\/vandravagen\/2013\/06\/07\/svenskakyrkan-har-startat-delat-konto-pa-instagram\/#primaryimage\"},\"thumbnailUrl\":\"http:\/\/1.bp.blogspot.com\/-luGheWQV0Lw\/UbF_AoHWGiI\/AAAAAAAADuw\/K4cWhIzEIRY\/s400\/flagga.jpg\",\"articleSection\":[\"blandat\"],\"inLanguage\":\"sv-SE\",\"potentialAction\":[{\"@type\":\"CommentAction\",\"name\":\"Comment\",\"target\":[\"https:\/\/blogg.svenskakyrkan.se\/vandravagen\/2013\/06\/07\/svenskakyrkan-har-startat-delat-konto-pa-instagram\/#respond\"]}]},{\"@type\":\"WebPage\",\"@id\":\"https:\/\/blogg.svenskakyrkan.se\/vandravagen\/2013\/06\/07\/svenskakyrkan-har-startat-delat-konto-pa-instagram\/\",\"url\":\"https:\/\/blogg.svenskakyrkan.se\/vandravagen\/2013\/06\/07\/svenskakyrkan-har-startat-delat-konto-pa-instagram\/\",\"name\":\"Svenskakyrkan har startat delat konto p\u00e5 instagram - Vandra V\u00e4gen\",\"isPartOf\":{\"@id\":\"https:\/\/blogg.svenskakyrkan.se\/vandravagen\/#website\"},\"primaryImageOfPage\":{\"@id\":\"https:\/\/blogg.svenskakyrkan.se\/vandravagen\/2013\/06\/07\/svenskakyrkan-har-startat-delat-konto-pa-instagram\/#primaryimage\"},\"image\":{\"@id\":\"https:\/\/blogg.svenskakyrkan.se\/vandravagen\/2013\/06\/07\/svenskakyrkan-har-startat-delat-konto-pa-instagram\/#primaryimage\"},\"thumbnailUrl\":\"http:\/\/1.bp.blogspot.com\/-luGheWQV0Lw\/UbF_AoHWGiI\/AAAAAAAADuw\/K4cWhIzEIRY\/s400\/flagga.jpg\",\"datePublished\":\"2013-06-07T16:52:00+00:00\",\"breadcrumb\":{\"@id\":\"https:\/\/blogg.svenskakyrkan.se\/vandravagen\/2013\/06\/07\/svenskakyrkan-har-startat-delat-konto-pa-instagram\/#breadcrumb\"},\"inLanguage\":\"sv-SE\",\"potentialAction\":[{\"@type\":\"ReadAction\",\"target\":[\"https:\/\/blogg.svenskakyrkan.se\/vandravagen\/2013\/06\/07\/svenskakyrkan-har-startat-delat-konto-pa-instagram\/\"]}]},{\"@type\":\"ImageObject\",\"inLanguage\":\"sv-SE\",\"@id\":\"https:\/\/blogg.svenskakyrkan.se\/vandravagen\/2013\/06\/07\/svenskakyrkan-har-startat-delat-konto-pa-instagram\/#primaryimage\",\"url\":\"http:\/\/1.bp.blogspot.com\/-luGheWQV0Lw\/UbF_AoHWGiI\/AAAAAAAADuw\/K4cWhIzEIRY\/s400\/flagga.jpg\",\"contentUrl\":\"http:\/\/1.bp.blogspot.com\/-luGheWQV0Lw\/UbF_AoHWGiI\/AAAAAAAADuw\/K4cWhIzEIRY\/s400\/flagga.jpg\"},{\"@type\":\"BreadcrumbList\",\"@id\":\"https:\/\/blogg.svenskakyrkan.se\/vandravagen\/2013\/06\/07\/svenskakyrkan-har-startat-delat-konto-pa-instagram\/#breadcrumb\",\"itemListElement\":[{\"@type\":\"ListItem\",\"position\":1,\"name\":\"Hem\",\"item\":\"https:\/\/blogg.svenskakyrkan.se\/vandravagen\/\"},{\"@type\":\"ListItem\",\"position\":2,\"name\":\"Svenskakyrkan har startat delat konto p\u00e5 instagram\"}]},{\"@type\":\"WebSite\",\"@id\":\"https:\/\/blogg.svenskakyrkan.se\/vandravagen\/#website\",\"url\":\"https:\/\/blogg.svenskakyrkan.se\/vandravagen\/\",\"name\":\"Vandra V\u00e4gen\",\"description\":\"-Mot en tro f\u00f6r hela livet\",\"publisher\":{\"@id\":\"https:\/\/blogg.svenskakyrkan.se\/vandravagen\/#organization\"},\"potentialAction\":[{\"@type\":\"SearchAction\",\"target\":{\"@type\":\"EntryPoint\",\"urlTemplate\":\"https:\/\/blogg.svenskakyrkan.se\/vandravagen\/?s={search_term_string}\"},\"query-input\":{\"@type\":\"PropertyValueSpecification\",\"valueRequired\":true,\"valueName\":\"search_term_string\"}}],\"inLanguage\":\"sv-SE\"},{\"@type\":\"Organization\",\"@id\":\"https:\/\/blogg.svenskakyrkan.se\/vandravagen\/#organization\",\"name\":\"ulricehamns pastorat\",\"alternateName\":\"ulricehamns pastorat\",\"url\":\"https:\/\/blogg.svenskakyrkan.se\/vandravagen\/\",\"logo\":{\"@type\":\"ImageObject\",\"inLanguage\":\"sv-SE\",\"@id\":\"https:\/\/blogg.svenskakyrkan.se\/vandravagen\/#\/schema\/logo\/image\/\",\"url\":\"https:\/\/blogg.svenskakyrkan.se\/vandravagen\/files\/2023\/05\/Ulr_logo_RGB.png\",\"contentUrl\":\"https:\/\/blogg.svenskakyrkan.se\/vandravagen\/files\/2023\/05\/Ulr_logo_RGB.png\",\"width\":205,\"height\":77,\"caption\":\"ulricehamns pastorat\"},\"image\":{\"@id\":\"https:\/\/blogg.svenskakyrkan.se\/vandravagen\/#\/schema\/logo\/image\/\"},\"sameAs\":[\"http:\/\/facebook.com\/vandravagen\",\"https:\/\/x.com\/fadertomas\",\"http:\/\/www.facebook.com\/svenskakyrkaniulricehamn\"]},{\"@type\":\"Person\",\"@id\":\"https:\/\/blogg.svenskakyrkan.se\/vandravagen\/#\/schema\/person\/25da02d4f76b137d04291711e2c9fc16\",\"name\":\"Tomas Jarvid\",\"image\":{\"@type\":\"ImageObject\",\"inLanguage\":\"sv-SE\",\"@id\":\"https:\/\/blogg.svenskakyrkan.se\/vandravagen\/#\/schema\/person\/image\/\",\"url\":\"https:\/\/secure.gravatar.com\/avatar\/7fa71899795e8f540f615a1f5ab25255dc27aa40f05ee7ddd21aac521e01bf50?s=96&d=identicon&r=g\",\"contentUrl\":\"https:\/\/secure.gravatar.com\/avatar\/7fa71899795e8f540f615a1f5ab25255dc27aa40f05ee7ddd21aac521e01bf50?s=96&d=identicon&r=g\",\"caption\":\"Tomas Jarvid\"},\"description\":\"Jag bor i Ulricehamn i V\u00e4sterg\u00f6tland och \u00e4r f\u00f6rsamlingspr\u00e4st i Svenska Kyrkan f\u00f6r Dalstorps f\u00f6rsamling i Kinds pastorat. P\u00e5 den h\u00e4r bloggen skriver jag ner tankar om vandringen som kristen.\",\"sameAs\":[\"http:\/\/www.vandravagen.se\"],\"url\":\"https:\/\/blogg.svenskakyrkan.se\/vandravagen\/author\/vandravagen\/\"}]}<\/script>\n<!-- \/ Yoast SEO plugin. -->","yoast_head_json":{"title":"Svenskakyrkan har startat delat konto p\u00e5 instagram - Vandra V\u00e4gen","robots":{"index":"index","follow":"follow","max-snippet":"max-snippet:-1","max-image-preview":"max-image-preview:large","max-video-preview":"max-video-preview:-1"},"canonical":"https:\/\/blogg.svenskakyrkan.se\/vandravagen\/2013\/06\/07\/svenskakyrkan-har-startat-delat-konto-pa-instagram\/","og_locale":"sv_SE","og_type":"article","og_title":"Svenskakyrkan har startat delat konto p\u00e5 instagram - Vandra V\u00e4gen","og_description":"Vill flagga lite f\u00f6r en sak till! F\u00f6r r\u00e4tt l\u00e4nge sedan startade turistlobbyn &#8221;visit sweden&#8221; ett twitterkonto, @sweden, d\u00e4r enskilda svenskar helt ocensurerat fick skriva om livet som svensk utifr\u00e5n sitt perspektiv. Id\u00e9n \u00e4r rolig, sedan \u00e4r det f\u00f6rst\u00e5s s\u00e5 att man sympatiserar mer med en del som skriver \u00e4n med andra. S\u00e4kert \u00e4r det [&hellip;]","og_url":"https:\/\/blogg.svenskakyrkan.se\/vandravagen\/2013\/06\/07\/svenskakyrkan-har-startat-delat-konto-pa-instagram\/","og_site_name":"Vandra V\u00e4gen","article_publisher":"http:\/\/facebook.com\/vandravagen","article_published_time":"2013-06-07T16:52:00+00:00","og_image":[{"url":"http:\/\/1.bp.blogspot.com\/-luGheWQV0Lw\/UbF_AoHWGiI\/AAAAAAAADuw\/K4cWhIzEIRY\/s400\/flagga.jpg","type":"","width":"","height":""}],"author":"Tomas Jarvid","twitter_card":"summary_large_image","twitter_creator":"@fadertomas","twitter_site":"@fadertomas","twitter_misc":{"Skriven av":"Tomas Jarvid","Ber\u00e4knad l\u00e4stid":"1 minut"},"schema":{"@context":"https:\/\/schema.org","@graph":[{"@type":"Article","@id":"https:\/\/blogg.svenskakyrkan.se\/vandravagen\/2013\/06\/07\/svenskakyrkan-har-startat-delat-konto-pa-instagram\/#article","isPartOf":{"@id":"https:\/\/blogg.svenskakyrkan.se\/vandravagen\/2013\/06\/07\/svenskakyrkan-har-startat-delat-konto-pa-instagram\/"},"author":{"name":"Tomas Jarvid","@id":"https:\/\/blogg.svenskakyrkan.se\/vandravagen\/#\/schema\/person\/25da02d4f76b137d04291711e2c9fc16"},"headline":"Svenskakyrkan har startat delat konto p\u00e5 instagram","datePublished":"2013-06-07T16:52:00+00:00","mainEntityOfPage":{"@id":"https:\/\/blogg.svenskakyrkan.se\/vandravagen\/2013\/06\/07\/svenskakyrkan-har-startat-delat-konto-pa-instagram\/"},"wordCount":297,"commentCount":0,"publisher":{"@id":"https:\/\/blogg.svenskakyrkan.se\/vandravagen\/#organization"},"image":{"@id":"https:\/\/blogg.svenskakyrkan.se\/vandravagen\/2013\/06\/07\/svenskakyrkan-har-startat-delat-konto-pa-instagram\/#primaryimage"},"thumbnailUrl":"http:\/\/1.bp.blogspot.com\/-luGheWQV0Lw\/UbF_AoHWGiI\/AAAAAAAADuw\/K4cWhIzEIRY\/s400\/flagga.jpg","articleSection":["blandat"],"inLanguage":"sv-SE","potentialAction":[{"@type":"CommentAction","name":"Comment","target":["https:\/\/blogg.svenskakyrkan.se\/vandravagen\/2013\/06\/07\/svenskakyrkan-har-startat-delat-konto-pa-instagram\/#respond"]}]},{"@type":"WebPage","@id":"https:\/\/blogg.svenskakyrkan.se\/vandravagen\/2013\/06\/07\/svenskakyrkan-har-startat-delat-konto-pa-instagram\/","url":"https:\/\/blogg.svenskakyrkan.se\/vandravagen\/2013\/06\/07\/svenskakyrkan-har-startat-delat-konto-pa-instagram\/","name":"Svenskakyrkan har startat delat konto p\u00e5 instagram - Vandra V\u00e4gen","isPartOf":{"@id":"https:\/\/blogg.svenskakyrkan.se\/vandravagen\/#website"},"primaryImageOfPage":{"@id":"https:\/\/blogg.svenskakyrkan.se\/vandravagen\/2013\/06\/07\/svenskakyrkan-har-startat-delat-konto-pa-instagram\/#primaryimage"},"image":{"@id":"https:\/\/blogg.svenskakyrkan.se\/vandravagen\/2013\/06\/07\/svenskakyrkan-har-startat-delat-konto-pa-instagram\/#primaryimage"},"thumbnailUrl":"http:\/\/1.bp.blogspot.com\/-luGheWQV0Lw\/UbF_AoHWGiI\/AAAAAAAADuw\/K4cWhIzEIRY\/s400\/flagga.jpg","datePublished":"2013-06-07T16:52:00+00:00","breadcrumb":{"@id":"https:\/\/blogg.svenskakyrkan.se\/vandravagen\/2013\/06\/07\/svenskakyrkan-har-startat-delat-konto-pa-instagram\/#breadcrumb"},"inLanguage":"sv-SE","potentialAction":[{"@type":"ReadAction","target":["https:\/\/blogg.svenskakyrkan.se\/vandravagen\/2013\/06\/07\/svenskakyrkan-har-startat-delat-konto-pa-instagram\/"]}]},{"@type":"ImageObject","inLanguage":"sv-SE","@id":"https:\/\/blogg.svenskakyrkan.se\/vandravagen\/2013\/06\/07\/svenskakyrkan-har-startat-delat-konto-pa-instagram\/#primaryimage","url":"http:\/\/1.bp.blogspot.com\/-luGheWQV0Lw\/UbF_AoHWGiI\/AAAAAAAADuw\/K4cWhIzEIRY\/s400\/flagga.jpg","contentUrl":"http:\/\/1.bp.blogspot.com\/-luGheWQV0Lw\/UbF_AoHWGiI\/AAAAAAAADuw\/K4cWhIzEIRY\/s400\/flagga.jpg"},{"@type":"BreadcrumbList","@id":"https:\/\/blogg.svenskakyrkan.se\/vandravagen\/2013\/06\/07\/svenskakyrkan-har-startat-delat-konto-pa-instagram\/#breadcrumb","itemListElement":[{"@type":"ListItem","position":1,"name":"Hem","item":"https:\/\/blogg.svenskakyrkan.se\/vandravagen\/"},{"@type":"ListItem","position":2,"name":"Svenskakyrkan har startat delat konto p\u00e5 instagram"}]},{"@type":"WebSite","@id":"https:\/\/blogg.svenskakyrkan.se\/vandravagen\/#website","url":"https:\/\/blogg.svenskakyrkan.se\/vandravagen\/","name":"Vandra V\u00e4gen","description":"-Mot en tro f\u00f6r hela livet","publisher":{"@id":"https:\/\/blogg.svenskakyrkan.se\/vandravagen\/#organization"},"potentialAction":[{"@type":"SearchAction","target":{"@type":"EntryPoint","urlTemplate":"https:\/\/blogg.svenskakyrkan.se\/vandravagen\/?s={search_term_string}"},"query-input":{"@type":"PropertyValueSpecification","valueRequired":true,"valueName":"search_term_string"}}],"inLanguage":"sv-SE"},{"@type":"Organization","@id":"https:\/\/blogg.svenskakyrkan.se\/vandravagen\/#organization","name":"ulricehamns pastorat","alternateName":"ulricehamns pastorat","url":"https:\/\/blogg.svenskakyrkan.se\/vandravagen\/","logo":{"@type":"ImageObject","inLanguage":"sv-SE","@id":"https:\/\/blogg.svenskakyrkan.se\/vandravagen\/#\/schema\/logo\/image\/","url":"https:\/\/blogg.svenskakyrkan.se\/vandravagen\/files\/2023\/05\/Ulr_logo_RGB.png","contentUrl":"https:\/\/blogg.svenskakyrkan.se\/vandravagen\/files\/2023\/05\/Ulr_logo_RGB.png","width":205,"height":77,"caption":"ulricehamns pastorat"},"image":{"@id":"https:\/\/blogg.svenskakyrkan.se\/vandravagen\/#\/schema\/logo\/image\/"},"sameAs":["http:\/\/facebook.com\/vandravagen","https:\/\/x.com\/fadertomas","http:\/\/www.facebook.com\/svenskakyrkaniulricehamn"]},{"@type":"Person","@id":"https:\/\/blogg.svenskakyrkan.se\/vandravagen\/#\/schema\/person\/25da02d4f76b137d04291711e2c9fc16","name":"Tomas Jarvid","image":{"@type":"ImageObject","inLanguage":"sv-SE","@id":"https:\/\/blogg.svenskakyrkan.se\/vandravagen\/#\/schema\/person\/image\/","url":"https:\/\/secure.gravatar.com\/avatar\/7fa71899795e8f540f615a1f5ab25255dc27aa40f05ee7ddd21aac521e01bf50?s=96&d=identicon&r=g","contentUrl":"https:\/\/secure.gravatar.com\/avatar\/7fa71899795e8f540f615a1f5ab25255dc27aa40f05ee7ddd21aac521e01bf50?s=96&d=identicon&r=g","caption":"Tomas Jarvid"},"description":"Jag bor i Ulricehamn i V\u00e4sterg\u00f6tland och \u00e4r f\u00f6rsamlingspr\u00e4st i Svenska Kyrkan f\u00f6r Dalstorps f\u00f6rsamling i Kinds pastorat. P\u00e5 den h\u00e4r bloggen skriver jag ner tankar om vandringen som kristen.","sameAs":["http:\/\/www.vandravagen.se"],"url":"https:\/\/blogg.svenskakyrkan.se\/vandravagen\/author\/vandravagen\/"}]}},"author_meta":{"ID":"392","user_nicename":"vandravagen","user_url":"http:\/\/www.vandravagen.se","user_registered":"2014-05-19 05:44:52","display_name":"Tomas Jarvid","first_name":"Tomas","last_name":"Jarvid","avatar":"https:\/\/secure.gravatar.com\/avatar\/7fa71899795e8f540f615a1f5ab25255dc27aa40f05ee7ddd21aac521e01bf50?s=96&d=identicon&r=g"},"featured_image":false,"bloginfo":{"name":"Vandra V\u00e4gen","url":"https:\/\/blogg.svenskakyrkan.se\/vandravagen"},"_links":{"self":[{"href":"https:\/\/blogg.svenskakyrkan.se\/vandravagen\/wp-json\/wp\/v2\/posts\/526","targetHints":{"allow":["GET"]}}],"collection":[{"href":"https:\/\/blogg.svenskakyrkan.se\/vandravagen\/wp-json\/wp\/v2\/posts"}],"about":[{"href":"https:\/\/blogg.svenskakyrkan.se\/vandravagen\/wp-json\/wp\/v2\/types\/post"}],"author":[{"embeddable":true,"href":"https:\/\/blogg.svenskakyrkan.se\/vandravagen\/wp-json\/wp\/v2\/users\/392"}],"replies":[{"embeddable":true,"href":"https:\/\/blogg.svenskakyrkan.se\/vandravagen\/wp-json\/wp\/v2\/comments?post=526"}],"version-history":[{"count":0,"href":"https:\/\/blogg.svenskakyrkan.se\/vandravagen\/wp-json\/wp\/v2\/posts\/526\/revisions"}],"wp:attachment":[{"href":"https:\/\/blogg.svenskakyrkan.se\/vandravagen\/wp-json\/wp\/v2\/media?parent=526"}],"wp:term":[{"taxonomy":"category","embeddable":true,"href":"https:\/\/blogg.svenskakyrkan.se\/vandravagen\/wp-json\/wp\/v2\/categories?post=526"},{"taxonomy":"post_tag","embeddable":true,"href":"https:\/\/blogg.svenskakyrkan.se\/vandravagen\/wp-json\/wp\/v2\/tags?post=526"}],"curies":[{"name":"wp","href":"https:\/\/api.w.org\/{rel}","templated":true}]}}