{"id":527,"date":"2013-06-07T08:19:00","date_gmt":"2013-06-07T06:19:00","guid":{"rendered":"http:\/\/blogg.svenskakyrkan.se\/vandravagen\/2013\/06\/07\/hans-olof-martinsson-gastbloggar-om-sin-pilgrimsvandring-i-spanien\/"},"modified":"2013-06-07T08:19:00","modified_gmt":"2013-06-07T06:19:00","slug":"hans-olof-martinsson-gastbloggar-om-sin-pilgrimsvandring-i-spanien","status":"publish","type":"post","link":"https:\/\/blogg.svenskakyrkan.se\/vandravagen\/2013\/06\/07\/hans-olof-martinsson-gastbloggar-om-sin-pilgrimsvandring-i-spanien\/","title":{"rendered":"Hans-Olof Martinsson g\u00e4stbloggar om sin pilgrimsvandring i Spanien"},"content":{"rendered":"<table align=\"center\" cellpadding=\"0\" cellspacing=\"0\">\n<tbody>\n<tr>\n<td><a href=\"http:\/\/4.bp.blogspot.com\/-F_YMAZVjt6o\/Ua7dU3U_EPI\/AAAAAAAADt4\/qo612MMP350\/s1600\/7aea3fa1-7ea7-4d31-8417-64657964284b.jpg\"><img loading=\"lazy\" decoding=\"async\" border=\"0\" height=\"320\" src=\"http:\/\/4.bp.blogspot.com\/-F_YMAZVjt6o\/Ua7dU3U_EPI\/AAAAAAAADt4\/qo612MMP350\/s320\/7aea3fa1-7ea7-4d31-8417-64657964284b.jpg\" width=\"231\"><\/a><\/td>\n<\/tr>\n<tr>\n<td>Hans-Olof, pr\u00e4st i G\u00f6tene, pilgrim<\/td>\n<\/tr>\n<\/tbody>\n<\/table>\n<div><\/div>\n<div><\/div>\n<p>Vandrare? \u00c4r det jag? \u00c4r jag en vandrare?<\/p>\n<div>\u00a0                                                                                                      <br \/>Det finns s\u00e5 m\u00e5nga s\u00e4tt att vandra p\u00e5. Jag fick f\u00f6r en knapp m\u00e5nad sedan m\u00f6jlighet att prova p\u00e5 n\u00e5gra s\u00e4tt l\u00e4ngs med El Camino \/ V\u00e4gen till Santiago de Compostella, i Spanien. En bepr\u00f6vad pilgrimsled.<\/div>\n<div>Jag fick \u201dvandra\u201d per buss och vara f\u00f6rtrupp till de \u00f6vriga i s\u00e4llskapet, boka h\u00e4rb\u00e4rge, kolla matst\u00e4llen mm. Det hade sin tjusning, speciellt n\u00e4r det regnade. Vi fick en intressant omkringupplevelse. Vi kunde sitta kvar vid frukosten och se p\u00e5 pilgrimerna som packade ihop och gav sig av efter frukost (regelm\u00e4ssigt senast kl. 08.00) och sedan kunde vi st\u00e5 och ta emot dem vid n\u00e4sta anhalt 6-7-8 timmar senare. Pigga och glad kunde vi v\u00e4lkomna dem dag efter dag!<\/div>\n<div>Jag fick m\u00f6jligheten att vandra i vredesmod i 2 mil, verkligen att rekommendera!                     Inget \u201dg\u00e5r\u201d upp mot att f\u00f6rs\u00f6ka vandra ifr\u00e5n sina problem. Man kan tro att man kan resa l\u00e5ngt bort och l\u00e4mna problemen hemma om man tar ett plan till en annan v\u00e4rldsdel, tills de hinner ifatt en i bussen ut till stranden n\u00e5gra timmar senare, men man vet mycket v\u00e4l att bara f\u00f6r att jag smyger ut genom d\u00f6rren tidigt en morgon s\u00e5 stannar inte problemen kvar innanf\u00f6r tr\u00f6skeln. D\u00e4r gick jag med min ilska i hela kroppen och bearbetade livet, min reaktion fick verkligen g\u00f6ra nytta, bli till r\u00f6relseenergi.  Efter tv\u00e5 felnavigeringar och ett fall samt lycklig framkomst var det dags att planera f\u00f6rsoningen, \u201dkrypandet till korset\u201d. En god och n\u00e5got nerv\u00f6s k\u00e4nsla.<\/div>\n<div>Jag fick ocks\u00e5 vandra in till m\u00e5let, Santiago de Compostella. Den sista delen tillsammans i goda v\u00e4nners lag fram till Monte de Gozo \/ Gl\u00e4djens berg, d\u00e4r man sk\u00e5dar ner mot Santiago och man \u00e4nnu inte insett att uppf\u00f6r \u00e4r jobbigt men nerf\u00f6r g\u00f6r ont!!! Det \u00e4r nu n\u00e4r man kommer in p\u00e5 gatorna som man f\u00e5r uppleva skillnaden mellan vandringsgemenskapen genom naturen och byarna och fr\u00e4mlingsskapet till staden!? Borta \u00e4r \u201dHola\u201d (Hej) och \u201dBuen Camino\u201d (\u00d6nskan om v\u00e4l-g\u00e5ng). Stadens ljud tar \u00f6ver, anonymiteten breder ut sig, Usch s\u00e5 jag uttrycker mig, men \u2026.  Det pittoreska pilarna m\u00e5lade p\u00e5 stolpar och stenar, de vackra pilgrimsv\u00e4gvisarna, alla var de nu utbytta mot (i och f\u00f6r sig mycket tydliga) likformade stolpar med likadana v\u00e4gvisare. Allt f\u00f6r att vi skulle komma r\u00e4tt i stadens brus, som s\u00e5 sm\u00e5ningom \u00f6vergick till s\u00e4ckpipebl\u00e5s i valven mellan husen genom gr\u00e4nderna i gamla stan ner mot katedralen.\u00a0<\/div>\n<div>Att vandra fram till nattvarden i katedralen var ocks\u00e5 en speciell k\u00e4nsla. N\u00e5got turistigt var hela arrangemanget men \u00e4nd\u00e5, en m\u00e4ssa \u00e4r och f\u00f6rblir en m\u00e4ssa. Och samh\u00f6righeten stod h\u00f6gt i taket under r\u00f6kelsens ymniga dimmor d\u00e5 \u201dBotafumeiro\u201d (Det stora r\u00f6kelsekaret) svingades fram och tillbaka under valven. Pilgrimer \u00e4r vi allihopa. Peregrinos &#8211; fr\u00e4mlingar i v\u00e4rlden enade i v\u00e5r vandring mot evigheten.<\/div>\n<div>Ja, jag \u00e4r en vandrare\u2026\u2026 <\/div>\n<div>\n<p>Pax et Bonum \/ Hans-Olof Martinsson<\/p>\n<\/div>\n","protected":false},"excerpt":{"rendered":"<p>Hans-Olof, pr\u00e4st i G\u00f6tene, pilgrim Vandrare? \u00c4r det jag? \u00c4r jag en vandrare? \u00a0 Det finns s\u00e5 m\u00e5nga s\u00e4tt att vandra p\u00e5. Jag fick f\u00f6r en knapp m\u00e5nad sedan m\u00f6jlighet att prova p\u00e5 n\u00e5gra s\u00e4tt l\u00e4ngs med El Camino \/ V\u00e4gen till Santiago de Compostella, i Spanien. En bepr\u00f6vad pilgrimsled. Jag fick \u201dvandra\u201d per buss [&hellip;]<\/p>\n","protected":false},"author":392,"featured_media":0,"comment_status":"open","ping_status":"open","sticky":false,"template":"","format":"standard","meta":{"_acf_changed":false,"footnotes":""},"categories":[17359,8331],"tags":[],"class_list":["post-527","post","type-post","status-publish","format-standard","hentry","category-gastbloggare","category-pilgrim"],"acf":[],"yoast_head":"<!-- This site is optimized with the Yoast SEO plugin v27.1.1 - https:\/\/yoast.com\/product\/yoast-seo-wordpress\/ -->\n<title>Hans-Olof Martinsson g\u00e4stbloggar om sin pilgrimsvandring i Spanien - Vandra V\u00e4gen<\/title>\n<meta name=\"robots\" content=\"index, follow, max-snippet:-1, max-image-preview:large, max-video-preview:-1\" \/>\n<link rel=\"canonical\" href=\"https:\/\/blogg.svenskakyrkan.se\/vandravagen\/2013\/06\/07\/hans-olof-martinsson-gastbloggar-om-sin-pilgrimsvandring-i-spanien\/\" \/>\n<meta property=\"og:locale\" content=\"sv_SE\" \/>\n<meta property=\"og:type\" content=\"article\" \/>\n<meta property=\"og:title\" content=\"Hans-Olof Martinsson g\u00e4stbloggar om sin pilgrimsvandring i Spanien - Vandra V\u00e4gen\" \/>\n<meta property=\"og:description\" content=\"Hans-Olof, pr\u00e4st i G\u00f6tene, pilgrim Vandrare? \u00c4r det jag? \u00c4r jag en vandrare? \u00a0 Det finns s\u00e5 m\u00e5nga s\u00e4tt att vandra p\u00e5. Jag fick f\u00f6r en knapp m\u00e5nad sedan m\u00f6jlighet att prova p\u00e5 n\u00e5gra s\u00e4tt l\u00e4ngs med El Camino \/ V\u00e4gen till Santiago de Compostella, i Spanien. En bepr\u00f6vad pilgrimsled. Jag fick \u201dvandra\u201d per buss [&hellip;]\" \/>\n<meta property=\"og:url\" content=\"https:\/\/blogg.svenskakyrkan.se\/vandravagen\/2013\/06\/07\/hans-olof-martinsson-gastbloggar-om-sin-pilgrimsvandring-i-spanien\/\" \/>\n<meta property=\"og:site_name\" content=\"Vandra V\u00e4gen\" \/>\n<meta property=\"article:publisher\" content=\"http:\/\/facebook.com\/vandravagen\" \/>\n<meta property=\"article:published_time\" content=\"2013-06-07T06:19:00+00:00\" \/>\n<meta property=\"og:image\" content=\"http:\/\/4.bp.blogspot.com\/-F_YMAZVjt6o\/Ua7dU3U_EPI\/AAAAAAAADt4\/qo612MMP350\/s320\/7aea3fa1-7ea7-4d31-8417-64657964284b.jpg\" \/>\n<meta name=\"author\" content=\"Tomas Jarvid\" \/>\n<meta name=\"twitter:card\" content=\"summary_large_image\" \/>\n<meta name=\"twitter:creator\" content=\"@fadertomas\" \/>\n<meta name=\"twitter:site\" content=\"@fadertomas\" \/>\n<meta name=\"twitter:label1\" content=\"Skriven av\" \/>\n\t<meta name=\"twitter:data1\" content=\"Tomas Jarvid\" \/>\n\t<meta name=\"twitter:label2\" content=\"Ber\u00e4knad l\u00e4stid\" \/>\n\t<meta name=\"twitter:data2\" content=\"3 minuter\" \/>\n<script type=\"application\/ld+json\" class=\"yoast-schema-graph\">{\"@context\":\"https:\/\/schema.org\",\"@graph\":[{\"@type\":\"Article\",\"@id\":\"https:\/\/blogg.svenskakyrkan.se\/vandravagen\/2013\/06\/07\/hans-olof-martinsson-gastbloggar-om-sin-pilgrimsvandring-i-spanien\/#article\",\"isPartOf\":{\"@id\":\"https:\/\/blogg.svenskakyrkan.se\/vandravagen\/2013\/06\/07\/hans-olof-martinsson-gastbloggar-om-sin-pilgrimsvandring-i-spanien\/\"},\"author\":{\"name\":\"Tomas Jarvid\",\"@id\":\"https:\/\/blogg.svenskakyrkan.se\/vandravagen\/#\/schema\/person\/25da02d4f76b137d04291711e2c9fc16\"},\"headline\":\"Hans-Olof Martinsson g\u00e4stbloggar om sin pilgrimsvandring i Spanien\",\"datePublished\":\"2013-06-07T06:19:00+00:00\",\"mainEntityOfPage\":{\"@id\":\"https:\/\/blogg.svenskakyrkan.se\/vandravagen\/2013\/06\/07\/hans-olof-martinsson-gastbloggar-om-sin-pilgrimsvandring-i-spanien\/\"},\"wordCount\":559,\"commentCount\":1,\"publisher\":{\"@id\":\"https:\/\/blogg.svenskakyrkan.se\/vandravagen\/#organization\"},\"image\":{\"@id\":\"https:\/\/blogg.svenskakyrkan.se\/vandravagen\/2013\/06\/07\/hans-olof-martinsson-gastbloggar-om-sin-pilgrimsvandring-i-spanien\/#primaryimage\"},\"thumbnailUrl\":\"http:\/\/4.bp.blogspot.com\/-F_YMAZVjt6o\/Ua7dU3U_EPI\/AAAAAAAADt4\/qo612MMP350\/s320\/7aea3fa1-7ea7-4d31-8417-64657964284b.jpg\",\"articleSection\":[\"g\u00e4stbloggare\",\"pilgrim\"],\"inLanguage\":\"sv-SE\",\"potentialAction\":[{\"@type\":\"CommentAction\",\"name\":\"Comment\",\"target\":[\"https:\/\/blogg.svenskakyrkan.se\/vandravagen\/2013\/06\/07\/hans-olof-martinsson-gastbloggar-om-sin-pilgrimsvandring-i-spanien\/#respond\"]}]},{\"@type\":\"WebPage\",\"@id\":\"https:\/\/blogg.svenskakyrkan.se\/vandravagen\/2013\/06\/07\/hans-olof-martinsson-gastbloggar-om-sin-pilgrimsvandring-i-spanien\/\",\"url\":\"https:\/\/blogg.svenskakyrkan.se\/vandravagen\/2013\/06\/07\/hans-olof-martinsson-gastbloggar-om-sin-pilgrimsvandring-i-spanien\/\",\"name\":\"Hans-Olof Martinsson g\u00e4stbloggar om sin pilgrimsvandring i Spanien - Vandra V\u00e4gen\",\"isPartOf\":{\"@id\":\"https:\/\/blogg.svenskakyrkan.se\/vandravagen\/#website\"},\"primaryImageOfPage\":{\"@id\":\"https:\/\/blogg.svenskakyrkan.se\/vandravagen\/2013\/06\/07\/hans-olof-martinsson-gastbloggar-om-sin-pilgrimsvandring-i-spanien\/#primaryimage\"},\"image\":{\"@id\":\"https:\/\/blogg.svenskakyrkan.se\/vandravagen\/2013\/06\/07\/hans-olof-martinsson-gastbloggar-om-sin-pilgrimsvandring-i-spanien\/#primaryimage\"},\"thumbnailUrl\":\"http:\/\/4.bp.blogspot.com\/-F_YMAZVjt6o\/Ua7dU3U_EPI\/AAAAAAAADt4\/qo612MMP350\/s320\/7aea3fa1-7ea7-4d31-8417-64657964284b.jpg\",\"datePublished\":\"2013-06-07T06:19:00+00:00\",\"breadcrumb\":{\"@id\":\"https:\/\/blogg.svenskakyrkan.se\/vandravagen\/2013\/06\/07\/hans-olof-martinsson-gastbloggar-om-sin-pilgrimsvandring-i-spanien\/#breadcrumb\"},\"inLanguage\":\"sv-SE\",\"potentialAction\":[{\"@type\":\"ReadAction\",\"target\":[\"https:\/\/blogg.svenskakyrkan.se\/vandravagen\/2013\/06\/07\/hans-olof-martinsson-gastbloggar-om-sin-pilgrimsvandring-i-spanien\/\"]}]},{\"@type\":\"ImageObject\",\"inLanguage\":\"sv-SE\",\"@id\":\"https:\/\/blogg.svenskakyrkan.se\/vandravagen\/2013\/06\/07\/hans-olof-martinsson-gastbloggar-om-sin-pilgrimsvandring-i-spanien\/#primaryimage\",\"url\":\"http:\/\/4.bp.blogspot.com\/-F_YMAZVjt6o\/Ua7dU3U_EPI\/AAAAAAAADt4\/qo612MMP350\/s320\/7aea3fa1-7ea7-4d31-8417-64657964284b.jpg\",\"contentUrl\":\"http:\/\/4.bp.blogspot.com\/-F_YMAZVjt6o\/Ua7dU3U_EPI\/AAAAAAAADt4\/qo612MMP350\/s320\/7aea3fa1-7ea7-4d31-8417-64657964284b.jpg\"},{\"@type\":\"BreadcrumbList\",\"@id\":\"https:\/\/blogg.svenskakyrkan.se\/vandravagen\/2013\/06\/07\/hans-olof-martinsson-gastbloggar-om-sin-pilgrimsvandring-i-spanien\/#breadcrumb\",\"itemListElement\":[{\"@type\":\"ListItem\",\"position\":1,\"name\":\"Hem\",\"item\":\"https:\/\/blogg.svenskakyrkan.se\/vandravagen\/\"},{\"@type\":\"ListItem\",\"position\":2,\"name\":\"Hans-Olof Martinsson g\u00e4stbloggar om sin pilgrimsvandring i Spanien\"}]},{\"@type\":\"WebSite\",\"@id\":\"https:\/\/blogg.svenskakyrkan.se\/vandravagen\/#website\",\"url\":\"https:\/\/blogg.svenskakyrkan.se\/vandravagen\/\",\"name\":\"Vandra V\u00e4gen\",\"description\":\"-Mot en tro f\u00f6r hela livet\",\"publisher\":{\"@id\":\"https:\/\/blogg.svenskakyrkan.se\/vandravagen\/#organization\"},\"potentialAction\":[{\"@type\":\"SearchAction\",\"target\":{\"@type\":\"EntryPoint\",\"urlTemplate\":\"https:\/\/blogg.svenskakyrkan.se\/vandravagen\/?s={search_term_string}\"},\"query-input\":{\"@type\":\"PropertyValueSpecification\",\"valueRequired\":true,\"valueName\":\"search_term_string\"}}],\"inLanguage\":\"sv-SE\"},{\"@type\":\"Organization\",\"@id\":\"https:\/\/blogg.svenskakyrkan.se\/vandravagen\/#organization\",\"name\":\"ulricehamns pastorat\",\"alternateName\":\"ulricehamns pastorat\",\"url\":\"https:\/\/blogg.svenskakyrkan.se\/vandravagen\/\",\"logo\":{\"@type\":\"ImageObject\",\"inLanguage\":\"sv-SE\",\"@id\":\"https:\/\/blogg.svenskakyrkan.se\/vandravagen\/#\/schema\/logo\/image\/\",\"url\":\"https:\/\/blogg.svenskakyrkan.se\/vandravagen\/files\/2023\/05\/Ulr_logo_RGB.png\",\"contentUrl\":\"https:\/\/blogg.svenskakyrkan.se\/vandravagen\/files\/2023\/05\/Ulr_logo_RGB.png\",\"width\":205,\"height\":77,\"caption\":\"ulricehamns pastorat\"},\"image\":{\"@id\":\"https:\/\/blogg.svenskakyrkan.se\/vandravagen\/#\/schema\/logo\/image\/\"},\"sameAs\":[\"http:\/\/facebook.com\/vandravagen\",\"https:\/\/x.com\/fadertomas\",\"http:\/\/www.facebook.com\/svenskakyrkaniulricehamn\"]},{\"@type\":\"Person\",\"@id\":\"https:\/\/blogg.svenskakyrkan.se\/vandravagen\/#\/schema\/person\/25da02d4f76b137d04291711e2c9fc16\",\"name\":\"Tomas Jarvid\",\"image\":{\"@type\":\"ImageObject\",\"inLanguage\":\"sv-SE\",\"@id\":\"https:\/\/blogg.svenskakyrkan.se\/vandravagen\/#\/schema\/person\/image\/\",\"url\":\"https:\/\/secure.gravatar.com\/avatar\/7fa71899795e8f540f615a1f5ab25255dc27aa40f05ee7ddd21aac521e01bf50?s=96&d=identicon&r=g\",\"contentUrl\":\"https:\/\/secure.gravatar.com\/avatar\/7fa71899795e8f540f615a1f5ab25255dc27aa40f05ee7ddd21aac521e01bf50?s=96&d=identicon&r=g\",\"caption\":\"Tomas Jarvid\"},\"description\":\"Jag bor i Ulricehamn i V\u00e4sterg\u00f6tland och \u00e4r f\u00f6rsamlingspr\u00e4st i Svenska Kyrkan f\u00f6r Dalstorps f\u00f6rsamling i Kinds pastorat. P\u00e5 den h\u00e4r bloggen skriver jag ner tankar om vandringen som kristen.\",\"sameAs\":[\"http:\/\/www.vandravagen.se\"],\"url\":\"https:\/\/blogg.svenskakyrkan.se\/vandravagen\/author\/vandravagen\/\"}]}<\/script>\n<!-- \/ Yoast SEO plugin. -->","yoast_head_json":{"title":"Hans-Olof Martinsson g\u00e4stbloggar om sin pilgrimsvandring i Spanien - Vandra V\u00e4gen","robots":{"index":"index","follow":"follow","max-snippet":"max-snippet:-1","max-image-preview":"max-image-preview:large","max-video-preview":"max-video-preview:-1"},"canonical":"https:\/\/blogg.svenskakyrkan.se\/vandravagen\/2013\/06\/07\/hans-olof-martinsson-gastbloggar-om-sin-pilgrimsvandring-i-spanien\/","og_locale":"sv_SE","og_type":"article","og_title":"Hans-Olof Martinsson g\u00e4stbloggar om sin pilgrimsvandring i Spanien - Vandra V\u00e4gen","og_description":"Hans-Olof, pr\u00e4st i G\u00f6tene, pilgrim Vandrare? \u00c4r det jag? \u00c4r jag en vandrare? \u00a0 Det finns s\u00e5 m\u00e5nga s\u00e4tt att vandra p\u00e5. Jag fick f\u00f6r en knapp m\u00e5nad sedan m\u00f6jlighet att prova p\u00e5 n\u00e5gra s\u00e4tt l\u00e4ngs med El Camino \/ V\u00e4gen till Santiago de Compostella, i Spanien. En bepr\u00f6vad pilgrimsled. Jag fick \u201dvandra\u201d per buss [&hellip;]","og_url":"https:\/\/blogg.svenskakyrkan.se\/vandravagen\/2013\/06\/07\/hans-olof-martinsson-gastbloggar-om-sin-pilgrimsvandring-i-spanien\/","og_site_name":"Vandra V\u00e4gen","article_publisher":"http:\/\/facebook.com\/vandravagen","article_published_time":"2013-06-07T06:19:00+00:00","og_image":[{"url":"http:\/\/4.bp.blogspot.com\/-F_YMAZVjt6o\/Ua7dU3U_EPI\/AAAAAAAADt4\/qo612MMP350\/s320\/7aea3fa1-7ea7-4d31-8417-64657964284b.jpg","type":"","width":"","height":""}],"author":"Tomas Jarvid","twitter_card":"summary_large_image","twitter_creator":"@fadertomas","twitter_site":"@fadertomas","twitter_misc":{"Skriven av":"Tomas Jarvid","Ber\u00e4knad l\u00e4stid":"3 minuter"},"schema":{"@context":"https:\/\/schema.org","@graph":[{"@type":"Article","@id":"https:\/\/blogg.svenskakyrkan.se\/vandravagen\/2013\/06\/07\/hans-olof-martinsson-gastbloggar-om-sin-pilgrimsvandring-i-spanien\/#article","isPartOf":{"@id":"https:\/\/blogg.svenskakyrkan.se\/vandravagen\/2013\/06\/07\/hans-olof-martinsson-gastbloggar-om-sin-pilgrimsvandring-i-spanien\/"},"author":{"name":"Tomas Jarvid","@id":"https:\/\/blogg.svenskakyrkan.se\/vandravagen\/#\/schema\/person\/25da02d4f76b137d04291711e2c9fc16"},"headline":"Hans-Olof Martinsson g\u00e4stbloggar om sin pilgrimsvandring i Spanien","datePublished":"2013-06-07T06:19:00+00:00","mainEntityOfPage":{"@id":"https:\/\/blogg.svenskakyrkan.se\/vandravagen\/2013\/06\/07\/hans-olof-martinsson-gastbloggar-om-sin-pilgrimsvandring-i-spanien\/"},"wordCount":559,"commentCount":1,"publisher":{"@id":"https:\/\/blogg.svenskakyrkan.se\/vandravagen\/#organization"},"image":{"@id":"https:\/\/blogg.svenskakyrkan.se\/vandravagen\/2013\/06\/07\/hans-olof-martinsson-gastbloggar-om-sin-pilgrimsvandring-i-spanien\/#primaryimage"},"thumbnailUrl":"http:\/\/4.bp.blogspot.com\/-F_YMAZVjt6o\/Ua7dU3U_EPI\/AAAAAAAADt4\/qo612MMP350\/s320\/7aea3fa1-7ea7-4d31-8417-64657964284b.jpg","articleSection":["g\u00e4stbloggare","pilgrim"],"inLanguage":"sv-SE","potentialAction":[{"@type":"CommentAction","name":"Comment","target":["https:\/\/blogg.svenskakyrkan.se\/vandravagen\/2013\/06\/07\/hans-olof-martinsson-gastbloggar-om-sin-pilgrimsvandring-i-spanien\/#respond"]}]},{"@type":"WebPage","@id":"https:\/\/blogg.svenskakyrkan.se\/vandravagen\/2013\/06\/07\/hans-olof-martinsson-gastbloggar-om-sin-pilgrimsvandring-i-spanien\/","url":"https:\/\/blogg.svenskakyrkan.se\/vandravagen\/2013\/06\/07\/hans-olof-martinsson-gastbloggar-om-sin-pilgrimsvandring-i-spanien\/","name":"Hans-Olof Martinsson g\u00e4stbloggar om sin pilgrimsvandring i Spanien - Vandra V\u00e4gen","isPartOf":{"@id":"https:\/\/blogg.svenskakyrkan.se\/vandravagen\/#website"},"primaryImageOfPage":{"@id":"https:\/\/blogg.svenskakyrkan.se\/vandravagen\/2013\/06\/07\/hans-olof-martinsson-gastbloggar-om-sin-pilgrimsvandring-i-spanien\/#primaryimage"},"image":{"@id":"https:\/\/blogg.svenskakyrkan.se\/vandravagen\/2013\/06\/07\/hans-olof-martinsson-gastbloggar-om-sin-pilgrimsvandring-i-spanien\/#primaryimage"},"thumbnailUrl":"http:\/\/4.bp.blogspot.com\/-F_YMAZVjt6o\/Ua7dU3U_EPI\/AAAAAAAADt4\/qo612MMP350\/s320\/7aea3fa1-7ea7-4d31-8417-64657964284b.jpg","datePublished":"2013-06-07T06:19:00+00:00","breadcrumb":{"@id":"https:\/\/blogg.svenskakyrkan.se\/vandravagen\/2013\/06\/07\/hans-olof-martinsson-gastbloggar-om-sin-pilgrimsvandring-i-spanien\/#breadcrumb"},"inLanguage":"sv-SE","potentialAction":[{"@type":"ReadAction","target":["https:\/\/blogg.svenskakyrkan.se\/vandravagen\/2013\/06\/07\/hans-olof-martinsson-gastbloggar-om-sin-pilgrimsvandring-i-spanien\/"]}]},{"@type":"ImageObject","inLanguage":"sv-SE","@id":"https:\/\/blogg.svenskakyrkan.se\/vandravagen\/2013\/06\/07\/hans-olof-martinsson-gastbloggar-om-sin-pilgrimsvandring-i-spanien\/#primaryimage","url":"http:\/\/4.bp.blogspot.com\/-F_YMAZVjt6o\/Ua7dU3U_EPI\/AAAAAAAADt4\/qo612MMP350\/s320\/7aea3fa1-7ea7-4d31-8417-64657964284b.jpg","contentUrl":"http:\/\/4.bp.blogspot.com\/-F_YMAZVjt6o\/Ua7dU3U_EPI\/AAAAAAAADt4\/qo612MMP350\/s320\/7aea3fa1-7ea7-4d31-8417-64657964284b.jpg"},{"@type":"BreadcrumbList","@id":"https:\/\/blogg.svenskakyrkan.se\/vandravagen\/2013\/06\/07\/hans-olof-martinsson-gastbloggar-om-sin-pilgrimsvandring-i-spanien\/#breadcrumb","itemListElement":[{"@type":"ListItem","position":1,"name":"Hem","item":"https:\/\/blogg.svenskakyrkan.se\/vandravagen\/"},{"@type":"ListItem","position":2,"name":"Hans-Olof Martinsson g\u00e4stbloggar om sin pilgrimsvandring i Spanien"}]},{"@type":"WebSite","@id":"https:\/\/blogg.svenskakyrkan.se\/vandravagen\/#website","url":"https:\/\/blogg.svenskakyrkan.se\/vandravagen\/","name":"Vandra V\u00e4gen","description":"-Mot en tro f\u00f6r hela livet","publisher":{"@id":"https:\/\/blogg.svenskakyrkan.se\/vandravagen\/#organization"},"potentialAction":[{"@type":"SearchAction","target":{"@type":"EntryPoint","urlTemplate":"https:\/\/blogg.svenskakyrkan.se\/vandravagen\/?s={search_term_string}"},"query-input":{"@type":"PropertyValueSpecification","valueRequired":true,"valueName":"search_term_string"}}],"inLanguage":"sv-SE"},{"@type":"Organization","@id":"https:\/\/blogg.svenskakyrkan.se\/vandravagen\/#organization","name":"ulricehamns pastorat","alternateName":"ulricehamns pastorat","url":"https:\/\/blogg.svenskakyrkan.se\/vandravagen\/","logo":{"@type":"ImageObject","inLanguage":"sv-SE","@id":"https:\/\/blogg.svenskakyrkan.se\/vandravagen\/#\/schema\/logo\/image\/","url":"https:\/\/blogg.svenskakyrkan.se\/vandravagen\/files\/2023\/05\/Ulr_logo_RGB.png","contentUrl":"https:\/\/blogg.svenskakyrkan.se\/vandravagen\/files\/2023\/05\/Ulr_logo_RGB.png","width":205,"height":77,"caption":"ulricehamns pastorat"},"image":{"@id":"https:\/\/blogg.svenskakyrkan.se\/vandravagen\/#\/schema\/logo\/image\/"},"sameAs":["http:\/\/facebook.com\/vandravagen","https:\/\/x.com\/fadertomas","http:\/\/www.facebook.com\/svenskakyrkaniulricehamn"]},{"@type":"Person","@id":"https:\/\/blogg.svenskakyrkan.se\/vandravagen\/#\/schema\/person\/25da02d4f76b137d04291711e2c9fc16","name":"Tomas Jarvid","image":{"@type":"ImageObject","inLanguage":"sv-SE","@id":"https:\/\/blogg.svenskakyrkan.se\/vandravagen\/#\/schema\/person\/image\/","url":"https:\/\/secure.gravatar.com\/avatar\/7fa71899795e8f540f615a1f5ab25255dc27aa40f05ee7ddd21aac521e01bf50?s=96&d=identicon&r=g","contentUrl":"https:\/\/secure.gravatar.com\/avatar\/7fa71899795e8f540f615a1f5ab25255dc27aa40f05ee7ddd21aac521e01bf50?s=96&d=identicon&r=g","caption":"Tomas Jarvid"},"description":"Jag bor i Ulricehamn i V\u00e4sterg\u00f6tland och \u00e4r f\u00f6rsamlingspr\u00e4st i Svenska Kyrkan f\u00f6r Dalstorps f\u00f6rsamling i Kinds pastorat. P\u00e5 den h\u00e4r bloggen skriver jag ner tankar om vandringen som kristen.","sameAs":["http:\/\/www.vandravagen.se"],"url":"https:\/\/blogg.svenskakyrkan.se\/vandravagen\/author\/vandravagen\/"}]}},"author_meta":{"ID":"392","user_nicename":"vandravagen","user_url":"http:\/\/www.vandravagen.se","user_registered":"2014-05-19 05:44:52","display_name":"Tomas Jarvid","first_name":"Tomas","last_name":"Jarvid","avatar":"https:\/\/secure.gravatar.com\/avatar\/7fa71899795e8f540f615a1f5ab25255dc27aa40f05ee7ddd21aac521e01bf50?s=96&d=identicon&r=g"},"featured_image":false,"bloginfo":{"name":"Vandra V\u00e4gen","url":"https:\/\/blogg.svenskakyrkan.se\/vandravagen"},"_links":{"self":[{"href":"https:\/\/blogg.svenskakyrkan.se\/vandravagen\/wp-json\/wp\/v2\/posts\/527","targetHints":{"allow":["GET"]}}],"collection":[{"href":"https:\/\/blogg.svenskakyrkan.se\/vandravagen\/wp-json\/wp\/v2\/posts"}],"about":[{"href":"https:\/\/blogg.svenskakyrkan.se\/vandravagen\/wp-json\/wp\/v2\/types\/post"}],"author":[{"embeddable":true,"href":"https:\/\/blogg.svenskakyrkan.se\/vandravagen\/wp-json\/wp\/v2\/users\/392"}],"replies":[{"embeddable":true,"href":"https:\/\/blogg.svenskakyrkan.se\/vandravagen\/wp-json\/wp\/v2\/comments?post=527"}],"version-history":[{"count":0,"href":"https:\/\/blogg.svenskakyrkan.se\/vandravagen\/wp-json\/wp\/v2\/posts\/527\/revisions"}],"wp:attachment":[{"href":"https:\/\/blogg.svenskakyrkan.se\/vandravagen\/wp-json\/wp\/v2\/media?parent=527"}],"wp:term":[{"taxonomy":"category","embeddable":true,"href":"https:\/\/blogg.svenskakyrkan.se\/vandravagen\/wp-json\/wp\/v2\/categories?post=527"},{"taxonomy":"post_tag","embeddable":true,"href":"https:\/\/blogg.svenskakyrkan.se\/vandravagen\/wp-json\/wp\/v2\/tags?post=527"}],"curies":[{"name":"wp","href":"https:\/\/api.w.org\/{rel}","templated":true}]}}