{"id":528,"date":"2013-06-06T19:04:00","date_gmt":"2013-06-06T17:04:00","guid":{"rendered":"http:\/\/blogg.svenskakyrkan.se\/vandravagen\/2013\/06\/06\/5-saker-man-kan-gora-pa-nationaldagen\/"},"modified":"2013-06-06T19:04:00","modified_gmt":"2013-06-06T17:04:00","slug":"5-saker-man-kan-gora-pa-nationaldagen","status":"publish","type":"post","link":"https:\/\/blogg.svenskakyrkan.se\/vandravagen\/2013\/06\/06\/5-saker-man-kan-gora-pa-nationaldagen\/","title":{"rendered":"5 Saker man kan g\u00f6ra p\u00e5 nationaldagen"},"content":{"rendered":"<div><a href=\"http:\/\/2.bp.blogspot.com\/-71xOOztgdwg\/UbDA_LyJojI\/AAAAAAAADug\/uWcFOptsbGU\/s1600\/IMG_3414.JPG\"><img loading=\"lazy\" decoding=\"async\" border=\"0\" height=\"400\" src=\"http:\/\/2.bp.blogspot.com\/-71xOOztgdwg\/UbDA_LyJojI\/AAAAAAAADug\/uWcFOptsbGU\/s400\/IMG_3414.JPG\" width=\"266\"><\/a><a href=\"http:\/\/3.bp.blogspot.com\/-Y7_UFIJld9U\/UbDA44xpZ9I\/AAAAAAAADuY\/6qFgRADlKvc\/s1600\/flagga.jpg\"><img loading=\"lazy\" decoding=\"async\" border=\"0\" height=\"400\" src=\"http:\/\/3.bp.blogspot.com\/-Y7_UFIJld9U\/UbDA44xpZ9I\/AAAAAAAADuY\/6qFgRADlKvc\/s400\/flagga.jpg\" width=\"298\"><\/a><\/div>\n<p>Som jag skrev i morse \u00e4r det l\u00e4mpligt att<\/p>\n<p><b>1, Be f\u00f6r Sverige<\/b><\/p>\n<p>p\u00e5 nationaldagen. B\u00e5de f\u00f6r inv\u00e5nare och makthavare, f\u00f6r stort och sm\u00e5tt. Det har skett p\u00e5 en m\u00e4ngd platser runtom i v\u00e5rt land och i \u00e4nnu fler enskilda hj\u00e4rtan idag.<\/p>\n<p><b>2, Vistas i den svenska naturen<\/b><\/p>\n<p>Det \u00e4r fint, det har jag gjort. N\u00e4rmare best\u00e4mt vid munk\u00e4ngarna p\u00e5 Kinnekulle d\u00e4r ramsl\u00f6ken blommar.<\/p>\n<p><b>3, Sjunga gamla h\u00f6gst\u00e4mda s\u00e5nger<\/b><\/p>\n<p>Jo faktum \u00e4r att det blivit b\u00e5de &#8221;jag h\u00e4lsar dig v\u00e4stg\u00f6ta rike och kungss\u00e5ngen idag, men d\u00e4rtill har jag ocks\u00e5<\/p>\n<p><b>4, hurrat f\u00f6r kungen och f\u00e4derneslandet<\/b><\/p>\n<p>Och det vet jag inte helt hur jag st\u00e4ller mig till. Som del i svenska kyrkan har vi ett arv av att alltf\u00f6r mycket underst\u00f6dja r\u00e5dande ordning ist\u00e4llet f\u00f6r att ifr\u00e5gas\u00e4tta och vara den kritiska r\u00f6sten. N\u00e5ja, landet har jag inga problem med \u00e4ven om jag egentligen drar \u00e5t republikan. Mina v\u00e4nner i den Oberoende filippinska kyrkan har f\u00f6r \u00f6vrigt till och med &#8221;pro deo et patria&#8221; (f\u00f6r Gud och f\u00e4dernesland) som valspr\u00e5k. De \u00e4r inte direkt r\u00e4dda f\u00f6r nationalism d\u00e4r.<\/p>\n<p><b>5, konstatera att Sverige \u00e4r ett v\u00e4ldigt fint och bra land att bo i\u00a0<\/b><br \/><b><br \/><\/b>med alla sina brister. Jag \u00e4r glad att bo h\u00e4r. Speciellt f\u00f6r freden och v\u00e4lf\u00e4rden.<\/p>\n<p>Har du fler saker till listan?<\/p>\n","protected":false},"excerpt":{"rendered":"<p>Som jag skrev i morse \u00e4r det l\u00e4mpligt att 1, Be f\u00f6r Sverige p\u00e5 nationaldagen. B\u00e5de f\u00f6r inv\u00e5nare och makthavare, f\u00f6r stort och sm\u00e5tt. Det har skett p\u00e5 en m\u00e4ngd platser runtom i v\u00e5rt land och i \u00e4nnu fler enskilda hj\u00e4rtan idag. 2, Vistas i den svenska naturen Det \u00e4r fint, det har jag gjort. [&hellip;]<\/p>\n","protected":false},"author":392,"featured_media":0,"comment_status":"open","ping_status":"open","sticky":false,"template":"","format":"standard","meta":{"_acf_changed":false,"footnotes":""},"categories":[76766],"tags":[],"class_list":["post-528","post","type-post","status-publish","format-standard","hentry","category-blandat"],"acf":[],"yoast_head":"<!-- This site is optimized with the Yoast SEO plugin v27.1.1 - https:\/\/yoast.com\/product\/yoast-seo-wordpress\/ -->\n<title>5 Saker man kan g\u00f6ra p\u00e5 nationaldagen - Vandra V\u00e4gen<\/title>\n<meta name=\"robots\" content=\"index, follow, max-snippet:-1, max-image-preview:large, max-video-preview:-1\" \/>\n<link rel=\"canonical\" href=\"https:\/\/blogg.svenskakyrkan.se\/vandravagen\/2013\/06\/06\/5-saker-man-kan-gora-pa-nationaldagen\/\" \/>\n<meta property=\"og:locale\" content=\"sv_SE\" \/>\n<meta property=\"og:type\" content=\"article\" \/>\n<meta property=\"og:title\" content=\"5 Saker man kan g\u00f6ra p\u00e5 nationaldagen - Vandra V\u00e4gen\" \/>\n<meta property=\"og:description\" content=\"Som jag skrev i morse \u00e4r det l\u00e4mpligt att 1, Be f\u00f6r Sverige p\u00e5 nationaldagen. B\u00e5de f\u00f6r inv\u00e5nare och makthavare, f\u00f6r stort och sm\u00e5tt. Det har skett p\u00e5 en m\u00e4ngd platser runtom i v\u00e5rt land och i \u00e4nnu fler enskilda hj\u00e4rtan idag. 2, Vistas i den svenska naturen Det \u00e4r fint, det har jag gjort. [&hellip;]\" \/>\n<meta property=\"og:url\" content=\"https:\/\/blogg.svenskakyrkan.se\/vandravagen\/2013\/06\/06\/5-saker-man-kan-gora-pa-nationaldagen\/\" \/>\n<meta property=\"og:site_name\" content=\"Vandra V\u00e4gen\" \/>\n<meta property=\"article:publisher\" content=\"http:\/\/facebook.com\/vandravagen\" \/>\n<meta property=\"article:published_time\" content=\"2013-06-06T17:04:00+00:00\" \/>\n<meta property=\"og:image\" content=\"http:\/\/2.bp.blogspot.com\/-71xOOztgdwg\/UbDA_LyJojI\/AAAAAAAADug\/uWcFOptsbGU\/s400\/IMG_3414.JPG\" \/>\n<meta name=\"author\" content=\"Tomas Jarvid\" \/>\n<meta name=\"twitter:card\" content=\"summary_large_image\" \/>\n<meta name=\"twitter:creator\" content=\"@fadertomas\" \/>\n<meta name=\"twitter:site\" content=\"@fadertomas\" \/>\n<meta name=\"twitter:label1\" content=\"Skriven av\" \/>\n\t<meta name=\"twitter:data1\" content=\"Tomas Jarvid\" \/>\n\t<meta name=\"twitter:label2\" content=\"Ber\u00e4knad l\u00e4stid\" \/>\n\t<meta name=\"twitter:data2\" content=\"1 minut\" \/>\n<script type=\"application\/ld+json\" class=\"yoast-schema-graph\">{\"@context\":\"https:\/\/schema.org\",\"@graph\":[{\"@type\":\"Article\",\"@id\":\"https:\/\/blogg.svenskakyrkan.se\/vandravagen\/2013\/06\/06\/5-saker-man-kan-gora-pa-nationaldagen\/#article\",\"isPartOf\":{\"@id\":\"https:\/\/blogg.svenskakyrkan.se\/vandravagen\/2013\/06\/06\/5-saker-man-kan-gora-pa-nationaldagen\/\"},\"author\":{\"name\":\"Tomas Jarvid\",\"@id\":\"https:\/\/blogg.svenskakyrkan.se\/vandravagen\/#\/schema\/person\/25da02d4f76b137d04291711e2c9fc16\"},\"headline\":\"5 Saker man kan g\u00f6ra p\u00e5 nationaldagen\",\"datePublished\":\"2013-06-06T17:04:00+00:00\",\"mainEntityOfPage\":{\"@id\":\"https:\/\/blogg.svenskakyrkan.se\/vandravagen\/2013\/06\/06\/5-saker-man-kan-gora-pa-nationaldagen\/\"},\"wordCount\":262,\"commentCount\":0,\"publisher\":{\"@id\":\"https:\/\/blogg.svenskakyrkan.se\/vandravagen\/#organization\"},\"image\":{\"@id\":\"https:\/\/blogg.svenskakyrkan.se\/vandravagen\/2013\/06\/06\/5-saker-man-kan-gora-pa-nationaldagen\/#primaryimage\"},\"thumbnailUrl\":\"http:\/\/2.bp.blogspot.com\/-71xOOztgdwg\/UbDA_LyJojI\/AAAAAAAADug\/uWcFOptsbGU\/s400\/IMG_3414.JPG\",\"articleSection\":[\"blandat\"],\"inLanguage\":\"sv-SE\",\"potentialAction\":[{\"@type\":\"CommentAction\",\"name\":\"Comment\",\"target\":[\"https:\/\/blogg.svenskakyrkan.se\/vandravagen\/2013\/06\/06\/5-saker-man-kan-gora-pa-nationaldagen\/#respond\"]}]},{\"@type\":\"WebPage\",\"@id\":\"https:\/\/blogg.svenskakyrkan.se\/vandravagen\/2013\/06\/06\/5-saker-man-kan-gora-pa-nationaldagen\/\",\"url\":\"https:\/\/blogg.svenskakyrkan.se\/vandravagen\/2013\/06\/06\/5-saker-man-kan-gora-pa-nationaldagen\/\",\"name\":\"5 Saker man kan g\u00f6ra p\u00e5 nationaldagen - Vandra V\u00e4gen\",\"isPartOf\":{\"@id\":\"https:\/\/blogg.svenskakyrkan.se\/vandravagen\/#website\"},\"primaryImageOfPage\":{\"@id\":\"https:\/\/blogg.svenskakyrkan.se\/vandravagen\/2013\/06\/06\/5-saker-man-kan-gora-pa-nationaldagen\/#primaryimage\"},\"image\":{\"@id\":\"https:\/\/blogg.svenskakyrkan.se\/vandravagen\/2013\/06\/06\/5-saker-man-kan-gora-pa-nationaldagen\/#primaryimage\"},\"thumbnailUrl\":\"http:\/\/2.bp.blogspot.com\/-71xOOztgdwg\/UbDA_LyJojI\/AAAAAAAADug\/uWcFOptsbGU\/s400\/IMG_3414.JPG\",\"datePublished\":\"2013-06-06T17:04:00+00:00\",\"breadcrumb\":{\"@id\":\"https:\/\/blogg.svenskakyrkan.se\/vandravagen\/2013\/06\/06\/5-saker-man-kan-gora-pa-nationaldagen\/#breadcrumb\"},\"inLanguage\":\"sv-SE\",\"potentialAction\":[{\"@type\":\"ReadAction\",\"target\":[\"https:\/\/blogg.svenskakyrkan.se\/vandravagen\/2013\/06\/06\/5-saker-man-kan-gora-pa-nationaldagen\/\"]}]},{\"@type\":\"ImageObject\",\"inLanguage\":\"sv-SE\",\"@id\":\"https:\/\/blogg.svenskakyrkan.se\/vandravagen\/2013\/06\/06\/5-saker-man-kan-gora-pa-nationaldagen\/#primaryimage\",\"url\":\"http:\/\/2.bp.blogspot.com\/-71xOOztgdwg\/UbDA_LyJojI\/AAAAAAAADug\/uWcFOptsbGU\/s400\/IMG_3414.JPG\",\"contentUrl\":\"http:\/\/2.bp.blogspot.com\/-71xOOztgdwg\/UbDA_LyJojI\/AAAAAAAADug\/uWcFOptsbGU\/s400\/IMG_3414.JPG\"},{\"@type\":\"BreadcrumbList\",\"@id\":\"https:\/\/blogg.svenskakyrkan.se\/vandravagen\/2013\/06\/06\/5-saker-man-kan-gora-pa-nationaldagen\/#breadcrumb\",\"itemListElement\":[{\"@type\":\"ListItem\",\"position\":1,\"name\":\"Hem\",\"item\":\"https:\/\/blogg.svenskakyrkan.se\/vandravagen\/\"},{\"@type\":\"ListItem\",\"position\":2,\"name\":\"5 Saker man kan g\u00f6ra p\u00e5 nationaldagen\"}]},{\"@type\":\"WebSite\",\"@id\":\"https:\/\/blogg.svenskakyrkan.se\/vandravagen\/#website\",\"url\":\"https:\/\/blogg.svenskakyrkan.se\/vandravagen\/\",\"name\":\"Vandra V\u00e4gen\",\"description\":\"-Mot en tro f\u00f6r hela livet\",\"publisher\":{\"@id\":\"https:\/\/blogg.svenskakyrkan.se\/vandravagen\/#organization\"},\"potentialAction\":[{\"@type\":\"SearchAction\",\"target\":{\"@type\":\"EntryPoint\",\"urlTemplate\":\"https:\/\/blogg.svenskakyrkan.se\/vandravagen\/?s={search_term_string}\"},\"query-input\":{\"@type\":\"PropertyValueSpecification\",\"valueRequired\":true,\"valueName\":\"search_term_string\"}}],\"inLanguage\":\"sv-SE\"},{\"@type\":\"Organization\",\"@id\":\"https:\/\/blogg.svenskakyrkan.se\/vandravagen\/#organization\",\"name\":\"ulricehamns pastorat\",\"alternateName\":\"ulricehamns pastorat\",\"url\":\"https:\/\/blogg.svenskakyrkan.se\/vandravagen\/\",\"logo\":{\"@type\":\"ImageObject\",\"inLanguage\":\"sv-SE\",\"@id\":\"https:\/\/blogg.svenskakyrkan.se\/vandravagen\/#\/schema\/logo\/image\/\",\"url\":\"https:\/\/blogg.svenskakyrkan.se\/vandravagen\/files\/2023\/05\/Ulr_logo_RGB.png\",\"contentUrl\":\"https:\/\/blogg.svenskakyrkan.se\/vandravagen\/files\/2023\/05\/Ulr_logo_RGB.png\",\"width\":205,\"height\":77,\"caption\":\"ulricehamns pastorat\"},\"image\":{\"@id\":\"https:\/\/blogg.svenskakyrkan.se\/vandravagen\/#\/schema\/logo\/image\/\"},\"sameAs\":[\"http:\/\/facebook.com\/vandravagen\",\"https:\/\/x.com\/fadertomas\",\"http:\/\/www.facebook.com\/svenskakyrkaniulricehamn\"]},{\"@type\":\"Person\",\"@id\":\"https:\/\/blogg.svenskakyrkan.se\/vandravagen\/#\/schema\/person\/25da02d4f76b137d04291711e2c9fc16\",\"name\":\"Tomas Jarvid\",\"image\":{\"@type\":\"ImageObject\",\"inLanguage\":\"sv-SE\",\"@id\":\"https:\/\/blogg.svenskakyrkan.se\/vandravagen\/#\/schema\/person\/image\/\",\"url\":\"https:\/\/secure.gravatar.com\/avatar\/7fa71899795e8f540f615a1f5ab25255dc27aa40f05ee7ddd21aac521e01bf50?s=96&d=identicon&r=g\",\"contentUrl\":\"https:\/\/secure.gravatar.com\/avatar\/7fa71899795e8f540f615a1f5ab25255dc27aa40f05ee7ddd21aac521e01bf50?s=96&d=identicon&r=g\",\"caption\":\"Tomas Jarvid\"},\"description\":\"Jag bor i Ulricehamn i V\u00e4sterg\u00f6tland och \u00e4r f\u00f6rsamlingspr\u00e4st i Svenska Kyrkan f\u00f6r Dalstorps f\u00f6rsamling i Kinds pastorat. P\u00e5 den h\u00e4r bloggen skriver jag ner tankar om vandringen som kristen.\",\"sameAs\":[\"http:\/\/www.vandravagen.se\"],\"url\":\"https:\/\/blogg.svenskakyrkan.se\/vandravagen\/author\/vandravagen\/\"}]}<\/script>\n<!-- \/ Yoast SEO plugin. -->","yoast_head_json":{"title":"5 Saker man kan g\u00f6ra p\u00e5 nationaldagen - Vandra V\u00e4gen","robots":{"index":"index","follow":"follow","max-snippet":"max-snippet:-1","max-image-preview":"max-image-preview:large","max-video-preview":"max-video-preview:-1"},"canonical":"https:\/\/blogg.svenskakyrkan.se\/vandravagen\/2013\/06\/06\/5-saker-man-kan-gora-pa-nationaldagen\/","og_locale":"sv_SE","og_type":"article","og_title":"5 Saker man kan g\u00f6ra p\u00e5 nationaldagen - Vandra V\u00e4gen","og_description":"Som jag skrev i morse \u00e4r det l\u00e4mpligt att 1, Be f\u00f6r Sverige p\u00e5 nationaldagen. B\u00e5de f\u00f6r inv\u00e5nare och makthavare, f\u00f6r stort och sm\u00e5tt. Det har skett p\u00e5 en m\u00e4ngd platser runtom i v\u00e5rt land och i \u00e4nnu fler enskilda hj\u00e4rtan idag. 2, Vistas i den svenska naturen Det \u00e4r fint, det har jag gjort. [&hellip;]","og_url":"https:\/\/blogg.svenskakyrkan.se\/vandravagen\/2013\/06\/06\/5-saker-man-kan-gora-pa-nationaldagen\/","og_site_name":"Vandra V\u00e4gen","article_publisher":"http:\/\/facebook.com\/vandravagen","article_published_time":"2013-06-06T17:04:00+00:00","og_image":[{"url":"http:\/\/2.bp.blogspot.com\/-71xOOztgdwg\/UbDA_LyJojI\/AAAAAAAADug\/uWcFOptsbGU\/s400\/IMG_3414.JPG","type":"","width":"","height":""}],"author":"Tomas Jarvid","twitter_card":"summary_large_image","twitter_creator":"@fadertomas","twitter_site":"@fadertomas","twitter_misc":{"Skriven av":"Tomas Jarvid","Ber\u00e4knad l\u00e4stid":"1 minut"},"schema":{"@context":"https:\/\/schema.org","@graph":[{"@type":"Article","@id":"https:\/\/blogg.svenskakyrkan.se\/vandravagen\/2013\/06\/06\/5-saker-man-kan-gora-pa-nationaldagen\/#article","isPartOf":{"@id":"https:\/\/blogg.svenskakyrkan.se\/vandravagen\/2013\/06\/06\/5-saker-man-kan-gora-pa-nationaldagen\/"},"author":{"name":"Tomas Jarvid","@id":"https:\/\/blogg.svenskakyrkan.se\/vandravagen\/#\/schema\/person\/25da02d4f76b137d04291711e2c9fc16"},"headline":"5 Saker man kan g\u00f6ra p\u00e5 nationaldagen","datePublished":"2013-06-06T17:04:00+00:00","mainEntityOfPage":{"@id":"https:\/\/blogg.svenskakyrkan.se\/vandravagen\/2013\/06\/06\/5-saker-man-kan-gora-pa-nationaldagen\/"},"wordCount":262,"commentCount":0,"publisher":{"@id":"https:\/\/blogg.svenskakyrkan.se\/vandravagen\/#organization"},"image":{"@id":"https:\/\/blogg.svenskakyrkan.se\/vandravagen\/2013\/06\/06\/5-saker-man-kan-gora-pa-nationaldagen\/#primaryimage"},"thumbnailUrl":"http:\/\/2.bp.blogspot.com\/-71xOOztgdwg\/UbDA_LyJojI\/AAAAAAAADug\/uWcFOptsbGU\/s400\/IMG_3414.JPG","articleSection":["blandat"],"inLanguage":"sv-SE","potentialAction":[{"@type":"CommentAction","name":"Comment","target":["https:\/\/blogg.svenskakyrkan.se\/vandravagen\/2013\/06\/06\/5-saker-man-kan-gora-pa-nationaldagen\/#respond"]}]},{"@type":"WebPage","@id":"https:\/\/blogg.svenskakyrkan.se\/vandravagen\/2013\/06\/06\/5-saker-man-kan-gora-pa-nationaldagen\/","url":"https:\/\/blogg.svenskakyrkan.se\/vandravagen\/2013\/06\/06\/5-saker-man-kan-gora-pa-nationaldagen\/","name":"5 Saker man kan g\u00f6ra p\u00e5 nationaldagen - Vandra V\u00e4gen","isPartOf":{"@id":"https:\/\/blogg.svenskakyrkan.se\/vandravagen\/#website"},"primaryImageOfPage":{"@id":"https:\/\/blogg.svenskakyrkan.se\/vandravagen\/2013\/06\/06\/5-saker-man-kan-gora-pa-nationaldagen\/#primaryimage"},"image":{"@id":"https:\/\/blogg.svenskakyrkan.se\/vandravagen\/2013\/06\/06\/5-saker-man-kan-gora-pa-nationaldagen\/#primaryimage"},"thumbnailUrl":"http:\/\/2.bp.blogspot.com\/-71xOOztgdwg\/UbDA_LyJojI\/AAAAAAAADug\/uWcFOptsbGU\/s400\/IMG_3414.JPG","datePublished":"2013-06-06T17:04:00+00:00","breadcrumb":{"@id":"https:\/\/blogg.svenskakyrkan.se\/vandravagen\/2013\/06\/06\/5-saker-man-kan-gora-pa-nationaldagen\/#breadcrumb"},"inLanguage":"sv-SE","potentialAction":[{"@type":"ReadAction","target":["https:\/\/blogg.svenskakyrkan.se\/vandravagen\/2013\/06\/06\/5-saker-man-kan-gora-pa-nationaldagen\/"]}]},{"@type":"ImageObject","inLanguage":"sv-SE","@id":"https:\/\/blogg.svenskakyrkan.se\/vandravagen\/2013\/06\/06\/5-saker-man-kan-gora-pa-nationaldagen\/#primaryimage","url":"http:\/\/2.bp.blogspot.com\/-71xOOztgdwg\/UbDA_LyJojI\/AAAAAAAADug\/uWcFOptsbGU\/s400\/IMG_3414.JPG","contentUrl":"http:\/\/2.bp.blogspot.com\/-71xOOztgdwg\/UbDA_LyJojI\/AAAAAAAADug\/uWcFOptsbGU\/s400\/IMG_3414.JPG"},{"@type":"BreadcrumbList","@id":"https:\/\/blogg.svenskakyrkan.se\/vandravagen\/2013\/06\/06\/5-saker-man-kan-gora-pa-nationaldagen\/#breadcrumb","itemListElement":[{"@type":"ListItem","position":1,"name":"Hem","item":"https:\/\/blogg.svenskakyrkan.se\/vandravagen\/"},{"@type":"ListItem","position":2,"name":"5 Saker man kan g\u00f6ra p\u00e5 nationaldagen"}]},{"@type":"WebSite","@id":"https:\/\/blogg.svenskakyrkan.se\/vandravagen\/#website","url":"https:\/\/blogg.svenskakyrkan.se\/vandravagen\/","name":"Vandra V\u00e4gen","description":"-Mot en tro f\u00f6r hela livet","publisher":{"@id":"https:\/\/blogg.svenskakyrkan.se\/vandravagen\/#organization"},"potentialAction":[{"@type":"SearchAction","target":{"@type":"EntryPoint","urlTemplate":"https:\/\/blogg.svenskakyrkan.se\/vandravagen\/?s={search_term_string}"},"query-input":{"@type":"PropertyValueSpecification","valueRequired":true,"valueName":"search_term_string"}}],"inLanguage":"sv-SE"},{"@type":"Organization","@id":"https:\/\/blogg.svenskakyrkan.se\/vandravagen\/#organization","name":"ulricehamns pastorat","alternateName":"ulricehamns pastorat","url":"https:\/\/blogg.svenskakyrkan.se\/vandravagen\/","logo":{"@type":"ImageObject","inLanguage":"sv-SE","@id":"https:\/\/blogg.svenskakyrkan.se\/vandravagen\/#\/schema\/logo\/image\/","url":"https:\/\/blogg.svenskakyrkan.se\/vandravagen\/files\/2023\/05\/Ulr_logo_RGB.png","contentUrl":"https:\/\/blogg.svenskakyrkan.se\/vandravagen\/files\/2023\/05\/Ulr_logo_RGB.png","width":205,"height":77,"caption":"ulricehamns pastorat"},"image":{"@id":"https:\/\/blogg.svenskakyrkan.se\/vandravagen\/#\/schema\/logo\/image\/"},"sameAs":["http:\/\/facebook.com\/vandravagen","https:\/\/x.com\/fadertomas","http:\/\/www.facebook.com\/svenskakyrkaniulricehamn"]},{"@type":"Person","@id":"https:\/\/blogg.svenskakyrkan.se\/vandravagen\/#\/schema\/person\/25da02d4f76b137d04291711e2c9fc16","name":"Tomas Jarvid","image":{"@type":"ImageObject","inLanguage":"sv-SE","@id":"https:\/\/blogg.svenskakyrkan.se\/vandravagen\/#\/schema\/person\/image\/","url":"https:\/\/secure.gravatar.com\/avatar\/7fa71899795e8f540f615a1f5ab25255dc27aa40f05ee7ddd21aac521e01bf50?s=96&d=identicon&r=g","contentUrl":"https:\/\/secure.gravatar.com\/avatar\/7fa71899795e8f540f615a1f5ab25255dc27aa40f05ee7ddd21aac521e01bf50?s=96&d=identicon&r=g","caption":"Tomas Jarvid"},"description":"Jag bor i Ulricehamn i V\u00e4sterg\u00f6tland och \u00e4r f\u00f6rsamlingspr\u00e4st i Svenska Kyrkan f\u00f6r Dalstorps f\u00f6rsamling i Kinds pastorat. P\u00e5 den h\u00e4r bloggen skriver jag ner tankar om vandringen som kristen.","sameAs":["http:\/\/www.vandravagen.se"],"url":"https:\/\/blogg.svenskakyrkan.se\/vandravagen\/author\/vandravagen\/"}]}},"author_meta":{"ID":"392","user_nicename":"vandravagen","user_url":"http:\/\/www.vandravagen.se","user_registered":"2014-05-19 05:44:52","display_name":"Tomas Jarvid","first_name":"Tomas","last_name":"Jarvid","avatar":"https:\/\/secure.gravatar.com\/avatar\/7fa71899795e8f540f615a1f5ab25255dc27aa40f05ee7ddd21aac521e01bf50?s=96&d=identicon&r=g"},"featured_image":false,"bloginfo":{"name":"Vandra V\u00e4gen","url":"https:\/\/blogg.svenskakyrkan.se\/vandravagen"},"_links":{"self":[{"href":"https:\/\/blogg.svenskakyrkan.se\/vandravagen\/wp-json\/wp\/v2\/posts\/528","targetHints":{"allow":["GET"]}}],"collection":[{"href":"https:\/\/blogg.svenskakyrkan.se\/vandravagen\/wp-json\/wp\/v2\/posts"}],"about":[{"href":"https:\/\/blogg.svenskakyrkan.se\/vandravagen\/wp-json\/wp\/v2\/types\/post"}],"author":[{"embeddable":true,"href":"https:\/\/blogg.svenskakyrkan.se\/vandravagen\/wp-json\/wp\/v2\/users\/392"}],"replies":[{"embeddable":true,"href":"https:\/\/blogg.svenskakyrkan.se\/vandravagen\/wp-json\/wp\/v2\/comments?post=528"}],"version-history":[{"count":0,"href":"https:\/\/blogg.svenskakyrkan.se\/vandravagen\/wp-json\/wp\/v2\/posts\/528\/revisions"}],"wp:attachment":[{"href":"https:\/\/blogg.svenskakyrkan.se\/vandravagen\/wp-json\/wp\/v2\/media?parent=528"}],"wp:term":[{"taxonomy":"category","embeddable":true,"href":"https:\/\/blogg.svenskakyrkan.se\/vandravagen\/wp-json\/wp\/v2\/categories?post=528"},{"taxonomy":"post_tag","embeddable":true,"href":"https:\/\/blogg.svenskakyrkan.se\/vandravagen\/wp-json\/wp\/v2\/tags?post=528"}],"curies":[{"name":"wp","href":"https:\/\/api.w.org\/{rel}","templated":true}]}}