{"id":530,"date":"2013-06-05T20:55:00","date_gmt":"2013-06-05T18:55:00","guid":{"rendered":"http:\/\/blogg.svenskakyrkan.se\/vandravagen\/2013\/06\/05\/vuxna-ar-som-barn-som-ar-som-vuxna\/"},"modified":"2013-06-05T20:55:00","modified_gmt":"2013-06-05T18:55:00","slug":"vuxna-ar-som-barn-som-ar-som-vuxna","status":"publish","type":"post","link":"https:\/\/blogg.svenskakyrkan.se\/vandravagen\/2013\/06\/05\/vuxna-ar-som-barn-som-ar-som-vuxna\/","title":{"rendered":"Vuxna \u00e4r som barn som \u00e4r som vuxna"},"content":{"rendered":"<table align=\"center\" cellpadding=\"0\" cellspacing=\"0\">\n<tbody>\n<tr>\n<td><a href=\"http:\/\/1.bp.blogspot.com\/-XE54M2wh-b8\/Ua-JSNunMJI\/AAAAAAAADuI\/0LSOkGfYFzI\/s1600\/munka%CC%88ngen.jpg\"><img loading=\"lazy\" decoding=\"async\" border=\"0\" height=\"266\" src=\"http:\/\/1.bp.blogspot.com\/-XE54M2wh-b8\/Ua-JSNunMJI\/AAAAAAAADuI\/0LSOkGfYFzI\/s400\/munka%CC%88ngen.jpg\" width=\"400\"><\/a><\/td>\n<\/tr>\n<tr>\n<td>Barn och stor vandrar ihop<\/td>\n<\/tr>\n<\/tbody>\n<\/table>\n<p>P\u00e5 sista tiden har jag t\u00e4nkt en del p\u00e5 hur vi ser p\u00e5 barn. Ofta finns det nog en blindhet inf\u00f6r att skillnaderna trots allt \u00e4r s\u00e5 sm\u00e5 och likheterna s\u00e5 stora.<\/p>\n<div><\/div>\n<div><b>Barn tycker om att k\u00e4nna igen sig, och de vill l\u00e4sa samma saga tusen g\u00e5nger.<\/b><\/div>\n<div><\/div>\n<div>Javisst men jag d\u00e5? Visst tycker jag ocks\u00e5 om att k\u00e4nna igen mig? Jag har mina favoritgenrer jag helst l\u00e4ser och blir irriterad om de tar ut sv\u00e4ngarna f\u00f6r mycket.<\/div>\n<div><\/div>\n<div><b>Barn och unga \u00e4r elaka mot varandra och det senaste \u00e4r att n\u00e4tmobbning blivit ett stort problem.<\/b><\/div>\n<div><\/div>\n<div>Javisst, men \u00e4r vuxensamh\u00e4llet \u00e4r inte b\u00e4ttre. Anonyma hot och elakheter finns minst lika mycket d\u00e4r.<\/div>\n<div><\/div>\n<div><b>Det sker mycket skit med unga och alkohol.<\/b><\/div>\n<div><\/div>\n<div>Jod\u00e5 (kolla g\u00e4rna in\u00a0<\/div>\n<div>Samtidigt l\u00e4ste jag nyss fr\u00e5n en festival d\u00e4r det varit vuxna m\u00e4n som stod f\u00f6r precis alla alkoholincidenter.<\/div>\n<div><\/div>\n<div>Anv\u00e4nder vi vuxna g\u00e4rna unga som projektionsduk och ser hos dem det vi inte vill se hos\/bland oss sj\u00e4lva? Det \u00e4r v\u00e4rt att t\u00e4nka p\u00e5. Vi vill g\u00e4rna se barn som sm\u00e5 och okunniga och vuxna som mogna och f\u00f6rst\u00e5ndiga men hur ofta \u00e4r det mest \u00f6nsket\u00e4nkande fr\u00e5n de vuxnas sida?<\/div>\n","protected":false},"excerpt":{"rendered":"<p>Barn och stor vandrar ihop P\u00e5 sista tiden har jag t\u00e4nkt en del p\u00e5 hur vi ser p\u00e5 barn. Ofta finns det nog en blindhet inf\u00f6r att skillnaderna trots allt \u00e4r s\u00e5 sm\u00e5 och likheterna s\u00e5 stora. Barn tycker om att k\u00e4nna igen sig, och de vill l\u00e4sa samma saga tusen g\u00e5nger. Javisst men jag [&hellip;]<\/p>\n","protected":false},"author":392,"featured_media":0,"comment_status":"open","ping_status":"open","sticky":false,"template":"","format":"standard","meta":{"_acf_changed":false,"footnotes":""},"categories":[77554],"tags":[],"class_list":["post-530","post","type-post","status-publish","format-standard","hentry","category-vara-manniska"],"acf":[],"yoast_head":"<!-- This site is optimized with the Yoast SEO plugin v27.1.1 - https:\/\/yoast.com\/product\/yoast-seo-wordpress\/ -->\n<title>Vuxna \u00e4r som barn som \u00e4r som vuxna - Vandra V\u00e4gen<\/title>\n<meta name=\"robots\" content=\"index, follow, max-snippet:-1, max-image-preview:large, max-video-preview:-1\" \/>\n<link rel=\"canonical\" href=\"https:\/\/blogg.svenskakyrkan.se\/vandravagen\/2013\/06\/05\/vuxna-ar-som-barn-som-ar-som-vuxna\/\" \/>\n<meta property=\"og:locale\" content=\"sv_SE\" \/>\n<meta property=\"og:type\" content=\"article\" \/>\n<meta property=\"og:title\" content=\"Vuxna \u00e4r som barn som \u00e4r som vuxna - Vandra V\u00e4gen\" \/>\n<meta property=\"og:description\" content=\"Barn och stor vandrar ihop P\u00e5 sista tiden har jag t\u00e4nkt en del p\u00e5 hur vi ser p\u00e5 barn. Ofta finns det nog en blindhet inf\u00f6r att skillnaderna trots allt \u00e4r s\u00e5 sm\u00e5 och likheterna s\u00e5 stora. Barn tycker om att k\u00e4nna igen sig, och de vill l\u00e4sa samma saga tusen g\u00e5nger. Javisst men jag [&hellip;]\" \/>\n<meta property=\"og:url\" content=\"https:\/\/blogg.svenskakyrkan.se\/vandravagen\/2013\/06\/05\/vuxna-ar-som-barn-som-ar-som-vuxna\/\" \/>\n<meta property=\"og:site_name\" content=\"Vandra V\u00e4gen\" \/>\n<meta property=\"article:publisher\" content=\"http:\/\/facebook.com\/vandravagen\" \/>\n<meta property=\"article:published_time\" content=\"2013-06-05T18:55:00+00:00\" \/>\n<meta property=\"og:image\" content=\"http:\/\/1.bp.blogspot.com\/-XE54M2wh-b8\/Ua-JSNunMJI\/AAAAAAAADuI\/0LSOkGfYFzI\/s400\/munka%CC%88ngen.jpg\" \/>\n<meta name=\"author\" content=\"Tomas Jarvid\" \/>\n<meta name=\"twitter:card\" content=\"summary_large_image\" \/>\n<meta name=\"twitter:creator\" content=\"@fadertomas\" \/>\n<meta name=\"twitter:site\" content=\"@fadertomas\" \/>\n<meta name=\"twitter:label1\" content=\"Skriven av\" \/>\n\t<meta name=\"twitter:data1\" content=\"Tomas Jarvid\" \/>\n\t<meta name=\"twitter:label2\" content=\"Ber\u00e4knad l\u00e4stid\" \/>\n\t<meta name=\"twitter:data2\" content=\"1 minut\" \/>\n<script type=\"application\/ld+json\" class=\"yoast-schema-graph\">{\"@context\":\"https:\/\/schema.org\",\"@graph\":[{\"@type\":\"Article\",\"@id\":\"https:\/\/blogg.svenskakyrkan.se\/vandravagen\/2013\/06\/05\/vuxna-ar-som-barn-som-ar-som-vuxna\/#article\",\"isPartOf\":{\"@id\":\"https:\/\/blogg.svenskakyrkan.se\/vandravagen\/2013\/06\/05\/vuxna-ar-som-barn-som-ar-som-vuxna\/\"},\"author\":{\"name\":\"Tomas Jarvid\",\"@id\":\"https:\/\/blogg.svenskakyrkan.se\/vandravagen\/#\/schema\/person\/25da02d4f76b137d04291711e2c9fc16\"},\"headline\":\"Vuxna \u00e4r som barn som \u00e4r som vuxna\",\"datePublished\":\"2013-06-05T18:55:00+00:00\",\"mainEntityOfPage\":{\"@id\":\"https:\/\/blogg.svenskakyrkan.se\/vandravagen\/2013\/06\/05\/vuxna-ar-som-barn-som-ar-som-vuxna\/\"},\"wordCount\":234,\"commentCount\":1,\"publisher\":{\"@id\":\"https:\/\/blogg.svenskakyrkan.se\/vandravagen\/#organization\"},\"image\":{\"@id\":\"https:\/\/blogg.svenskakyrkan.se\/vandravagen\/2013\/06\/05\/vuxna-ar-som-barn-som-ar-som-vuxna\/#primaryimage\"},\"thumbnailUrl\":\"http:\/\/1.bp.blogspot.com\/-XE54M2wh-b8\/Ua-JSNunMJI\/AAAAAAAADuI\/0LSOkGfYFzI\/s400\/munka%CC%88ngen.jpg\",\"articleSection\":[\"vara m\u00e4nniska\"],\"inLanguage\":\"sv-SE\",\"potentialAction\":[{\"@type\":\"CommentAction\",\"name\":\"Comment\",\"target\":[\"https:\/\/blogg.svenskakyrkan.se\/vandravagen\/2013\/06\/05\/vuxna-ar-som-barn-som-ar-som-vuxna\/#respond\"]}]},{\"@type\":\"WebPage\",\"@id\":\"https:\/\/blogg.svenskakyrkan.se\/vandravagen\/2013\/06\/05\/vuxna-ar-som-barn-som-ar-som-vuxna\/\",\"url\":\"https:\/\/blogg.svenskakyrkan.se\/vandravagen\/2013\/06\/05\/vuxna-ar-som-barn-som-ar-som-vuxna\/\",\"name\":\"Vuxna \u00e4r som barn som \u00e4r som vuxna - Vandra V\u00e4gen\",\"isPartOf\":{\"@id\":\"https:\/\/blogg.svenskakyrkan.se\/vandravagen\/#website\"},\"primaryImageOfPage\":{\"@id\":\"https:\/\/blogg.svenskakyrkan.se\/vandravagen\/2013\/06\/05\/vuxna-ar-som-barn-som-ar-som-vuxna\/#primaryimage\"},\"image\":{\"@id\":\"https:\/\/blogg.svenskakyrkan.se\/vandravagen\/2013\/06\/05\/vuxna-ar-som-barn-som-ar-som-vuxna\/#primaryimage\"},\"thumbnailUrl\":\"http:\/\/1.bp.blogspot.com\/-XE54M2wh-b8\/Ua-JSNunMJI\/AAAAAAAADuI\/0LSOkGfYFzI\/s400\/munka%CC%88ngen.jpg\",\"datePublished\":\"2013-06-05T18:55:00+00:00\",\"breadcrumb\":{\"@id\":\"https:\/\/blogg.svenskakyrkan.se\/vandravagen\/2013\/06\/05\/vuxna-ar-som-barn-som-ar-som-vuxna\/#breadcrumb\"},\"inLanguage\":\"sv-SE\",\"potentialAction\":[{\"@type\":\"ReadAction\",\"target\":[\"https:\/\/blogg.svenskakyrkan.se\/vandravagen\/2013\/06\/05\/vuxna-ar-som-barn-som-ar-som-vuxna\/\"]}]},{\"@type\":\"ImageObject\",\"inLanguage\":\"sv-SE\",\"@id\":\"https:\/\/blogg.svenskakyrkan.se\/vandravagen\/2013\/06\/05\/vuxna-ar-som-barn-som-ar-som-vuxna\/#primaryimage\",\"url\":\"http:\/\/1.bp.blogspot.com\/-XE54M2wh-b8\/Ua-JSNunMJI\/AAAAAAAADuI\/0LSOkGfYFzI\/s400\/munka%CC%88ngen.jpg\",\"contentUrl\":\"http:\/\/1.bp.blogspot.com\/-XE54M2wh-b8\/Ua-JSNunMJI\/AAAAAAAADuI\/0LSOkGfYFzI\/s400\/munka%CC%88ngen.jpg\"},{\"@type\":\"BreadcrumbList\",\"@id\":\"https:\/\/blogg.svenskakyrkan.se\/vandravagen\/2013\/06\/05\/vuxna-ar-som-barn-som-ar-som-vuxna\/#breadcrumb\",\"itemListElement\":[{\"@type\":\"ListItem\",\"position\":1,\"name\":\"Hem\",\"item\":\"https:\/\/blogg.svenskakyrkan.se\/vandravagen\/\"},{\"@type\":\"ListItem\",\"position\":2,\"name\":\"Vuxna \u00e4r som barn som \u00e4r som vuxna\"}]},{\"@type\":\"WebSite\",\"@id\":\"https:\/\/blogg.svenskakyrkan.se\/vandravagen\/#website\",\"url\":\"https:\/\/blogg.svenskakyrkan.se\/vandravagen\/\",\"name\":\"Vandra V\u00e4gen\",\"description\":\"-Mot en tro f\u00f6r hela livet\",\"publisher\":{\"@id\":\"https:\/\/blogg.svenskakyrkan.se\/vandravagen\/#organization\"},\"potentialAction\":[{\"@type\":\"SearchAction\",\"target\":{\"@type\":\"EntryPoint\",\"urlTemplate\":\"https:\/\/blogg.svenskakyrkan.se\/vandravagen\/?s={search_term_string}\"},\"query-input\":{\"@type\":\"PropertyValueSpecification\",\"valueRequired\":true,\"valueName\":\"search_term_string\"}}],\"inLanguage\":\"sv-SE\"},{\"@type\":\"Organization\",\"@id\":\"https:\/\/blogg.svenskakyrkan.se\/vandravagen\/#organization\",\"name\":\"ulricehamns pastorat\",\"alternateName\":\"ulricehamns pastorat\",\"url\":\"https:\/\/blogg.svenskakyrkan.se\/vandravagen\/\",\"logo\":{\"@type\":\"ImageObject\",\"inLanguage\":\"sv-SE\",\"@id\":\"https:\/\/blogg.svenskakyrkan.se\/vandravagen\/#\/schema\/logo\/image\/\",\"url\":\"https:\/\/blogg.svenskakyrkan.se\/vandravagen\/files\/2023\/05\/Ulr_logo_RGB.png\",\"contentUrl\":\"https:\/\/blogg.svenskakyrkan.se\/vandravagen\/files\/2023\/05\/Ulr_logo_RGB.png\",\"width\":205,\"height\":77,\"caption\":\"ulricehamns pastorat\"},\"image\":{\"@id\":\"https:\/\/blogg.svenskakyrkan.se\/vandravagen\/#\/schema\/logo\/image\/\"},\"sameAs\":[\"http:\/\/facebook.com\/vandravagen\",\"https:\/\/x.com\/fadertomas\",\"http:\/\/www.facebook.com\/svenskakyrkaniulricehamn\"]},{\"@type\":\"Person\",\"@id\":\"https:\/\/blogg.svenskakyrkan.se\/vandravagen\/#\/schema\/person\/25da02d4f76b137d04291711e2c9fc16\",\"name\":\"Tomas Jarvid\",\"image\":{\"@type\":\"ImageObject\",\"inLanguage\":\"sv-SE\",\"@id\":\"https:\/\/blogg.svenskakyrkan.se\/vandravagen\/#\/schema\/person\/image\/\",\"url\":\"https:\/\/secure.gravatar.com\/avatar\/7fa71899795e8f540f615a1f5ab25255dc27aa40f05ee7ddd21aac521e01bf50?s=96&d=identicon&r=g\",\"contentUrl\":\"https:\/\/secure.gravatar.com\/avatar\/7fa71899795e8f540f615a1f5ab25255dc27aa40f05ee7ddd21aac521e01bf50?s=96&d=identicon&r=g\",\"caption\":\"Tomas Jarvid\"},\"description\":\"Jag bor i Ulricehamn i V\u00e4sterg\u00f6tland och \u00e4r f\u00f6rsamlingspr\u00e4st i Svenska Kyrkan f\u00f6r Dalstorps f\u00f6rsamling i Kinds pastorat. P\u00e5 den h\u00e4r bloggen skriver jag ner tankar om vandringen som kristen.\",\"sameAs\":[\"http:\/\/www.vandravagen.se\"],\"url\":\"https:\/\/blogg.svenskakyrkan.se\/vandravagen\/author\/vandravagen\/\"}]}<\/script>\n<!-- \/ Yoast SEO plugin. -->","yoast_head_json":{"title":"Vuxna \u00e4r som barn som \u00e4r som vuxna - Vandra V\u00e4gen","robots":{"index":"index","follow":"follow","max-snippet":"max-snippet:-1","max-image-preview":"max-image-preview:large","max-video-preview":"max-video-preview:-1"},"canonical":"https:\/\/blogg.svenskakyrkan.se\/vandravagen\/2013\/06\/05\/vuxna-ar-som-barn-som-ar-som-vuxna\/","og_locale":"sv_SE","og_type":"article","og_title":"Vuxna \u00e4r som barn som \u00e4r som vuxna - Vandra V\u00e4gen","og_description":"Barn och stor vandrar ihop P\u00e5 sista tiden har jag t\u00e4nkt en del p\u00e5 hur vi ser p\u00e5 barn. Ofta finns det nog en blindhet inf\u00f6r att skillnaderna trots allt \u00e4r s\u00e5 sm\u00e5 och likheterna s\u00e5 stora. Barn tycker om att k\u00e4nna igen sig, och de vill l\u00e4sa samma saga tusen g\u00e5nger. Javisst men jag [&hellip;]","og_url":"https:\/\/blogg.svenskakyrkan.se\/vandravagen\/2013\/06\/05\/vuxna-ar-som-barn-som-ar-som-vuxna\/","og_site_name":"Vandra V\u00e4gen","article_publisher":"http:\/\/facebook.com\/vandravagen","article_published_time":"2013-06-05T18:55:00+00:00","og_image":[{"url":"http:\/\/1.bp.blogspot.com\/-XE54M2wh-b8\/Ua-JSNunMJI\/AAAAAAAADuI\/0LSOkGfYFzI\/s400\/munka%CC%88ngen.jpg","type":"","width":"","height":""}],"author":"Tomas Jarvid","twitter_card":"summary_large_image","twitter_creator":"@fadertomas","twitter_site":"@fadertomas","twitter_misc":{"Skriven av":"Tomas Jarvid","Ber\u00e4knad l\u00e4stid":"1 minut"},"schema":{"@context":"https:\/\/schema.org","@graph":[{"@type":"Article","@id":"https:\/\/blogg.svenskakyrkan.se\/vandravagen\/2013\/06\/05\/vuxna-ar-som-barn-som-ar-som-vuxna\/#article","isPartOf":{"@id":"https:\/\/blogg.svenskakyrkan.se\/vandravagen\/2013\/06\/05\/vuxna-ar-som-barn-som-ar-som-vuxna\/"},"author":{"name":"Tomas Jarvid","@id":"https:\/\/blogg.svenskakyrkan.se\/vandravagen\/#\/schema\/person\/25da02d4f76b137d04291711e2c9fc16"},"headline":"Vuxna \u00e4r som barn som \u00e4r som vuxna","datePublished":"2013-06-05T18:55:00+00:00","mainEntityOfPage":{"@id":"https:\/\/blogg.svenskakyrkan.se\/vandravagen\/2013\/06\/05\/vuxna-ar-som-barn-som-ar-som-vuxna\/"},"wordCount":234,"commentCount":1,"publisher":{"@id":"https:\/\/blogg.svenskakyrkan.se\/vandravagen\/#organization"},"image":{"@id":"https:\/\/blogg.svenskakyrkan.se\/vandravagen\/2013\/06\/05\/vuxna-ar-som-barn-som-ar-som-vuxna\/#primaryimage"},"thumbnailUrl":"http:\/\/1.bp.blogspot.com\/-XE54M2wh-b8\/Ua-JSNunMJI\/AAAAAAAADuI\/0LSOkGfYFzI\/s400\/munka%CC%88ngen.jpg","articleSection":["vara m\u00e4nniska"],"inLanguage":"sv-SE","potentialAction":[{"@type":"CommentAction","name":"Comment","target":["https:\/\/blogg.svenskakyrkan.se\/vandravagen\/2013\/06\/05\/vuxna-ar-som-barn-som-ar-som-vuxna\/#respond"]}]},{"@type":"WebPage","@id":"https:\/\/blogg.svenskakyrkan.se\/vandravagen\/2013\/06\/05\/vuxna-ar-som-barn-som-ar-som-vuxna\/","url":"https:\/\/blogg.svenskakyrkan.se\/vandravagen\/2013\/06\/05\/vuxna-ar-som-barn-som-ar-som-vuxna\/","name":"Vuxna \u00e4r som barn som \u00e4r som vuxna - Vandra V\u00e4gen","isPartOf":{"@id":"https:\/\/blogg.svenskakyrkan.se\/vandravagen\/#website"},"primaryImageOfPage":{"@id":"https:\/\/blogg.svenskakyrkan.se\/vandravagen\/2013\/06\/05\/vuxna-ar-som-barn-som-ar-som-vuxna\/#primaryimage"},"image":{"@id":"https:\/\/blogg.svenskakyrkan.se\/vandravagen\/2013\/06\/05\/vuxna-ar-som-barn-som-ar-som-vuxna\/#primaryimage"},"thumbnailUrl":"http:\/\/1.bp.blogspot.com\/-XE54M2wh-b8\/Ua-JSNunMJI\/AAAAAAAADuI\/0LSOkGfYFzI\/s400\/munka%CC%88ngen.jpg","datePublished":"2013-06-05T18:55:00+00:00","breadcrumb":{"@id":"https:\/\/blogg.svenskakyrkan.se\/vandravagen\/2013\/06\/05\/vuxna-ar-som-barn-som-ar-som-vuxna\/#breadcrumb"},"inLanguage":"sv-SE","potentialAction":[{"@type":"ReadAction","target":["https:\/\/blogg.svenskakyrkan.se\/vandravagen\/2013\/06\/05\/vuxna-ar-som-barn-som-ar-som-vuxna\/"]}]},{"@type":"ImageObject","inLanguage":"sv-SE","@id":"https:\/\/blogg.svenskakyrkan.se\/vandravagen\/2013\/06\/05\/vuxna-ar-som-barn-som-ar-som-vuxna\/#primaryimage","url":"http:\/\/1.bp.blogspot.com\/-XE54M2wh-b8\/Ua-JSNunMJI\/AAAAAAAADuI\/0LSOkGfYFzI\/s400\/munka%CC%88ngen.jpg","contentUrl":"http:\/\/1.bp.blogspot.com\/-XE54M2wh-b8\/Ua-JSNunMJI\/AAAAAAAADuI\/0LSOkGfYFzI\/s400\/munka%CC%88ngen.jpg"},{"@type":"BreadcrumbList","@id":"https:\/\/blogg.svenskakyrkan.se\/vandravagen\/2013\/06\/05\/vuxna-ar-som-barn-som-ar-som-vuxna\/#breadcrumb","itemListElement":[{"@type":"ListItem","position":1,"name":"Hem","item":"https:\/\/blogg.svenskakyrkan.se\/vandravagen\/"},{"@type":"ListItem","position":2,"name":"Vuxna \u00e4r som barn som \u00e4r som vuxna"}]},{"@type":"WebSite","@id":"https:\/\/blogg.svenskakyrkan.se\/vandravagen\/#website","url":"https:\/\/blogg.svenskakyrkan.se\/vandravagen\/","name":"Vandra V\u00e4gen","description":"-Mot en tro f\u00f6r hela livet","publisher":{"@id":"https:\/\/blogg.svenskakyrkan.se\/vandravagen\/#organization"},"potentialAction":[{"@type":"SearchAction","target":{"@type":"EntryPoint","urlTemplate":"https:\/\/blogg.svenskakyrkan.se\/vandravagen\/?s={search_term_string}"},"query-input":{"@type":"PropertyValueSpecification","valueRequired":true,"valueName":"search_term_string"}}],"inLanguage":"sv-SE"},{"@type":"Organization","@id":"https:\/\/blogg.svenskakyrkan.se\/vandravagen\/#organization","name":"ulricehamns pastorat","alternateName":"ulricehamns pastorat","url":"https:\/\/blogg.svenskakyrkan.se\/vandravagen\/","logo":{"@type":"ImageObject","inLanguage":"sv-SE","@id":"https:\/\/blogg.svenskakyrkan.se\/vandravagen\/#\/schema\/logo\/image\/","url":"https:\/\/blogg.svenskakyrkan.se\/vandravagen\/files\/2023\/05\/Ulr_logo_RGB.png","contentUrl":"https:\/\/blogg.svenskakyrkan.se\/vandravagen\/files\/2023\/05\/Ulr_logo_RGB.png","width":205,"height":77,"caption":"ulricehamns pastorat"},"image":{"@id":"https:\/\/blogg.svenskakyrkan.se\/vandravagen\/#\/schema\/logo\/image\/"},"sameAs":["http:\/\/facebook.com\/vandravagen","https:\/\/x.com\/fadertomas","http:\/\/www.facebook.com\/svenskakyrkaniulricehamn"]},{"@type":"Person","@id":"https:\/\/blogg.svenskakyrkan.se\/vandravagen\/#\/schema\/person\/25da02d4f76b137d04291711e2c9fc16","name":"Tomas Jarvid","image":{"@type":"ImageObject","inLanguage":"sv-SE","@id":"https:\/\/blogg.svenskakyrkan.se\/vandravagen\/#\/schema\/person\/image\/","url":"https:\/\/secure.gravatar.com\/avatar\/7fa71899795e8f540f615a1f5ab25255dc27aa40f05ee7ddd21aac521e01bf50?s=96&d=identicon&r=g","contentUrl":"https:\/\/secure.gravatar.com\/avatar\/7fa71899795e8f540f615a1f5ab25255dc27aa40f05ee7ddd21aac521e01bf50?s=96&d=identicon&r=g","caption":"Tomas Jarvid"},"description":"Jag bor i Ulricehamn i V\u00e4sterg\u00f6tland och \u00e4r f\u00f6rsamlingspr\u00e4st i Svenska Kyrkan f\u00f6r Dalstorps f\u00f6rsamling i Kinds pastorat. P\u00e5 den h\u00e4r bloggen skriver jag ner tankar om vandringen som kristen.","sameAs":["http:\/\/www.vandravagen.se"],"url":"https:\/\/blogg.svenskakyrkan.se\/vandravagen\/author\/vandravagen\/"}]}},"author_meta":{"ID":"392","user_nicename":"vandravagen","user_url":"http:\/\/www.vandravagen.se","user_registered":"2014-05-19 05:44:52","display_name":"Tomas Jarvid","first_name":"Tomas","last_name":"Jarvid","avatar":"https:\/\/secure.gravatar.com\/avatar\/7fa71899795e8f540f615a1f5ab25255dc27aa40f05ee7ddd21aac521e01bf50?s=96&d=identicon&r=g"},"featured_image":false,"bloginfo":{"name":"Vandra V\u00e4gen","url":"https:\/\/blogg.svenskakyrkan.se\/vandravagen"},"_links":{"self":[{"href":"https:\/\/blogg.svenskakyrkan.se\/vandravagen\/wp-json\/wp\/v2\/posts\/530","targetHints":{"allow":["GET"]}}],"collection":[{"href":"https:\/\/blogg.svenskakyrkan.se\/vandravagen\/wp-json\/wp\/v2\/posts"}],"about":[{"href":"https:\/\/blogg.svenskakyrkan.se\/vandravagen\/wp-json\/wp\/v2\/types\/post"}],"author":[{"embeddable":true,"href":"https:\/\/blogg.svenskakyrkan.se\/vandravagen\/wp-json\/wp\/v2\/users\/392"}],"replies":[{"embeddable":true,"href":"https:\/\/blogg.svenskakyrkan.se\/vandravagen\/wp-json\/wp\/v2\/comments?post=530"}],"version-history":[{"count":0,"href":"https:\/\/blogg.svenskakyrkan.se\/vandravagen\/wp-json\/wp\/v2\/posts\/530\/revisions"}],"wp:attachment":[{"href":"https:\/\/blogg.svenskakyrkan.se\/vandravagen\/wp-json\/wp\/v2\/media?parent=530"}],"wp:term":[{"taxonomy":"category","embeddable":true,"href":"https:\/\/blogg.svenskakyrkan.se\/vandravagen\/wp-json\/wp\/v2\/categories?post=530"},{"taxonomy":"post_tag","embeddable":true,"href":"https:\/\/blogg.svenskakyrkan.se\/vandravagen\/wp-json\/wp\/v2\/tags?post=530"}],"curies":[{"name":"wp","href":"https:\/\/api.w.org\/{rel}","templated":true}]}}