{"id":5308,"date":"2016-12-31T07:00:15","date_gmt":"2016-12-31T06:00:15","guid":{"rendered":"http:\/\/blogg.svenskakyrkan.se\/vandravagen\/?p=5308"},"modified":"2016-12-30T19:35:43","modified_gmt":"2016-12-30T18:35:43","slug":"augustus-folkrakning-som-uppror-mot-gud","status":"publish","type":"post","link":"https:\/\/blogg.svenskakyrkan.se\/vandravagen\/2016\/12\/31\/augustus-folkrakning-som-uppror-mot-gud\/","title":{"rendered":"Augustus folkr\u00e4kning som uppror mot Gud"},"content":{"rendered":"<div id=\"attachment_5339\" style=\"width: 800px\" class=\"wp-caption aligncenter\"><a href=\"http:\/\/blogg.svenskakyrkan.se\/vandravagen\/files\/2016\/12\/Foto-2016-12-23-19-26-55.jpg\"><img loading=\"lazy\" decoding=\"async\" aria-describedby=\"caption-attachment-5339\" class=\"size-full wp-image-5339\" src=\"http:\/\/blogg.svenskakyrkan.se\/vandravagen\/files\/2016\/12\/Foto-2016-12-23-19-26-55.jpg\" alt=\"Maria pekar p\u00e5 den som \u00e4r den verkligen kungen. Och visst ser man det p\u00e5 hans h\u00e5llning?\" width=\"790\" height=\"1200\" srcset=\"https:\/\/blogg.svenskakyrkan.se\/vandravagen\/files\/2016\/12\/Foto-2016-12-23-19-26-55.jpg 790w, https:\/\/blogg.svenskakyrkan.se\/vandravagen\/files\/2016\/12\/Foto-2016-12-23-19-26-55-300x456.jpg 300w, https:\/\/blogg.svenskakyrkan.se\/vandravagen\/files\/2016\/12\/Foto-2016-12-23-19-26-55-198x300.jpg 198w\" sizes=\"auto, (max-width: 790px) 100vw, 790px\" \/><\/a><p id=\"caption-attachment-5339\" class=\"wp-caption-text\">Maria pekar p\u00e5 den som \u00e4r den verkligen kungen. Och visst ser man det p\u00e5 hans h\u00e5llning?<\/p><\/div>\n<p style=\"margin: 0cm;margin-bottom: .0001pt\">Jag har hittat n\u00e5got nytt i julevangeliet! I alla fall nytt f\u00f6r mig, och ganska sannolikt f\u00f6r dig ocks\u00e5! Det handlar om den d\u00e4r skattskrivningen och att kejsare Augustus &#8221;befallde att hela v\u00e4rlden skulle skattskrivas&#8221;. H\u00e4ng med nu.<\/p>\n<p style=\"margin: 0cm;margin-bottom: .0001pt\">\n<p style=\"margin: 0cm;margin-bottom: .0001pt\">Vi kan b\u00f6rja med att konstatera <a href=\"http:\/\/blogg.svenskakyrkan.se\/vandravagen\/2016\/12\/29\/herden-och-inte-kejsaren-har-makten\/\">det jag n\u00e4mnt i \u00e5rets julpredikan<\/a>, att det \u00e4r ett starkt inslag i julevangeliet att Jesus st\u00e5r i kontrast mot den m\u00e4ktige (?) kejsaren i Rom. Skillnaden i makt kunde inte vara st\u00f6rre \u00e4n den mellan Augustus som tror sig r\u00e5da \u00f6ver hela v\u00e4rlden och det lilla barnet i krubban. \u00c4nd\u00e5 talar \u00e4ngeln till herdarna och anv\u00e4nder kejserliga titlar om barnet de ska se (som &#8221;fr\u00e4lsare&#8221; och &#8221;Herre&#8221;, vilket man kallade kejsaren).<\/p>\n<p style=\"margin: 0cm;margin-bottom: .0001pt\">\n<p style=\"margin: 0cm;margin-bottom: .0001pt\">Jag fick tack vara en bok upp \u00f6gonen f\u00f6r att det faktiskt finns lite biblisk bakgrund till detta med att skattskriva m\u00e4nniskor i gamla testamentet. I 2 mos 30:12 (sedan Gud\u00a0nyligen slutit f\u00f6rbund med folket och gett dem\u00a0budorden) blir folket faktiskt m\u00f6nstrat och skattskrivet (de fick alla sk\u00e4nka lite av sin egendom i samband med detta) till Herren Gud. Allts\u00e5: de tillh\u00f6r redan n\u00e5gon. De \u00e4r Guds. Kejsaren har inte r\u00e4tt att r\u00e4kna dem som sina.<\/p>\n<p style=\"margin: 0cm;margin-bottom: .0001pt\">\n<p style=\"margin: 0cm;margin-bottom: .0001pt\">Det finns sedan ytterligare ett st\u00e4lle som \u00e4r intressant. I 2 sam 24 ska kung David kriga och han ger sig d\u00e5 p\u00e5 ett j\u00e4tteprojekt (n\u00e5gon f\u00e5r resa runt i ett \u00e5r eller s\u00e5 och r\u00e4kna) f\u00f6r att r\u00e4kna sitt folk och se hur m\u00e5nga k\u00e4mpar han kan r\u00e4kna med i strid. Davids r\u00e5dgivare s\u00e4ger till honom att det \u00e4r en d\u00e5lig id\u00e9 men han g\u00f6r det \u00e4nd\u00e5. Han vill se &#8221;hur mycket folk <em>jag<\/em> har&#8221;.<\/p>\n<p style=\"margin: 0cm;margin-bottom: .0001pt\">\n<p style=\"margin: 0cm;margin-bottom: .0001pt\">Detta \u00e4r en synd i Guds \u00f6gon i bibeltexten och som jag f\u00f6rst\u00e5r det beror det p\u00e5 att David\u00a0inte alls borde lita p\u00e5 antalet k\u00e4mpar han har utan lita p\u00e5 att de \u00e4r trygga eftersom Gud \u00e4r med dem. David har fallit f\u00f6r frestelsen att t\u00e4nka som de omgivande folken g\u00f6r och inte som Gud l\u00e4rt dem. Denna folkr\u00e4kning leder ocks\u00e5 till svidande konsekvenser f\u00f6r David och folket. Detta att r\u00e4kna folket framst\u00e5r som ett s\u00e4tt att ta Guds plats.<\/p>\n<p style=\"margin: 0cm;margin-bottom: .0001pt\">\n<p style=\"margin: 0cm;margin-bottom: .0001pt\">\u00c5ter nu till Augustus folkr\u00e4kning. De bibelspr\u00e4ngda judar som h\u00f6rde julevangeliet t\u00e4nkte s\u00e4kert p\u00e5 dessa h\u00e4ndelser och ryste \u00f6ver tanken p\u00e5 att en hedning till kejsare dels gjorde anspr\u00e5k p\u00e5 det som var Guds egendom, dels gjorde det p\u00e5 ett s\u00e4tt som vittnade om h\u00f6gmod och att vilja ta den plats som r\u00e4tteligen var Guds. Detta intryck st\u00e4rktes s\u00e4kert av att det i texten p\u00e5minns om kung David, det \u00e4r ju till &#8221;Davids stad Betlehem&#8221; de g\u00e5r. Vi p\u00e5 samma g\u00e5ng p\u00e5minns om hur det egentligen borde vara st\u00e4llt med kungamakten i landet, och om att inte ens David levde upp till att vara den gode kungen. Det f\u00e5r vara n\u00e5got att f\u00f6rv\u00e4nta sig av denne nye kung ist\u00e4llet.<\/p>\n<p style=\"margin: 0cm;margin-bottom: .0001pt\">\n<p style=\"margin: 0cm;margin-bottom: .0001pt\"><span style=\"color: #000000;font-size: large\">S\u00e5. Det var mina tankar om skattskrivning och folkr\u00e4kning i bibeln. Har du st\u00f6tt p\u00e5 detta f\u00f6rut? Skriv g\u00e4rna en kommentar med dina tankar!<\/span><\/p>\n","protected":false},"excerpt":{"rendered":"<p>Jag har hittat n\u00e5got nytt i julevangeliet! I alla fall nytt f\u00f6r mig, och ganska sannolikt f\u00f6r dig ocks\u00e5! Det handlar om den d\u00e4r skattskrivningen och att kejsare Augustus &#8221;befallde att hela v\u00e4rlden skulle skattskrivas&#8221;. H\u00e4ng med nu. Vi kan b\u00f6rja med att konstatera det jag n\u00e4mnt i \u00e5rets julpredikan, att det \u00e4r ett starkt [&hellip;]<\/p>\n","protected":false},"author":392,"featured_media":0,"comment_status":"open","ping_status":"open","sticky":false,"template":"","format":"standard","meta":{"_acf_changed":false,"footnotes":""},"categories":[14252,8298,76189,8341,117],"tags":[],"class_list":["post-5308","post","type-post","status-publish","format-standard","hentry","category-bibel","category-bibeln","category-dagens-kyrka","category-jul","category-teologi"],"acf":[],"yoast_head":"<!-- This site is optimized with the Yoast SEO plugin v27.1.1 - https:\/\/yoast.com\/product\/yoast-seo-wordpress\/ -->\n<title>Augustus folkr\u00e4kning som uppror mot Gud - Vandra V\u00e4gen<\/title>\n<meta name=\"robots\" content=\"index, follow, max-snippet:-1, max-image-preview:large, max-video-preview:-1\" \/>\n<link rel=\"canonical\" href=\"https:\/\/blogg.svenskakyrkan.se\/vandravagen\/2016\/12\/31\/augustus-folkrakning-som-uppror-mot-gud\/\" \/>\n<meta property=\"og:locale\" content=\"sv_SE\" \/>\n<meta property=\"og:type\" content=\"article\" \/>\n<meta property=\"og:title\" content=\"Augustus folkr\u00e4kning som uppror mot Gud - Vandra V\u00e4gen\" \/>\n<meta property=\"og:description\" content=\"Jag har hittat n\u00e5got nytt i julevangeliet! I alla fall nytt f\u00f6r mig, och ganska sannolikt f\u00f6r dig ocks\u00e5! Det handlar om den d\u00e4r skattskrivningen och att kejsare Augustus &#8221;befallde att hela v\u00e4rlden skulle skattskrivas&#8221;. H\u00e4ng med nu. Vi kan b\u00f6rja med att konstatera det jag n\u00e4mnt i \u00e5rets julpredikan, att det \u00e4r ett starkt [&hellip;]\" \/>\n<meta property=\"og:url\" content=\"https:\/\/blogg.svenskakyrkan.se\/vandravagen\/2016\/12\/31\/augustus-folkrakning-som-uppror-mot-gud\/\" \/>\n<meta property=\"og:site_name\" content=\"Vandra V\u00e4gen\" \/>\n<meta property=\"article:publisher\" content=\"http:\/\/facebook.com\/vandravagen\" \/>\n<meta property=\"article:published_time\" content=\"2016-12-31T06:00:15+00:00\" \/>\n<meta property=\"og:image\" content=\"http:\/\/blogg.svenskakyrkan.se\/vandravagen\/files\/2016\/12\/Foto-2016-12-23-19-26-55.jpg\" \/>\n<meta name=\"author\" content=\"Tomas Jarvid\" \/>\n<meta name=\"twitter:card\" content=\"summary_large_image\" \/>\n<meta name=\"twitter:creator\" content=\"@fadertomas\" \/>\n<meta name=\"twitter:site\" content=\"@fadertomas\" \/>\n<meta name=\"twitter:label1\" content=\"Skriven av\" \/>\n\t<meta name=\"twitter:data1\" content=\"Tomas Jarvid\" \/>\n\t<meta name=\"twitter:label2\" content=\"Ber\u00e4knad l\u00e4stid\" \/>\n\t<meta name=\"twitter:data2\" content=\"3 minuter\" \/>\n<script type=\"application\/ld+json\" class=\"yoast-schema-graph\">{\"@context\":\"https:\/\/schema.org\",\"@graph\":[{\"@type\":\"Article\",\"@id\":\"https:\/\/blogg.svenskakyrkan.se\/vandravagen\/2016\/12\/31\/augustus-folkrakning-som-uppror-mot-gud\/#article\",\"isPartOf\":{\"@id\":\"https:\/\/blogg.svenskakyrkan.se\/vandravagen\/2016\/12\/31\/augustus-folkrakning-som-uppror-mot-gud\/\"},\"author\":{\"name\":\"Tomas Jarvid\",\"@id\":\"https:\/\/blogg.svenskakyrkan.se\/vandravagen\/#\/schema\/person\/25da02d4f76b137d04291711e2c9fc16\"},\"headline\":\"Augustus folkr\u00e4kning som uppror mot Gud\",\"datePublished\":\"2016-12-31T06:00:15+00:00\",\"mainEntityOfPage\":{\"@id\":\"https:\/\/blogg.svenskakyrkan.se\/vandravagen\/2016\/12\/31\/augustus-folkrakning-som-uppror-mot-gud\/\"},\"wordCount\":597,\"commentCount\":8,\"publisher\":{\"@id\":\"https:\/\/blogg.svenskakyrkan.se\/vandravagen\/#organization\"},\"image\":{\"@id\":\"https:\/\/blogg.svenskakyrkan.se\/vandravagen\/2016\/12\/31\/augustus-folkrakning-som-uppror-mot-gud\/#primaryimage\"},\"thumbnailUrl\":\"http:\/\/blogg.svenskakyrkan.se\/vandravagen\/files\/2016\/12\/Foto-2016-12-23-19-26-55.jpg\",\"articleSection\":[\"bibel\",\"Bibeln\",\"Dagens Kyrka\",\"jul\",\"Teologi\"],\"inLanguage\":\"sv-SE\",\"potentialAction\":[{\"@type\":\"CommentAction\",\"name\":\"Comment\",\"target\":[\"https:\/\/blogg.svenskakyrkan.se\/vandravagen\/2016\/12\/31\/augustus-folkrakning-som-uppror-mot-gud\/#respond\"]}]},{\"@type\":\"WebPage\",\"@id\":\"https:\/\/blogg.svenskakyrkan.se\/vandravagen\/2016\/12\/31\/augustus-folkrakning-som-uppror-mot-gud\/\",\"url\":\"https:\/\/blogg.svenskakyrkan.se\/vandravagen\/2016\/12\/31\/augustus-folkrakning-som-uppror-mot-gud\/\",\"name\":\"Augustus folkr\u00e4kning som uppror mot Gud - Vandra V\u00e4gen\",\"isPartOf\":{\"@id\":\"https:\/\/blogg.svenskakyrkan.se\/vandravagen\/#website\"},\"primaryImageOfPage\":{\"@id\":\"https:\/\/blogg.svenskakyrkan.se\/vandravagen\/2016\/12\/31\/augustus-folkrakning-som-uppror-mot-gud\/#primaryimage\"},\"image\":{\"@id\":\"https:\/\/blogg.svenskakyrkan.se\/vandravagen\/2016\/12\/31\/augustus-folkrakning-som-uppror-mot-gud\/#primaryimage\"},\"thumbnailUrl\":\"http:\/\/blogg.svenskakyrkan.se\/vandravagen\/files\/2016\/12\/Foto-2016-12-23-19-26-55.jpg\",\"datePublished\":\"2016-12-31T06:00:15+00:00\",\"breadcrumb\":{\"@id\":\"https:\/\/blogg.svenskakyrkan.se\/vandravagen\/2016\/12\/31\/augustus-folkrakning-som-uppror-mot-gud\/#breadcrumb\"},\"inLanguage\":\"sv-SE\",\"potentialAction\":[{\"@type\":\"ReadAction\",\"target\":[\"https:\/\/blogg.svenskakyrkan.se\/vandravagen\/2016\/12\/31\/augustus-folkrakning-som-uppror-mot-gud\/\"]}]},{\"@type\":\"ImageObject\",\"inLanguage\":\"sv-SE\",\"@id\":\"https:\/\/blogg.svenskakyrkan.se\/vandravagen\/2016\/12\/31\/augustus-folkrakning-som-uppror-mot-gud\/#primaryimage\",\"url\":\"http:\/\/blogg.svenskakyrkan.se\/vandravagen\/files\/2016\/12\/Foto-2016-12-23-19-26-55.jpg\",\"contentUrl\":\"http:\/\/blogg.svenskakyrkan.se\/vandravagen\/files\/2016\/12\/Foto-2016-12-23-19-26-55.jpg\"},{\"@type\":\"BreadcrumbList\",\"@id\":\"https:\/\/blogg.svenskakyrkan.se\/vandravagen\/2016\/12\/31\/augustus-folkrakning-som-uppror-mot-gud\/#breadcrumb\",\"itemListElement\":[{\"@type\":\"ListItem\",\"position\":1,\"name\":\"Hem\",\"item\":\"https:\/\/blogg.svenskakyrkan.se\/vandravagen\/\"},{\"@type\":\"ListItem\",\"position\":2,\"name\":\"Augustus folkr\u00e4kning som uppror mot Gud\"}]},{\"@type\":\"WebSite\",\"@id\":\"https:\/\/blogg.svenskakyrkan.se\/vandravagen\/#website\",\"url\":\"https:\/\/blogg.svenskakyrkan.se\/vandravagen\/\",\"name\":\"Vandra V\u00e4gen\",\"description\":\"-Mot en tro f\u00f6r hela livet\",\"publisher\":{\"@id\":\"https:\/\/blogg.svenskakyrkan.se\/vandravagen\/#organization\"},\"potentialAction\":[{\"@type\":\"SearchAction\",\"target\":{\"@type\":\"EntryPoint\",\"urlTemplate\":\"https:\/\/blogg.svenskakyrkan.se\/vandravagen\/?s={search_term_string}\"},\"query-input\":{\"@type\":\"PropertyValueSpecification\",\"valueRequired\":true,\"valueName\":\"search_term_string\"}}],\"inLanguage\":\"sv-SE\"},{\"@type\":\"Organization\",\"@id\":\"https:\/\/blogg.svenskakyrkan.se\/vandravagen\/#organization\",\"name\":\"ulricehamns pastorat\",\"alternateName\":\"ulricehamns pastorat\",\"url\":\"https:\/\/blogg.svenskakyrkan.se\/vandravagen\/\",\"logo\":{\"@type\":\"ImageObject\",\"inLanguage\":\"sv-SE\",\"@id\":\"https:\/\/blogg.svenskakyrkan.se\/vandravagen\/#\/schema\/logo\/image\/\",\"url\":\"https:\/\/blogg.svenskakyrkan.se\/vandravagen\/files\/2023\/05\/Ulr_logo_RGB.png\",\"contentUrl\":\"https:\/\/blogg.svenskakyrkan.se\/vandravagen\/files\/2023\/05\/Ulr_logo_RGB.png\",\"width\":205,\"height\":77,\"caption\":\"ulricehamns pastorat\"},\"image\":{\"@id\":\"https:\/\/blogg.svenskakyrkan.se\/vandravagen\/#\/schema\/logo\/image\/\"},\"sameAs\":[\"http:\/\/facebook.com\/vandravagen\",\"https:\/\/x.com\/fadertomas\",\"http:\/\/www.facebook.com\/svenskakyrkaniulricehamn\"]},{\"@type\":\"Person\",\"@id\":\"https:\/\/blogg.svenskakyrkan.se\/vandravagen\/#\/schema\/person\/25da02d4f76b137d04291711e2c9fc16\",\"name\":\"Tomas Jarvid\",\"image\":{\"@type\":\"ImageObject\",\"inLanguage\":\"sv-SE\",\"@id\":\"https:\/\/blogg.svenskakyrkan.se\/vandravagen\/#\/schema\/person\/image\/\",\"url\":\"https:\/\/secure.gravatar.com\/avatar\/7fa71899795e8f540f615a1f5ab25255dc27aa40f05ee7ddd21aac521e01bf50?s=96&d=identicon&r=g\",\"contentUrl\":\"https:\/\/secure.gravatar.com\/avatar\/7fa71899795e8f540f615a1f5ab25255dc27aa40f05ee7ddd21aac521e01bf50?s=96&d=identicon&r=g\",\"caption\":\"Tomas Jarvid\"},\"description\":\"Jag bor i Ulricehamn i V\u00e4sterg\u00f6tland och \u00e4r f\u00f6rsamlingspr\u00e4st i Svenska Kyrkan f\u00f6r Dalstorps f\u00f6rsamling i Kinds pastorat. P\u00e5 den h\u00e4r bloggen skriver jag ner tankar om vandringen som kristen.\",\"sameAs\":[\"http:\/\/www.vandravagen.se\"],\"url\":\"https:\/\/blogg.svenskakyrkan.se\/vandravagen\/author\/vandravagen\/\"}]}<\/script>\n<!-- \/ Yoast SEO plugin. -->","yoast_head_json":{"title":"Augustus folkr\u00e4kning som uppror mot Gud - Vandra V\u00e4gen","robots":{"index":"index","follow":"follow","max-snippet":"max-snippet:-1","max-image-preview":"max-image-preview:large","max-video-preview":"max-video-preview:-1"},"canonical":"https:\/\/blogg.svenskakyrkan.se\/vandravagen\/2016\/12\/31\/augustus-folkrakning-som-uppror-mot-gud\/","og_locale":"sv_SE","og_type":"article","og_title":"Augustus folkr\u00e4kning som uppror mot Gud - Vandra V\u00e4gen","og_description":"Jag har hittat n\u00e5got nytt i julevangeliet! I alla fall nytt f\u00f6r mig, och ganska sannolikt f\u00f6r dig ocks\u00e5! Det handlar om den d\u00e4r skattskrivningen och att kejsare Augustus &#8221;befallde att hela v\u00e4rlden skulle skattskrivas&#8221;. H\u00e4ng med nu. Vi kan b\u00f6rja med att konstatera det jag n\u00e4mnt i \u00e5rets julpredikan, att det \u00e4r ett starkt [&hellip;]","og_url":"https:\/\/blogg.svenskakyrkan.se\/vandravagen\/2016\/12\/31\/augustus-folkrakning-som-uppror-mot-gud\/","og_site_name":"Vandra V\u00e4gen","article_publisher":"http:\/\/facebook.com\/vandravagen","article_published_time":"2016-12-31T06:00:15+00:00","og_image":[{"url":"http:\/\/blogg.svenskakyrkan.se\/vandravagen\/files\/2016\/12\/Foto-2016-12-23-19-26-55.jpg","type":"","width":"","height":""}],"author":"Tomas Jarvid","twitter_card":"summary_large_image","twitter_creator":"@fadertomas","twitter_site":"@fadertomas","twitter_misc":{"Skriven av":"Tomas Jarvid","Ber\u00e4knad l\u00e4stid":"3 minuter"},"schema":{"@context":"https:\/\/schema.org","@graph":[{"@type":"Article","@id":"https:\/\/blogg.svenskakyrkan.se\/vandravagen\/2016\/12\/31\/augustus-folkrakning-som-uppror-mot-gud\/#article","isPartOf":{"@id":"https:\/\/blogg.svenskakyrkan.se\/vandravagen\/2016\/12\/31\/augustus-folkrakning-som-uppror-mot-gud\/"},"author":{"name":"Tomas Jarvid","@id":"https:\/\/blogg.svenskakyrkan.se\/vandravagen\/#\/schema\/person\/25da02d4f76b137d04291711e2c9fc16"},"headline":"Augustus folkr\u00e4kning som uppror mot Gud","datePublished":"2016-12-31T06:00:15+00:00","mainEntityOfPage":{"@id":"https:\/\/blogg.svenskakyrkan.se\/vandravagen\/2016\/12\/31\/augustus-folkrakning-som-uppror-mot-gud\/"},"wordCount":597,"commentCount":8,"publisher":{"@id":"https:\/\/blogg.svenskakyrkan.se\/vandravagen\/#organization"},"image":{"@id":"https:\/\/blogg.svenskakyrkan.se\/vandravagen\/2016\/12\/31\/augustus-folkrakning-som-uppror-mot-gud\/#primaryimage"},"thumbnailUrl":"http:\/\/blogg.svenskakyrkan.se\/vandravagen\/files\/2016\/12\/Foto-2016-12-23-19-26-55.jpg","articleSection":["bibel","Bibeln","Dagens Kyrka","jul","Teologi"],"inLanguage":"sv-SE","potentialAction":[{"@type":"CommentAction","name":"Comment","target":["https:\/\/blogg.svenskakyrkan.se\/vandravagen\/2016\/12\/31\/augustus-folkrakning-som-uppror-mot-gud\/#respond"]}]},{"@type":"WebPage","@id":"https:\/\/blogg.svenskakyrkan.se\/vandravagen\/2016\/12\/31\/augustus-folkrakning-som-uppror-mot-gud\/","url":"https:\/\/blogg.svenskakyrkan.se\/vandravagen\/2016\/12\/31\/augustus-folkrakning-som-uppror-mot-gud\/","name":"Augustus folkr\u00e4kning som uppror mot Gud - Vandra V\u00e4gen","isPartOf":{"@id":"https:\/\/blogg.svenskakyrkan.se\/vandravagen\/#website"},"primaryImageOfPage":{"@id":"https:\/\/blogg.svenskakyrkan.se\/vandravagen\/2016\/12\/31\/augustus-folkrakning-som-uppror-mot-gud\/#primaryimage"},"image":{"@id":"https:\/\/blogg.svenskakyrkan.se\/vandravagen\/2016\/12\/31\/augustus-folkrakning-som-uppror-mot-gud\/#primaryimage"},"thumbnailUrl":"http:\/\/blogg.svenskakyrkan.se\/vandravagen\/files\/2016\/12\/Foto-2016-12-23-19-26-55.jpg","datePublished":"2016-12-31T06:00:15+00:00","breadcrumb":{"@id":"https:\/\/blogg.svenskakyrkan.se\/vandravagen\/2016\/12\/31\/augustus-folkrakning-som-uppror-mot-gud\/#breadcrumb"},"inLanguage":"sv-SE","potentialAction":[{"@type":"ReadAction","target":["https:\/\/blogg.svenskakyrkan.se\/vandravagen\/2016\/12\/31\/augustus-folkrakning-som-uppror-mot-gud\/"]}]},{"@type":"ImageObject","inLanguage":"sv-SE","@id":"https:\/\/blogg.svenskakyrkan.se\/vandravagen\/2016\/12\/31\/augustus-folkrakning-som-uppror-mot-gud\/#primaryimage","url":"http:\/\/blogg.svenskakyrkan.se\/vandravagen\/files\/2016\/12\/Foto-2016-12-23-19-26-55.jpg","contentUrl":"http:\/\/blogg.svenskakyrkan.se\/vandravagen\/files\/2016\/12\/Foto-2016-12-23-19-26-55.jpg"},{"@type":"BreadcrumbList","@id":"https:\/\/blogg.svenskakyrkan.se\/vandravagen\/2016\/12\/31\/augustus-folkrakning-som-uppror-mot-gud\/#breadcrumb","itemListElement":[{"@type":"ListItem","position":1,"name":"Hem","item":"https:\/\/blogg.svenskakyrkan.se\/vandravagen\/"},{"@type":"ListItem","position":2,"name":"Augustus folkr\u00e4kning som uppror mot Gud"}]},{"@type":"WebSite","@id":"https:\/\/blogg.svenskakyrkan.se\/vandravagen\/#website","url":"https:\/\/blogg.svenskakyrkan.se\/vandravagen\/","name":"Vandra V\u00e4gen","description":"-Mot en tro f\u00f6r hela livet","publisher":{"@id":"https:\/\/blogg.svenskakyrkan.se\/vandravagen\/#organization"},"potentialAction":[{"@type":"SearchAction","target":{"@type":"EntryPoint","urlTemplate":"https:\/\/blogg.svenskakyrkan.se\/vandravagen\/?s={search_term_string}"},"query-input":{"@type":"PropertyValueSpecification","valueRequired":true,"valueName":"search_term_string"}}],"inLanguage":"sv-SE"},{"@type":"Organization","@id":"https:\/\/blogg.svenskakyrkan.se\/vandravagen\/#organization","name":"ulricehamns pastorat","alternateName":"ulricehamns pastorat","url":"https:\/\/blogg.svenskakyrkan.se\/vandravagen\/","logo":{"@type":"ImageObject","inLanguage":"sv-SE","@id":"https:\/\/blogg.svenskakyrkan.se\/vandravagen\/#\/schema\/logo\/image\/","url":"https:\/\/blogg.svenskakyrkan.se\/vandravagen\/files\/2023\/05\/Ulr_logo_RGB.png","contentUrl":"https:\/\/blogg.svenskakyrkan.se\/vandravagen\/files\/2023\/05\/Ulr_logo_RGB.png","width":205,"height":77,"caption":"ulricehamns pastorat"},"image":{"@id":"https:\/\/blogg.svenskakyrkan.se\/vandravagen\/#\/schema\/logo\/image\/"},"sameAs":["http:\/\/facebook.com\/vandravagen","https:\/\/x.com\/fadertomas","http:\/\/www.facebook.com\/svenskakyrkaniulricehamn"]},{"@type":"Person","@id":"https:\/\/blogg.svenskakyrkan.se\/vandravagen\/#\/schema\/person\/25da02d4f76b137d04291711e2c9fc16","name":"Tomas Jarvid","image":{"@type":"ImageObject","inLanguage":"sv-SE","@id":"https:\/\/blogg.svenskakyrkan.se\/vandravagen\/#\/schema\/person\/image\/","url":"https:\/\/secure.gravatar.com\/avatar\/7fa71899795e8f540f615a1f5ab25255dc27aa40f05ee7ddd21aac521e01bf50?s=96&d=identicon&r=g","contentUrl":"https:\/\/secure.gravatar.com\/avatar\/7fa71899795e8f540f615a1f5ab25255dc27aa40f05ee7ddd21aac521e01bf50?s=96&d=identicon&r=g","caption":"Tomas Jarvid"},"description":"Jag bor i Ulricehamn i V\u00e4sterg\u00f6tland och \u00e4r f\u00f6rsamlingspr\u00e4st i Svenska Kyrkan f\u00f6r Dalstorps f\u00f6rsamling i Kinds pastorat. P\u00e5 den h\u00e4r bloggen skriver jag ner tankar om vandringen som kristen.","sameAs":["http:\/\/www.vandravagen.se"],"url":"https:\/\/blogg.svenskakyrkan.se\/vandravagen\/author\/vandravagen\/"}]}},"author_meta":{"ID":"392","user_nicename":"vandravagen","user_url":"http:\/\/www.vandravagen.se","user_registered":"2014-05-19 05:44:52","display_name":"Tomas Jarvid","first_name":"Tomas","last_name":"Jarvid","avatar":"https:\/\/secure.gravatar.com\/avatar\/7fa71899795e8f540f615a1f5ab25255dc27aa40f05ee7ddd21aac521e01bf50?s=96&d=identicon&r=g"},"featured_image":false,"bloginfo":{"name":"Vandra V\u00e4gen","url":"https:\/\/blogg.svenskakyrkan.se\/vandravagen"},"_links":{"self":[{"href":"https:\/\/blogg.svenskakyrkan.se\/vandravagen\/wp-json\/wp\/v2\/posts\/5308","targetHints":{"allow":["GET"]}}],"collection":[{"href":"https:\/\/blogg.svenskakyrkan.se\/vandravagen\/wp-json\/wp\/v2\/posts"}],"about":[{"href":"https:\/\/blogg.svenskakyrkan.se\/vandravagen\/wp-json\/wp\/v2\/types\/post"}],"author":[{"embeddable":true,"href":"https:\/\/blogg.svenskakyrkan.se\/vandravagen\/wp-json\/wp\/v2\/users\/392"}],"replies":[{"embeddable":true,"href":"https:\/\/blogg.svenskakyrkan.se\/vandravagen\/wp-json\/wp\/v2\/comments?post=5308"}],"version-history":[{"count":4,"href":"https:\/\/blogg.svenskakyrkan.se\/vandravagen\/wp-json\/wp\/v2\/posts\/5308\/revisions"}],"predecessor-version":[{"id":5342,"href":"https:\/\/blogg.svenskakyrkan.se\/vandravagen\/wp-json\/wp\/v2\/posts\/5308\/revisions\/5342"}],"wp:attachment":[{"href":"https:\/\/blogg.svenskakyrkan.se\/vandravagen\/wp-json\/wp\/v2\/media?parent=5308"}],"wp:term":[{"taxonomy":"category","embeddable":true,"href":"https:\/\/blogg.svenskakyrkan.se\/vandravagen\/wp-json\/wp\/v2\/categories?post=5308"},{"taxonomy":"post_tag","embeddable":true,"href":"https:\/\/blogg.svenskakyrkan.se\/vandravagen\/wp-json\/wp\/v2\/tags?post=5308"}],"curies":[{"name":"wp","href":"https:\/\/api.w.org\/{rel}","templated":true}]}}