{"id":531,"date":"2013-06-05T08:29:00","date_gmt":"2013-06-05T06:29:00","guid":{"rendered":"http:\/\/blogg.svenskakyrkan.se\/vandravagen\/2013\/06\/05\/bibellasningsskolan-del-iv-bibeln-som-deckare-eller-kokbok\/"},"modified":"2013-06-05T08:29:00","modified_gmt":"2013-06-05T06:29:00","slug":"bibellasningsskolan-del-iv-bibeln-som-deckare-eller-kokbok","status":"publish","type":"post","link":"https:\/\/blogg.svenskakyrkan.se\/vandravagen\/2013\/06\/05\/bibellasningsskolan-del-iv-bibeln-som-deckare-eller-kokbok\/","title":{"rendered":"Bibell\u00e4sningsskolan del IV; bibeln som deckare eller kokbok"},"content":{"rendered":"<table align=\"center\" cellpadding=\"0\" cellspacing=\"0\">\n<tbody>\n<tr>\n<td><a href=\"http:\/\/2.bp.blogspot.com\/-2Tgrz-cSG6Y\/UUQxHZOMipI\/AAAAAAAACwQ\/qSCj1XTODd8\/s1600\/21.jpg\"><img loading=\"lazy\" decoding=\"async\" border=\"0\" height=\"266\" src=\"http:\/\/2.bp.blogspot.com\/-2Tgrz-cSG6Y\/UUQxHZOMipI\/AAAAAAAACwQ\/qSCj1XTODd8\/s400\/21.jpg\" width=\"400\"><\/a><\/td>\n<\/tr>\n<tr>\n<td>Bibeln under lupp igen!<\/td>\n<\/tr>\n<\/tbody>\n<\/table>\n<p>Nja, deckare eller kokbok \u00e4r nog inte bibeln men de \u00e4r exempel p\u00e5 olika typer av b\u00f6cker, olika <i>genrer<\/i>.<br \/>(L\u00e4s ocks\u00e5 om att <a href=\"http:\/\/www.vandravagen.se\/2013\/04\/bibellasningsskolan-del-ii-glom-allt-du.html\">se p\u00e5 bibeln med nya \u00f6gon<\/a>, <a href=\"http:\/\/www.vandravagen.se\/2013\/05\/bibellasningsskolan-del-iii-kom-ihag.html\">komma ih\u00e5g att det \u00e4r en \u00f6vers\u00e4ttning<\/a> och <a href=\"http:\/\/www.vandravagen.se\/2013\/04\/bibellasningsskolan-del-i-sammanhanget.html\">beakta sammanhanget<\/a>).<\/p>\n<p><b>Genrer<\/b><\/p>\n<p>Bibeln \u00e4r egentligen inte en bok utan ett bibliotek, det h\u00f6r man till och med p\u00e5 ordet. Biblia p\u00e5 latin betyder &#8221;b\u00f6cker&#8221; och s\u00e5na \u00e4r det gott om i bibeln. 66 b\u00f6cker (27 i nya testamentet och 39 i gamla, l\u00e4gger man till apokryferna blir det 11 till, 77 st totalt).<\/p>\n<p>Beroende av vad f\u00f6r slags bok de skriver s\u00e5 skriver f\u00f6rfattare p\u00e5 olika s\u00e4tt. Raymond Chandler skrev h\u00e5rdkokta deckare och inleder &#8221;den stora s\u00f6mnen&#8221; med orden &#8221;jag k\u00e4nde mig ovanligt styv i korken&#8221; (vilket s\u00e4kert var h\u00e4ftigt skrivet d\u00e5). Det passar (bara!) med genrens f\u00f6rv\u00e4ntningar, annars skulle det bara l\u00e5ta m\u00e4rkligt.<\/p>\n<p>Olika skrifter f\u00f6ljer olika stilistiska och inneh\u00e5llsm\u00e4ssiga f\u00f6rv\u00e4ntningar och konventioner. Det \u00e4r bra f\u00f6r d\u00e5 k\u00e4nner man som l\u00e4sare igen sig och f\u00f6rst\u00e5r inneh\u00e5llet b\u00e4ttre. T\u00e4nk bara hur m\u00e5nga obegripliga detaljer som passerar i en ordin\u00e4r actionfilm utan att vi reagerar. Klart han faller fr\u00e5n tredje v\u00e5ningen och reser sig upp och springer vidare, det \u00e4r ju s\u00e5 det g\u00e5r till i en action! Hade det varit en dokument\u00e4r hade vi reagerat kraftigt!<\/p>\n<p><b>Bibelns genrer<\/b><\/p>\n<p>Bibeln r\u00f6r sig ocks\u00e5 med olika genrer. D\u00e4r finns historiska b\u00f6cker (som moseb\u00f6ckerna), poetiska (som psaltaren eller h\u00f6ga visan), vishetslitteratur, profetb\u00f6cker, brev, evangelier och till och med apokalypser (framf\u00f6rallt i Uppenbarelseboken). Om vi ska f\u00f6rst\u00e5 bibeln s\u00e5 bra som m\u00f6jligt \u00e4r det viktigt att vi f\u00f6rst\u00e5r de genrer de \u00e4r skrivna i s\u00e5 v\u00e4l det g\u00e5r. men det \u00e4r inte s\u00e5 enkelt eftersom de s\u00e4llan motsvarar n\u00e5gra genrer vi l\u00e4ser p\u00e5 annat h\u00e5ll.<\/p>\n<p>Psaltaren \u00e4r kanske inte s\u00e5 sv\u00e5r att genrebest\u00e4mma, den liknar p\u00e5 m\u00e5nga s\u00e4tt v\u00e5r psalmbok och rymmer en m\u00e5ngfald av poetiska uttryck. D\u00e5 \u00e4r det ofta sv\u00e5rare f\u00f6r oss att ta till oss dess bildspr\u00e5k, den \u00e4r ju skriven i en annan kultur.<\/p>\n<p>De historiska b\u00f6ckerna (som moseb\u00f6ckerna, Josua, domarboken, samuelsb\u00f6ckerna, kungab\u00f6ckerna och s\u00e5 vidare) ligger ocks\u00e5 s\u00e5pass n\u00e4ra moderna genrer att vi blir lurade av det. Visst \u00e4r de historiska verk men inte p\u00e5 det s\u00e4tt vi \u00e4r vana vid. De har inte alls bara som syfte att \u00e5terge exakta fakta, de f\u00f6rs\u00f6ker ocks\u00e5 (och kanske framf\u00f6rallt) f\u00f6rkunna om vem Gud \u00e4r och hur han handlar med sitt folk b\u00e5de d\u00e5 och nu.<\/p>\n<p>Vishetslitteraturen var viktig i orienten och fanns i m\u00e5nga l\u00e4nder men har den n\u00e5gon motsvarighet idag?<\/p>\n<p>Breven i nya testamentet f\u00f6ljer ofta standardiserade former med h\u00e4lsningar och avslutningsord som omger det huvudsakliga inneh\u00e5llet (j\u00e4mf\u00f6r till exempel med sirliga brev fr\u00e5n f\u00f6rr).<\/p>\n<p><b>Evangelierna<\/b><\/p>\n<p>Evangelierna \u00e4r kanske den viktigaste genren att f\u00f6rst\u00e5 n\u00e5gorlunda eftersom de \u00e4r s\u00e5 centrala f\u00f6r den kristna tron. Evangeliernas genre har f\u00f6rst\u00e5s diskuterats i evighet bland forskare. Likheter finns mot b\u00e5de det bibliska arvet (som den f\u00f6rkunnande historieskrivningen i GT) och till grekiska biografier i samtiden. Jag vill fr\u00e4mst lyfta fram tv\u00e5 bibelord som kan sprida ljus \u00f6ver deras syfte. F\u00f6rst fr\u00e5n Markusevangeliet 1:1<\/p>\n<blockquote>\n<p>&#8221;H\u00e4r b\u00f6rjar gl\u00e4djebudet om Jesus Kristus Guds son&#8221;.\u00a0<\/p>\n<\/blockquote>\n<p>H\u00e4rifr\u00e5n har vi ordet evangelium; &#8221;gl\u00e4djebud&#8221; eller &#8221;segerbudskap&#8221; (det kurirerna fr\u00e5n fronten kom och l\u00e4ste upp i Rom efter stora segrar).<\/p>\n<p>Och i slutet av Johannesevangeliet l\u00e4ser vi:<\/p>\n<blockquote>\n<p>&#8221;Ocks\u00e5 m\u00e5nga tecken som inte har tagits med i denna bok gjorde Jesus i sina l\u00e4rjungars \u00e5syn. Men dessa har upptecknats <i>f\u00f6r att ni skall tro att Jesus \u00e4r Messias, Guds son, och f\u00f6r att ni genom att tro skall ha liv i hans namn<\/i>.&#8221; (Joh 20:30-31, bibel 2000)<\/p>\n<\/blockquote>\n<p>Det kursiverade tydligg\u00f6r att syftet med evangeliet inte bara \u00e4r att beskriva, det \u00e4r ocks\u00e5 att predika och vittna och v\u00e4cka tro i \u00e5h\u00f6rarna och f\u00f6ra dem till egen gemenskap med Jesus.<\/p>\n<p>\u00c4ven om det inte \u00e4r helt l\u00e4tt att veta vad det \u00e4r f\u00f6r genre man l\u00e4ser kan det allts\u00e5 \u00e4nd\u00e5 finnas ledtr\u00e5dar att g\u00e5 efter om man l\u00e4ser noga. Det st\u00f6rsta steget har man redan tagit genom att b\u00f6rja t\u00e4nka i de banorna!<\/p>\n<p>\u00c4r det h\u00e4r nya tankar f\u00f6r dig? L\u00e5ter det bra? Kommentera nedan!<\/p>\n<p>L\u00e4s ocks\u00e5 om att\u00a0<a href=\"http:\/\/www.vandravagen.se\/2013\/04\/bibellasningsskolan-del-ii-glom-allt-du.html\">se p\u00e5 bibeln med nya \u00f6gon<\/a>,\u00a0<a href=\"http:\/\/www.vandravagen.se\/2013\/05\/bibellasningsskolan-del-iii-kom-ihag.html\">komma ih\u00e5g att det \u00e4r en \u00f6vers\u00e4ttning<\/a>\u00a0och\u00a0<a href=\"http:\/\/www.vandravagen.se\/2013\/04\/bibellasningsskolan-del-i-sammanhanget.html\">beakta sammanhange<\/a>t.<\/p>\n","protected":false},"excerpt":{"rendered":"<p>Bibeln under lupp igen! Nja, deckare eller kokbok \u00e4r nog inte bibeln men de \u00e4r exempel p\u00e5 olika typer av b\u00f6cker, olika genrer.(L\u00e4s ocks\u00e5 om att se p\u00e5 bibeln med nya \u00f6gon, komma ih\u00e5g att det \u00e4r en \u00f6vers\u00e4ttning och beakta sammanhanget). Genrer Bibeln \u00e4r egentligen inte en bok utan ett bibliotek, det h\u00f6r man [&hellip;]<\/p>\n","protected":false},"author":392,"featured_media":0,"comment_status":"open","ping_status":"open","sticky":false,"template":"","format":"standard","meta":{"_acf_changed":false,"footnotes":""},"categories":[14252,8298],"tags":[],"class_list":["post-531","post","type-post","status-publish","format-standard","hentry","category-bibel","category-bibeln"],"acf":[],"yoast_head":"<!-- This site is optimized with the Yoast SEO plugin v27.1.1 - https:\/\/yoast.com\/product\/yoast-seo-wordpress\/ -->\n<title>Bibell\u00e4sningsskolan del IV; bibeln som deckare eller kokbok - Vandra V\u00e4gen<\/title>\n<meta name=\"robots\" content=\"index, follow, max-snippet:-1, max-image-preview:large, max-video-preview:-1\" \/>\n<link rel=\"canonical\" href=\"https:\/\/blogg.svenskakyrkan.se\/vandravagen\/2013\/06\/05\/bibellasningsskolan-del-iv-bibeln-som-deckare-eller-kokbok\/\" \/>\n<meta property=\"og:locale\" content=\"sv_SE\" \/>\n<meta property=\"og:type\" content=\"article\" \/>\n<meta property=\"og:title\" content=\"Bibell\u00e4sningsskolan del IV; bibeln som deckare eller kokbok - Vandra V\u00e4gen\" \/>\n<meta property=\"og:description\" content=\"Bibeln under lupp igen! Nja, deckare eller kokbok \u00e4r nog inte bibeln men de \u00e4r exempel p\u00e5 olika typer av b\u00f6cker, olika genrer.(L\u00e4s ocks\u00e5 om att se p\u00e5 bibeln med nya \u00f6gon, komma ih\u00e5g att det \u00e4r en \u00f6vers\u00e4ttning och beakta sammanhanget). Genrer Bibeln \u00e4r egentligen inte en bok utan ett bibliotek, det h\u00f6r man [&hellip;]\" \/>\n<meta property=\"og:url\" content=\"https:\/\/blogg.svenskakyrkan.se\/vandravagen\/2013\/06\/05\/bibellasningsskolan-del-iv-bibeln-som-deckare-eller-kokbok\/\" \/>\n<meta property=\"og:site_name\" content=\"Vandra V\u00e4gen\" \/>\n<meta property=\"article:publisher\" content=\"http:\/\/facebook.com\/vandravagen\" \/>\n<meta property=\"article:published_time\" content=\"2013-06-05T06:29:00+00:00\" \/>\n<meta property=\"og:image\" content=\"http:\/\/2.bp.blogspot.com\/-2Tgrz-cSG6Y\/UUQxHZOMipI\/AAAAAAAACwQ\/qSCj1XTODd8\/s400\/21.jpg\" \/>\n<meta name=\"author\" content=\"Tomas Jarvid\" \/>\n<meta name=\"twitter:card\" content=\"summary_large_image\" \/>\n<meta name=\"twitter:creator\" content=\"@fadertomas\" \/>\n<meta name=\"twitter:site\" content=\"@fadertomas\" \/>\n<meta name=\"twitter:label1\" content=\"Skriven av\" \/>\n\t<meta name=\"twitter:data1\" content=\"Tomas Jarvid\" \/>\n\t<meta name=\"twitter:label2\" content=\"Ber\u00e4knad l\u00e4stid\" \/>\n\t<meta name=\"twitter:data2\" content=\"4 minuter\" \/>\n<script type=\"application\/ld+json\" class=\"yoast-schema-graph\">{\"@context\":\"https:\/\/schema.org\",\"@graph\":[{\"@type\":\"Article\",\"@id\":\"https:\/\/blogg.svenskakyrkan.se\/vandravagen\/2013\/06\/05\/bibellasningsskolan-del-iv-bibeln-som-deckare-eller-kokbok\/#article\",\"isPartOf\":{\"@id\":\"https:\/\/blogg.svenskakyrkan.se\/vandravagen\/2013\/06\/05\/bibellasningsskolan-del-iv-bibeln-som-deckare-eller-kokbok\/\"},\"author\":{\"name\":\"Tomas Jarvid\",\"@id\":\"https:\/\/blogg.svenskakyrkan.se\/vandravagen\/#\/schema\/person\/25da02d4f76b137d04291711e2c9fc16\"},\"headline\":\"Bibell\u00e4sningsskolan del IV; bibeln som deckare eller kokbok\",\"datePublished\":\"2013-06-05T06:29:00+00:00\",\"mainEntityOfPage\":{\"@id\":\"https:\/\/blogg.svenskakyrkan.se\/vandravagen\/2013\/06\/05\/bibellasningsskolan-del-iv-bibeln-som-deckare-eller-kokbok\/\"},\"wordCount\":837,\"commentCount\":0,\"publisher\":{\"@id\":\"https:\/\/blogg.svenskakyrkan.se\/vandravagen\/#organization\"},\"image\":{\"@id\":\"https:\/\/blogg.svenskakyrkan.se\/vandravagen\/2013\/06\/05\/bibellasningsskolan-del-iv-bibeln-som-deckare-eller-kokbok\/#primaryimage\"},\"thumbnailUrl\":\"http:\/\/2.bp.blogspot.com\/-2Tgrz-cSG6Y\/UUQxHZOMipI\/AAAAAAAACwQ\/qSCj1XTODd8\/s400\/21.jpg\",\"articleSection\":[\"bibel\",\"Bibeln\"],\"inLanguage\":\"sv-SE\",\"potentialAction\":[{\"@type\":\"CommentAction\",\"name\":\"Comment\",\"target\":[\"https:\/\/blogg.svenskakyrkan.se\/vandravagen\/2013\/06\/05\/bibellasningsskolan-del-iv-bibeln-som-deckare-eller-kokbok\/#respond\"]}]},{\"@type\":\"WebPage\",\"@id\":\"https:\/\/blogg.svenskakyrkan.se\/vandravagen\/2013\/06\/05\/bibellasningsskolan-del-iv-bibeln-som-deckare-eller-kokbok\/\",\"url\":\"https:\/\/blogg.svenskakyrkan.se\/vandravagen\/2013\/06\/05\/bibellasningsskolan-del-iv-bibeln-som-deckare-eller-kokbok\/\",\"name\":\"Bibell\u00e4sningsskolan del IV; bibeln som deckare eller kokbok - Vandra V\u00e4gen\",\"isPartOf\":{\"@id\":\"https:\/\/blogg.svenskakyrkan.se\/vandravagen\/#website\"},\"primaryImageOfPage\":{\"@id\":\"https:\/\/blogg.svenskakyrkan.se\/vandravagen\/2013\/06\/05\/bibellasningsskolan-del-iv-bibeln-som-deckare-eller-kokbok\/#primaryimage\"},\"image\":{\"@id\":\"https:\/\/blogg.svenskakyrkan.se\/vandravagen\/2013\/06\/05\/bibellasningsskolan-del-iv-bibeln-som-deckare-eller-kokbok\/#primaryimage\"},\"thumbnailUrl\":\"http:\/\/2.bp.blogspot.com\/-2Tgrz-cSG6Y\/UUQxHZOMipI\/AAAAAAAACwQ\/qSCj1XTODd8\/s400\/21.jpg\",\"datePublished\":\"2013-06-05T06:29:00+00:00\",\"breadcrumb\":{\"@id\":\"https:\/\/blogg.svenskakyrkan.se\/vandravagen\/2013\/06\/05\/bibellasningsskolan-del-iv-bibeln-som-deckare-eller-kokbok\/#breadcrumb\"},\"inLanguage\":\"sv-SE\",\"potentialAction\":[{\"@type\":\"ReadAction\",\"target\":[\"https:\/\/blogg.svenskakyrkan.se\/vandravagen\/2013\/06\/05\/bibellasningsskolan-del-iv-bibeln-som-deckare-eller-kokbok\/\"]}]},{\"@type\":\"ImageObject\",\"inLanguage\":\"sv-SE\",\"@id\":\"https:\/\/blogg.svenskakyrkan.se\/vandravagen\/2013\/06\/05\/bibellasningsskolan-del-iv-bibeln-som-deckare-eller-kokbok\/#primaryimage\",\"url\":\"http:\/\/2.bp.blogspot.com\/-2Tgrz-cSG6Y\/UUQxHZOMipI\/AAAAAAAACwQ\/qSCj1XTODd8\/s400\/21.jpg\",\"contentUrl\":\"http:\/\/2.bp.blogspot.com\/-2Tgrz-cSG6Y\/UUQxHZOMipI\/AAAAAAAACwQ\/qSCj1XTODd8\/s400\/21.jpg\"},{\"@type\":\"BreadcrumbList\",\"@id\":\"https:\/\/blogg.svenskakyrkan.se\/vandravagen\/2013\/06\/05\/bibellasningsskolan-del-iv-bibeln-som-deckare-eller-kokbok\/#breadcrumb\",\"itemListElement\":[{\"@type\":\"ListItem\",\"position\":1,\"name\":\"Hem\",\"item\":\"https:\/\/blogg.svenskakyrkan.se\/vandravagen\/\"},{\"@type\":\"ListItem\",\"position\":2,\"name\":\"Bibell\u00e4sningsskolan del IV; bibeln som deckare eller kokbok\"}]},{\"@type\":\"WebSite\",\"@id\":\"https:\/\/blogg.svenskakyrkan.se\/vandravagen\/#website\",\"url\":\"https:\/\/blogg.svenskakyrkan.se\/vandravagen\/\",\"name\":\"Vandra V\u00e4gen\",\"description\":\"-Mot en tro f\u00f6r hela livet\",\"publisher\":{\"@id\":\"https:\/\/blogg.svenskakyrkan.se\/vandravagen\/#organization\"},\"potentialAction\":[{\"@type\":\"SearchAction\",\"target\":{\"@type\":\"EntryPoint\",\"urlTemplate\":\"https:\/\/blogg.svenskakyrkan.se\/vandravagen\/?s={search_term_string}\"},\"query-input\":{\"@type\":\"PropertyValueSpecification\",\"valueRequired\":true,\"valueName\":\"search_term_string\"}}],\"inLanguage\":\"sv-SE\"},{\"@type\":\"Organization\",\"@id\":\"https:\/\/blogg.svenskakyrkan.se\/vandravagen\/#organization\",\"name\":\"ulricehamns pastorat\",\"alternateName\":\"ulricehamns pastorat\",\"url\":\"https:\/\/blogg.svenskakyrkan.se\/vandravagen\/\",\"logo\":{\"@type\":\"ImageObject\",\"inLanguage\":\"sv-SE\",\"@id\":\"https:\/\/blogg.svenskakyrkan.se\/vandravagen\/#\/schema\/logo\/image\/\",\"url\":\"https:\/\/blogg.svenskakyrkan.se\/vandravagen\/files\/2023\/05\/Ulr_logo_RGB.png\",\"contentUrl\":\"https:\/\/blogg.svenskakyrkan.se\/vandravagen\/files\/2023\/05\/Ulr_logo_RGB.png\",\"width\":205,\"height\":77,\"caption\":\"ulricehamns pastorat\"},\"image\":{\"@id\":\"https:\/\/blogg.svenskakyrkan.se\/vandravagen\/#\/schema\/logo\/image\/\"},\"sameAs\":[\"http:\/\/facebook.com\/vandravagen\",\"https:\/\/x.com\/fadertomas\",\"http:\/\/www.facebook.com\/svenskakyrkaniulricehamn\"]},{\"@type\":\"Person\",\"@id\":\"https:\/\/blogg.svenskakyrkan.se\/vandravagen\/#\/schema\/person\/25da02d4f76b137d04291711e2c9fc16\",\"name\":\"Tomas Jarvid\",\"image\":{\"@type\":\"ImageObject\",\"inLanguage\":\"sv-SE\",\"@id\":\"https:\/\/blogg.svenskakyrkan.se\/vandravagen\/#\/schema\/person\/image\/\",\"url\":\"https:\/\/secure.gravatar.com\/avatar\/7fa71899795e8f540f615a1f5ab25255dc27aa40f05ee7ddd21aac521e01bf50?s=96&d=identicon&r=g\",\"contentUrl\":\"https:\/\/secure.gravatar.com\/avatar\/7fa71899795e8f540f615a1f5ab25255dc27aa40f05ee7ddd21aac521e01bf50?s=96&d=identicon&r=g\",\"caption\":\"Tomas Jarvid\"},\"description\":\"Jag bor i Ulricehamn i V\u00e4sterg\u00f6tland och \u00e4r f\u00f6rsamlingspr\u00e4st i Svenska Kyrkan f\u00f6r Dalstorps f\u00f6rsamling i Kinds pastorat. P\u00e5 den h\u00e4r bloggen skriver jag ner tankar om vandringen som kristen.\",\"sameAs\":[\"http:\/\/www.vandravagen.se\"],\"url\":\"https:\/\/blogg.svenskakyrkan.se\/vandravagen\/author\/vandravagen\/\"}]}<\/script>\n<!-- \/ Yoast SEO plugin. -->","yoast_head_json":{"title":"Bibell\u00e4sningsskolan del IV; bibeln som deckare eller kokbok - Vandra V\u00e4gen","robots":{"index":"index","follow":"follow","max-snippet":"max-snippet:-1","max-image-preview":"max-image-preview:large","max-video-preview":"max-video-preview:-1"},"canonical":"https:\/\/blogg.svenskakyrkan.se\/vandravagen\/2013\/06\/05\/bibellasningsskolan-del-iv-bibeln-som-deckare-eller-kokbok\/","og_locale":"sv_SE","og_type":"article","og_title":"Bibell\u00e4sningsskolan del IV; bibeln som deckare eller kokbok - Vandra V\u00e4gen","og_description":"Bibeln under lupp igen! Nja, deckare eller kokbok \u00e4r nog inte bibeln men de \u00e4r exempel p\u00e5 olika typer av b\u00f6cker, olika genrer.(L\u00e4s ocks\u00e5 om att se p\u00e5 bibeln med nya \u00f6gon, komma ih\u00e5g att det \u00e4r en \u00f6vers\u00e4ttning och beakta sammanhanget). Genrer Bibeln \u00e4r egentligen inte en bok utan ett bibliotek, det h\u00f6r man [&hellip;]","og_url":"https:\/\/blogg.svenskakyrkan.se\/vandravagen\/2013\/06\/05\/bibellasningsskolan-del-iv-bibeln-som-deckare-eller-kokbok\/","og_site_name":"Vandra V\u00e4gen","article_publisher":"http:\/\/facebook.com\/vandravagen","article_published_time":"2013-06-05T06:29:00+00:00","og_image":[{"url":"http:\/\/2.bp.blogspot.com\/-2Tgrz-cSG6Y\/UUQxHZOMipI\/AAAAAAAACwQ\/qSCj1XTODd8\/s400\/21.jpg","type":"","width":"","height":""}],"author":"Tomas Jarvid","twitter_card":"summary_large_image","twitter_creator":"@fadertomas","twitter_site":"@fadertomas","twitter_misc":{"Skriven av":"Tomas Jarvid","Ber\u00e4knad l\u00e4stid":"4 minuter"},"schema":{"@context":"https:\/\/schema.org","@graph":[{"@type":"Article","@id":"https:\/\/blogg.svenskakyrkan.se\/vandravagen\/2013\/06\/05\/bibellasningsskolan-del-iv-bibeln-som-deckare-eller-kokbok\/#article","isPartOf":{"@id":"https:\/\/blogg.svenskakyrkan.se\/vandravagen\/2013\/06\/05\/bibellasningsskolan-del-iv-bibeln-som-deckare-eller-kokbok\/"},"author":{"name":"Tomas Jarvid","@id":"https:\/\/blogg.svenskakyrkan.se\/vandravagen\/#\/schema\/person\/25da02d4f76b137d04291711e2c9fc16"},"headline":"Bibell\u00e4sningsskolan del IV; bibeln som deckare eller kokbok","datePublished":"2013-06-05T06:29:00+00:00","mainEntityOfPage":{"@id":"https:\/\/blogg.svenskakyrkan.se\/vandravagen\/2013\/06\/05\/bibellasningsskolan-del-iv-bibeln-som-deckare-eller-kokbok\/"},"wordCount":837,"commentCount":0,"publisher":{"@id":"https:\/\/blogg.svenskakyrkan.se\/vandravagen\/#organization"},"image":{"@id":"https:\/\/blogg.svenskakyrkan.se\/vandravagen\/2013\/06\/05\/bibellasningsskolan-del-iv-bibeln-som-deckare-eller-kokbok\/#primaryimage"},"thumbnailUrl":"http:\/\/2.bp.blogspot.com\/-2Tgrz-cSG6Y\/UUQxHZOMipI\/AAAAAAAACwQ\/qSCj1XTODd8\/s400\/21.jpg","articleSection":["bibel","Bibeln"],"inLanguage":"sv-SE","potentialAction":[{"@type":"CommentAction","name":"Comment","target":["https:\/\/blogg.svenskakyrkan.se\/vandravagen\/2013\/06\/05\/bibellasningsskolan-del-iv-bibeln-som-deckare-eller-kokbok\/#respond"]}]},{"@type":"WebPage","@id":"https:\/\/blogg.svenskakyrkan.se\/vandravagen\/2013\/06\/05\/bibellasningsskolan-del-iv-bibeln-som-deckare-eller-kokbok\/","url":"https:\/\/blogg.svenskakyrkan.se\/vandravagen\/2013\/06\/05\/bibellasningsskolan-del-iv-bibeln-som-deckare-eller-kokbok\/","name":"Bibell\u00e4sningsskolan del IV; bibeln som deckare eller kokbok - Vandra V\u00e4gen","isPartOf":{"@id":"https:\/\/blogg.svenskakyrkan.se\/vandravagen\/#website"},"primaryImageOfPage":{"@id":"https:\/\/blogg.svenskakyrkan.se\/vandravagen\/2013\/06\/05\/bibellasningsskolan-del-iv-bibeln-som-deckare-eller-kokbok\/#primaryimage"},"image":{"@id":"https:\/\/blogg.svenskakyrkan.se\/vandravagen\/2013\/06\/05\/bibellasningsskolan-del-iv-bibeln-som-deckare-eller-kokbok\/#primaryimage"},"thumbnailUrl":"http:\/\/2.bp.blogspot.com\/-2Tgrz-cSG6Y\/UUQxHZOMipI\/AAAAAAAACwQ\/qSCj1XTODd8\/s400\/21.jpg","datePublished":"2013-06-05T06:29:00+00:00","breadcrumb":{"@id":"https:\/\/blogg.svenskakyrkan.se\/vandravagen\/2013\/06\/05\/bibellasningsskolan-del-iv-bibeln-som-deckare-eller-kokbok\/#breadcrumb"},"inLanguage":"sv-SE","potentialAction":[{"@type":"ReadAction","target":["https:\/\/blogg.svenskakyrkan.se\/vandravagen\/2013\/06\/05\/bibellasningsskolan-del-iv-bibeln-som-deckare-eller-kokbok\/"]}]},{"@type":"ImageObject","inLanguage":"sv-SE","@id":"https:\/\/blogg.svenskakyrkan.se\/vandravagen\/2013\/06\/05\/bibellasningsskolan-del-iv-bibeln-som-deckare-eller-kokbok\/#primaryimage","url":"http:\/\/2.bp.blogspot.com\/-2Tgrz-cSG6Y\/UUQxHZOMipI\/AAAAAAAACwQ\/qSCj1XTODd8\/s400\/21.jpg","contentUrl":"http:\/\/2.bp.blogspot.com\/-2Tgrz-cSG6Y\/UUQxHZOMipI\/AAAAAAAACwQ\/qSCj1XTODd8\/s400\/21.jpg"},{"@type":"BreadcrumbList","@id":"https:\/\/blogg.svenskakyrkan.se\/vandravagen\/2013\/06\/05\/bibellasningsskolan-del-iv-bibeln-som-deckare-eller-kokbok\/#breadcrumb","itemListElement":[{"@type":"ListItem","position":1,"name":"Hem","item":"https:\/\/blogg.svenskakyrkan.se\/vandravagen\/"},{"@type":"ListItem","position":2,"name":"Bibell\u00e4sningsskolan del IV; bibeln som deckare eller kokbok"}]},{"@type":"WebSite","@id":"https:\/\/blogg.svenskakyrkan.se\/vandravagen\/#website","url":"https:\/\/blogg.svenskakyrkan.se\/vandravagen\/","name":"Vandra V\u00e4gen","description":"-Mot en tro f\u00f6r hela livet","publisher":{"@id":"https:\/\/blogg.svenskakyrkan.se\/vandravagen\/#organization"},"potentialAction":[{"@type":"SearchAction","target":{"@type":"EntryPoint","urlTemplate":"https:\/\/blogg.svenskakyrkan.se\/vandravagen\/?s={search_term_string}"},"query-input":{"@type":"PropertyValueSpecification","valueRequired":true,"valueName":"search_term_string"}}],"inLanguage":"sv-SE"},{"@type":"Organization","@id":"https:\/\/blogg.svenskakyrkan.se\/vandravagen\/#organization","name":"ulricehamns pastorat","alternateName":"ulricehamns pastorat","url":"https:\/\/blogg.svenskakyrkan.se\/vandravagen\/","logo":{"@type":"ImageObject","inLanguage":"sv-SE","@id":"https:\/\/blogg.svenskakyrkan.se\/vandravagen\/#\/schema\/logo\/image\/","url":"https:\/\/blogg.svenskakyrkan.se\/vandravagen\/files\/2023\/05\/Ulr_logo_RGB.png","contentUrl":"https:\/\/blogg.svenskakyrkan.se\/vandravagen\/files\/2023\/05\/Ulr_logo_RGB.png","width":205,"height":77,"caption":"ulricehamns pastorat"},"image":{"@id":"https:\/\/blogg.svenskakyrkan.se\/vandravagen\/#\/schema\/logo\/image\/"},"sameAs":["http:\/\/facebook.com\/vandravagen","https:\/\/x.com\/fadertomas","http:\/\/www.facebook.com\/svenskakyrkaniulricehamn"]},{"@type":"Person","@id":"https:\/\/blogg.svenskakyrkan.se\/vandravagen\/#\/schema\/person\/25da02d4f76b137d04291711e2c9fc16","name":"Tomas Jarvid","image":{"@type":"ImageObject","inLanguage":"sv-SE","@id":"https:\/\/blogg.svenskakyrkan.se\/vandravagen\/#\/schema\/person\/image\/","url":"https:\/\/secure.gravatar.com\/avatar\/7fa71899795e8f540f615a1f5ab25255dc27aa40f05ee7ddd21aac521e01bf50?s=96&d=identicon&r=g","contentUrl":"https:\/\/secure.gravatar.com\/avatar\/7fa71899795e8f540f615a1f5ab25255dc27aa40f05ee7ddd21aac521e01bf50?s=96&d=identicon&r=g","caption":"Tomas Jarvid"},"description":"Jag bor i Ulricehamn i V\u00e4sterg\u00f6tland och \u00e4r f\u00f6rsamlingspr\u00e4st i Svenska Kyrkan f\u00f6r Dalstorps f\u00f6rsamling i Kinds pastorat. P\u00e5 den h\u00e4r bloggen skriver jag ner tankar om vandringen som kristen.","sameAs":["http:\/\/www.vandravagen.se"],"url":"https:\/\/blogg.svenskakyrkan.se\/vandravagen\/author\/vandravagen\/"}]}},"author_meta":{"ID":"392","user_nicename":"vandravagen","user_url":"http:\/\/www.vandravagen.se","user_registered":"2014-05-19 05:44:52","display_name":"Tomas Jarvid","first_name":"Tomas","last_name":"Jarvid","avatar":"https:\/\/secure.gravatar.com\/avatar\/7fa71899795e8f540f615a1f5ab25255dc27aa40f05ee7ddd21aac521e01bf50?s=96&d=identicon&r=g"},"featured_image":false,"bloginfo":{"name":"Vandra V\u00e4gen","url":"https:\/\/blogg.svenskakyrkan.se\/vandravagen"},"_links":{"self":[{"href":"https:\/\/blogg.svenskakyrkan.se\/vandravagen\/wp-json\/wp\/v2\/posts\/531","targetHints":{"allow":["GET"]}}],"collection":[{"href":"https:\/\/blogg.svenskakyrkan.se\/vandravagen\/wp-json\/wp\/v2\/posts"}],"about":[{"href":"https:\/\/blogg.svenskakyrkan.se\/vandravagen\/wp-json\/wp\/v2\/types\/post"}],"author":[{"embeddable":true,"href":"https:\/\/blogg.svenskakyrkan.se\/vandravagen\/wp-json\/wp\/v2\/users\/392"}],"replies":[{"embeddable":true,"href":"https:\/\/blogg.svenskakyrkan.se\/vandravagen\/wp-json\/wp\/v2\/comments?post=531"}],"version-history":[{"count":0,"href":"https:\/\/blogg.svenskakyrkan.se\/vandravagen\/wp-json\/wp\/v2\/posts\/531\/revisions"}],"wp:attachment":[{"href":"https:\/\/blogg.svenskakyrkan.se\/vandravagen\/wp-json\/wp\/v2\/media?parent=531"}],"wp:term":[{"taxonomy":"category","embeddable":true,"href":"https:\/\/blogg.svenskakyrkan.se\/vandravagen\/wp-json\/wp\/v2\/categories?post=531"},{"taxonomy":"post_tag","embeddable":true,"href":"https:\/\/blogg.svenskakyrkan.se\/vandravagen\/wp-json\/wp\/v2\/tags?post=531"}],"curies":[{"name":"wp","href":"https:\/\/api.w.org\/{rel}","templated":true}]}}