{"id":533,"date":"2013-06-04T08:12:00","date_gmt":"2013-06-04T06:12:00","guid":{"rendered":"http:\/\/blogg.svenskakyrkan.se\/vandravagen\/2013\/06\/04\/veckans-favorittweets\/"},"modified":"2013-06-04T08:12:00","modified_gmt":"2013-06-04T06:12:00","slug":"veckans-favorittweets","status":"publish","type":"post","link":"https:\/\/blogg.svenskakyrkan.se\/vandravagen\/2013\/06\/04\/veckans-favorittweets\/","title":{"rendered":"Veckans favorittweets"},"content":{"rendered":"<div>Tisdag morgon. Klockan \u00e4r knappt 6 p\u00e5 morgonen n\u00e4r jag b\u00f6rjar skriva detta, inte mycket s\u00f6mn med bebis i huset. Sk\u00f6nt d\u00e5 att s\u00e5 m\u00e5nga hj\u00e4lpt mig med den h\u00e4r bloggposten. Kloka ord och fyndigheter fr\u00e5n veckan som g\u00e5tt i en stor h\u00f6g. Bara att dyka i!<\/div>\n<div><\/div>\n<div><b>Kristna (eller vad 17 jag nu ska kalla den h\u00e4r rubriken) tweets<\/b><\/div>\n<div><b><br \/><\/b><\/div>\n<div><b><br \/><\/b><\/div>\n<div><a href=\"http:\/\/4.bp.blogspot.com\/-MCxt4ngCFgA\/Ua1mGiygB2I\/AAAAAAAADqk\/nI49LBJQwBQ\/s1600\/Ska%CC%88rmavbild+2013-06-03+kl.+19.56.44.png\"><img loading=\"lazy\" decoding=\"async\" border=\"0\" height=\"60\" src=\"http:\/\/4.bp.blogspot.com\/-MCxt4ngCFgA\/Ua1mGiygB2I\/AAAAAAAADqk\/nI49LBJQwBQ\/s400\/Ska%CC%88rmavbild+2013-06-03+kl.+19.56.44.png\" width=\"400\"><\/a><\/div>\n<div><\/div>\n<div><\/div>\n<div><\/div>\n<div><a href=\"http:\/\/1.bp.blogspot.com\/-gDuogMV2dMc\/Ua1mJNRMOAI\/AAAAAAAADq8\/LOB5xJ0ZPDw\/s1600\/Ska%CC%88rmavbild+2013-06-03+kl.+19.59.12.png\"><img loading=\"lazy\" decoding=\"async\" border=\"0\" height=\"73\" src=\"http:\/\/1.bp.blogspot.com\/-gDuogMV2dMc\/Ua1mJNRMOAI\/AAAAAAAADq8\/LOB5xJ0ZPDw\/s400\/Ska%CC%88rmavbild+2013-06-03+kl.+19.59.12.png\" width=\"400\"><\/a><\/div>\n<div><\/div>\n<div><\/div>\n<div><\/div>\n<div><a href=\"http:\/\/3.bp.blogspot.com\/-Zjdhqg2oBfw\/Ua1mRi9Ns5I\/AAAAAAAADsg\/eM5o3jPBZBA\/s1600\/Ska%CC%88rmavbild+2013-06-03+kl.+20.09.09.png\"><img loading=\"lazy\" decoding=\"async\" border=\"0\" height=\"80\" src=\"http:\/\/3.bp.blogspot.com\/-Zjdhqg2oBfw\/Ua1mRi9Ns5I\/AAAAAAAADsg\/eM5o3jPBZBA\/s400\/Ska%CC%88rmavbild+2013-06-03+kl.+20.09.09.png\" width=\"400\"><\/a><\/div>\n<div><\/div>\n<div><\/div>\n<div><a href=\"http:\/\/4.bp.blogspot.com\/-WF8w__3Kb28\/Ua1mLLWVEkI\/AAAAAAAADrY\/9Qd1xHOOeBE\/s1600\/Ska%CC%88rmavbild+2013-06-03+kl.+20.03.36.png\"><img loading=\"lazy\" decoding=\"async\" border=\"0\" height=\"65\" src=\"http:\/\/4.bp.blogspot.com\/-WF8w__3Kb28\/Ua1mLLWVEkI\/AAAAAAAADrY\/9Qd1xHOOeBE\/s400\/Ska%CC%88rmavbild+2013-06-03+kl.+20.03.36.png\" width=\"400\"><\/a><\/div>\n<div><\/div>\n<div><\/div>\n<div><\/div>\n<div><a href=\"http:\/\/2.bp.blogspot.com\/-JT6kDNS38Kw\/Ua1mVvkJyJI\/AAAAAAAADtQ\/GvIpB1DdIyQ\/s1600\/Ska%CC%88rmavbild+2013-06-03+kl.+20.11.32.png\"><img loading=\"lazy\" decoding=\"async\" border=\"0\" height=\"75\" src=\"http:\/\/2.bp.blogspot.com\/-JT6kDNS38Kw\/Ua1mVvkJyJI\/AAAAAAAADtQ\/GvIpB1DdIyQ\/s400\/Ska%CC%88rmavbild+2013-06-03+kl.+20.11.32.png\" width=\"400\"><\/a><\/div>\n<div><\/div>\n<div><\/div>\n<div><\/div>\n<div><b>Kloka tweets<\/b><\/div>\n<div><\/div>\n<div><\/div>\n<div><a href=\"http:\/\/4.bp.blogspot.com\/-V4IznJ9TPNI\/Ua1mG4NLxaI\/AAAAAAAADqo\/H5eXzVf6kvk\/s1600\/Ska%CC%88rmavbild+2013-06-03+kl.+19.56.11.png\"><img loading=\"lazy\" decoding=\"async\" border=\"0\" height=\"57\" src=\"http:\/\/4.bp.blogspot.com\/-V4IznJ9TPNI\/Ua1mG4NLxaI\/AAAAAAAADqo\/H5eXzVf6kvk\/s400\/Ska%CC%88rmavbild+2013-06-03+kl.+19.56.11.png\" width=\"400\"><\/a><\/div>\n<div><\/div>\n<div><\/div>\n<\/p>\n<div><a href=\"http:\/\/1.bp.blogspot.com\/-vi79DBibN-o\/Ua1mGoLygzI\/AAAAAAAADqg\/6QQMxjLxx0k\/s1600\/Ska%CC%88rmavbild+2013-06-03+kl.+19.56.24.png\"><img loading=\"lazy\" decoding=\"async\" border=\"0\" height=\"56\" src=\"http:\/\/1.bp.blogspot.com\/-vi79DBibN-o\/Ua1mGoLygzI\/AAAAAAAADqg\/6QQMxjLxx0k\/s400\/Ska%CC%88rmavbild+2013-06-03+kl.+19.56.24.png\" width=\"400\"><\/a><\/div>\n<div><\/div>\n<div><\/div>\n<div><a href=\"http:\/\/1.bp.blogspot.com\/-bj6ZMPH0BeY\/Ua1mNCG5btI\/AAAAAAAADr4\/P_YXgzIGDxA\/s1600\/Ska%CC%88rmavbild+2013-06-03+kl.+20.04.17.png\"><img loading=\"lazy\" decoding=\"async\" border=\"0\" height=\"70\" src=\"http:\/\/1.bp.blogspot.com\/-bj6ZMPH0BeY\/Ua1mNCG5btI\/AAAAAAAADr4\/P_YXgzIGDxA\/s400\/Ska%CC%88rmavbild+2013-06-03+kl.+20.04.17.png\" width=\"400\"><\/a><\/div>\n<div><\/div>\n<div><\/div>\n<div><a href=\"http:\/\/3.bp.blogspot.com\/-9hu-NnAEVVE\/Ua1mPq6LkoI\/AAAAAAAADsM\/-pacIm72VzM\/s1600\/Ska%CC%88rmavbild+2013-06-03+kl.+20.07.54.png\"><img loading=\"lazy\" decoding=\"async\" border=\"0\" height=\"71\" src=\"http:\/\/3.bp.blogspot.com\/-9hu-NnAEVVE\/Ua1mPq6LkoI\/AAAAAAAADsM\/-pacIm72VzM\/s400\/Ska%CC%88rmavbild+2013-06-03+kl.+20.07.54.png\" width=\"400\"><\/a><\/div>\n<div><\/div>\n<div><\/div>\n<div><a href=\"http:\/\/4.bp.blogspot.com\/-V-w-2FC_fHQ\/Ua1mJZJWaUI\/AAAAAAAADrA\/auq1A-wLU5M\/s1600\/Ska%CC%88rmavbild+2013-06-03+kl.+19.59.18.png\"><img loading=\"lazy\" decoding=\"async\" border=\"0\" height=\"57\" src=\"http:\/\/4.bp.blogspot.com\/-V-w-2FC_fHQ\/Ua1mJZJWaUI\/AAAAAAAADrA\/auq1A-wLU5M\/s400\/Ska%CC%88rmavbild+2013-06-03+kl.+19.59.18.png\" width=\"400\"><\/a><\/div>\n<div><\/div>\n<div><\/div>\n<div><a href=\"http:\/\/1.bp.blogspot.com\/-EK9jnMJwUcE\/Ua1mJ8I8wGI\/AAAAAAAADrM\/SoL3lk41Y54\/s1600\/Ska%CC%88rmavbild+2013-06-03+kl.+20.01.11.png\"><img loading=\"lazy\" decoding=\"async\" border=\"0\" height=\"72\" src=\"http:\/\/1.bp.blogspot.com\/-EK9jnMJwUcE\/Ua1mJ8I8wGI\/AAAAAAAADrM\/SoL3lk41Y54\/s400\/Ska%CC%88rmavbild+2013-06-03+kl.+20.01.11.png\" width=\"400\"><\/a><\/div>\n<div><\/div>\n<div><\/div>\n<div><a href=\"http:\/\/3.bp.blogspot.com\/-aA22epu_17U\/Ua1mR9rt-aI\/AAAAAAAADso\/HGW8YKlbci8\/s1600\/Ska%CC%88rmavbild+2013-06-03+kl.+20.09.25.png\"><img loading=\"lazy\" decoding=\"async\" border=\"0\" height=\"83\" src=\"http:\/\/3.bp.blogspot.com\/-aA22epu_17U\/Ua1mR9rt-aI\/AAAAAAAADso\/HGW8YKlbci8\/s400\/Ska%CC%88rmavbild+2013-06-03+kl.+20.09.25.png\" width=\"400\"><\/a><\/div>\n<div><\/div>\n<div><\/div>\n<div><a href=\"http:\/\/1.bp.blogspot.com\/-o3znO--miRo\/Ua1mUK0NU6I\/AAAAAAAADs4\/5650DrLTsXE\/s1600\/Ska%CC%88rmavbild+2013-06-03+kl.+20.09.54.png\"><img loading=\"lazy\" decoding=\"async\" border=\"0\" height=\"55\" src=\"http:\/\/1.bp.blogspot.com\/-o3znO--miRo\/Ua1mUK0NU6I\/AAAAAAAADs4\/5650DrLTsXE\/s400\/Ska%CC%88rmavbild+2013-06-03+kl.+20.09.54.png\" width=\"400\"><\/a><\/div>\n<div><\/div>\n<div><\/div>\n<\/p>\n<div><b>Roligt och t\u00e4nkv\u00e4rt<\/b><\/div>\n<div><\/div>\n<div><a href=\"http:\/\/2.bp.blogspot.com\/-N7b1pva46Cg\/Ua1mIztKotI\/AAAAAAAADqs\/OlfF0ssgb2w\/s1600\/Ska%CC%88rmavbild+2013-06-03+kl.+19.59.02.png\"><img loading=\"lazy\" decoding=\"async\" border=\"0\" height=\"71\" src=\"http:\/\/2.bp.blogspot.com\/-N7b1pva46Cg\/Ua1mIztKotI\/AAAAAAAADqs\/OlfF0ssgb2w\/s400\/Ska%CC%88rmavbild+2013-06-03+kl.+19.59.02.png\" width=\"400\"><\/a><\/div>\n<\/p>\n<div><a href=\"http:\/\/2.bp.blogspot.com\/-VLz44vuZjC0\/Ua1mKzTle6I\/AAAAAAAADrU\/yXt8FTm_o98\/s1600\/Ska%CC%88rmavbild+2013-06-03+kl.+20.01.32.png\"><img loading=\"lazy\" decoding=\"async\" border=\"0\" height=\"73\" src=\"http:\/\/2.bp.blogspot.com\/-VLz44vuZjC0\/Ua1mKzTle6I\/AAAAAAAADrU\/yXt8FTm_o98\/s400\/Ska%CC%88rmavbild+2013-06-03+kl.+20.01.32.png\" width=\"400\"><\/a><\/div>\n<\/p>\n<div><\/div>\n<\/p>\n<div><a href=\"http:\/\/4.bp.blogspot.com\/-fdHse11S1Aw\/Ua1mMxGcdJI\/AAAAAAAADrs\/xYq306kfnBw\/s1600\/Ska%CC%88rmavbild+2013-06-03+kl.+20.03.56.png\"><img loading=\"lazy\" decoding=\"async\" border=\"0\" height=\"72\" src=\"http:\/\/4.bp.blogspot.com\/-fdHse11S1Aw\/Ua1mMxGcdJI\/AAAAAAAADrs\/xYq306kfnBw\/s400\/Ska%CC%88rmavbild+2013-06-03+kl.+20.03.56.png\" width=\"400\"><\/a><\/div>\n<\/p>\n<div><\/div>\n<\/p>\n<div><a href=\"http:\/\/2.bp.blogspot.com\/-WJKfKfwpXuQ\/Ua1mPLZ9NnI\/AAAAAAAADsI\/i_GTzsfqOYk\/s1600\/Ska%CC%88rmavbild+2013-06-03+kl.+20.05.07.png\"><img loading=\"lazy\" decoding=\"async\" border=\"0\" height=\"65\" src=\"http:\/\/2.bp.blogspot.com\/-WJKfKfwpXuQ\/Ua1mPLZ9NnI\/AAAAAAAADsI\/i_GTzsfqOYk\/s400\/Ska%CC%88rmavbild+2013-06-03+kl.+20.05.07.png\" width=\"400\"><\/a><\/div>\n<div><\/div>\n<div><\/div>\n<\/p>\n<div><a href=\"http:\/\/4.bp.blogspot.com\/-ckKwPQYsHFw\/Ua1mPcV6xVI\/AAAAAAAADsQ\/0-GxS8NDW-A\/s1600\/Ska%CC%88rmavbild+2013-06-03+kl.+20.05.16.png\"><img loading=\"lazy\" decoding=\"async\" border=\"0\" height=\"61\" src=\"http:\/\/4.bp.blogspot.com\/-ckKwPQYsHFw\/Ua1mPcV6xVI\/AAAAAAAADsQ\/0-GxS8NDW-A\/s400\/Ska%CC%88rmavbild+2013-06-03+kl.+20.05.16.png\" width=\"400\"><\/a><\/div>\n<div><a href=\"http:\/\/2.bp.blogspot.com\/-2v1XUPRePRw\/Ua1mUUCLaKI\/AAAAAAAADtA\/lyQZli65-mc\/s1600\/Ska%CC%88rmavbild+2013-06-03+kl.+20.09.42.png\"><img loading=\"lazy\" decoding=\"async\" border=\"0\" height=\"72\" src=\"http:\/\/2.bp.blogspot.com\/-2v1XUPRePRw\/Ua1mUUCLaKI\/AAAAAAAADtA\/lyQZli65-mc\/s400\/Ska%CC%88rmavbild+2013-06-03+kl.+20.09.42.png\" width=\"400\"><\/a><\/div>\n<div><\/div>\n<div><\/div>\n<div><\/div>\n<div><b>Veckans b\u00e4sta tweet\u00a0<\/b><\/div>\n<div>st\u00e5r Bob Hansson f\u00f6r. T\u00e4nkv\u00e4rt i flera lager.<\/div>\n<\/p>\n<div><\/div>\n<\/p>\n<div><a href=\"http:\/\/2.bp.blogspot.com\/-HpZXWY11yfk\/Ua1mUX-v1QI\/AAAAAAAADs8\/9u0QdEqQg4c\/s1600\/Ska%CC%88rmavbild+2013-06-03+kl.+20.10.00.png\"><img loading=\"lazy\" decoding=\"async\" border=\"0\" height=\"105\" src=\"http:\/\/2.bp.blogspot.com\/-HpZXWY11yfk\/Ua1mUX-v1QI\/AAAAAAAADs8\/9u0QdEqQg4c\/s400\/Ska%CC%88rmavbild+2013-06-03+kl.+20.10.00.png\" width=\"400\"><\/a><\/div>\n<\/p>\n<div><\/div>\n<\/p>\n<div><\/div>\n<div><\/div>\n","protected":false},"excerpt":{"rendered":"<p>Tisdag morgon. Klockan \u00e4r knappt 6 p\u00e5 morgonen n\u00e4r jag b\u00f6rjar skriva detta, inte mycket s\u00f6mn med bebis i huset. Sk\u00f6nt d\u00e5 att s\u00e5 m\u00e5nga hj\u00e4lpt mig med den h\u00e4r bloggposten. Kloka ord och fyndigheter fr\u00e5n veckan som g\u00e5tt i en stor h\u00f6g. Bara att dyka i! Kristna (eller vad 17 jag nu ska kalla [&hellip;]<\/p>\n","protected":false},"author":392,"featured_media":0,"comment_status":"open","ping_status":"open","sticky":false,"template":"","format":"standard","meta":{"_acf_changed":false,"footnotes":""},"categories":[76766],"tags":[],"class_list":["post-533","post","type-post","status-publish","format-standard","hentry","category-blandat"],"acf":[],"yoast_head":"<!-- This site is optimized with the Yoast SEO plugin v27.1.1 - https:\/\/yoast.com\/product\/yoast-seo-wordpress\/ -->\n<title>Veckans favorittweets - Vandra V\u00e4gen<\/title>\n<meta name=\"robots\" content=\"index, follow, max-snippet:-1, max-image-preview:large, max-video-preview:-1\" \/>\n<link rel=\"canonical\" href=\"https:\/\/blogg.svenskakyrkan.se\/vandravagen\/2013\/06\/04\/veckans-favorittweets\/\" \/>\n<meta property=\"og:locale\" content=\"sv_SE\" \/>\n<meta property=\"og:type\" content=\"article\" \/>\n<meta property=\"og:title\" content=\"Veckans favorittweets - Vandra V\u00e4gen\" \/>\n<meta property=\"og:description\" content=\"Tisdag morgon. Klockan \u00e4r knappt 6 p\u00e5 morgonen n\u00e4r jag b\u00f6rjar skriva detta, inte mycket s\u00f6mn med bebis i huset. Sk\u00f6nt d\u00e5 att s\u00e5 m\u00e5nga hj\u00e4lpt mig med den h\u00e4r bloggposten. Kloka ord och fyndigheter fr\u00e5n veckan som g\u00e5tt i en stor h\u00f6g. Bara att dyka i! Kristna (eller vad 17 jag nu ska kalla [&hellip;]\" \/>\n<meta property=\"og:url\" content=\"https:\/\/blogg.svenskakyrkan.se\/vandravagen\/2013\/06\/04\/veckans-favorittweets\/\" \/>\n<meta property=\"og:site_name\" content=\"Vandra V\u00e4gen\" \/>\n<meta property=\"article:publisher\" content=\"http:\/\/facebook.com\/vandravagen\" \/>\n<meta property=\"article:published_time\" content=\"2013-06-04T06:12:00+00:00\" \/>\n<meta property=\"og:image\" content=\"http:\/\/4.bp.blogspot.com\/-MCxt4ngCFgA\/Ua1mGiygB2I\/AAAAAAAADqk\/nI49LBJQwBQ\/s400\/Ska%CC%88rmavbild+2013-06-03+kl.+19.56.44.png\" \/>\n<meta name=\"author\" content=\"Tomas Jarvid\" \/>\n<meta name=\"twitter:card\" content=\"summary_large_image\" \/>\n<meta name=\"twitter:creator\" content=\"@fadertomas\" \/>\n<meta name=\"twitter:site\" content=\"@fadertomas\" \/>\n<meta name=\"twitter:label1\" content=\"Skriven av\" \/>\n\t<meta name=\"twitter:data1\" content=\"Tomas Jarvid\" \/>\n<script type=\"application\/ld+json\" class=\"yoast-schema-graph\">{\"@context\":\"https:\/\/schema.org\",\"@graph\":[{\"@type\":\"Article\",\"@id\":\"https:\/\/blogg.svenskakyrkan.se\/vandravagen\/2013\/06\/04\/veckans-favorittweets\/#article\",\"isPartOf\":{\"@id\":\"https:\/\/blogg.svenskakyrkan.se\/vandravagen\/2013\/06\/04\/veckans-favorittweets\/\"},\"author\":{\"name\":\"Tomas Jarvid\",\"@id\":\"https:\/\/blogg.svenskakyrkan.se\/vandravagen\/#\/schema\/person\/25da02d4f76b137d04291711e2c9fc16\"},\"headline\":\"Veckans favorittweets\",\"datePublished\":\"2013-06-04T06:12:00+00:00\",\"mainEntityOfPage\":{\"@id\":\"https:\/\/blogg.svenskakyrkan.se\/vandravagen\/2013\/06\/04\/veckans-favorittweets\/\"},\"wordCount\":93,\"commentCount\":0,\"publisher\":{\"@id\":\"https:\/\/blogg.svenskakyrkan.se\/vandravagen\/#organization\"},\"image\":{\"@id\":\"https:\/\/blogg.svenskakyrkan.se\/vandravagen\/2013\/06\/04\/veckans-favorittweets\/#primaryimage\"},\"thumbnailUrl\":\"http:\/\/4.bp.blogspot.com\/-MCxt4ngCFgA\/Ua1mGiygB2I\/AAAAAAAADqk\/nI49LBJQwBQ\/s400\/Ska%CC%88rmavbild+2013-06-03+kl.+19.56.44.png\",\"articleSection\":[\"blandat\"],\"inLanguage\":\"sv-SE\",\"potentialAction\":[{\"@type\":\"CommentAction\",\"name\":\"Comment\",\"target\":[\"https:\/\/blogg.svenskakyrkan.se\/vandravagen\/2013\/06\/04\/veckans-favorittweets\/#respond\"]}]},{\"@type\":\"WebPage\",\"@id\":\"https:\/\/blogg.svenskakyrkan.se\/vandravagen\/2013\/06\/04\/veckans-favorittweets\/\",\"url\":\"https:\/\/blogg.svenskakyrkan.se\/vandravagen\/2013\/06\/04\/veckans-favorittweets\/\",\"name\":\"Veckans favorittweets - Vandra V\u00e4gen\",\"isPartOf\":{\"@id\":\"https:\/\/blogg.svenskakyrkan.se\/vandravagen\/#website\"},\"primaryImageOfPage\":{\"@id\":\"https:\/\/blogg.svenskakyrkan.se\/vandravagen\/2013\/06\/04\/veckans-favorittweets\/#primaryimage\"},\"image\":{\"@id\":\"https:\/\/blogg.svenskakyrkan.se\/vandravagen\/2013\/06\/04\/veckans-favorittweets\/#primaryimage\"},\"thumbnailUrl\":\"http:\/\/4.bp.blogspot.com\/-MCxt4ngCFgA\/Ua1mGiygB2I\/AAAAAAAADqk\/nI49LBJQwBQ\/s400\/Ska%CC%88rmavbild+2013-06-03+kl.+19.56.44.png\",\"datePublished\":\"2013-06-04T06:12:00+00:00\",\"breadcrumb\":{\"@id\":\"https:\/\/blogg.svenskakyrkan.se\/vandravagen\/2013\/06\/04\/veckans-favorittweets\/#breadcrumb\"},\"inLanguage\":\"sv-SE\",\"potentialAction\":[{\"@type\":\"ReadAction\",\"target\":[\"https:\/\/blogg.svenskakyrkan.se\/vandravagen\/2013\/06\/04\/veckans-favorittweets\/\"]}]},{\"@type\":\"ImageObject\",\"inLanguage\":\"sv-SE\",\"@id\":\"https:\/\/blogg.svenskakyrkan.se\/vandravagen\/2013\/06\/04\/veckans-favorittweets\/#primaryimage\",\"url\":\"http:\/\/4.bp.blogspot.com\/-MCxt4ngCFgA\/Ua1mGiygB2I\/AAAAAAAADqk\/nI49LBJQwBQ\/s400\/Ska%CC%88rmavbild+2013-06-03+kl.+19.56.44.png\",\"contentUrl\":\"http:\/\/4.bp.blogspot.com\/-MCxt4ngCFgA\/Ua1mGiygB2I\/AAAAAAAADqk\/nI49LBJQwBQ\/s400\/Ska%CC%88rmavbild+2013-06-03+kl.+19.56.44.png\"},{\"@type\":\"BreadcrumbList\",\"@id\":\"https:\/\/blogg.svenskakyrkan.se\/vandravagen\/2013\/06\/04\/veckans-favorittweets\/#breadcrumb\",\"itemListElement\":[{\"@type\":\"ListItem\",\"position\":1,\"name\":\"Hem\",\"item\":\"https:\/\/blogg.svenskakyrkan.se\/vandravagen\/\"},{\"@type\":\"ListItem\",\"position\":2,\"name\":\"Veckans favorittweets\"}]},{\"@type\":\"WebSite\",\"@id\":\"https:\/\/blogg.svenskakyrkan.se\/vandravagen\/#website\",\"url\":\"https:\/\/blogg.svenskakyrkan.se\/vandravagen\/\",\"name\":\"Vandra V\u00e4gen\",\"description\":\"-Mot en tro f\u00f6r hela livet\",\"publisher\":{\"@id\":\"https:\/\/blogg.svenskakyrkan.se\/vandravagen\/#organization\"},\"potentialAction\":[{\"@type\":\"SearchAction\",\"target\":{\"@type\":\"EntryPoint\",\"urlTemplate\":\"https:\/\/blogg.svenskakyrkan.se\/vandravagen\/?s={search_term_string}\"},\"query-input\":{\"@type\":\"PropertyValueSpecification\",\"valueRequired\":true,\"valueName\":\"search_term_string\"}}],\"inLanguage\":\"sv-SE\"},{\"@type\":\"Organization\",\"@id\":\"https:\/\/blogg.svenskakyrkan.se\/vandravagen\/#organization\",\"name\":\"ulricehamns pastorat\",\"alternateName\":\"ulricehamns pastorat\",\"url\":\"https:\/\/blogg.svenskakyrkan.se\/vandravagen\/\",\"logo\":{\"@type\":\"ImageObject\",\"inLanguage\":\"sv-SE\",\"@id\":\"https:\/\/blogg.svenskakyrkan.se\/vandravagen\/#\/schema\/logo\/image\/\",\"url\":\"https:\/\/blogg.svenskakyrkan.se\/vandravagen\/files\/2023\/05\/Ulr_logo_RGB.png\",\"contentUrl\":\"https:\/\/blogg.svenskakyrkan.se\/vandravagen\/files\/2023\/05\/Ulr_logo_RGB.png\",\"width\":205,\"height\":77,\"caption\":\"ulricehamns pastorat\"},\"image\":{\"@id\":\"https:\/\/blogg.svenskakyrkan.se\/vandravagen\/#\/schema\/logo\/image\/\"},\"sameAs\":[\"http:\/\/facebook.com\/vandravagen\",\"https:\/\/x.com\/fadertomas\",\"http:\/\/www.facebook.com\/svenskakyrkaniulricehamn\"]},{\"@type\":\"Person\",\"@id\":\"https:\/\/blogg.svenskakyrkan.se\/vandravagen\/#\/schema\/person\/25da02d4f76b137d04291711e2c9fc16\",\"name\":\"Tomas Jarvid\",\"image\":{\"@type\":\"ImageObject\",\"inLanguage\":\"sv-SE\",\"@id\":\"https:\/\/blogg.svenskakyrkan.se\/vandravagen\/#\/schema\/person\/image\/\",\"url\":\"https:\/\/secure.gravatar.com\/avatar\/7fa71899795e8f540f615a1f5ab25255dc27aa40f05ee7ddd21aac521e01bf50?s=96&d=identicon&r=g\",\"contentUrl\":\"https:\/\/secure.gravatar.com\/avatar\/7fa71899795e8f540f615a1f5ab25255dc27aa40f05ee7ddd21aac521e01bf50?s=96&d=identicon&r=g\",\"caption\":\"Tomas Jarvid\"},\"description\":\"Jag bor i Ulricehamn i V\u00e4sterg\u00f6tland och \u00e4r f\u00f6rsamlingspr\u00e4st i Svenska Kyrkan f\u00f6r Dalstorps f\u00f6rsamling i Kinds pastorat. P\u00e5 den h\u00e4r bloggen skriver jag ner tankar om vandringen som kristen.\",\"sameAs\":[\"http:\/\/www.vandravagen.se\"],\"url\":\"https:\/\/blogg.svenskakyrkan.se\/vandravagen\/author\/vandravagen\/\"}]}<\/script>\n<!-- \/ Yoast SEO plugin. -->","yoast_head_json":{"title":"Veckans favorittweets - Vandra V\u00e4gen","robots":{"index":"index","follow":"follow","max-snippet":"max-snippet:-1","max-image-preview":"max-image-preview:large","max-video-preview":"max-video-preview:-1"},"canonical":"https:\/\/blogg.svenskakyrkan.se\/vandravagen\/2013\/06\/04\/veckans-favorittweets\/","og_locale":"sv_SE","og_type":"article","og_title":"Veckans favorittweets - Vandra V\u00e4gen","og_description":"Tisdag morgon. Klockan \u00e4r knappt 6 p\u00e5 morgonen n\u00e4r jag b\u00f6rjar skriva detta, inte mycket s\u00f6mn med bebis i huset. Sk\u00f6nt d\u00e5 att s\u00e5 m\u00e5nga hj\u00e4lpt mig med den h\u00e4r bloggposten. Kloka ord och fyndigheter fr\u00e5n veckan som g\u00e5tt i en stor h\u00f6g. Bara att dyka i! Kristna (eller vad 17 jag nu ska kalla [&hellip;]","og_url":"https:\/\/blogg.svenskakyrkan.se\/vandravagen\/2013\/06\/04\/veckans-favorittweets\/","og_site_name":"Vandra V\u00e4gen","article_publisher":"http:\/\/facebook.com\/vandravagen","article_published_time":"2013-06-04T06:12:00+00:00","og_image":[{"url":"http:\/\/4.bp.blogspot.com\/-MCxt4ngCFgA\/Ua1mGiygB2I\/AAAAAAAADqk\/nI49LBJQwBQ\/s400\/Ska%CC%88rmavbild+2013-06-03+kl.+19.56.44.png","type":"","width":"","height":""}],"author":"Tomas Jarvid","twitter_card":"summary_large_image","twitter_creator":"@fadertomas","twitter_site":"@fadertomas","twitter_misc":{"Skriven av":"Tomas Jarvid"},"schema":{"@context":"https:\/\/schema.org","@graph":[{"@type":"Article","@id":"https:\/\/blogg.svenskakyrkan.se\/vandravagen\/2013\/06\/04\/veckans-favorittweets\/#article","isPartOf":{"@id":"https:\/\/blogg.svenskakyrkan.se\/vandravagen\/2013\/06\/04\/veckans-favorittweets\/"},"author":{"name":"Tomas Jarvid","@id":"https:\/\/blogg.svenskakyrkan.se\/vandravagen\/#\/schema\/person\/25da02d4f76b137d04291711e2c9fc16"},"headline":"Veckans favorittweets","datePublished":"2013-06-04T06:12:00+00:00","mainEntityOfPage":{"@id":"https:\/\/blogg.svenskakyrkan.se\/vandravagen\/2013\/06\/04\/veckans-favorittweets\/"},"wordCount":93,"commentCount":0,"publisher":{"@id":"https:\/\/blogg.svenskakyrkan.se\/vandravagen\/#organization"},"image":{"@id":"https:\/\/blogg.svenskakyrkan.se\/vandravagen\/2013\/06\/04\/veckans-favorittweets\/#primaryimage"},"thumbnailUrl":"http:\/\/4.bp.blogspot.com\/-MCxt4ngCFgA\/Ua1mGiygB2I\/AAAAAAAADqk\/nI49LBJQwBQ\/s400\/Ska%CC%88rmavbild+2013-06-03+kl.+19.56.44.png","articleSection":["blandat"],"inLanguage":"sv-SE","potentialAction":[{"@type":"CommentAction","name":"Comment","target":["https:\/\/blogg.svenskakyrkan.se\/vandravagen\/2013\/06\/04\/veckans-favorittweets\/#respond"]}]},{"@type":"WebPage","@id":"https:\/\/blogg.svenskakyrkan.se\/vandravagen\/2013\/06\/04\/veckans-favorittweets\/","url":"https:\/\/blogg.svenskakyrkan.se\/vandravagen\/2013\/06\/04\/veckans-favorittweets\/","name":"Veckans favorittweets - Vandra V\u00e4gen","isPartOf":{"@id":"https:\/\/blogg.svenskakyrkan.se\/vandravagen\/#website"},"primaryImageOfPage":{"@id":"https:\/\/blogg.svenskakyrkan.se\/vandravagen\/2013\/06\/04\/veckans-favorittweets\/#primaryimage"},"image":{"@id":"https:\/\/blogg.svenskakyrkan.se\/vandravagen\/2013\/06\/04\/veckans-favorittweets\/#primaryimage"},"thumbnailUrl":"http:\/\/4.bp.blogspot.com\/-MCxt4ngCFgA\/Ua1mGiygB2I\/AAAAAAAADqk\/nI49LBJQwBQ\/s400\/Ska%CC%88rmavbild+2013-06-03+kl.+19.56.44.png","datePublished":"2013-06-04T06:12:00+00:00","breadcrumb":{"@id":"https:\/\/blogg.svenskakyrkan.se\/vandravagen\/2013\/06\/04\/veckans-favorittweets\/#breadcrumb"},"inLanguage":"sv-SE","potentialAction":[{"@type":"ReadAction","target":["https:\/\/blogg.svenskakyrkan.se\/vandravagen\/2013\/06\/04\/veckans-favorittweets\/"]}]},{"@type":"ImageObject","inLanguage":"sv-SE","@id":"https:\/\/blogg.svenskakyrkan.se\/vandravagen\/2013\/06\/04\/veckans-favorittweets\/#primaryimage","url":"http:\/\/4.bp.blogspot.com\/-MCxt4ngCFgA\/Ua1mGiygB2I\/AAAAAAAADqk\/nI49LBJQwBQ\/s400\/Ska%CC%88rmavbild+2013-06-03+kl.+19.56.44.png","contentUrl":"http:\/\/4.bp.blogspot.com\/-MCxt4ngCFgA\/Ua1mGiygB2I\/AAAAAAAADqk\/nI49LBJQwBQ\/s400\/Ska%CC%88rmavbild+2013-06-03+kl.+19.56.44.png"},{"@type":"BreadcrumbList","@id":"https:\/\/blogg.svenskakyrkan.se\/vandravagen\/2013\/06\/04\/veckans-favorittweets\/#breadcrumb","itemListElement":[{"@type":"ListItem","position":1,"name":"Hem","item":"https:\/\/blogg.svenskakyrkan.se\/vandravagen\/"},{"@type":"ListItem","position":2,"name":"Veckans favorittweets"}]},{"@type":"WebSite","@id":"https:\/\/blogg.svenskakyrkan.se\/vandravagen\/#website","url":"https:\/\/blogg.svenskakyrkan.se\/vandravagen\/","name":"Vandra V\u00e4gen","description":"-Mot en tro f\u00f6r hela livet","publisher":{"@id":"https:\/\/blogg.svenskakyrkan.se\/vandravagen\/#organization"},"potentialAction":[{"@type":"SearchAction","target":{"@type":"EntryPoint","urlTemplate":"https:\/\/blogg.svenskakyrkan.se\/vandravagen\/?s={search_term_string}"},"query-input":{"@type":"PropertyValueSpecification","valueRequired":true,"valueName":"search_term_string"}}],"inLanguage":"sv-SE"},{"@type":"Organization","@id":"https:\/\/blogg.svenskakyrkan.se\/vandravagen\/#organization","name":"ulricehamns pastorat","alternateName":"ulricehamns pastorat","url":"https:\/\/blogg.svenskakyrkan.se\/vandravagen\/","logo":{"@type":"ImageObject","inLanguage":"sv-SE","@id":"https:\/\/blogg.svenskakyrkan.se\/vandravagen\/#\/schema\/logo\/image\/","url":"https:\/\/blogg.svenskakyrkan.se\/vandravagen\/files\/2023\/05\/Ulr_logo_RGB.png","contentUrl":"https:\/\/blogg.svenskakyrkan.se\/vandravagen\/files\/2023\/05\/Ulr_logo_RGB.png","width":205,"height":77,"caption":"ulricehamns pastorat"},"image":{"@id":"https:\/\/blogg.svenskakyrkan.se\/vandravagen\/#\/schema\/logo\/image\/"},"sameAs":["http:\/\/facebook.com\/vandravagen","https:\/\/x.com\/fadertomas","http:\/\/www.facebook.com\/svenskakyrkaniulricehamn"]},{"@type":"Person","@id":"https:\/\/blogg.svenskakyrkan.se\/vandravagen\/#\/schema\/person\/25da02d4f76b137d04291711e2c9fc16","name":"Tomas Jarvid","image":{"@type":"ImageObject","inLanguage":"sv-SE","@id":"https:\/\/blogg.svenskakyrkan.se\/vandravagen\/#\/schema\/person\/image\/","url":"https:\/\/secure.gravatar.com\/avatar\/7fa71899795e8f540f615a1f5ab25255dc27aa40f05ee7ddd21aac521e01bf50?s=96&d=identicon&r=g","contentUrl":"https:\/\/secure.gravatar.com\/avatar\/7fa71899795e8f540f615a1f5ab25255dc27aa40f05ee7ddd21aac521e01bf50?s=96&d=identicon&r=g","caption":"Tomas Jarvid"},"description":"Jag bor i Ulricehamn i V\u00e4sterg\u00f6tland och \u00e4r f\u00f6rsamlingspr\u00e4st i Svenska Kyrkan f\u00f6r Dalstorps f\u00f6rsamling i Kinds pastorat. P\u00e5 den h\u00e4r bloggen skriver jag ner tankar om vandringen som kristen.","sameAs":["http:\/\/www.vandravagen.se"],"url":"https:\/\/blogg.svenskakyrkan.se\/vandravagen\/author\/vandravagen\/"}]}},"author_meta":{"ID":"392","user_nicename":"vandravagen","user_url":"http:\/\/www.vandravagen.se","user_registered":"2014-05-19 05:44:52","display_name":"Tomas Jarvid","first_name":"Tomas","last_name":"Jarvid","avatar":"https:\/\/secure.gravatar.com\/avatar\/7fa71899795e8f540f615a1f5ab25255dc27aa40f05ee7ddd21aac521e01bf50?s=96&d=identicon&r=g"},"featured_image":false,"bloginfo":{"name":"Vandra V\u00e4gen","url":"https:\/\/blogg.svenskakyrkan.se\/vandravagen"},"_links":{"self":[{"href":"https:\/\/blogg.svenskakyrkan.se\/vandravagen\/wp-json\/wp\/v2\/posts\/533","targetHints":{"allow":["GET"]}}],"collection":[{"href":"https:\/\/blogg.svenskakyrkan.se\/vandravagen\/wp-json\/wp\/v2\/posts"}],"about":[{"href":"https:\/\/blogg.svenskakyrkan.se\/vandravagen\/wp-json\/wp\/v2\/types\/post"}],"author":[{"embeddable":true,"href":"https:\/\/blogg.svenskakyrkan.se\/vandravagen\/wp-json\/wp\/v2\/users\/392"}],"replies":[{"embeddable":true,"href":"https:\/\/blogg.svenskakyrkan.se\/vandravagen\/wp-json\/wp\/v2\/comments?post=533"}],"version-history":[{"count":0,"href":"https:\/\/blogg.svenskakyrkan.se\/vandravagen\/wp-json\/wp\/v2\/posts\/533\/revisions"}],"wp:attachment":[{"href":"https:\/\/blogg.svenskakyrkan.se\/vandravagen\/wp-json\/wp\/v2\/media?parent=533"}],"wp:term":[{"taxonomy":"category","embeddable":true,"href":"https:\/\/blogg.svenskakyrkan.se\/vandravagen\/wp-json\/wp\/v2\/categories?post=533"},{"taxonomy":"post_tag","embeddable":true,"href":"https:\/\/blogg.svenskakyrkan.se\/vandravagen\/wp-json\/wp\/v2\/tags?post=533"}],"curies":[{"name":"wp","href":"https:\/\/api.w.org\/{rel}","templated":true}]}}