{"id":534,"date":"2013-06-03T08:28:00","date_gmt":"2013-06-03T06:28:00","guid":{"rendered":"http:\/\/blogg.svenskakyrkan.se\/vandravagen\/2013\/06\/03\/pilgrim-i-kyrkorummet\/"},"modified":"2013-06-03T08:28:00","modified_gmt":"2013-06-03T06:28:00","slug":"pilgrim-i-kyrkorummet","status":"publish","type":"post","link":"https:\/\/blogg.svenskakyrkan.se\/vandravagen\/2013\/06\/03\/pilgrim-i-kyrkorummet\/","title":{"rendered":"Pilgrim i kyrkorummet"},"content":{"rendered":"<div>Inte nog med att pilgrimer vandrar p\u00e5 dammiga och leriga v\u00e4gar utomhus. Det \u00e4r faktiskt s\u00e5 att vi g\u00f6r det i kyrkorummet ocks\u00e5! De flesta kyrkor i v\u00e5rt land \u00e4r byggda med v\u00e4gen som f\u00f6rebild (undantaget \u00e4r ett f\u00e5tal rundkyrkor).\u00a0<\/div>\n<div><\/div>\n<div>Tydligast ser man det i kyrkans riktning. S\u00e5 gott som alla kyrkor \u00e4r byggda med altaret \u00e5t \u00f6ster, den riktning som solen stiger i om morgonen. Det \u00e4r p\u00e5 det s\u00e4ttet det h\u00e5ll som framtiden kommer ifr\u00e5n, t\u00e4nk bara p\u00e5 hur det funkar med tidszoner och allt, de nya dygnen rullar in om och om igen \u00f6sterifr\u00e5n. Eftersom \u00f6ster \u00e4r framtidens riktning \u00e4r det ocks\u00e5 den riktning som p\u00e5minner om Jesu seger som en dag ska bli synlig i allt. Jesus \u00e4r som den stigande solen. V\u00e5r framtid och v\u00e5rt hopp.<\/div>\n<div><\/div>\n<div>S\u00e5 h\u00e4r ser det ut i Ledsj\u00f6 kyrka utanf\u00f6r G\u00f6tene:<\/div>\n<div><\/div>\n<table align=\"center\" cellpadding=\"0\" cellspacing=\"0\">\n<tbody>\n<tr>\n<td><a href=\"http:\/\/1.bp.blogspot.com\/-zC2SYLcbd-Y\/UabvXbILWtI\/AAAAAAAADpA\/C_IYq_juIf4\/s1600\/ledsjo%CC%88+kyrka.jpg\"><img loading=\"lazy\" decoding=\"async\" border=\"0\" height=\"425\" src=\"http:\/\/1.bp.blogspot.com\/-zC2SYLcbd-Y\/UabvXbILWtI\/AAAAAAAADpA\/C_IYq_juIf4\/s640\/ledsjo%CC%88+kyrka.jpg\" width=\"640\"><\/a><\/td>\n<\/tr>\n<tr>\n<td>Ledsj\u00f6 kyrka, v\u00e4gen syns i mitten och ett trappsteg leder upp till altaret d\u00e4r vi ser Kristus trona<\/td>\n<\/tr>\n<\/tbody>\n<\/table>\n<p>Altaret \u00e4r symboliskt sett n\u00e4rmast \u00f6ster och allts\u00e5 lite n\u00e4rmare himlen\/Guds framtid. Det blir extra tydligt genom att det ofta (som p\u00e5 bilden) \u00e4r ett litet trappsteg upp till koret.<\/p>\n<div><\/div>\n<div>Som vi ocks\u00e5 ser har kyrkan en mittg\u00e5ng, d\u00e4r ser vi V\u00e4gen igen. N\u00e4r vi kommer in i kyrkan p\u00e5minns vi om att vi \u00e4r p\u00e5 vandring mot Guds framtid. F\u00f6r en stund blir den mer verklig f\u00f6r oss och vi p\u00e5minns om v\u00e5rt m\u00e5l. Vi f\u00e5r h\u00f6ra evangeliet och ta emot nattvarden som f\u00e4rdkost. Sedan forts\u00e4tter vi ut igen i vardagens oglamor\u00f6sa vandring.<\/p>\n<div><\/div>\n<table align=\"center\" cellpadding=\"0\" cellspacing=\"0\">\n<tbody>\n<tr>\n<td><a href=\"http:\/\/1.bp.blogspot.com\/-q9vhYAJYy9c\/UabvXQTMoEI\/AAAAAAAADpE\/0fhvQ1FCY_E\/s1600\/ledsjo%CC%88+krucifix.jpg\"><img loading=\"lazy\" decoding=\"async\" alt=\"\" border=\"0\" height=\"400\" src=\"http:\/\/1.bp.blogspot.com\/-q9vhYAJYy9c\/UabvXQTMoEI\/AAAAAAAADpE\/0fhvQ1FCY_E\/s400\/ledsjo%CC%88+krucifix.jpg\" title=\"krucifix ledsj\u00f6 kyrka\" width=\"265\"><\/a><\/td>\n<\/tr>\n<tr>\n<td>Han som \u00e4r V\u00e4gen<\/td>\n<\/tr>\n<\/tbody>\n<\/table>\n<p>P\u00e5 medeltiden h\u00e4ngde alltid ett triumfkrucifix mellan l\u00e5ngskeppet och koret (d\u00e4r framme i kyrkan), s\u00e5 ocks\u00e5 i Ledsj\u00f6 kyrka. Det p\u00e5minner om att v\u00e4gen till Gud g\u00e5r genom Kristus, det \u00e4r genom att se p\u00e5 honom som vi l\u00e4r oss vem Gud \u00e4r och l\u00e4r oss ha tillit till honom. Han \u00e4r V\u00e4gen, som han sj\u00e4lv uttrycker det.<\/p>\n<div><\/div>\n<div>\u00c4ven Skara domkyrka \u00e4r byggd efter samma princip. H\u00e4r blir v\u00e4gen fram s\u00e5 mycket l\u00e4ngre. I v\u00e4rsta fall s\u00e4tter man sig p\u00e5 sista raden och d\u00e5 ser m\u00e5let s\u00e5 v\u00e4ldigt fj\u00e4rran ut. Det vore kanske egentligen b\u00e4ttre att ha som vana att sitta s\u00e5 n\u00e4ra som m\u00f6jligt och p\u00e5minna sig om att Gud faktiskt aldrig \u00e4r l\u00e5ngt borta fr\u00e5n n\u00e5gon enda av oss?<\/div>\n<div><\/div>\n<div><\/div>\n<table align=\"center\" cellpadding=\"0\" cellspacing=\"0\">\n<tbody>\n<tr>\n<td><a href=\"http:\/\/3.bp.blogspot.com\/-epx7RE0J22k\/UaXKZDKhktI\/AAAAAAAADow\/Cgymf3B72X4\/s1600\/skaradomkyrka.jpg\"><img loading=\"lazy\" decoding=\"async\" border=\"0\" height=\"425\" src=\"http:\/\/3.bp.blogspot.com\/-epx7RE0J22k\/UaXKZDKhktI\/AAAAAAAADow\/Cgymf3B72X4\/s640\/skaradomkyrka.jpg\" width=\"640\"><\/a><\/td>\n<\/tr>\n<tr>\n<td>V\u00e4gen fram i Skara domkyrka<\/td>\n<\/tr>\n<\/tbody>\n<\/table>\n<\/div>\n","protected":false},"excerpt":{"rendered":"<p>Inte nog med att pilgrimer vandrar p\u00e5 dammiga och leriga v\u00e4gar utomhus. Det \u00e4r faktiskt s\u00e5 att vi g\u00f6r det i kyrkorummet ocks\u00e5! De flesta kyrkor i v\u00e5rt land \u00e4r byggda med v\u00e4gen som f\u00f6rebild (undantaget \u00e4r ett f\u00e5tal rundkyrkor).\u00a0 Tydligast ser man det i kyrkans riktning. S\u00e5 gott som alla kyrkor \u00e4r byggda med [&hellip;]<\/p>\n","protected":false},"author":392,"featured_media":0,"comment_status":"open","ping_status":"open","sticky":false,"template":"","format":"standard","meta":{"_acf_changed":false,"footnotes":""},"categories":[33574,8331,117],"tags":[],"class_list":["post-534","post","type-post","status-publish","format-standard","hentry","category-kyrkan","category-pilgrim","category-teologi"],"acf":[],"yoast_head":"<!-- This site is optimized with the Yoast SEO plugin v27.1.1 - https:\/\/yoast.com\/product\/yoast-seo-wordpress\/ -->\n<title>Pilgrim i kyrkorummet - Vandra V\u00e4gen<\/title>\n<meta name=\"robots\" content=\"index, follow, max-snippet:-1, max-image-preview:large, max-video-preview:-1\" \/>\n<link rel=\"canonical\" href=\"https:\/\/blogg.svenskakyrkan.se\/vandravagen\/2013\/06\/03\/pilgrim-i-kyrkorummet\/\" \/>\n<meta property=\"og:locale\" content=\"sv_SE\" \/>\n<meta property=\"og:type\" content=\"article\" \/>\n<meta property=\"og:title\" content=\"Pilgrim i kyrkorummet - Vandra V\u00e4gen\" \/>\n<meta property=\"og:description\" content=\"Inte nog med att pilgrimer vandrar p\u00e5 dammiga och leriga v\u00e4gar utomhus. Det \u00e4r faktiskt s\u00e5 att vi g\u00f6r det i kyrkorummet ocks\u00e5! De flesta kyrkor i v\u00e5rt land \u00e4r byggda med v\u00e4gen som f\u00f6rebild (undantaget \u00e4r ett f\u00e5tal rundkyrkor).\u00a0 Tydligast ser man det i kyrkans riktning. S\u00e5 gott som alla kyrkor \u00e4r byggda med [&hellip;]\" \/>\n<meta property=\"og:url\" content=\"https:\/\/blogg.svenskakyrkan.se\/vandravagen\/2013\/06\/03\/pilgrim-i-kyrkorummet\/\" \/>\n<meta property=\"og:site_name\" content=\"Vandra V\u00e4gen\" \/>\n<meta property=\"article:publisher\" content=\"http:\/\/facebook.com\/vandravagen\" \/>\n<meta property=\"article:published_time\" content=\"2013-06-03T06:28:00+00:00\" \/>\n<meta property=\"og:image\" content=\"http:\/\/1.bp.blogspot.com\/-zC2SYLcbd-Y\/UabvXbILWtI\/AAAAAAAADpA\/C_IYq_juIf4\/s640\/ledsjo%CC%88+kyrka.jpg\" \/>\n<meta name=\"author\" content=\"Tomas Jarvid\" \/>\n<meta name=\"twitter:card\" content=\"summary_large_image\" \/>\n<meta name=\"twitter:creator\" content=\"@fadertomas\" \/>\n<meta name=\"twitter:site\" content=\"@fadertomas\" \/>\n<meta name=\"twitter:label1\" content=\"Skriven av\" \/>\n\t<meta name=\"twitter:data1\" content=\"Tomas Jarvid\" \/>\n\t<meta name=\"twitter:label2\" content=\"Ber\u00e4knad l\u00e4stid\" \/>\n\t<meta name=\"twitter:data2\" content=\"2 minuter\" \/>\n<script type=\"application\/ld+json\" class=\"yoast-schema-graph\">{\"@context\":\"https:\/\/schema.org\",\"@graph\":[{\"@type\":\"Article\",\"@id\":\"https:\/\/blogg.svenskakyrkan.se\/vandravagen\/2013\/06\/03\/pilgrim-i-kyrkorummet\/#article\",\"isPartOf\":{\"@id\":\"https:\/\/blogg.svenskakyrkan.se\/vandravagen\/2013\/06\/03\/pilgrim-i-kyrkorummet\/\"},\"author\":{\"name\":\"Tomas Jarvid\",\"@id\":\"https:\/\/blogg.svenskakyrkan.se\/vandravagen\/#\/schema\/person\/25da02d4f76b137d04291711e2c9fc16\"},\"headline\":\"Pilgrim i kyrkorummet\",\"datePublished\":\"2013-06-03T06:28:00+00:00\",\"mainEntityOfPage\":{\"@id\":\"https:\/\/blogg.svenskakyrkan.se\/vandravagen\/2013\/06\/03\/pilgrim-i-kyrkorummet\/\"},\"wordCount\":450,\"commentCount\":5,\"publisher\":{\"@id\":\"https:\/\/blogg.svenskakyrkan.se\/vandravagen\/#organization\"},\"image\":{\"@id\":\"https:\/\/blogg.svenskakyrkan.se\/vandravagen\/2013\/06\/03\/pilgrim-i-kyrkorummet\/#primaryimage\"},\"thumbnailUrl\":\"http:\/\/1.bp.blogspot.com\/-zC2SYLcbd-Y\/UabvXbILWtI\/AAAAAAAADpA\/C_IYq_juIf4\/s640\/ledsjo%CC%88+kyrka.jpg\",\"articleSection\":[\"kyrkan\",\"pilgrim\",\"Teologi\"],\"inLanguage\":\"sv-SE\",\"potentialAction\":[{\"@type\":\"CommentAction\",\"name\":\"Comment\",\"target\":[\"https:\/\/blogg.svenskakyrkan.se\/vandravagen\/2013\/06\/03\/pilgrim-i-kyrkorummet\/#respond\"]}]},{\"@type\":\"WebPage\",\"@id\":\"https:\/\/blogg.svenskakyrkan.se\/vandravagen\/2013\/06\/03\/pilgrim-i-kyrkorummet\/\",\"url\":\"https:\/\/blogg.svenskakyrkan.se\/vandravagen\/2013\/06\/03\/pilgrim-i-kyrkorummet\/\",\"name\":\"Pilgrim i kyrkorummet - Vandra V\u00e4gen\",\"isPartOf\":{\"@id\":\"https:\/\/blogg.svenskakyrkan.se\/vandravagen\/#website\"},\"primaryImageOfPage\":{\"@id\":\"https:\/\/blogg.svenskakyrkan.se\/vandravagen\/2013\/06\/03\/pilgrim-i-kyrkorummet\/#primaryimage\"},\"image\":{\"@id\":\"https:\/\/blogg.svenskakyrkan.se\/vandravagen\/2013\/06\/03\/pilgrim-i-kyrkorummet\/#primaryimage\"},\"thumbnailUrl\":\"http:\/\/1.bp.blogspot.com\/-zC2SYLcbd-Y\/UabvXbILWtI\/AAAAAAAADpA\/C_IYq_juIf4\/s640\/ledsjo%CC%88+kyrka.jpg\",\"datePublished\":\"2013-06-03T06:28:00+00:00\",\"breadcrumb\":{\"@id\":\"https:\/\/blogg.svenskakyrkan.se\/vandravagen\/2013\/06\/03\/pilgrim-i-kyrkorummet\/#breadcrumb\"},\"inLanguage\":\"sv-SE\",\"potentialAction\":[{\"@type\":\"ReadAction\",\"target\":[\"https:\/\/blogg.svenskakyrkan.se\/vandravagen\/2013\/06\/03\/pilgrim-i-kyrkorummet\/\"]}]},{\"@type\":\"ImageObject\",\"inLanguage\":\"sv-SE\",\"@id\":\"https:\/\/blogg.svenskakyrkan.se\/vandravagen\/2013\/06\/03\/pilgrim-i-kyrkorummet\/#primaryimage\",\"url\":\"http:\/\/1.bp.blogspot.com\/-zC2SYLcbd-Y\/UabvXbILWtI\/AAAAAAAADpA\/C_IYq_juIf4\/s640\/ledsjo%CC%88+kyrka.jpg\",\"contentUrl\":\"http:\/\/1.bp.blogspot.com\/-zC2SYLcbd-Y\/UabvXbILWtI\/AAAAAAAADpA\/C_IYq_juIf4\/s640\/ledsjo%CC%88+kyrka.jpg\"},{\"@type\":\"BreadcrumbList\",\"@id\":\"https:\/\/blogg.svenskakyrkan.se\/vandravagen\/2013\/06\/03\/pilgrim-i-kyrkorummet\/#breadcrumb\",\"itemListElement\":[{\"@type\":\"ListItem\",\"position\":1,\"name\":\"Hem\",\"item\":\"https:\/\/blogg.svenskakyrkan.se\/vandravagen\/\"},{\"@type\":\"ListItem\",\"position\":2,\"name\":\"Pilgrim i kyrkorummet\"}]},{\"@type\":\"WebSite\",\"@id\":\"https:\/\/blogg.svenskakyrkan.se\/vandravagen\/#website\",\"url\":\"https:\/\/blogg.svenskakyrkan.se\/vandravagen\/\",\"name\":\"Vandra V\u00e4gen\",\"description\":\"-Mot en tro f\u00f6r hela livet\",\"publisher\":{\"@id\":\"https:\/\/blogg.svenskakyrkan.se\/vandravagen\/#organization\"},\"potentialAction\":[{\"@type\":\"SearchAction\",\"target\":{\"@type\":\"EntryPoint\",\"urlTemplate\":\"https:\/\/blogg.svenskakyrkan.se\/vandravagen\/?s={search_term_string}\"},\"query-input\":{\"@type\":\"PropertyValueSpecification\",\"valueRequired\":true,\"valueName\":\"search_term_string\"}}],\"inLanguage\":\"sv-SE\"},{\"@type\":\"Organization\",\"@id\":\"https:\/\/blogg.svenskakyrkan.se\/vandravagen\/#organization\",\"name\":\"ulricehamns pastorat\",\"alternateName\":\"ulricehamns pastorat\",\"url\":\"https:\/\/blogg.svenskakyrkan.se\/vandravagen\/\",\"logo\":{\"@type\":\"ImageObject\",\"inLanguage\":\"sv-SE\",\"@id\":\"https:\/\/blogg.svenskakyrkan.se\/vandravagen\/#\/schema\/logo\/image\/\",\"url\":\"https:\/\/blogg.svenskakyrkan.se\/vandravagen\/files\/2023\/05\/Ulr_logo_RGB.png\",\"contentUrl\":\"https:\/\/blogg.svenskakyrkan.se\/vandravagen\/files\/2023\/05\/Ulr_logo_RGB.png\",\"width\":205,\"height\":77,\"caption\":\"ulricehamns pastorat\"},\"image\":{\"@id\":\"https:\/\/blogg.svenskakyrkan.se\/vandravagen\/#\/schema\/logo\/image\/\"},\"sameAs\":[\"http:\/\/facebook.com\/vandravagen\",\"https:\/\/x.com\/fadertomas\",\"http:\/\/www.facebook.com\/svenskakyrkaniulricehamn\"]},{\"@type\":\"Person\",\"@id\":\"https:\/\/blogg.svenskakyrkan.se\/vandravagen\/#\/schema\/person\/25da02d4f76b137d04291711e2c9fc16\",\"name\":\"Tomas Jarvid\",\"image\":{\"@type\":\"ImageObject\",\"inLanguage\":\"sv-SE\",\"@id\":\"https:\/\/blogg.svenskakyrkan.se\/vandravagen\/#\/schema\/person\/image\/\",\"url\":\"https:\/\/secure.gravatar.com\/avatar\/7fa71899795e8f540f615a1f5ab25255dc27aa40f05ee7ddd21aac521e01bf50?s=96&d=identicon&r=g\",\"contentUrl\":\"https:\/\/secure.gravatar.com\/avatar\/7fa71899795e8f540f615a1f5ab25255dc27aa40f05ee7ddd21aac521e01bf50?s=96&d=identicon&r=g\",\"caption\":\"Tomas Jarvid\"},\"description\":\"Jag bor i Ulricehamn i V\u00e4sterg\u00f6tland och \u00e4r f\u00f6rsamlingspr\u00e4st i Svenska Kyrkan f\u00f6r Dalstorps f\u00f6rsamling i Kinds pastorat. P\u00e5 den h\u00e4r bloggen skriver jag ner tankar om vandringen som kristen.\",\"sameAs\":[\"http:\/\/www.vandravagen.se\"],\"url\":\"https:\/\/blogg.svenskakyrkan.se\/vandravagen\/author\/vandravagen\/\"}]}<\/script>\n<!-- \/ Yoast SEO plugin. -->","yoast_head_json":{"title":"Pilgrim i kyrkorummet - Vandra V\u00e4gen","robots":{"index":"index","follow":"follow","max-snippet":"max-snippet:-1","max-image-preview":"max-image-preview:large","max-video-preview":"max-video-preview:-1"},"canonical":"https:\/\/blogg.svenskakyrkan.se\/vandravagen\/2013\/06\/03\/pilgrim-i-kyrkorummet\/","og_locale":"sv_SE","og_type":"article","og_title":"Pilgrim i kyrkorummet - Vandra V\u00e4gen","og_description":"Inte nog med att pilgrimer vandrar p\u00e5 dammiga och leriga v\u00e4gar utomhus. Det \u00e4r faktiskt s\u00e5 att vi g\u00f6r det i kyrkorummet ocks\u00e5! De flesta kyrkor i v\u00e5rt land \u00e4r byggda med v\u00e4gen som f\u00f6rebild (undantaget \u00e4r ett f\u00e5tal rundkyrkor).\u00a0 Tydligast ser man det i kyrkans riktning. S\u00e5 gott som alla kyrkor \u00e4r byggda med [&hellip;]","og_url":"https:\/\/blogg.svenskakyrkan.se\/vandravagen\/2013\/06\/03\/pilgrim-i-kyrkorummet\/","og_site_name":"Vandra V\u00e4gen","article_publisher":"http:\/\/facebook.com\/vandravagen","article_published_time":"2013-06-03T06:28:00+00:00","og_image":[{"url":"http:\/\/1.bp.blogspot.com\/-zC2SYLcbd-Y\/UabvXbILWtI\/AAAAAAAADpA\/C_IYq_juIf4\/s640\/ledsjo%CC%88+kyrka.jpg","type":"","width":"","height":""}],"author":"Tomas Jarvid","twitter_card":"summary_large_image","twitter_creator":"@fadertomas","twitter_site":"@fadertomas","twitter_misc":{"Skriven av":"Tomas Jarvid","Ber\u00e4knad l\u00e4stid":"2 minuter"},"schema":{"@context":"https:\/\/schema.org","@graph":[{"@type":"Article","@id":"https:\/\/blogg.svenskakyrkan.se\/vandravagen\/2013\/06\/03\/pilgrim-i-kyrkorummet\/#article","isPartOf":{"@id":"https:\/\/blogg.svenskakyrkan.se\/vandravagen\/2013\/06\/03\/pilgrim-i-kyrkorummet\/"},"author":{"name":"Tomas Jarvid","@id":"https:\/\/blogg.svenskakyrkan.se\/vandravagen\/#\/schema\/person\/25da02d4f76b137d04291711e2c9fc16"},"headline":"Pilgrim i kyrkorummet","datePublished":"2013-06-03T06:28:00+00:00","mainEntityOfPage":{"@id":"https:\/\/blogg.svenskakyrkan.se\/vandravagen\/2013\/06\/03\/pilgrim-i-kyrkorummet\/"},"wordCount":450,"commentCount":5,"publisher":{"@id":"https:\/\/blogg.svenskakyrkan.se\/vandravagen\/#organization"},"image":{"@id":"https:\/\/blogg.svenskakyrkan.se\/vandravagen\/2013\/06\/03\/pilgrim-i-kyrkorummet\/#primaryimage"},"thumbnailUrl":"http:\/\/1.bp.blogspot.com\/-zC2SYLcbd-Y\/UabvXbILWtI\/AAAAAAAADpA\/C_IYq_juIf4\/s640\/ledsjo%CC%88+kyrka.jpg","articleSection":["kyrkan","pilgrim","Teologi"],"inLanguage":"sv-SE","potentialAction":[{"@type":"CommentAction","name":"Comment","target":["https:\/\/blogg.svenskakyrkan.se\/vandravagen\/2013\/06\/03\/pilgrim-i-kyrkorummet\/#respond"]}]},{"@type":"WebPage","@id":"https:\/\/blogg.svenskakyrkan.se\/vandravagen\/2013\/06\/03\/pilgrim-i-kyrkorummet\/","url":"https:\/\/blogg.svenskakyrkan.se\/vandravagen\/2013\/06\/03\/pilgrim-i-kyrkorummet\/","name":"Pilgrim i kyrkorummet - Vandra V\u00e4gen","isPartOf":{"@id":"https:\/\/blogg.svenskakyrkan.se\/vandravagen\/#website"},"primaryImageOfPage":{"@id":"https:\/\/blogg.svenskakyrkan.se\/vandravagen\/2013\/06\/03\/pilgrim-i-kyrkorummet\/#primaryimage"},"image":{"@id":"https:\/\/blogg.svenskakyrkan.se\/vandravagen\/2013\/06\/03\/pilgrim-i-kyrkorummet\/#primaryimage"},"thumbnailUrl":"http:\/\/1.bp.blogspot.com\/-zC2SYLcbd-Y\/UabvXbILWtI\/AAAAAAAADpA\/C_IYq_juIf4\/s640\/ledsjo%CC%88+kyrka.jpg","datePublished":"2013-06-03T06:28:00+00:00","breadcrumb":{"@id":"https:\/\/blogg.svenskakyrkan.se\/vandravagen\/2013\/06\/03\/pilgrim-i-kyrkorummet\/#breadcrumb"},"inLanguage":"sv-SE","potentialAction":[{"@type":"ReadAction","target":["https:\/\/blogg.svenskakyrkan.se\/vandravagen\/2013\/06\/03\/pilgrim-i-kyrkorummet\/"]}]},{"@type":"ImageObject","inLanguage":"sv-SE","@id":"https:\/\/blogg.svenskakyrkan.se\/vandravagen\/2013\/06\/03\/pilgrim-i-kyrkorummet\/#primaryimage","url":"http:\/\/1.bp.blogspot.com\/-zC2SYLcbd-Y\/UabvXbILWtI\/AAAAAAAADpA\/C_IYq_juIf4\/s640\/ledsjo%CC%88+kyrka.jpg","contentUrl":"http:\/\/1.bp.blogspot.com\/-zC2SYLcbd-Y\/UabvXbILWtI\/AAAAAAAADpA\/C_IYq_juIf4\/s640\/ledsjo%CC%88+kyrka.jpg"},{"@type":"BreadcrumbList","@id":"https:\/\/blogg.svenskakyrkan.se\/vandravagen\/2013\/06\/03\/pilgrim-i-kyrkorummet\/#breadcrumb","itemListElement":[{"@type":"ListItem","position":1,"name":"Hem","item":"https:\/\/blogg.svenskakyrkan.se\/vandravagen\/"},{"@type":"ListItem","position":2,"name":"Pilgrim i kyrkorummet"}]},{"@type":"WebSite","@id":"https:\/\/blogg.svenskakyrkan.se\/vandravagen\/#website","url":"https:\/\/blogg.svenskakyrkan.se\/vandravagen\/","name":"Vandra V\u00e4gen","description":"-Mot en tro f\u00f6r hela livet","publisher":{"@id":"https:\/\/blogg.svenskakyrkan.se\/vandravagen\/#organization"},"potentialAction":[{"@type":"SearchAction","target":{"@type":"EntryPoint","urlTemplate":"https:\/\/blogg.svenskakyrkan.se\/vandravagen\/?s={search_term_string}"},"query-input":{"@type":"PropertyValueSpecification","valueRequired":true,"valueName":"search_term_string"}}],"inLanguage":"sv-SE"},{"@type":"Organization","@id":"https:\/\/blogg.svenskakyrkan.se\/vandravagen\/#organization","name":"ulricehamns pastorat","alternateName":"ulricehamns pastorat","url":"https:\/\/blogg.svenskakyrkan.se\/vandravagen\/","logo":{"@type":"ImageObject","inLanguage":"sv-SE","@id":"https:\/\/blogg.svenskakyrkan.se\/vandravagen\/#\/schema\/logo\/image\/","url":"https:\/\/blogg.svenskakyrkan.se\/vandravagen\/files\/2023\/05\/Ulr_logo_RGB.png","contentUrl":"https:\/\/blogg.svenskakyrkan.se\/vandravagen\/files\/2023\/05\/Ulr_logo_RGB.png","width":205,"height":77,"caption":"ulricehamns pastorat"},"image":{"@id":"https:\/\/blogg.svenskakyrkan.se\/vandravagen\/#\/schema\/logo\/image\/"},"sameAs":["http:\/\/facebook.com\/vandravagen","https:\/\/x.com\/fadertomas","http:\/\/www.facebook.com\/svenskakyrkaniulricehamn"]},{"@type":"Person","@id":"https:\/\/blogg.svenskakyrkan.se\/vandravagen\/#\/schema\/person\/25da02d4f76b137d04291711e2c9fc16","name":"Tomas Jarvid","image":{"@type":"ImageObject","inLanguage":"sv-SE","@id":"https:\/\/blogg.svenskakyrkan.se\/vandravagen\/#\/schema\/person\/image\/","url":"https:\/\/secure.gravatar.com\/avatar\/7fa71899795e8f540f615a1f5ab25255dc27aa40f05ee7ddd21aac521e01bf50?s=96&d=identicon&r=g","contentUrl":"https:\/\/secure.gravatar.com\/avatar\/7fa71899795e8f540f615a1f5ab25255dc27aa40f05ee7ddd21aac521e01bf50?s=96&d=identicon&r=g","caption":"Tomas Jarvid"},"description":"Jag bor i Ulricehamn i V\u00e4sterg\u00f6tland och \u00e4r f\u00f6rsamlingspr\u00e4st i Svenska Kyrkan f\u00f6r Dalstorps f\u00f6rsamling i Kinds pastorat. P\u00e5 den h\u00e4r bloggen skriver jag ner tankar om vandringen som kristen.","sameAs":["http:\/\/www.vandravagen.se"],"url":"https:\/\/blogg.svenskakyrkan.se\/vandravagen\/author\/vandravagen\/"}]}},"author_meta":{"ID":"392","user_nicename":"vandravagen","user_url":"http:\/\/www.vandravagen.se","user_registered":"2014-05-19 05:44:52","display_name":"Tomas Jarvid","first_name":"Tomas","last_name":"Jarvid","avatar":"https:\/\/secure.gravatar.com\/avatar\/7fa71899795e8f540f615a1f5ab25255dc27aa40f05ee7ddd21aac521e01bf50?s=96&d=identicon&r=g"},"featured_image":false,"bloginfo":{"name":"Vandra V\u00e4gen","url":"https:\/\/blogg.svenskakyrkan.se\/vandravagen"},"_links":{"self":[{"href":"https:\/\/blogg.svenskakyrkan.se\/vandravagen\/wp-json\/wp\/v2\/posts\/534","targetHints":{"allow":["GET"]}}],"collection":[{"href":"https:\/\/blogg.svenskakyrkan.se\/vandravagen\/wp-json\/wp\/v2\/posts"}],"about":[{"href":"https:\/\/blogg.svenskakyrkan.se\/vandravagen\/wp-json\/wp\/v2\/types\/post"}],"author":[{"embeddable":true,"href":"https:\/\/blogg.svenskakyrkan.se\/vandravagen\/wp-json\/wp\/v2\/users\/392"}],"replies":[{"embeddable":true,"href":"https:\/\/blogg.svenskakyrkan.se\/vandravagen\/wp-json\/wp\/v2\/comments?post=534"}],"version-history":[{"count":0,"href":"https:\/\/blogg.svenskakyrkan.se\/vandravagen\/wp-json\/wp\/v2\/posts\/534\/revisions"}],"wp:attachment":[{"href":"https:\/\/blogg.svenskakyrkan.se\/vandravagen\/wp-json\/wp\/v2\/media?parent=534"}],"wp:term":[{"taxonomy":"category","embeddable":true,"href":"https:\/\/blogg.svenskakyrkan.se\/vandravagen\/wp-json\/wp\/v2\/categories?post=534"},{"taxonomy":"post_tag","embeddable":true,"href":"https:\/\/blogg.svenskakyrkan.se\/vandravagen\/wp-json\/wp\/v2\/tags?post=534"}],"curies":[{"name":"wp","href":"https:\/\/api.w.org\/{rel}","templated":true}]}}