{"id":535,"date":"2013-06-02T18:00:00","date_gmt":"2013-06-02T16:00:00","guid":{"rendered":"http:\/\/blogg.svenskakyrkan.se\/vandravagen\/2013\/06\/02\/larodikt-den-forsta-juni\/"},"modified":"2013-06-02T18:00:00","modified_gmt":"2013-06-02T16:00:00","slug":"larodikt-den-forsta-juni","status":"publish","type":"post","link":"https:\/\/blogg.svenskakyrkan.se\/vandravagen\/2013\/06\/02\/larodikt-den-forsta-juni\/","title":{"rendered":"L\u00e4rodikt den f\u00f6rsta juni"},"content":{"rendered":"<\/p>\n<div>\n<div><span>Den h\u00e4r fick jag mailad av min mamma f\u00f6rra g\u00e5ngen det var f\u00f6rsta juni. Nu har det redan hunnit bli den andra men dikten \u00e4r fin och t\u00e4nkv\u00e4rd. Carpe diem! N\u00e5n som vet vem som skrivit den?<\/span><\/div>\n<div><span><br \/><\/span><\/div>\n<div><span><br \/><\/span><\/div>\n<div><span><br \/><\/span><\/div>\n<table align=\"center\" cellpadding=\"0\" cellspacing=\"0\">\n<tbody>\n<tr>\n<td><a href=\"http:\/\/4.bp.blogspot.com\/-H1cJJHIyZuk\/UatbG8Hz5eI\/AAAAAAAADp4\/3NKcls4Gotk\/s1600\/ha%CC%88gg.jpg\"><img loading=\"lazy\" decoding=\"async\" border=\"0\" height=\"480\" src=\"http:\/\/4.bp.blogspot.com\/-H1cJJHIyZuk\/UatbG8Hz5eI\/AAAAAAAADp4\/3NKcls4Gotk\/s640\/ha%CC%88gg.jpg\" width=\"640\"><\/a><\/td>\n<\/tr>\n<tr>\n<td>H\u00e4ggen har redan blommat \u00f6ver, har du hunnit se den?<\/td>\n<\/tr>\n<\/tbody>\n<\/table>\n<div><span><br \/><\/span><\/div>\n<div><span><br \/><\/span><\/div>\n<div><span><br \/><\/span><\/div>\n<div><span><br \/><\/span><\/div>\n<div><span><br \/><\/span><\/div>\n<div><span>&#8221;L\u00e4rodikt den 1:a juni<\/p>\n<p><\/span><\/div>\n<\/div>\n<div>\n<div><\/div>\n<\/div>\n<div>\n<div><span>Var glad min sj\u00e4l, \u00e5t vad du har: nu har du hundra sommardar och detta \u00e4r den f\u00f6rsta.<\/p>\n<p><\/span><\/div>\n<\/div>\n<div>\n<div><span>N\u00e4r solens lopp sin \u00e4nde tar s\u00e5 har du nittionio kvar och n\u00e5gon blir den st\u00f6rsta.<\/p>\n<p><\/span><\/div>\n<\/div>\n<div>\n<div><\/div>\n<\/div>\n<div>\n<div><span>Giv noga akt p\u00e5 var du st\u00e5r: imorgon \u00e4r med ens ig\u00e5r, det g\u00e5r s\u00e5 fort att vandra.<\/p>\n<p><\/span><\/div>\n<\/div>\n<div>\n<div><span>L\u00e4gg m\u00e4rke till att vad du f\u00e5r \u00e4r hundra sommardar per \u00e5r.<\/p>\n<p><\/span><\/div>\n<\/div>\n<div>\n<div><span>Imorgon \u00e4r den andra.&#8221;<\/span><\/div>\n<\/div>\n","protected":false},"excerpt":{"rendered":"<p>Den h\u00e4r fick jag mailad av min mamma f\u00f6rra g\u00e5ngen det var f\u00f6rsta juni. Nu har det redan hunnit bli den andra men dikten \u00e4r fin och t\u00e4nkv\u00e4rd. Carpe diem! N\u00e5n som vet vem som skrivit den? H\u00e4ggen har redan blommat \u00f6ver, har du hunnit se den? &#8221;L\u00e4rodikt den 1:a juni Var glad min sj\u00e4l, [&hellip;]<\/p>\n","protected":false},"author":392,"featured_media":0,"comment_status":"open","ping_status":"open","sticky":false,"template":"","format":"standard","meta":{"_acf_changed":false,"footnotes":""},"categories":[17159],"tags":[],"class_list":["post-535","post","type-post","status-publish","format-standard","hentry","category-poesi"],"acf":[],"yoast_head":"<!-- This site is optimized with the Yoast SEO plugin v27.1.1 - https:\/\/yoast.com\/product\/yoast-seo-wordpress\/ -->\n<title>L\u00e4rodikt den f\u00f6rsta juni - Vandra V\u00e4gen<\/title>\n<meta name=\"robots\" content=\"index, follow, max-snippet:-1, max-image-preview:large, max-video-preview:-1\" \/>\n<link rel=\"canonical\" href=\"https:\/\/blogg.svenskakyrkan.se\/vandravagen\/2013\/06\/02\/larodikt-den-forsta-juni\/\" \/>\n<meta property=\"og:locale\" content=\"sv_SE\" \/>\n<meta property=\"og:type\" content=\"article\" \/>\n<meta property=\"og:title\" content=\"L\u00e4rodikt den f\u00f6rsta juni - Vandra V\u00e4gen\" \/>\n<meta property=\"og:description\" content=\"Den h\u00e4r fick jag mailad av min mamma f\u00f6rra g\u00e5ngen det var f\u00f6rsta juni. Nu har det redan hunnit bli den andra men dikten \u00e4r fin och t\u00e4nkv\u00e4rd. Carpe diem! N\u00e5n som vet vem som skrivit den? H\u00e4ggen har redan blommat \u00f6ver, har du hunnit se den? &#8221;L\u00e4rodikt den 1:a juni Var glad min sj\u00e4l, [&hellip;]\" \/>\n<meta property=\"og:url\" content=\"https:\/\/blogg.svenskakyrkan.se\/vandravagen\/2013\/06\/02\/larodikt-den-forsta-juni\/\" \/>\n<meta property=\"og:site_name\" content=\"Vandra V\u00e4gen\" \/>\n<meta property=\"article:publisher\" content=\"http:\/\/facebook.com\/vandravagen\" \/>\n<meta property=\"article:published_time\" content=\"2013-06-02T16:00:00+00:00\" \/>\n<meta property=\"og:image\" content=\"http:\/\/4.bp.blogspot.com\/-H1cJJHIyZuk\/UatbG8Hz5eI\/AAAAAAAADp4\/3NKcls4Gotk\/s640\/ha%CC%88gg.jpg\" \/>\n<meta name=\"author\" content=\"Tomas Jarvid\" \/>\n<meta name=\"twitter:card\" content=\"summary_large_image\" \/>\n<meta name=\"twitter:creator\" content=\"@fadertomas\" \/>\n<meta name=\"twitter:site\" content=\"@fadertomas\" \/>\n<meta name=\"twitter:label1\" content=\"Skriven av\" \/>\n\t<meta name=\"twitter:data1\" content=\"Tomas Jarvid\" \/>\n\t<meta name=\"twitter:label2\" content=\"Ber\u00e4knad l\u00e4stid\" \/>\n\t<meta name=\"twitter:data2\" content=\"1 minut\" \/>\n<script type=\"application\/ld+json\" class=\"yoast-schema-graph\">{\"@context\":\"https:\/\/schema.org\",\"@graph\":[{\"@type\":\"Article\",\"@id\":\"https:\/\/blogg.svenskakyrkan.se\/vandravagen\/2013\/06\/02\/larodikt-den-forsta-juni\/#article\",\"isPartOf\":{\"@id\":\"https:\/\/blogg.svenskakyrkan.se\/vandravagen\/2013\/06\/02\/larodikt-den-forsta-juni\/\"},\"author\":{\"name\":\"Tomas Jarvid\",\"@id\":\"https:\/\/blogg.svenskakyrkan.se\/vandravagen\/#\/schema\/person\/25da02d4f76b137d04291711e2c9fc16\"},\"headline\":\"L\u00e4rodikt den f\u00f6rsta juni\",\"datePublished\":\"2013-06-02T16:00:00+00:00\",\"mainEntityOfPage\":{\"@id\":\"https:\/\/blogg.svenskakyrkan.se\/vandravagen\/2013\/06\/02\/larodikt-den-forsta-juni\/\"},\"wordCount\":145,\"commentCount\":2,\"publisher\":{\"@id\":\"https:\/\/blogg.svenskakyrkan.se\/vandravagen\/#organization\"},\"image\":{\"@id\":\"https:\/\/blogg.svenskakyrkan.se\/vandravagen\/2013\/06\/02\/larodikt-den-forsta-juni\/#primaryimage\"},\"thumbnailUrl\":\"http:\/\/4.bp.blogspot.com\/-H1cJJHIyZuk\/UatbG8Hz5eI\/AAAAAAAADp4\/3NKcls4Gotk\/s640\/ha%CC%88gg.jpg\",\"articleSection\":[\"poesi\"],\"inLanguage\":\"sv-SE\",\"potentialAction\":[{\"@type\":\"CommentAction\",\"name\":\"Comment\",\"target\":[\"https:\/\/blogg.svenskakyrkan.se\/vandravagen\/2013\/06\/02\/larodikt-den-forsta-juni\/#respond\"]}]},{\"@type\":\"WebPage\",\"@id\":\"https:\/\/blogg.svenskakyrkan.se\/vandravagen\/2013\/06\/02\/larodikt-den-forsta-juni\/\",\"url\":\"https:\/\/blogg.svenskakyrkan.se\/vandravagen\/2013\/06\/02\/larodikt-den-forsta-juni\/\",\"name\":\"L\u00e4rodikt den f\u00f6rsta juni - Vandra V\u00e4gen\",\"isPartOf\":{\"@id\":\"https:\/\/blogg.svenskakyrkan.se\/vandravagen\/#website\"},\"primaryImageOfPage\":{\"@id\":\"https:\/\/blogg.svenskakyrkan.se\/vandravagen\/2013\/06\/02\/larodikt-den-forsta-juni\/#primaryimage\"},\"image\":{\"@id\":\"https:\/\/blogg.svenskakyrkan.se\/vandravagen\/2013\/06\/02\/larodikt-den-forsta-juni\/#primaryimage\"},\"thumbnailUrl\":\"http:\/\/4.bp.blogspot.com\/-H1cJJHIyZuk\/UatbG8Hz5eI\/AAAAAAAADp4\/3NKcls4Gotk\/s640\/ha%CC%88gg.jpg\",\"datePublished\":\"2013-06-02T16:00:00+00:00\",\"breadcrumb\":{\"@id\":\"https:\/\/blogg.svenskakyrkan.se\/vandravagen\/2013\/06\/02\/larodikt-den-forsta-juni\/#breadcrumb\"},\"inLanguage\":\"sv-SE\",\"potentialAction\":[{\"@type\":\"ReadAction\",\"target\":[\"https:\/\/blogg.svenskakyrkan.se\/vandravagen\/2013\/06\/02\/larodikt-den-forsta-juni\/\"]}]},{\"@type\":\"ImageObject\",\"inLanguage\":\"sv-SE\",\"@id\":\"https:\/\/blogg.svenskakyrkan.se\/vandravagen\/2013\/06\/02\/larodikt-den-forsta-juni\/#primaryimage\",\"url\":\"http:\/\/4.bp.blogspot.com\/-H1cJJHIyZuk\/UatbG8Hz5eI\/AAAAAAAADp4\/3NKcls4Gotk\/s640\/ha%CC%88gg.jpg\",\"contentUrl\":\"http:\/\/4.bp.blogspot.com\/-H1cJJHIyZuk\/UatbG8Hz5eI\/AAAAAAAADp4\/3NKcls4Gotk\/s640\/ha%CC%88gg.jpg\"},{\"@type\":\"BreadcrumbList\",\"@id\":\"https:\/\/blogg.svenskakyrkan.se\/vandravagen\/2013\/06\/02\/larodikt-den-forsta-juni\/#breadcrumb\",\"itemListElement\":[{\"@type\":\"ListItem\",\"position\":1,\"name\":\"Hem\",\"item\":\"https:\/\/blogg.svenskakyrkan.se\/vandravagen\/\"},{\"@type\":\"ListItem\",\"position\":2,\"name\":\"L\u00e4rodikt den f\u00f6rsta juni\"}]},{\"@type\":\"WebSite\",\"@id\":\"https:\/\/blogg.svenskakyrkan.se\/vandravagen\/#website\",\"url\":\"https:\/\/blogg.svenskakyrkan.se\/vandravagen\/\",\"name\":\"Vandra V\u00e4gen\",\"description\":\"-Mot en tro f\u00f6r hela livet\",\"publisher\":{\"@id\":\"https:\/\/blogg.svenskakyrkan.se\/vandravagen\/#organization\"},\"potentialAction\":[{\"@type\":\"SearchAction\",\"target\":{\"@type\":\"EntryPoint\",\"urlTemplate\":\"https:\/\/blogg.svenskakyrkan.se\/vandravagen\/?s={search_term_string}\"},\"query-input\":{\"@type\":\"PropertyValueSpecification\",\"valueRequired\":true,\"valueName\":\"search_term_string\"}}],\"inLanguage\":\"sv-SE\"},{\"@type\":\"Organization\",\"@id\":\"https:\/\/blogg.svenskakyrkan.se\/vandravagen\/#organization\",\"name\":\"ulricehamns pastorat\",\"alternateName\":\"ulricehamns pastorat\",\"url\":\"https:\/\/blogg.svenskakyrkan.se\/vandravagen\/\",\"logo\":{\"@type\":\"ImageObject\",\"inLanguage\":\"sv-SE\",\"@id\":\"https:\/\/blogg.svenskakyrkan.se\/vandravagen\/#\/schema\/logo\/image\/\",\"url\":\"https:\/\/blogg.svenskakyrkan.se\/vandravagen\/files\/2023\/05\/Ulr_logo_RGB.png\",\"contentUrl\":\"https:\/\/blogg.svenskakyrkan.se\/vandravagen\/files\/2023\/05\/Ulr_logo_RGB.png\",\"width\":205,\"height\":77,\"caption\":\"ulricehamns pastorat\"},\"image\":{\"@id\":\"https:\/\/blogg.svenskakyrkan.se\/vandravagen\/#\/schema\/logo\/image\/\"},\"sameAs\":[\"http:\/\/facebook.com\/vandravagen\",\"https:\/\/x.com\/fadertomas\",\"http:\/\/www.facebook.com\/svenskakyrkaniulricehamn\"]},{\"@type\":\"Person\",\"@id\":\"https:\/\/blogg.svenskakyrkan.se\/vandravagen\/#\/schema\/person\/25da02d4f76b137d04291711e2c9fc16\",\"name\":\"Tomas Jarvid\",\"image\":{\"@type\":\"ImageObject\",\"inLanguage\":\"sv-SE\",\"@id\":\"https:\/\/blogg.svenskakyrkan.se\/vandravagen\/#\/schema\/person\/image\/\",\"url\":\"https:\/\/secure.gravatar.com\/avatar\/7fa71899795e8f540f615a1f5ab25255dc27aa40f05ee7ddd21aac521e01bf50?s=96&d=identicon&r=g\",\"contentUrl\":\"https:\/\/secure.gravatar.com\/avatar\/7fa71899795e8f540f615a1f5ab25255dc27aa40f05ee7ddd21aac521e01bf50?s=96&d=identicon&r=g\",\"caption\":\"Tomas Jarvid\"},\"description\":\"Jag bor i Ulricehamn i V\u00e4sterg\u00f6tland och \u00e4r f\u00f6rsamlingspr\u00e4st i Svenska Kyrkan f\u00f6r Dalstorps f\u00f6rsamling i Kinds pastorat. P\u00e5 den h\u00e4r bloggen skriver jag ner tankar om vandringen som kristen.\",\"sameAs\":[\"http:\/\/www.vandravagen.se\"],\"url\":\"https:\/\/blogg.svenskakyrkan.se\/vandravagen\/author\/vandravagen\/\"}]}<\/script>\n<!-- \/ Yoast SEO plugin. -->","yoast_head_json":{"title":"L\u00e4rodikt den f\u00f6rsta juni - Vandra V\u00e4gen","robots":{"index":"index","follow":"follow","max-snippet":"max-snippet:-1","max-image-preview":"max-image-preview:large","max-video-preview":"max-video-preview:-1"},"canonical":"https:\/\/blogg.svenskakyrkan.se\/vandravagen\/2013\/06\/02\/larodikt-den-forsta-juni\/","og_locale":"sv_SE","og_type":"article","og_title":"L\u00e4rodikt den f\u00f6rsta juni - Vandra V\u00e4gen","og_description":"Den h\u00e4r fick jag mailad av min mamma f\u00f6rra g\u00e5ngen det var f\u00f6rsta juni. Nu har det redan hunnit bli den andra men dikten \u00e4r fin och t\u00e4nkv\u00e4rd. Carpe diem! N\u00e5n som vet vem som skrivit den? H\u00e4ggen har redan blommat \u00f6ver, har du hunnit se den? &#8221;L\u00e4rodikt den 1:a juni Var glad min sj\u00e4l, [&hellip;]","og_url":"https:\/\/blogg.svenskakyrkan.se\/vandravagen\/2013\/06\/02\/larodikt-den-forsta-juni\/","og_site_name":"Vandra V\u00e4gen","article_publisher":"http:\/\/facebook.com\/vandravagen","article_published_time":"2013-06-02T16:00:00+00:00","og_image":[{"url":"http:\/\/4.bp.blogspot.com\/-H1cJJHIyZuk\/UatbG8Hz5eI\/AAAAAAAADp4\/3NKcls4Gotk\/s640\/ha%CC%88gg.jpg","type":"","width":"","height":""}],"author":"Tomas Jarvid","twitter_card":"summary_large_image","twitter_creator":"@fadertomas","twitter_site":"@fadertomas","twitter_misc":{"Skriven av":"Tomas Jarvid","Ber\u00e4knad l\u00e4stid":"1 minut"},"schema":{"@context":"https:\/\/schema.org","@graph":[{"@type":"Article","@id":"https:\/\/blogg.svenskakyrkan.se\/vandravagen\/2013\/06\/02\/larodikt-den-forsta-juni\/#article","isPartOf":{"@id":"https:\/\/blogg.svenskakyrkan.se\/vandravagen\/2013\/06\/02\/larodikt-den-forsta-juni\/"},"author":{"name":"Tomas Jarvid","@id":"https:\/\/blogg.svenskakyrkan.se\/vandravagen\/#\/schema\/person\/25da02d4f76b137d04291711e2c9fc16"},"headline":"L\u00e4rodikt den f\u00f6rsta juni","datePublished":"2013-06-02T16:00:00+00:00","mainEntityOfPage":{"@id":"https:\/\/blogg.svenskakyrkan.se\/vandravagen\/2013\/06\/02\/larodikt-den-forsta-juni\/"},"wordCount":145,"commentCount":2,"publisher":{"@id":"https:\/\/blogg.svenskakyrkan.se\/vandravagen\/#organization"},"image":{"@id":"https:\/\/blogg.svenskakyrkan.se\/vandravagen\/2013\/06\/02\/larodikt-den-forsta-juni\/#primaryimage"},"thumbnailUrl":"http:\/\/4.bp.blogspot.com\/-H1cJJHIyZuk\/UatbG8Hz5eI\/AAAAAAAADp4\/3NKcls4Gotk\/s640\/ha%CC%88gg.jpg","articleSection":["poesi"],"inLanguage":"sv-SE","potentialAction":[{"@type":"CommentAction","name":"Comment","target":["https:\/\/blogg.svenskakyrkan.se\/vandravagen\/2013\/06\/02\/larodikt-den-forsta-juni\/#respond"]}]},{"@type":"WebPage","@id":"https:\/\/blogg.svenskakyrkan.se\/vandravagen\/2013\/06\/02\/larodikt-den-forsta-juni\/","url":"https:\/\/blogg.svenskakyrkan.se\/vandravagen\/2013\/06\/02\/larodikt-den-forsta-juni\/","name":"L\u00e4rodikt den f\u00f6rsta juni - Vandra V\u00e4gen","isPartOf":{"@id":"https:\/\/blogg.svenskakyrkan.se\/vandravagen\/#website"},"primaryImageOfPage":{"@id":"https:\/\/blogg.svenskakyrkan.se\/vandravagen\/2013\/06\/02\/larodikt-den-forsta-juni\/#primaryimage"},"image":{"@id":"https:\/\/blogg.svenskakyrkan.se\/vandravagen\/2013\/06\/02\/larodikt-den-forsta-juni\/#primaryimage"},"thumbnailUrl":"http:\/\/4.bp.blogspot.com\/-H1cJJHIyZuk\/UatbG8Hz5eI\/AAAAAAAADp4\/3NKcls4Gotk\/s640\/ha%CC%88gg.jpg","datePublished":"2013-06-02T16:00:00+00:00","breadcrumb":{"@id":"https:\/\/blogg.svenskakyrkan.se\/vandravagen\/2013\/06\/02\/larodikt-den-forsta-juni\/#breadcrumb"},"inLanguage":"sv-SE","potentialAction":[{"@type":"ReadAction","target":["https:\/\/blogg.svenskakyrkan.se\/vandravagen\/2013\/06\/02\/larodikt-den-forsta-juni\/"]}]},{"@type":"ImageObject","inLanguage":"sv-SE","@id":"https:\/\/blogg.svenskakyrkan.se\/vandravagen\/2013\/06\/02\/larodikt-den-forsta-juni\/#primaryimage","url":"http:\/\/4.bp.blogspot.com\/-H1cJJHIyZuk\/UatbG8Hz5eI\/AAAAAAAADp4\/3NKcls4Gotk\/s640\/ha%CC%88gg.jpg","contentUrl":"http:\/\/4.bp.blogspot.com\/-H1cJJHIyZuk\/UatbG8Hz5eI\/AAAAAAAADp4\/3NKcls4Gotk\/s640\/ha%CC%88gg.jpg"},{"@type":"BreadcrumbList","@id":"https:\/\/blogg.svenskakyrkan.se\/vandravagen\/2013\/06\/02\/larodikt-den-forsta-juni\/#breadcrumb","itemListElement":[{"@type":"ListItem","position":1,"name":"Hem","item":"https:\/\/blogg.svenskakyrkan.se\/vandravagen\/"},{"@type":"ListItem","position":2,"name":"L\u00e4rodikt den f\u00f6rsta juni"}]},{"@type":"WebSite","@id":"https:\/\/blogg.svenskakyrkan.se\/vandravagen\/#website","url":"https:\/\/blogg.svenskakyrkan.se\/vandravagen\/","name":"Vandra V\u00e4gen","description":"-Mot en tro f\u00f6r hela livet","publisher":{"@id":"https:\/\/blogg.svenskakyrkan.se\/vandravagen\/#organization"},"potentialAction":[{"@type":"SearchAction","target":{"@type":"EntryPoint","urlTemplate":"https:\/\/blogg.svenskakyrkan.se\/vandravagen\/?s={search_term_string}"},"query-input":{"@type":"PropertyValueSpecification","valueRequired":true,"valueName":"search_term_string"}}],"inLanguage":"sv-SE"},{"@type":"Organization","@id":"https:\/\/blogg.svenskakyrkan.se\/vandravagen\/#organization","name":"ulricehamns pastorat","alternateName":"ulricehamns pastorat","url":"https:\/\/blogg.svenskakyrkan.se\/vandravagen\/","logo":{"@type":"ImageObject","inLanguage":"sv-SE","@id":"https:\/\/blogg.svenskakyrkan.se\/vandravagen\/#\/schema\/logo\/image\/","url":"https:\/\/blogg.svenskakyrkan.se\/vandravagen\/files\/2023\/05\/Ulr_logo_RGB.png","contentUrl":"https:\/\/blogg.svenskakyrkan.se\/vandravagen\/files\/2023\/05\/Ulr_logo_RGB.png","width":205,"height":77,"caption":"ulricehamns pastorat"},"image":{"@id":"https:\/\/blogg.svenskakyrkan.se\/vandravagen\/#\/schema\/logo\/image\/"},"sameAs":["http:\/\/facebook.com\/vandravagen","https:\/\/x.com\/fadertomas","http:\/\/www.facebook.com\/svenskakyrkaniulricehamn"]},{"@type":"Person","@id":"https:\/\/blogg.svenskakyrkan.se\/vandravagen\/#\/schema\/person\/25da02d4f76b137d04291711e2c9fc16","name":"Tomas Jarvid","image":{"@type":"ImageObject","inLanguage":"sv-SE","@id":"https:\/\/blogg.svenskakyrkan.se\/vandravagen\/#\/schema\/person\/image\/","url":"https:\/\/secure.gravatar.com\/avatar\/7fa71899795e8f540f615a1f5ab25255dc27aa40f05ee7ddd21aac521e01bf50?s=96&d=identicon&r=g","contentUrl":"https:\/\/secure.gravatar.com\/avatar\/7fa71899795e8f540f615a1f5ab25255dc27aa40f05ee7ddd21aac521e01bf50?s=96&d=identicon&r=g","caption":"Tomas Jarvid"},"description":"Jag bor i Ulricehamn i V\u00e4sterg\u00f6tland och \u00e4r f\u00f6rsamlingspr\u00e4st i Svenska Kyrkan f\u00f6r Dalstorps f\u00f6rsamling i Kinds pastorat. P\u00e5 den h\u00e4r bloggen skriver jag ner tankar om vandringen som kristen.","sameAs":["http:\/\/www.vandravagen.se"],"url":"https:\/\/blogg.svenskakyrkan.se\/vandravagen\/author\/vandravagen\/"}]}},"author_meta":{"ID":"392","user_nicename":"vandravagen","user_url":"http:\/\/www.vandravagen.se","user_registered":"2014-05-19 05:44:52","display_name":"Tomas Jarvid","first_name":"Tomas","last_name":"Jarvid","avatar":"https:\/\/secure.gravatar.com\/avatar\/7fa71899795e8f540f615a1f5ab25255dc27aa40f05ee7ddd21aac521e01bf50?s=96&d=identicon&r=g"},"featured_image":false,"bloginfo":{"name":"Vandra V\u00e4gen","url":"https:\/\/blogg.svenskakyrkan.se\/vandravagen"},"_links":{"self":[{"href":"https:\/\/blogg.svenskakyrkan.se\/vandravagen\/wp-json\/wp\/v2\/posts\/535","targetHints":{"allow":["GET"]}}],"collection":[{"href":"https:\/\/blogg.svenskakyrkan.se\/vandravagen\/wp-json\/wp\/v2\/posts"}],"about":[{"href":"https:\/\/blogg.svenskakyrkan.se\/vandravagen\/wp-json\/wp\/v2\/types\/post"}],"author":[{"embeddable":true,"href":"https:\/\/blogg.svenskakyrkan.se\/vandravagen\/wp-json\/wp\/v2\/users\/392"}],"replies":[{"embeddable":true,"href":"https:\/\/blogg.svenskakyrkan.se\/vandravagen\/wp-json\/wp\/v2\/comments?post=535"}],"version-history":[{"count":0,"href":"https:\/\/blogg.svenskakyrkan.se\/vandravagen\/wp-json\/wp\/v2\/posts\/535\/revisions"}],"wp:attachment":[{"href":"https:\/\/blogg.svenskakyrkan.se\/vandravagen\/wp-json\/wp\/v2\/media?parent=535"}],"wp:term":[{"taxonomy":"category","embeddable":true,"href":"https:\/\/blogg.svenskakyrkan.se\/vandravagen\/wp-json\/wp\/v2\/categories?post=535"},{"taxonomy":"post_tag","embeddable":true,"href":"https:\/\/blogg.svenskakyrkan.se\/vandravagen\/wp-json\/wp\/v2\/tags?post=535"}],"curies":[{"name":"wp","href":"https:\/\/api.w.org\/{rel}","templated":true}]}}