{"id":536,"date":"2013-06-02T07:24:00","date_gmt":"2013-06-02T05:24:00","guid":{"rendered":"http:\/\/blogg.svenskakyrkan.se\/vandravagen\/2013\/06\/02\/jag-ar-inte-messias-sa-johannes\/"},"modified":"2013-06-02T07:24:00","modified_gmt":"2013-06-02T05:24:00","slug":"jag-ar-inte-messias-sa-johannes","status":"publish","type":"post","link":"https:\/\/blogg.svenskakyrkan.se\/vandravagen\/2013\/06\/02\/jag-ar-inte-messias-sa-johannes\/","title":{"rendered":"&quot;Jag \u00e4r inte messias&quot; sa Johannes"},"content":{"rendered":"<table align=\"center\" cellpadding=\"0\" cellspacing=\"0\">\n<tbody>\n<tr>\n<td><a href=\"http:\/\/iconreader.files.wordpress.com\/2010\/08\/stjohnicon2.jpg\"><img loading=\"lazy\" decoding=\"async\" border=\"0\" height=\"640\" src=\"http:\/\/iconreader.files.wordpress.com\/2010\/08\/stjohnicon2.jpg\" width=\"452\"><\/a><\/td>\n<\/tr>\n<tr>\n<td>Johannes ikon, bildk\u00e4lla: http:\/\/www.iconreader.wordpress.com<\/td>\n<\/tr>\n<\/tbody>\n<\/table>\n<p>I s\u00f6ndagens evangelium kommer folk till Johannes d\u00f6paren f\u00f6r att fr\u00e5ga om han \u00e4r Messias. D\u00e5 st\u00e5r det att han bek\u00e4nde, han f\u00f6rnekade inte utan bek\u00e4nde och sa &#8221;Jag \u00e4r inte Messias&#8221;.<\/p>\n<p>Lite konstigt formulerat? Visst skulle du i vardagligt tal s\u00e4ga att jo, Johannes, du f\u00f6rnekade just att du var Messias. \u00c4nd\u00e5 \u00e4r evangelisten noga med att h\u00e4vda att han inte f\u00f6rnekade utan bek\u00e4nde. Man kan tycka att det \u00e4r banalt men i johannesevangeliet finns det tankar bakom det mesta.<\/p>\n<p>&#8221;Jag \u00e4r inte Messias&#8221; bet sig fast i mig som en viktig fras. Det kan ibland ta emot att medge att man inte \u00e4r den d\u00e4r fr\u00e4lsaren som alla l\u00e4ngtar. I alla fall jag vill g\u00e4rna antingen \u00f6verdriva eller underskatta min egen betydelse. G\u00f6r du likadant?<\/p>\n<p>Att bek\u00e4nna att jag inte \u00e4r messias kan g\u00f6ra ont f\u00f6r egot men oh, vilken befrielse det \u00e4r! Det \u00e4r att samtidigt bek\u00e4nna sig till han som faktiskt <i>\u00e4r<\/i> fr\u00e4lsaren. Lita p\u00e5 att allt inte m\u00e5ste ske genom mig eller ens under mitt \u00f6verinseende. Gud verkar hur han vill.<\/p>\n<p>Enligt Johannesevangeliet s\u00e4ger Johannes en sak till som tr\u00e4ffar mig \u00e4nnu h\u00e5rdare. N\u00e4r han talar om Jesus med sina l\u00e4rjungar s\u00e4ger han &#8221;han ska bli st\u00f6rre, och jag ska bli mindre&#8221;. Vad s\u00e4ger du om det?<\/p>\n","protected":false},"excerpt":{"rendered":"<p>Johannes ikon, bildk\u00e4lla: http:\/\/www.iconreader.wordpress.com I s\u00f6ndagens evangelium kommer folk till Johannes d\u00f6paren f\u00f6r att fr\u00e5ga om han \u00e4r Messias. D\u00e5 st\u00e5r det att han bek\u00e4nde, han f\u00f6rnekade inte utan bek\u00e4nde och sa &#8221;Jag \u00e4r inte Messias&#8221;. Lite konstigt formulerat? Visst skulle du i vardagligt tal s\u00e4ga att jo, Johannes, du f\u00f6rnekade just att du var [&hellip;]<\/p>\n","protected":false},"author":392,"featured_media":0,"comment_status":"open","ping_status":"open","sticky":false,"template":"","format":"standard","meta":{"_acf_changed":false,"footnotes":""},"categories":[8298,77928,8252],"tags":[],"class_list":["post-536","post","type-post","status-publish","format-standard","hentry","category-bibeln","category-ikon","category-kyrkoaret"],"acf":[],"yoast_head":"<!-- This site is optimized with the Yoast SEO plugin v27.1.1 - https:\/\/yoast.com\/product\/yoast-seo-wordpress\/ -->\n<title>&quot;Jag \u00e4r inte messias&quot; sa Johannes - Vandra V\u00e4gen<\/title>\n<meta name=\"robots\" content=\"index, follow, max-snippet:-1, max-image-preview:large, max-video-preview:-1\" \/>\n<link rel=\"canonical\" href=\"https:\/\/blogg.svenskakyrkan.se\/vandravagen\/2013\/06\/02\/jag-ar-inte-messias-sa-johannes\/\" \/>\n<meta property=\"og:locale\" content=\"sv_SE\" \/>\n<meta property=\"og:type\" content=\"article\" \/>\n<meta property=\"og:title\" content=\"&quot;Jag \u00e4r inte messias&quot; sa Johannes - Vandra V\u00e4gen\" \/>\n<meta property=\"og:description\" content=\"Johannes ikon, bildk\u00e4lla: http:\/\/www.iconreader.wordpress.com I s\u00f6ndagens evangelium kommer folk till Johannes d\u00f6paren f\u00f6r att fr\u00e5ga om han \u00e4r Messias. D\u00e5 st\u00e5r det att han bek\u00e4nde, han f\u00f6rnekade inte utan bek\u00e4nde och sa &#8221;Jag \u00e4r inte Messias&#8221;. Lite konstigt formulerat? Visst skulle du i vardagligt tal s\u00e4ga att jo, Johannes, du f\u00f6rnekade just att du var [&hellip;]\" \/>\n<meta property=\"og:url\" content=\"https:\/\/blogg.svenskakyrkan.se\/vandravagen\/2013\/06\/02\/jag-ar-inte-messias-sa-johannes\/\" \/>\n<meta property=\"og:site_name\" content=\"Vandra V\u00e4gen\" \/>\n<meta property=\"article:publisher\" content=\"http:\/\/facebook.com\/vandravagen\" \/>\n<meta property=\"article:published_time\" content=\"2013-06-02T05:24:00+00:00\" \/>\n<meta property=\"og:image\" content=\"http:\/\/iconreader.files.wordpress.com\/2010\/08\/stjohnicon2.jpg\" \/>\n<meta name=\"author\" content=\"Tomas Jarvid\" \/>\n<meta name=\"twitter:card\" content=\"summary_large_image\" \/>\n<meta name=\"twitter:creator\" content=\"@fadertomas\" \/>\n<meta name=\"twitter:site\" content=\"@fadertomas\" \/>\n<meta name=\"twitter:label1\" content=\"Skriven av\" \/>\n\t<meta name=\"twitter:data1\" content=\"Tomas Jarvid\" \/>\n\t<meta name=\"twitter:label2\" content=\"Ber\u00e4knad l\u00e4stid\" \/>\n\t<meta name=\"twitter:data2\" content=\"1 minut\" \/>\n<script type=\"application\/ld+json\" class=\"yoast-schema-graph\">{\"@context\":\"https:\/\/schema.org\",\"@graph\":[{\"@type\":\"Article\",\"@id\":\"https:\/\/blogg.svenskakyrkan.se\/vandravagen\/2013\/06\/02\/jag-ar-inte-messias-sa-johannes\/#article\",\"isPartOf\":{\"@id\":\"https:\/\/blogg.svenskakyrkan.se\/vandravagen\/2013\/06\/02\/jag-ar-inte-messias-sa-johannes\/\"},\"author\":{\"name\":\"Tomas Jarvid\",\"@id\":\"https:\/\/blogg.svenskakyrkan.se\/vandravagen\/#\/schema\/person\/25da02d4f76b137d04291711e2c9fc16\"},\"headline\":\"&quot;Jag \u00e4r inte messias&quot; sa Johannes\",\"datePublished\":\"2013-06-02T05:24:00+00:00\",\"mainEntityOfPage\":{\"@id\":\"https:\/\/blogg.svenskakyrkan.se\/vandravagen\/2013\/06\/02\/jag-ar-inte-messias-sa-johannes\/\"},\"wordCount\":261,\"commentCount\":1,\"publisher\":{\"@id\":\"https:\/\/blogg.svenskakyrkan.se\/vandravagen\/#organization\"},\"image\":{\"@id\":\"https:\/\/blogg.svenskakyrkan.se\/vandravagen\/2013\/06\/02\/jag-ar-inte-messias-sa-johannes\/#primaryimage\"},\"thumbnailUrl\":\"http:\/\/iconreader.files.wordpress.com\/2010\/08\/stjohnicon2.jpg\",\"articleSection\":[\"Bibeln\",\"ikon\",\"kyrko\u00e5ret\"],\"inLanguage\":\"sv-SE\",\"potentialAction\":[{\"@type\":\"CommentAction\",\"name\":\"Comment\",\"target\":[\"https:\/\/blogg.svenskakyrkan.se\/vandravagen\/2013\/06\/02\/jag-ar-inte-messias-sa-johannes\/#respond\"]}]},{\"@type\":\"WebPage\",\"@id\":\"https:\/\/blogg.svenskakyrkan.se\/vandravagen\/2013\/06\/02\/jag-ar-inte-messias-sa-johannes\/\",\"url\":\"https:\/\/blogg.svenskakyrkan.se\/vandravagen\/2013\/06\/02\/jag-ar-inte-messias-sa-johannes\/\",\"name\":\"&quot;Jag \u00e4r inte messias&quot; sa Johannes - Vandra V\u00e4gen\",\"isPartOf\":{\"@id\":\"https:\/\/blogg.svenskakyrkan.se\/vandravagen\/#website\"},\"primaryImageOfPage\":{\"@id\":\"https:\/\/blogg.svenskakyrkan.se\/vandravagen\/2013\/06\/02\/jag-ar-inte-messias-sa-johannes\/#primaryimage\"},\"image\":{\"@id\":\"https:\/\/blogg.svenskakyrkan.se\/vandravagen\/2013\/06\/02\/jag-ar-inte-messias-sa-johannes\/#primaryimage\"},\"thumbnailUrl\":\"http:\/\/iconreader.files.wordpress.com\/2010\/08\/stjohnicon2.jpg\",\"datePublished\":\"2013-06-02T05:24:00+00:00\",\"breadcrumb\":{\"@id\":\"https:\/\/blogg.svenskakyrkan.se\/vandravagen\/2013\/06\/02\/jag-ar-inte-messias-sa-johannes\/#breadcrumb\"},\"inLanguage\":\"sv-SE\",\"potentialAction\":[{\"@type\":\"ReadAction\",\"target\":[\"https:\/\/blogg.svenskakyrkan.se\/vandravagen\/2013\/06\/02\/jag-ar-inte-messias-sa-johannes\/\"]}]},{\"@type\":\"ImageObject\",\"inLanguage\":\"sv-SE\",\"@id\":\"https:\/\/blogg.svenskakyrkan.se\/vandravagen\/2013\/06\/02\/jag-ar-inte-messias-sa-johannes\/#primaryimage\",\"url\":\"http:\/\/iconreader.files.wordpress.com\/2010\/08\/stjohnicon2.jpg\",\"contentUrl\":\"http:\/\/iconreader.files.wordpress.com\/2010\/08\/stjohnicon2.jpg\"},{\"@type\":\"BreadcrumbList\",\"@id\":\"https:\/\/blogg.svenskakyrkan.se\/vandravagen\/2013\/06\/02\/jag-ar-inte-messias-sa-johannes\/#breadcrumb\",\"itemListElement\":[{\"@type\":\"ListItem\",\"position\":1,\"name\":\"Hem\",\"item\":\"https:\/\/blogg.svenskakyrkan.se\/vandravagen\/\"},{\"@type\":\"ListItem\",\"position\":2,\"name\":\"&quot;Jag \u00e4r inte messias&quot; sa Johannes\"}]},{\"@type\":\"WebSite\",\"@id\":\"https:\/\/blogg.svenskakyrkan.se\/vandravagen\/#website\",\"url\":\"https:\/\/blogg.svenskakyrkan.se\/vandravagen\/\",\"name\":\"Vandra V\u00e4gen\",\"description\":\"-Mot en tro f\u00f6r hela livet\",\"publisher\":{\"@id\":\"https:\/\/blogg.svenskakyrkan.se\/vandravagen\/#organization\"},\"potentialAction\":[{\"@type\":\"SearchAction\",\"target\":{\"@type\":\"EntryPoint\",\"urlTemplate\":\"https:\/\/blogg.svenskakyrkan.se\/vandravagen\/?s={search_term_string}\"},\"query-input\":{\"@type\":\"PropertyValueSpecification\",\"valueRequired\":true,\"valueName\":\"search_term_string\"}}],\"inLanguage\":\"sv-SE\"},{\"@type\":\"Organization\",\"@id\":\"https:\/\/blogg.svenskakyrkan.se\/vandravagen\/#organization\",\"name\":\"ulricehamns pastorat\",\"alternateName\":\"ulricehamns pastorat\",\"url\":\"https:\/\/blogg.svenskakyrkan.se\/vandravagen\/\",\"logo\":{\"@type\":\"ImageObject\",\"inLanguage\":\"sv-SE\",\"@id\":\"https:\/\/blogg.svenskakyrkan.se\/vandravagen\/#\/schema\/logo\/image\/\",\"url\":\"https:\/\/blogg.svenskakyrkan.se\/vandravagen\/files\/2023\/05\/Ulr_logo_RGB.png\",\"contentUrl\":\"https:\/\/blogg.svenskakyrkan.se\/vandravagen\/files\/2023\/05\/Ulr_logo_RGB.png\",\"width\":205,\"height\":77,\"caption\":\"ulricehamns pastorat\"},\"image\":{\"@id\":\"https:\/\/blogg.svenskakyrkan.se\/vandravagen\/#\/schema\/logo\/image\/\"},\"sameAs\":[\"http:\/\/facebook.com\/vandravagen\",\"https:\/\/x.com\/fadertomas\",\"http:\/\/www.facebook.com\/svenskakyrkaniulricehamn\"]},{\"@type\":\"Person\",\"@id\":\"https:\/\/blogg.svenskakyrkan.se\/vandravagen\/#\/schema\/person\/25da02d4f76b137d04291711e2c9fc16\",\"name\":\"Tomas Jarvid\",\"image\":{\"@type\":\"ImageObject\",\"inLanguage\":\"sv-SE\",\"@id\":\"https:\/\/blogg.svenskakyrkan.se\/vandravagen\/#\/schema\/person\/image\/\",\"url\":\"https:\/\/secure.gravatar.com\/avatar\/7fa71899795e8f540f615a1f5ab25255dc27aa40f05ee7ddd21aac521e01bf50?s=96&d=identicon&r=g\",\"contentUrl\":\"https:\/\/secure.gravatar.com\/avatar\/7fa71899795e8f540f615a1f5ab25255dc27aa40f05ee7ddd21aac521e01bf50?s=96&d=identicon&r=g\",\"caption\":\"Tomas Jarvid\"},\"description\":\"Jag bor i Ulricehamn i V\u00e4sterg\u00f6tland och \u00e4r f\u00f6rsamlingspr\u00e4st i Svenska Kyrkan f\u00f6r Dalstorps f\u00f6rsamling i Kinds pastorat. P\u00e5 den h\u00e4r bloggen skriver jag ner tankar om vandringen som kristen.\",\"sameAs\":[\"http:\/\/www.vandravagen.se\"],\"url\":\"https:\/\/blogg.svenskakyrkan.se\/vandravagen\/author\/vandravagen\/\"}]}<\/script>\n<!-- \/ Yoast SEO plugin. -->","yoast_head_json":{"title":"&quot;Jag \u00e4r inte messias&quot; sa Johannes - Vandra V\u00e4gen","robots":{"index":"index","follow":"follow","max-snippet":"max-snippet:-1","max-image-preview":"max-image-preview:large","max-video-preview":"max-video-preview:-1"},"canonical":"https:\/\/blogg.svenskakyrkan.se\/vandravagen\/2013\/06\/02\/jag-ar-inte-messias-sa-johannes\/","og_locale":"sv_SE","og_type":"article","og_title":"&quot;Jag \u00e4r inte messias&quot; sa Johannes - Vandra V\u00e4gen","og_description":"Johannes ikon, bildk\u00e4lla: http:\/\/www.iconreader.wordpress.com I s\u00f6ndagens evangelium kommer folk till Johannes d\u00f6paren f\u00f6r att fr\u00e5ga om han \u00e4r Messias. D\u00e5 st\u00e5r det att han bek\u00e4nde, han f\u00f6rnekade inte utan bek\u00e4nde och sa &#8221;Jag \u00e4r inte Messias&#8221;. Lite konstigt formulerat? Visst skulle du i vardagligt tal s\u00e4ga att jo, Johannes, du f\u00f6rnekade just att du var [&hellip;]","og_url":"https:\/\/blogg.svenskakyrkan.se\/vandravagen\/2013\/06\/02\/jag-ar-inte-messias-sa-johannes\/","og_site_name":"Vandra V\u00e4gen","article_publisher":"http:\/\/facebook.com\/vandravagen","article_published_time":"2013-06-02T05:24:00+00:00","og_image":[{"url":"http:\/\/iconreader.files.wordpress.com\/2010\/08\/stjohnicon2.jpg","type":"","width":"","height":""}],"author":"Tomas Jarvid","twitter_card":"summary_large_image","twitter_creator":"@fadertomas","twitter_site":"@fadertomas","twitter_misc":{"Skriven av":"Tomas Jarvid","Ber\u00e4knad l\u00e4stid":"1 minut"},"schema":{"@context":"https:\/\/schema.org","@graph":[{"@type":"Article","@id":"https:\/\/blogg.svenskakyrkan.se\/vandravagen\/2013\/06\/02\/jag-ar-inte-messias-sa-johannes\/#article","isPartOf":{"@id":"https:\/\/blogg.svenskakyrkan.se\/vandravagen\/2013\/06\/02\/jag-ar-inte-messias-sa-johannes\/"},"author":{"name":"Tomas Jarvid","@id":"https:\/\/blogg.svenskakyrkan.se\/vandravagen\/#\/schema\/person\/25da02d4f76b137d04291711e2c9fc16"},"headline":"&quot;Jag \u00e4r inte messias&quot; sa Johannes","datePublished":"2013-06-02T05:24:00+00:00","mainEntityOfPage":{"@id":"https:\/\/blogg.svenskakyrkan.se\/vandravagen\/2013\/06\/02\/jag-ar-inte-messias-sa-johannes\/"},"wordCount":261,"commentCount":1,"publisher":{"@id":"https:\/\/blogg.svenskakyrkan.se\/vandravagen\/#organization"},"image":{"@id":"https:\/\/blogg.svenskakyrkan.se\/vandravagen\/2013\/06\/02\/jag-ar-inte-messias-sa-johannes\/#primaryimage"},"thumbnailUrl":"http:\/\/iconreader.files.wordpress.com\/2010\/08\/stjohnicon2.jpg","articleSection":["Bibeln","ikon","kyrko\u00e5ret"],"inLanguage":"sv-SE","potentialAction":[{"@type":"CommentAction","name":"Comment","target":["https:\/\/blogg.svenskakyrkan.se\/vandravagen\/2013\/06\/02\/jag-ar-inte-messias-sa-johannes\/#respond"]}]},{"@type":"WebPage","@id":"https:\/\/blogg.svenskakyrkan.se\/vandravagen\/2013\/06\/02\/jag-ar-inte-messias-sa-johannes\/","url":"https:\/\/blogg.svenskakyrkan.se\/vandravagen\/2013\/06\/02\/jag-ar-inte-messias-sa-johannes\/","name":"&quot;Jag \u00e4r inte messias&quot; sa Johannes - Vandra V\u00e4gen","isPartOf":{"@id":"https:\/\/blogg.svenskakyrkan.se\/vandravagen\/#website"},"primaryImageOfPage":{"@id":"https:\/\/blogg.svenskakyrkan.se\/vandravagen\/2013\/06\/02\/jag-ar-inte-messias-sa-johannes\/#primaryimage"},"image":{"@id":"https:\/\/blogg.svenskakyrkan.se\/vandravagen\/2013\/06\/02\/jag-ar-inte-messias-sa-johannes\/#primaryimage"},"thumbnailUrl":"http:\/\/iconreader.files.wordpress.com\/2010\/08\/stjohnicon2.jpg","datePublished":"2013-06-02T05:24:00+00:00","breadcrumb":{"@id":"https:\/\/blogg.svenskakyrkan.se\/vandravagen\/2013\/06\/02\/jag-ar-inte-messias-sa-johannes\/#breadcrumb"},"inLanguage":"sv-SE","potentialAction":[{"@type":"ReadAction","target":["https:\/\/blogg.svenskakyrkan.se\/vandravagen\/2013\/06\/02\/jag-ar-inte-messias-sa-johannes\/"]}]},{"@type":"ImageObject","inLanguage":"sv-SE","@id":"https:\/\/blogg.svenskakyrkan.se\/vandravagen\/2013\/06\/02\/jag-ar-inte-messias-sa-johannes\/#primaryimage","url":"http:\/\/iconreader.files.wordpress.com\/2010\/08\/stjohnicon2.jpg","contentUrl":"http:\/\/iconreader.files.wordpress.com\/2010\/08\/stjohnicon2.jpg"},{"@type":"BreadcrumbList","@id":"https:\/\/blogg.svenskakyrkan.se\/vandravagen\/2013\/06\/02\/jag-ar-inte-messias-sa-johannes\/#breadcrumb","itemListElement":[{"@type":"ListItem","position":1,"name":"Hem","item":"https:\/\/blogg.svenskakyrkan.se\/vandravagen\/"},{"@type":"ListItem","position":2,"name":"&quot;Jag \u00e4r inte messias&quot; sa Johannes"}]},{"@type":"WebSite","@id":"https:\/\/blogg.svenskakyrkan.se\/vandravagen\/#website","url":"https:\/\/blogg.svenskakyrkan.se\/vandravagen\/","name":"Vandra V\u00e4gen","description":"-Mot en tro f\u00f6r hela livet","publisher":{"@id":"https:\/\/blogg.svenskakyrkan.se\/vandravagen\/#organization"},"potentialAction":[{"@type":"SearchAction","target":{"@type":"EntryPoint","urlTemplate":"https:\/\/blogg.svenskakyrkan.se\/vandravagen\/?s={search_term_string}"},"query-input":{"@type":"PropertyValueSpecification","valueRequired":true,"valueName":"search_term_string"}}],"inLanguage":"sv-SE"},{"@type":"Organization","@id":"https:\/\/blogg.svenskakyrkan.se\/vandravagen\/#organization","name":"ulricehamns pastorat","alternateName":"ulricehamns pastorat","url":"https:\/\/blogg.svenskakyrkan.se\/vandravagen\/","logo":{"@type":"ImageObject","inLanguage":"sv-SE","@id":"https:\/\/blogg.svenskakyrkan.se\/vandravagen\/#\/schema\/logo\/image\/","url":"https:\/\/blogg.svenskakyrkan.se\/vandravagen\/files\/2023\/05\/Ulr_logo_RGB.png","contentUrl":"https:\/\/blogg.svenskakyrkan.se\/vandravagen\/files\/2023\/05\/Ulr_logo_RGB.png","width":205,"height":77,"caption":"ulricehamns pastorat"},"image":{"@id":"https:\/\/blogg.svenskakyrkan.se\/vandravagen\/#\/schema\/logo\/image\/"},"sameAs":["http:\/\/facebook.com\/vandravagen","https:\/\/x.com\/fadertomas","http:\/\/www.facebook.com\/svenskakyrkaniulricehamn"]},{"@type":"Person","@id":"https:\/\/blogg.svenskakyrkan.se\/vandravagen\/#\/schema\/person\/25da02d4f76b137d04291711e2c9fc16","name":"Tomas Jarvid","image":{"@type":"ImageObject","inLanguage":"sv-SE","@id":"https:\/\/blogg.svenskakyrkan.se\/vandravagen\/#\/schema\/person\/image\/","url":"https:\/\/secure.gravatar.com\/avatar\/7fa71899795e8f540f615a1f5ab25255dc27aa40f05ee7ddd21aac521e01bf50?s=96&d=identicon&r=g","contentUrl":"https:\/\/secure.gravatar.com\/avatar\/7fa71899795e8f540f615a1f5ab25255dc27aa40f05ee7ddd21aac521e01bf50?s=96&d=identicon&r=g","caption":"Tomas Jarvid"},"description":"Jag bor i Ulricehamn i V\u00e4sterg\u00f6tland och \u00e4r f\u00f6rsamlingspr\u00e4st i Svenska Kyrkan f\u00f6r Dalstorps f\u00f6rsamling i Kinds pastorat. P\u00e5 den h\u00e4r bloggen skriver jag ner tankar om vandringen som kristen.","sameAs":["http:\/\/www.vandravagen.se"],"url":"https:\/\/blogg.svenskakyrkan.se\/vandravagen\/author\/vandravagen\/"}]}},"author_meta":{"ID":"392","user_nicename":"vandravagen","user_url":"http:\/\/www.vandravagen.se","user_registered":"2014-05-19 05:44:52","display_name":"Tomas Jarvid","first_name":"Tomas","last_name":"Jarvid","avatar":"https:\/\/secure.gravatar.com\/avatar\/7fa71899795e8f540f615a1f5ab25255dc27aa40f05ee7ddd21aac521e01bf50?s=96&d=identicon&r=g"},"featured_image":false,"bloginfo":{"name":"Vandra V\u00e4gen","url":"https:\/\/blogg.svenskakyrkan.se\/vandravagen"},"_links":{"self":[{"href":"https:\/\/blogg.svenskakyrkan.se\/vandravagen\/wp-json\/wp\/v2\/posts\/536","targetHints":{"allow":["GET"]}}],"collection":[{"href":"https:\/\/blogg.svenskakyrkan.se\/vandravagen\/wp-json\/wp\/v2\/posts"}],"about":[{"href":"https:\/\/blogg.svenskakyrkan.se\/vandravagen\/wp-json\/wp\/v2\/types\/post"}],"author":[{"embeddable":true,"href":"https:\/\/blogg.svenskakyrkan.se\/vandravagen\/wp-json\/wp\/v2\/users\/392"}],"replies":[{"embeddable":true,"href":"https:\/\/blogg.svenskakyrkan.se\/vandravagen\/wp-json\/wp\/v2\/comments?post=536"}],"version-history":[{"count":0,"href":"https:\/\/blogg.svenskakyrkan.se\/vandravagen\/wp-json\/wp\/v2\/posts\/536\/revisions"}],"wp:attachment":[{"href":"https:\/\/blogg.svenskakyrkan.se\/vandravagen\/wp-json\/wp\/v2\/media?parent=536"}],"wp:term":[{"taxonomy":"category","embeddable":true,"href":"https:\/\/blogg.svenskakyrkan.se\/vandravagen\/wp-json\/wp\/v2\/categories?post=536"},{"taxonomy":"post_tag","embeddable":true,"href":"https:\/\/blogg.svenskakyrkan.se\/vandravagen\/wp-json\/wp\/v2\/tags?post=536"}],"curies":[{"name":"wp","href":"https:\/\/api.w.org\/{rel}","templated":true}]}}