{"id":5370,"date":"2017-01-14T09:51:23","date_gmt":"2017-01-14T08:51:23","guid":{"rendered":"http:\/\/blogg.svenskakyrkan.se\/vandravagen\/?p=5370"},"modified":"2017-01-14T09:51:23","modified_gmt":"2017-01-14T08:51:23","slug":"luther-och-kyrkosplittringen","status":"publish","type":"post","link":"https:\/\/blogg.svenskakyrkan.se\/vandravagen\/2017\/01\/14\/luther-och-kyrkosplittringen\/","title":{"rendered":"Luther och kyrkosplittringen"},"content":{"rendered":"<div id=\"attachment_5371\" style=\"width: 650px\" class=\"wp-caption aligncenter\"><a href=\"http:\/\/blogg.svenskakyrkan.se\/vandravagen\/files\/2017\/01\/IMG_1237.jpg\"><img loading=\"lazy\" decoding=\"async\" aria-describedby=\"caption-attachment-5371\" class=\"size-full wp-image-5371\" src=\"http:\/\/blogg.svenskakyrkan.se\/vandravagen\/files\/2017\/01\/IMG_1237.jpg\" alt=\"Nyss var det en kyrka men nu \u00e4r det m\u00e5nga?\" width=\"640\" height=\"480\" srcset=\"https:\/\/blogg.svenskakyrkan.se\/vandravagen\/files\/2017\/01\/IMG_1237.jpg 640w, https:\/\/blogg.svenskakyrkan.se\/vandravagen\/files\/2017\/01\/IMG_1237-300x225.jpg 300w, https:\/\/blogg.svenskakyrkan.se\/vandravagen\/files\/2017\/01\/IMG_1237-400x300.jpg 400w\" sizes=\"auto, (max-width: 640px) 100vw, 640px\" \/><\/a><p id=\"caption-attachment-5371\" class=\"wp-caption-text\">Nyss var det en kyrka men nu \u00e4r det m\u00e5nga?<\/p><\/div>\n<p>S\u00e5 h\u00e4r i Lutherjubileumstider forts\u00e4tter givetvis serien om Luthers liv h\u00e4r p\u00e5 Vandra V\u00e4gen. Jag har f\u00e5tt anledning att ta n\u00e5gra ytterligare bilder eftersom det nu under v\u00e5ren ska bli b\u00e5de f\u00f6rel\u00e4sningar och fotoutst\u00e4llning av min playmobillutherbilder och jag har haft n\u00e5gra luckor att fylla. N\u00e5v\u00e4l, till saken f\u00f6r dagen!<\/p>\n<p>Ingen kan ha missat att reformationen var b\u00f6rjan till en splittring av kyrkan i v\u00e4st (den katolska och den ortodoxa kyrkan delades redan 1054). D\u00e4r det tidigare funnits en enda katolsk kyrka splittrades det kyrkliga landskapet nu upp i flera olika familjer. Fr\u00e5n v\u00e4nster till h\u00f6ger p\u00e5 bilden ovan ser vi:<\/p>\n<p><strong>1. Lutheraner,<\/strong> som tog Luthers och Melanchthons skrifter som grund f\u00f6r tron. Som min kyrka.<\/p>\n<p><strong>2. Romerska katoliker<\/strong> som stod kvar under p\u00e5ven i Rom.<\/p>\n<p><strong>3. Anglikaner.<\/strong> Kyrkan som uppstod i England d\u00e5 Henrik VIII tog bef\u00e4l \u00f6ver kyrkan d\u00e4r p\u00e5 ett liknande s\u00e4tt som Gustav Vasa h\u00e4r.<\/p>\n<p><strong>4. Reformerta kyrkor<\/strong>. Som tog mest intryck av Jean Calvins mer h\u00e5rdragna tankar om gudstj\u00e4nst och samh\u00e4lle.<\/p>\n<p><strong>5. Anabaptister<\/strong>, mer radikala grupper som, nu n\u00e4r de fick tillg\u00e5ng till bibelns texter, gjorde mer l\u00e5ngtg\u00e5ende visioner av livet med den heliga Anden som ledstj\u00e4rna. Luther tyckte inte om de h\u00e4r utan kallade dem &#8221;sv\u00e4rmare&#8221;, och tyckte de var f\u00f6r kaotiska och samh\u00e4llsomst\u00f6rtande.<\/p>\n<p>S\u00e5 ungef\u00e4r ser sl\u00e4kttr\u00e4det ut. Sedan har ju de protestantiska kyrkorna fortsatt att dela sig genom \u00e5rhundradena i olika grupper och samfund. F\u00f6rhoppningsvis \u00e4r vi p\u00e5 v\u00e4g samman igen nu.<\/p>\n<p>Min viktigaste po\u00e4ng med den h\u00e4r bilden \u00e4r att det som var f\u00f6rut, den medeltida katolska kyrkan, inte l\u00e4ngre fanns kvar. Ofta kan man fr\u00e5n katolskt h\u00e5ll f\u00e5 bilden av att protestanterna avvikit men den romerskt katolska kyrkan \u00e4r inte heller densamme som den var innan reformationen. Genom det som brukar kallas &#8221;motreformationen&#8221; f\u00f6r\u00e4ndrades \u00e4ven den katolska kyrkan och idag \u00e4r vi lutheraner i mycket \u00f6verens med dem i l\u00e4rofr\u00e5gorna. Hela upprinnelsen till reformationstiden var trots allt en hel oh\u00e5llbar korrupt situation som alla var tvungna att f\u00f6rs\u00f6ka komma till r\u00e4tta med. Det \u00e4r olyckligt att det skulle g\u00e5 som det gick men det \u00e4r inte ens fel n\u00e4r tv\u00e5 tr\u00e4ter. Hade Luther f\u00e5tt geh\u00f6r f\u00f6r sina klagom\u00e5l hade nog historien sett mycket annorlunda ut.<\/p>\n<p>Tankar om denna lilla historielektion? Skriv g\u00e4rna en rad!<\/p>\n","protected":false},"excerpt":{"rendered":"<p>S\u00e5 h\u00e4r i Lutherjubileumstider forts\u00e4tter givetvis serien om Luthers liv h\u00e4r p\u00e5 Vandra V\u00e4gen. Jag har f\u00e5tt anledning att ta n\u00e5gra ytterligare bilder eftersom det nu under v\u00e5ren ska bli b\u00e5de f\u00f6rel\u00e4sningar och fotoutst\u00e4llning av min playmobillutherbilder och jag har haft n\u00e5gra luckor att fylla. N\u00e5v\u00e4l, till saken f\u00f6r dagen! Ingen kan ha missat att [&hellip;]<\/p>\n","protected":false},"author":392,"featured_media":0,"comment_status":"open","ping_status":"open","sticky":false,"template":"","format":"standard","meta":{"_acf_changed":false,"footnotes":""},"categories":[56,76189,8337,28732],"tags":[],"class_list":["post-5370","post","type-post","status-publish","format-standard","hentry","category-bilder","category-dagens-kyrka","category-historia","category-luther"],"acf":[],"yoast_head":"<!-- This site is optimized with the Yoast SEO plugin v27.1.1 - https:\/\/yoast.com\/product\/yoast-seo-wordpress\/ -->\n<title>Luther och kyrkosplittringen - Vandra V\u00e4gen<\/title>\n<meta name=\"robots\" content=\"index, follow, max-snippet:-1, max-image-preview:large, max-video-preview:-1\" \/>\n<link rel=\"canonical\" href=\"https:\/\/blogg.svenskakyrkan.se\/vandravagen\/2017\/01\/14\/luther-och-kyrkosplittringen\/\" \/>\n<meta property=\"og:locale\" content=\"sv_SE\" \/>\n<meta property=\"og:type\" content=\"article\" \/>\n<meta property=\"og:title\" content=\"Luther och kyrkosplittringen - Vandra V\u00e4gen\" \/>\n<meta property=\"og:description\" content=\"S\u00e5 h\u00e4r i Lutherjubileumstider forts\u00e4tter givetvis serien om Luthers liv h\u00e4r p\u00e5 Vandra V\u00e4gen. Jag har f\u00e5tt anledning att ta n\u00e5gra ytterligare bilder eftersom det nu under v\u00e5ren ska bli b\u00e5de f\u00f6rel\u00e4sningar och fotoutst\u00e4llning av min playmobillutherbilder och jag har haft n\u00e5gra luckor att fylla. N\u00e5v\u00e4l, till saken f\u00f6r dagen! Ingen kan ha missat att [&hellip;]\" \/>\n<meta property=\"og:url\" content=\"https:\/\/blogg.svenskakyrkan.se\/vandravagen\/2017\/01\/14\/luther-och-kyrkosplittringen\/\" \/>\n<meta property=\"og:site_name\" content=\"Vandra V\u00e4gen\" \/>\n<meta property=\"article:publisher\" content=\"http:\/\/facebook.com\/vandravagen\" \/>\n<meta property=\"article:published_time\" content=\"2017-01-14T08:51:23+00:00\" \/>\n<meta property=\"og:image\" content=\"http:\/\/blogg.svenskakyrkan.se\/vandravagen\/files\/2017\/01\/IMG_1237.jpg\" \/>\n<meta name=\"author\" content=\"Tomas Jarvid\" \/>\n<meta name=\"twitter:card\" content=\"summary_large_image\" \/>\n<meta name=\"twitter:creator\" content=\"@fadertomas\" \/>\n<meta name=\"twitter:site\" content=\"@fadertomas\" \/>\n<meta name=\"twitter:label1\" content=\"Skriven av\" \/>\n\t<meta name=\"twitter:data1\" content=\"Tomas Jarvid\" \/>\n\t<meta name=\"twitter:label2\" content=\"Ber\u00e4knad l\u00e4stid\" \/>\n\t<meta name=\"twitter:data2\" content=\"2 minuter\" \/>\n<script type=\"application\/ld+json\" class=\"yoast-schema-graph\">{\"@context\":\"https:\/\/schema.org\",\"@graph\":[{\"@type\":\"Article\",\"@id\":\"https:\/\/blogg.svenskakyrkan.se\/vandravagen\/2017\/01\/14\/luther-och-kyrkosplittringen\/#article\",\"isPartOf\":{\"@id\":\"https:\/\/blogg.svenskakyrkan.se\/vandravagen\/2017\/01\/14\/luther-och-kyrkosplittringen\/\"},\"author\":{\"name\":\"Tomas Jarvid\",\"@id\":\"https:\/\/blogg.svenskakyrkan.se\/vandravagen\/#\/schema\/person\/25da02d4f76b137d04291711e2c9fc16\"},\"headline\":\"Luther och kyrkosplittringen\",\"datePublished\":\"2017-01-14T08:51:23+00:00\",\"mainEntityOfPage\":{\"@id\":\"https:\/\/blogg.svenskakyrkan.se\/vandravagen\/2017\/01\/14\/luther-och-kyrkosplittringen\/\"},\"wordCount\":455,\"commentCount\":4,\"publisher\":{\"@id\":\"https:\/\/blogg.svenskakyrkan.se\/vandravagen\/#organization\"},\"image\":{\"@id\":\"https:\/\/blogg.svenskakyrkan.se\/vandravagen\/2017\/01\/14\/luther-och-kyrkosplittringen\/#primaryimage\"},\"thumbnailUrl\":\"http:\/\/blogg.svenskakyrkan.se\/vandravagen\/files\/2017\/01\/IMG_1237.jpg\",\"articleSection\":[\"bilder\",\"Dagens Kyrka\",\"historia\",\"Luther\"],\"inLanguage\":\"sv-SE\",\"potentialAction\":[{\"@type\":\"CommentAction\",\"name\":\"Comment\",\"target\":[\"https:\/\/blogg.svenskakyrkan.se\/vandravagen\/2017\/01\/14\/luther-och-kyrkosplittringen\/#respond\"]}]},{\"@type\":\"WebPage\",\"@id\":\"https:\/\/blogg.svenskakyrkan.se\/vandravagen\/2017\/01\/14\/luther-och-kyrkosplittringen\/\",\"url\":\"https:\/\/blogg.svenskakyrkan.se\/vandravagen\/2017\/01\/14\/luther-och-kyrkosplittringen\/\",\"name\":\"Luther och kyrkosplittringen - Vandra V\u00e4gen\",\"isPartOf\":{\"@id\":\"https:\/\/blogg.svenskakyrkan.se\/vandravagen\/#website\"},\"primaryImageOfPage\":{\"@id\":\"https:\/\/blogg.svenskakyrkan.se\/vandravagen\/2017\/01\/14\/luther-och-kyrkosplittringen\/#primaryimage\"},\"image\":{\"@id\":\"https:\/\/blogg.svenskakyrkan.se\/vandravagen\/2017\/01\/14\/luther-och-kyrkosplittringen\/#primaryimage\"},\"thumbnailUrl\":\"http:\/\/blogg.svenskakyrkan.se\/vandravagen\/files\/2017\/01\/IMG_1237.jpg\",\"datePublished\":\"2017-01-14T08:51:23+00:00\",\"breadcrumb\":{\"@id\":\"https:\/\/blogg.svenskakyrkan.se\/vandravagen\/2017\/01\/14\/luther-och-kyrkosplittringen\/#breadcrumb\"},\"inLanguage\":\"sv-SE\",\"potentialAction\":[{\"@type\":\"ReadAction\",\"target\":[\"https:\/\/blogg.svenskakyrkan.se\/vandravagen\/2017\/01\/14\/luther-och-kyrkosplittringen\/\"]}]},{\"@type\":\"ImageObject\",\"inLanguage\":\"sv-SE\",\"@id\":\"https:\/\/blogg.svenskakyrkan.se\/vandravagen\/2017\/01\/14\/luther-och-kyrkosplittringen\/#primaryimage\",\"url\":\"http:\/\/blogg.svenskakyrkan.se\/vandravagen\/files\/2017\/01\/IMG_1237.jpg\",\"contentUrl\":\"http:\/\/blogg.svenskakyrkan.se\/vandravagen\/files\/2017\/01\/IMG_1237.jpg\"},{\"@type\":\"BreadcrumbList\",\"@id\":\"https:\/\/blogg.svenskakyrkan.se\/vandravagen\/2017\/01\/14\/luther-och-kyrkosplittringen\/#breadcrumb\",\"itemListElement\":[{\"@type\":\"ListItem\",\"position\":1,\"name\":\"Hem\",\"item\":\"https:\/\/blogg.svenskakyrkan.se\/vandravagen\/\"},{\"@type\":\"ListItem\",\"position\":2,\"name\":\"Luther och kyrkosplittringen\"}]},{\"@type\":\"WebSite\",\"@id\":\"https:\/\/blogg.svenskakyrkan.se\/vandravagen\/#website\",\"url\":\"https:\/\/blogg.svenskakyrkan.se\/vandravagen\/\",\"name\":\"Vandra V\u00e4gen\",\"description\":\"-Mot en tro f\u00f6r hela livet\",\"publisher\":{\"@id\":\"https:\/\/blogg.svenskakyrkan.se\/vandravagen\/#organization\"},\"potentialAction\":[{\"@type\":\"SearchAction\",\"target\":{\"@type\":\"EntryPoint\",\"urlTemplate\":\"https:\/\/blogg.svenskakyrkan.se\/vandravagen\/?s={search_term_string}\"},\"query-input\":{\"@type\":\"PropertyValueSpecification\",\"valueRequired\":true,\"valueName\":\"search_term_string\"}}],\"inLanguage\":\"sv-SE\"},{\"@type\":\"Organization\",\"@id\":\"https:\/\/blogg.svenskakyrkan.se\/vandravagen\/#organization\",\"name\":\"ulricehamns pastorat\",\"alternateName\":\"ulricehamns pastorat\",\"url\":\"https:\/\/blogg.svenskakyrkan.se\/vandravagen\/\",\"logo\":{\"@type\":\"ImageObject\",\"inLanguage\":\"sv-SE\",\"@id\":\"https:\/\/blogg.svenskakyrkan.se\/vandravagen\/#\/schema\/logo\/image\/\",\"url\":\"https:\/\/blogg.svenskakyrkan.se\/vandravagen\/files\/2023\/05\/Ulr_logo_RGB.png\",\"contentUrl\":\"https:\/\/blogg.svenskakyrkan.se\/vandravagen\/files\/2023\/05\/Ulr_logo_RGB.png\",\"width\":205,\"height\":77,\"caption\":\"ulricehamns pastorat\"},\"image\":{\"@id\":\"https:\/\/blogg.svenskakyrkan.se\/vandravagen\/#\/schema\/logo\/image\/\"},\"sameAs\":[\"http:\/\/facebook.com\/vandravagen\",\"https:\/\/x.com\/fadertomas\",\"http:\/\/www.facebook.com\/svenskakyrkaniulricehamn\"]},{\"@type\":\"Person\",\"@id\":\"https:\/\/blogg.svenskakyrkan.se\/vandravagen\/#\/schema\/person\/25da02d4f76b137d04291711e2c9fc16\",\"name\":\"Tomas Jarvid\",\"image\":{\"@type\":\"ImageObject\",\"inLanguage\":\"sv-SE\",\"@id\":\"https:\/\/blogg.svenskakyrkan.se\/vandravagen\/#\/schema\/person\/image\/\",\"url\":\"https:\/\/secure.gravatar.com\/avatar\/7fa71899795e8f540f615a1f5ab25255dc27aa40f05ee7ddd21aac521e01bf50?s=96&d=identicon&r=g\",\"contentUrl\":\"https:\/\/secure.gravatar.com\/avatar\/7fa71899795e8f540f615a1f5ab25255dc27aa40f05ee7ddd21aac521e01bf50?s=96&d=identicon&r=g\",\"caption\":\"Tomas Jarvid\"},\"description\":\"Jag bor i Ulricehamn i V\u00e4sterg\u00f6tland och \u00e4r f\u00f6rsamlingspr\u00e4st i Svenska Kyrkan f\u00f6r Dalstorps f\u00f6rsamling i Kinds pastorat. P\u00e5 den h\u00e4r bloggen skriver jag ner tankar om vandringen som kristen.\",\"sameAs\":[\"http:\/\/www.vandravagen.se\"],\"url\":\"https:\/\/blogg.svenskakyrkan.se\/vandravagen\/author\/vandravagen\/\"}]}<\/script>\n<!-- \/ Yoast SEO plugin. -->","yoast_head_json":{"title":"Luther och kyrkosplittringen - Vandra V\u00e4gen","robots":{"index":"index","follow":"follow","max-snippet":"max-snippet:-1","max-image-preview":"max-image-preview:large","max-video-preview":"max-video-preview:-1"},"canonical":"https:\/\/blogg.svenskakyrkan.se\/vandravagen\/2017\/01\/14\/luther-och-kyrkosplittringen\/","og_locale":"sv_SE","og_type":"article","og_title":"Luther och kyrkosplittringen - Vandra V\u00e4gen","og_description":"S\u00e5 h\u00e4r i Lutherjubileumstider forts\u00e4tter givetvis serien om Luthers liv h\u00e4r p\u00e5 Vandra V\u00e4gen. Jag har f\u00e5tt anledning att ta n\u00e5gra ytterligare bilder eftersom det nu under v\u00e5ren ska bli b\u00e5de f\u00f6rel\u00e4sningar och fotoutst\u00e4llning av min playmobillutherbilder och jag har haft n\u00e5gra luckor att fylla. N\u00e5v\u00e4l, till saken f\u00f6r dagen! Ingen kan ha missat att [&hellip;]","og_url":"https:\/\/blogg.svenskakyrkan.se\/vandravagen\/2017\/01\/14\/luther-och-kyrkosplittringen\/","og_site_name":"Vandra V\u00e4gen","article_publisher":"http:\/\/facebook.com\/vandravagen","article_published_time":"2017-01-14T08:51:23+00:00","og_image":[{"url":"http:\/\/blogg.svenskakyrkan.se\/vandravagen\/files\/2017\/01\/IMG_1237.jpg","type":"","width":"","height":""}],"author":"Tomas Jarvid","twitter_card":"summary_large_image","twitter_creator":"@fadertomas","twitter_site":"@fadertomas","twitter_misc":{"Skriven av":"Tomas Jarvid","Ber\u00e4knad l\u00e4stid":"2 minuter"},"schema":{"@context":"https:\/\/schema.org","@graph":[{"@type":"Article","@id":"https:\/\/blogg.svenskakyrkan.se\/vandravagen\/2017\/01\/14\/luther-och-kyrkosplittringen\/#article","isPartOf":{"@id":"https:\/\/blogg.svenskakyrkan.se\/vandravagen\/2017\/01\/14\/luther-och-kyrkosplittringen\/"},"author":{"name":"Tomas Jarvid","@id":"https:\/\/blogg.svenskakyrkan.se\/vandravagen\/#\/schema\/person\/25da02d4f76b137d04291711e2c9fc16"},"headline":"Luther och kyrkosplittringen","datePublished":"2017-01-14T08:51:23+00:00","mainEntityOfPage":{"@id":"https:\/\/blogg.svenskakyrkan.se\/vandravagen\/2017\/01\/14\/luther-och-kyrkosplittringen\/"},"wordCount":455,"commentCount":4,"publisher":{"@id":"https:\/\/blogg.svenskakyrkan.se\/vandravagen\/#organization"},"image":{"@id":"https:\/\/blogg.svenskakyrkan.se\/vandravagen\/2017\/01\/14\/luther-och-kyrkosplittringen\/#primaryimage"},"thumbnailUrl":"http:\/\/blogg.svenskakyrkan.se\/vandravagen\/files\/2017\/01\/IMG_1237.jpg","articleSection":["bilder","Dagens Kyrka","historia","Luther"],"inLanguage":"sv-SE","potentialAction":[{"@type":"CommentAction","name":"Comment","target":["https:\/\/blogg.svenskakyrkan.se\/vandravagen\/2017\/01\/14\/luther-och-kyrkosplittringen\/#respond"]}]},{"@type":"WebPage","@id":"https:\/\/blogg.svenskakyrkan.se\/vandravagen\/2017\/01\/14\/luther-och-kyrkosplittringen\/","url":"https:\/\/blogg.svenskakyrkan.se\/vandravagen\/2017\/01\/14\/luther-och-kyrkosplittringen\/","name":"Luther och kyrkosplittringen - Vandra V\u00e4gen","isPartOf":{"@id":"https:\/\/blogg.svenskakyrkan.se\/vandravagen\/#website"},"primaryImageOfPage":{"@id":"https:\/\/blogg.svenskakyrkan.se\/vandravagen\/2017\/01\/14\/luther-och-kyrkosplittringen\/#primaryimage"},"image":{"@id":"https:\/\/blogg.svenskakyrkan.se\/vandravagen\/2017\/01\/14\/luther-och-kyrkosplittringen\/#primaryimage"},"thumbnailUrl":"http:\/\/blogg.svenskakyrkan.se\/vandravagen\/files\/2017\/01\/IMG_1237.jpg","datePublished":"2017-01-14T08:51:23+00:00","breadcrumb":{"@id":"https:\/\/blogg.svenskakyrkan.se\/vandravagen\/2017\/01\/14\/luther-och-kyrkosplittringen\/#breadcrumb"},"inLanguage":"sv-SE","potentialAction":[{"@type":"ReadAction","target":["https:\/\/blogg.svenskakyrkan.se\/vandravagen\/2017\/01\/14\/luther-och-kyrkosplittringen\/"]}]},{"@type":"ImageObject","inLanguage":"sv-SE","@id":"https:\/\/blogg.svenskakyrkan.se\/vandravagen\/2017\/01\/14\/luther-och-kyrkosplittringen\/#primaryimage","url":"http:\/\/blogg.svenskakyrkan.se\/vandravagen\/files\/2017\/01\/IMG_1237.jpg","contentUrl":"http:\/\/blogg.svenskakyrkan.se\/vandravagen\/files\/2017\/01\/IMG_1237.jpg"},{"@type":"BreadcrumbList","@id":"https:\/\/blogg.svenskakyrkan.se\/vandravagen\/2017\/01\/14\/luther-och-kyrkosplittringen\/#breadcrumb","itemListElement":[{"@type":"ListItem","position":1,"name":"Hem","item":"https:\/\/blogg.svenskakyrkan.se\/vandravagen\/"},{"@type":"ListItem","position":2,"name":"Luther och kyrkosplittringen"}]},{"@type":"WebSite","@id":"https:\/\/blogg.svenskakyrkan.se\/vandravagen\/#website","url":"https:\/\/blogg.svenskakyrkan.se\/vandravagen\/","name":"Vandra V\u00e4gen","description":"-Mot en tro f\u00f6r hela livet","publisher":{"@id":"https:\/\/blogg.svenskakyrkan.se\/vandravagen\/#organization"},"potentialAction":[{"@type":"SearchAction","target":{"@type":"EntryPoint","urlTemplate":"https:\/\/blogg.svenskakyrkan.se\/vandravagen\/?s={search_term_string}"},"query-input":{"@type":"PropertyValueSpecification","valueRequired":true,"valueName":"search_term_string"}}],"inLanguage":"sv-SE"},{"@type":"Organization","@id":"https:\/\/blogg.svenskakyrkan.se\/vandravagen\/#organization","name":"ulricehamns pastorat","alternateName":"ulricehamns pastorat","url":"https:\/\/blogg.svenskakyrkan.se\/vandravagen\/","logo":{"@type":"ImageObject","inLanguage":"sv-SE","@id":"https:\/\/blogg.svenskakyrkan.se\/vandravagen\/#\/schema\/logo\/image\/","url":"https:\/\/blogg.svenskakyrkan.se\/vandravagen\/files\/2023\/05\/Ulr_logo_RGB.png","contentUrl":"https:\/\/blogg.svenskakyrkan.se\/vandravagen\/files\/2023\/05\/Ulr_logo_RGB.png","width":205,"height":77,"caption":"ulricehamns pastorat"},"image":{"@id":"https:\/\/blogg.svenskakyrkan.se\/vandravagen\/#\/schema\/logo\/image\/"},"sameAs":["http:\/\/facebook.com\/vandravagen","https:\/\/x.com\/fadertomas","http:\/\/www.facebook.com\/svenskakyrkaniulricehamn"]},{"@type":"Person","@id":"https:\/\/blogg.svenskakyrkan.se\/vandravagen\/#\/schema\/person\/25da02d4f76b137d04291711e2c9fc16","name":"Tomas Jarvid","image":{"@type":"ImageObject","inLanguage":"sv-SE","@id":"https:\/\/blogg.svenskakyrkan.se\/vandravagen\/#\/schema\/person\/image\/","url":"https:\/\/secure.gravatar.com\/avatar\/7fa71899795e8f540f615a1f5ab25255dc27aa40f05ee7ddd21aac521e01bf50?s=96&d=identicon&r=g","contentUrl":"https:\/\/secure.gravatar.com\/avatar\/7fa71899795e8f540f615a1f5ab25255dc27aa40f05ee7ddd21aac521e01bf50?s=96&d=identicon&r=g","caption":"Tomas Jarvid"},"description":"Jag bor i Ulricehamn i V\u00e4sterg\u00f6tland och \u00e4r f\u00f6rsamlingspr\u00e4st i Svenska Kyrkan f\u00f6r Dalstorps f\u00f6rsamling i Kinds pastorat. P\u00e5 den h\u00e4r bloggen skriver jag ner tankar om vandringen som kristen.","sameAs":["http:\/\/www.vandravagen.se"],"url":"https:\/\/blogg.svenskakyrkan.se\/vandravagen\/author\/vandravagen\/"}]}},"author_meta":{"ID":"392","user_nicename":"vandravagen","user_url":"http:\/\/www.vandravagen.se","user_registered":"2014-05-19 05:44:52","display_name":"Tomas Jarvid","first_name":"Tomas","last_name":"Jarvid","avatar":"https:\/\/secure.gravatar.com\/avatar\/7fa71899795e8f540f615a1f5ab25255dc27aa40f05ee7ddd21aac521e01bf50?s=96&d=identicon&r=g"},"featured_image":false,"bloginfo":{"name":"Vandra V\u00e4gen","url":"https:\/\/blogg.svenskakyrkan.se\/vandravagen"},"_links":{"self":[{"href":"https:\/\/blogg.svenskakyrkan.se\/vandravagen\/wp-json\/wp\/v2\/posts\/5370","targetHints":{"allow":["GET"]}}],"collection":[{"href":"https:\/\/blogg.svenskakyrkan.se\/vandravagen\/wp-json\/wp\/v2\/posts"}],"about":[{"href":"https:\/\/blogg.svenskakyrkan.se\/vandravagen\/wp-json\/wp\/v2\/types\/post"}],"author":[{"embeddable":true,"href":"https:\/\/blogg.svenskakyrkan.se\/vandravagen\/wp-json\/wp\/v2\/users\/392"}],"replies":[{"embeddable":true,"href":"https:\/\/blogg.svenskakyrkan.se\/vandravagen\/wp-json\/wp\/v2\/comments?post=5370"}],"version-history":[{"count":3,"href":"https:\/\/blogg.svenskakyrkan.se\/vandravagen\/wp-json\/wp\/v2\/posts\/5370\/revisions"}],"predecessor-version":[{"id":5375,"href":"https:\/\/blogg.svenskakyrkan.se\/vandravagen\/wp-json\/wp\/v2\/posts\/5370\/revisions\/5375"}],"wp:attachment":[{"href":"https:\/\/blogg.svenskakyrkan.se\/vandravagen\/wp-json\/wp\/v2\/media?parent=5370"}],"wp:term":[{"taxonomy":"category","embeddable":true,"href":"https:\/\/blogg.svenskakyrkan.se\/vandravagen\/wp-json\/wp\/v2\/categories?post=5370"},{"taxonomy":"post_tag","embeddable":true,"href":"https:\/\/blogg.svenskakyrkan.se\/vandravagen\/wp-json\/wp\/v2\/tags?post=5370"}],"curies":[{"name":"wp","href":"https:\/\/api.w.org\/{rel}","templated":true}]}}