{"id":5396,"date":"2017-01-21T07:00:59","date_gmt":"2017-01-21T06:00:59","guid":{"rendered":"http:\/\/blogg.svenskakyrkan.se\/vandravagen\/?p=5396"},"modified":"2017-01-20T23:02:46","modified_gmt":"2017-01-20T22:02:46","slug":"luckorna-i-luthers-liv","status":"publish","type":"post","link":"https:\/\/blogg.svenskakyrkan.se\/vandravagen\/2017\/01\/21\/luckorna-i-luthers-liv\/","title":{"rendered":"Luckorna i Luthers liv"},"content":{"rendered":"<p><a href=\"http:\/\/blogg.svenskakyrkan.se\/vandravagen\/files\/2017\/01\/IMG_1241.jpg\"><img loading=\"lazy\" decoding=\"async\" class=\"aligncenter size-full wp-image-5398\" src=\"http:\/\/blogg.svenskakyrkan.se\/vandravagen\/files\/2017\/01\/IMG_1241.jpg\" alt=\"IMG_1241\" width=\"640\" height=\"480\" srcset=\"https:\/\/blogg.svenskakyrkan.se\/vandravagen\/files\/2017\/01\/IMG_1241.jpg 640w, https:\/\/blogg.svenskakyrkan.se\/vandravagen\/files\/2017\/01\/IMG_1241-300x225.jpg 300w, https:\/\/blogg.svenskakyrkan.se\/vandravagen\/files\/2017\/01\/IMG_1241-400x300.jpg 400w\" sizes=\"auto, (max-width: 640px) 100vw, 640px\" \/><\/a><\/p>\n<p>&#8221;Luthers liv&#8221; \u00e4r tillbaka p\u00e5 bloggen! Jag har fyllt i n\u00e5gra luckor i min vitt ber\u00f6mda skildring av Luthers liv via liten playmobilegubbe. <strong>Kom till Sjuntorp utanf\u00f6r Trollh\u00e4ttan n\u00e4sta s\u00f6ndag och fira gudstj\u00e4nst i Fors kyrka klockan 11 s\u00e5 f\u00e5r du \u00e4ta lunch med mig efter\u00e5t och se p\u00e5 Lutherbilder ihop med andra<\/strong>.<\/p>\n<p>Nog med reklam. Det jag inte riktigt skildrat tillr\u00e4ckligt \u00e4r sj\u00e4lva konflikten mellan Martin Luther och den romersk-katolska kyrkan. Som du ser \u00f6verst \u00e4gnade sig Luther \u00e5t att undervisa en hel del, och <strong>d\u00e5 ofta om allt som var fel med p\u00e5ven och katolska kyrkan i allm\u00e4nhet<\/strong>.<\/p>\n<p><a href=\"http:\/\/blogg.svenskakyrkan.se\/vandravagen\/files\/2017\/01\/IMG_1238.jpg\"><img loading=\"lazy\" decoding=\"async\" class=\"aligncenter size-full wp-image-5397\" src=\"http:\/\/blogg.svenskakyrkan.se\/vandravagen\/files\/2017\/01\/IMG_1238.jpg\" alt=\"IMG_1238\" width=\"640\" height=\"480\" srcset=\"https:\/\/blogg.svenskakyrkan.se\/vandravagen\/files\/2017\/01\/IMG_1238.jpg 640w, https:\/\/blogg.svenskakyrkan.se\/vandravagen\/files\/2017\/01\/IMG_1238-300x225.jpg 300w, https:\/\/blogg.svenskakyrkan.se\/vandravagen\/files\/2017\/01\/IMG_1238-400x300.jpg 400w\" sizes=\"auto, (max-width: 640px) 100vw, 640px\" \/><\/a><\/p>\n<p>Sj\u00e4lva startskottet gick 31 oktober d\u00e5 Luther ska ha spikat upp sina 95 teser om missbruken kring avlat, p\u00e5 slottskyrkans port i Wittenberg. Teserna var p\u00e5 Latin och var verkligen bara en start p\u00e5 den stora konflikt som skulle f\u00f6lja kring m\u00e5nga olika delar av tron. <strong>H\u00e4r har Luther spikat upp nummer 48.<\/strong><\/p>\n<p>&nbsp;<\/p>\n<div id=\"attachment_5399\" style=\"width: 650px\" class=\"wp-caption aligncenter\"><a href=\"http:\/\/blogg.svenskakyrkan.se\/vandravagen\/files\/2017\/01\/IMG_1373.jpg\"><img loading=\"lazy\" decoding=\"async\" aria-describedby=\"caption-attachment-5399\" class=\"wp-image-5399 size-full\" src=\"http:\/\/blogg.svenskakyrkan.se\/vandravagen\/files\/2017\/01\/IMG_1373.jpg\" alt=\"IMG_1373\" width=\"640\" height=\"480\" srcset=\"https:\/\/blogg.svenskakyrkan.se\/vandravagen\/files\/2017\/01\/IMG_1373.jpg 640w, https:\/\/blogg.svenskakyrkan.se\/vandravagen\/files\/2017\/01\/IMG_1373-300x225.jpg 300w, https:\/\/blogg.svenskakyrkan.se\/vandravagen\/files\/2017\/01\/IMG_1373-400x300.jpg 400w\" sizes=\"auto, (max-width: 640px) 100vw, 640px\" \/><\/a><p id=\"caption-attachment-5399\" class=\"wp-caption-text\">Luther br\u00e4nner bannbullan han f\u00e5tt av p\u00e5ven.<\/p><\/div>\n<p>&nbsp;<\/p>\n<p>&nbsp;<\/p>\n<p>Luther ville egentligen f\u00f6ra en l\u00e4rd diskussion och f\u00e5 bukt med olika missbruk i kyrkan, n\u00e5got han verkligen inte var ensam om. Fr\u00e5n den kyrkliga makthavarna bem\u00f6ttes han dock inte med n\u00e5gra svar utan med maktspr\u00e5k. Efter att konflikten eskalerat i flera \u00e5rs tid utf\u00e4rdade p\u00e5ven Leo X en <strong>bannbulla. <\/strong>Om inte Luther inom 60 dagar tog tillbaks en hel han skrivit skulle han bli bannlyst och utesluten ur kyrkan (vilket hade v\u00e4ldigt allvarliga f\u00f6ljder i en tid d\u00e5 alla m\u00e5ste vara med i kyrkan)<strong>.<\/strong> Luther svarade kaxigt med att br\u00e4nna bullan offentligt den 10 december 1520. Som p\u00e5 bilden.<\/p>\n<p>&nbsp;<\/p>\n","protected":false},"excerpt":{"rendered":"<p>&#8221;Luthers liv&#8221; \u00e4r tillbaka p\u00e5 bloggen! Jag har fyllt i n\u00e5gra luckor i min vitt ber\u00f6mda skildring av Luthers liv via liten playmobilegubbe. Kom till Sjuntorp utanf\u00f6r Trollh\u00e4ttan n\u00e4sta s\u00f6ndag och fira gudstj\u00e4nst i Fors kyrka klockan 11 s\u00e5 f\u00e5r du \u00e4ta lunch med mig efter\u00e5t och se p\u00e5 Lutherbilder ihop med andra. Nog med [&hellip;]<\/p>\n","protected":false},"author":392,"featured_media":0,"comment_status":"open","ping_status":"open","sticky":false,"template":"","format":"standard","meta":{"_acf_changed":false,"footnotes":""},"categories":[56,76189,8337,28732],"tags":[],"class_list":["post-5396","post","type-post","status-publish","format-standard","hentry","category-bilder","category-dagens-kyrka","category-historia","category-luther"],"acf":[],"yoast_head":"<!-- This site is optimized with the Yoast SEO plugin v27.1.1 - https:\/\/yoast.com\/product\/yoast-seo-wordpress\/ -->\n<title>Luckorna i Luthers liv - Vandra V\u00e4gen<\/title>\n<meta name=\"robots\" content=\"index, follow, max-snippet:-1, max-image-preview:large, max-video-preview:-1\" \/>\n<link rel=\"canonical\" href=\"https:\/\/blogg.svenskakyrkan.se\/vandravagen\/2017\/01\/21\/luckorna-i-luthers-liv\/\" \/>\n<meta property=\"og:locale\" content=\"sv_SE\" \/>\n<meta property=\"og:type\" content=\"article\" \/>\n<meta property=\"og:title\" content=\"Luckorna i Luthers liv - Vandra V\u00e4gen\" \/>\n<meta property=\"og:description\" content=\"&#8221;Luthers liv&#8221; \u00e4r tillbaka p\u00e5 bloggen! Jag har fyllt i n\u00e5gra luckor i min vitt ber\u00f6mda skildring av Luthers liv via liten playmobilegubbe. Kom till Sjuntorp utanf\u00f6r Trollh\u00e4ttan n\u00e4sta s\u00f6ndag och fira gudstj\u00e4nst i Fors kyrka klockan 11 s\u00e5 f\u00e5r du \u00e4ta lunch med mig efter\u00e5t och se p\u00e5 Lutherbilder ihop med andra. Nog med [&hellip;]\" \/>\n<meta property=\"og:url\" content=\"https:\/\/blogg.svenskakyrkan.se\/vandravagen\/2017\/01\/21\/luckorna-i-luthers-liv\/\" \/>\n<meta property=\"og:site_name\" content=\"Vandra V\u00e4gen\" \/>\n<meta property=\"article:publisher\" content=\"http:\/\/facebook.com\/vandravagen\" \/>\n<meta property=\"article:published_time\" content=\"2017-01-21T06:00:59+00:00\" \/>\n<meta property=\"og:image\" content=\"http:\/\/blogg.svenskakyrkan.se\/vandravagen\/files\/2017\/01\/IMG_1241.jpg\" \/>\n<meta name=\"author\" content=\"Tomas Jarvid\" \/>\n<meta name=\"twitter:card\" content=\"summary_large_image\" \/>\n<meta name=\"twitter:creator\" content=\"@fadertomas\" \/>\n<meta name=\"twitter:site\" content=\"@fadertomas\" \/>\n<meta name=\"twitter:label1\" content=\"Skriven av\" \/>\n\t<meta name=\"twitter:data1\" content=\"Tomas Jarvid\" \/>\n\t<meta name=\"twitter:label2\" content=\"Ber\u00e4knad l\u00e4stid\" \/>\n\t<meta name=\"twitter:data2\" content=\"1 minut\" \/>\n<script type=\"application\/ld+json\" class=\"yoast-schema-graph\">{\"@context\":\"https:\/\/schema.org\",\"@graph\":[{\"@type\":\"Article\",\"@id\":\"https:\/\/blogg.svenskakyrkan.se\/vandravagen\/2017\/01\/21\/luckorna-i-luthers-liv\/#article\",\"isPartOf\":{\"@id\":\"https:\/\/blogg.svenskakyrkan.se\/vandravagen\/2017\/01\/21\/luckorna-i-luthers-liv\/\"},\"author\":{\"name\":\"Tomas Jarvid\",\"@id\":\"https:\/\/blogg.svenskakyrkan.se\/vandravagen\/#\/schema\/person\/25da02d4f76b137d04291711e2c9fc16\"},\"headline\":\"Luckorna i Luthers liv\",\"datePublished\":\"2017-01-21T06:00:59+00:00\",\"mainEntityOfPage\":{\"@id\":\"https:\/\/blogg.svenskakyrkan.se\/vandravagen\/2017\/01\/21\/luckorna-i-luthers-liv\/\"},\"wordCount\":301,\"commentCount\":0,\"publisher\":{\"@id\":\"https:\/\/blogg.svenskakyrkan.se\/vandravagen\/#organization\"},\"image\":{\"@id\":\"https:\/\/blogg.svenskakyrkan.se\/vandravagen\/2017\/01\/21\/luckorna-i-luthers-liv\/#primaryimage\"},\"thumbnailUrl\":\"http:\/\/blogg.svenskakyrkan.se\/vandravagen\/files\/2017\/01\/IMG_1241.jpg\",\"articleSection\":[\"bilder\",\"Dagens Kyrka\",\"historia\",\"Luther\"],\"inLanguage\":\"sv-SE\",\"potentialAction\":[{\"@type\":\"CommentAction\",\"name\":\"Comment\",\"target\":[\"https:\/\/blogg.svenskakyrkan.se\/vandravagen\/2017\/01\/21\/luckorna-i-luthers-liv\/#respond\"]}]},{\"@type\":\"WebPage\",\"@id\":\"https:\/\/blogg.svenskakyrkan.se\/vandravagen\/2017\/01\/21\/luckorna-i-luthers-liv\/\",\"url\":\"https:\/\/blogg.svenskakyrkan.se\/vandravagen\/2017\/01\/21\/luckorna-i-luthers-liv\/\",\"name\":\"Luckorna i Luthers liv - Vandra V\u00e4gen\",\"isPartOf\":{\"@id\":\"https:\/\/blogg.svenskakyrkan.se\/vandravagen\/#website\"},\"primaryImageOfPage\":{\"@id\":\"https:\/\/blogg.svenskakyrkan.se\/vandravagen\/2017\/01\/21\/luckorna-i-luthers-liv\/#primaryimage\"},\"image\":{\"@id\":\"https:\/\/blogg.svenskakyrkan.se\/vandravagen\/2017\/01\/21\/luckorna-i-luthers-liv\/#primaryimage\"},\"thumbnailUrl\":\"http:\/\/blogg.svenskakyrkan.se\/vandravagen\/files\/2017\/01\/IMG_1241.jpg\",\"datePublished\":\"2017-01-21T06:00:59+00:00\",\"breadcrumb\":{\"@id\":\"https:\/\/blogg.svenskakyrkan.se\/vandravagen\/2017\/01\/21\/luckorna-i-luthers-liv\/#breadcrumb\"},\"inLanguage\":\"sv-SE\",\"potentialAction\":[{\"@type\":\"ReadAction\",\"target\":[\"https:\/\/blogg.svenskakyrkan.se\/vandravagen\/2017\/01\/21\/luckorna-i-luthers-liv\/\"]}]},{\"@type\":\"ImageObject\",\"inLanguage\":\"sv-SE\",\"@id\":\"https:\/\/blogg.svenskakyrkan.se\/vandravagen\/2017\/01\/21\/luckorna-i-luthers-liv\/#primaryimage\",\"url\":\"http:\/\/blogg.svenskakyrkan.se\/vandravagen\/files\/2017\/01\/IMG_1241.jpg\",\"contentUrl\":\"http:\/\/blogg.svenskakyrkan.se\/vandravagen\/files\/2017\/01\/IMG_1241.jpg\"},{\"@type\":\"BreadcrumbList\",\"@id\":\"https:\/\/blogg.svenskakyrkan.se\/vandravagen\/2017\/01\/21\/luckorna-i-luthers-liv\/#breadcrumb\",\"itemListElement\":[{\"@type\":\"ListItem\",\"position\":1,\"name\":\"Hem\",\"item\":\"https:\/\/blogg.svenskakyrkan.se\/vandravagen\/\"},{\"@type\":\"ListItem\",\"position\":2,\"name\":\"Luckorna i Luthers liv\"}]},{\"@type\":\"WebSite\",\"@id\":\"https:\/\/blogg.svenskakyrkan.se\/vandravagen\/#website\",\"url\":\"https:\/\/blogg.svenskakyrkan.se\/vandravagen\/\",\"name\":\"Vandra V\u00e4gen\",\"description\":\"-Mot en tro f\u00f6r hela livet\",\"publisher\":{\"@id\":\"https:\/\/blogg.svenskakyrkan.se\/vandravagen\/#organization\"},\"potentialAction\":[{\"@type\":\"SearchAction\",\"target\":{\"@type\":\"EntryPoint\",\"urlTemplate\":\"https:\/\/blogg.svenskakyrkan.se\/vandravagen\/?s={search_term_string}\"},\"query-input\":{\"@type\":\"PropertyValueSpecification\",\"valueRequired\":true,\"valueName\":\"search_term_string\"}}],\"inLanguage\":\"sv-SE\"},{\"@type\":\"Organization\",\"@id\":\"https:\/\/blogg.svenskakyrkan.se\/vandravagen\/#organization\",\"name\":\"ulricehamns pastorat\",\"alternateName\":\"ulricehamns pastorat\",\"url\":\"https:\/\/blogg.svenskakyrkan.se\/vandravagen\/\",\"logo\":{\"@type\":\"ImageObject\",\"inLanguage\":\"sv-SE\",\"@id\":\"https:\/\/blogg.svenskakyrkan.se\/vandravagen\/#\/schema\/logo\/image\/\",\"url\":\"https:\/\/blogg.svenskakyrkan.se\/vandravagen\/files\/2023\/05\/Ulr_logo_RGB.png\",\"contentUrl\":\"https:\/\/blogg.svenskakyrkan.se\/vandravagen\/files\/2023\/05\/Ulr_logo_RGB.png\",\"width\":205,\"height\":77,\"caption\":\"ulricehamns pastorat\"},\"image\":{\"@id\":\"https:\/\/blogg.svenskakyrkan.se\/vandravagen\/#\/schema\/logo\/image\/\"},\"sameAs\":[\"http:\/\/facebook.com\/vandravagen\",\"https:\/\/x.com\/fadertomas\",\"http:\/\/www.facebook.com\/svenskakyrkaniulricehamn\"]},{\"@type\":\"Person\",\"@id\":\"https:\/\/blogg.svenskakyrkan.se\/vandravagen\/#\/schema\/person\/25da02d4f76b137d04291711e2c9fc16\",\"name\":\"Tomas Jarvid\",\"image\":{\"@type\":\"ImageObject\",\"inLanguage\":\"sv-SE\",\"@id\":\"https:\/\/blogg.svenskakyrkan.se\/vandravagen\/#\/schema\/person\/image\/\",\"url\":\"https:\/\/secure.gravatar.com\/avatar\/7fa71899795e8f540f615a1f5ab25255dc27aa40f05ee7ddd21aac521e01bf50?s=96&d=identicon&r=g\",\"contentUrl\":\"https:\/\/secure.gravatar.com\/avatar\/7fa71899795e8f540f615a1f5ab25255dc27aa40f05ee7ddd21aac521e01bf50?s=96&d=identicon&r=g\",\"caption\":\"Tomas Jarvid\"},\"description\":\"Jag bor i Ulricehamn i V\u00e4sterg\u00f6tland och \u00e4r f\u00f6rsamlingspr\u00e4st i Svenska Kyrkan f\u00f6r Dalstorps f\u00f6rsamling i Kinds pastorat. P\u00e5 den h\u00e4r bloggen skriver jag ner tankar om vandringen som kristen.\",\"sameAs\":[\"http:\/\/www.vandravagen.se\"],\"url\":\"https:\/\/blogg.svenskakyrkan.se\/vandravagen\/author\/vandravagen\/\"}]}<\/script>\n<!-- \/ Yoast SEO plugin. -->","yoast_head_json":{"title":"Luckorna i Luthers liv - Vandra V\u00e4gen","robots":{"index":"index","follow":"follow","max-snippet":"max-snippet:-1","max-image-preview":"max-image-preview:large","max-video-preview":"max-video-preview:-1"},"canonical":"https:\/\/blogg.svenskakyrkan.se\/vandravagen\/2017\/01\/21\/luckorna-i-luthers-liv\/","og_locale":"sv_SE","og_type":"article","og_title":"Luckorna i Luthers liv - Vandra V\u00e4gen","og_description":"&#8221;Luthers liv&#8221; \u00e4r tillbaka p\u00e5 bloggen! Jag har fyllt i n\u00e5gra luckor i min vitt ber\u00f6mda skildring av Luthers liv via liten playmobilegubbe. Kom till Sjuntorp utanf\u00f6r Trollh\u00e4ttan n\u00e4sta s\u00f6ndag och fira gudstj\u00e4nst i Fors kyrka klockan 11 s\u00e5 f\u00e5r du \u00e4ta lunch med mig efter\u00e5t och se p\u00e5 Lutherbilder ihop med andra. Nog med [&hellip;]","og_url":"https:\/\/blogg.svenskakyrkan.se\/vandravagen\/2017\/01\/21\/luckorna-i-luthers-liv\/","og_site_name":"Vandra V\u00e4gen","article_publisher":"http:\/\/facebook.com\/vandravagen","article_published_time":"2017-01-21T06:00:59+00:00","og_image":[{"url":"http:\/\/blogg.svenskakyrkan.se\/vandravagen\/files\/2017\/01\/IMG_1241.jpg","type":"","width":"","height":""}],"author":"Tomas Jarvid","twitter_card":"summary_large_image","twitter_creator":"@fadertomas","twitter_site":"@fadertomas","twitter_misc":{"Skriven av":"Tomas Jarvid","Ber\u00e4knad l\u00e4stid":"1 minut"},"schema":{"@context":"https:\/\/schema.org","@graph":[{"@type":"Article","@id":"https:\/\/blogg.svenskakyrkan.se\/vandravagen\/2017\/01\/21\/luckorna-i-luthers-liv\/#article","isPartOf":{"@id":"https:\/\/blogg.svenskakyrkan.se\/vandravagen\/2017\/01\/21\/luckorna-i-luthers-liv\/"},"author":{"name":"Tomas Jarvid","@id":"https:\/\/blogg.svenskakyrkan.se\/vandravagen\/#\/schema\/person\/25da02d4f76b137d04291711e2c9fc16"},"headline":"Luckorna i Luthers liv","datePublished":"2017-01-21T06:00:59+00:00","mainEntityOfPage":{"@id":"https:\/\/blogg.svenskakyrkan.se\/vandravagen\/2017\/01\/21\/luckorna-i-luthers-liv\/"},"wordCount":301,"commentCount":0,"publisher":{"@id":"https:\/\/blogg.svenskakyrkan.se\/vandravagen\/#organization"},"image":{"@id":"https:\/\/blogg.svenskakyrkan.se\/vandravagen\/2017\/01\/21\/luckorna-i-luthers-liv\/#primaryimage"},"thumbnailUrl":"http:\/\/blogg.svenskakyrkan.se\/vandravagen\/files\/2017\/01\/IMG_1241.jpg","articleSection":["bilder","Dagens Kyrka","historia","Luther"],"inLanguage":"sv-SE","potentialAction":[{"@type":"CommentAction","name":"Comment","target":["https:\/\/blogg.svenskakyrkan.se\/vandravagen\/2017\/01\/21\/luckorna-i-luthers-liv\/#respond"]}]},{"@type":"WebPage","@id":"https:\/\/blogg.svenskakyrkan.se\/vandravagen\/2017\/01\/21\/luckorna-i-luthers-liv\/","url":"https:\/\/blogg.svenskakyrkan.se\/vandravagen\/2017\/01\/21\/luckorna-i-luthers-liv\/","name":"Luckorna i Luthers liv - Vandra V\u00e4gen","isPartOf":{"@id":"https:\/\/blogg.svenskakyrkan.se\/vandravagen\/#website"},"primaryImageOfPage":{"@id":"https:\/\/blogg.svenskakyrkan.se\/vandravagen\/2017\/01\/21\/luckorna-i-luthers-liv\/#primaryimage"},"image":{"@id":"https:\/\/blogg.svenskakyrkan.se\/vandravagen\/2017\/01\/21\/luckorna-i-luthers-liv\/#primaryimage"},"thumbnailUrl":"http:\/\/blogg.svenskakyrkan.se\/vandravagen\/files\/2017\/01\/IMG_1241.jpg","datePublished":"2017-01-21T06:00:59+00:00","breadcrumb":{"@id":"https:\/\/blogg.svenskakyrkan.se\/vandravagen\/2017\/01\/21\/luckorna-i-luthers-liv\/#breadcrumb"},"inLanguage":"sv-SE","potentialAction":[{"@type":"ReadAction","target":["https:\/\/blogg.svenskakyrkan.se\/vandravagen\/2017\/01\/21\/luckorna-i-luthers-liv\/"]}]},{"@type":"ImageObject","inLanguage":"sv-SE","@id":"https:\/\/blogg.svenskakyrkan.se\/vandravagen\/2017\/01\/21\/luckorna-i-luthers-liv\/#primaryimage","url":"http:\/\/blogg.svenskakyrkan.se\/vandravagen\/files\/2017\/01\/IMG_1241.jpg","contentUrl":"http:\/\/blogg.svenskakyrkan.se\/vandravagen\/files\/2017\/01\/IMG_1241.jpg"},{"@type":"BreadcrumbList","@id":"https:\/\/blogg.svenskakyrkan.se\/vandravagen\/2017\/01\/21\/luckorna-i-luthers-liv\/#breadcrumb","itemListElement":[{"@type":"ListItem","position":1,"name":"Hem","item":"https:\/\/blogg.svenskakyrkan.se\/vandravagen\/"},{"@type":"ListItem","position":2,"name":"Luckorna i Luthers liv"}]},{"@type":"WebSite","@id":"https:\/\/blogg.svenskakyrkan.se\/vandravagen\/#website","url":"https:\/\/blogg.svenskakyrkan.se\/vandravagen\/","name":"Vandra V\u00e4gen","description":"-Mot en tro f\u00f6r hela livet","publisher":{"@id":"https:\/\/blogg.svenskakyrkan.se\/vandravagen\/#organization"},"potentialAction":[{"@type":"SearchAction","target":{"@type":"EntryPoint","urlTemplate":"https:\/\/blogg.svenskakyrkan.se\/vandravagen\/?s={search_term_string}"},"query-input":{"@type":"PropertyValueSpecification","valueRequired":true,"valueName":"search_term_string"}}],"inLanguage":"sv-SE"},{"@type":"Organization","@id":"https:\/\/blogg.svenskakyrkan.se\/vandravagen\/#organization","name":"ulricehamns pastorat","alternateName":"ulricehamns pastorat","url":"https:\/\/blogg.svenskakyrkan.se\/vandravagen\/","logo":{"@type":"ImageObject","inLanguage":"sv-SE","@id":"https:\/\/blogg.svenskakyrkan.se\/vandravagen\/#\/schema\/logo\/image\/","url":"https:\/\/blogg.svenskakyrkan.se\/vandravagen\/files\/2023\/05\/Ulr_logo_RGB.png","contentUrl":"https:\/\/blogg.svenskakyrkan.se\/vandravagen\/files\/2023\/05\/Ulr_logo_RGB.png","width":205,"height":77,"caption":"ulricehamns pastorat"},"image":{"@id":"https:\/\/blogg.svenskakyrkan.se\/vandravagen\/#\/schema\/logo\/image\/"},"sameAs":["http:\/\/facebook.com\/vandravagen","https:\/\/x.com\/fadertomas","http:\/\/www.facebook.com\/svenskakyrkaniulricehamn"]},{"@type":"Person","@id":"https:\/\/blogg.svenskakyrkan.se\/vandravagen\/#\/schema\/person\/25da02d4f76b137d04291711e2c9fc16","name":"Tomas Jarvid","image":{"@type":"ImageObject","inLanguage":"sv-SE","@id":"https:\/\/blogg.svenskakyrkan.se\/vandravagen\/#\/schema\/person\/image\/","url":"https:\/\/secure.gravatar.com\/avatar\/7fa71899795e8f540f615a1f5ab25255dc27aa40f05ee7ddd21aac521e01bf50?s=96&d=identicon&r=g","contentUrl":"https:\/\/secure.gravatar.com\/avatar\/7fa71899795e8f540f615a1f5ab25255dc27aa40f05ee7ddd21aac521e01bf50?s=96&d=identicon&r=g","caption":"Tomas Jarvid"},"description":"Jag bor i Ulricehamn i V\u00e4sterg\u00f6tland och \u00e4r f\u00f6rsamlingspr\u00e4st i Svenska Kyrkan f\u00f6r Dalstorps f\u00f6rsamling i Kinds pastorat. P\u00e5 den h\u00e4r bloggen skriver jag ner tankar om vandringen som kristen.","sameAs":["http:\/\/www.vandravagen.se"],"url":"https:\/\/blogg.svenskakyrkan.se\/vandravagen\/author\/vandravagen\/"}]}},"author_meta":{"ID":"392","user_nicename":"vandravagen","user_url":"http:\/\/www.vandravagen.se","user_registered":"2014-05-19 05:44:52","display_name":"Tomas Jarvid","first_name":"Tomas","last_name":"Jarvid","avatar":"https:\/\/secure.gravatar.com\/avatar\/7fa71899795e8f540f615a1f5ab25255dc27aa40f05ee7ddd21aac521e01bf50?s=96&d=identicon&r=g"},"featured_image":false,"bloginfo":{"name":"Vandra V\u00e4gen","url":"https:\/\/blogg.svenskakyrkan.se\/vandravagen"},"_links":{"self":[{"href":"https:\/\/blogg.svenskakyrkan.se\/vandravagen\/wp-json\/wp\/v2\/posts\/5396","targetHints":{"allow":["GET"]}}],"collection":[{"href":"https:\/\/blogg.svenskakyrkan.se\/vandravagen\/wp-json\/wp\/v2\/posts"}],"about":[{"href":"https:\/\/blogg.svenskakyrkan.se\/vandravagen\/wp-json\/wp\/v2\/types\/post"}],"author":[{"embeddable":true,"href":"https:\/\/blogg.svenskakyrkan.se\/vandravagen\/wp-json\/wp\/v2\/users\/392"}],"replies":[{"embeddable":true,"href":"https:\/\/blogg.svenskakyrkan.se\/vandravagen\/wp-json\/wp\/v2\/comments?post=5396"}],"version-history":[{"count":3,"href":"https:\/\/blogg.svenskakyrkan.se\/vandravagen\/wp-json\/wp\/v2\/posts\/5396\/revisions"}],"predecessor-version":[{"id":5402,"href":"https:\/\/blogg.svenskakyrkan.se\/vandravagen\/wp-json\/wp\/v2\/posts\/5396\/revisions\/5402"}],"wp:attachment":[{"href":"https:\/\/blogg.svenskakyrkan.se\/vandravagen\/wp-json\/wp\/v2\/media?parent=5396"}],"wp:term":[{"taxonomy":"category","embeddable":true,"href":"https:\/\/blogg.svenskakyrkan.se\/vandravagen\/wp-json\/wp\/v2\/categories?post=5396"},{"taxonomy":"post_tag","embeddable":true,"href":"https:\/\/blogg.svenskakyrkan.se\/vandravagen\/wp-json\/wp\/v2\/tags?post=5396"}],"curies":[{"name":"wp","href":"https:\/\/api.w.org\/{rel}","templated":true}]}}