{"id":540,"date":"2013-05-31T20:27:00","date_gmt":"2013-05-31T18:27:00","guid":{"rendered":"http:\/\/blogg.svenskakyrkan.se\/vandravagen\/2013\/05\/31\/demonernas-dal-av-mattias-lonnebo\/"},"modified":"2013-05-31T20:27:00","modified_gmt":"2013-05-31T18:27:00","slug":"demonernas-dal-av-mattias-lonnebo","status":"publish","type":"post","link":"https:\/\/blogg.svenskakyrkan.se\/vandravagen\/2013\/05\/31\/demonernas-dal-av-mattias-lonnebo\/","title":{"rendered":"Demonernas dal av Mattias L\u00f6nnebo"},"content":{"rendered":"<p>N\u00e4r gav du ditt barn en ebok senast?<\/p>\n<\/p>\n<div><a href=\"http:\/\/4.bp.blogspot.com\/-D9Sfz4M8-bs\/UZz6NaHt5vI\/AAAAAAAADL0\/CVHQ-vnbONc\/s1600\/demonernas-dal_e-bok.jpg\"><img loading=\"lazy\" decoding=\"async\" border=\"0\" height=\"400\" src=\"http:\/\/4.bp.blogspot.com\/-D9Sfz4M8-bs\/UZz6NaHt5vI\/AAAAAAAADL0\/CVHQ-vnbONc\/s400\/demonernas-dal_e-bok.jpg\" width=\"282\"><\/a><\/div>\n<div><\/div>\n<div><\/div>\n<div>I h\u00f6stas l\u00e4ste jag <i>Amsalor och draken<\/i> av Mattias L\u00f6nnebo och <a href=\"http:\/\/www.vandravagen.se\/2012\/10\/dagens-boktips-amsalor-och-draken.html\">skrev om den h\u00e4r p\u00e5 bloggen<\/a>. Den \u00e4r mycket l\u00e4mplig att s\u00e4tta i h\u00e4nderna p\u00e5 unga bokslukare med smak f\u00f6r fantasy. H\u00e4r \u00e4r nu en kort uppf\u00f6ljare i novellform. Den finns bara som ebok. Jag l\u00e4ste den f\u00f6r Jenny fr\u00e5n telefonsk\u00e4rmen och det funkade skapligt eftersom den \u00e4r s\u00e5 kort. Den kostar inte heller m\u00e5nga kronor. <a href=\"http:\/\/www.ebokhuset.se\/cgi-bin\/ibutik\/AIR_ibutik.fcgi?funk=visa_artikel&amp;artnr=9789174379952\">Jag laddade ner den h\u00e4r<\/a>.<\/div>\n<p>Vi f\u00e5r f\u00f6lja trollkarlen Sartek och tr\u00e4danden Molnl\u00e4tt som ocks\u00e5 fanns med i Amsalor och draken. De f\u00e5r anledning att bege sig l\u00e5ngt ut i \u00f6knens br\u00e4nnande sol p\u00e5 r\u00e4ddningsuppdrag. Handlingen \u00e4r f\u00e4ngslande fr\u00e5n b\u00f6rjan och under ytan finns det fr\u00e5gor att fundera kring, i mina \u00f6gon handlar novellen mycket om hopp. P\u00e5 slutet k\u00e4ndes det som att l\u00f6sningen kom v\u00e4l ov\u00e4ntat, n\u00e5got jag minns g\u00e4llde Amsalor och draken ocks\u00e5. Dolda h\u00e4nvisningar till bibeln finns den h\u00e4r g\u00e5ngen ocks\u00e5, kanske mest tematiskt. Jag hittade bara en enda ren bibelparafrasering men det kanske finns fler?<\/p>\n<p>Jag vill rekommendera Demonernas dal till barn och unga. L\u00e4s den du ocks\u00e5 \u00e4ven om du \u00e4r vuxen.<\/p><\/p>\n","protected":false},"excerpt":{"rendered":"<p>N\u00e4r gav du ditt barn en ebok senast? I h\u00f6stas l\u00e4ste jag Amsalor och draken av Mattias L\u00f6nnebo och skrev om den h\u00e4r p\u00e5 bloggen. Den \u00e4r mycket l\u00e4mplig att s\u00e4tta i h\u00e4nderna p\u00e5 unga bokslukare med smak f\u00f6r fantasy. H\u00e4r \u00e4r nu en kort uppf\u00f6ljare i novellform. Den finns bara som ebok. Jag l\u00e4ste [&hellip;]<\/p>\n","protected":false},"author":392,"featured_media":0,"comment_status":"open","ping_status":"open","sticky":false,"template":"","format":"standard","meta":{"_acf_changed":false,"footnotes":""},"categories":[8253,42374],"tags":[],"class_list":["post-540","post","type-post","status-publish","format-standard","hentry","category-bocker","category-boktips"],"acf":[],"yoast_head":"<!-- This site is optimized with the Yoast SEO plugin v27.1.1 - https:\/\/yoast.com\/product\/yoast-seo-wordpress\/ -->\n<title>Demonernas dal av Mattias L\u00f6nnebo - Vandra V\u00e4gen<\/title>\n<meta name=\"robots\" content=\"index, follow, max-snippet:-1, max-image-preview:large, max-video-preview:-1\" \/>\n<link rel=\"canonical\" href=\"https:\/\/blogg.svenskakyrkan.se\/vandravagen\/2013\/05\/31\/demonernas-dal-av-mattias-lonnebo\/\" \/>\n<meta property=\"og:locale\" content=\"sv_SE\" \/>\n<meta property=\"og:type\" content=\"article\" \/>\n<meta property=\"og:title\" content=\"Demonernas dal av Mattias L\u00f6nnebo - Vandra V\u00e4gen\" \/>\n<meta property=\"og:description\" content=\"N\u00e4r gav du ditt barn en ebok senast? I h\u00f6stas l\u00e4ste jag Amsalor och draken av Mattias L\u00f6nnebo och skrev om den h\u00e4r p\u00e5 bloggen. Den \u00e4r mycket l\u00e4mplig att s\u00e4tta i h\u00e4nderna p\u00e5 unga bokslukare med smak f\u00f6r fantasy. H\u00e4r \u00e4r nu en kort uppf\u00f6ljare i novellform. Den finns bara som ebok. Jag l\u00e4ste [&hellip;]\" \/>\n<meta property=\"og:url\" content=\"https:\/\/blogg.svenskakyrkan.se\/vandravagen\/2013\/05\/31\/demonernas-dal-av-mattias-lonnebo\/\" \/>\n<meta property=\"og:site_name\" content=\"Vandra V\u00e4gen\" \/>\n<meta property=\"article:publisher\" content=\"http:\/\/facebook.com\/vandravagen\" \/>\n<meta property=\"article:published_time\" content=\"2013-05-31T18:27:00+00:00\" \/>\n<meta property=\"og:image\" content=\"http:\/\/4.bp.blogspot.com\/-D9Sfz4M8-bs\/UZz6NaHt5vI\/AAAAAAAADL0\/CVHQ-vnbONc\/s400\/demonernas-dal_e-bok.jpg\" \/>\n<meta name=\"author\" content=\"Tomas Jarvid\" \/>\n<meta name=\"twitter:card\" content=\"summary_large_image\" \/>\n<meta name=\"twitter:creator\" content=\"@fadertomas\" \/>\n<meta name=\"twitter:site\" content=\"@fadertomas\" \/>\n<meta name=\"twitter:label1\" content=\"Skriven av\" \/>\n\t<meta name=\"twitter:data1\" content=\"Tomas Jarvid\" \/>\n\t<meta name=\"twitter:label2\" content=\"Ber\u00e4knad l\u00e4stid\" \/>\n\t<meta name=\"twitter:data2\" content=\"1 minut\" \/>\n<script type=\"application\/ld+json\" class=\"yoast-schema-graph\">{\"@context\":\"https:\/\/schema.org\",\"@graph\":[{\"@type\":\"Article\",\"@id\":\"https:\/\/blogg.svenskakyrkan.se\/vandravagen\/2013\/05\/31\/demonernas-dal-av-mattias-lonnebo\/#article\",\"isPartOf\":{\"@id\":\"https:\/\/blogg.svenskakyrkan.se\/vandravagen\/2013\/05\/31\/demonernas-dal-av-mattias-lonnebo\/\"},\"author\":{\"name\":\"Tomas Jarvid\",\"@id\":\"https:\/\/blogg.svenskakyrkan.se\/vandravagen\/#\/schema\/person\/25da02d4f76b137d04291711e2c9fc16\"},\"headline\":\"Demonernas dal av Mattias L\u00f6nnebo\",\"datePublished\":\"2013-05-31T18:27:00+00:00\",\"mainEntityOfPage\":{\"@id\":\"https:\/\/blogg.svenskakyrkan.se\/vandravagen\/2013\/05\/31\/demonernas-dal-av-mattias-lonnebo\/\"},\"wordCount\":237,\"commentCount\":1,\"publisher\":{\"@id\":\"https:\/\/blogg.svenskakyrkan.se\/vandravagen\/#organization\"},\"image\":{\"@id\":\"https:\/\/blogg.svenskakyrkan.se\/vandravagen\/2013\/05\/31\/demonernas-dal-av-mattias-lonnebo\/#primaryimage\"},\"thumbnailUrl\":\"http:\/\/4.bp.blogspot.com\/-D9Sfz4M8-bs\/UZz6NaHt5vI\/AAAAAAAADL0\/CVHQ-vnbONc\/s400\/demonernas-dal_e-bok.jpg\",\"articleSection\":[\"b\u00f6cker\",\"boktips\"],\"inLanguage\":\"sv-SE\",\"potentialAction\":[{\"@type\":\"CommentAction\",\"name\":\"Comment\",\"target\":[\"https:\/\/blogg.svenskakyrkan.se\/vandravagen\/2013\/05\/31\/demonernas-dal-av-mattias-lonnebo\/#respond\"]}]},{\"@type\":\"WebPage\",\"@id\":\"https:\/\/blogg.svenskakyrkan.se\/vandravagen\/2013\/05\/31\/demonernas-dal-av-mattias-lonnebo\/\",\"url\":\"https:\/\/blogg.svenskakyrkan.se\/vandravagen\/2013\/05\/31\/demonernas-dal-av-mattias-lonnebo\/\",\"name\":\"Demonernas dal av Mattias L\u00f6nnebo - Vandra V\u00e4gen\",\"isPartOf\":{\"@id\":\"https:\/\/blogg.svenskakyrkan.se\/vandravagen\/#website\"},\"primaryImageOfPage\":{\"@id\":\"https:\/\/blogg.svenskakyrkan.se\/vandravagen\/2013\/05\/31\/demonernas-dal-av-mattias-lonnebo\/#primaryimage\"},\"image\":{\"@id\":\"https:\/\/blogg.svenskakyrkan.se\/vandravagen\/2013\/05\/31\/demonernas-dal-av-mattias-lonnebo\/#primaryimage\"},\"thumbnailUrl\":\"http:\/\/4.bp.blogspot.com\/-D9Sfz4M8-bs\/UZz6NaHt5vI\/AAAAAAAADL0\/CVHQ-vnbONc\/s400\/demonernas-dal_e-bok.jpg\",\"datePublished\":\"2013-05-31T18:27:00+00:00\",\"breadcrumb\":{\"@id\":\"https:\/\/blogg.svenskakyrkan.se\/vandravagen\/2013\/05\/31\/demonernas-dal-av-mattias-lonnebo\/#breadcrumb\"},\"inLanguage\":\"sv-SE\",\"potentialAction\":[{\"@type\":\"ReadAction\",\"target\":[\"https:\/\/blogg.svenskakyrkan.se\/vandravagen\/2013\/05\/31\/demonernas-dal-av-mattias-lonnebo\/\"]}]},{\"@type\":\"ImageObject\",\"inLanguage\":\"sv-SE\",\"@id\":\"https:\/\/blogg.svenskakyrkan.se\/vandravagen\/2013\/05\/31\/demonernas-dal-av-mattias-lonnebo\/#primaryimage\",\"url\":\"http:\/\/4.bp.blogspot.com\/-D9Sfz4M8-bs\/UZz6NaHt5vI\/AAAAAAAADL0\/CVHQ-vnbONc\/s400\/demonernas-dal_e-bok.jpg\",\"contentUrl\":\"http:\/\/4.bp.blogspot.com\/-D9Sfz4M8-bs\/UZz6NaHt5vI\/AAAAAAAADL0\/CVHQ-vnbONc\/s400\/demonernas-dal_e-bok.jpg\"},{\"@type\":\"BreadcrumbList\",\"@id\":\"https:\/\/blogg.svenskakyrkan.se\/vandravagen\/2013\/05\/31\/demonernas-dal-av-mattias-lonnebo\/#breadcrumb\",\"itemListElement\":[{\"@type\":\"ListItem\",\"position\":1,\"name\":\"Hem\",\"item\":\"https:\/\/blogg.svenskakyrkan.se\/vandravagen\/\"},{\"@type\":\"ListItem\",\"position\":2,\"name\":\"Demonernas dal av Mattias L\u00f6nnebo\"}]},{\"@type\":\"WebSite\",\"@id\":\"https:\/\/blogg.svenskakyrkan.se\/vandravagen\/#website\",\"url\":\"https:\/\/blogg.svenskakyrkan.se\/vandravagen\/\",\"name\":\"Vandra V\u00e4gen\",\"description\":\"-Mot en tro f\u00f6r hela livet\",\"publisher\":{\"@id\":\"https:\/\/blogg.svenskakyrkan.se\/vandravagen\/#organization\"},\"potentialAction\":[{\"@type\":\"SearchAction\",\"target\":{\"@type\":\"EntryPoint\",\"urlTemplate\":\"https:\/\/blogg.svenskakyrkan.se\/vandravagen\/?s={search_term_string}\"},\"query-input\":{\"@type\":\"PropertyValueSpecification\",\"valueRequired\":true,\"valueName\":\"search_term_string\"}}],\"inLanguage\":\"sv-SE\"},{\"@type\":\"Organization\",\"@id\":\"https:\/\/blogg.svenskakyrkan.se\/vandravagen\/#organization\",\"name\":\"ulricehamns pastorat\",\"alternateName\":\"ulricehamns pastorat\",\"url\":\"https:\/\/blogg.svenskakyrkan.se\/vandravagen\/\",\"logo\":{\"@type\":\"ImageObject\",\"inLanguage\":\"sv-SE\",\"@id\":\"https:\/\/blogg.svenskakyrkan.se\/vandravagen\/#\/schema\/logo\/image\/\",\"url\":\"https:\/\/blogg.svenskakyrkan.se\/vandravagen\/files\/2023\/05\/Ulr_logo_RGB.png\",\"contentUrl\":\"https:\/\/blogg.svenskakyrkan.se\/vandravagen\/files\/2023\/05\/Ulr_logo_RGB.png\",\"width\":205,\"height\":77,\"caption\":\"ulricehamns pastorat\"},\"image\":{\"@id\":\"https:\/\/blogg.svenskakyrkan.se\/vandravagen\/#\/schema\/logo\/image\/\"},\"sameAs\":[\"http:\/\/facebook.com\/vandravagen\",\"https:\/\/x.com\/fadertomas\",\"http:\/\/www.facebook.com\/svenskakyrkaniulricehamn\"]},{\"@type\":\"Person\",\"@id\":\"https:\/\/blogg.svenskakyrkan.se\/vandravagen\/#\/schema\/person\/25da02d4f76b137d04291711e2c9fc16\",\"name\":\"Tomas Jarvid\",\"image\":{\"@type\":\"ImageObject\",\"inLanguage\":\"sv-SE\",\"@id\":\"https:\/\/blogg.svenskakyrkan.se\/vandravagen\/#\/schema\/person\/image\/\",\"url\":\"https:\/\/secure.gravatar.com\/avatar\/7fa71899795e8f540f615a1f5ab25255dc27aa40f05ee7ddd21aac521e01bf50?s=96&d=identicon&r=g\",\"contentUrl\":\"https:\/\/secure.gravatar.com\/avatar\/7fa71899795e8f540f615a1f5ab25255dc27aa40f05ee7ddd21aac521e01bf50?s=96&d=identicon&r=g\",\"caption\":\"Tomas Jarvid\"},\"description\":\"Jag bor i Ulricehamn i V\u00e4sterg\u00f6tland och \u00e4r f\u00f6rsamlingspr\u00e4st i Svenska Kyrkan f\u00f6r Dalstorps f\u00f6rsamling i Kinds pastorat. P\u00e5 den h\u00e4r bloggen skriver jag ner tankar om vandringen som kristen.\",\"sameAs\":[\"http:\/\/www.vandravagen.se\"],\"url\":\"https:\/\/blogg.svenskakyrkan.se\/vandravagen\/author\/vandravagen\/\"}]}<\/script>\n<!-- \/ Yoast SEO plugin. -->","yoast_head_json":{"title":"Demonernas dal av Mattias L\u00f6nnebo - Vandra V\u00e4gen","robots":{"index":"index","follow":"follow","max-snippet":"max-snippet:-1","max-image-preview":"max-image-preview:large","max-video-preview":"max-video-preview:-1"},"canonical":"https:\/\/blogg.svenskakyrkan.se\/vandravagen\/2013\/05\/31\/demonernas-dal-av-mattias-lonnebo\/","og_locale":"sv_SE","og_type":"article","og_title":"Demonernas dal av Mattias L\u00f6nnebo - Vandra V\u00e4gen","og_description":"N\u00e4r gav du ditt barn en ebok senast? I h\u00f6stas l\u00e4ste jag Amsalor och draken av Mattias L\u00f6nnebo och skrev om den h\u00e4r p\u00e5 bloggen. Den \u00e4r mycket l\u00e4mplig att s\u00e4tta i h\u00e4nderna p\u00e5 unga bokslukare med smak f\u00f6r fantasy. H\u00e4r \u00e4r nu en kort uppf\u00f6ljare i novellform. Den finns bara som ebok. Jag l\u00e4ste [&hellip;]","og_url":"https:\/\/blogg.svenskakyrkan.se\/vandravagen\/2013\/05\/31\/demonernas-dal-av-mattias-lonnebo\/","og_site_name":"Vandra V\u00e4gen","article_publisher":"http:\/\/facebook.com\/vandravagen","article_published_time":"2013-05-31T18:27:00+00:00","og_image":[{"url":"http:\/\/4.bp.blogspot.com\/-D9Sfz4M8-bs\/UZz6NaHt5vI\/AAAAAAAADL0\/CVHQ-vnbONc\/s400\/demonernas-dal_e-bok.jpg","type":"","width":"","height":""}],"author":"Tomas Jarvid","twitter_card":"summary_large_image","twitter_creator":"@fadertomas","twitter_site":"@fadertomas","twitter_misc":{"Skriven av":"Tomas Jarvid","Ber\u00e4knad l\u00e4stid":"1 minut"},"schema":{"@context":"https:\/\/schema.org","@graph":[{"@type":"Article","@id":"https:\/\/blogg.svenskakyrkan.se\/vandravagen\/2013\/05\/31\/demonernas-dal-av-mattias-lonnebo\/#article","isPartOf":{"@id":"https:\/\/blogg.svenskakyrkan.se\/vandravagen\/2013\/05\/31\/demonernas-dal-av-mattias-lonnebo\/"},"author":{"name":"Tomas Jarvid","@id":"https:\/\/blogg.svenskakyrkan.se\/vandravagen\/#\/schema\/person\/25da02d4f76b137d04291711e2c9fc16"},"headline":"Demonernas dal av Mattias L\u00f6nnebo","datePublished":"2013-05-31T18:27:00+00:00","mainEntityOfPage":{"@id":"https:\/\/blogg.svenskakyrkan.se\/vandravagen\/2013\/05\/31\/demonernas-dal-av-mattias-lonnebo\/"},"wordCount":237,"commentCount":1,"publisher":{"@id":"https:\/\/blogg.svenskakyrkan.se\/vandravagen\/#organization"},"image":{"@id":"https:\/\/blogg.svenskakyrkan.se\/vandravagen\/2013\/05\/31\/demonernas-dal-av-mattias-lonnebo\/#primaryimage"},"thumbnailUrl":"http:\/\/4.bp.blogspot.com\/-D9Sfz4M8-bs\/UZz6NaHt5vI\/AAAAAAAADL0\/CVHQ-vnbONc\/s400\/demonernas-dal_e-bok.jpg","articleSection":["b\u00f6cker","boktips"],"inLanguage":"sv-SE","potentialAction":[{"@type":"CommentAction","name":"Comment","target":["https:\/\/blogg.svenskakyrkan.se\/vandravagen\/2013\/05\/31\/demonernas-dal-av-mattias-lonnebo\/#respond"]}]},{"@type":"WebPage","@id":"https:\/\/blogg.svenskakyrkan.se\/vandravagen\/2013\/05\/31\/demonernas-dal-av-mattias-lonnebo\/","url":"https:\/\/blogg.svenskakyrkan.se\/vandravagen\/2013\/05\/31\/demonernas-dal-av-mattias-lonnebo\/","name":"Demonernas dal av Mattias L\u00f6nnebo - Vandra V\u00e4gen","isPartOf":{"@id":"https:\/\/blogg.svenskakyrkan.se\/vandravagen\/#website"},"primaryImageOfPage":{"@id":"https:\/\/blogg.svenskakyrkan.se\/vandravagen\/2013\/05\/31\/demonernas-dal-av-mattias-lonnebo\/#primaryimage"},"image":{"@id":"https:\/\/blogg.svenskakyrkan.se\/vandravagen\/2013\/05\/31\/demonernas-dal-av-mattias-lonnebo\/#primaryimage"},"thumbnailUrl":"http:\/\/4.bp.blogspot.com\/-D9Sfz4M8-bs\/UZz6NaHt5vI\/AAAAAAAADL0\/CVHQ-vnbONc\/s400\/demonernas-dal_e-bok.jpg","datePublished":"2013-05-31T18:27:00+00:00","breadcrumb":{"@id":"https:\/\/blogg.svenskakyrkan.se\/vandravagen\/2013\/05\/31\/demonernas-dal-av-mattias-lonnebo\/#breadcrumb"},"inLanguage":"sv-SE","potentialAction":[{"@type":"ReadAction","target":["https:\/\/blogg.svenskakyrkan.se\/vandravagen\/2013\/05\/31\/demonernas-dal-av-mattias-lonnebo\/"]}]},{"@type":"ImageObject","inLanguage":"sv-SE","@id":"https:\/\/blogg.svenskakyrkan.se\/vandravagen\/2013\/05\/31\/demonernas-dal-av-mattias-lonnebo\/#primaryimage","url":"http:\/\/4.bp.blogspot.com\/-D9Sfz4M8-bs\/UZz6NaHt5vI\/AAAAAAAADL0\/CVHQ-vnbONc\/s400\/demonernas-dal_e-bok.jpg","contentUrl":"http:\/\/4.bp.blogspot.com\/-D9Sfz4M8-bs\/UZz6NaHt5vI\/AAAAAAAADL0\/CVHQ-vnbONc\/s400\/demonernas-dal_e-bok.jpg"},{"@type":"BreadcrumbList","@id":"https:\/\/blogg.svenskakyrkan.se\/vandravagen\/2013\/05\/31\/demonernas-dal-av-mattias-lonnebo\/#breadcrumb","itemListElement":[{"@type":"ListItem","position":1,"name":"Hem","item":"https:\/\/blogg.svenskakyrkan.se\/vandravagen\/"},{"@type":"ListItem","position":2,"name":"Demonernas dal av Mattias L\u00f6nnebo"}]},{"@type":"WebSite","@id":"https:\/\/blogg.svenskakyrkan.se\/vandravagen\/#website","url":"https:\/\/blogg.svenskakyrkan.se\/vandravagen\/","name":"Vandra V\u00e4gen","description":"-Mot en tro f\u00f6r hela livet","publisher":{"@id":"https:\/\/blogg.svenskakyrkan.se\/vandravagen\/#organization"},"potentialAction":[{"@type":"SearchAction","target":{"@type":"EntryPoint","urlTemplate":"https:\/\/blogg.svenskakyrkan.se\/vandravagen\/?s={search_term_string}"},"query-input":{"@type":"PropertyValueSpecification","valueRequired":true,"valueName":"search_term_string"}}],"inLanguage":"sv-SE"},{"@type":"Organization","@id":"https:\/\/blogg.svenskakyrkan.se\/vandravagen\/#organization","name":"ulricehamns pastorat","alternateName":"ulricehamns pastorat","url":"https:\/\/blogg.svenskakyrkan.se\/vandravagen\/","logo":{"@type":"ImageObject","inLanguage":"sv-SE","@id":"https:\/\/blogg.svenskakyrkan.se\/vandravagen\/#\/schema\/logo\/image\/","url":"https:\/\/blogg.svenskakyrkan.se\/vandravagen\/files\/2023\/05\/Ulr_logo_RGB.png","contentUrl":"https:\/\/blogg.svenskakyrkan.se\/vandravagen\/files\/2023\/05\/Ulr_logo_RGB.png","width":205,"height":77,"caption":"ulricehamns pastorat"},"image":{"@id":"https:\/\/blogg.svenskakyrkan.se\/vandravagen\/#\/schema\/logo\/image\/"},"sameAs":["http:\/\/facebook.com\/vandravagen","https:\/\/x.com\/fadertomas","http:\/\/www.facebook.com\/svenskakyrkaniulricehamn"]},{"@type":"Person","@id":"https:\/\/blogg.svenskakyrkan.se\/vandravagen\/#\/schema\/person\/25da02d4f76b137d04291711e2c9fc16","name":"Tomas Jarvid","image":{"@type":"ImageObject","inLanguage":"sv-SE","@id":"https:\/\/blogg.svenskakyrkan.se\/vandravagen\/#\/schema\/person\/image\/","url":"https:\/\/secure.gravatar.com\/avatar\/7fa71899795e8f540f615a1f5ab25255dc27aa40f05ee7ddd21aac521e01bf50?s=96&d=identicon&r=g","contentUrl":"https:\/\/secure.gravatar.com\/avatar\/7fa71899795e8f540f615a1f5ab25255dc27aa40f05ee7ddd21aac521e01bf50?s=96&d=identicon&r=g","caption":"Tomas Jarvid"},"description":"Jag bor i Ulricehamn i V\u00e4sterg\u00f6tland och \u00e4r f\u00f6rsamlingspr\u00e4st i Svenska Kyrkan f\u00f6r Dalstorps f\u00f6rsamling i Kinds pastorat. P\u00e5 den h\u00e4r bloggen skriver jag ner tankar om vandringen som kristen.","sameAs":["http:\/\/www.vandravagen.se"],"url":"https:\/\/blogg.svenskakyrkan.se\/vandravagen\/author\/vandravagen\/"}]}},"author_meta":{"ID":"392","user_nicename":"vandravagen","user_url":"http:\/\/www.vandravagen.se","user_registered":"2014-05-19 05:44:52","display_name":"Tomas Jarvid","first_name":"Tomas","last_name":"Jarvid","avatar":"https:\/\/secure.gravatar.com\/avatar\/7fa71899795e8f540f615a1f5ab25255dc27aa40f05ee7ddd21aac521e01bf50?s=96&d=identicon&r=g"},"featured_image":false,"bloginfo":{"name":"Vandra V\u00e4gen","url":"https:\/\/blogg.svenskakyrkan.se\/vandravagen"},"_links":{"self":[{"href":"https:\/\/blogg.svenskakyrkan.se\/vandravagen\/wp-json\/wp\/v2\/posts\/540","targetHints":{"allow":["GET"]}}],"collection":[{"href":"https:\/\/blogg.svenskakyrkan.se\/vandravagen\/wp-json\/wp\/v2\/posts"}],"about":[{"href":"https:\/\/blogg.svenskakyrkan.se\/vandravagen\/wp-json\/wp\/v2\/types\/post"}],"author":[{"embeddable":true,"href":"https:\/\/blogg.svenskakyrkan.se\/vandravagen\/wp-json\/wp\/v2\/users\/392"}],"replies":[{"embeddable":true,"href":"https:\/\/blogg.svenskakyrkan.se\/vandravagen\/wp-json\/wp\/v2\/comments?post=540"}],"version-history":[{"count":0,"href":"https:\/\/blogg.svenskakyrkan.se\/vandravagen\/wp-json\/wp\/v2\/posts\/540\/revisions"}],"wp:attachment":[{"href":"https:\/\/blogg.svenskakyrkan.se\/vandravagen\/wp-json\/wp\/v2\/media?parent=540"}],"wp:term":[{"taxonomy":"category","embeddable":true,"href":"https:\/\/blogg.svenskakyrkan.se\/vandravagen\/wp-json\/wp\/v2\/categories?post=540"},{"taxonomy":"post_tag","embeddable":true,"href":"https:\/\/blogg.svenskakyrkan.se\/vandravagen\/wp-json\/wp\/v2\/tags?post=540"}],"curies":[{"name":"wp","href":"https:\/\/api.w.org\/{rel}","templated":true}]}}