{"id":5403,"date":"2017-01-24T07:00:37","date_gmt":"2017-01-24T06:00:37","guid":{"rendered":"http:\/\/blogg.svenskakyrkan.se\/vandravagen\/?p=5403"},"modified":"2017-01-23T19:12:46","modified_gmt":"2017-01-23T18:12:46","slug":"att-tro-ar-som-att-ga-pa-dalstorpasjon","status":"publish","type":"post","link":"https:\/\/blogg.svenskakyrkan.se\/vandravagen\/2017\/01\/24\/att-tro-ar-som-att-ga-pa-dalstorpasjon\/","title":{"rendered":"Att tro \u00e4r som att g\u00e5 p\u00e5 dalstorpasj\u00f6n"},"content":{"rendered":"<p>&nbsp;<\/p>\n<div id=\"attachment_5406\" style=\"width: 1210px\" class=\"wp-caption aligncenter\"><a href=\"http:\/\/blogg.svenskakyrkan.se\/vandravagen\/files\/2017\/01\/IMG_1083.jpg\"><img loading=\"lazy\" decoding=\"async\" aria-describedby=\"caption-attachment-5406\" class=\"size-full wp-image-5406\" src=\"http:\/\/blogg.svenskakyrkan.se\/vandravagen\/files\/2017\/01\/IMG_1083.jpg\" alt=\"Det \u00e4r bottenfruset. Till och med i d\u00f6dsriket kan Jesus komma och r\u00e4dda.\" width=\"1200\" height=\"1200\" srcset=\"https:\/\/blogg.svenskakyrkan.se\/vandravagen\/files\/2017\/01\/IMG_1083.jpg 1200w, https:\/\/blogg.svenskakyrkan.se\/vandravagen\/files\/2017\/01\/IMG_1083-150x150.jpg 150w, https:\/\/blogg.svenskakyrkan.se\/vandravagen\/files\/2017\/01\/IMG_1083-300x300.jpg 300w, https:\/\/blogg.svenskakyrkan.se\/vandravagen\/files\/2017\/01\/IMG_1083-1024x1024.jpg 1024w\" sizes=\"auto, (max-width: 1200px) 100vw, 1200px\" \/><\/a><p id=\"caption-attachment-5406\" class=\"wp-caption-text\">Det \u00e4r bottenfruset. Till och med i d\u00f6dsriket kan Jesus komma och r\u00e4dda.<\/p><\/div>\n<p>H\u00e4r \u00e4r min predikan fr\u00e5n i s\u00f6ndags. Jag m\u00e5ste ber\u00e4tta en rolig sak f\u00f6rst. Det har varit enormt mycket folk i Ulricehamn (d\u00e4r jag bor) i helgen f\u00f6r att v\u00e4rldskuppen i skidor haft en t\u00e4vling h\u00e4r. Roligt p\u00e5 alla s\u00e4tt \u00e4ven om jag inte varit d\u00e4r och sett p\u00e5 plats. P\u00e5 l\u00f6rdagskv\u00e4llen kom s\u00e5 ett besked om att &#8221;I MORGON KOMMER KUNGEN och ser p\u00e5 t\u00e4vlingen. Han anl\u00e4nder klockan 11&#8221;. S\u00e5 (tack Martin Landgren f\u00f6r inspiration) n\u00e4r vi sedan inledde m\u00e4ssan i Dalstorps kyrka klockan 11 kunde jag ju inleda med det. <strong>&#8221;Det gick ett rykte ig\u00e5r att kungen skulle komma i morgon klockan 11, och h\u00e4r \u00e4r vi nu och f\u00e5r m\u00f6ta honom i v\u00e5r gudstj\u00e4nst&#8221;<\/strong>. Det tyckte jag var v\u00e4ldigt roligt.<\/p>\n<p>S\u00e5. H\u00e4r \u00e4r de ord jag sade i Hulared och i Dalstorp. Hoppas de kan vara till gl\u00e4dje f\u00f6r dig!<\/p>\n<p><strong>Tredje efter trettondagen 2017, Jesus skapar tro<\/strong><\/p>\n<p>Det \u00e4r Gud som skapar tro. Det vill jag sl\u00e5 fast innan jag s\u00e4ger en massa annat, s\u00e5 har jag i alla fall f\u00e5tt med det viktigaste. Det \u00e4r bra p\u00e5 m\u00e5nga s\u00e4tt att p\u00e5minna sig om det.<\/p>\n<p>Det finns alltid en risk att vi \u00e4r upptagna med fel saker n\u00e4r det g\u00e4ller v\u00e5r tro. Kanske att f\u00f6rs\u00f6ka uppskatta hur stor och stark eller liten och svag den \u00e4r (och d\u00e5 blir man ofta modf\u00e4lld). Den som sagt det b\u00e4sta jag vet om att fundera p\u00e5 sin egen tro var gamle Schartau. Han sa att <strong>\u201ddu ska inte tro p\u00e5 din tro, du ska tro p\u00e5 din fr\u00e4lsare\u201d<\/strong>. Om du \u00f6ver huvud taget bekymrar dig \u00f6ver din tro s\u00e5 ska du veta att det \u00e4r ett tecken p\u00e5 att Gud verkar i dig. All tro som \u00e4r tillr\u00e4ckligt stor f\u00f6r att f\u00e5 oss att v\u00e4nda oss till Gud med v\u00e5ra liv \u00e4r tillr\u00e4ckligt stor. F\u00f6r Gud f\u00f6rm\u00e5r allt.<\/p>\n<p>Det finns ocks\u00e5 mycket tr\u00f6st och vila i det i f\u00f6rh\u00e5llande till v\u00e5r n\u00e4sta. Vi ska ju inte g\u00f6mma v\u00e5r tro utan st\u00e5 f\u00f6r den i ord och handling. Men vi kan inte g\u00f6ra n\u00e5gon till troende, det kan bara Gud g\u00f6ra. Vi kanske kan hj\u00e4lpa till att r\u00f6ja bort ett eller annat hinder p\u00e5 v\u00e4gen, och vi kan se till att det finns n\u00e5gon att g\u00e5 till f\u00f6r den som Gud kallar p\u00e5. S\u00e5 \u00e4r det ju i v\u00e5ra bibeltexter idag. B\u00e5de han som kommer till Jesus om sin son, och den m\u00e4ktige Naaman, det \u00e4r allt tur att det finns n\u00e5gon de kan g\u00e5 till med de b\u00f6rdor de har. Om n\u00e5gon pl\u00f6tsligt k\u00e4nner att de beh\u00f6ver Gud, d\u00e5 beh\u00f6ver det ocks\u00e5 finnas n\u00e5gonstans att v\u00e4nda sig. En medm\u00e4nniska som man vet har en tro och som verkar n\u00e5gorlunda vettig. Det \u00e4r v\u00e5r uppgift allihop att vara den personen n\u00e4r stunden f\u00f6r det kommer. Och det \u00e4r viktigt att det finns en f\u00f6rsamling, \u00e4ven en liten grupp g\u00e5r bra men det m\u00e5ste g\u00e5 att hitta kristna d\u00e4r man finns s\u00e5 att man kan f\u00e5 h\u00f6ra ihop med andra som \u00e4r p\u00e5 samma v\u00e4g.<\/p>\n<p>Det \u00e4r ju vinter nu och jag har t\u00e4nkt p\u00e5 en sak. <strong>N\u00e4r jag kommer till f\u00f6rsamlingshemmet i Dalstorp p\u00e5 morgonen och det har varit minsta lilla minusgrad<\/strong> s\u00e5 kan man vara s\u00e4ker p\u00e5 att det ligger is p\u00e5 sj\u00f6n. Inte mycket men det b\u00f6rjar liksom l\u00e4gga sig p\u00e5 en g\u00e5ng. Sen kan det vara lite plus och d\u00e5 \u00e4r isen borta lika fort igen. Och s\u00e5 kommer den tillbaka och s\u00e5 h\u00e5ller det p\u00e5. Jag har ocks\u00e5 h\u00f6rt att isen kan vara riktigt stark d\u00e4r s\u00e5 man kan fiska och \u00e5ka bil och allt vad det \u00e4r. Jag pratar om is h\u00e4r i b\u00f6rjan av predikan f\u00f6r att detta att ge sig ut p\u00e5 isen \u00e4r en bra bild av vad det \u00e4r att tro. Man f\u00e5r lita p\u00e5 att det h\u00e5ller. Det kan knaka och s\u00e5 och man kan vara r\u00e4dd men man v\u00e5gar sig ut \u00e4nd\u00e5. Utmaningen n\u00e4r det kommer till tro \u00e4r att v\u00e5ga sig lite grann ut p\u00e5 isen och se om den h\u00e5ller. Lita p\u00e5 att Gud har hand om oss. Jesus s\u00e4ger oss att det i sj\u00e4lva verket \u00e4r bottenfruset. Vi \u00e4r trygga hos honom i b\u00e5de liv och d\u00f6d men vi m\u00e5ste tro p\u00e5 det l\u00f6ftet och leva efter det.\u00a0 V\u00e5ga v\u00e4nda oss till honom med v\u00e5ra b\u00f6ner om s\u00e5nt som verkligen betyder n\u00e5got f\u00f6r oss. V\u00e5ga leva efter det s\u00e4tt att leva som han visar oss. Det kan vara lite eller mycket l\u00e4skigt men han kallar oss till det. S\u00e5 beroende p\u00e5 hur l\u00e5ngt vi kommit p\u00e5 v\u00e4gen f\u00e5r vi hela tiden v\u00e5ga oss lite l\u00e4ngre ut p\u00e5 isen. Att vi ens t\u00e4nker p\u00e5 det betyder som sagt att vi redan \u00e4r ute p\u00e5 den s\u00e5 l\u00e5t oss bara forts\u00e4tta i tillit till honom.<\/p>\n<p>Det \u00e4r ett m\u00e4rkligt samtal mellan Jesus och \u00e4mbetsmannen med den sjuke sonen. Man kan tycka att Jesus inte alls pratar om samma sak. \u201dDetta sl\u00e4kte som inte vill tro utan ha tecken hela tiden\u201d s\u00e4ger han. Den stackars pappan vill ju bara att hans son ska f\u00e5 bli bra s\u00e5 jag tror egentligen att de orden \u00e4r riktade till oss som h\u00f6r evangeliet nu. Underverken i Johannesevangeliet kallas f\u00f6r \u201dtecken\u201d och det \u00e4r en tanke att det Jesus g\u00f6r i sina tecken g\u00f6r han f\u00f6r att skapa tro. Jag tror att han liksom \u201dh\u00f6r fel\u201d med flit h\u00e4r f\u00f6r att kunna g\u00f6ra en po\u00e4ng om tro av detta som sker. \u00a0En del av oss kanske gjort just det som Jesus s\u00e4ger. Beg\u00e4rt tecken och under f\u00f6r att kunna tro. Jag vet i alla fall att jag ibland bett s\u00e5dana b\u00f6ner, \u201dGud, om du bara kunde g\u00f6ra det h\u00e4r, d\u00e5 skulle jag ta det som ett tecken att jag kan tro p\u00e5 dig\u201d. Jesus verkar inte s\u00e4rskilt f\u00f6rtjust i att bli behandlad p\u00e5 det s\u00e4ttet.<\/p>\n<p>Jag vet inte hur mannen med den sjuke sonen k\u00e4nde sig d\u00e5. Han kanske mest ville v\u00e4nda och g\u00e5 hem, men hans n\u00f6d var stor och s\u00e5 blev det ist\u00e4llet s\u00e5 att han fick komma med sin \u00f6nskan till Jesus en g\u00e5ng till, \u00e4nnu tydligare. Jesus, jag vill att du g\u00f6r min son frisk. Inte f\u00f6r att s\u00e4tta dig p\u00e5 prov men f\u00f6r att det \u00e4r v\u00e4ldigt viktigt f\u00f6r mig. Jag t\u00e4nker mig att det \u00e4r som att han f\u00e5r flytta sig lite l\u00e4ngre ut p\u00e5 isen, v\u00e5ga visa sig lite mer f\u00f6r Jesus. Visa sina behov och sin s\u00e5rbarhet. Och Jesus skickar hem honom. Han g\u00e5r hem och barnet \u00e4r friskt och s\u00e5 st\u00e5r det att han och hela hans familj kom till tro p\u00e5 Jesus. Kanske \u00e4r vandringen hem ocks\u00e5 en slags pr\u00f6vning. Han har att tro p\u00e5 det han \u00e4nnu inte sett. Talade Jesus sanning? Lite l\u00e4ngre ut p\u00e5 isen.<\/p>\n<p>Jag \u00e4r v\u00e4ldigt f\u00f6rtjust i ber\u00e4ttelsen om Naaman. Den \u00e4r nerkortad h\u00e4r s\u00e5 g\u00e5 g\u00e4rna hem och l\u00e4s alltihop. Det \u00e4r s\u00e5 m\u00e5nga detaljer som \u00e4r v\u00e4rda att s\u00e4ga n\u00e5got om men det ska jag f\u00f6rs\u00f6ka l\u00e5ta bli. Sj\u00e4lva storyn \u00e4r i alla fall att Naaman som \u00e4r fr\u00e5n fj\u00e4rran land h\u00f6rt om Israels Gud och chansar p\u00e5 att han kan hj\u00e4lpa honom med hans spet\u00e4lska. Han blir ocks\u00e5 lite konstigt bem\u00f6tt av Elisha. Inte s\u00e5 som en viktig man f\u00f6rtj\u00e4nar. En tj\u00e4nare ger en h\u00e4lsning bara. Om att han ska bada i Jordan. Dopets flod f\u00f6r \u00f6vrigt, eller hur? Naaman blir f\u00f6rn\u00e4rmad och v\u00e4grar g\u00f6ra som han sagt. Det \u00e4r ett v\u00e4ldigt sp\u00e4nnande samtal han f\u00f6r med sin tj\u00e4nare. Han har en bild av hur det borde g\u00e5 till, profeten borde g\u00f6ra lite magiska gester och h\u00f6ga rop s\u00e5 skulle det liksom k\u00e4nnas som att det g\u00e5r r\u00e4tt till. Och s\u00e5 verkar det f\u00f6r l\u00e4tt att bara bada. Precis s\u00e5 kan man k\u00e4nna om ett och annat i den kristna tron. Ska det r\u00e4cka att jag f\u00e5r vara med f\u00f6r att jag blivit d\u00f6pt med lite vatten innan jag ens visste n\u00e5t? Att Jesus gjort allt i mitt st\u00e4lle? Och man kan ha alla m\u00f6jliga slag f\u00f6rv\u00e4ntningar om tro. Hur man tror att det borde vara med mig om jag var en riktig kristen. Hur man borde k\u00e4nna sig och s\u00e5. Det d\u00e4r med fel f\u00f6rv\u00e4ntningar \u00e4r en d\u00e5lig grej \u00f6verlag i livet och i trons v\u00e4rld ocks\u00e5. Jesus s\u00e4ger inget om att man ska k\u00e4nna sig p\u00e5 n\u00e5got s\u00e4rskilt vis f\u00f6r att man \u00e4r med honom. Det \u00e4r lite som att det blir problem f\u00f6rr eller senare om vi tr\u00e4ffar en ny k\u00e4rlek och tror att det \u00e4r n\u00e5got fel den dagen vi inte k\u00e4nner oss j\u00e4ttebubbliga i magen l\u00e4ngre.<\/p>\n<p>Naaman f\u00e5r liksom ocks\u00e5 v\u00e5ga sig l\u00e4ngre ut p\u00e5 isen f\u00f6r att trons landskap ser lite annorlunda ut \u00e4n han tror. Det slutar bra f\u00f6r b\u00e5de honom och mannen i evangeliet. Det de \u00e4r med om g\u00f6r att de \u201dkommer till tro\u201d som det st\u00e5r. Naaman har ju rent tekniskt g\u00e5tt samma v\u00e4g som Israels folk genom att bada i Jordan s\u00e5 man kan t\u00e4nka att han blir en av dem som tillh\u00f6r samma Gud. \u00c4mbetsmannen omv\u00e4nder sig med hela sin familj. Det \u00e4r m\u00e5nga olika inneb\u00f6rder av tro som \u00e4r med i allt detta. F\u00f6rst och fr\u00e4mst att ha tilltro s\u00e5 att man v\u00e4nder sig till Jesus med sina bekymmer. Sedan att v\u00e5ga g\u00e5 djupare in i trons landskap som inte riktigt ser ut som vi tror. Och s\u00e5 slutligen att h\u00f6ra ihop med Jesus.<\/p>\n<p>&nbsp;<\/p>\n<p>&nbsp;<\/p>\n","protected":false},"excerpt":{"rendered":"<p>&nbsp; H\u00e4r \u00e4r min predikan fr\u00e5n i s\u00f6ndags. Jag m\u00e5ste ber\u00e4tta en rolig sak f\u00f6rst. Det har varit enormt mycket folk i Ulricehamn (d\u00e4r jag bor) i helgen f\u00f6r att v\u00e4rldskuppen i skidor haft en t\u00e4vling h\u00e4r. Roligt p\u00e5 alla s\u00e4tt \u00e4ven om jag inte varit d\u00e4r och sett p\u00e5 plats. P\u00e5 l\u00f6rdagskv\u00e4llen kom s\u00e5 [&hellip;]<\/p>\n","protected":false},"author":392,"featured_media":0,"comment_status":"open","ping_status":"open","sticky":false,"template":"","format":"standard","meta":{"_acf_changed":false,"footnotes":""},"categories":[76189,114],"tags":[],"class_list":["post-5403","post","type-post","status-publish","format-standard","hentry","category-dagens-kyrka","category-predikan"],"acf":[],"yoast_head":"<!-- This site is optimized with the Yoast SEO plugin v27.1.1 - https:\/\/yoast.com\/product\/yoast-seo-wordpress\/ -->\n<title>Att tro \u00e4r som att g\u00e5 p\u00e5 dalstorpasj\u00f6n - Vandra V\u00e4gen<\/title>\n<meta name=\"robots\" content=\"index, follow, max-snippet:-1, max-image-preview:large, max-video-preview:-1\" \/>\n<link rel=\"canonical\" href=\"https:\/\/blogg.svenskakyrkan.se\/vandravagen\/2017\/01\/24\/att-tro-ar-som-att-ga-pa-dalstorpasjon\/\" \/>\n<meta property=\"og:locale\" content=\"sv_SE\" \/>\n<meta property=\"og:type\" content=\"article\" \/>\n<meta property=\"og:title\" content=\"Att tro \u00e4r som att g\u00e5 p\u00e5 dalstorpasj\u00f6n - Vandra V\u00e4gen\" \/>\n<meta property=\"og:description\" content=\"&nbsp; H\u00e4r \u00e4r min predikan fr\u00e5n i s\u00f6ndags. Jag m\u00e5ste ber\u00e4tta en rolig sak f\u00f6rst. Det har varit enormt mycket folk i Ulricehamn (d\u00e4r jag bor) i helgen f\u00f6r att v\u00e4rldskuppen i skidor haft en t\u00e4vling h\u00e4r. Roligt p\u00e5 alla s\u00e4tt \u00e4ven om jag inte varit d\u00e4r och sett p\u00e5 plats. P\u00e5 l\u00f6rdagskv\u00e4llen kom s\u00e5 [&hellip;]\" \/>\n<meta property=\"og:url\" content=\"https:\/\/blogg.svenskakyrkan.se\/vandravagen\/2017\/01\/24\/att-tro-ar-som-att-ga-pa-dalstorpasjon\/\" \/>\n<meta property=\"og:site_name\" content=\"Vandra V\u00e4gen\" \/>\n<meta property=\"article:publisher\" content=\"http:\/\/facebook.com\/vandravagen\" \/>\n<meta property=\"article:published_time\" content=\"2017-01-24T06:00:37+00:00\" \/>\n<meta property=\"og:image\" content=\"http:\/\/blogg.svenskakyrkan.se\/vandravagen\/files\/2017\/01\/IMG_1083.jpg\" \/>\n<meta name=\"author\" content=\"Tomas Jarvid\" \/>\n<meta name=\"twitter:card\" content=\"summary_large_image\" \/>\n<meta name=\"twitter:creator\" content=\"@fadertomas\" \/>\n<meta name=\"twitter:site\" content=\"@fadertomas\" \/>\n<meta name=\"twitter:label1\" content=\"Skriven av\" \/>\n\t<meta name=\"twitter:data1\" content=\"Tomas Jarvid\" \/>\n\t<meta name=\"twitter:label2\" content=\"Ber\u00e4knad l\u00e4stid\" \/>\n\t<meta name=\"twitter:data2\" content=\"9 minuter\" \/>\n<script type=\"application\/ld+json\" class=\"yoast-schema-graph\">{\"@context\":\"https:\/\/schema.org\",\"@graph\":[{\"@type\":\"Article\",\"@id\":\"https:\/\/blogg.svenskakyrkan.se\/vandravagen\/2017\/01\/24\/att-tro-ar-som-att-ga-pa-dalstorpasjon\/#article\",\"isPartOf\":{\"@id\":\"https:\/\/blogg.svenskakyrkan.se\/vandravagen\/2017\/01\/24\/att-tro-ar-som-att-ga-pa-dalstorpasjon\/\"},\"author\":{\"name\":\"Tomas Jarvid\",\"@id\":\"https:\/\/blogg.svenskakyrkan.se\/vandravagen\/#\/schema\/person\/25da02d4f76b137d04291711e2c9fc16\"},\"headline\":\"Att tro \u00e4r som att g\u00e5 p\u00e5 dalstorpasj\u00f6n\",\"datePublished\":\"2017-01-24T06:00:37+00:00\",\"mainEntityOfPage\":{\"@id\":\"https:\/\/blogg.svenskakyrkan.se\/vandravagen\/2017\/01\/24\/att-tro-ar-som-att-ga-pa-dalstorpasjon\/\"},\"wordCount\":1859,\"commentCount\":7,\"publisher\":{\"@id\":\"https:\/\/blogg.svenskakyrkan.se\/vandravagen\/#organization\"},\"image\":{\"@id\":\"https:\/\/blogg.svenskakyrkan.se\/vandravagen\/2017\/01\/24\/att-tro-ar-som-att-ga-pa-dalstorpasjon\/#primaryimage\"},\"thumbnailUrl\":\"http:\/\/blogg.svenskakyrkan.se\/vandravagen\/files\/2017\/01\/IMG_1083.jpg\",\"articleSection\":[\"Dagens Kyrka\",\"predikan\"],\"inLanguage\":\"sv-SE\",\"potentialAction\":[{\"@type\":\"CommentAction\",\"name\":\"Comment\",\"target\":[\"https:\/\/blogg.svenskakyrkan.se\/vandravagen\/2017\/01\/24\/att-tro-ar-som-att-ga-pa-dalstorpasjon\/#respond\"]}]},{\"@type\":\"WebPage\",\"@id\":\"https:\/\/blogg.svenskakyrkan.se\/vandravagen\/2017\/01\/24\/att-tro-ar-som-att-ga-pa-dalstorpasjon\/\",\"url\":\"https:\/\/blogg.svenskakyrkan.se\/vandravagen\/2017\/01\/24\/att-tro-ar-som-att-ga-pa-dalstorpasjon\/\",\"name\":\"Att tro \u00e4r som att g\u00e5 p\u00e5 dalstorpasj\u00f6n - Vandra V\u00e4gen\",\"isPartOf\":{\"@id\":\"https:\/\/blogg.svenskakyrkan.se\/vandravagen\/#website\"},\"primaryImageOfPage\":{\"@id\":\"https:\/\/blogg.svenskakyrkan.se\/vandravagen\/2017\/01\/24\/att-tro-ar-som-att-ga-pa-dalstorpasjon\/#primaryimage\"},\"image\":{\"@id\":\"https:\/\/blogg.svenskakyrkan.se\/vandravagen\/2017\/01\/24\/att-tro-ar-som-att-ga-pa-dalstorpasjon\/#primaryimage\"},\"thumbnailUrl\":\"http:\/\/blogg.svenskakyrkan.se\/vandravagen\/files\/2017\/01\/IMG_1083.jpg\",\"datePublished\":\"2017-01-24T06:00:37+00:00\",\"breadcrumb\":{\"@id\":\"https:\/\/blogg.svenskakyrkan.se\/vandravagen\/2017\/01\/24\/att-tro-ar-som-att-ga-pa-dalstorpasjon\/#breadcrumb\"},\"inLanguage\":\"sv-SE\",\"potentialAction\":[{\"@type\":\"ReadAction\",\"target\":[\"https:\/\/blogg.svenskakyrkan.se\/vandravagen\/2017\/01\/24\/att-tro-ar-som-att-ga-pa-dalstorpasjon\/\"]}]},{\"@type\":\"ImageObject\",\"inLanguage\":\"sv-SE\",\"@id\":\"https:\/\/blogg.svenskakyrkan.se\/vandravagen\/2017\/01\/24\/att-tro-ar-som-att-ga-pa-dalstorpasjon\/#primaryimage\",\"url\":\"http:\/\/blogg.svenskakyrkan.se\/vandravagen\/files\/2017\/01\/IMG_1083.jpg\",\"contentUrl\":\"http:\/\/blogg.svenskakyrkan.se\/vandravagen\/files\/2017\/01\/IMG_1083.jpg\"},{\"@type\":\"BreadcrumbList\",\"@id\":\"https:\/\/blogg.svenskakyrkan.se\/vandravagen\/2017\/01\/24\/att-tro-ar-som-att-ga-pa-dalstorpasjon\/#breadcrumb\",\"itemListElement\":[{\"@type\":\"ListItem\",\"position\":1,\"name\":\"Hem\",\"item\":\"https:\/\/blogg.svenskakyrkan.se\/vandravagen\/\"},{\"@type\":\"ListItem\",\"position\":2,\"name\":\"Att tro \u00e4r som att g\u00e5 p\u00e5 dalstorpasj\u00f6n\"}]},{\"@type\":\"WebSite\",\"@id\":\"https:\/\/blogg.svenskakyrkan.se\/vandravagen\/#website\",\"url\":\"https:\/\/blogg.svenskakyrkan.se\/vandravagen\/\",\"name\":\"Vandra V\u00e4gen\",\"description\":\"-Mot en tro f\u00f6r hela livet\",\"publisher\":{\"@id\":\"https:\/\/blogg.svenskakyrkan.se\/vandravagen\/#organization\"},\"potentialAction\":[{\"@type\":\"SearchAction\",\"target\":{\"@type\":\"EntryPoint\",\"urlTemplate\":\"https:\/\/blogg.svenskakyrkan.se\/vandravagen\/?s={search_term_string}\"},\"query-input\":{\"@type\":\"PropertyValueSpecification\",\"valueRequired\":true,\"valueName\":\"search_term_string\"}}],\"inLanguage\":\"sv-SE\"},{\"@type\":\"Organization\",\"@id\":\"https:\/\/blogg.svenskakyrkan.se\/vandravagen\/#organization\",\"name\":\"ulricehamns pastorat\",\"alternateName\":\"ulricehamns pastorat\",\"url\":\"https:\/\/blogg.svenskakyrkan.se\/vandravagen\/\",\"logo\":{\"@type\":\"ImageObject\",\"inLanguage\":\"sv-SE\",\"@id\":\"https:\/\/blogg.svenskakyrkan.se\/vandravagen\/#\/schema\/logo\/image\/\",\"url\":\"https:\/\/blogg.svenskakyrkan.se\/vandravagen\/files\/2023\/05\/Ulr_logo_RGB.png\",\"contentUrl\":\"https:\/\/blogg.svenskakyrkan.se\/vandravagen\/files\/2023\/05\/Ulr_logo_RGB.png\",\"width\":205,\"height\":77,\"caption\":\"ulricehamns pastorat\"},\"image\":{\"@id\":\"https:\/\/blogg.svenskakyrkan.se\/vandravagen\/#\/schema\/logo\/image\/\"},\"sameAs\":[\"http:\/\/facebook.com\/vandravagen\",\"https:\/\/x.com\/fadertomas\",\"http:\/\/www.facebook.com\/svenskakyrkaniulricehamn\"]},{\"@type\":\"Person\",\"@id\":\"https:\/\/blogg.svenskakyrkan.se\/vandravagen\/#\/schema\/person\/25da02d4f76b137d04291711e2c9fc16\",\"name\":\"Tomas Jarvid\",\"image\":{\"@type\":\"ImageObject\",\"inLanguage\":\"sv-SE\",\"@id\":\"https:\/\/blogg.svenskakyrkan.se\/vandravagen\/#\/schema\/person\/image\/\",\"url\":\"https:\/\/secure.gravatar.com\/avatar\/7fa71899795e8f540f615a1f5ab25255dc27aa40f05ee7ddd21aac521e01bf50?s=96&d=identicon&r=g\",\"contentUrl\":\"https:\/\/secure.gravatar.com\/avatar\/7fa71899795e8f540f615a1f5ab25255dc27aa40f05ee7ddd21aac521e01bf50?s=96&d=identicon&r=g\",\"caption\":\"Tomas Jarvid\"},\"description\":\"Jag bor i Ulricehamn i V\u00e4sterg\u00f6tland och \u00e4r f\u00f6rsamlingspr\u00e4st i Svenska Kyrkan f\u00f6r Dalstorps f\u00f6rsamling i Kinds pastorat. P\u00e5 den h\u00e4r bloggen skriver jag ner tankar om vandringen som kristen.\",\"sameAs\":[\"http:\/\/www.vandravagen.se\"],\"url\":\"https:\/\/blogg.svenskakyrkan.se\/vandravagen\/author\/vandravagen\/\"}]}<\/script>\n<!-- \/ Yoast SEO plugin. -->","yoast_head_json":{"title":"Att tro \u00e4r som att g\u00e5 p\u00e5 dalstorpasj\u00f6n - Vandra V\u00e4gen","robots":{"index":"index","follow":"follow","max-snippet":"max-snippet:-1","max-image-preview":"max-image-preview:large","max-video-preview":"max-video-preview:-1"},"canonical":"https:\/\/blogg.svenskakyrkan.se\/vandravagen\/2017\/01\/24\/att-tro-ar-som-att-ga-pa-dalstorpasjon\/","og_locale":"sv_SE","og_type":"article","og_title":"Att tro \u00e4r som att g\u00e5 p\u00e5 dalstorpasj\u00f6n - Vandra V\u00e4gen","og_description":"&nbsp; H\u00e4r \u00e4r min predikan fr\u00e5n i s\u00f6ndags. Jag m\u00e5ste ber\u00e4tta en rolig sak f\u00f6rst. Det har varit enormt mycket folk i Ulricehamn (d\u00e4r jag bor) i helgen f\u00f6r att v\u00e4rldskuppen i skidor haft en t\u00e4vling h\u00e4r. Roligt p\u00e5 alla s\u00e4tt \u00e4ven om jag inte varit d\u00e4r och sett p\u00e5 plats. P\u00e5 l\u00f6rdagskv\u00e4llen kom s\u00e5 [&hellip;]","og_url":"https:\/\/blogg.svenskakyrkan.se\/vandravagen\/2017\/01\/24\/att-tro-ar-som-att-ga-pa-dalstorpasjon\/","og_site_name":"Vandra V\u00e4gen","article_publisher":"http:\/\/facebook.com\/vandravagen","article_published_time":"2017-01-24T06:00:37+00:00","og_image":[{"url":"http:\/\/blogg.svenskakyrkan.se\/vandravagen\/files\/2017\/01\/IMG_1083.jpg","type":"","width":"","height":""}],"author":"Tomas Jarvid","twitter_card":"summary_large_image","twitter_creator":"@fadertomas","twitter_site":"@fadertomas","twitter_misc":{"Skriven av":"Tomas Jarvid","Ber\u00e4knad l\u00e4stid":"9 minuter"},"schema":{"@context":"https:\/\/schema.org","@graph":[{"@type":"Article","@id":"https:\/\/blogg.svenskakyrkan.se\/vandravagen\/2017\/01\/24\/att-tro-ar-som-att-ga-pa-dalstorpasjon\/#article","isPartOf":{"@id":"https:\/\/blogg.svenskakyrkan.se\/vandravagen\/2017\/01\/24\/att-tro-ar-som-att-ga-pa-dalstorpasjon\/"},"author":{"name":"Tomas Jarvid","@id":"https:\/\/blogg.svenskakyrkan.se\/vandravagen\/#\/schema\/person\/25da02d4f76b137d04291711e2c9fc16"},"headline":"Att tro \u00e4r som att g\u00e5 p\u00e5 dalstorpasj\u00f6n","datePublished":"2017-01-24T06:00:37+00:00","mainEntityOfPage":{"@id":"https:\/\/blogg.svenskakyrkan.se\/vandravagen\/2017\/01\/24\/att-tro-ar-som-att-ga-pa-dalstorpasjon\/"},"wordCount":1859,"commentCount":7,"publisher":{"@id":"https:\/\/blogg.svenskakyrkan.se\/vandravagen\/#organization"},"image":{"@id":"https:\/\/blogg.svenskakyrkan.se\/vandravagen\/2017\/01\/24\/att-tro-ar-som-att-ga-pa-dalstorpasjon\/#primaryimage"},"thumbnailUrl":"http:\/\/blogg.svenskakyrkan.se\/vandravagen\/files\/2017\/01\/IMG_1083.jpg","articleSection":["Dagens Kyrka","predikan"],"inLanguage":"sv-SE","potentialAction":[{"@type":"CommentAction","name":"Comment","target":["https:\/\/blogg.svenskakyrkan.se\/vandravagen\/2017\/01\/24\/att-tro-ar-som-att-ga-pa-dalstorpasjon\/#respond"]}]},{"@type":"WebPage","@id":"https:\/\/blogg.svenskakyrkan.se\/vandravagen\/2017\/01\/24\/att-tro-ar-som-att-ga-pa-dalstorpasjon\/","url":"https:\/\/blogg.svenskakyrkan.se\/vandravagen\/2017\/01\/24\/att-tro-ar-som-att-ga-pa-dalstorpasjon\/","name":"Att tro \u00e4r som att g\u00e5 p\u00e5 dalstorpasj\u00f6n - Vandra V\u00e4gen","isPartOf":{"@id":"https:\/\/blogg.svenskakyrkan.se\/vandravagen\/#website"},"primaryImageOfPage":{"@id":"https:\/\/blogg.svenskakyrkan.se\/vandravagen\/2017\/01\/24\/att-tro-ar-som-att-ga-pa-dalstorpasjon\/#primaryimage"},"image":{"@id":"https:\/\/blogg.svenskakyrkan.se\/vandravagen\/2017\/01\/24\/att-tro-ar-som-att-ga-pa-dalstorpasjon\/#primaryimage"},"thumbnailUrl":"http:\/\/blogg.svenskakyrkan.se\/vandravagen\/files\/2017\/01\/IMG_1083.jpg","datePublished":"2017-01-24T06:00:37+00:00","breadcrumb":{"@id":"https:\/\/blogg.svenskakyrkan.se\/vandravagen\/2017\/01\/24\/att-tro-ar-som-att-ga-pa-dalstorpasjon\/#breadcrumb"},"inLanguage":"sv-SE","potentialAction":[{"@type":"ReadAction","target":["https:\/\/blogg.svenskakyrkan.se\/vandravagen\/2017\/01\/24\/att-tro-ar-som-att-ga-pa-dalstorpasjon\/"]}]},{"@type":"ImageObject","inLanguage":"sv-SE","@id":"https:\/\/blogg.svenskakyrkan.se\/vandravagen\/2017\/01\/24\/att-tro-ar-som-att-ga-pa-dalstorpasjon\/#primaryimage","url":"http:\/\/blogg.svenskakyrkan.se\/vandravagen\/files\/2017\/01\/IMG_1083.jpg","contentUrl":"http:\/\/blogg.svenskakyrkan.se\/vandravagen\/files\/2017\/01\/IMG_1083.jpg"},{"@type":"BreadcrumbList","@id":"https:\/\/blogg.svenskakyrkan.se\/vandravagen\/2017\/01\/24\/att-tro-ar-som-att-ga-pa-dalstorpasjon\/#breadcrumb","itemListElement":[{"@type":"ListItem","position":1,"name":"Hem","item":"https:\/\/blogg.svenskakyrkan.se\/vandravagen\/"},{"@type":"ListItem","position":2,"name":"Att tro \u00e4r som att g\u00e5 p\u00e5 dalstorpasj\u00f6n"}]},{"@type":"WebSite","@id":"https:\/\/blogg.svenskakyrkan.se\/vandravagen\/#website","url":"https:\/\/blogg.svenskakyrkan.se\/vandravagen\/","name":"Vandra V\u00e4gen","description":"-Mot en tro f\u00f6r hela livet","publisher":{"@id":"https:\/\/blogg.svenskakyrkan.se\/vandravagen\/#organization"},"potentialAction":[{"@type":"SearchAction","target":{"@type":"EntryPoint","urlTemplate":"https:\/\/blogg.svenskakyrkan.se\/vandravagen\/?s={search_term_string}"},"query-input":{"@type":"PropertyValueSpecification","valueRequired":true,"valueName":"search_term_string"}}],"inLanguage":"sv-SE"},{"@type":"Organization","@id":"https:\/\/blogg.svenskakyrkan.se\/vandravagen\/#organization","name":"ulricehamns pastorat","alternateName":"ulricehamns pastorat","url":"https:\/\/blogg.svenskakyrkan.se\/vandravagen\/","logo":{"@type":"ImageObject","inLanguage":"sv-SE","@id":"https:\/\/blogg.svenskakyrkan.se\/vandravagen\/#\/schema\/logo\/image\/","url":"https:\/\/blogg.svenskakyrkan.se\/vandravagen\/files\/2023\/05\/Ulr_logo_RGB.png","contentUrl":"https:\/\/blogg.svenskakyrkan.se\/vandravagen\/files\/2023\/05\/Ulr_logo_RGB.png","width":205,"height":77,"caption":"ulricehamns pastorat"},"image":{"@id":"https:\/\/blogg.svenskakyrkan.se\/vandravagen\/#\/schema\/logo\/image\/"},"sameAs":["http:\/\/facebook.com\/vandravagen","https:\/\/x.com\/fadertomas","http:\/\/www.facebook.com\/svenskakyrkaniulricehamn"]},{"@type":"Person","@id":"https:\/\/blogg.svenskakyrkan.se\/vandravagen\/#\/schema\/person\/25da02d4f76b137d04291711e2c9fc16","name":"Tomas Jarvid","image":{"@type":"ImageObject","inLanguage":"sv-SE","@id":"https:\/\/blogg.svenskakyrkan.se\/vandravagen\/#\/schema\/person\/image\/","url":"https:\/\/secure.gravatar.com\/avatar\/7fa71899795e8f540f615a1f5ab25255dc27aa40f05ee7ddd21aac521e01bf50?s=96&d=identicon&r=g","contentUrl":"https:\/\/secure.gravatar.com\/avatar\/7fa71899795e8f540f615a1f5ab25255dc27aa40f05ee7ddd21aac521e01bf50?s=96&d=identicon&r=g","caption":"Tomas Jarvid"},"description":"Jag bor i Ulricehamn i V\u00e4sterg\u00f6tland och \u00e4r f\u00f6rsamlingspr\u00e4st i Svenska Kyrkan f\u00f6r Dalstorps f\u00f6rsamling i Kinds pastorat. P\u00e5 den h\u00e4r bloggen skriver jag ner tankar om vandringen som kristen.","sameAs":["http:\/\/www.vandravagen.se"],"url":"https:\/\/blogg.svenskakyrkan.se\/vandravagen\/author\/vandravagen\/"}]}},"author_meta":{"ID":"392","user_nicename":"vandravagen","user_url":"http:\/\/www.vandravagen.se","user_registered":"2014-05-19 05:44:52","display_name":"Tomas Jarvid","first_name":"Tomas","last_name":"Jarvid","avatar":"https:\/\/secure.gravatar.com\/avatar\/7fa71899795e8f540f615a1f5ab25255dc27aa40f05ee7ddd21aac521e01bf50?s=96&d=identicon&r=g"},"featured_image":false,"bloginfo":{"name":"Vandra V\u00e4gen","url":"https:\/\/blogg.svenskakyrkan.se\/vandravagen"},"_links":{"self":[{"href":"https:\/\/blogg.svenskakyrkan.se\/vandravagen\/wp-json\/wp\/v2\/posts\/5403","targetHints":{"allow":["GET"]}}],"collection":[{"href":"https:\/\/blogg.svenskakyrkan.se\/vandravagen\/wp-json\/wp\/v2\/posts"}],"about":[{"href":"https:\/\/blogg.svenskakyrkan.se\/vandravagen\/wp-json\/wp\/v2\/types\/post"}],"author":[{"embeddable":true,"href":"https:\/\/blogg.svenskakyrkan.se\/vandravagen\/wp-json\/wp\/v2\/users\/392"}],"replies":[{"embeddable":true,"href":"https:\/\/blogg.svenskakyrkan.se\/vandravagen\/wp-json\/wp\/v2\/comments?post=5403"}],"version-history":[{"count":3,"href":"https:\/\/blogg.svenskakyrkan.se\/vandravagen\/wp-json\/wp\/v2\/posts\/5403\/revisions"}],"predecessor-version":[{"id":5407,"href":"https:\/\/blogg.svenskakyrkan.se\/vandravagen\/wp-json\/wp\/v2\/posts\/5403\/revisions\/5407"}],"wp:attachment":[{"href":"https:\/\/blogg.svenskakyrkan.se\/vandravagen\/wp-json\/wp\/v2\/media?parent=5403"}],"wp:term":[{"taxonomy":"category","embeddable":true,"href":"https:\/\/blogg.svenskakyrkan.se\/vandravagen\/wp-json\/wp\/v2\/categories?post=5403"},{"taxonomy":"post_tag","embeddable":true,"href":"https:\/\/blogg.svenskakyrkan.se\/vandravagen\/wp-json\/wp\/v2\/tags?post=5403"}],"curies":[{"name":"wp","href":"https:\/\/api.w.org\/{rel}","templated":true}]}}