{"id":541,"date":"2013-05-31T08:28:00","date_gmt":"2013-05-31T06:28:00","guid":{"rendered":"http:\/\/blogg.svenskakyrkan.se\/vandravagen\/2013\/05\/31\/sta-helenas-pilgrimsfard\/"},"modified":"2013-05-31T08:28:00","modified_gmt":"2013-05-31T06:28:00","slug":"sta-helenas-pilgrimsfard","status":"publish","type":"post","link":"https:\/\/blogg.svenskakyrkan.se\/vandravagen\/2013\/05\/31\/sta-helenas-pilgrimsfard\/","title":{"rendered":"S:ta Helenas pilgrimsf\u00e4rd"},"content":{"rendered":"<p>Jag jobbar p\u00e5 ett sp\u00e4nnande projekt kring sankta Helenas pilgrimsf\u00e4rd till Jerusalem p\u00e5 1100-talet. Mer info kommer men jag kan s\u00e4ga att det \u00e4r ett r\u00e4tt udda pilgrimsprojekt. Det ing\u00e5r l\u00f6st som del i det leaderprojekt som G\u00f6tene f\u00f6rsamling delar med studief\u00f6rbund, f\u00f6reningsliv och kommun i G\u00f6tene. L\u00e4s mer p\u00e5 <a href=\"http:\/\/sanktahelena.se\/\">sanktahelena.se<\/a>.<\/p>\n<table align=\"center\" cellpadding=\"0\" cellspacing=\"0\">\n<tbody>\n<tr>\n<td><a href=\"http:\/\/4.bp.blogspot.com\/-4g7g5DmgoOw\/UaWgE20OW8I\/AAAAAAAADog\/tJA3TOnR0uU\/s1600\/Sankta+helena+pilgrim.jpg\"><img loading=\"lazy\" decoding=\"async\" alt=\"sankta birgitta och katarina i G\u00f6tene kyrka\" border=\"0\" height=\"320\" src=\"http:\/\/4.bp.blogspot.com\/-4g7g5DmgoOw\/UaWgE20OW8I\/AAAAAAAADog\/tJA3TOnR0uU\/s400\/Sankta+helena+pilgrim.jpg\" title=\"sankta Helena som pilgrim\" width=\"400\"><\/a><\/td>\n<\/tr>\n<tr>\n<td>Sankta Helena (t.v), sankta Birgitta och sankta Katarina avbildade i G\u00f6tene kyrka<\/td>\n<\/tr>\n<\/tbody>\n<\/table>\n<p>Jag vill f\u00f6rst ber\u00e4tta lite om Helenas pilgrimsresa s\u00e5 kommer det mer om projektet s\u00e5 sm\u00e5ningom. Jag t\u00e4nkte ocks\u00e5 \u00e5terkomma med nedslag i den medeltida pilgrimsf\u00e4rden s\u00e5som avf\u00e4rd, ankomst och s\u00e5 vidare. H\u00e4r kommer lite om den tid det var d\u00e5 Helena gjorde sin pilgrimsf\u00e4rd.<\/p>\n<p>Det var vanligare \u00e4n vi kanske tror med pilgrimsf\u00e4rder till det heliga landet p\u00e5 1100-talet. De blev snabbt mer popul\u00e4ra i den v\u00e4stliga delen av Kyrkan efter \u00e5r 1099 d\u00e5 korsfarararm\u00e9erna er\u00f6vrade Jerusalem (och st\u00e4llde till blodbad). I samband med det fick Jerusalem en latinsk (romersk-katolsk kanske man kan s\u00e4ga) patriark och fick en tydligare plats p\u00e5 den kyrkliga kartan i v\u00e4st.<\/p>\n<p>Enligt legenden dog sankta Helena i samband med invigningen av G\u00f6tene kyrka. Stockar i G\u00f6tene kyrka har med dendrokronologi visat sig ha blivit f\u00e4llda \u00e5r 1125 och d\u00e4refter beh\u00f6vde de torka l\u00e5ngsamt. F\u00f6rmodligen skedde invigningen kring \u00e5r 1140. Om Helena dog vid invigningen skedde det allts\u00e5 n\u00e5gon g\u00e5ng mellan strax f\u00f6re 1130 och \u00e5r 1140. Och precis efter att ha kommit hem fr\u00e5n sin pilgrimsf\u00e4rd. Hur l\u00e5ng tid resan tog vet jag inte men det b\u00f6r ha tagit \u00e5ratal.<\/p>\n<p>Vi vet inte varf\u00f6r Helena gjorde en s\u00e5 l\u00e5ng resa. Vi tror att hon gav sig av i tumultet efter hennes sv\u00e4rsons d\u00f6d. Antingen f\u00f6r att fly undan falska anklagelser och hoppas att sanningen skulle komma fram under de \u00e5r hon var borta, eller f\u00f6r att hon faktiskt hade n\u00e5got med mordet att g\u00f6ra och gjorde vandringen som botg\u00f6ring. Det g\u00e5r som sagt inte att veta.<\/p>\n<p>Om du l\u00e4st Jan Guillos Arn-b\u00f6cker har du n\u00e5gon slags bild av hur Jerusalem gestaltade sig vid denna tid. I romanerna kommer Arn till Jerusalem inte l\u00e5ngt efter Helenas resa; n\u00e5gon g\u00e5ng efter 1066. Tr\u00e5kigt nog har inte Guillo skrivit in Helena i b\u00f6ckerna, det borde varit l\u00e4tt att g\u00f6ra n\u00e5gon slags h\u00e4nvisning \u00e4ven om hon dog n\u00e5gra \u00e5r innan b\u00f6ckernas handling utspelar sig.<\/p>\n<p>Helena blev tidigt ett av Sveriges viktigaste helgon. I skara stift var hon ett av de allra mest v\u00f6rdade och finns avbildad p\u00e5 en rad platser. Enligt brynolfs officium r\u00e4knades hon bland landets skyddspatroner.<\/p>\n<p>F\u00f6r en modern pilgrim \u00e4r det roligt att tre pilgrimer har en s\u00e5 framtr\u00e4dande plats i m\u00e5lningarna i G\u00f6tene kyrka.<\/p>\n","protected":false},"excerpt":{"rendered":"<p>Jag jobbar p\u00e5 ett sp\u00e4nnande projekt kring sankta Helenas pilgrimsf\u00e4rd till Jerusalem p\u00e5 1100-talet. Mer info kommer men jag kan s\u00e4ga att det \u00e4r ett r\u00e4tt udda pilgrimsprojekt. Det ing\u00e5r l\u00f6st som del i det leaderprojekt som G\u00f6tene f\u00f6rsamling delar med studief\u00f6rbund, f\u00f6reningsliv och kommun i G\u00f6tene. L\u00e4s mer p\u00e5 sanktahelena.se. Sankta Helena (t.v), sankta [&hellip;]<\/p>\n","protected":false},"author":392,"featured_media":0,"comment_status":"open","ping_status":"open","sticky":false,"template":"","format":"standard","meta":{"_acf_changed":false,"footnotes":""},"categories":[8337,8331],"tags":[],"class_list":["post-541","post","type-post","status-publish","format-standard","hentry","category-historia","category-pilgrim"],"acf":[],"yoast_head":"<!-- This site is optimized with the Yoast SEO plugin v27.1.1 - https:\/\/yoast.com\/product\/yoast-seo-wordpress\/ -->\n<title>S:ta Helenas pilgrimsf\u00e4rd - Vandra V\u00e4gen<\/title>\n<meta name=\"robots\" content=\"index, follow, max-snippet:-1, max-image-preview:large, max-video-preview:-1\" \/>\n<link rel=\"canonical\" href=\"https:\/\/blogg.svenskakyrkan.se\/vandravagen\/2013\/05\/31\/sta-helenas-pilgrimsfard\/\" \/>\n<meta property=\"og:locale\" content=\"sv_SE\" \/>\n<meta property=\"og:type\" content=\"article\" \/>\n<meta property=\"og:title\" content=\"S:ta Helenas pilgrimsf\u00e4rd - Vandra V\u00e4gen\" \/>\n<meta property=\"og:description\" content=\"Jag jobbar p\u00e5 ett sp\u00e4nnande projekt kring sankta Helenas pilgrimsf\u00e4rd till Jerusalem p\u00e5 1100-talet. Mer info kommer men jag kan s\u00e4ga att det \u00e4r ett r\u00e4tt udda pilgrimsprojekt. Det ing\u00e5r l\u00f6st som del i det leaderprojekt som G\u00f6tene f\u00f6rsamling delar med studief\u00f6rbund, f\u00f6reningsliv och kommun i G\u00f6tene. L\u00e4s mer p\u00e5 sanktahelena.se. Sankta Helena (t.v), sankta [&hellip;]\" \/>\n<meta property=\"og:url\" content=\"https:\/\/blogg.svenskakyrkan.se\/vandravagen\/2013\/05\/31\/sta-helenas-pilgrimsfard\/\" \/>\n<meta property=\"og:site_name\" content=\"Vandra V\u00e4gen\" \/>\n<meta property=\"article:publisher\" content=\"http:\/\/facebook.com\/vandravagen\" \/>\n<meta property=\"article:published_time\" content=\"2013-05-31T06:28:00+00:00\" \/>\n<meta property=\"og:image\" content=\"http:\/\/4.bp.blogspot.com\/-4g7g5DmgoOw\/UaWgE20OW8I\/AAAAAAAADog\/tJA3TOnR0uU\/s400\/Sankta+helena+pilgrim.jpg\" \/>\n<meta name=\"author\" content=\"Tomas Jarvid\" \/>\n<meta name=\"twitter:card\" content=\"summary_large_image\" \/>\n<meta name=\"twitter:creator\" content=\"@fadertomas\" \/>\n<meta name=\"twitter:site\" content=\"@fadertomas\" \/>\n<meta name=\"twitter:label1\" content=\"Skriven av\" \/>\n\t<meta name=\"twitter:data1\" content=\"Tomas Jarvid\" \/>\n\t<meta name=\"twitter:label2\" content=\"Ber\u00e4knad l\u00e4stid\" \/>\n\t<meta name=\"twitter:data2\" content=\"3 minuter\" \/>\n<script type=\"application\/ld+json\" class=\"yoast-schema-graph\">{\"@context\":\"https:\/\/schema.org\",\"@graph\":[{\"@type\":\"Article\",\"@id\":\"https:\/\/blogg.svenskakyrkan.se\/vandravagen\/2013\/05\/31\/sta-helenas-pilgrimsfard\/#article\",\"isPartOf\":{\"@id\":\"https:\/\/blogg.svenskakyrkan.se\/vandravagen\/2013\/05\/31\/sta-helenas-pilgrimsfard\/\"},\"author\":{\"name\":\"Tomas Jarvid\",\"@id\":\"https:\/\/blogg.svenskakyrkan.se\/vandravagen\/#\/schema\/person\/25da02d4f76b137d04291711e2c9fc16\"},\"headline\":\"S:ta Helenas pilgrimsf\u00e4rd\",\"datePublished\":\"2013-05-31T06:28:00+00:00\",\"mainEntityOfPage\":{\"@id\":\"https:\/\/blogg.svenskakyrkan.se\/vandravagen\/2013\/05\/31\/sta-helenas-pilgrimsfard\/\"},\"wordCount\":508,\"commentCount\":0,\"publisher\":{\"@id\":\"https:\/\/blogg.svenskakyrkan.se\/vandravagen\/#organization\"},\"image\":{\"@id\":\"https:\/\/blogg.svenskakyrkan.se\/vandravagen\/2013\/05\/31\/sta-helenas-pilgrimsfard\/#primaryimage\"},\"thumbnailUrl\":\"http:\/\/4.bp.blogspot.com\/-4g7g5DmgoOw\/UaWgE20OW8I\/AAAAAAAADog\/tJA3TOnR0uU\/s400\/Sankta+helena+pilgrim.jpg\",\"articleSection\":[\"historia\",\"pilgrim\"],\"inLanguage\":\"sv-SE\",\"potentialAction\":[{\"@type\":\"CommentAction\",\"name\":\"Comment\",\"target\":[\"https:\/\/blogg.svenskakyrkan.se\/vandravagen\/2013\/05\/31\/sta-helenas-pilgrimsfard\/#respond\"]}]},{\"@type\":\"WebPage\",\"@id\":\"https:\/\/blogg.svenskakyrkan.se\/vandravagen\/2013\/05\/31\/sta-helenas-pilgrimsfard\/\",\"url\":\"https:\/\/blogg.svenskakyrkan.se\/vandravagen\/2013\/05\/31\/sta-helenas-pilgrimsfard\/\",\"name\":\"S:ta Helenas pilgrimsf\u00e4rd - Vandra V\u00e4gen\",\"isPartOf\":{\"@id\":\"https:\/\/blogg.svenskakyrkan.se\/vandravagen\/#website\"},\"primaryImageOfPage\":{\"@id\":\"https:\/\/blogg.svenskakyrkan.se\/vandravagen\/2013\/05\/31\/sta-helenas-pilgrimsfard\/#primaryimage\"},\"image\":{\"@id\":\"https:\/\/blogg.svenskakyrkan.se\/vandravagen\/2013\/05\/31\/sta-helenas-pilgrimsfard\/#primaryimage\"},\"thumbnailUrl\":\"http:\/\/4.bp.blogspot.com\/-4g7g5DmgoOw\/UaWgE20OW8I\/AAAAAAAADog\/tJA3TOnR0uU\/s400\/Sankta+helena+pilgrim.jpg\",\"datePublished\":\"2013-05-31T06:28:00+00:00\",\"breadcrumb\":{\"@id\":\"https:\/\/blogg.svenskakyrkan.se\/vandravagen\/2013\/05\/31\/sta-helenas-pilgrimsfard\/#breadcrumb\"},\"inLanguage\":\"sv-SE\",\"potentialAction\":[{\"@type\":\"ReadAction\",\"target\":[\"https:\/\/blogg.svenskakyrkan.se\/vandravagen\/2013\/05\/31\/sta-helenas-pilgrimsfard\/\"]}]},{\"@type\":\"ImageObject\",\"inLanguage\":\"sv-SE\",\"@id\":\"https:\/\/blogg.svenskakyrkan.se\/vandravagen\/2013\/05\/31\/sta-helenas-pilgrimsfard\/#primaryimage\",\"url\":\"http:\/\/4.bp.blogspot.com\/-4g7g5DmgoOw\/UaWgE20OW8I\/AAAAAAAADog\/tJA3TOnR0uU\/s400\/Sankta+helena+pilgrim.jpg\",\"contentUrl\":\"http:\/\/4.bp.blogspot.com\/-4g7g5DmgoOw\/UaWgE20OW8I\/AAAAAAAADog\/tJA3TOnR0uU\/s400\/Sankta+helena+pilgrim.jpg\"},{\"@type\":\"BreadcrumbList\",\"@id\":\"https:\/\/blogg.svenskakyrkan.se\/vandravagen\/2013\/05\/31\/sta-helenas-pilgrimsfard\/#breadcrumb\",\"itemListElement\":[{\"@type\":\"ListItem\",\"position\":1,\"name\":\"Hem\",\"item\":\"https:\/\/blogg.svenskakyrkan.se\/vandravagen\/\"},{\"@type\":\"ListItem\",\"position\":2,\"name\":\"S:ta Helenas pilgrimsf\u00e4rd\"}]},{\"@type\":\"WebSite\",\"@id\":\"https:\/\/blogg.svenskakyrkan.se\/vandravagen\/#website\",\"url\":\"https:\/\/blogg.svenskakyrkan.se\/vandravagen\/\",\"name\":\"Vandra V\u00e4gen\",\"description\":\"-Mot en tro f\u00f6r hela livet\",\"publisher\":{\"@id\":\"https:\/\/blogg.svenskakyrkan.se\/vandravagen\/#organization\"},\"potentialAction\":[{\"@type\":\"SearchAction\",\"target\":{\"@type\":\"EntryPoint\",\"urlTemplate\":\"https:\/\/blogg.svenskakyrkan.se\/vandravagen\/?s={search_term_string}\"},\"query-input\":{\"@type\":\"PropertyValueSpecification\",\"valueRequired\":true,\"valueName\":\"search_term_string\"}}],\"inLanguage\":\"sv-SE\"},{\"@type\":\"Organization\",\"@id\":\"https:\/\/blogg.svenskakyrkan.se\/vandravagen\/#organization\",\"name\":\"ulricehamns pastorat\",\"alternateName\":\"ulricehamns pastorat\",\"url\":\"https:\/\/blogg.svenskakyrkan.se\/vandravagen\/\",\"logo\":{\"@type\":\"ImageObject\",\"inLanguage\":\"sv-SE\",\"@id\":\"https:\/\/blogg.svenskakyrkan.se\/vandravagen\/#\/schema\/logo\/image\/\",\"url\":\"https:\/\/blogg.svenskakyrkan.se\/vandravagen\/files\/2023\/05\/Ulr_logo_RGB.png\",\"contentUrl\":\"https:\/\/blogg.svenskakyrkan.se\/vandravagen\/files\/2023\/05\/Ulr_logo_RGB.png\",\"width\":205,\"height\":77,\"caption\":\"ulricehamns pastorat\"},\"image\":{\"@id\":\"https:\/\/blogg.svenskakyrkan.se\/vandravagen\/#\/schema\/logo\/image\/\"},\"sameAs\":[\"http:\/\/facebook.com\/vandravagen\",\"https:\/\/x.com\/fadertomas\",\"http:\/\/www.facebook.com\/svenskakyrkaniulricehamn\"]},{\"@type\":\"Person\",\"@id\":\"https:\/\/blogg.svenskakyrkan.se\/vandravagen\/#\/schema\/person\/25da02d4f76b137d04291711e2c9fc16\",\"name\":\"Tomas Jarvid\",\"image\":{\"@type\":\"ImageObject\",\"inLanguage\":\"sv-SE\",\"@id\":\"https:\/\/blogg.svenskakyrkan.se\/vandravagen\/#\/schema\/person\/image\/\",\"url\":\"https:\/\/secure.gravatar.com\/avatar\/7fa71899795e8f540f615a1f5ab25255dc27aa40f05ee7ddd21aac521e01bf50?s=96&d=identicon&r=g\",\"contentUrl\":\"https:\/\/secure.gravatar.com\/avatar\/7fa71899795e8f540f615a1f5ab25255dc27aa40f05ee7ddd21aac521e01bf50?s=96&d=identicon&r=g\",\"caption\":\"Tomas Jarvid\"},\"description\":\"Jag bor i Ulricehamn i V\u00e4sterg\u00f6tland och \u00e4r f\u00f6rsamlingspr\u00e4st i Svenska Kyrkan f\u00f6r Dalstorps f\u00f6rsamling i Kinds pastorat. P\u00e5 den h\u00e4r bloggen skriver jag ner tankar om vandringen som kristen.\",\"sameAs\":[\"http:\/\/www.vandravagen.se\"],\"url\":\"https:\/\/blogg.svenskakyrkan.se\/vandravagen\/author\/vandravagen\/\"}]}<\/script>\n<!-- \/ Yoast SEO plugin. -->","yoast_head_json":{"title":"S:ta Helenas pilgrimsf\u00e4rd - Vandra V\u00e4gen","robots":{"index":"index","follow":"follow","max-snippet":"max-snippet:-1","max-image-preview":"max-image-preview:large","max-video-preview":"max-video-preview:-1"},"canonical":"https:\/\/blogg.svenskakyrkan.se\/vandravagen\/2013\/05\/31\/sta-helenas-pilgrimsfard\/","og_locale":"sv_SE","og_type":"article","og_title":"S:ta Helenas pilgrimsf\u00e4rd - Vandra V\u00e4gen","og_description":"Jag jobbar p\u00e5 ett sp\u00e4nnande projekt kring sankta Helenas pilgrimsf\u00e4rd till Jerusalem p\u00e5 1100-talet. Mer info kommer men jag kan s\u00e4ga att det \u00e4r ett r\u00e4tt udda pilgrimsprojekt. Det ing\u00e5r l\u00f6st som del i det leaderprojekt som G\u00f6tene f\u00f6rsamling delar med studief\u00f6rbund, f\u00f6reningsliv och kommun i G\u00f6tene. L\u00e4s mer p\u00e5 sanktahelena.se. Sankta Helena (t.v), sankta [&hellip;]","og_url":"https:\/\/blogg.svenskakyrkan.se\/vandravagen\/2013\/05\/31\/sta-helenas-pilgrimsfard\/","og_site_name":"Vandra V\u00e4gen","article_publisher":"http:\/\/facebook.com\/vandravagen","article_published_time":"2013-05-31T06:28:00+00:00","og_image":[{"url":"http:\/\/4.bp.blogspot.com\/-4g7g5DmgoOw\/UaWgE20OW8I\/AAAAAAAADog\/tJA3TOnR0uU\/s400\/Sankta+helena+pilgrim.jpg","type":"","width":"","height":""}],"author":"Tomas Jarvid","twitter_card":"summary_large_image","twitter_creator":"@fadertomas","twitter_site":"@fadertomas","twitter_misc":{"Skriven av":"Tomas Jarvid","Ber\u00e4knad l\u00e4stid":"3 minuter"},"schema":{"@context":"https:\/\/schema.org","@graph":[{"@type":"Article","@id":"https:\/\/blogg.svenskakyrkan.se\/vandravagen\/2013\/05\/31\/sta-helenas-pilgrimsfard\/#article","isPartOf":{"@id":"https:\/\/blogg.svenskakyrkan.se\/vandravagen\/2013\/05\/31\/sta-helenas-pilgrimsfard\/"},"author":{"name":"Tomas Jarvid","@id":"https:\/\/blogg.svenskakyrkan.se\/vandravagen\/#\/schema\/person\/25da02d4f76b137d04291711e2c9fc16"},"headline":"S:ta Helenas pilgrimsf\u00e4rd","datePublished":"2013-05-31T06:28:00+00:00","mainEntityOfPage":{"@id":"https:\/\/blogg.svenskakyrkan.se\/vandravagen\/2013\/05\/31\/sta-helenas-pilgrimsfard\/"},"wordCount":508,"commentCount":0,"publisher":{"@id":"https:\/\/blogg.svenskakyrkan.se\/vandravagen\/#organization"},"image":{"@id":"https:\/\/blogg.svenskakyrkan.se\/vandravagen\/2013\/05\/31\/sta-helenas-pilgrimsfard\/#primaryimage"},"thumbnailUrl":"http:\/\/4.bp.blogspot.com\/-4g7g5DmgoOw\/UaWgE20OW8I\/AAAAAAAADog\/tJA3TOnR0uU\/s400\/Sankta+helena+pilgrim.jpg","articleSection":["historia","pilgrim"],"inLanguage":"sv-SE","potentialAction":[{"@type":"CommentAction","name":"Comment","target":["https:\/\/blogg.svenskakyrkan.se\/vandravagen\/2013\/05\/31\/sta-helenas-pilgrimsfard\/#respond"]}]},{"@type":"WebPage","@id":"https:\/\/blogg.svenskakyrkan.se\/vandravagen\/2013\/05\/31\/sta-helenas-pilgrimsfard\/","url":"https:\/\/blogg.svenskakyrkan.se\/vandravagen\/2013\/05\/31\/sta-helenas-pilgrimsfard\/","name":"S:ta Helenas pilgrimsf\u00e4rd - Vandra V\u00e4gen","isPartOf":{"@id":"https:\/\/blogg.svenskakyrkan.se\/vandravagen\/#website"},"primaryImageOfPage":{"@id":"https:\/\/blogg.svenskakyrkan.se\/vandravagen\/2013\/05\/31\/sta-helenas-pilgrimsfard\/#primaryimage"},"image":{"@id":"https:\/\/blogg.svenskakyrkan.se\/vandravagen\/2013\/05\/31\/sta-helenas-pilgrimsfard\/#primaryimage"},"thumbnailUrl":"http:\/\/4.bp.blogspot.com\/-4g7g5DmgoOw\/UaWgE20OW8I\/AAAAAAAADog\/tJA3TOnR0uU\/s400\/Sankta+helena+pilgrim.jpg","datePublished":"2013-05-31T06:28:00+00:00","breadcrumb":{"@id":"https:\/\/blogg.svenskakyrkan.se\/vandravagen\/2013\/05\/31\/sta-helenas-pilgrimsfard\/#breadcrumb"},"inLanguage":"sv-SE","potentialAction":[{"@type":"ReadAction","target":["https:\/\/blogg.svenskakyrkan.se\/vandravagen\/2013\/05\/31\/sta-helenas-pilgrimsfard\/"]}]},{"@type":"ImageObject","inLanguage":"sv-SE","@id":"https:\/\/blogg.svenskakyrkan.se\/vandravagen\/2013\/05\/31\/sta-helenas-pilgrimsfard\/#primaryimage","url":"http:\/\/4.bp.blogspot.com\/-4g7g5DmgoOw\/UaWgE20OW8I\/AAAAAAAADog\/tJA3TOnR0uU\/s400\/Sankta+helena+pilgrim.jpg","contentUrl":"http:\/\/4.bp.blogspot.com\/-4g7g5DmgoOw\/UaWgE20OW8I\/AAAAAAAADog\/tJA3TOnR0uU\/s400\/Sankta+helena+pilgrim.jpg"},{"@type":"BreadcrumbList","@id":"https:\/\/blogg.svenskakyrkan.se\/vandravagen\/2013\/05\/31\/sta-helenas-pilgrimsfard\/#breadcrumb","itemListElement":[{"@type":"ListItem","position":1,"name":"Hem","item":"https:\/\/blogg.svenskakyrkan.se\/vandravagen\/"},{"@type":"ListItem","position":2,"name":"S:ta Helenas pilgrimsf\u00e4rd"}]},{"@type":"WebSite","@id":"https:\/\/blogg.svenskakyrkan.se\/vandravagen\/#website","url":"https:\/\/blogg.svenskakyrkan.se\/vandravagen\/","name":"Vandra V\u00e4gen","description":"-Mot en tro f\u00f6r hela livet","publisher":{"@id":"https:\/\/blogg.svenskakyrkan.se\/vandravagen\/#organization"},"potentialAction":[{"@type":"SearchAction","target":{"@type":"EntryPoint","urlTemplate":"https:\/\/blogg.svenskakyrkan.se\/vandravagen\/?s={search_term_string}"},"query-input":{"@type":"PropertyValueSpecification","valueRequired":true,"valueName":"search_term_string"}}],"inLanguage":"sv-SE"},{"@type":"Organization","@id":"https:\/\/blogg.svenskakyrkan.se\/vandravagen\/#organization","name":"ulricehamns pastorat","alternateName":"ulricehamns pastorat","url":"https:\/\/blogg.svenskakyrkan.se\/vandravagen\/","logo":{"@type":"ImageObject","inLanguage":"sv-SE","@id":"https:\/\/blogg.svenskakyrkan.se\/vandravagen\/#\/schema\/logo\/image\/","url":"https:\/\/blogg.svenskakyrkan.se\/vandravagen\/files\/2023\/05\/Ulr_logo_RGB.png","contentUrl":"https:\/\/blogg.svenskakyrkan.se\/vandravagen\/files\/2023\/05\/Ulr_logo_RGB.png","width":205,"height":77,"caption":"ulricehamns pastorat"},"image":{"@id":"https:\/\/blogg.svenskakyrkan.se\/vandravagen\/#\/schema\/logo\/image\/"},"sameAs":["http:\/\/facebook.com\/vandravagen","https:\/\/x.com\/fadertomas","http:\/\/www.facebook.com\/svenskakyrkaniulricehamn"]},{"@type":"Person","@id":"https:\/\/blogg.svenskakyrkan.se\/vandravagen\/#\/schema\/person\/25da02d4f76b137d04291711e2c9fc16","name":"Tomas Jarvid","image":{"@type":"ImageObject","inLanguage":"sv-SE","@id":"https:\/\/blogg.svenskakyrkan.se\/vandravagen\/#\/schema\/person\/image\/","url":"https:\/\/secure.gravatar.com\/avatar\/7fa71899795e8f540f615a1f5ab25255dc27aa40f05ee7ddd21aac521e01bf50?s=96&d=identicon&r=g","contentUrl":"https:\/\/secure.gravatar.com\/avatar\/7fa71899795e8f540f615a1f5ab25255dc27aa40f05ee7ddd21aac521e01bf50?s=96&d=identicon&r=g","caption":"Tomas Jarvid"},"description":"Jag bor i Ulricehamn i V\u00e4sterg\u00f6tland och \u00e4r f\u00f6rsamlingspr\u00e4st i Svenska Kyrkan f\u00f6r Dalstorps f\u00f6rsamling i Kinds pastorat. P\u00e5 den h\u00e4r bloggen skriver jag ner tankar om vandringen som kristen.","sameAs":["http:\/\/www.vandravagen.se"],"url":"https:\/\/blogg.svenskakyrkan.se\/vandravagen\/author\/vandravagen\/"}]}},"author_meta":{"ID":"392","user_nicename":"vandravagen","user_url":"http:\/\/www.vandravagen.se","user_registered":"2014-05-19 05:44:52","display_name":"Tomas Jarvid","first_name":"Tomas","last_name":"Jarvid","avatar":"https:\/\/secure.gravatar.com\/avatar\/7fa71899795e8f540f615a1f5ab25255dc27aa40f05ee7ddd21aac521e01bf50?s=96&d=identicon&r=g"},"featured_image":false,"bloginfo":{"name":"Vandra V\u00e4gen","url":"https:\/\/blogg.svenskakyrkan.se\/vandravagen"},"_links":{"self":[{"href":"https:\/\/blogg.svenskakyrkan.se\/vandravagen\/wp-json\/wp\/v2\/posts\/541","targetHints":{"allow":["GET"]}}],"collection":[{"href":"https:\/\/blogg.svenskakyrkan.se\/vandravagen\/wp-json\/wp\/v2\/posts"}],"about":[{"href":"https:\/\/blogg.svenskakyrkan.se\/vandravagen\/wp-json\/wp\/v2\/types\/post"}],"author":[{"embeddable":true,"href":"https:\/\/blogg.svenskakyrkan.se\/vandravagen\/wp-json\/wp\/v2\/users\/392"}],"replies":[{"embeddable":true,"href":"https:\/\/blogg.svenskakyrkan.se\/vandravagen\/wp-json\/wp\/v2\/comments?post=541"}],"version-history":[{"count":0,"href":"https:\/\/blogg.svenskakyrkan.se\/vandravagen\/wp-json\/wp\/v2\/posts\/541\/revisions"}],"wp:attachment":[{"href":"https:\/\/blogg.svenskakyrkan.se\/vandravagen\/wp-json\/wp\/v2\/media?parent=541"}],"wp:term":[{"taxonomy":"category","embeddable":true,"href":"https:\/\/blogg.svenskakyrkan.se\/vandravagen\/wp-json\/wp\/v2\/categories?post=541"},{"taxonomy":"post_tag","embeddable":true,"href":"https:\/\/blogg.svenskakyrkan.se\/vandravagen\/wp-json\/wp\/v2\/tags?post=541"}],"curies":[{"name":"wp","href":"https:\/\/api.w.org\/{rel}","templated":true}]}}