{"id":5419,"date":"2017-02-10T07:00:29","date_gmt":"2017-02-10T06:00:29","guid":{"rendered":"http:\/\/blogg.svenskakyrkan.se\/vandravagen\/?p=5419"},"modified":"2017-02-09T11:34:53","modified_gmt":"2017-02-09T10:34:53","slug":"luther-i-sverige","status":"publish","type":"post","link":"https:\/\/blogg.svenskakyrkan.se\/vandravagen\/2017\/02\/10\/luther-i-sverige\/","title":{"rendered":"Luther i Sverige"},"content":{"rendered":"<div id=\"attachment_5449\" style=\"width: 4042px\" class=\"wp-caption aligncenter\"><a href=\"http:\/\/blogg.svenskakyrkan.se\/vandravagen\/files\/2017\/01\/Foto-2017-02-02-21-24-12.jpg\"><img loading=\"lazy\" decoding=\"async\" aria-describedby=\"caption-attachment-5449\" class=\"size-full wp-image-5449\" src=\"http:\/\/blogg.svenskakyrkan.se\/vandravagen\/files\/2017\/01\/Foto-2017-02-02-21-24-12.jpg\" alt=\"En svensk Luther!\" width=\"4032\" height=\"3024\" srcset=\"https:\/\/blogg.svenskakyrkan.se\/vandravagen\/files\/2017\/01\/Foto-2017-02-02-21-24-12.jpg 4032w, https:\/\/blogg.svenskakyrkan.se\/vandravagen\/files\/2017\/01\/Foto-2017-02-02-21-24-12-300x225.jpg 300w, https:\/\/blogg.svenskakyrkan.se\/vandravagen\/files\/2017\/01\/Foto-2017-02-02-21-24-12-1024x768.jpg 1024w, https:\/\/blogg.svenskakyrkan.se\/vandravagen\/files\/2017\/01\/Foto-2017-02-02-21-24-12-400x300.jpg 400w\" sizes=\"auto, (max-width: 4032px) 100vw, 4032px\" \/><\/a><p id=\"caption-attachment-5449\" class=\"wp-caption-text\">En svensk Luther!<\/p><\/div>\n<p>Idag har jag \u00f6verraskande saker att ber\u00e4tta om Luthers historia i Sverige. Inte s\u00e5 att Martin Luther har varit h\u00e4r personligen men man brukar ju s\u00e4ga att Sverige \u00e4r eller har varit ett Lutherskt land. Det jag vill s\u00e4ga \u00e4r att det nog inte \u00e4r som man tror med den saken. (tack till Birgit Stolts fantastiska bok &#8221;Luther sj\u00e4lv&#8221; f\u00f6r inneh\u00e5llet i dagens bloggpost).<\/p>\n<p>Luther var inte alls n\u00e5got stort namn n\u00e4r reformationen kom till Sverige. Visserligen hade de svenska reformatorerna varit i l\u00e4ra i Wittenberg och kanske suttit vid b\u00e5de Luthers bord och vid hans kateder men reformationen i Sverige var mest av allt av politisk art, det teologiska inneh\u00e5llet var st\u00e4llt i skymundan.<\/p>\n<p>Kung Gustav Vasa var helt med p\u00e5 noterna n\u00e4r han f\u00f6rstod att det fanns m\u00f6jlighet att ta makten \u00f6ver kyrkan och dess egendom men han tyckte att det bara beh\u00f6vdes en hj\u00e4lte i den historien, n\u00e4mligen han sj\u00e4lv. N\u00e4r den tyska bibeln (Luthers \u00f6vers\u00e4ttning) kom p\u00e5 svenska fick den d\u00e4rf\u00f6r ist\u00e4llet heta &#8221;Gustav Vasas bibel&#8221;. Och Gustav Vasa gjorde stor sak av att han var den som befriat Sverige fr\u00e5n dansken, bibeln fr\u00e5n latinet och kyrkan fr\u00e5n p\u00e5ven. Sen bel\u00f6nade han sig sj\u00e4lv genom att r\u00f6ja bort allt ur det finaste koret i Uppsala domkyrka som var helgat \u00e5t Maria, och avs\u00e4tta det till gravplats \u00e5t sig sj\u00e4lv&#8230;<\/p>\n<p>Det var\u00a0mycket i kyrkan som f\u00f6rblev som det varit. Tyska lutheraner som kommer till Sverige har alltj\u00e4mt sv\u00e5rt att tro att vi verkligen \u00e4r lutheraner vi ocks\u00e5, eftersom allt i kyrkorum och gudstj\u00e4nster ser s\u00e5 katolskt ut i deras \u00f6gon. De starka svenska b\u00f6nderna var inte heller sugna p\u00e5 att n\u00e5gon skulle komma och ber\u00e4tta f\u00f6r dem vad de skulle tro p\u00e5 och man ville verkligen inte riskera att Gud blev vred och sk\u00f6rden slog fel om man br\u00f6t med gamla seder och b\u00f6rjade fira gudstj\u00e4nsten annorlunda. Det har ofta sagts att reformationen i Sverige var n\u00e5gon slags halvmesyr och det ligger nog mycket i det.<\/p>\n<p>Sett med nutida \u00f6gon s\u00e5 har Svenska Kyrkan \u00e4ntligen blivit fri fr\u00e5n staten igen efter m\u00e5nga \u00e5r men det g\u00e5r tr\u00f6gt att hitta ett annat s\u00e4tt att vara p\u00e5, detta m\u00e5ste vi nog f\u00f6rst\u00e5 mot att det finns en otroligt l\u00e5ng tradition i landet om att vilja anv\u00e4nda kyrkan f\u00f6r olika politiska syften. Nu bl\u00e4nger vi alla mot Gustav Vasa f\u00f6r han bidrog mycket.<\/p>\n<p><a href=\"http:\/\/blogg.svenskakyrkan.se\/vandravagen\/files\/2017\/01\/Foto-2017-01-30-12-17-44.jpg\"><img loading=\"lazy\" decoding=\"async\" class=\"aligncenter size-full wp-image-5426\" src=\"http:\/\/blogg.svenskakyrkan.se\/vandravagen\/files\/2017\/01\/Foto-2017-01-30-12-17-44.jpg\" alt=\"Foto 2017-01-30 12 17 44\" width=\"1992\" height=\"1512\" srcset=\"https:\/\/blogg.svenskakyrkan.se\/vandravagen\/files\/2017\/01\/Foto-2017-01-30-12-17-44.jpg 1992w, https:\/\/blogg.svenskakyrkan.se\/vandravagen\/files\/2017\/01\/Foto-2017-01-30-12-17-44-300x228.jpg 300w, https:\/\/blogg.svenskakyrkan.se\/vandravagen\/files\/2017\/01\/Foto-2017-01-30-12-17-44-1024x777.jpg 1024w, https:\/\/blogg.svenskakyrkan.se\/vandravagen\/files\/2017\/01\/Foto-2017-01-30-12-17-44-395x300.jpg 395w\" sizes=\"auto, (max-width: 1992px) 100vw, 1992px\" \/><\/a><\/p>\n<p>Det ni ser h\u00e4r ovan \u00e4r Martin Luthers popularitetskurva genom tiderna i v\u00e5rt land. Martin Luther och hans teologi var l\u00e4nge ganska ok\u00e4nd \u00e4ven i det protestantiska Sverige. Det var inte f\u00f6rr\u00e4n n\u00e4r &#8221;l\u00e4sarna&#8221; i v\u00e4ckelser\u00f6relserna p\u00e5 1800-talet b\u00f6rjade l\u00e4sa Luthers postillor som han sk\u00f6t upp i popularitet. Luthers popularitet var nog som st\u00f6rst n\u00e5gon g\u00e5ng sent 1800-tal. Kurvan \u00e4r s\u00e5d\u00e4r i exakthet men det viktigaste syns i alla fall.<\/p>\n<p>Sedan hade Luther alltj\u00e4mt en hel del anseende en bra bit in p\u00e5 1900-talet men i och med andra v\u00e4rldskriget v\u00e4nde svenskarna ryggen mot allt tyskt och d\u00e5 sveptes han med i fallet. Talar man med \u00e4ldre pr\u00e4ster i Sverige nu s\u00e5 kan de ha g\u00e5tt igenom teologiutbildningen utan att Luther knappt n\u00e4mnts.<\/p>\n<p>Fr\u00e5n 80-talet (om man f\u00e5r tro Birgit Stolt och det vill man g\u00e4rna) s\u00e5 b\u00f6rjade man tala om Luther igen, men enbart neds\u00e4ttande. Det var fr\u00e5n och med nu som man kan ha &#8221;en liten Luther p\u00e5 axeln&#8221; och Luther f\u00f6rknippades mest av allt med tv\u00e5ngsm\u00e4ssig arbetsdisciplin.<\/p>\n<p>Nu f\u00e5r vi hoppas att detta Luther-\u00e5r bereder v\u00e4g f\u00f6r n\u00e5gon slags syntes. S\u00e5 att vi b\u00e5de kan uppskatta den sp\u00e4nnande livsber\u00e4ttelsen om Luther, och ha en ganska balanserad syn p\u00e5 vad som verkligen \u00e4r v\u00e4rdefullt och vad man faktiskt ska ifr\u00e5gas\u00e4tta hos honom.<\/p>\n<p>&nbsp;<\/p>\n","protected":false},"excerpt":{"rendered":"<p>Idag har jag \u00f6verraskande saker att ber\u00e4tta om Luthers historia i Sverige. Inte s\u00e5 att Martin Luther har varit h\u00e4r personligen men man brukar ju s\u00e4ga att Sverige \u00e4r eller har varit ett Lutherskt land. Det jag vill s\u00e4ga \u00e4r att det nog inte \u00e4r som man tror med den saken. (tack till Birgit Stolts [&hellip;]<\/p>\n","protected":false},"author":392,"featured_media":0,"comment_status":"open","ping_status":"open","sticky":false,"template":"","format":"standard","meta":{"_acf_changed":false,"footnotes":""},"categories":[76189,8337,28732],"tags":[],"class_list":["post-5419","post","type-post","status-publish","format-standard","hentry","category-dagens-kyrka","category-historia","category-luther"],"acf":[],"yoast_head":"<!-- This site is optimized with the Yoast SEO plugin v27.1.1 - https:\/\/yoast.com\/product\/yoast-seo-wordpress\/ -->\n<title>Luther i Sverige - Vandra V\u00e4gen<\/title>\n<meta name=\"robots\" content=\"index, follow, max-snippet:-1, max-image-preview:large, max-video-preview:-1\" \/>\n<link rel=\"canonical\" href=\"https:\/\/blogg.svenskakyrkan.se\/vandravagen\/2017\/02\/10\/luther-i-sverige\/\" \/>\n<meta property=\"og:locale\" content=\"sv_SE\" \/>\n<meta property=\"og:type\" content=\"article\" \/>\n<meta property=\"og:title\" content=\"Luther i Sverige - Vandra V\u00e4gen\" \/>\n<meta property=\"og:description\" content=\"Idag har jag \u00f6verraskande saker att ber\u00e4tta om Luthers historia i Sverige. Inte s\u00e5 att Martin Luther har varit h\u00e4r personligen men man brukar ju s\u00e4ga att Sverige \u00e4r eller har varit ett Lutherskt land. Det jag vill s\u00e4ga \u00e4r att det nog inte \u00e4r som man tror med den saken. (tack till Birgit Stolts [&hellip;]\" \/>\n<meta property=\"og:url\" content=\"https:\/\/blogg.svenskakyrkan.se\/vandravagen\/2017\/02\/10\/luther-i-sverige\/\" \/>\n<meta property=\"og:site_name\" content=\"Vandra V\u00e4gen\" \/>\n<meta property=\"article:publisher\" content=\"http:\/\/facebook.com\/vandravagen\" \/>\n<meta property=\"article:published_time\" content=\"2017-02-10T06:00:29+00:00\" \/>\n<meta property=\"og:image\" content=\"http:\/\/blogg.svenskakyrkan.se\/vandravagen\/files\/2017\/01\/Foto-2017-02-02-21-24-12.jpg\" \/>\n<meta name=\"author\" content=\"Tomas Jarvid\" \/>\n<meta name=\"twitter:card\" content=\"summary_large_image\" \/>\n<meta name=\"twitter:creator\" content=\"@fadertomas\" \/>\n<meta name=\"twitter:site\" content=\"@fadertomas\" \/>\n<meta name=\"twitter:label1\" content=\"Skriven av\" \/>\n\t<meta name=\"twitter:data1\" content=\"Tomas Jarvid\" \/>\n\t<meta name=\"twitter:label2\" content=\"Ber\u00e4knad l\u00e4stid\" \/>\n\t<meta name=\"twitter:data2\" content=\"4 minuter\" \/>\n<script type=\"application\/ld+json\" class=\"yoast-schema-graph\">{\"@context\":\"https:\/\/schema.org\",\"@graph\":[{\"@type\":\"Article\",\"@id\":\"https:\/\/blogg.svenskakyrkan.se\/vandravagen\/2017\/02\/10\/luther-i-sverige\/#article\",\"isPartOf\":{\"@id\":\"https:\/\/blogg.svenskakyrkan.se\/vandravagen\/2017\/02\/10\/luther-i-sverige\/\"},\"author\":{\"name\":\"Tomas Jarvid\",\"@id\":\"https:\/\/blogg.svenskakyrkan.se\/vandravagen\/#\/schema\/person\/25da02d4f76b137d04291711e2c9fc16\"},\"headline\":\"Luther i Sverige\",\"datePublished\":\"2017-02-10T06:00:29+00:00\",\"mainEntityOfPage\":{\"@id\":\"https:\/\/blogg.svenskakyrkan.se\/vandravagen\/2017\/02\/10\/luther-i-sverige\/\"},\"wordCount\":725,\"commentCount\":4,\"publisher\":{\"@id\":\"https:\/\/blogg.svenskakyrkan.se\/vandravagen\/#organization\"},\"image\":{\"@id\":\"https:\/\/blogg.svenskakyrkan.se\/vandravagen\/2017\/02\/10\/luther-i-sverige\/#primaryimage\"},\"thumbnailUrl\":\"http:\/\/blogg.svenskakyrkan.se\/vandravagen\/files\/2017\/01\/Foto-2017-02-02-21-24-12.jpg\",\"articleSection\":[\"Dagens Kyrka\",\"historia\",\"Luther\"],\"inLanguage\":\"sv-SE\",\"potentialAction\":[{\"@type\":\"CommentAction\",\"name\":\"Comment\",\"target\":[\"https:\/\/blogg.svenskakyrkan.se\/vandravagen\/2017\/02\/10\/luther-i-sverige\/#respond\"]}]},{\"@type\":\"WebPage\",\"@id\":\"https:\/\/blogg.svenskakyrkan.se\/vandravagen\/2017\/02\/10\/luther-i-sverige\/\",\"url\":\"https:\/\/blogg.svenskakyrkan.se\/vandravagen\/2017\/02\/10\/luther-i-sverige\/\",\"name\":\"Luther i Sverige - Vandra V\u00e4gen\",\"isPartOf\":{\"@id\":\"https:\/\/blogg.svenskakyrkan.se\/vandravagen\/#website\"},\"primaryImageOfPage\":{\"@id\":\"https:\/\/blogg.svenskakyrkan.se\/vandravagen\/2017\/02\/10\/luther-i-sverige\/#primaryimage\"},\"image\":{\"@id\":\"https:\/\/blogg.svenskakyrkan.se\/vandravagen\/2017\/02\/10\/luther-i-sverige\/#primaryimage\"},\"thumbnailUrl\":\"http:\/\/blogg.svenskakyrkan.se\/vandravagen\/files\/2017\/01\/Foto-2017-02-02-21-24-12.jpg\",\"datePublished\":\"2017-02-10T06:00:29+00:00\",\"breadcrumb\":{\"@id\":\"https:\/\/blogg.svenskakyrkan.se\/vandravagen\/2017\/02\/10\/luther-i-sverige\/#breadcrumb\"},\"inLanguage\":\"sv-SE\",\"potentialAction\":[{\"@type\":\"ReadAction\",\"target\":[\"https:\/\/blogg.svenskakyrkan.se\/vandravagen\/2017\/02\/10\/luther-i-sverige\/\"]}]},{\"@type\":\"ImageObject\",\"inLanguage\":\"sv-SE\",\"@id\":\"https:\/\/blogg.svenskakyrkan.se\/vandravagen\/2017\/02\/10\/luther-i-sverige\/#primaryimage\",\"url\":\"http:\/\/blogg.svenskakyrkan.se\/vandravagen\/files\/2017\/01\/Foto-2017-02-02-21-24-12.jpg\",\"contentUrl\":\"http:\/\/blogg.svenskakyrkan.se\/vandravagen\/files\/2017\/01\/Foto-2017-02-02-21-24-12.jpg\"},{\"@type\":\"BreadcrumbList\",\"@id\":\"https:\/\/blogg.svenskakyrkan.se\/vandravagen\/2017\/02\/10\/luther-i-sverige\/#breadcrumb\",\"itemListElement\":[{\"@type\":\"ListItem\",\"position\":1,\"name\":\"Hem\",\"item\":\"https:\/\/blogg.svenskakyrkan.se\/vandravagen\/\"},{\"@type\":\"ListItem\",\"position\":2,\"name\":\"Luther i Sverige\"}]},{\"@type\":\"WebSite\",\"@id\":\"https:\/\/blogg.svenskakyrkan.se\/vandravagen\/#website\",\"url\":\"https:\/\/blogg.svenskakyrkan.se\/vandravagen\/\",\"name\":\"Vandra V\u00e4gen\",\"description\":\"-Mot en tro f\u00f6r hela livet\",\"publisher\":{\"@id\":\"https:\/\/blogg.svenskakyrkan.se\/vandravagen\/#organization\"},\"potentialAction\":[{\"@type\":\"SearchAction\",\"target\":{\"@type\":\"EntryPoint\",\"urlTemplate\":\"https:\/\/blogg.svenskakyrkan.se\/vandravagen\/?s={search_term_string}\"},\"query-input\":{\"@type\":\"PropertyValueSpecification\",\"valueRequired\":true,\"valueName\":\"search_term_string\"}}],\"inLanguage\":\"sv-SE\"},{\"@type\":\"Organization\",\"@id\":\"https:\/\/blogg.svenskakyrkan.se\/vandravagen\/#organization\",\"name\":\"ulricehamns pastorat\",\"alternateName\":\"ulricehamns pastorat\",\"url\":\"https:\/\/blogg.svenskakyrkan.se\/vandravagen\/\",\"logo\":{\"@type\":\"ImageObject\",\"inLanguage\":\"sv-SE\",\"@id\":\"https:\/\/blogg.svenskakyrkan.se\/vandravagen\/#\/schema\/logo\/image\/\",\"url\":\"https:\/\/blogg.svenskakyrkan.se\/vandravagen\/files\/2023\/05\/Ulr_logo_RGB.png\",\"contentUrl\":\"https:\/\/blogg.svenskakyrkan.se\/vandravagen\/files\/2023\/05\/Ulr_logo_RGB.png\",\"width\":205,\"height\":77,\"caption\":\"ulricehamns pastorat\"},\"image\":{\"@id\":\"https:\/\/blogg.svenskakyrkan.se\/vandravagen\/#\/schema\/logo\/image\/\"},\"sameAs\":[\"http:\/\/facebook.com\/vandravagen\",\"https:\/\/x.com\/fadertomas\",\"http:\/\/www.facebook.com\/svenskakyrkaniulricehamn\"]},{\"@type\":\"Person\",\"@id\":\"https:\/\/blogg.svenskakyrkan.se\/vandravagen\/#\/schema\/person\/25da02d4f76b137d04291711e2c9fc16\",\"name\":\"Tomas Jarvid\",\"image\":{\"@type\":\"ImageObject\",\"inLanguage\":\"sv-SE\",\"@id\":\"https:\/\/blogg.svenskakyrkan.se\/vandravagen\/#\/schema\/person\/image\/\",\"url\":\"https:\/\/secure.gravatar.com\/avatar\/7fa71899795e8f540f615a1f5ab25255dc27aa40f05ee7ddd21aac521e01bf50?s=96&d=identicon&r=g\",\"contentUrl\":\"https:\/\/secure.gravatar.com\/avatar\/7fa71899795e8f540f615a1f5ab25255dc27aa40f05ee7ddd21aac521e01bf50?s=96&d=identicon&r=g\",\"caption\":\"Tomas Jarvid\"},\"description\":\"Jag bor i Ulricehamn i V\u00e4sterg\u00f6tland och \u00e4r f\u00f6rsamlingspr\u00e4st i Svenska Kyrkan f\u00f6r Dalstorps f\u00f6rsamling i Kinds pastorat. P\u00e5 den h\u00e4r bloggen skriver jag ner tankar om vandringen som kristen.\",\"sameAs\":[\"http:\/\/www.vandravagen.se\"],\"url\":\"https:\/\/blogg.svenskakyrkan.se\/vandravagen\/author\/vandravagen\/\"}]}<\/script>\n<!-- \/ Yoast SEO plugin. -->","yoast_head_json":{"title":"Luther i Sverige - Vandra V\u00e4gen","robots":{"index":"index","follow":"follow","max-snippet":"max-snippet:-1","max-image-preview":"max-image-preview:large","max-video-preview":"max-video-preview:-1"},"canonical":"https:\/\/blogg.svenskakyrkan.se\/vandravagen\/2017\/02\/10\/luther-i-sverige\/","og_locale":"sv_SE","og_type":"article","og_title":"Luther i Sverige - Vandra V\u00e4gen","og_description":"Idag har jag \u00f6verraskande saker att ber\u00e4tta om Luthers historia i Sverige. Inte s\u00e5 att Martin Luther har varit h\u00e4r personligen men man brukar ju s\u00e4ga att Sverige \u00e4r eller har varit ett Lutherskt land. Det jag vill s\u00e4ga \u00e4r att det nog inte \u00e4r som man tror med den saken. (tack till Birgit Stolts [&hellip;]","og_url":"https:\/\/blogg.svenskakyrkan.se\/vandravagen\/2017\/02\/10\/luther-i-sverige\/","og_site_name":"Vandra V\u00e4gen","article_publisher":"http:\/\/facebook.com\/vandravagen","article_published_time":"2017-02-10T06:00:29+00:00","og_image":[{"url":"http:\/\/blogg.svenskakyrkan.se\/vandravagen\/files\/2017\/01\/Foto-2017-02-02-21-24-12.jpg","type":"","width":"","height":""}],"author":"Tomas Jarvid","twitter_card":"summary_large_image","twitter_creator":"@fadertomas","twitter_site":"@fadertomas","twitter_misc":{"Skriven av":"Tomas Jarvid","Ber\u00e4knad l\u00e4stid":"4 minuter"},"schema":{"@context":"https:\/\/schema.org","@graph":[{"@type":"Article","@id":"https:\/\/blogg.svenskakyrkan.se\/vandravagen\/2017\/02\/10\/luther-i-sverige\/#article","isPartOf":{"@id":"https:\/\/blogg.svenskakyrkan.se\/vandravagen\/2017\/02\/10\/luther-i-sverige\/"},"author":{"name":"Tomas Jarvid","@id":"https:\/\/blogg.svenskakyrkan.se\/vandravagen\/#\/schema\/person\/25da02d4f76b137d04291711e2c9fc16"},"headline":"Luther i Sverige","datePublished":"2017-02-10T06:00:29+00:00","mainEntityOfPage":{"@id":"https:\/\/blogg.svenskakyrkan.se\/vandravagen\/2017\/02\/10\/luther-i-sverige\/"},"wordCount":725,"commentCount":4,"publisher":{"@id":"https:\/\/blogg.svenskakyrkan.se\/vandravagen\/#organization"},"image":{"@id":"https:\/\/blogg.svenskakyrkan.se\/vandravagen\/2017\/02\/10\/luther-i-sverige\/#primaryimage"},"thumbnailUrl":"http:\/\/blogg.svenskakyrkan.se\/vandravagen\/files\/2017\/01\/Foto-2017-02-02-21-24-12.jpg","articleSection":["Dagens Kyrka","historia","Luther"],"inLanguage":"sv-SE","potentialAction":[{"@type":"CommentAction","name":"Comment","target":["https:\/\/blogg.svenskakyrkan.se\/vandravagen\/2017\/02\/10\/luther-i-sverige\/#respond"]}]},{"@type":"WebPage","@id":"https:\/\/blogg.svenskakyrkan.se\/vandravagen\/2017\/02\/10\/luther-i-sverige\/","url":"https:\/\/blogg.svenskakyrkan.se\/vandravagen\/2017\/02\/10\/luther-i-sverige\/","name":"Luther i Sverige - Vandra V\u00e4gen","isPartOf":{"@id":"https:\/\/blogg.svenskakyrkan.se\/vandravagen\/#website"},"primaryImageOfPage":{"@id":"https:\/\/blogg.svenskakyrkan.se\/vandravagen\/2017\/02\/10\/luther-i-sverige\/#primaryimage"},"image":{"@id":"https:\/\/blogg.svenskakyrkan.se\/vandravagen\/2017\/02\/10\/luther-i-sverige\/#primaryimage"},"thumbnailUrl":"http:\/\/blogg.svenskakyrkan.se\/vandravagen\/files\/2017\/01\/Foto-2017-02-02-21-24-12.jpg","datePublished":"2017-02-10T06:00:29+00:00","breadcrumb":{"@id":"https:\/\/blogg.svenskakyrkan.se\/vandravagen\/2017\/02\/10\/luther-i-sverige\/#breadcrumb"},"inLanguage":"sv-SE","potentialAction":[{"@type":"ReadAction","target":["https:\/\/blogg.svenskakyrkan.se\/vandravagen\/2017\/02\/10\/luther-i-sverige\/"]}]},{"@type":"ImageObject","inLanguage":"sv-SE","@id":"https:\/\/blogg.svenskakyrkan.se\/vandravagen\/2017\/02\/10\/luther-i-sverige\/#primaryimage","url":"http:\/\/blogg.svenskakyrkan.se\/vandravagen\/files\/2017\/01\/Foto-2017-02-02-21-24-12.jpg","contentUrl":"http:\/\/blogg.svenskakyrkan.se\/vandravagen\/files\/2017\/01\/Foto-2017-02-02-21-24-12.jpg"},{"@type":"BreadcrumbList","@id":"https:\/\/blogg.svenskakyrkan.se\/vandravagen\/2017\/02\/10\/luther-i-sverige\/#breadcrumb","itemListElement":[{"@type":"ListItem","position":1,"name":"Hem","item":"https:\/\/blogg.svenskakyrkan.se\/vandravagen\/"},{"@type":"ListItem","position":2,"name":"Luther i Sverige"}]},{"@type":"WebSite","@id":"https:\/\/blogg.svenskakyrkan.se\/vandravagen\/#website","url":"https:\/\/blogg.svenskakyrkan.se\/vandravagen\/","name":"Vandra V\u00e4gen","description":"-Mot en tro f\u00f6r hela livet","publisher":{"@id":"https:\/\/blogg.svenskakyrkan.se\/vandravagen\/#organization"},"potentialAction":[{"@type":"SearchAction","target":{"@type":"EntryPoint","urlTemplate":"https:\/\/blogg.svenskakyrkan.se\/vandravagen\/?s={search_term_string}"},"query-input":{"@type":"PropertyValueSpecification","valueRequired":true,"valueName":"search_term_string"}}],"inLanguage":"sv-SE"},{"@type":"Organization","@id":"https:\/\/blogg.svenskakyrkan.se\/vandravagen\/#organization","name":"ulricehamns pastorat","alternateName":"ulricehamns pastorat","url":"https:\/\/blogg.svenskakyrkan.se\/vandravagen\/","logo":{"@type":"ImageObject","inLanguage":"sv-SE","@id":"https:\/\/blogg.svenskakyrkan.se\/vandravagen\/#\/schema\/logo\/image\/","url":"https:\/\/blogg.svenskakyrkan.se\/vandravagen\/files\/2023\/05\/Ulr_logo_RGB.png","contentUrl":"https:\/\/blogg.svenskakyrkan.se\/vandravagen\/files\/2023\/05\/Ulr_logo_RGB.png","width":205,"height":77,"caption":"ulricehamns pastorat"},"image":{"@id":"https:\/\/blogg.svenskakyrkan.se\/vandravagen\/#\/schema\/logo\/image\/"},"sameAs":["http:\/\/facebook.com\/vandravagen","https:\/\/x.com\/fadertomas","http:\/\/www.facebook.com\/svenskakyrkaniulricehamn"]},{"@type":"Person","@id":"https:\/\/blogg.svenskakyrkan.se\/vandravagen\/#\/schema\/person\/25da02d4f76b137d04291711e2c9fc16","name":"Tomas Jarvid","image":{"@type":"ImageObject","inLanguage":"sv-SE","@id":"https:\/\/blogg.svenskakyrkan.se\/vandravagen\/#\/schema\/person\/image\/","url":"https:\/\/secure.gravatar.com\/avatar\/7fa71899795e8f540f615a1f5ab25255dc27aa40f05ee7ddd21aac521e01bf50?s=96&d=identicon&r=g","contentUrl":"https:\/\/secure.gravatar.com\/avatar\/7fa71899795e8f540f615a1f5ab25255dc27aa40f05ee7ddd21aac521e01bf50?s=96&d=identicon&r=g","caption":"Tomas Jarvid"},"description":"Jag bor i Ulricehamn i V\u00e4sterg\u00f6tland och \u00e4r f\u00f6rsamlingspr\u00e4st i Svenska Kyrkan f\u00f6r Dalstorps f\u00f6rsamling i Kinds pastorat. P\u00e5 den h\u00e4r bloggen skriver jag ner tankar om vandringen som kristen.","sameAs":["http:\/\/www.vandravagen.se"],"url":"https:\/\/blogg.svenskakyrkan.se\/vandravagen\/author\/vandravagen\/"}]}},"author_meta":{"ID":"392","user_nicename":"vandravagen","user_url":"http:\/\/www.vandravagen.se","user_registered":"2014-05-19 05:44:52","display_name":"Tomas Jarvid","first_name":"Tomas","last_name":"Jarvid","avatar":"https:\/\/secure.gravatar.com\/avatar\/7fa71899795e8f540f615a1f5ab25255dc27aa40f05ee7ddd21aac521e01bf50?s=96&d=identicon&r=g"},"featured_image":false,"bloginfo":{"name":"Vandra V\u00e4gen","url":"https:\/\/blogg.svenskakyrkan.se\/vandravagen"},"_links":{"self":[{"href":"https:\/\/blogg.svenskakyrkan.se\/vandravagen\/wp-json\/wp\/v2\/posts\/5419","targetHints":{"allow":["GET"]}}],"collection":[{"href":"https:\/\/blogg.svenskakyrkan.se\/vandravagen\/wp-json\/wp\/v2\/posts"}],"about":[{"href":"https:\/\/blogg.svenskakyrkan.se\/vandravagen\/wp-json\/wp\/v2\/types\/post"}],"author":[{"embeddable":true,"href":"https:\/\/blogg.svenskakyrkan.se\/vandravagen\/wp-json\/wp\/v2\/users\/392"}],"replies":[{"embeddable":true,"href":"https:\/\/blogg.svenskakyrkan.se\/vandravagen\/wp-json\/wp\/v2\/comments?post=5419"}],"version-history":[{"count":3,"href":"https:\/\/blogg.svenskakyrkan.se\/vandravagen\/wp-json\/wp\/v2\/posts\/5419\/revisions"}],"predecessor-version":[{"id":5450,"href":"https:\/\/blogg.svenskakyrkan.se\/vandravagen\/wp-json\/wp\/v2\/posts\/5419\/revisions\/5450"}],"wp:attachment":[{"href":"https:\/\/blogg.svenskakyrkan.se\/vandravagen\/wp-json\/wp\/v2\/media?parent=5419"}],"wp:term":[{"taxonomy":"category","embeddable":true,"href":"https:\/\/blogg.svenskakyrkan.se\/vandravagen\/wp-json\/wp\/v2\/categories?post=5419"},{"taxonomy":"post_tag","embeddable":true,"href":"https:\/\/blogg.svenskakyrkan.se\/vandravagen\/wp-json\/wp\/v2\/tags?post=5419"}],"curies":[{"name":"wp","href":"https:\/\/api.w.org\/{rel}","templated":true}]}}