{"id":542,"date":"2013-05-30T18:51:00","date_gmt":"2013-05-30T16:51:00","guid":{"rendered":"http:\/\/blogg.svenskakyrkan.se\/vandravagen\/2013\/05\/30\/aftonbon-for-sma-och-stora\/"},"modified":"2013-05-30T18:51:00","modified_gmt":"2013-05-30T16:51:00","slug":"aftonbon-for-sma-och-stora","status":"publish","type":"post","link":"https:\/\/blogg.svenskakyrkan.se\/vandravagen\/2013\/05\/30\/aftonbon-for-sma-och-stora\/","title":{"rendered":"Aftonb\u00f6n f\u00f6r sm\u00e5 och stora"},"content":{"rendered":"<table align=\"center\" cellpadding=\"0\" cellspacing=\"0\">\n<tbody>\n<tr>\n<td><a href=\"http:\/\/2.bp.blogspot.com\/-8QmC0rXC3Pg\/UaeDfFWNQNI\/AAAAAAAADpY\/aPEtNOqJcA8\/s1600\/ljus.jpg\"><img loading=\"lazy\" decoding=\"async\" border=\"0\" height=\"266\" src=\"http:\/\/2.bp.blogspot.com\/-8QmC0rXC3Pg\/UaeDfFWNQNI\/AAAAAAAADpY\/aPEtNOqJcA8\/s400\/ljus.jpg\" width=\"400\"><\/a><\/td>\n<\/tr>\n<tr>\n<td>Ljus i m\u00f6rkret<\/td>\n<\/tr>\n<\/tbody>\n<\/table>\n<p>Jag vill dela n\u00e5gra enkla aftonb\u00f6ner med dig. Enkla men starka ord att f\u00e5 be om aftonen vare sig man \u00e4r barn eller vuxen. Inf\u00f6r Gud \u00e4r vi alla barn, \u00e4ven om vi f\u00f6rst\u00e5s ocks\u00e5 kan vara vuxna barn. Till sina f\u00f6r\u00e4ldrar \u00e4r man ju alltid barn.<\/p>\n<p>Den f\u00f6rsta \u00e4r skriven av Ylva Eggehorn:<\/p>\n<blockquote>\n<p>Nu \u00e4r dagen slut igen.<br \/>Tack, Gud, att du \u00e4r min v\u00e4n.<br \/>Jag ska blunda, men jag ber<br \/>att din varma blick mig ser.<br \/>Amen<\/p>\n<\/blockquote>\n<p>Den andra \u00e4r skriven av Margareta Melin. Faktiskt p\u00e5 uppdrag av Landeryds f\u00f6rsamling d\u00e4r jag arbetat. De ville ha ett alternativ till Gud som haver och fick d\u00e5 denna. Den har samma versm\u00e5tt och g\u00e5r fint att sjunga till melodin till blinka lilla stj\u00e4rna.<\/p>\n<\/p>\n<blockquote>\n<p>Gud som ser och \u00e4lskar s\u00e5,<br \/>se till mig och alla sm\u00e5<br \/>Hj\u00e4lp mig i all n\u00f6d och fara<br \/>l\u00e5t din \u00e4ngel mig bevara,<br \/>du min tillflykt alla dar.<br \/>Du \u00e4r evigt hos mig kvar.<br \/>Amen<\/p>\n<\/blockquote>\n","protected":false},"excerpt":{"rendered":"<p>Ljus i m\u00f6rkret Jag vill dela n\u00e5gra enkla aftonb\u00f6ner med dig. Enkla men starka ord att f\u00e5 be om aftonen vare sig man \u00e4r barn eller vuxen. Inf\u00f6r Gud \u00e4r vi alla barn, \u00e4ven om vi f\u00f6rst\u00e5s ocks\u00e5 kan vara vuxna barn. Till sina f\u00f6r\u00e4ldrar \u00e4r man ju alltid barn. Den f\u00f6rsta \u00e4r skriven av [&hellip;]<\/p>\n","protected":false},"author":392,"featured_media":0,"comment_status":"open","ping_status":"open","sticky":false,"template":"","format":"standard","meta":{"_acf_changed":false,"footnotes":""},"categories":[75887],"tags":[],"class_list":["post-542","post","type-post","status-publish","format-standard","hentry","category-andlighet"],"acf":[],"yoast_head":"<!-- This site is optimized with the Yoast SEO plugin v27.1.1 - https:\/\/yoast.com\/product\/yoast-seo-wordpress\/ -->\n<title>Aftonb\u00f6n f\u00f6r sm\u00e5 och stora - Vandra V\u00e4gen<\/title>\n<meta name=\"robots\" content=\"index, follow, max-snippet:-1, max-image-preview:large, max-video-preview:-1\" \/>\n<link rel=\"canonical\" href=\"https:\/\/blogg.svenskakyrkan.se\/vandravagen\/2013\/05\/30\/aftonbon-for-sma-och-stora\/\" \/>\n<meta property=\"og:locale\" content=\"sv_SE\" \/>\n<meta property=\"og:type\" content=\"article\" \/>\n<meta property=\"og:title\" content=\"Aftonb\u00f6n f\u00f6r sm\u00e5 och stora - Vandra V\u00e4gen\" \/>\n<meta property=\"og:description\" content=\"Ljus i m\u00f6rkret Jag vill dela n\u00e5gra enkla aftonb\u00f6ner med dig. Enkla men starka ord att f\u00e5 be om aftonen vare sig man \u00e4r barn eller vuxen. Inf\u00f6r Gud \u00e4r vi alla barn, \u00e4ven om vi f\u00f6rst\u00e5s ocks\u00e5 kan vara vuxna barn. Till sina f\u00f6r\u00e4ldrar \u00e4r man ju alltid barn. Den f\u00f6rsta \u00e4r skriven av [&hellip;]\" \/>\n<meta property=\"og:url\" content=\"https:\/\/blogg.svenskakyrkan.se\/vandravagen\/2013\/05\/30\/aftonbon-for-sma-och-stora\/\" \/>\n<meta property=\"og:site_name\" content=\"Vandra V\u00e4gen\" \/>\n<meta property=\"article:publisher\" content=\"http:\/\/facebook.com\/vandravagen\" \/>\n<meta property=\"article:published_time\" content=\"2013-05-30T16:51:00+00:00\" \/>\n<meta property=\"og:image\" content=\"http:\/\/2.bp.blogspot.com\/-8QmC0rXC3Pg\/UaeDfFWNQNI\/AAAAAAAADpY\/aPEtNOqJcA8\/s400\/ljus.jpg\" \/>\n<meta name=\"author\" content=\"Tomas Jarvid\" \/>\n<meta name=\"twitter:card\" content=\"summary_large_image\" \/>\n<meta name=\"twitter:creator\" content=\"@fadertomas\" \/>\n<meta name=\"twitter:site\" content=\"@fadertomas\" \/>\n<meta name=\"twitter:label1\" content=\"Skriven av\" \/>\n\t<meta name=\"twitter:data1\" content=\"Tomas Jarvid\" \/>\n\t<meta name=\"twitter:label2\" content=\"Ber\u00e4knad l\u00e4stid\" \/>\n\t<meta name=\"twitter:data2\" content=\"1 minut\" \/>\n<script type=\"application\/ld+json\" class=\"yoast-schema-graph\">{\"@context\":\"https:\/\/schema.org\",\"@graph\":[{\"@type\":\"Article\",\"@id\":\"https:\/\/blogg.svenskakyrkan.se\/vandravagen\/2013\/05\/30\/aftonbon-for-sma-och-stora\/#article\",\"isPartOf\":{\"@id\":\"https:\/\/blogg.svenskakyrkan.se\/vandravagen\/2013\/05\/30\/aftonbon-for-sma-och-stora\/\"},\"author\":{\"name\":\"Tomas Jarvid\",\"@id\":\"https:\/\/blogg.svenskakyrkan.se\/vandravagen\/#\/schema\/person\/25da02d4f76b137d04291711e2c9fc16\"},\"headline\":\"Aftonb\u00f6n f\u00f6r sm\u00e5 och stora\",\"datePublished\":\"2013-05-30T16:51:00+00:00\",\"mainEntityOfPage\":{\"@id\":\"https:\/\/blogg.svenskakyrkan.se\/vandravagen\/2013\/05\/30\/aftonbon-for-sma-och-stora\/\"},\"wordCount\":185,\"commentCount\":1,\"publisher\":{\"@id\":\"https:\/\/blogg.svenskakyrkan.se\/vandravagen\/#organization\"},\"image\":{\"@id\":\"https:\/\/blogg.svenskakyrkan.se\/vandravagen\/2013\/05\/30\/aftonbon-for-sma-och-stora\/#primaryimage\"},\"thumbnailUrl\":\"http:\/\/2.bp.blogspot.com\/-8QmC0rXC3Pg\/UaeDfFWNQNI\/AAAAAAAADpY\/aPEtNOqJcA8\/s400\/ljus.jpg\",\"articleSection\":[\"andlighet\"],\"inLanguage\":\"sv-SE\",\"potentialAction\":[{\"@type\":\"CommentAction\",\"name\":\"Comment\",\"target\":[\"https:\/\/blogg.svenskakyrkan.se\/vandravagen\/2013\/05\/30\/aftonbon-for-sma-och-stora\/#respond\"]}]},{\"@type\":\"WebPage\",\"@id\":\"https:\/\/blogg.svenskakyrkan.se\/vandravagen\/2013\/05\/30\/aftonbon-for-sma-och-stora\/\",\"url\":\"https:\/\/blogg.svenskakyrkan.se\/vandravagen\/2013\/05\/30\/aftonbon-for-sma-och-stora\/\",\"name\":\"Aftonb\u00f6n f\u00f6r sm\u00e5 och stora - Vandra V\u00e4gen\",\"isPartOf\":{\"@id\":\"https:\/\/blogg.svenskakyrkan.se\/vandravagen\/#website\"},\"primaryImageOfPage\":{\"@id\":\"https:\/\/blogg.svenskakyrkan.se\/vandravagen\/2013\/05\/30\/aftonbon-for-sma-och-stora\/#primaryimage\"},\"image\":{\"@id\":\"https:\/\/blogg.svenskakyrkan.se\/vandravagen\/2013\/05\/30\/aftonbon-for-sma-och-stora\/#primaryimage\"},\"thumbnailUrl\":\"http:\/\/2.bp.blogspot.com\/-8QmC0rXC3Pg\/UaeDfFWNQNI\/AAAAAAAADpY\/aPEtNOqJcA8\/s400\/ljus.jpg\",\"datePublished\":\"2013-05-30T16:51:00+00:00\",\"breadcrumb\":{\"@id\":\"https:\/\/blogg.svenskakyrkan.se\/vandravagen\/2013\/05\/30\/aftonbon-for-sma-och-stora\/#breadcrumb\"},\"inLanguage\":\"sv-SE\",\"potentialAction\":[{\"@type\":\"ReadAction\",\"target\":[\"https:\/\/blogg.svenskakyrkan.se\/vandravagen\/2013\/05\/30\/aftonbon-for-sma-och-stora\/\"]}]},{\"@type\":\"ImageObject\",\"inLanguage\":\"sv-SE\",\"@id\":\"https:\/\/blogg.svenskakyrkan.se\/vandravagen\/2013\/05\/30\/aftonbon-for-sma-och-stora\/#primaryimage\",\"url\":\"http:\/\/2.bp.blogspot.com\/-8QmC0rXC3Pg\/UaeDfFWNQNI\/AAAAAAAADpY\/aPEtNOqJcA8\/s400\/ljus.jpg\",\"contentUrl\":\"http:\/\/2.bp.blogspot.com\/-8QmC0rXC3Pg\/UaeDfFWNQNI\/AAAAAAAADpY\/aPEtNOqJcA8\/s400\/ljus.jpg\"},{\"@type\":\"BreadcrumbList\",\"@id\":\"https:\/\/blogg.svenskakyrkan.se\/vandravagen\/2013\/05\/30\/aftonbon-for-sma-och-stora\/#breadcrumb\",\"itemListElement\":[{\"@type\":\"ListItem\",\"position\":1,\"name\":\"Hem\",\"item\":\"https:\/\/blogg.svenskakyrkan.se\/vandravagen\/\"},{\"@type\":\"ListItem\",\"position\":2,\"name\":\"Aftonb\u00f6n f\u00f6r sm\u00e5 och stora\"}]},{\"@type\":\"WebSite\",\"@id\":\"https:\/\/blogg.svenskakyrkan.se\/vandravagen\/#website\",\"url\":\"https:\/\/blogg.svenskakyrkan.se\/vandravagen\/\",\"name\":\"Vandra V\u00e4gen\",\"description\":\"-Mot en tro f\u00f6r hela livet\",\"publisher\":{\"@id\":\"https:\/\/blogg.svenskakyrkan.se\/vandravagen\/#organization\"},\"potentialAction\":[{\"@type\":\"SearchAction\",\"target\":{\"@type\":\"EntryPoint\",\"urlTemplate\":\"https:\/\/blogg.svenskakyrkan.se\/vandravagen\/?s={search_term_string}\"},\"query-input\":{\"@type\":\"PropertyValueSpecification\",\"valueRequired\":true,\"valueName\":\"search_term_string\"}}],\"inLanguage\":\"sv-SE\"},{\"@type\":\"Organization\",\"@id\":\"https:\/\/blogg.svenskakyrkan.se\/vandravagen\/#organization\",\"name\":\"ulricehamns pastorat\",\"alternateName\":\"ulricehamns pastorat\",\"url\":\"https:\/\/blogg.svenskakyrkan.se\/vandravagen\/\",\"logo\":{\"@type\":\"ImageObject\",\"inLanguage\":\"sv-SE\",\"@id\":\"https:\/\/blogg.svenskakyrkan.se\/vandravagen\/#\/schema\/logo\/image\/\",\"url\":\"https:\/\/blogg.svenskakyrkan.se\/vandravagen\/files\/2023\/05\/Ulr_logo_RGB.png\",\"contentUrl\":\"https:\/\/blogg.svenskakyrkan.se\/vandravagen\/files\/2023\/05\/Ulr_logo_RGB.png\",\"width\":205,\"height\":77,\"caption\":\"ulricehamns pastorat\"},\"image\":{\"@id\":\"https:\/\/blogg.svenskakyrkan.se\/vandravagen\/#\/schema\/logo\/image\/\"},\"sameAs\":[\"http:\/\/facebook.com\/vandravagen\",\"https:\/\/x.com\/fadertomas\",\"http:\/\/www.facebook.com\/svenskakyrkaniulricehamn\"]},{\"@type\":\"Person\",\"@id\":\"https:\/\/blogg.svenskakyrkan.se\/vandravagen\/#\/schema\/person\/25da02d4f76b137d04291711e2c9fc16\",\"name\":\"Tomas Jarvid\",\"image\":{\"@type\":\"ImageObject\",\"inLanguage\":\"sv-SE\",\"@id\":\"https:\/\/blogg.svenskakyrkan.se\/vandravagen\/#\/schema\/person\/image\/\",\"url\":\"https:\/\/secure.gravatar.com\/avatar\/7fa71899795e8f540f615a1f5ab25255dc27aa40f05ee7ddd21aac521e01bf50?s=96&d=identicon&r=g\",\"contentUrl\":\"https:\/\/secure.gravatar.com\/avatar\/7fa71899795e8f540f615a1f5ab25255dc27aa40f05ee7ddd21aac521e01bf50?s=96&d=identicon&r=g\",\"caption\":\"Tomas Jarvid\"},\"description\":\"Jag bor i Ulricehamn i V\u00e4sterg\u00f6tland och \u00e4r f\u00f6rsamlingspr\u00e4st i Svenska Kyrkan f\u00f6r Dalstorps f\u00f6rsamling i Kinds pastorat. P\u00e5 den h\u00e4r bloggen skriver jag ner tankar om vandringen som kristen.\",\"sameAs\":[\"http:\/\/www.vandravagen.se\"],\"url\":\"https:\/\/blogg.svenskakyrkan.se\/vandravagen\/author\/vandravagen\/\"}]}<\/script>\n<!-- \/ Yoast SEO plugin. -->","yoast_head_json":{"title":"Aftonb\u00f6n f\u00f6r sm\u00e5 och stora - Vandra V\u00e4gen","robots":{"index":"index","follow":"follow","max-snippet":"max-snippet:-1","max-image-preview":"max-image-preview:large","max-video-preview":"max-video-preview:-1"},"canonical":"https:\/\/blogg.svenskakyrkan.se\/vandravagen\/2013\/05\/30\/aftonbon-for-sma-och-stora\/","og_locale":"sv_SE","og_type":"article","og_title":"Aftonb\u00f6n f\u00f6r sm\u00e5 och stora - Vandra V\u00e4gen","og_description":"Ljus i m\u00f6rkret Jag vill dela n\u00e5gra enkla aftonb\u00f6ner med dig. Enkla men starka ord att f\u00e5 be om aftonen vare sig man \u00e4r barn eller vuxen. Inf\u00f6r Gud \u00e4r vi alla barn, \u00e4ven om vi f\u00f6rst\u00e5s ocks\u00e5 kan vara vuxna barn. Till sina f\u00f6r\u00e4ldrar \u00e4r man ju alltid barn. Den f\u00f6rsta \u00e4r skriven av [&hellip;]","og_url":"https:\/\/blogg.svenskakyrkan.se\/vandravagen\/2013\/05\/30\/aftonbon-for-sma-och-stora\/","og_site_name":"Vandra V\u00e4gen","article_publisher":"http:\/\/facebook.com\/vandravagen","article_published_time":"2013-05-30T16:51:00+00:00","og_image":[{"url":"http:\/\/2.bp.blogspot.com\/-8QmC0rXC3Pg\/UaeDfFWNQNI\/AAAAAAAADpY\/aPEtNOqJcA8\/s400\/ljus.jpg","type":"","width":"","height":""}],"author":"Tomas Jarvid","twitter_card":"summary_large_image","twitter_creator":"@fadertomas","twitter_site":"@fadertomas","twitter_misc":{"Skriven av":"Tomas Jarvid","Ber\u00e4knad l\u00e4stid":"1 minut"},"schema":{"@context":"https:\/\/schema.org","@graph":[{"@type":"Article","@id":"https:\/\/blogg.svenskakyrkan.se\/vandravagen\/2013\/05\/30\/aftonbon-for-sma-och-stora\/#article","isPartOf":{"@id":"https:\/\/blogg.svenskakyrkan.se\/vandravagen\/2013\/05\/30\/aftonbon-for-sma-och-stora\/"},"author":{"name":"Tomas Jarvid","@id":"https:\/\/blogg.svenskakyrkan.se\/vandravagen\/#\/schema\/person\/25da02d4f76b137d04291711e2c9fc16"},"headline":"Aftonb\u00f6n f\u00f6r sm\u00e5 och stora","datePublished":"2013-05-30T16:51:00+00:00","mainEntityOfPage":{"@id":"https:\/\/blogg.svenskakyrkan.se\/vandravagen\/2013\/05\/30\/aftonbon-for-sma-och-stora\/"},"wordCount":185,"commentCount":1,"publisher":{"@id":"https:\/\/blogg.svenskakyrkan.se\/vandravagen\/#organization"},"image":{"@id":"https:\/\/blogg.svenskakyrkan.se\/vandravagen\/2013\/05\/30\/aftonbon-for-sma-och-stora\/#primaryimage"},"thumbnailUrl":"http:\/\/2.bp.blogspot.com\/-8QmC0rXC3Pg\/UaeDfFWNQNI\/AAAAAAAADpY\/aPEtNOqJcA8\/s400\/ljus.jpg","articleSection":["andlighet"],"inLanguage":"sv-SE","potentialAction":[{"@type":"CommentAction","name":"Comment","target":["https:\/\/blogg.svenskakyrkan.se\/vandravagen\/2013\/05\/30\/aftonbon-for-sma-och-stora\/#respond"]}]},{"@type":"WebPage","@id":"https:\/\/blogg.svenskakyrkan.se\/vandravagen\/2013\/05\/30\/aftonbon-for-sma-och-stora\/","url":"https:\/\/blogg.svenskakyrkan.se\/vandravagen\/2013\/05\/30\/aftonbon-for-sma-och-stora\/","name":"Aftonb\u00f6n f\u00f6r sm\u00e5 och stora - Vandra V\u00e4gen","isPartOf":{"@id":"https:\/\/blogg.svenskakyrkan.se\/vandravagen\/#website"},"primaryImageOfPage":{"@id":"https:\/\/blogg.svenskakyrkan.se\/vandravagen\/2013\/05\/30\/aftonbon-for-sma-och-stora\/#primaryimage"},"image":{"@id":"https:\/\/blogg.svenskakyrkan.se\/vandravagen\/2013\/05\/30\/aftonbon-for-sma-och-stora\/#primaryimage"},"thumbnailUrl":"http:\/\/2.bp.blogspot.com\/-8QmC0rXC3Pg\/UaeDfFWNQNI\/AAAAAAAADpY\/aPEtNOqJcA8\/s400\/ljus.jpg","datePublished":"2013-05-30T16:51:00+00:00","breadcrumb":{"@id":"https:\/\/blogg.svenskakyrkan.se\/vandravagen\/2013\/05\/30\/aftonbon-for-sma-och-stora\/#breadcrumb"},"inLanguage":"sv-SE","potentialAction":[{"@type":"ReadAction","target":["https:\/\/blogg.svenskakyrkan.se\/vandravagen\/2013\/05\/30\/aftonbon-for-sma-och-stora\/"]}]},{"@type":"ImageObject","inLanguage":"sv-SE","@id":"https:\/\/blogg.svenskakyrkan.se\/vandravagen\/2013\/05\/30\/aftonbon-for-sma-och-stora\/#primaryimage","url":"http:\/\/2.bp.blogspot.com\/-8QmC0rXC3Pg\/UaeDfFWNQNI\/AAAAAAAADpY\/aPEtNOqJcA8\/s400\/ljus.jpg","contentUrl":"http:\/\/2.bp.blogspot.com\/-8QmC0rXC3Pg\/UaeDfFWNQNI\/AAAAAAAADpY\/aPEtNOqJcA8\/s400\/ljus.jpg"},{"@type":"BreadcrumbList","@id":"https:\/\/blogg.svenskakyrkan.se\/vandravagen\/2013\/05\/30\/aftonbon-for-sma-och-stora\/#breadcrumb","itemListElement":[{"@type":"ListItem","position":1,"name":"Hem","item":"https:\/\/blogg.svenskakyrkan.se\/vandravagen\/"},{"@type":"ListItem","position":2,"name":"Aftonb\u00f6n f\u00f6r sm\u00e5 och stora"}]},{"@type":"WebSite","@id":"https:\/\/blogg.svenskakyrkan.se\/vandravagen\/#website","url":"https:\/\/blogg.svenskakyrkan.se\/vandravagen\/","name":"Vandra V\u00e4gen","description":"-Mot en tro f\u00f6r hela livet","publisher":{"@id":"https:\/\/blogg.svenskakyrkan.se\/vandravagen\/#organization"},"potentialAction":[{"@type":"SearchAction","target":{"@type":"EntryPoint","urlTemplate":"https:\/\/blogg.svenskakyrkan.se\/vandravagen\/?s={search_term_string}"},"query-input":{"@type":"PropertyValueSpecification","valueRequired":true,"valueName":"search_term_string"}}],"inLanguage":"sv-SE"},{"@type":"Organization","@id":"https:\/\/blogg.svenskakyrkan.se\/vandravagen\/#organization","name":"ulricehamns pastorat","alternateName":"ulricehamns pastorat","url":"https:\/\/blogg.svenskakyrkan.se\/vandravagen\/","logo":{"@type":"ImageObject","inLanguage":"sv-SE","@id":"https:\/\/blogg.svenskakyrkan.se\/vandravagen\/#\/schema\/logo\/image\/","url":"https:\/\/blogg.svenskakyrkan.se\/vandravagen\/files\/2023\/05\/Ulr_logo_RGB.png","contentUrl":"https:\/\/blogg.svenskakyrkan.se\/vandravagen\/files\/2023\/05\/Ulr_logo_RGB.png","width":205,"height":77,"caption":"ulricehamns pastorat"},"image":{"@id":"https:\/\/blogg.svenskakyrkan.se\/vandravagen\/#\/schema\/logo\/image\/"},"sameAs":["http:\/\/facebook.com\/vandravagen","https:\/\/x.com\/fadertomas","http:\/\/www.facebook.com\/svenskakyrkaniulricehamn"]},{"@type":"Person","@id":"https:\/\/blogg.svenskakyrkan.se\/vandravagen\/#\/schema\/person\/25da02d4f76b137d04291711e2c9fc16","name":"Tomas Jarvid","image":{"@type":"ImageObject","inLanguage":"sv-SE","@id":"https:\/\/blogg.svenskakyrkan.se\/vandravagen\/#\/schema\/person\/image\/","url":"https:\/\/secure.gravatar.com\/avatar\/7fa71899795e8f540f615a1f5ab25255dc27aa40f05ee7ddd21aac521e01bf50?s=96&d=identicon&r=g","contentUrl":"https:\/\/secure.gravatar.com\/avatar\/7fa71899795e8f540f615a1f5ab25255dc27aa40f05ee7ddd21aac521e01bf50?s=96&d=identicon&r=g","caption":"Tomas Jarvid"},"description":"Jag bor i Ulricehamn i V\u00e4sterg\u00f6tland och \u00e4r f\u00f6rsamlingspr\u00e4st i Svenska Kyrkan f\u00f6r Dalstorps f\u00f6rsamling i Kinds pastorat. P\u00e5 den h\u00e4r bloggen skriver jag ner tankar om vandringen som kristen.","sameAs":["http:\/\/www.vandravagen.se"],"url":"https:\/\/blogg.svenskakyrkan.se\/vandravagen\/author\/vandravagen\/"}]}},"author_meta":{"ID":"392","user_nicename":"vandravagen","user_url":"http:\/\/www.vandravagen.se","user_registered":"2014-05-19 05:44:52","display_name":"Tomas Jarvid","first_name":"Tomas","last_name":"Jarvid","avatar":"https:\/\/secure.gravatar.com\/avatar\/7fa71899795e8f540f615a1f5ab25255dc27aa40f05ee7ddd21aac521e01bf50?s=96&d=identicon&r=g"},"featured_image":false,"bloginfo":{"name":"Vandra V\u00e4gen","url":"https:\/\/blogg.svenskakyrkan.se\/vandravagen"},"_links":{"self":[{"href":"https:\/\/blogg.svenskakyrkan.se\/vandravagen\/wp-json\/wp\/v2\/posts\/542","targetHints":{"allow":["GET"]}}],"collection":[{"href":"https:\/\/blogg.svenskakyrkan.se\/vandravagen\/wp-json\/wp\/v2\/posts"}],"about":[{"href":"https:\/\/blogg.svenskakyrkan.se\/vandravagen\/wp-json\/wp\/v2\/types\/post"}],"author":[{"embeddable":true,"href":"https:\/\/blogg.svenskakyrkan.se\/vandravagen\/wp-json\/wp\/v2\/users\/392"}],"replies":[{"embeddable":true,"href":"https:\/\/blogg.svenskakyrkan.se\/vandravagen\/wp-json\/wp\/v2\/comments?post=542"}],"version-history":[{"count":0,"href":"https:\/\/blogg.svenskakyrkan.se\/vandravagen\/wp-json\/wp\/v2\/posts\/542\/revisions"}],"wp:attachment":[{"href":"https:\/\/blogg.svenskakyrkan.se\/vandravagen\/wp-json\/wp\/v2\/media?parent=542"}],"wp:term":[{"taxonomy":"category","embeddable":true,"href":"https:\/\/blogg.svenskakyrkan.se\/vandravagen\/wp-json\/wp\/v2\/categories?post=542"},{"taxonomy":"post_tag","embeddable":true,"href":"https:\/\/blogg.svenskakyrkan.se\/vandravagen\/wp-json\/wp\/v2\/tags?post=542"}],"curies":[{"name":"wp","href":"https:\/\/api.w.org\/{rel}","templated":true}]}}