{"id":543,"date":"2013-05-30T08:16:00","date_gmt":"2013-05-30T06:16:00","guid":{"rendered":"http:\/\/blogg.svenskakyrkan.se\/vandravagen\/2013\/05\/30\/tron-som-bade-vilja-och-gava\/"},"modified":"2013-05-30T08:16:00","modified_gmt":"2013-05-30T06:16:00","slug":"tron-som-bade-vilja-och-gava","status":"publish","type":"post","link":"https:\/\/blogg.svenskakyrkan.se\/vandravagen\/2013\/05\/30\/tron-som-bade-vilja-och-gava\/","title":{"rendered":"Tron som b\u00e5de vilja och g\u00e5va"},"content":{"rendered":"<table align=\"center\" cellpadding=\"0\" cellspacing=\"0\">\n<tbody>\n<tr>\n<td><a href=\"http:\/\/1.bp.blogspot.com\/--Aofno8I1RY\/UaWcxgz5P0I\/AAAAAAAADoQ\/v_BeOvoWndk\/s1600\/ande.jpg\"><img loading=\"lazy\" decoding=\"async\" alt=\"the holy spirit\" border=\"0\" height=\"400\" src=\"http:\/\/1.bp.blogspot.com\/--Aofno8I1RY\/UaWcxgz5P0I\/AAAAAAAADoQ\/v_BeOvoWndk\/s400\/ande.jpg\" title=\"den heliga Anden\" width=\"400\"><\/a><\/td>\n<\/tr>\n<tr>\n<td>Anden, knappt m\u00e4rkbar<\/td>\n<\/tr>\n<\/tbody>\n<\/table>\n<p>Det \u00e4r som bekant s\u00e5 med ljus att det kan beskrivas p\u00e5 tv\u00e5 olika s\u00e4tt beroende av vad man \u00e4r ute efter. Dels kan det beskrivas i termer av str\u00e5lning med olika v\u00e5gl\u00e4ngder, dels kan det beskrivas som en slags partiklar, fotoner. Det \u00e4r l\u00e4nge sedan jag l\u00e4ste fysik (p\u00e5 gymnasiet f\u00f6r att vara exakt) men jag har inte h\u00f6rt n\u00e5got om att n\u00e5gon skulle lyckats f\u00f6rena perspektiven \u00e4n. Om du vet mer s\u00e5 skriv g\u00e4rna en kommentar.<\/p>\n<p>Jag t\u00e4nker att det kan vara likadant med tro. I alla fall funkar liknelsen skapligt s\u00e5 l\u00e5ngt jag t\u00e4nkt hittills.<\/p>\n<p>S\u00e5 h\u00e4r i pingsttid betonar jag att tron \u00e4r Andens verk. Ytterst sett \u00e4r det Gud sj\u00e4lv som v\u00e4cker tro i v\u00e5ra hj\u00e4rtan och vill hj\u00e4lpa oss leva i tillit till honom. Vid olika tider i livet finns det otroligt mycket tr\u00f6st att h\u00e4mta i det. Tron \u00e4r inte en prestation utan en g\u00e5va. Jag f\u00e5r lita p\u00e5 att det inte \u00e4r jag som m\u00e5ste b\u00e4ra upp Gud utan Gud som b\u00e4r mig och att den lilla tro jag \u00e4nd\u00e5 har duger.<\/p>\n<p>Samtidigt verkar det omv\u00e4nda perspektivet ocks\u00e5 giltigt. V\u00e5r upplevelse \u00e4r att tro \u00e4r n\u00e5got vi kan p\u00e5verka och medverka i med v\u00e5r egen vilja. Jag minns den dag jag best\u00e4mde mig f\u00f6r att ta min tro p\u00e5 allvar som en viktig dag. Varje dag kan det kr\u00e4va en viljeanstr\u00e4ngning f\u00f6r att v\u00e4nda sig till Gud med sitt liv.<\/p>\n<p>Man kan f\u00f6rst\u00e5s inv\u00e4nda att det bara \u00e4r som det ser ut att v\u00e5r vilja spelar roll, att Gud verkar i det f\u00f6rdolda och \u00e4r den som egentligen styr. Men vart leder det resonemanget? Blir vi inte mindre m\u00e4nniskor om vi inte har ansvar f\u00f6r v\u00e5ra liv?<\/p>\n<p>Det \u00e4r en paradox, precis som ljuset samtidigt har tv\u00e5 former. Jag vill \u00e4nnu hellre kalla det f\u00f6r mysterium. Gud handlar p\u00e5 djupet i v\u00e5ra hj\u00e4rtan utan att f\u00f6r den sakens skull kr\u00e4nka v\u00e5r egen vilja. Kanske samverkar han ist\u00e4llet med v\u00e5r djupaste l\u00e4ngtan?<\/p>\n<p>N\u00e4r jag t\u00e4nker efter kan man t\u00e4nka likadant om k\u00e4rlek och hopp ocks\u00e5, kanske \u00e4r det fruktbart att se goda saker i livet som samtidigt n\u00e5got vi f\u00e5r k\u00e4mpa f\u00f6r och n\u00e5got vi f\u00e5r som g\u00e5va?<\/p><\/p>\n","protected":false},"excerpt":{"rendered":"<p>Anden, knappt m\u00e4rkbar Det \u00e4r som bekant s\u00e5 med ljus att det kan beskrivas p\u00e5 tv\u00e5 olika s\u00e4tt beroende av vad man \u00e4r ute efter. Dels kan det beskrivas i termer av str\u00e5lning med olika v\u00e5gl\u00e4ngder, dels kan det beskrivas som en slags partiklar, fotoner. Det \u00e4r l\u00e4nge sedan jag l\u00e4ste fysik (p\u00e5 gymnasiet f\u00f6r [&hellip;]<\/p>\n","protected":false},"author":392,"featured_media":0,"comment_status":"open","ping_status":"open","sticky":false,"template":"","format":"standard","meta":{"_acf_changed":false,"footnotes":""},"categories":[8252,117],"tags":[],"class_list":["post-543","post","type-post","status-publish","format-standard","hentry","category-kyrkoaret","category-teologi"],"acf":[],"yoast_head":"<!-- This site is optimized with the Yoast SEO plugin v27.1.1 - https:\/\/yoast.com\/product\/yoast-seo-wordpress\/ -->\n<title>Tron som b\u00e5de vilja och g\u00e5va - Vandra V\u00e4gen<\/title>\n<meta name=\"robots\" content=\"index, follow, max-snippet:-1, max-image-preview:large, max-video-preview:-1\" \/>\n<link rel=\"canonical\" href=\"https:\/\/blogg.svenskakyrkan.se\/vandravagen\/2013\/05\/30\/tron-som-bade-vilja-och-gava\/\" \/>\n<meta property=\"og:locale\" content=\"sv_SE\" \/>\n<meta property=\"og:type\" content=\"article\" \/>\n<meta property=\"og:title\" content=\"Tron som b\u00e5de vilja och g\u00e5va - Vandra V\u00e4gen\" \/>\n<meta property=\"og:description\" content=\"Anden, knappt m\u00e4rkbar Det \u00e4r som bekant s\u00e5 med ljus att det kan beskrivas p\u00e5 tv\u00e5 olika s\u00e4tt beroende av vad man \u00e4r ute efter. Dels kan det beskrivas i termer av str\u00e5lning med olika v\u00e5gl\u00e4ngder, dels kan det beskrivas som en slags partiklar, fotoner. Det \u00e4r l\u00e4nge sedan jag l\u00e4ste fysik (p\u00e5 gymnasiet f\u00f6r [&hellip;]\" \/>\n<meta property=\"og:url\" content=\"https:\/\/blogg.svenskakyrkan.se\/vandravagen\/2013\/05\/30\/tron-som-bade-vilja-och-gava\/\" \/>\n<meta property=\"og:site_name\" content=\"Vandra V\u00e4gen\" \/>\n<meta property=\"article:publisher\" content=\"http:\/\/facebook.com\/vandravagen\" \/>\n<meta property=\"article:published_time\" content=\"2013-05-30T06:16:00+00:00\" \/>\n<meta property=\"og:image\" content=\"http:\/\/1.bp.blogspot.com\/--Aofno8I1RY\/UaWcxgz5P0I\/AAAAAAAADoQ\/v_BeOvoWndk\/s400\/ande.jpg\" \/>\n<meta name=\"author\" content=\"Tomas Jarvid\" \/>\n<meta name=\"twitter:card\" content=\"summary_large_image\" \/>\n<meta name=\"twitter:creator\" content=\"@fadertomas\" \/>\n<meta name=\"twitter:site\" content=\"@fadertomas\" \/>\n<meta name=\"twitter:label1\" content=\"Skriven av\" \/>\n\t<meta name=\"twitter:data1\" content=\"Tomas Jarvid\" \/>\n\t<meta name=\"twitter:label2\" content=\"Ber\u00e4knad l\u00e4stid\" \/>\n\t<meta name=\"twitter:data2\" content=\"2 minuter\" \/>\n<script type=\"application\/ld+json\" class=\"yoast-schema-graph\">{\"@context\":\"https:\/\/schema.org\",\"@graph\":[{\"@type\":\"Article\",\"@id\":\"https:\/\/blogg.svenskakyrkan.se\/vandravagen\/2013\/05\/30\/tron-som-bade-vilja-och-gava\/#article\",\"isPartOf\":{\"@id\":\"https:\/\/blogg.svenskakyrkan.se\/vandravagen\/2013\/05\/30\/tron-som-bade-vilja-och-gava\/\"},\"author\":{\"name\":\"Tomas Jarvid\",\"@id\":\"https:\/\/blogg.svenskakyrkan.se\/vandravagen\/#\/schema\/person\/25da02d4f76b137d04291711e2c9fc16\"},\"headline\":\"Tron som b\u00e5de vilja och g\u00e5va\",\"datePublished\":\"2013-05-30T06:16:00+00:00\",\"mainEntityOfPage\":{\"@id\":\"https:\/\/blogg.svenskakyrkan.se\/vandravagen\/2013\/05\/30\/tron-som-bade-vilja-och-gava\/\"},\"wordCount\":444,\"commentCount\":3,\"publisher\":{\"@id\":\"https:\/\/blogg.svenskakyrkan.se\/vandravagen\/#organization\"},\"image\":{\"@id\":\"https:\/\/blogg.svenskakyrkan.se\/vandravagen\/2013\/05\/30\/tron-som-bade-vilja-och-gava\/#primaryimage\"},\"thumbnailUrl\":\"http:\/\/1.bp.blogspot.com\/--Aofno8I1RY\/UaWcxgz5P0I\/AAAAAAAADoQ\/v_BeOvoWndk\/s400\/ande.jpg\",\"articleSection\":[\"kyrko\u00e5ret\",\"Teologi\"],\"inLanguage\":\"sv-SE\",\"potentialAction\":[{\"@type\":\"CommentAction\",\"name\":\"Comment\",\"target\":[\"https:\/\/blogg.svenskakyrkan.se\/vandravagen\/2013\/05\/30\/tron-som-bade-vilja-och-gava\/#respond\"]}]},{\"@type\":\"WebPage\",\"@id\":\"https:\/\/blogg.svenskakyrkan.se\/vandravagen\/2013\/05\/30\/tron-som-bade-vilja-och-gava\/\",\"url\":\"https:\/\/blogg.svenskakyrkan.se\/vandravagen\/2013\/05\/30\/tron-som-bade-vilja-och-gava\/\",\"name\":\"Tron som b\u00e5de vilja och g\u00e5va - Vandra V\u00e4gen\",\"isPartOf\":{\"@id\":\"https:\/\/blogg.svenskakyrkan.se\/vandravagen\/#website\"},\"primaryImageOfPage\":{\"@id\":\"https:\/\/blogg.svenskakyrkan.se\/vandravagen\/2013\/05\/30\/tron-som-bade-vilja-och-gava\/#primaryimage\"},\"image\":{\"@id\":\"https:\/\/blogg.svenskakyrkan.se\/vandravagen\/2013\/05\/30\/tron-som-bade-vilja-och-gava\/#primaryimage\"},\"thumbnailUrl\":\"http:\/\/1.bp.blogspot.com\/--Aofno8I1RY\/UaWcxgz5P0I\/AAAAAAAADoQ\/v_BeOvoWndk\/s400\/ande.jpg\",\"datePublished\":\"2013-05-30T06:16:00+00:00\",\"breadcrumb\":{\"@id\":\"https:\/\/blogg.svenskakyrkan.se\/vandravagen\/2013\/05\/30\/tron-som-bade-vilja-och-gava\/#breadcrumb\"},\"inLanguage\":\"sv-SE\",\"potentialAction\":[{\"@type\":\"ReadAction\",\"target\":[\"https:\/\/blogg.svenskakyrkan.se\/vandravagen\/2013\/05\/30\/tron-som-bade-vilja-och-gava\/\"]}]},{\"@type\":\"ImageObject\",\"inLanguage\":\"sv-SE\",\"@id\":\"https:\/\/blogg.svenskakyrkan.se\/vandravagen\/2013\/05\/30\/tron-som-bade-vilja-och-gava\/#primaryimage\",\"url\":\"http:\/\/1.bp.blogspot.com\/--Aofno8I1RY\/UaWcxgz5P0I\/AAAAAAAADoQ\/v_BeOvoWndk\/s400\/ande.jpg\",\"contentUrl\":\"http:\/\/1.bp.blogspot.com\/--Aofno8I1RY\/UaWcxgz5P0I\/AAAAAAAADoQ\/v_BeOvoWndk\/s400\/ande.jpg\"},{\"@type\":\"BreadcrumbList\",\"@id\":\"https:\/\/blogg.svenskakyrkan.se\/vandravagen\/2013\/05\/30\/tron-som-bade-vilja-och-gava\/#breadcrumb\",\"itemListElement\":[{\"@type\":\"ListItem\",\"position\":1,\"name\":\"Hem\",\"item\":\"https:\/\/blogg.svenskakyrkan.se\/vandravagen\/\"},{\"@type\":\"ListItem\",\"position\":2,\"name\":\"Tron som b\u00e5de vilja och g\u00e5va\"}]},{\"@type\":\"WebSite\",\"@id\":\"https:\/\/blogg.svenskakyrkan.se\/vandravagen\/#website\",\"url\":\"https:\/\/blogg.svenskakyrkan.se\/vandravagen\/\",\"name\":\"Vandra V\u00e4gen\",\"description\":\"-Mot en tro f\u00f6r hela livet\",\"publisher\":{\"@id\":\"https:\/\/blogg.svenskakyrkan.se\/vandravagen\/#organization\"},\"potentialAction\":[{\"@type\":\"SearchAction\",\"target\":{\"@type\":\"EntryPoint\",\"urlTemplate\":\"https:\/\/blogg.svenskakyrkan.se\/vandravagen\/?s={search_term_string}\"},\"query-input\":{\"@type\":\"PropertyValueSpecification\",\"valueRequired\":true,\"valueName\":\"search_term_string\"}}],\"inLanguage\":\"sv-SE\"},{\"@type\":\"Organization\",\"@id\":\"https:\/\/blogg.svenskakyrkan.se\/vandravagen\/#organization\",\"name\":\"ulricehamns pastorat\",\"alternateName\":\"ulricehamns pastorat\",\"url\":\"https:\/\/blogg.svenskakyrkan.se\/vandravagen\/\",\"logo\":{\"@type\":\"ImageObject\",\"inLanguage\":\"sv-SE\",\"@id\":\"https:\/\/blogg.svenskakyrkan.se\/vandravagen\/#\/schema\/logo\/image\/\",\"url\":\"https:\/\/blogg.svenskakyrkan.se\/vandravagen\/files\/2023\/05\/Ulr_logo_RGB.png\",\"contentUrl\":\"https:\/\/blogg.svenskakyrkan.se\/vandravagen\/files\/2023\/05\/Ulr_logo_RGB.png\",\"width\":205,\"height\":77,\"caption\":\"ulricehamns pastorat\"},\"image\":{\"@id\":\"https:\/\/blogg.svenskakyrkan.se\/vandravagen\/#\/schema\/logo\/image\/\"},\"sameAs\":[\"http:\/\/facebook.com\/vandravagen\",\"https:\/\/x.com\/fadertomas\",\"http:\/\/www.facebook.com\/svenskakyrkaniulricehamn\"]},{\"@type\":\"Person\",\"@id\":\"https:\/\/blogg.svenskakyrkan.se\/vandravagen\/#\/schema\/person\/25da02d4f76b137d04291711e2c9fc16\",\"name\":\"Tomas Jarvid\",\"image\":{\"@type\":\"ImageObject\",\"inLanguage\":\"sv-SE\",\"@id\":\"https:\/\/blogg.svenskakyrkan.se\/vandravagen\/#\/schema\/person\/image\/\",\"url\":\"https:\/\/secure.gravatar.com\/avatar\/7fa71899795e8f540f615a1f5ab25255dc27aa40f05ee7ddd21aac521e01bf50?s=96&d=identicon&r=g\",\"contentUrl\":\"https:\/\/secure.gravatar.com\/avatar\/7fa71899795e8f540f615a1f5ab25255dc27aa40f05ee7ddd21aac521e01bf50?s=96&d=identicon&r=g\",\"caption\":\"Tomas Jarvid\"},\"description\":\"Jag bor i Ulricehamn i V\u00e4sterg\u00f6tland och \u00e4r f\u00f6rsamlingspr\u00e4st i Svenska Kyrkan f\u00f6r Dalstorps f\u00f6rsamling i Kinds pastorat. P\u00e5 den h\u00e4r bloggen skriver jag ner tankar om vandringen som kristen.\",\"sameAs\":[\"http:\/\/www.vandravagen.se\"],\"url\":\"https:\/\/blogg.svenskakyrkan.se\/vandravagen\/author\/vandravagen\/\"}]}<\/script>\n<!-- \/ Yoast SEO plugin. -->","yoast_head_json":{"title":"Tron som b\u00e5de vilja och g\u00e5va - Vandra V\u00e4gen","robots":{"index":"index","follow":"follow","max-snippet":"max-snippet:-1","max-image-preview":"max-image-preview:large","max-video-preview":"max-video-preview:-1"},"canonical":"https:\/\/blogg.svenskakyrkan.se\/vandravagen\/2013\/05\/30\/tron-som-bade-vilja-och-gava\/","og_locale":"sv_SE","og_type":"article","og_title":"Tron som b\u00e5de vilja och g\u00e5va - Vandra V\u00e4gen","og_description":"Anden, knappt m\u00e4rkbar Det \u00e4r som bekant s\u00e5 med ljus att det kan beskrivas p\u00e5 tv\u00e5 olika s\u00e4tt beroende av vad man \u00e4r ute efter. Dels kan det beskrivas i termer av str\u00e5lning med olika v\u00e5gl\u00e4ngder, dels kan det beskrivas som en slags partiklar, fotoner. Det \u00e4r l\u00e4nge sedan jag l\u00e4ste fysik (p\u00e5 gymnasiet f\u00f6r [&hellip;]","og_url":"https:\/\/blogg.svenskakyrkan.se\/vandravagen\/2013\/05\/30\/tron-som-bade-vilja-och-gava\/","og_site_name":"Vandra V\u00e4gen","article_publisher":"http:\/\/facebook.com\/vandravagen","article_published_time":"2013-05-30T06:16:00+00:00","og_image":[{"url":"http:\/\/1.bp.blogspot.com\/--Aofno8I1RY\/UaWcxgz5P0I\/AAAAAAAADoQ\/v_BeOvoWndk\/s400\/ande.jpg","type":"","width":"","height":""}],"author":"Tomas Jarvid","twitter_card":"summary_large_image","twitter_creator":"@fadertomas","twitter_site":"@fadertomas","twitter_misc":{"Skriven av":"Tomas Jarvid","Ber\u00e4knad l\u00e4stid":"2 minuter"},"schema":{"@context":"https:\/\/schema.org","@graph":[{"@type":"Article","@id":"https:\/\/blogg.svenskakyrkan.se\/vandravagen\/2013\/05\/30\/tron-som-bade-vilja-och-gava\/#article","isPartOf":{"@id":"https:\/\/blogg.svenskakyrkan.se\/vandravagen\/2013\/05\/30\/tron-som-bade-vilja-och-gava\/"},"author":{"name":"Tomas Jarvid","@id":"https:\/\/blogg.svenskakyrkan.se\/vandravagen\/#\/schema\/person\/25da02d4f76b137d04291711e2c9fc16"},"headline":"Tron som b\u00e5de vilja och g\u00e5va","datePublished":"2013-05-30T06:16:00+00:00","mainEntityOfPage":{"@id":"https:\/\/blogg.svenskakyrkan.se\/vandravagen\/2013\/05\/30\/tron-som-bade-vilja-och-gava\/"},"wordCount":444,"commentCount":3,"publisher":{"@id":"https:\/\/blogg.svenskakyrkan.se\/vandravagen\/#organization"},"image":{"@id":"https:\/\/blogg.svenskakyrkan.se\/vandravagen\/2013\/05\/30\/tron-som-bade-vilja-och-gava\/#primaryimage"},"thumbnailUrl":"http:\/\/1.bp.blogspot.com\/--Aofno8I1RY\/UaWcxgz5P0I\/AAAAAAAADoQ\/v_BeOvoWndk\/s400\/ande.jpg","articleSection":["kyrko\u00e5ret","Teologi"],"inLanguage":"sv-SE","potentialAction":[{"@type":"CommentAction","name":"Comment","target":["https:\/\/blogg.svenskakyrkan.se\/vandravagen\/2013\/05\/30\/tron-som-bade-vilja-och-gava\/#respond"]}]},{"@type":"WebPage","@id":"https:\/\/blogg.svenskakyrkan.se\/vandravagen\/2013\/05\/30\/tron-som-bade-vilja-och-gava\/","url":"https:\/\/blogg.svenskakyrkan.se\/vandravagen\/2013\/05\/30\/tron-som-bade-vilja-och-gava\/","name":"Tron som b\u00e5de vilja och g\u00e5va - Vandra V\u00e4gen","isPartOf":{"@id":"https:\/\/blogg.svenskakyrkan.se\/vandravagen\/#website"},"primaryImageOfPage":{"@id":"https:\/\/blogg.svenskakyrkan.se\/vandravagen\/2013\/05\/30\/tron-som-bade-vilja-och-gava\/#primaryimage"},"image":{"@id":"https:\/\/blogg.svenskakyrkan.se\/vandravagen\/2013\/05\/30\/tron-som-bade-vilja-och-gava\/#primaryimage"},"thumbnailUrl":"http:\/\/1.bp.blogspot.com\/--Aofno8I1RY\/UaWcxgz5P0I\/AAAAAAAADoQ\/v_BeOvoWndk\/s400\/ande.jpg","datePublished":"2013-05-30T06:16:00+00:00","breadcrumb":{"@id":"https:\/\/blogg.svenskakyrkan.se\/vandravagen\/2013\/05\/30\/tron-som-bade-vilja-och-gava\/#breadcrumb"},"inLanguage":"sv-SE","potentialAction":[{"@type":"ReadAction","target":["https:\/\/blogg.svenskakyrkan.se\/vandravagen\/2013\/05\/30\/tron-som-bade-vilja-och-gava\/"]}]},{"@type":"ImageObject","inLanguage":"sv-SE","@id":"https:\/\/blogg.svenskakyrkan.se\/vandravagen\/2013\/05\/30\/tron-som-bade-vilja-och-gava\/#primaryimage","url":"http:\/\/1.bp.blogspot.com\/--Aofno8I1RY\/UaWcxgz5P0I\/AAAAAAAADoQ\/v_BeOvoWndk\/s400\/ande.jpg","contentUrl":"http:\/\/1.bp.blogspot.com\/--Aofno8I1RY\/UaWcxgz5P0I\/AAAAAAAADoQ\/v_BeOvoWndk\/s400\/ande.jpg"},{"@type":"BreadcrumbList","@id":"https:\/\/blogg.svenskakyrkan.se\/vandravagen\/2013\/05\/30\/tron-som-bade-vilja-och-gava\/#breadcrumb","itemListElement":[{"@type":"ListItem","position":1,"name":"Hem","item":"https:\/\/blogg.svenskakyrkan.se\/vandravagen\/"},{"@type":"ListItem","position":2,"name":"Tron som b\u00e5de vilja och g\u00e5va"}]},{"@type":"WebSite","@id":"https:\/\/blogg.svenskakyrkan.se\/vandravagen\/#website","url":"https:\/\/blogg.svenskakyrkan.se\/vandravagen\/","name":"Vandra V\u00e4gen","description":"-Mot en tro f\u00f6r hela livet","publisher":{"@id":"https:\/\/blogg.svenskakyrkan.se\/vandravagen\/#organization"},"potentialAction":[{"@type":"SearchAction","target":{"@type":"EntryPoint","urlTemplate":"https:\/\/blogg.svenskakyrkan.se\/vandravagen\/?s={search_term_string}"},"query-input":{"@type":"PropertyValueSpecification","valueRequired":true,"valueName":"search_term_string"}}],"inLanguage":"sv-SE"},{"@type":"Organization","@id":"https:\/\/blogg.svenskakyrkan.se\/vandravagen\/#organization","name":"ulricehamns pastorat","alternateName":"ulricehamns pastorat","url":"https:\/\/blogg.svenskakyrkan.se\/vandravagen\/","logo":{"@type":"ImageObject","inLanguage":"sv-SE","@id":"https:\/\/blogg.svenskakyrkan.se\/vandravagen\/#\/schema\/logo\/image\/","url":"https:\/\/blogg.svenskakyrkan.se\/vandravagen\/files\/2023\/05\/Ulr_logo_RGB.png","contentUrl":"https:\/\/blogg.svenskakyrkan.se\/vandravagen\/files\/2023\/05\/Ulr_logo_RGB.png","width":205,"height":77,"caption":"ulricehamns pastorat"},"image":{"@id":"https:\/\/blogg.svenskakyrkan.se\/vandravagen\/#\/schema\/logo\/image\/"},"sameAs":["http:\/\/facebook.com\/vandravagen","https:\/\/x.com\/fadertomas","http:\/\/www.facebook.com\/svenskakyrkaniulricehamn"]},{"@type":"Person","@id":"https:\/\/blogg.svenskakyrkan.se\/vandravagen\/#\/schema\/person\/25da02d4f76b137d04291711e2c9fc16","name":"Tomas Jarvid","image":{"@type":"ImageObject","inLanguage":"sv-SE","@id":"https:\/\/blogg.svenskakyrkan.se\/vandravagen\/#\/schema\/person\/image\/","url":"https:\/\/secure.gravatar.com\/avatar\/7fa71899795e8f540f615a1f5ab25255dc27aa40f05ee7ddd21aac521e01bf50?s=96&d=identicon&r=g","contentUrl":"https:\/\/secure.gravatar.com\/avatar\/7fa71899795e8f540f615a1f5ab25255dc27aa40f05ee7ddd21aac521e01bf50?s=96&d=identicon&r=g","caption":"Tomas Jarvid"},"description":"Jag bor i Ulricehamn i V\u00e4sterg\u00f6tland och \u00e4r f\u00f6rsamlingspr\u00e4st i Svenska Kyrkan f\u00f6r Dalstorps f\u00f6rsamling i Kinds pastorat. P\u00e5 den h\u00e4r bloggen skriver jag ner tankar om vandringen som kristen.","sameAs":["http:\/\/www.vandravagen.se"],"url":"https:\/\/blogg.svenskakyrkan.se\/vandravagen\/author\/vandravagen\/"}]}},"author_meta":{"ID":"392","user_nicename":"vandravagen","user_url":"http:\/\/www.vandravagen.se","user_registered":"2014-05-19 05:44:52","display_name":"Tomas Jarvid","first_name":"Tomas","last_name":"Jarvid","avatar":"https:\/\/secure.gravatar.com\/avatar\/7fa71899795e8f540f615a1f5ab25255dc27aa40f05ee7ddd21aac521e01bf50?s=96&d=identicon&r=g"},"featured_image":false,"bloginfo":{"name":"Vandra V\u00e4gen","url":"https:\/\/blogg.svenskakyrkan.se\/vandravagen"},"_links":{"self":[{"href":"https:\/\/blogg.svenskakyrkan.se\/vandravagen\/wp-json\/wp\/v2\/posts\/543","targetHints":{"allow":["GET"]}}],"collection":[{"href":"https:\/\/blogg.svenskakyrkan.se\/vandravagen\/wp-json\/wp\/v2\/posts"}],"about":[{"href":"https:\/\/blogg.svenskakyrkan.se\/vandravagen\/wp-json\/wp\/v2\/types\/post"}],"author":[{"embeddable":true,"href":"https:\/\/blogg.svenskakyrkan.se\/vandravagen\/wp-json\/wp\/v2\/users\/392"}],"replies":[{"embeddable":true,"href":"https:\/\/blogg.svenskakyrkan.se\/vandravagen\/wp-json\/wp\/v2\/comments?post=543"}],"version-history":[{"count":0,"href":"https:\/\/blogg.svenskakyrkan.se\/vandravagen\/wp-json\/wp\/v2\/posts\/543\/revisions"}],"wp:attachment":[{"href":"https:\/\/blogg.svenskakyrkan.se\/vandravagen\/wp-json\/wp\/v2\/media?parent=543"}],"wp:term":[{"taxonomy":"category","embeddable":true,"href":"https:\/\/blogg.svenskakyrkan.se\/vandravagen\/wp-json\/wp\/v2\/categories?post=543"},{"taxonomy":"post_tag","embeddable":true,"href":"https:\/\/blogg.svenskakyrkan.se\/vandravagen\/wp-json\/wp\/v2\/tags?post=543"}],"curies":[{"name":"wp","href":"https:\/\/api.w.org\/{rel}","templated":true}]}}