{"id":5445,"date":"2017-02-09T07:00:38","date_gmt":"2017-02-09T06:00:38","guid":{"rendered":"http:\/\/blogg.svenskakyrkan.se\/vandravagen\/?p=5445"},"modified":"2017-02-08T08:44:16","modified_gmt":"2017-02-08T07:44:16","slug":"nattvard-med-min-ovan","status":"publish","type":"post","link":"https:\/\/blogg.svenskakyrkan.se\/vandravagen\/2017\/02\/09\/nattvard-med-min-ovan\/","title":{"rendered":"Nattvard med min ov\u00e4n"},"content":{"rendered":"<div id=\"attachment_5447\" style=\"width: 650px\" class=\"wp-caption aligncenter\"><a href=\"http:\/\/blogg.svenskakyrkan.se\/vandravagen\/files\/2017\/02\/DSC_0914.jpg\"><img loading=\"lazy\" decoding=\"async\" aria-describedby=\"caption-attachment-5447\" class=\"size-full wp-image-5447\" src=\"http:\/\/blogg.svenskakyrkan.se\/vandravagen\/files\/2017\/02\/DSC_0914.jpg\" alt=\"Detalj fr\u00e5n altarbrunet i Nittorps kyrka.\" width=\"640\" height=\"544\" srcset=\"https:\/\/blogg.svenskakyrkan.se\/vandravagen\/files\/2017\/02\/DSC_0914.jpg 640w, https:\/\/blogg.svenskakyrkan.se\/vandravagen\/files\/2017\/02\/DSC_0914-300x255.jpg 300w, https:\/\/blogg.svenskakyrkan.se\/vandravagen\/files\/2017\/02\/DSC_0914-353x300.jpg 353w\" sizes=\"auto, (max-width: 640px) 100vw, 640px\" \/><\/a><p id=\"caption-attachment-5447\" class=\"wp-caption-text\">Detalj fr\u00e5n altarbrunet i Nittorps kyrka.<\/p><\/div>\n<p>\u00c4n en g\u00e5ng har jag gl\u00e4djen att f\u00e5 ha Anette Ljungberg som g\u00e4stbloggare h\u00e4r p\u00e5 Vandra V\u00e4gen. F\u00f6rra g\u00e5ngen skrev hon denna v\u00e4ldigt fina bloggpost om att <a href=\"http:\/\/blogg.svenskakyrkan.se\/vandravagen\/2016\/03\/12\/pilgrim-i-gamla-flyktingars-spar\/\">vara pilgrim i gamla flyktingars sp\u00e5r<\/a>. Idag handlar det om nattvarden. P\u00e5 ett annat s\u00e4tt \u00e4n man kanske kan f\u00f6rv\u00e4nta sig. Stort tack Anette, ordet \u00f6ver till dig!<\/p>\n<p><strong>Nattvard med min ov\u00e4n<\/strong><\/p>\n<p>Jag kliver in i kyrkorummet, altarbordet \u00e4r dukat till nattvard. Jag s\u00e4tter mig i b\u00e4nken och uppt\u00e4cker att Daniel sitter d\u00e4r n\u00e5gra b\u00e4nkar snett bakom mig. Daniel, det hugger till i br\u00f6stet, han som gjort mig s\u00e5 illa. Kinderna hettar, ilskan bubblar upp. Allt jag ville ha f\u00e5tt sagt\u2026 S\u00e5 f\u00e5r jag syn p\u00e5 Anna-Karin lite l\u00e4ngre fram i kyrkan. Minns hur jag avslutade v\u00e5rt senaste samtal. Ont i magen. Hur jag svek n\u00e4r hon beh\u00f6vde mig. Hur jag l\u00e4mnade henne \u00e5t sig sj\u00e4lv. Jag sk\u00e4ms. Sitter d\u00e4r i b\u00e4nken med ilskan i br\u00f6stet och skammen i magen. D\u00e5 bryts br\u00f6det.<\/p>\n<p>F\u00f6r dig utgivet. G\u00e5r sakta g\u00e5ngen fram. Bakom mig Daniel, framf\u00f6r mig Anna-Karin, mitt emellan jag, b\u00e5de sviken och svikare, of\u00e4rdig, misslyckad, arg och skamsen. Just d\u00e4r och d\u00e5 f\u00e5r jag ta emot vinet och det brutna br\u00f6det. Gud som \u00e4lskar mig. Gud som inte v\u00e4ntar tills jag ordnat upp mitt liv, rett ut mina relationer. Gud som m\u00f6ter mig h\u00e4r och nu, som vill dela br\u00f6d och vin, kropp och blod, dela liv med oss. Efter m\u00e4ssan lunch i f\u00f6rsamlingshemmet. Jag, Daniel och Anna-Karin vid samma bord. Vi forts\u00e4tter dela, br\u00f6d, vin, liv\u2026<\/p>\n","protected":false},"excerpt":{"rendered":"<p>\u00c4n en g\u00e5ng har jag gl\u00e4djen att f\u00e5 ha Anette Ljungberg som g\u00e4stbloggare h\u00e4r p\u00e5 Vandra V\u00e4gen. F\u00f6rra g\u00e5ngen skrev hon denna v\u00e4ldigt fina bloggpost om att vara pilgrim i gamla flyktingars sp\u00e5r. Idag handlar det om nattvarden. P\u00e5 ett annat s\u00e4tt \u00e4n man kanske kan f\u00f6rv\u00e4nta sig. Stort tack Anette, ordet \u00f6ver till dig! [&hellip;]<\/p>\n","protected":false},"author":392,"featured_media":0,"comment_status":"open","ping_status":"open","sticky":false,"template":"","format":"standard","meta":{"_acf_changed":false,"footnotes":""},"categories":[76189,59650,117],"tags":[],"class_list":["post-5445","post","type-post","status-publish","format-standard","hentry","category-dagens-kyrka","category-nattvard","category-teologi"],"acf":[],"yoast_head":"<!-- This site is optimized with the Yoast SEO plugin v27.1.1 - https:\/\/yoast.com\/product\/yoast-seo-wordpress\/ -->\n<title>Nattvard med min ov\u00e4n - Vandra V\u00e4gen<\/title>\n<meta name=\"robots\" content=\"index, follow, max-snippet:-1, max-image-preview:large, max-video-preview:-1\" \/>\n<link rel=\"canonical\" href=\"https:\/\/blogg.svenskakyrkan.se\/vandravagen\/2017\/02\/09\/nattvard-med-min-ovan\/\" \/>\n<meta property=\"og:locale\" content=\"sv_SE\" \/>\n<meta property=\"og:type\" content=\"article\" \/>\n<meta property=\"og:title\" content=\"Nattvard med min ov\u00e4n - Vandra V\u00e4gen\" \/>\n<meta property=\"og:description\" content=\"\u00c4n en g\u00e5ng har jag gl\u00e4djen att f\u00e5 ha Anette Ljungberg som g\u00e4stbloggare h\u00e4r p\u00e5 Vandra V\u00e4gen. F\u00f6rra g\u00e5ngen skrev hon denna v\u00e4ldigt fina bloggpost om att vara pilgrim i gamla flyktingars sp\u00e5r. Idag handlar det om nattvarden. P\u00e5 ett annat s\u00e4tt \u00e4n man kanske kan f\u00f6rv\u00e4nta sig. Stort tack Anette, ordet \u00f6ver till dig! [&hellip;]\" \/>\n<meta property=\"og:url\" content=\"https:\/\/blogg.svenskakyrkan.se\/vandravagen\/2017\/02\/09\/nattvard-med-min-ovan\/\" \/>\n<meta property=\"og:site_name\" content=\"Vandra V\u00e4gen\" \/>\n<meta property=\"article:publisher\" content=\"http:\/\/facebook.com\/vandravagen\" \/>\n<meta property=\"article:published_time\" content=\"2017-02-09T06:00:38+00:00\" \/>\n<meta property=\"og:image\" content=\"http:\/\/blogg.svenskakyrkan.se\/vandravagen\/files\/2017\/02\/DSC_0914.jpg\" \/>\n<meta name=\"author\" content=\"Tomas Jarvid\" \/>\n<meta name=\"twitter:card\" content=\"summary_large_image\" \/>\n<meta name=\"twitter:creator\" content=\"@fadertomas\" \/>\n<meta name=\"twitter:site\" content=\"@fadertomas\" \/>\n<meta name=\"twitter:label1\" content=\"Skriven av\" \/>\n\t<meta name=\"twitter:data1\" content=\"Tomas Jarvid\" \/>\n\t<meta name=\"twitter:label2\" content=\"Ber\u00e4knad l\u00e4stid\" \/>\n\t<meta name=\"twitter:data2\" content=\"2 minuter\" \/>\n<script type=\"application\/ld+json\" class=\"yoast-schema-graph\">{\"@context\":\"https:\/\/schema.org\",\"@graph\":[{\"@type\":\"Article\",\"@id\":\"https:\/\/blogg.svenskakyrkan.se\/vandravagen\/2017\/02\/09\/nattvard-med-min-ovan\/#article\",\"isPartOf\":{\"@id\":\"https:\/\/blogg.svenskakyrkan.se\/vandravagen\/2017\/02\/09\/nattvard-med-min-ovan\/\"},\"author\":{\"name\":\"Tomas Jarvid\",\"@id\":\"https:\/\/blogg.svenskakyrkan.se\/vandravagen\/#\/schema\/person\/25da02d4f76b137d04291711e2c9fc16\"},\"headline\":\"Nattvard med min ov\u00e4n\",\"datePublished\":\"2017-02-09T06:00:38+00:00\",\"mainEntityOfPage\":{\"@id\":\"https:\/\/blogg.svenskakyrkan.se\/vandravagen\/2017\/02\/09\/nattvard-med-min-ovan\/\"},\"wordCount\":323,\"commentCount\":2,\"publisher\":{\"@id\":\"https:\/\/blogg.svenskakyrkan.se\/vandravagen\/#organization\"},\"image\":{\"@id\":\"https:\/\/blogg.svenskakyrkan.se\/vandravagen\/2017\/02\/09\/nattvard-med-min-ovan\/#primaryimage\"},\"thumbnailUrl\":\"http:\/\/blogg.svenskakyrkan.se\/vandravagen\/files\/2017\/02\/DSC_0914.jpg\",\"articleSection\":[\"Dagens Kyrka\",\"nattvard\",\"Teologi\"],\"inLanguage\":\"sv-SE\",\"potentialAction\":[{\"@type\":\"CommentAction\",\"name\":\"Comment\",\"target\":[\"https:\/\/blogg.svenskakyrkan.se\/vandravagen\/2017\/02\/09\/nattvard-med-min-ovan\/#respond\"]}]},{\"@type\":\"WebPage\",\"@id\":\"https:\/\/blogg.svenskakyrkan.se\/vandravagen\/2017\/02\/09\/nattvard-med-min-ovan\/\",\"url\":\"https:\/\/blogg.svenskakyrkan.se\/vandravagen\/2017\/02\/09\/nattvard-med-min-ovan\/\",\"name\":\"Nattvard med min ov\u00e4n - Vandra V\u00e4gen\",\"isPartOf\":{\"@id\":\"https:\/\/blogg.svenskakyrkan.se\/vandravagen\/#website\"},\"primaryImageOfPage\":{\"@id\":\"https:\/\/blogg.svenskakyrkan.se\/vandravagen\/2017\/02\/09\/nattvard-med-min-ovan\/#primaryimage\"},\"image\":{\"@id\":\"https:\/\/blogg.svenskakyrkan.se\/vandravagen\/2017\/02\/09\/nattvard-med-min-ovan\/#primaryimage\"},\"thumbnailUrl\":\"http:\/\/blogg.svenskakyrkan.se\/vandravagen\/files\/2017\/02\/DSC_0914.jpg\",\"datePublished\":\"2017-02-09T06:00:38+00:00\",\"breadcrumb\":{\"@id\":\"https:\/\/blogg.svenskakyrkan.se\/vandravagen\/2017\/02\/09\/nattvard-med-min-ovan\/#breadcrumb\"},\"inLanguage\":\"sv-SE\",\"potentialAction\":[{\"@type\":\"ReadAction\",\"target\":[\"https:\/\/blogg.svenskakyrkan.se\/vandravagen\/2017\/02\/09\/nattvard-med-min-ovan\/\"]}]},{\"@type\":\"ImageObject\",\"inLanguage\":\"sv-SE\",\"@id\":\"https:\/\/blogg.svenskakyrkan.se\/vandravagen\/2017\/02\/09\/nattvard-med-min-ovan\/#primaryimage\",\"url\":\"http:\/\/blogg.svenskakyrkan.se\/vandravagen\/files\/2017\/02\/DSC_0914.jpg\",\"contentUrl\":\"http:\/\/blogg.svenskakyrkan.se\/vandravagen\/files\/2017\/02\/DSC_0914.jpg\"},{\"@type\":\"BreadcrumbList\",\"@id\":\"https:\/\/blogg.svenskakyrkan.se\/vandravagen\/2017\/02\/09\/nattvard-med-min-ovan\/#breadcrumb\",\"itemListElement\":[{\"@type\":\"ListItem\",\"position\":1,\"name\":\"Hem\",\"item\":\"https:\/\/blogg.svenskakyrkan.se\/vandravagen\/\"},{\"@type\":\"ListItem\",\"position\":2,\"name\":\"Nattvard med min ov\u00e4n\"}]},{\"@type\":\"WebSite\",\"@id\":\"https:\/\/blogg.svenskakyrkan.se\/vandravagen\/#website\",\"url\":\"https:\/\/blogg.svenskakyrkan.se\/vandravagen\/\",\"name\":\"Vandra V\u00e4gen\",\"description\":\"-Mot en tro f\u00f6r hela livet\",\"publisher\":{\"@id\":\"https:\/\/blogg.svenskakyrkan.se\/vandravagen\/#organization\"},\"potentialAction\":[{\"@type\":\"SearchAction\",\"target\":{\"@type\":\"EntryPoint\",\"urlTemplate\":\"https:\/\/blogg.svenskakyrkan.se\/vandravagen\/?s={search_term_string}\"},\"query-input\":{\"@type\":\"PropertyValueSpecification\",\"valueRequired\":true,\"valueName\":\"search_term_string\"}}],\"inLanguage\":\"sv-SE\"},{\"@type\":\"Organization\",\"@id\":\"https:\/\/blogg.svenskakyrkan.se\/vandravagen\/#organization\",\"name\":\"ulricehamns pastorat\",\"alternateName\":\"ulricehamns pastorat\",\"url\":\"https:\/\/blogg.svenskakyrkan.se\/vandravagen\/\",\"logo\":{\"@type\":\"ImageObject\",\"inLanguage\":\"sv-SE\",\"@id\":\"https:\/\/blogg.svenskakyrkan.se\/vandravagen\/#\/schema\/logo\/image\/\",\"url\":\"https:\/\/blogg.svenskakyrkan.se\/vandravagen\/files\/2023\/05\/Ulr_logo_RGB.png\",\"contentUrl\":\"https:\/\/blogg.svenskakyrkan.se\/vandravagen\/files\/2023\/05\/Ulr_logo_RGB.png\",\"width\":205,\"height\":77,\"caption\":\"ulricehamns pastorat\"},\"image\":{\"@id\":\"https:\/\/blogg.svenskakyrkan.se\/vandravagen\/#\/schema\/logo\/image\/\"},\"sameAs\":[\"http:\/\/facebook.com\/vandravagen\",\"https:\/\/x.com\/fadertomas\",\"http:\/\/www.facebook.com\/svenskakyrkaniulricehamn\"]},{\"@type\":\"Person\",\"@id\":\"https:\/\/blogg.svenskakyrkan.se\/vandravagen\/#\/schema\/person\/25da02d4f76b137d04291711e2c9fc16\",\"name\":\"Tomas Jarvid\",\"image\":{\"@type\":\"ImageObject\",\"inLanguage\":\"sv-SE\",\"@id\":\"https:\/\/blogg.svenskakyrkan.se\/vandravagen\/#\/schema\/person\/image\/\",\"url\":\"https:\/\/secure.gravatar.com\/avatar\/7fa71899795e8f540f615a1f5ab25255dc27aa40f05ee7ddd21aac521e01bf50?s=96&d=identicon&r=g\",\"contentUrl\":\"https:\/\/secure.gravatar.com\/avatar\/7fa71899795e8f540f615a1f5ab25255dc27aa40f05ee7ddd21aac521e01bf50?s=96&d=identicon&r=g\",\"caption\":\"Tomas Jarvid\"},\"description\":\"Jag bor i Ulricehamn i V\u00e4sterg\u00f6tland och \u00e4r f\u00f6rsamlingspr\u00e4st i Svenska Kyrkan f\u00f6r Dalstorps f\u00f6rsamling i Kinds pastorat. P\u00e5 den h\u00e4r bloggen skriver jag ner tankar om vandringen som kristen.\",\"sameAs\":[\"http:\/\/www.vandravagen.se\"],\"url\":\"https:\/\/blogg.svenskakyrkan.se\/vandravagen\/author\/vandravagen\/\"}]}<\/script>\n<!-- \/ Yoast SEO plugin. -->","yoast_head_json":{"title":"Nattvard med min ov\u00e4n - Vandra V\u00e4gen","robots":{"index":"index","follow":"follow","max-snippet":"max-snippet:-1","max-image-preview":"max-image-preview:large","max-video-preview":"max-video-preview:-1"},"canonical":"https:\/\/blogg.svenskakyrkan.se\/vandravagen\/2017\/02\/09\/nattvard-med-min-ovan\/","og_locale":"sv_SE","og_type":"article","og_title":"Nattvard med min ov\u00e4n - Vandra V\u00e4gen","og_description":"\u00c4n en g\u00e5ng har jag gl\u00e4djen att f\u00e5 ha Anette Ljungberg som g\u00e4stbloggare h\u00e4r p\u00e5 Vandra V\u00e4gen. F\u00f6rra g\u00e5ngen skrev hon denna v\u00e4ldigt fina bloggpost om att vara pilgrim i gamla flyktingars sp\u00e5r. Idag handlar det om nattvarden. P\u00e5 ett annat s\u00e4tt \u00e4n man kanske kan f\u00f6rv\u00e4nta sig. Stort tack Anette, ordet \u00f6ver till dig! [&hellip;]","og_url":"https:\/\/blogg.svenskakyrkan.se\/vandravagen\/2017\/02\/09\/nattvard-med-min-ovan\/","og_site_name":"Vandra V\u00e4gen","article_publisher":"http:\/\/facebook.com\/vandravagen","article_published_time":"2017-02-09T06:00:38+00:00","og_image":[{"url":"http:\/\/blogg.svenskakyrkan.se\/vandravagen\/files\/2017\/02\/DSC_0914.jpg","type":"","width":"","height":""}],"author":"Tomas Jarvid","twitter_card":"summary_large_image","twitter_creator":"@fadertomas","twitter_site":"@fadertomas","twitter_misc":{"Skriven av":"Tomas Jarvid","Ber\u00e4knad l\u00e4stid":"2 minuter"},"schema":{"@context":"https:\/\/schema.org","@graph":[{"@type":"Article","@id":"https:\/\/blogg.svenskakyrkan.se\/vandravagen\/2017\/02\/09\/nattvard-med-min-ovan\/#article","isPartOf":{"@id":"https:\/\/blogg.svenskakyrkan.se\/vandravagen\/2017\/02\/09\/nattvard-med-min-ovan\/"},"author":{"name":"Tomas Jarvid","@id":"https:\/\/blogg.svenskakyrkan.se\/vandravagen\/#\/schema\/person\/25da02d4f76b137d04291711e2c9fc16"},"headline":"Nattvard med min ov\u00e4n","datePublished":"2017-02-09T06:00:38+00:00","mainEntityOfPage":{"@id":"https:\/\/blogg.svenskakyrkan.se\/vandravagen\/2017\/02\/09\/nattvard-med-min-ovan\/"},"wordCount":323,"commentCount":2,"publisher":{"@id":"https:\/\/blogg.svenskakyrkan.se\/vandravagen\/#organization"},"image":{"@id":"https:\/\/blogg.svenskakyrkan.se\/vandravagen\/2017\/02\/09\/nattvard-med-min-ovan\/#primaryimage"},"thumbnailUrl":"http:\/\/blogg.svenskakyrkan.se\/vandravagen\/files\/2017\/02\/DSC_0914.jpg","articleSection":["Dagens Kyrka","nattvard","Teologi"],"inLanguage":"sv-SE","potentialAction":[{"@type":"CommentAction","name":"Comment","target":["https:\/\/blogg.svenskakyrkan.se\/vandravagen\/2017\/02\/09\/nattvard-med-min-ovan\/#respond"]}]},{"@type":"WebPage","@id":"https:\/\/blogg.svenskakyrkan.se\/vandravagen\/2017\/02\/09\/nattvard-med-min-ovan\/","url":"https:\/\/blogg.svenskakyrkan.se\/vandravagen\/2017\/02\/09\/nattvard-med-min-ovan\/","name":"Nattvard med min ov\u00e4n - Vandra V\u00e4gen","isPartOf":{"@id":"https:\/\/blogg.svenskakyrkan.se\/vandravagen\/#website"},"primaryImageOfPage":{"@id":"https:\/\/blogg.svenskakyrkan.se\/vandravagen\/2017\/02\/09\/nattvard-med-min-ovan\/#primaryimage"},"image":{"@id":"https:\/\/blogg.svenskakyrkan.se\/vandravagen\/2017\/02\/09\/nattvard-med-min-ovan\/#primaryimage"},"thumbnailUrl":"http:\/\/blogg.svenskakyrkan.se\/vandravagen\/files\/2017\/02\/DSC_0914.jpg","datePublished":"2017-02-09T06:00:38+00:00","breadcrumb":{"@id":"https:\/\/blogg.svenskakyrkan.se\/vandravagen\/2017\/02\/09\/nattvard-med-min-ovan\/#breadcrumb"},"inLanguage":"sv-SE","potentialAction":[{"@type":"ReadAction","target":["https:\/\/blogg.svenskakyrkan.se\/vandravagen\/2017\/02\/09\/nattvard-med-min-ovan\/"]}]},{"@type":"ImageObject","inLanguage":"sv-SE","@id":"https:\/\/blogg.svenskakyrkan.se\/vandravagen\/2017\/02\/09\/nattvard-med-min-ovan\/#primaryimage","url":"http:\/\/blogg.svenskakyrkan.se\/vandravagen\/files\/2017\/02\/DSC_0914.jpg","contentUrl":"http:\/\/blogg.svenskakyrkan.se\/vandravagen\/files\/2017\/02\/DSC_0914.jpg"},{"@type":"BreadcrumbList","@id":"https:\/\/blogg.svenskakyrkan.se\/vandravagen\/2017\/02\/09\/nattvard-med-min-ovan\/#breadcrumb","itemListElement":[{"@type":"ListItem","position":1,"name":"Hem","item":"https:\/\/blogg.svenskakyrkan.se\/vandravagen\/"},{"@type":"ListItem","position":2,"name":"Nattvard med min ov\u00e4n"}]},{"@type":"WebSite","@id":"https:\/\/blogg.svenskakyrkan.se\/vandravagen\/#website","url":"https:\/\/blogg.svenskakyrkan.se\/vandravagen\/","name":"Vandra V\u00e4gen","description":"-Mot en tro f\u00f6r hela livet","publisher":{"@id":"https:\/\/blogg.svenskakyrkan.se\/vandravagen\/#organization"},"potentialAction":[{"@type":"SearchAction","target":{"@type":"EntryPoint","urlTemplate":"https:\/\/blogg.svenskakyrkan.se\/vandravagen\/?s={search_term_string}"},"query-input":{"@type":"PropertyValueSpecification","valueRequired":true,"valueName":"search_term_string"}}],"inLanguage":"sv-SE"},{"@type":"Organization","@id":"https:\/\/blogg.svenskakyrkan.se\/vandravagen\/#organization","name":"ulricehamns pastorat","alternateName":"ulricehamns pastorat","url":"https:\/\/blogg.svenskakyrkan.se\/vandravagen\/","logo":{"@type":"ImageObject","inLanguage":"sv-SE","@id":"https:\/\/blogg.svenskakyrkan.se\/vandravagen\/#\/schema\/logo\/image\/","url":"https:\/\/blogg.svenskakyrkan.se\/vandravagen\/files\/2023\/05\/Ulr_logo_RGB.png","contentUrl":"https:\/\/blogg.svenskakyrkan.se\/vandravagen\/files\/2023\/05\/Ulr_logo_RGB.png","width":205,"height":77,"caption":"ulricehamns pastorat"},"image":{"@id":"https:\/\/blogg.svenskakyrkan.se\/vandravagen\/#\/schema\/logo\/image\/"},"sameAs":["http:\/\/facebook.com\/vandravagen","https:\/\/x.com\/fadertomas","http:\/\/www.facebook.com\/svenskakyrkaniulricehamn"]},{"@type":"Person","@id":"https:\/\/blogg.svenskakyrkan.se\/vandravagen\/#\/schema\/person\/25da02d4f76b137d04291711e2c9fc16","name":"Tomas Jarvid","image":{"@type":"ImageObject","inLanguage":"sv-SE","@id":"https:\/\/blogg.svenskakyrkan.se\/vandravagen\/#\/schema\/person\/image\/","url":"https:\/\/secure.gravatar.com\/avatar\/7fa71899795e8f540f615a1f5ab25255dc27aa40f05ee7ddd21aac521e01bf50?s=96&d=identicon&r=g","contentUrl":"https:\/\/secure.gravatar.com\/avatar\/7fa71899795e8f540f615a1f5ab25255dc27aa40f05ee7ddd21aac521e01bf50?s=96&d=identicon&r=g","caption":"Tomas Jarvid"},"description":"Jag bor i Ulricehamn i V\u00e4sterg\u00f6tland och \u00e4r f\u00f6rsamlingspr\u00e4st i Svenska Kyrkan f\u00f6r Dalstorps f\u00f6rsamling i Kinds pastorat. P\u00e5 den h\u00e4r bloggen skriver jag ner tankar om vandringen som kristen.","sameAs":["http:\/\/www.vandravagen.se"],"url":"https:\/\/blogg.svenskakyrkan.se\/vandravagen\/author\/vandravagen\/"}]}},"author_meta":{"ID":"392","user_nicename":"vandravagen","user_url":"http:\/\/www.vandravagen.se","user_registered":"2014-05-19 05:44:52","display_name":"Tomas Jarvid","first_name":"Tomas","last_name":"Jarvid","avatar":"https:\/\/secure.gravatar.com\/avatar\/7fa71899795e8f540f615a1f5ab25255dc27aa40f05ee7ddd21aac521e01bf50?s=96&d=identicon&r=g"},"featured_image":false,"bloginfo":{"name":"Vandra V\u00e4gen","url":"https:\/\/blogg.svenskakyrkan.se\/vandravagen"},"_links":{"self":[{"href":"https:\/\/blogg.svenskakyrkan.se\/vandravagen\/wp-json\/wp\/v2\/posts\/5445","targetHints":{"allow":["GET"]}}],"collection":[{"href":"https:\/\/blogg.svenskakyrkan.se\/vandravagen\/wp-json\/wp\/v2\/posts"}],"about":[{"href":"https:\/\/blogg.svenskakyrkan.se\/vandravagen\/wp-json\/wp\/v2\/types\/post"}],"author":[{"embeddable":true,"href":"https:\/\/blogg.svenskakyrkan.se\/vandravagen\/wp-json\/wp\/v2\/users\/392"}],"replies":[{"embeddable":true,"href":"https:\/\/blogg.svenskakyrkan.se\/vandravagen\/wp-json\/wp\/v2\/comments?post=5445"}],"version-history":[{"count":2,"href":"https:\/\/blogg.svenskakyrkan.se\/vandravagen\/wp-json\/wp\/v2\/posts\/5445\/revisions"}],"predecessor-version":[{"id":5448,"href":"https:\/\/blogg.svenskakyrkan.se\/vandravagen\/wp-json\/wp\/v2\/posts\/5445\/revisions\/5448"}],"wp:attachment":[{"href":"https:\/\/blogg.svenskakyrkan.se\/vandravagen\/wp-json\/wp\/v2\/media?parent=5445"}],"wp:term":[{"taxonomy":"category","embeddable":true,"href":"https:\/\/blogg.svenskakyrkan.se\/vandravagen\/wp-json\/wp\/v2\/categories?post=5445"},{"taxonomy":"post_tag","embeddable":true,"href":"https:\/\/blogg.svenskakyrkan.se\/vandravagen\/wp-json\/wp\/v2\/tags?post=5445"}],"curies":[{"name":"wp","href":"https:\/\/api.w.org\/{rel}","templated":true}]}}