{"id":545,"date":"2013-05-28T18:30:00","date_gmt":"2013-05-28T16:30:00","guid":{"rendered":"http:\/\/blogg.svenskakyrkan.se\/vandravagen\/2013\/05\/28\/konsten-att-soka-pa-vandra-vagen\/"},"modified":"2013-05-28T18:30:00","modified_gmt":"2013-05-28T16:30:00","slug":"konsten-att-soka-pa-vandra-vagen","status":"publish","type":"post","link":"https:\/\/blogg.svenskakyrkan.se\/vandravagen\/2013\/05\/28\/konsten-att-soka-pa-vandra-vagen\/","title":{"rendered":"Konsten att s\u00f6ka p\u00e5 Vandra V\u00e4gen"},"content":{"rendered":"<p>Jag hade en g\u00e5ng ett s\u00f6kf\u00e4lt p\u00e5 bloggen. Det funkade av n\u00e5gon anledning riktigt kasst. Man hittade ingenting (och jag vet ju \u00e4nd\u00e5 ganska v\u00e4l vad som finns att leta upp) helt enkelt. S\u00e5 s\u00f6kf\u00e4ltet \u00e5kte bort.<\/p>\n<table align=\"center\" cellpadding=\"0\" cellspacing=\"0\">\n<tbody>\n<tr>\n<td><a href=\"http:\/\/2.bp.blogspot.com\/-XqYYSf0rc18\/UaRdknYxAKI\/AAAAAAAADng\/7bb6zoOxioo\/s1600\/so%CC%88ka+i+blogg.jpg\"><img loading=\"lazy\" decoding=\"async\" border=\"0\" height=\"198\" src=\"http:\/\/2.bp.blogspot.com\/-XqYYSf0rc18\/UaRdknYxAKI\/AAAAAAAADng\/7bb6zoOxioo\/s640\/so%CC%88ka+i+blogg.jpg\" width=\"640\"><\/a><\/td>\n<\/tr>\n<tr>\n<td>S\u00f6kning via google, funkar kanon!<\/td>\n<\/tr>\n<\/tbody>\n<\/table>\n<p>Ist\u00e4llet har jag gjort s\u00e5 sj\u00e4lv n\u00e4r jag letat upp bloggposter att jag helt enkelt googlat p\u00e5: <i>Vandra V\u00e4gen pingst<\/i> (eller vad det nu \u00e4r f\u00f6r s\u00f6kord. Funkar kanon. Man hittar allt!<\/p>\n<p>S\u00e5 om du n\u00e5gon g\u00e5ng snabbt vill hitta gamla bloggposter rekommenderar jag det s\u00e4ttet framf\u00f6r att bl\u00e4ddra i arkivlisten.<\/p>\n","protected":false},"excerpt":{"rendered":"<p>Jag hade en g\u00e5ng ett s\u00f6kf\u00e4lt p\u00e5 bloggen. Det funkade av n\u00e5gon anledning riktigt kasst. Man hittade ingenting (och jag vet ju \u00e4nd\u00e5 ganska v\u00e4l vad som finns att leta upp) helt enkelt. S\u00e5 s\u00f6kf\u00e4ltet \u00e5kte bort. S\u00f6kning via google, funkar kanon! Ist\u00e4llet har jag gjort s\u00e5 sj\u00e4lv n\u00e4r jag letat upp bloggposter att jag [&hellip;]<\/p>\n","protected":false},"author":392,"featured_media":0,"comment_status":"open","ping_status":"open","sticky":false,"template":"","format":"standard","meta":{"_acf_changed":false,"footnotes":""},"categories":[76608],"tags":[],"class_list":["post-545","post","type-post","status-publish","format-standard","hentry","category-bloggen"],"acf":[],"yoast_head":"<!-- This site is optimized with the Yoast SEO plugin v27.1.1 - https:\/\/yoast.com\/product\/yoast-seo-wordpress\/ -->\n<title>Konsten att s\u00f6ka p\u00e5 Vandra V\u00e4gen - Vandra V\u00e4gen<\/title>\n<meta name=\"robots\" content=\"index, follow, max-snippet:-1, max-image-preview:large, max-video-preview:-1\" \/>\n<link rel=\"canonical\" href=\"https:\/\/blogg.svenskakyrkan.se\/vandravagen\/2013\/05\/28\/konsten-att-soka-pa-vandra-vagen\/\" \/>\n<meta property=\"og:locale\" content=\"sv_SE\" \/>\n<meta property=\"og:type\" content=\"article\" \/>\n<meta property=\"og:title\" content=\"Konsten att s\u00f6ka p\u00e5 Vandra V\u00e4gen - Vandra V\u00e4gen\" \/>\n<meta property=\"og:description\" content=\"Jag hade en g\u00e5ng ett s\u00f6kf\u00e4lt p\u00e5 bloggen. Det funkade av n\u00e5gon anledning riktigt kasst. Man hittade ingenting (och jag vet ju \u00e4nd\u00e5 ganska v\u00e4l vad som finns att leta upp) helt enkelt. S\u00e5 s\u00f6kf\u00e4ltet \u00e5kte bort. S\u00f6kning via google, funkar kanon! Ist\u00e4llet har jag gjort s\u00e5 sj\u00e4lv n\u00e4r jag letat upp bloggposter att jag [&hellip;]\" \/>\n<meta property=\"og:url\" content=\"https:\/\/blogg.svenskakyrkan.se\/vandravagen\/2013\/05\/28\/konsten-att-soka-pa-vandra-vagen\/\" \/>\n<meta property=\"og:site_name\" content=\"Vandra V\u00e4gen\" \/>\n<meta property=\"article:publisher\" content=\"http:\/\/facebook.com\/vandravagen\" \/>\n<meta property=\"article:published_time\" content=\"2013-05-28T16:30:00+00:00\" \/>\n<meta property=\"og:image\" content=\"http:\/\/2.bp.blogspot.com\/-XqYYSf0rc18\/UaRdknYxAKI\/AAAAAAAADng\/7bb6zoOxioo\/s640\/so%CC%88ka+i+blogg.jpg\" \/>\n<meta name=\"author\" content=\"Tomas Jarvid\" \/>\n<meta name=\"twitter:card\" content=\"summary_large_image\" \/>\n<meta name=\"twitter:creator\" content=\"@fadertomas\" \/>\n<meta name=\"twitter:site\" content=\"@fadertomas\" \/>\n<meta name=\"twitter:label1\" content=\"Skriven av\" \/>\n\t<meta name=\"twitter:data1\" content=\"Tomas Jarvid\" \/>\n\t<meta name=\"twitter:label2\" content=\"Ber\u00e4knad l\u00e4stid\" \/>\n\t<meta name=\"twitter:data2\" content=\"1 minut\" \/>\n<script type=\"application\/ld+json\" class=\"yoast-schema-graph\">{\"@context\":\"https:\/\/schema.org\",\"@graph\":[{\"@type\":\"Article\",\"@id\":\"https:\/\/blogg.svenskakyrkan.se\/vandravagen\/2013\/05\/28\/konsten-att-soka-pa-vandra-vagen\/#article\",\"isPartOf\":{\"@id\":\"https:\/\/blogg.svenskakyrkan.se\/vandravagen\/2013\/05\/28\/konsten-att-soka-pa-vandra-vagen\/\"},\"author\":{\"name\":\"Tomas Jarvid\",\"@id\":\"https:\/\/blogg.svenskakyrkan.se\/vandravagen\/#\/schema\/person\/25da02d4f76b137d04291711e2c9fc16\"},\"headline\":\"Konsten att s\u00f6ka p\u00e5 Vandra V\u00e4gen\",\"datePublished\":\"2013-05-28T16:30:00+00:00\",\"mainEntityOfPage\":{\"@id\":\"https:\/\/blogg.svenskakyrkan.se\/vandravagen\/2013\/05\/28\/konsten-att-soka-pa-vandra-vagen\/\"},\"wordCount\":120,\"commentCount\":2,\"publisher\":{\"@id\":\"https:\/\/blogg.svenskakyrkan.se\/vandravagen\/#organization\"},\"image\":{\"@id\":\"https:\/\/blogg.svenskakyrkan.se\/vandravagen\/2013\/05\/28\/konsten-att-soka-pa-vandra-vagen\/#primaryimage\"},\"thumbnailUrl\":\"http:\/\/2.bp.blogspot.com\/-XqYYSf0rc18\/UaRdknYxAKI\/AAAAAAAADng\/7bb6zoOxioo\/s640\/so%CC%88ka+i+blogg.jpg\",\"articleSection\":[\"bloggen\"],\"inLanguage\":\"sv-SE\",\"potentialAction\":[{\"@type\":\"CommentAction\",\"name\":\"Comment\",\"target\":[\"https:\/\/blogg.svenskakyrkan.se\/vandravagen\/2013\/05\/28\/konsten-att-soka-pa-vandra-vagen\/#respond\"]}]},{\"@type\":\"WebPage\",\"@id\":\"https:\/\/blogg.svenskakyrkan.se\/vandravagen\/2013\/05\/28\/konsten-att-soka-pa-vandra-vagen\/\",\"url\":\"https:\/\/blogg.svenskakyrkan.se\/vandravagen\/2013\/05\/28\/konsten-att-soka-pa-vandra-vagen\/\",\"name\":\"Konsten att s\u00f6ka p\u00e5 Vandra V\u00e4gen - Vandra V\u00e4gen\",\"isPartOf\":{\"@id\":\"https:\/\/blogg.svenskakyrkan.se\/vandravagen\/#website\"},\"primaryImageOfPage\":{\"@id\":\"https:\/\/blogg.svenskakyrkan.se\/vandravagen\/2013\/05\/28\/konsten-att-soka-pa-vandra-vagen\/#primaryimage\"},\"image\":{\"@id\":\"https:\/\/blogg.svenskakyrkan.se\/vandravagen\/2013\/05\/28\/konsten-att-soka-pa-vandra-vagen\/#primaryimage\"},\"thumbnailUrl\":\"http:\/\/2.bp.blogspot.com\/-XqYYSf0rc18\/UaRdknYxAKI\/AAAAAAAADng\/7bb6zoOxioo\/s640\/so%CC%88ka+i+blogg.jpg\",\"datePublished\":\"2013-05-28T16:30:00+00:00\",\"breadcrumb\":{\"@id\":\"https:\/\/blogg.svenskakyrkan.se\/vandravagen\/2013\/05\/28\/konsten-att-soka-pa-vandra-vagen\/#breadcrumb\"},\"inLanguage\":\"sv-SE\",\"potentialAction\":[{\"@type\":\"ReadAction\",\"target\":[\"https:\/\/blogg.svenskakyrkan.se\/vandravagen\/2013\/05\/28\/konsten-att-soka-pa-vandra-vagen\/\"]}]},{\"@type\":\"ImageObject\",\"inLanguage\":\"sv-SE\",\"@id\":\"https:\/\/blogg.svenskakyrkan.se\/vandravagen\/2013\/05\/28\/konsten-att-soka-pa-vandra-vagen\/#primaryimage\",\"url\":\"http:\/\/2.bp.blogspot.com\/-XqYYSf0rc18\/UaRdknYxAKI\/AAAAAAAADng\/7bb6zoOxioo\/s640\/so%CC%88ka+i+blogg.jpg\",\"contentUrl\":\"http:\/\/2.bp.blogspot.com\/-XqYYSf0rc18\/UaRdknYxAKI\/AAAAAAAADng\/7bb6zoOxioo\/s640\/so%CC%88ka+i+blogg.jpg\"},{\"@type\":\"BreadcrumbList\",\"@id\":\"https:\/\/blogg.svenskakyrkan.se\/vandravagen\/2013\/05\/28\/konsten-att-soka-pa-vandra-vagen\/#breadcrumb\",\"itemListElement\":[{\"@type\":\"ListItem\",\"position\":1,\"name\":\"Hem\",\"item\":\"https:\/\/blogg.svenskakyrkan.se\/vandravagen\/\"},{\"@type\":\"ListItem\",\"position\":2,\"name\":\"Konsten att s\u00f6ka p\u00e5 Vandra V\u00e4gen\"}]},{\"@type\":\"WebSite\",\"@id\":\"https:\/\/blogg.svenskakyrkan.se\/vandravagen\/#website\",\"url\":\"https:\/\/blogg.svenskakyrkan.se\/vandravagen\/\",\"name\":\"Vandra V\u00e4gen\",\"description\":\"-Mot en tro f\u00f6r hela livet\",\"publisher\":{\"@id\":\"https:\/\/blogg.svenskakyrkan.se\/vandravagen\/#organization\"},\"potentialAction\":[{\"@type\":\"SearchAction\",\"target\":{\"@type\":\"EntryPoint\",\"urlTemplate\":\"https:\/\/blogg.svenskakyrkan.se\/vandravagen\/?s={search_term_string}\"},\"query-input\":{\"@type\":\"PropertyValueSpecification\",\"valueRequired\":true,\"valueName\":\"search_term_string\"}}],\"inLanguage\":\"sv-SE\"},{\"@type\":\"Organization\",\"@id\":\"https:\/\/blogg.svenskakyrkan.se\/vandravagen\/#organization\",\"name\":\"ulricehamns pastorat\",\"alternateName\":\"ulricehamns pastorat\",\"url\":\"https:\/\/blogg.svenskakyrkan.se\/vandravagen\/\",\"logo\":{\"@type\":\"ImageObject\",\"inLanguage\":\"sv-SE\",\"@id\":\"https:\/\/blogg.svenskakyrkan.se\/vandravagen\/#\/schema\/logo\/image\/\",\"url\":\"https:\/\/blogg.svenskakyrkan.se\/vandravagen\/files\/2023\/05\/Ulr_logo_RGB.png\",\"contentUrl\":\"https:\/\/blogg.svenskakyrkan.se\/vandravagen\/files\/2023\/05\/Ulr_logo_RGB.png\",\"width\":205,\"height\":77,\"caption\":\"ulricehamns pastorat\"},\"image\":{\"@id\":\"https:\/\/blogg.svenskakyrkan.se\/vandravagen\/#\/schema\/logo\/image\/\"},\"sameAs\":[\"http:\/\/facebook.com\/vandravagen\",\"https:\/\/x.com\/fadertomas\",\"http:\/\/www.facebook.com\/svenskakyrkaniulricehamn\"]},{\"@type\":\"Person\",\"@id\":\"https:\/\/blogg.svenskakyrkan.se\/vandravagen\/#\/schema\/person\/25da02d4f76b137d04291711e2c9fc16\",\"name\":\"Tomas Jarvid\",\"image\":{\"@type\":\"ImageObject\",\"inLanguage\":\"sv-SE\",\"@id\":\"https:\/\/blogg.svenskakyrkan.se\/vandravagen\/#\/schema\/person\/image\/\",\"url\":\"https:\/\/secure.gravatar.com\/avatar\/7fa71899795e8f540f615a1f5ab25255dc27aa40f05ee7ddd21aac521e01bf50?s=96&d=identicon&r=g\",\"contentUrl\":\"https:\/\/secure.gravatar.com\/avatar\/7fa71899795e8f540f615a1f5ab25255dc27aa40f05ee7ddd21aac521e01bf50?s=96&d=identicon&r=g\",\"caption\":\"Tomas Jarvid\"},\"description\":\"Jag bor i Ulricehamn i V\u00e4sterg\u00f6tland och \u00e4r f\u00f6rsamlingspr\u00e4st i Svenska Kyrkan f\u00f6r Dalstorps f\u00f6rsamling i Kinds pastorat. P\u00e5 den h\u00e4r bloggen skriver jag ner tankar om vandringen som kristen.\",\"sameAs\":[\"http:\/\/www.vandravagen.se\"],\"url\":\"https:\/\/blogg.svenskakyrkan.se\/vandravagen\/author\/vandravagen\/\"}]}<\/script>\n<!-- \/ Yoast SEO plugin. -->","yoast_head_json":{"title":"Konsten att s\u00f6ka p\u00e5 Vandra V\u00e4gen - Vandra V\u00e4gen","robots":{"index":"index","follow":"follow","max-snippet":"max-snippet:-1","max-image-preview":"max-image-preview:large","max-video-preview":"max-video-preview:-1"},"canonical":"https:\/\/blogg.svenskakyrkan.se\/vandravagen\/2013\/05\/28\/konsten-att-soka-pa-vandra-vagen\/","og_locale":"sv_SE","og_type":"article","og_title":"Konsten att s\u00f6ka p\u00e5 Vandra V\u00e4gen - Vandra V\u00e4gen","og_description":"Jag hade en g\u00e5ng ett s\u00f6kf\u00e4lt p\u00e5 bloggen. Det funkade av n\u00e5gon anledning riktigt kasst. Man hittade ingenting (och jag vet ju \u00e4nd\u00e5 ganska v\u00e4l vad som finns att leta upp) helt enkelt. S\u00e5 s\u00f6kf\u00e4ltet \u00e5kte bort. S\u00f6kning via google, funkar kanon! Ist\u00e4llet har jag gjort s\u00e5 sj\u00e4lv n\u00e4r jag letat upp bloggposter att jag [&hellip;]","og_url":"https:\/\/blogg.svenskakyrkan.se\/vandravagen\/2013\/05\/28\/konsten-att-soka-pa-vandra-vagen\/","og_site_name":"Vandra V\u00e4gen","article_publisher":"http:\/\/facebook.com\/vandravagen","article_published_time":"2013-05-28T16:30:00+00:00","og_image":[{"url":"http:\/\/2.bp.blogspot.com\/-XqYYSf0rc18\/UaRdknYxAKI\/AAAAAAAADng\/7bb6zoOxioo\/s640\/so%CC%88ka+i+blogg.jpg","type":"","width":"","height":""}],"author":"Tomas Jarvid","twitter_card":"summary_large_image","twitter_creator":"@fadertomas","twitter_site":"@fadertomas","twitter_misc":{"Skriven av":"Tomas Jarvid","Ber\u00e4knad l\u00e4stid":"1 minut"},"schema":{"@context":"https:\/\/schema.org","@graph":[{"@type":"Article","@id":"https:\/\/blogg.svenskakyrkan.se\/vandravagen\/2013\/05\/28\/konsten-att-soka-pa-vandra-vagen\/#article","isPartOf":{"@id":"https:\/\/blogg.svenskakyrkan.se\/vandravagen\/2013\/05\/28\/konsten-att-soka-pa-vandra-vagen\/"},"author":{"name":"Tomas Jarvid","@id":"https:\/\/blogg.svenskakyrkan.se\/vandravagen\/#\/schema\/person\/25da02d4f76b137d04291711e2c9fc16"},"headline":"Konsten att s\u00f6ka p\u00e5 Vandra V\u00e4gen","datePublished":"2013-05-28T16:30:00+00:00","mainEntityOfPage":{"@id":"https:\/\/blogg.svenskakyrkan.se\/vandravagen\/2013\/05\/28\/konsten-att-soka-pa-vandra-vagen\/"},"wordCount":120,"commentCount":2,"publisher":{"@id":"https:\/\/blogg.svenskakyrkan.se\/vandravagen\/#organization"},"image":{"@id":"https:\/\/blogg.svenskakyrkan.se\/vandravagen\/2013\/05\/28\/konsten-att-soka-pa-vandra-vagen\/#primaryimage"},"thumbnailUrl":"http:\/\/2.bp.blogspot.com\/-XqYYSf0rc18\/UaRdknYxAKI\/AAAAAAAADng\/7bb6zoOxioo\/s640\/so%CC%88ka+i+blogg.jpg","articleSection":["bloggen"],"inLanguage":"sv-SE","potentialAction":[{"@type":"CommentAction","name":"Comment","target":["https:\/\/blogg.svenskakyrkan.se\/vandravagen\/2013\/05\/28\/konsten-att-soka-pa-vandra-vagen\/#respond"]}]},{"@type":"WebPage","@id":"https:\/\/blogg.svenskakyrkan.se\/vandravagen\/2013\/05\/28\/konsten-att-soka-pa-vandra-vagen\/","url":"https:\/\/blogg.svenskakyrkan.se\/vandravagen\/2013\/05\/28\/konsten-att-soka-pa-vandra-vagen\/","name":"Konsten att s\u00f6ka p\u00e5 Vandra V\u00e4gen - Vandra V\u00e4gen","isPartOf":{"@id":"https:\/\/blogg.svenskakyrkan.se\/vandravagen\/#website"},"primaryImageOfPage":{"@id":"https:\/\/blogg.svenskakyrkan.se\/vandravagen\/2013\/05\/28\/konsten-att-soka-pa-vandra-vagen\/#primaryimage"},"image":{"@id":"https:\/\/blogg.svenskakyrkan.se\/vandravagen\/2013\/05\/28\/konsten-att-soka-pa-vandra-vagen\/#primaryimage"},"thumbnailUrl":"http:\/\/2.bp.blogspot.com\/-XqYYSf0rc18\/UaRdknYxAKI\/AAAAAAAADng\/7bb6zoOxioo\/s640\/so%CC%88ka+i+blogg.jpg","datePublished":"2013-05-28T16:30:00+00:00","breadcrumb":{"@id":"https:\/\/blogg.svenskakyrkan.se\/vandravagen\/2013\/05\/28\/konsten-att-soka-pa-vandra-vagen\/#breadcrumb"},"inLanguage":"sv-SE","potentialAction":[{"@type":"ReadAction","target":["https:\/\/blogg.svenskakyrkan.se\/vandravagen\/2013\/05\/28\/konsten-att-soka-pa-vandra-vagen\/"]}]},{"@type":"ImageObject","inLanguage":"sv-SE","@id":"https:\/\/blogg.svenskakyrkan.se\/vandravagen\/2013\/05\/28\/konsten-att-soka-pa-vandra-vagen\/#primaryimage","url":"http:\/\/2.bp.blogspot.com\/-XqYYSf0rc18\/UaRdknYxAKI\/AAAAAAAADng\/7bb6zoOxioo\/s640\/so%CC%88ka+i+blogg.jpg","contentUrl":"http:\/\/2.bp.blogspot.com\/-XqYYSf0rc18\/UaRdknYxAKI\/AAAAAAAADng\/7bb6zoOxioo\/s640\/so%CC%88ka+i+blogg.jpg"},{"@type":"BreadcrumbList","@id":"https:\/\/blogg.svenskakyrkan.se\/vandravagen\/2013\/05\/28\/konsten-att-soka-pa-vandra-vagen\/#breadcrumb","itemListElement":[{"@type":"ListItem","position":1,"name":"Hem","item":"https:\/\/blogg.svenskakyrkan.se\/vandravagen\/"},{"@type":"ListItem","position":2,"name":"Konsten att s\u00f6ka p\u00e5 Vandra V\u00e4gen"}]},{"@type":"WebSite","@id":"https:\/\/blogg.svenskakyrkan.se\/vandravagen\/#website","url":"https:\/\/blogg.svenskakyrkan.se\/vandravagen\/","name":"Vandra V\u00e4gen","description":"-Mot en tro f\u00f6r hela livet","publisher":{"@id":"https:\/\/blogg.svenskakyrkan.se\/vandravagen\/#organization"},"potentialAction":[{"@type":"SearchAction","target":{"@type":"EntryPoint","urlTemplate":"https:\/\/blogg.svenskakyrkan.se\/vandravagen\/?s={search_term_string}"},"query-input":{"@type":"PropertyValueSpecification","valueRequired":true,"valueName":"search_term_string"}}],"inLanguage":"sv-SE"},{"@type":"Organization","@id":"https:\/\/blogg.svenskakyrkan.se\/vandravagen\/#organization","name":"ulricehamns pastorat","alternateName":"ulricehamns pastorat","url":"https:\/\/blogg.svenskakyrkan.se\/vandravagen\/","logo":{"@type":"ImageObject","inLanguage":"sv-SE","@id":"https:\/\/blogg.svenskakyrkan.se\/vandravagen\/#\/schema\/logo\/image\/","url":"https:\/\/blogg.svenskakyrkan.se\/vandravagen\/files\/2023\/05\/Ulr_logo_RGB.png","contentUrl":"https:\/\/blogg.svenskakyrkan.se\/vandravagen\/files\/2023\/05\/Ulr_logo_RGB.png","width":205,"height":77,"caption":"ulricehamns pastorat"},"image":{"@id":"https:\/\/blogg.svenskakyrkan.se\/vandravagen\/#\/schema\/logo\/image\/"},"sameAs":["http:\/\/facebook.com\/vandravagen","https:\/\/x.com\/fadertomas","http:\/\/www.facebook.com\/svenskakyrkaniulricehamn"]},{"@type":"Person","@id":"https:\/\/blogg.svenskakyrkan.se\/vandravagen\/#\/schema\/person\/25da02d4f76b137d04291711e2c9fc16","name":"Tomas Jarvid","image":{"@type":"ImageObject","inLanguage":"sv-SE","@id":"https:\/\/blogg.svenskakyrkan.se\/vandravagen\/#\/schema\/person\/image\/","url":"https:\/\/secure.gravatar.com\/avatar\/7fa71899795e8f540f615a1f5ab25255dc27aa40f05ee7ddd21aac521e01bf50?s=96&d=identicon&r=g","contentUrl":"https:\/\/secure.gravatar.com\/avatar\/7fa71899795e8f540f615a1f5ab25255dc27aa40f05ee7ddd21aac521e01bf50?s=96&d=identicon&r=g","caption":"Tomas Jarvid"},"description":"Jag bor i Ulricehamn i V\u00e4sterg\u00f6tland och \u00e4r f\u00f6rsamlingspr\u00e4st i Svenska Kyrkan f\u00f6r Dalstorps f\u00f6rsamling i Kinds pastorat. P\u00e5 den h\u00e4r bloggen skriver jag ner tankar om vandringen som kristen.","sameAs":["http:\/\/www.vandravagen.se"],"url":"https:\/\/blogg.svenskakyrkan.se\/vandravagen\/author\/vandravagen\/"}]}},"author_meta":{"ID":"392","user_nicename":"vandravagen","user_url":"http:\/\/www.vandravagen.se","user_registered":"2014-05-19 05:44:52","display_name":"Tomas Jarvid","first_name":"Tomas","last_name":"Jarvid","avatar":"https:\/\/secure.gravatar.com\/avatar\/7fa71899795e8f540f615a1f5ab25255dc27aa40f05ee7ddd21aac521e01bf50?s=96&d=identicon&r=g"},"featured_image":false,"bloginfo":{"name":"Vandra V\u00e4gen","url":"https:\/\/blogg.svenskakyrkan.se\/vandravagen"},"_links":{"self":[{"href":"https:\/\/blogg.svenskakyrkan.se\/vandravagen\/wp-json\/wp\/v2\/posts\/545","targetHints":{"allow":["GET"]}}],"collection":[{"href":"https:\/\/blogg.svenskakyrkan.se\/vandravagen\/wp-json\/wp\/v2\/posts"}],"about":[{"href":"https:\/\/blogg.svenskakyrkan.se\/vandravagen\/wp-json\/wp\/v2\/types\/post"}],"author":[{"embeddable":true,"href":"https:\/\/blogg.svenskakyrkan.se\/vandravagen\/wp-json\/wp\/v2\/users\/392"}],"replies":[{"embeddable":true,"href":"https:\/\/blogg.svenskakyrkan.se\/vandravagen\/wp-json\/wp\/v2\/comments?post=545"}],"version-history":[{"count":0,"href":"https:\/\/blogg.svenskakyrkan.se\/vandravagen\/wp-json\/wp\/v2\/posts\/545\/revisions"}],"wp:attachment":[{"href":"https:\/\/blogg.svenskakyrkan.se\/vandravagen\/wp-json\/wp\/v2\/media?parent=545"}],"wp:term":[{"taxonomy":"category","embeddable":true,"href":"https:\/\/blogg.svenskakyrkan.se\/vandravagen\/wp-json\/wp\/v2\/categories?post=545"},{"taxonomy":"post_tag","embeddable":true,"href":"https:\/\/blogg.svenskakyrkan.se\/vandravagen\/wp-json\/wp\/v2\/tags?post=545"}],"curies":[{"name":"wp","href":"https:\/\/api.w.org\/{rel}","templated":true}]}}