{"id":546,"date":"2013-05-28T08:24:00","date_gmt":"2013-05-28T06:24:00","guid":{"rendered":"http:\/\/blogg.svenskakyrkan.se\/vandravagen\/2013\/05\/28\/veckans-favoriter-fran-twitter-2\/"},"modified":"2013-05-28T08:24:00","modified_gmt":"2013-05-28T06:24:00","slug":"veckans-favoriter-fran-twitter-2","status":"publish","type":"post","link":"https:\/\/blogg.svenskakyrkan.se\/vandravagen\/2013\/05\/28\/veckans-favoriter-fran-twitter-2\/","title":{"rendered":"Veckans favoriter fr\u00e5n twitter"},"content":{"rendered":"<div>\u00c4ntligen tisdag och \u00e4nnu en omg\u00e5ng med tweets som f\u00f6rtj\u00e4nar en andra chans och lite mer uppm\u00e4rksamhet. H\u00e4r \u00e4r mina stj\u00e4rnmarkeringar fr\u00e5n veckan som g\u00e5tt!<\/div>\n<div><\/div>\n<div><\/div>\n<div><b>Kristna (?) tweets<\/b><\/div>\n<div><\/div>\n<div><\/div>\n<div><a href=\"http:\/\/3.bp.blogspot.com\/-fewYgBa6Gs0\/UaNMZ2aSofI\/AAAAAAAADmc\/oWMotrlI07g\/s1600\/tva%CC%88rarg.jpg\"><img loading=\"lazy\" decoding=\"async\" border=\"0\" height=\"70\" src=\"http:\/\/3.bp.blogspot.com\/-fewYgBa6Gs0\/UaNMZ2aSofI\/AAAAAAAADmc\/oWMotrlI07g\/s400\/tva%CC%88rarg.jpg\" width=\"400\"><\/a><\/div>\n<div><\/div>\n<div><\/div>\n<div><a href=\"http:\/\/4.bp.blogspot.com\/-valeynZmnxc\/UaNMSzX7caI\/AAAAAAAADkc\/1zTMl4sR05Y\/s1600\/badpeople.jpg\"><img loading=\"lazy\" decoding=\"async\" border=\"0\" height=\"70\" src=\"http:\/\/4.bp.blogspot.com\/-valeynZmnxc\/UaNMSzX7caI\/AAAAAAAADkc\/1zTMl4sR05Y\/s400\/badpeople.jpg\" width=\"400\"><\/a><\/div>\n<div><\/div>\n<div><\/div>\n<div><a href=\"http:\/\/4.bp.blogspot.com\/-iNm-cxkRTNc\/UaNMV9uChMI\/AAAAAAAADlM\/wEazWt_POFI\/s1600\/jesusbieber.jpg\"><img loading=\"lazy\" decoding=\"async\" border=\"0\" height=\"86\" src=\"http:\/\/4.bp.blogspot.com\/-iNm-cxkRTNc\/UaNMV9uChMI\/AAAAAAAADlM\/wEazWt_POFI\/s400\/jesusbieber.jpg\" width=\"400\"><\/a><\/div>\n<div>Jesus Bieber<\/div>\n<div><\/div>\n<div><\/div>\n<div><a href=\"http:\/\/2.bp.blogspot.com\/-47KT4ApGDSQ\/UaNMWihPb8I\/AAAAAAAADlc\/BN0Gnx2ynl8\/s1600\/kghammar.jpg\"><img loading=\"lazy\" decoding=\"async\" border=\"0\" height=\"83\" src=\"http:\/\/2.bp.blogspot.com\/-47KT4ApGDSQ\/UaNMWihPb8I\/AAAAAAAADlc\/BN0Gnx2ynl8\/s400\/kghammar.jpg\" width=\"400\"><\/a><\/div>\n<div><\/div>\n<div><\/div>\n<div><\/div>\n<div><a href=\"http:\/\/4.bp.blogspot.com\/-eqtnXmz3emI\/UaNMadwV_LI\/AAAAAAAADmk\/92LL1YPo594\/s1600\/vittne2.jpg\"><img loading=\"lazy\" decoding=\"async\" border=\"0\" height=\"71\" src=\"http:\/\/4.bp.blogspot.com\/-eqtnXmz3emI\/UaNMadwV_LI\/AAAAAAAADmk\/92LL1YPo594\/s400\/vittne2.jpg\" width=\"400\"><\/a><\/div>\n<div><\/div>\n<div><\/div>\n<div><\/div>\n<div><a href=\"http:\/\/1.bp.blogspot.com\/-dxgjL66_yQ0\/UaNMW8miFAI\/AAAAAAAADlg\/Ui52xoCZ1VI\/s1600\/kommunikation.jpg\"><img loading=\"lazy\" decoding=\"async\" border=\"0\" height=\"70\" src=\"http:\/\/1.bp.blogspot.com\/-dxgjL66_yQ0\/UaNMW8miFAI\/AAAAAAAADlg\/Ui52xoCZ1VI\/s400\/kommunikation.jpg\" width=\"400\"><\/a><\/div>\n<div>Sant, fast inte helt enkelt n\u00e4r det handlar om kommunikation med Gud.<\/div>\n<div><\/div>\n<div><\/div>\n<div><a href=\"http:\/\/1.bp.blogspot.com\/-O-GM67lds1E\/UaNMYGea9qI\/AAAAAAAADmE\/Qcwr9wUhVIg\/s1600\/ro%CC%88varband.jpg\"><img loading=\"lazy\" decoding=\"async\" border=\"0\" height=\"68\" src=\"http:\/\/1.bp.blogspot.com\/-O-GM67lds1E\/UaNMYGea9qI\/AAAAAAAADmE\/Qcwr9wUhVIg\/s400\/ro%CC%88varband.jpg\" width=\"400\"><\/a><\/div>\n<div><\/div>\n<div><\/div>\n<div><\/div>\n<div><b>Kloka tweets<\/b><\/div>\n<div><b><br \/><\/b><\/div>\n<div><b><br \/><\/b><\/div>\n<div><b><br \/><\/b><\/div>\n<div>Den fr\u00e5gan har jag f\u00e5tt. Fler pappor som har?<\/div>\n<div><a href=\"http:\/\/3.bp.blogspot.com\/-o7DqLBauNbo\/UaNMT4L-VeI\/AAAAAAAADkw\/IDWr1VHW42c\/s1600\/barnvakt.jpg\"><img loading=\"lazy\" decoding=\"async\" border=\"0\" height=\"66\" src=\"http:\/\/3.bp.blogspot.com\/-o7DqLBauNbo\/UaNMT4L-VeI\/AAAAAAAADkw\/IDWr1VHW42c\/s400\/barnvakt.jpg\" width=\"400\"><\/a><\/div>\n<div><\/div>\n<div><\/div>\n<div><\/div>\n<div><a href=\"http:\/\/3.bp.blogspot.com\/-mkBQScU1nls\/UaNMYukKyyI\/AAAAAAAADmM\/M4JRTuO-9zY\/s1600\/svindel.jpg\"><img loading=\"lazy\" decoding=\"async\" border=\"0\" height=\"91\" src=\"http:\/\/3.bp.blogspot.com\/-mkBQScU1nls\/UaNMYukKyyI\/AAAAAAAADmM\/M4JRTuO-9zY\/s400\/svindel.jpg\" width=\"400\"><\/a><\/div>\n<div><\/div>\n<div><\/div>\n<div><a href=\"http:\/\/1.bp.blogspot.com\/-UTYq0DuDFW4\/UaNMY5UeMHI\/AAAAAAAADmI\/bnhacwsXQmE\/s1600\/talava%CC%88l.jpg\"><img loading=\"lazy\" decoding=\"async\" border=\"0\" height=\"72\" src=\"http:\/\/1.bp.blogspot.com\/-UTYq0DuDFW4\/UaNMY5UeMHI\/AAAAAAAADmI\/bnhacwsXQmE\/s400\/talava%CC%88l.jpg\" width=\"400\"><\/a><\/div>\n<div><\/div>\n<div><\/div>\n<div><\/div>\n<div><a href=\"http:\/\/2.bp.blogspot.com\/-wq3MkfIPMSQ\/UaNMS6i7F7I\/AAAAAAAADkY\/R5KSNChRJA4\/s1600\/a%CC%88lska.jpg\"><img loading=\"lazy\" decoding=\"async\" border=\"0\" height=\"56\" src=\"http:\/\/2.bp.blogspot.com\/-wq3MkfIPMSQ\/UaNMS6i7F7I\/AAAAAAAADkY\/R5KSNChRJA4\/s400\/a%CC%88lska.jpg\" width=\"400\"><\/a><\/div>\n<div>Om n\u00e5gonsin.<\/div>\n<div><\/div>\n<div><\/div>\n<div>Hoppfullt eller hotfullt?<\/div>\n<div><a href=\"http:\/\/1.bp.blogspot.com\/-bFhCaol5PVk\/UaNMUDECeKI\/AAAAAAAADk4\/lcUo6kGAL14\/s1600\/generationer.jpg\"><img loading=\"lazy\" decoding=\"async\" border=\"0\" height=\"72\" src=\"http:\/\/1.bp.blogspot.com\/-bFhCaol5PVk\/UaNMUDECeKI\/AAAAAAAADk4\/lcUo6kGAL14\/s400\/generationer.jpg\" width=\"400\"><\/a><\/div>\n<div><\/div>\n<div><\/div>\n<div><\/div>\n<div><a href=\"http:\/\/4.bp.blogspot.com\/-SxDpsQoRrzY\/UaNMVveKRmI\/AAAAAAAADlI\/4lZIlHzhmC4\/s1600\/hyresga%CC%88st.jpg\"><img loading=\"lazy\" decoding=\"async\" border=\"0\" height=\"80\" src=\"http:\/\/4.bp.blogspot.com\/-SxDpsQoRrzY\/UaNMVveKRmI\/AAAAAAAADlI\/4lZIlHzhmC4\/s400\/hyresga%CC%88st.jpg\" width=\"400\"><\/a><\/div>\n<div><\/div>\n<div><\/div>\n<div><a href=\"http:\/\/2.bp.blogspot.com\/-6Zi1bF7Dy6I\/UaNMWIwTRdI\/AAAAAAAADlU\/s0JZKi82Ccc\/s1600\/ka%CC%88rlekochlycka.jpg\"><img loading=\"lazy\" decoding=\"async\" border=\"0\" height=\"68\" src=\"http:\/\/2.bp.blogspot.com\/-6Zi1bF7Dy6I\/UaNMWIwTRdI\/AAAAAAAADlU\/s0JZKi82Ccc\/s400\/ka%CC%88rlekochlycka.jpg\" width=\"400\"><\/a><\/div>\n<div>(Lite v\u00e4l m\u00f6rk syn kanske men\u00a0<a href=\"http:\/\/www.vandravagen.se\/2013\/05\/lycka-eller-gladje-som-mal-i-livet.html\">lycka<\/a>\u00a0och <a href=\"http:\/\/www.vandravagen.se\/2012\/05\/den-livsfarliga-romantiken.html\">romantik<\/a>\u00a0\u00e4r inte l\u00e4tta att f\u00f6rh\u00e5lla sig till.)<\/div>\n<div><\/div>\n<\/p>\n<div><b>Roliga (?) tweets<\/b><\/div>\n<div><a href=\"http:\/\/2.bp.blogspot.com\/-RiIfVvgDSHA\/UaNMS8O655I\/AAAAAAAADkg\/LHT7Rrl0hCU\/s1600\/bajsibilen.jpg\"><img loading=\"lazy\" decoding=\"async\" border=\"0\" height=\"113\" src=\"http:\/\/2.bp.blogspot.com\/-RiIfVvgDSHA\/UaNMS8O655I\/AAAAAAAADkg\/LHT7Rrl0hCU\/s400\/bajsibilen.jpg\" width=\"400\"><\/a><\/div>\n<\/p>\n<div><\/div>\n<\/p>\n<div><a href=\"http:\/\/2.bp.blogspot.com\/-VjzYQM1g-9U\/UaNMUPkAVtI\/AAAAAAAADk0\/_AEdnATftww\/s1600\/coleslaw.jpg\"><img loading=\"lazy\" decoding=\"async\" border=\"0\" height=\"86\" src=\"http:\/\/2.bp.blogspot.com\/-VjzYQM1g-9U\/UaNMUPkAVtI\/AAAAAAAADk0\/_AEdnATftww\/s400\/coleslaw.jpg\" width=\"400\"><\/a><\/div>\n<div><\/div>\n<\/p>\n<div><\/div>\n<div>Och s\u00e5 tv\u00e5 om <a href=\"http:\/\/www.vandravagen.se\/2013\/01\/evangeliet-enligt-kay-pollacks-vaxa.html\">hurtigheter<\/a>:<\/div>\n<div><a href=\"http:\/\/4.bp.blogspot.com\/-p4GLSxMuJCU\/UaNMVIBGhzI\/AAAAAAAADk8\/7K5GTtH4Gak\/s1600\/gottra%CC%8Ad.jpg\"><img loading=\"lazy\" decoding=\"async\" border=\"0\" height=\"77\" src=\"http:\/\/4.bp.blogspot.com\/-p4GLSxMuJCU\/UaNMVIBGhzI\/AAAAAAAADk8\/7K5GTtH4Gak\/s400\/gottra%CC%8Ad.jpg\" width=\"400\"><\/a><\/div>\n<div><\/div>\n<div><\/div>\n<div>Kanske inte roligt just men h\u00f6g igenk\u00e4nningsfaktor:<\/div>\n<div><a href=\"http:\/\/1.bp.blogspot.com\/-M5IFXXWYMCo\/UaNMXHqnrqI\/AAAAAAAADlw\/KuJrUTwpibA\/s1600\/morsdag.jpg\"><img loading=\"lazy\" decoding=\"async\" border=\"0\" height=\"83\" src=\"http:\/\/1.bp.blogspot.com\/-M5IFXXWYMCo\/UaNMXHqnrqI\/AAAAAAAADlw\/KuJrUTwpibA\/s400\/morsdag.jpg\" width=\"400\"><\/a><\/div>\n<\/p>\n<div><a href=\"http:\/\/2.bp.blogspot.com\/-qx5DGNiLAYs\/UaNMX6AEeUI\/AAAAAAAADl0\/-Ak7epTX7wE\/s1600\/pizza.jpg\"><img loading=\"lazy\" decoding=\"async\" border=\"0\" height=\"63\" src=\"http:\/\/2.bp.blogspot.com\/-qx5DGNiLAYs\/UaNMX6AEeUI\/AAAAAAAADl0\/-Ak7epTX7wE\/s400\/pizza.jpg\" width=\"400\"><\/a><\/div>\n<div>Coolt! Det st\u00e4mmer ju!<\/div>\n<div><\/div>\n<div><\/div>\n<div><b>Veckans b\u00e4sta tweet<\/b><\/div>\n<div><\/div>\n<div>Kom denna g\u00e5ng fr\u00e5n @SvKUngaTro som citerar Anders Carlberg.\u00a0<\/div>\n<div>Mycket t\u00e4nkv\u00e4rt om att tala om sin tro.<\/div>\n<\/p>\n<div><a href=\"http:\/\/2.bp.blogspot.com\/-FkP-kz7vFIc\/UaNMaHgwRrI\/AAAAAAAADmg\/8LnJO-Lh4ng\/s1600\/vittna.jpg\"><img loading=\"lazy\" decoding=\"async\" border=\"0\" height=\"66\" src=\"http:\/\/2.bp.blogspot.com\/-FkP-kz7vFIc\/UaNMaHgwRrI\/AAAAAAAADmg\/8LnJO-Lh4ng\/s400\/vittna.jpg\" width=\"400\"><\/a><\/div>\n<\/p>\n<div><\/div>\n<\/p>\n<div><\/div><\/p>\n","protected":false},"excerpt":{"rendered":"<p>\u00c4ntligen tisdag och \u00e4nnu en omg\u00e5ng med tweets som f\u00f6rtj\u00e4nar en andra chans och lite mer uppm\u00e4rksamhet. H\u00e4r \u00e4r mina stj\u00e4rnmarkeringar fr\u00e5n veckan som g\u00e5tt! Kristna (?) tweets Jesus Bieber Sant, fast inte helt enkelt n\u00e4r det handlar om kommunikation med Gud. Kloka tweets Den fr\u00e5gan har jag f\u00e5tt. Fler pappor som har? Om n\u00e5gonsin. [&hellip;]<\/p>\n","protected":false},"author":392,"featured_media":0,"comment_status":"open","ping_status":"open","sticky":false,"template":"","format":"standard","meta":{"_acf_changed":false,"footnotes":""},"categories":[76766],"tags":[],"class_list":["post-546","post","type-post","status-publish","format-standard","hentry","category-blandat"],"acf":[],"yoast_head":"<!-- This site is optimized with the Yoast SEO plugin v27.1.1 - https:\/\/yoast.com\/product\/yoast-seo-wordpress\/ -->\n<title>Veckans favoriter fr\u00e5n twitter - Vandra V\u00e4gen<\/title>\n<meta name=\"robots\" content=\"index, follow, max-snippet:-1, max-image-preview:large, max-video-preview:-1\" \/>\n<link rel=\"canonical\" href=\"https:\/\/blogg.svenskakyrkan.se\/vandravagen\/2013\/05\/28\/veckans-favoriter-fran-twitter-2\/\" \/>\n<meta property=\"og:locale\" content=\"sv_SE\" \/>\n<meta property=\"og:type\" content=\"article\" \/>\n<meta property=\"og:title\" content=\"Veckans favoriter fr\u00e5n twitter - Vandra V\u00e4gen\" \/>\n<meta property=\"og:description\" content=\"\u00c4ntligen tisdag och \u00e4nnu en omg\u00e5ng med tweets som f\u00f6rtj\u00e4nar en andra chans och lite mer uppm\u00e4rksamhet. H\u00e4r \u00e4r mina stj\u00e4rnmarkeringar fr\u00e5n veckan som g\u00e5tt! Kristna (?) tweets Jesus Bieber Sant, fast inte helt enkelt n\u00e4r det handlar om kommunikation med Gud. Kloka tweets Den fr\u00e5gan har jag f\u00e5tt. Fler pappor som har? Om n\u00e5gonsin. [&hellip;]\" \/>\n<meta property=\"og:url\" content=\"https:\/\/blogg.svenskakyrkan.se\/vandravagen\/2013\/05\/28\/veckans-favoriter-fran-twitter-2\/\" \/>\n<meta property=\"og:site_name\" content=\"Vandra V\u00e4gen\" \/>\n<meta property=\"article:publisher\" content=\"http:\/\/facebook.com\/vandravagen\" \/>\n<meta property=\"article:published_time\" content=\"2013-05-28T06:24:00+00:00\" \/>\n<meta property=\"og:image\" content=\"http:\/\/3.bp.blogspot.com\/-fewYgBa6Gs0\/UaNMZ2aSofI\/AAAAAAAADmc\/oWMotrlI07g\/s400\/tva%CC%88rarg.jpg\" \/>\n<meta name=\"author\" content=\"Tomas Jarvid\" \/>\n<meta name=\"twitter:card\" content=\"summary_large_image\" \/>\n<meta name=\"twitter:creator\" content=\"@fadertomas\" \/>\n<meta name=\"twitter:site\" content=\"@fadertomas\" \/>\n<meta name=\"twitter:label1\" content=\"Skriven av\" \/>\n\t<meta name=\"twitter:data1\" content=\"Tomas Jarvid\" \/>\n\t<meta name=\"twitter:label2\" content=\"Ber\u00e4knad l\u00e4stid\" \/>\n\t<meta name=\"twitter:data2\" content=\"1 minut\" \/>\n<script type=\"application\/ld+json\" class=\"yoast-schema-graph\">{\"@context\":\"https:\/\/schema.org\",\"@graph\":[{\"@type\":\"Article\",\"@id\":\"https:\/\/blogg.svenskakyrkan.se\/vandravagen\/2013\/05\/28\/veckans-favoriter-fran-twitter-2\/#article\",\"isPartOf\":{\"@id\":\"https:\/\/blogg.svenskakyrkan.se\/vandravagen\/2013\/05\/28\/veckans-favoriter-fran-twitter-2\/\"},\"author\":{\"name\":\"Tomas Jarvid\",\"@id\":\"https:\/\/blogg.svenskakyrkan.se\/vandravagen\/#\/schema\/person\/25da02d4f76b137d04291711e2c9fc16\"},\"headline\":\"Veckans favoriter fr\u00e5n twitter\",\"datePublished\":\"2013-05-28T06:24:00+00:00\",\"mainEntityOfPage\":{\"@id\":\"https:\/\/blogg.svenskakyrkan.se\/vandravagen\/2013\/05\/28\/veckans-favoriter-fran-twitter-2\/\"},\"wordCount\":141,\"commentCount\":0,\"publisher\":{\"@id\":\"https:\/\/blogg.svenskakyrkan.se\/vandravagen\/#organization\"},\"image\":{\"@id\":\"https:\/\/blogg.svenskakyrkan.se\/vandravagen\/2013\/05\/28\/veckans-favoriter-fran-twitter-2\/#primaryimage\"},\"thumbnailUrl\":\"http:\/\/3.bp.blogspot.com\/-fewYgBa6Gs0\/UaNMZ2aSofI\/AAAAAAAADmc\/oWMotrlI07g\/s400\/tva%CC%88rarg.jpg\",\"articleSection\":[\"blandat\"],\"inLanguage\":\"sv-SE\",\"potentialAction\":[{\"@type\":\"CommentAction\",\"name\":\"Comment\",\"target\":[\"https:\/\/blogg.svenskakyrkan.se\/vandravagen\/2013\/05\/28\/veckans-favoriter-fran-twitter-2\/#respond\"]}]},{\"@type\":\"WebPage\",\"@id\":\"https:\/\/blogg.svenskakyrkan.se\/vandravagen\/2013\/05\/28\/veckans-favoriter-fran-twitter-2\/\",\"url\":\"https:\/\/blogg.svenskakyrkan.se\/vandravagen\/2013\/05\/28\/veckans-favoriter-fran-twitter-2\/\",\"name\":\"Veckans favoriter fr\u00e5n twitter - Vandra V\u00e4gen\",\"isPartOf\":{\"@id\":\"https:\/\/blogg.svenskakyrkan.se\/vandravagen\/#website\"},\"primaryImageOfPage\":{\"@id\":\"https:\/\/blogg.svenskakyrkan.se\/vandravagen\/2013\/05\/28\/veckans-favoriter-fran-twitter-2\/#primaryimage\"},\"image\":{\"@id\":\"https:\/\/blogg.svenskakyrkan.se\/vandravagen\/2013\/05\/28\/veckans-favoriter-fran-twitter-2\/#primaryimage\"},\"thumbnailUrl\":\"http:\/\/3.bp.blogspot.com\/-fewYgBa6Gs0\/UaNMZ2aSofI\/AAAAAAAADmc\/oWMotrlI07g\/s400\/tva%CC%88rarg.jpg\",\"datePublished\":\"2013-05-28T06:24:00+00:00\",\"breadcrumb\":{\"@id\":\"https:\/\/blogg.svenskakyrkan.se\/vandravagen\/2013\/05\/28\/veckans-favoriter-fran-twitter-2\/#breadcrumb\"},\"inLanguage\":\"sv-SE\",\"potentialAction\":[{\"@type\":\"ReadAction\",\"target\":[\"https:\/\/blogg.svenskakyrkan.se\/vandravagen\/2013\/05\/28\/veckans-favoriter-fran-twitter-2\/\"]}]},{\"@type\":\"ImageObject\",\"inLanguage\":\"sv-SE\",\"@id\":\"https:\/\/blogg.svenskakyrkan.se\/vandravagen\/2013\/05\/28\/veckans-favoriter-fran-twitter-2\/#primaryimage\",\"url\":\"http:\/\/3.bp.blogspot.com\/-fewYgBa6Gs0\/UaNMZ2aSofI\/AAAAAAAADmc\/oWMotrlI07g\/s400\/tva%CC%88rarg.jpg\",\"contentUrl\":\"http:\/\/3.bp.blogspot.com\/-fewYgBa6Gs0\/UaNMZ2aSofI\/AAAAAAAADmc\/oWMotrlI07g\/s400\/tva%CC%88rarg.jpg\"},{\"@type\":\"BreadcrumbList\",\"@id\":\"https:\/\/blogg.svenskakyrkan.se\/vandravagen\/2013\/05\/28\/veckans-favoriter-fran-twitter-2\/#breadcrumb\",\"itemListElement\":[{\"@type\":\"ListItem\",\"position\":1,\"name\":\"Hem\",\"item\":\"https:\/\/blogg.svenskakyrkan.se\/vandravagen\/\"},{\"@type\":\"ListItem\",\"position\":2,\"name\":\"Veckans favoriter fr\u00e5n twitter\"}]},{\"@type\":\"WebSite\",\"@id\":\"https:\/\/blogg.svenskakyrkan.se\/vandravagen\/#website\",\"url\":\"https:\/\/blogg.svenskakyrkan.se\/vandravagen\/\",\"name\":\"Vandra V\u00e4gen\",\"description\":\"-Mot en tro f\u00f6r hela livet\",\"publisher\":{\"@id\":\"https:\/\/blogg.svenskakyrkan.se\/vandravagen\/#organization\"},\"potentialAction\":[{\"@type\":\"SearchAction\",\"target\":{\"@type\":\"EntryPoint\",\"urlTemplate\":\"https:\/\/blogg.svenskakyrkan.se\/vandravagen\/?s={search_term_string}\"},\"query-input\":{\"@type\":\"PropertyValueSpecification\",\"valueRequired\":true,\"valueName\":\"search_term_string\"}}],\"inLanguage\":\"sv-SE\"},{\"@type\":\"Organization\",\"@id\":\"https:\/\/blogg.svenskakyrkan.se\/vandravagen\/#organization\",\"name\":\"ulricehamns pastorat\",\"alternateName\":\"ulricehamns pastorat\",\"url\":\"https:\/\/blogg.svenskakyrkan.se\/vandravagen\/\",\"logo\":{\"@type\":\"ImageObject\",\"inLanguage\":\"sv-SE\",\"@id\":\"https:\/\/blogg.svenskakyrkan.se\/vandravagen\/#\/schema\/logo\/image\/\",\"url\":\"https:\/\/blogg.svenskakyrkan.se\/vandravagen\/files\/2023\/05\/Ulr_logo_RGB.png\",\"contentUrl\":\"https:\/\/blogg.svenskakyrkan.se\/vandravagen\/files\/2023\/05\/Ulr_logo_RGB.png\",\"width\":205,\"height\":77,\"caption\":\"ulricehamns pastorat\"},\"image\":{\"@id\":\"https:\/\/blogg.svenskakyrkan.se\/vandravagen\/#\/schema\/logo\/image\/\"},\"sameAs\":[\"http:\/\/facebook.com\/vandravagen\",\"https:\/\/x.com\/fadertomas\",\"http:\/\/www.facebook.com\/svenskakyrkaniulricehamn\"]},{\"@type\":\"Person\",\"@id\":\"https:\/\/blogg.svenskakyrkan.se\/vandravagen\/#\/schema\/person\/25da02d4f76b137d04291711e2c9fc16\",\"name\":\"Tomas Jarvid\",\"image\":{\"@type\":\"ImageObject\",\"inLanguage\":\"sv-SE\",\"@id\":\"https:\/\/blogg.svenskakyrkan.se\/vandravagen\/#\/schema\/person\/image\/\",\"url\":\"https:\/\/secure.gravatar.com\/avatar\/7fa71899795e8f540f615a1f5ab25255dc27aa40f05ee7ddd21aac521e01bf50?s=96&d=identicon&r=g\",\"contentUrl\":\"https:\/\/secure.gravatar.com\/avatar\/7fa71899795e8f540f615a1f5ab25255dc27aa40f05ee7ddd21aac521e01bf50?s=96&d=identicon&r=g\",\"caption\":\"Tomas Jarvid\"},\"description\":\"Jag bor i Ulricehamn i V\u00e4sterg\u00f6tland och \u00e4r f\u00f6rsamlingspr\u00e4st i Svenska Kyrkan f\u00f6r Dalstorps f\u00f6rsamling i Kinds pastorat. P\u00e5 den h\u00e4r bloggen skriver jag ner tankar om vandringen som kristen.\",\"sameAs\":[\"http:\/\/www.vandravagen.se\"],\"url\":\"https:\/\/blogg.svenskakyrkan.se\/vandravagen\/author\/vandravagen\/\"}]}<\/script>\n<!-- \/ Yoast SEO plugin. -->","yoast_head_json":{"title":"Veckans favoriter fr\u00e5n twitter - Vandra V\u00e4gen","robots":{"index":"index","follow":"follow","max-snippet":"max-snippet:-1","max-image-preview":"max-image-preview:large","max-video-preview":"max-video-preview:-1"},"canonical":"https:\/\/blogg.svenskakyrkan.se\/vandravagen\/2013\/05\/28\/veckans-favoriter-fran-twitter-2\/","og_locale":"sv_SE","og_type":"article","og_title":"Veckans favoriter fr\u00e5n twitter - Vandra V\u00e4gen","og_description":"\u00c4ntligen tisdag och \u00e4nnu en omg\u00e5ng med tweets som f\u00f6rtj\u00e4nar en andra chans och lite mer uppm\u00e4rksamhet. H\u00e4r \u00e4r mina stj\u00e4rnmarkeringar fr\u00e5n veckan som g\u00e5tt! Kristna (?) tweets Jesus Bieber Sant, fast inte helt enkelt n\u00e4r det handlar om kommunikation med Gud. Kloka tweets Den fr\u00e5gan har jag f\u00e5tt. Fler pappor som har? Om n\u00e5gonsin. [&hellip;]","og_url":"https:\/\/blogg.svenskakyrkan.se\/vandravagen\/2013\/05\/28\/veckans-favoriter-fran-twitter-2\/","og_site_name":"Vandra V\u00e4gen","article_publisher":"http:\/\/facebook.com\/vandravagen","article_published_time":"2013-05-28T06:24:00+00:00","og_image":[{"url":"http:\/\/3.bp.blogspot.com\/-fewYgBa6Gs0\/UaNMZ2aSofI\/AAAAAAAADmc\/oWMotrlI07g\/s400\/tva%CC%88rarg.jpg","type":"","width":"","height":""}],"author":"Tomas Jarvid","twitter_card":"summary_large_image","twitter_creator":"@fadertomas","twitter_site":"@fadertomas","twitter_misc":{"Skriven av":"Tomas Jarvid","Ber\u00e4knad l\u00e4stid":"1 minut"},"schema":{"@context":"https:\/\/schema.org","@graph":[{"@type":"Article","@id":"https:\/\/blogg.svenskakyrkan.se\/vandravagen\/2013\/05\/28\/veckans-favoriter-fran-twitter-2\/#article","isPartOf":{"@id":"https:\/\/blogg.svenskakyrkan.se\/vandravagen\/2013\/05\/28\/veckans-favoriter-fran-twitter-2\/"},"author":{"name":"Tomas Jarvid","@id":"https:\/\/blogg.svenskakyrkan.se\/vandravagen\/#\/schema\/person\/25da02d4f76b137d04291711e2c9fc16"},"headline":"Veckans favoriter fr\u00e5n twitter","datePublished":"2013-05-28T06:24:00+00:00","mainEntityOfPage":{"@id":"https:\/\/blogg.svenskakyrkan.se\/vandravagen\/2013\/05\/28\/veckans-favoriter-fran-twitter-2\/"},"wordCount":141,"commentCount":0,"publisher":{"@id":"https:\/\/blogg.svenskakyrkan.se\/vandravagen\/#organization"},"image":{"@id":"https:\/\/blogg.svenskakyrkan.se\/vandravagen\/2013\/05\/28\/veckans-favoriter-fran-twitter-2\/#primaryimage"},"thumbnailUrl":"http:\/\/3.bp.blogspot.com\/-fewYgBa6Gs0\/UaNMZ2aSofI\/AAAAAAAADmc\/oWMotrlI07g\/s400\/tva%CC%88rarg.jpg","articleSection":["blandat"],"inLanguage":"sv-SE","potentialAction":[{"@type":"CommentAction","name":"Comment","target":["https:\/\/blogg.svenskakyrkan.se\/vandravagen\/2013\/05\/28\/veckans-favoriter-fran-twitter-2\/#respond"]}]},{"@type":"WebPage","@id":"https:\/\/blogg.svenskakyrkan.se\/vandravagen\/2013\/05\/28\/veckans-favoriter-fran-twitter-2\/","url":"https:\/\/blogg.svenskakyrkan.se\/vandravagen\/2013\/05\/28\/veckans-favoriter-fran-twitter-2\/","name":"Veckans favoriter fr\u00e5n twitter - Vandra V\u00e4gen","isPartOf":{"@id":"https:\/\/blogg.svenskakyrkan.se\/vandravagen\/#website"},"primaryImageOfPage":{"@id":"https:\/\/blogg.svenskakyrkan.se\/vandravagen\/2013\/05\/28\/veckans-favoriter-fran-twitter-2\/#primaryimage"},"image":{"@id":"https:\/\/blogg.svenskakyrkan.se\/vandravagen\/2013\/05\/28\/veckans-favoriter-fran-twitter-2\/#primaryimage"},"thumbnailUrl":"http:\/\/3.bp.blogspot.com\/-fewYgBa6Gs0\/UaNMZ2aSofI\/AAAAAAAADmc\/oWMotrlI07g\/s400\/tva%CC%88rarg.jpg","datePublished":"2013-05-28T06:24:00+00:00","breadcrumb":{"@id":"https:\/\/blogg.svenskakyrkan.se\/vandravagen\/2013\/05\/28\/veckans-favoriter-fran-twitter-2\/#breadcrumb"},"inLanguage":"sv-SE","potentialAction":[{"@type":"ReadAction","target":["https:\/\/blogg.svenskakyrkan.se\/vandravagen\/2013\/05\/28\/veckans-favoriter-fran-twitter-2\/"]}]},{"@type":"ImageObject","inLanguage":"sv-SE","@id":"https:\/\/blogg.svenskakyrkan.se\/vandravagen\/2013\/05\/28\/veckans-favoriter-fran-twitter-2\/#primaryimage","url":"http:\/\/3.bp.blogspot.com\/-fewYgBa6Gs0\/UaNMZ2aSofI\/AAAAAAAADmc\/oWMotrlI07g\/s400\/tva%CC%88rarg.jpg","contentUrl":"http:\/\/3.bp.blogspot.com\/-fewYgBa6Gs0\/UaNMZ2aSofI\/AAAAAAAADmc\/oWMotrlI07g\/s400\/tva%CC%88rarg.jpg"},{"@type":"BreadcrumbList","@id":"https:\/\/blogg.svenskakyrkan.se\/vandravagen\/2013\/05\/28\/veckans-favoriter-fran-twitter-2\/#breadcrumb","itemListElement":[{"@type":"ListItem","position":1,"name":"Hem","item":"https:\/\/blogg.svenskakyrkan.se\/vandravagen\/"},{"@type":"ListItem","position":2,"name":"Veckans favoriter fr\u00e5n twitter"}]},{"@type":"WebSite","@id":"https:\/\/blogg.svenskakyrkan.se\/vandravagen\/#website","url":"https:\/\/blogg.svenskakyrkan.se\/vandravagen\/","name":"Vandra V\u00e4gen","description":"-Mot en tro f\u00f6r hela livet","publisher":{"@id":"https:\/\/blogg.svenskakyrkan.se\/vandravagen\/#organization"},"potentialAction":[{"@type":"SearchAction","target":{"@type":"EntryPoint","urlTemplate":"https:\/\/blogg.svenskakyrkan.se\/vandravagen\/?s={search_term_string}"},"query-input":{"@type":"PropertyValueSpecification","valueRequired":true,"valueName":"search_term_string"}}],"inLanguage":"sv-SE"},{"@type":"Organization","@id":"https:\/\/blogg.svenskakyrkan.se\/vandravagen\/#organization","name":"ulricehamns pastorat","alternateName":"ulricehamns pastorat","url":"https:\/\/blogg.svenskakyrkan.se\/vandravagen\/","logo":{"@type":"ImageObject","inLanguage":"sv-SE","@id":"https:\/\/blogg.svenskakyrkan.se\/vandravagen\/#\/schema\/logo\/image\/","url":"https:\/\/blogg.svenskakyrkan.se\/vandravagen\/files\/2023\/05\/Ulr_logo_RGB.png","contentUrl":"https:\/\/blogg.svenskakyrkan.se\/vandravagen\/files\/2023\/05\/Ulr_logo_RGB.png","width":205,"height":77,"caption":"ulricehamns pastorat"},"image":{"@id":"https:\/\/blogg.svenskakyrkan.se\/vandravagen\/#\/schema\/logo\/image\/"},"sameAs":["http:\/\/facebook.com\/vandravagen","https:\/\/x.com\/fadertomas","http:\/\/www.facebook.com\/svenskakyrkaniulricehamn"]},{"@type":"Person","@id":"https:\/\/blogg.svenskakyrkan.se\/vandravagen\/#\/schema\/person\/25da02d4f76b137d04291711e2c9fc16","name":"Tomas Jarvid","image":{"@type":"ImageObject","inLanguage":"sv-SE","@id":"https:\/\/blogg.svenskakyrkan.se\/vandravagen\/#\/schema\/person\/image\/","url":"https:\/\/secure.gravatar.com\/avatar\/7fa71899795e8f540f615a1f5ab25255dc27aa40f05ee7ddd21aac521e01bf50?s=96&d=identicon&r=g","contentUrl":"https:\/\/secure.gravatar.com\/avatar\/7fa71899795e8f540f615a1f5ab25255dc27aa40f05ee7ddd21aac521e01bf50?s=96&d=identicon&r=g","caption":"Tomas Jarvid"},"description":"Jag bor i Ulricehamn i V\u00e4sterg\u00f6tland och \u00e4r f\u00f6rsamlingspr\u00e4st i Svenska Kyrkan f\u00f6r Dalstorps f\u00f6rsamling i Kinds pastorat. P\u00e5 den h\u00e4r bloggen skriver jag ner tankar om vandringen som kristen.","sameAs":["http:\/\/www.vandravagen.se"],"url":"https:\/\/blogg.svenskakyrkan.se\/vandravagen\/author\/vandravagen\/"}]}},"author_meta":{"ID":"392","user_nicename":"vandravagen","user_url":"http:\/\/www.vandravagen.se","user_registered":"2014-05-19 05:44:52","display_name":"Tomas Jarvid","first_name":"Tomas","last_name":"Jarvid","avatar":"https:\/\/secure.gravatar.com\/avatar\/7fa71899795e8f540f615a1f5ab25255dc27aa40f05ee7ddd21aac521e01bf50?s=96&d=identicon&r=g"},"featured_image":false,"bloginfo":{"name":"Vandra V\u00e4gen","url":"https:\/\/blogg.svenskakyrkan.se\/vandravagen"},"_links":{"self":[{"href":"https:\/\/blogg.svenskakyrkan.se\/vandravagen\/wp-json\/wp\/v2\/posts\/546","targetHints":{"allow":["GET"]}}],"collection":[{"href":"https:\/\/blogg.svenskakyrkan.se\/vandravagen\/wp-json\/wp\/v2\/posts"}],"about":[{"href":"https:\/\/blogg.svenskakyrkan.se\/vandravagen\/wp-json\/wp\/v2\/types\/post"}],"author":[{"embeddable":true,"href":"https:\/\/blogg.svenskakyrkan.se\/vandravagen\/wp-json\/wp\/v2\/users\/392"}],"replies":[{"embeddable":true,"href":"https:\/\/blogg.svenskakyrkan.se\/vandravagen\/wp-json\/wp\/v2\/comments?post=546"}],"version-history":[{"count":0,"href":"https:\/\/blogg.svenskakyrkan.se\/vandravagen\/wp-json\/wp\/v2\/posts\/546\/revisions"}],"wp:attachment":[{"href":"https:\/\/blogg.svenskakyrkan.se\/vandravagen\/wp-json\/wp\/v2\/media?parent=546"}],"wp:term":[{"taxonomy":"category","embeddable":true,"href":"https:\/\/blogg.svenskakyrkan.se\/vandravagen\/wp-json\/wp\/v2\/categories?post=546"},{"taxonomy":"post_tag","embeddable":true,"href":"https:\/\/blogg.svenskakyrkan.se\/vandravagen\/wp-json\/wp\/v2\/tags?post=546"}],"curies":[{"name":"wp","href":"https:\/\/api.w.org\/{rel}","templated":true}]}}