{"id":5461,"date":"2017-02-20T09:16:16","date_gmt":"2017-02-20T08:16:16","guid":{"rendered":"http:\/\/blogg.svenskakyrkan.se\/vandravagen\/?p=5461"},"modified":"2017-02-20T09:16:16","modified_gmt":"2017-02-20T08:16:16","slug":"rosten-utifran-och-rosten-inifran","status":"publish","type":"post","link":"https:\/\/blogg.svenskakyrkan.se\/vandravagen\/2017\/02\/20\/rosten-utifran-och-rosten-inifran\/","title":{"rendered":"R\u00f6sten utifr\u00e5n och r\u00f6sten inifr\u00e5n"},"content":{"rendered":"<p>&nbsp;<\/p>\n<div id=\"attachment_5463\" style=\"width: 257px\" class=\"wp-caption aligncenter\"><a href=\"http:\/\/blogg.svenskakyrkan.se\/vandravagen\/files\/2017\/02\/IMG_1628.jpg\"><img loading=\"lazy\" decoding=\"async\" aria-describedby=\"caption-attachment-5463\" class=\"size-full wp-image-5463\" src=\"http:\/\/blogg.svenskakyrkan.se\/vandravagen\/files\/2017\/02\/IMG_1628.jpg\" alt=\"Gammal illustration av hur Gud handlar fr\u00e5n himlen. Kanske lite naiv men ocks\u00e5 v\u00e4ldigt rolig!\" width=\"247\" height=\"731\" srcset=\"https:\/\/blogg.svenskakyrkan.se\/vandravagen\/files\/2017\/02\/IMG_1628.jpg 247w, https:\/\/blogg.svenskakyrkan.se\/vandravagen\/files\/2017\/02\/IMG_1628-101x300.jpg 101w\" sizes=\"auto, (max-width: 247px) 100vw, 247px\" \/><\/a><p id=\"caption-attachment-5463\" class=\"wp-caption-text\">Gammal illustration av hur Gud handlar fr\u00e5n himlen. Kanske lite naiv men ocks\u00e5 v\u00e4ldigt rolig!<\/p><\/div>\n<p>H\u00e4r \u00e4r min predikan fr\u00e5n ig\u00e5r p\u00e5 sexagesima. Det var tre mycket olika gudstj\u00e4nster som var f\u00f6r sig var v\u00e4ldigt fina. Jag tror kanske att jag predikade v\u00e4l l\u00e4nge men nu f\u00e5r ju du i alla fall l\u00e4sa hur fort eller l\u00e5ngsamt du vill. H\u00e4r \u00e4r vad jag har att s\u00e4ga om &#8221;det levande Ordet&#8221; utifr\u00e5n s\u00f6ndagens texter.<\/p>\n<p><strong>Sexagesima 2017<\/strong><\/p>\n<p>Det finns d\u00f6da ord och det finns levande ord. Man brukar inte s\u00e4ga s\u00e5 men vi t\u00e4nker s\u00e5 \u00e4nd\u00e5. Om musik kan man tala om levande musik, det \u00e4r s\u00e5dan som spelas h\u00e4r och nu, den klingar h\u00e4r i rummet och sedan \u00e4r den borta. Ord kan ocks\u00e5 bli levande i stunden. N\u00e4r det liksom inte bara \u00e4r ord utan man kan se den som talar avspeglas i dem och man k\u00e4nner vad den personen vill och s\u00e5.<\/p>\n<p>Bibelns ord kan ocks\u00e5 tala starkt. Orden p\u00e5 pappret kan tala rakt in i mitt liv just nu. Det blir ett tilltal. Vi kan h\u00f6ra Guds r\u00f6st bakom. \u00a0De ord vi h\u00f6rde hos profeten Jeremia var verkligen levande p\u00e5 alla s\u00e4tt fr\u00e5n b\u00f6rjan. Det \u00e4r ord som talades av en profet, med anspr\u00e5k om att vara direkt fr\u00e5n Gud: s\u00e5 s\u00e4ger Herren. Sedan \u00e4r de nedskrivna och bevarade och eftersom de kanske \u00e4r r\u00e4tt sv\u00e5rbegripliga om man inte har hela bilden kan man tycka de \u00e4r ganska livl\u00f6sa men de har faktiskt skrivits ner f\u00f6r att detta var ord fr\u00e5n Gud sj\u00e4lv. S\u00e5na sparar man.<\/p>\n<p>Jeremia b\u00f6rjar med att s\u00e4ga n\u00e5got klurigt som vi har att fundera p\u00e5 ocks\u00e5. \u00c4r jag bara Gud n\u00e4ra, och inte Gud l\u00e5ngt borta?<\/p>\n<p>Det f\u00f6rsta jag t\u00e4nker \u00e4r att de flesta idag kanske t\u00e4nker tv\u00e4rtom. Att Gud BARA \u00e4r l\u00e5ngt borta n\u00e5gonstans. Man kanske p\u00e5 ett mer filosofiskt plan kan fundera p\u00e5 om det kanske existerar n\u00e5got vi kallar Gud men det h\u00e4nger liksom inte riktigt ihop med hur jag lever mitt liv.<\/p>\n<p>Men motsatsen finns idag den ocks\u00e5. Det h\u00e4r \u00e4r min tro. Den \u00e4r sann f\u00f6r mig och den ger mig tr\u00f6st och trygghet. Det blir helt och h\u00e5llet k\u00e4nslom\u00e4ssigt och vad Gud skulle ha med resten av v\u00e4rlden att g\u00f6ra blir ganska oklart.<\/p>\n<p>Det h\u00e4r \u00e4r tv\u00e5 olika diken och oavsett vilket man halkar i s\u00e5 blir Gud mindre. Eller r\u00e4ttare sagt blir Gud mindre verklig f\u00f6r oss. Antingen blir Gud en princip, eller en k\u00e4nsla men det \u00e4r inte s\u00e5 Jeremia s\u00e4ger att det \u00e4r med Gud.<\/p>\n<p>Det Jeremia vill \u00e5t \u00e4r att Gud verkar p\u00e5 riktigt just nu. Med sitt ord, eftersom han nu st\u00e5r och s\u00e4ger saker fr\u00e5n Gud, men Guds Ord s\u00e5 kan man ocks\u00e5 t\u00e4nka p\u00e5 n\u00e4r Gud sa \u201dvarde ljus\u201d och skapade v\u00e4rlden. Gud \u00e4r verksam och g\u00f6r saker. Redan p\u00e5 Jeremias tid fanns det folk som klarade sig bra med sin lilla egna tro oavsett om det s\u00e5 att s\u00e4ga var sant eller inte det man trodde p\u00e5, han kritiserar profeter som talar om sina dr\u00f6mmar och anv\u00e4nder religionen f\u00f6r att tj\u00e4na sina egna syften. Men Jeremia s\u00e4ger att mitt bland de r\u00f6sterna s\u00e5 finns det ocks\u00e5 en verklig Guds r\u00f6st som man kan h\u00f6ra. Som man k\u00e4nner igen p\u00e5 att den \u00e4r som en eld eller som en sl\u00e4gga.<\/p>\n<p>Det \u00e4r nog samma sak som hebreerbrevets f\u00f6rfattare far efter n\u00e4r han skriver att ordet \u00e4r levande och \u00e4r som ett tveeggat sv\u00e4rd som kan tr\u00e4nga igenom alla fasader och l\u00f6gner och avsl\u00f6ja vad som finns i hj\u00e4rtat. Gud \u00e4r p\u00e5 riktigt och allt han ser i oss \u00e4r inte vackert.<\/p>\n<p>I evangeliet \u00e4r det ocks\u00e5 lite samma. En del har f\u00e5tt vad de t\u00e5l. Det Jesus s\u00e4ger om sig sj\u00e4lv \u00e4r f\u00f6r magstarkt och en del v\u00e4ljer att g\u00e5 hem och sluta f\u00f6lja honom. Varf\u00f6r st\u00e5r inte s\u00e5 klart. Jag t\u00e4nker mig sj\u00e4lv att vi luriga m\u00e4nniskor ofta s\u00e4ger ett sk\u00e4l och har ett annat. Vi kanske menar att vi har alla m\u00f6jliga sk\u00e4l att inte f\u00f6lja Jesus men i sj\u00e4lva verket kanske det \u00e4r n\u00e5got mindre smickrande. Vi tycker det blir f\u00f6r jobbigt. Jag har ju alla m\u00f6jliga egna m\u00e5l som jag kan tycka \u00e4r viktigare. Och s\u00e5 faller man ifr\u00e5n.<\/p>\n<p>Men Petrus och de andra blir kvar. Till vem skulle vi annars g\u00e5? Vi kanske \u00e4r avsl\u00f6jade av Gud men vi har ocks\u00e5 sett att hos honom finns livet. De k\u00e4nner Jesus v\u00e4l och har ocks\u00e5 sett hans omsorg om de han m\u00f6ter, de djupa gl\u00e4djen han har att ge, befrielsen fr\u00e5n mycket annat man f\u00e5r genom att f\u00f6lja honom.<\/p>\n<p>Gud kan nog tala p\u00e5 m\u00e5nga olika s\u00e4tt. En sak med det jag pratat om nu, de ord vi har fr\u00e5n Gud genom profeterna, eller genom Jesus och sedan i bibeln \u00e4r att det \u00e4r ord som kommer till mig utifr\u00e5n. Den kristna tron s\u00e4ger att om vi ska l\u00e4ra k\u00e4nna Gud s\u00e5 \u00e4r det genom att han kommer till oss, vi kan inte lista ut hur allt h\u00e4nger ihop utan Gud m\u00e5ste visa sig. Och p\u00e5 ett mer personligt plan \u00e4r det l\u00e4tt att vi k\u00f6r fast i v\u00e5ra egna tankebanor, d\u00e5 kan vi beh\u00f6va ett ord utifr\u00e5n som vidgar vyerna. Eller s\u00e5 hittar vi alla m\u00f6jliga sk\u00e4l till att f\u00e5 vara lite sm\u00e5taskiga mot de vi inte tycker om tills vi pl\u00f6tsligt l\u00e4ser att \u201d\u00e4lska dina fiender och be f\u00f6r de som f\u00f6rf\u00f6ljer dig\u201d. Och s\u00e5 f\u00e5r vi t\u00e4nka om. Vi beh\u00f6ver hj\u00e4lp utifr\u00e5n. En m\u00e5ttstock utanf\u00f6r oss sj\u00e4lva.<\/p>\n<p>Att \u201dlyssna till sitt hj\u00e4rta\u201d \u00e4r inget som st\u00e5r i bibeln f\u00f6r v\u00e5rt hj\u00e4rta \u00e4r inte riktigt att lita p\u00e5. Vi ska ta det som det s\u00e4ger med en nypa salt men vi ska lyssna noga \u00e4nd\u00e5.<\/p>\n<p>Vi m\u00e5ste l\u00e4ra k\u00e4nna v\u00e5r egen r\u00f6st. Vad vill jag? Vad \u00e4r min innersta l\u00e4ngtan? Vad \u00e4r jag r\u00e4dd f\u00f6r? Mycket av det vi g\u00f6r beror helt s\u00e4kert p\u00e5 att vi letar efter r\u00e4tt sak p\u00e5 fel s\u00e4tt.<\/p>\n<p>Gud talar inte heller bara fr\u00e5n himlen utan i v\u00e5rt hj\u00e4rta. Det m\u00e5ste vi lita p\u00e5. Han lockar och drar i oss och vill leda oss r\u00e4tt. Augustinus sa mycket bra om detta. \u201dMitt hj\u00e4rta \u00e4r oroligt tills det finner vila i dig\u201d och mitt andra favoritcitat \u201ds\u00f6k det du s\u00f6ker, men inte d\u00e4r du s\u00f6ker det\u201d, det du egentligen s\u00f6ker n\u00e4r du shoppar f\u00f6r att hitta lite vila eller vad det nu kan vara.<\/p>\n<p>N\u00e4r b\u00e5da r\u00f6sterna ljuder, n\u00e4r vi f\u00f6rst\u00e5r n\u00e5got om oss sj\u00e4lva, och n\u00e4r vi h\u00f6r Guds ord, det \u00e4r d\u00e5 Gud kan verka i v\u00e5ra liv. Ordet blir levande f\u00f6r att det finns en klangbotten, ett instrument att spela p\u00e5.<\/p>\n<p>Det \u00e4r lite det som \u00e4r grejen med Luther f\u00f6rresten, det fina i att han utgick fr\u00e5n sin egen n\u00f6d n\u00e4r han l\u00e4ste bibeln. D\u00e5 \u00f6ppnade den upp sig. Och s\u00e5 det knepiga i att han sedan t\u00e4nkte att det var precis likadant f\u00f6r alla andra och att det som var det b\u00e4sta s\u00e4ttet f\u00f6r honom var det f\u00f6r alla.<\/p>\n<p>Slutligen \u00e4r Jesus sj\u00e4lv det levande ordet. Det l\u00e5ter konstigt f\u00f6r en m\u00e4nniska \u00e4r ju inget ord. Men budskap d\u00e5? Jesus \u00e4r ett med sina ord. Det var ju redan profeterna p\u00e5 sitt s\u00e4tt genom att leva ut sitt budskap i m\u00e4rkliga symbolhandlingar. Handlingar talar starkare \u00e4n ord. Petrus och de andra stannar f\u00f6r de har inte bara h\u00f6rt Jesu stora anspr\u00e5k och ibland h\u00e5rda ord utan k\u00e4nner honom. De vet att han bryr sig om dem, m\u00e4rker hj\u00e4rtat som sl\u00e5r f\u00f6r varje m\u00e4nniska han m\u00f6ter,<\/p>\n<p>Till slut handlar det levande ordet om dig och mig nu. Gud \u00e4r Gud b\u00e5de n\u00e4ra och l\u00e5ngt borta. Gud talar. Vi m\u00e5ste lyssna. P\u00e5 v\u00e5rt hj\u00e4rta. P\u00e5 bibelns ord. Men b\u00e5da tv\u00e5 g\u00e5r att missf\u00f6rst\u00e5 s\u00e5 allt blir helt p\u00e5 tok. Vi m\u00e5ste ha tolkningsnyckeln ocks\u00e5. Det \u00e4r han h\u00e4r framme. Hans liv, ord, d\u00f6d och uppst\u00e5ndelse.<\/p>\n","protected":false},"excerpt":{"rendered":"<p>&nbsp; H\u00e4r \u00e4r min predikan fr\u00e5n ig\u00e5r p\u00e5 sexagesima. Det var tre mycket olika gudstj\u00e4nster som var f\u00f6r sig var v\u00e4ldigt fina. Jag tror kanske att jag predikade v\u00e4l l\u00e4nge men nu f\u00e5r ju du i alla fall l\u00e4sa hur fort eller l\u00e5ngsamt du vill. H\u00e4r \u00e4r vad jag har att s\u00e4ga om &#8221;det levande [&hellip;]<\/p>\n","protected":false},"author":392,"featured_media":0,"comment_status":"open","ping_status":"open","sticky":false,"template":"","format":"standard","meta":{"_acf_changed":false,"footnotes":""},"categories":[76189,114],"tags":[],"class_list":["post-5461","post","type-post","status-publish","format-standard","hentry","category-dagens-kyrka","category-predikan"],"acf":[],"yoast_head":"<!-- This site is optimized with the Yoast SEO plugin v27.1.1 - https:\/\/yoast.com\/product\/yoast-seo-wordpress\/ -->\n<title>R\u00f6sten utifr\u00e5n och r\u00f6sten inifr\u00e5n - Vandra V\u00e4gen<\/title>\n<meta name=\"robots\" content=\"index, follow, max-snippet:-1, max-image-preview:large, max-video-preview:-1\" \/>\n<link rel=\"canonical\" href=\"https:\/\/blogg.svenskakyrkan.se\/vandravagen\/2017\/02\/20\/rosten-utifran-och-rosten-inifran\/\" \/>\n<meta property=\"og:locale\" content=\"sv_SE\" \/>\n<meta property=\"og:type\" content=\"article\" \/>\n<meta property=\"og:title\" content=\"R\u00f6sten utifr\u00e5n och r\u00f6sten inifr\u00e5n - Vandra V\u00e4gen\" \/>\n<meta property=\"og:description\" content=\"&nbsp; H\u00e4r \u00e4r min predikan fr\u00e5n ig\u00e5r p\u00e5 sexagesima. Det var tre mycket olika gudstj\u00e4nster som var f\u00f6r sig var v\u00e4ldigt fina. Jag tror kanske att jag predikade v\u00e4l l\u00e4nge men nu f\u00e5r ju du i alla fall l\u00e4sa hur fort eller l\u00e5ngsamt du vill. H\u00e4r \u00e4r vad jag har att s\u00e4ga om &#8221;det levande [&hellip;]\" \/>\n<meta property=\"og:url\" content=\"https:\/\/blogg.svenskakyrkan.se\/vandravagen\/2017\/02\/20\/rosten-utifran-och-rosten-inifran\/\" \/>\n<meta property=\"og:site_name\" content=\"Vandra V\u00e4gen\" \/>\n<meta property=\"article:publisher\" content=\"http:\/\/facebook.com\/vandravagen\" \/>\n<meta property=\"article:published_time\" content=\"2017-02-20T08:16:16+00:00\" \/>\n<meta property=\"og:image\" content=\"http:\/\/blogg.svenskakyrkan.se\/vandravagen\/files\/2017\/02\/IMG_1628.jpg\" \/>\n<meta name=\"author\" content=\"Tomas Jarvid\" \/>\n<meta name=\"twitter:card\" content=\"summary_large_image\" \/>\n<meta name=\"twitter:creator\" content=\"@fadertomas\" \/>\n<meta name=\"twitter:site\" content=\"@fadertomas\" \/>\n<meta name=\"twitter:label1\" content=\"Skriven av\" \/>\n\t<meta name=\"twitter:data1\" content=\"Tomas Jarvid\" \/>\n\t<meta name=\"twitter:label2\" content=\"Ber\u00e4knad l\u00e4stid\" \/>\n\t<meta name=\"twitter:data2\" content=\"8 minuter\" \/>\n<script type=\"application\/ld+json\" class=\"yoast-schema-graph\">{\"@context\":\"https:\/\/schema.org\",\"@graph\":[{\"@type\":\"Article\",\"@id\":\"https:\/\/blogg.svenskakyrkan.se\/vandravagen\/2017\/02\/20\/rosten-utifran-och-rosten-inifran\/#article\",\"isPartOf\":{\"@id\":\"https:\/\/blogg.svenskakyrkan.se\/vandravagen\/2017\/02\/20\/rosten-utifran-och-rosten-inifran\/\"},\"author\":{\"name\":\"Tomas Jarvid\",\"@id\":\"https:\/\/blogg.svenskakyrkan.se\/vandravagen\/#\/schema\/person\/25da02d4f76b137d04291711e2c9fc16\"},\"headline\":\"R\u00f6sten utifr\u00e5n och r\u00f6sten inifr\u00e5n\",\"datePublished\":\"2017-02-20T08:16:16+00:00\",\"mainEntityOfPage\":{\"@id\":\"https:\/\/blogg.svenskakyrkan.se\/vandravagen\/2017\/02\/20\/rosten-utifran-och-rosten-inifran\/\"},\"wordCount\":1560,\"commentCount\":2,\"publisher\":{\"@id\":\"https:\/\/blogg.svenskakyrkan.se\/vandravagen\/#organization\"},\"image\":{\"@id\":\"https:\/\/blogg.svenskakyrkan.se\/vandravagen\/2017\/02\/20\/rosten-utifran-och-rosten-inifran\/#primaryimage\"},\"thumbnailUrl\":\"http:\/\/blogg.svenskakyrkan.se\/vandravagen\/files\/2017\/02\/IMG_1628.jpg\",\"articleSection\":[\"Dagens Kyrka\",\"predikan\"],\"inLanguage\":\"sv-SE\",\"potentialAction\":[{\"@type\":\"CommentAction\",\"name\":\"Comment\",\"target\":[\"https:\/\/blogg.svenskakyrkan.se\/vandravagen\/2017\/02\/20\/rosten-utifran-och-rosten-inifran\/#respond\"]}]},{\"@type\":\"WebPage\",\"@id\":\"https:\/\/blogg.svenskakyrkan.se\/vandravagen\/2017\/02\/20\/rosten-utifran-och-rosten-inifran\/\",\"url\":\"https:\/\/blogg.svenskakyrkan.se\/vandravagen\/2017\/02\/20\/rosten-utifran-och-rosten-inifran\/\",\"name\":\"R\u00f6sten utifr\u00e5n och r\u00f6sten inifr\u00e5n - Vandra V\u00e4gen\",\"isPartOf\":{\"@id\":\"https:\/\/blogg.svenskakyrkan.se\/vandravagen\/#website\"},\"primaryImageOfPage\":{\"@id\":\"https:\/\/blogg.svenskakyrkan.se\/vandravagen\/2017\/02\/20\/rosten-utifran-och-rosten-inifran\/#primaryimage\"},\"image\":{\"@id\":\"https:\/\/blogg.svenskakyrkan.se\/vandravagen\/2017\/02\/20\/rosten-utifran-och-rosten-inifran\/#primaryimage\"},\"thumbnailUrl\":\"http:\/\/blogg.svenskakyrkan.se\/vandravagen\/files\/2017\/02\/IMG_1628.jpg\",\"datePublished\":\"2017-02-20T08:16:16+00:00\",\"breadcrumb\":{\"@id\":\"https:\/\/blogg.svenskakyrkan.se\/vandravagen\/2017\/02\/20\/rosten-utifran-och-rosten-inifran\/#breadcrumb\"},\"inLanguage\":\"sv-SE\",\"potentialAction\":[{\"@type\":\"ReadAction\",\"target\":[\"https:\/\/blogg.svenskakyrkan.se\/vandravagen\/2017\/02\/20\/rosten-utifran-och-rosten-inifran\/\"]}]},{\"@type\":\"ImageObject\",\"inLanguage\":\"sv-SE\",\"@id\":\"https:\/\/blogg.svenskakyrkan.se\/vandravagen\/2017\/02\/20\/rosten-utifran-och-rosten-inifran\/#primaryimage\",\"url\":\"http:\/\/blogg.svenskakyrkan.se\/vandravagen\/files\/2017\/02\/IMG_1628.jpg\",\"contentUrl\":\"http:\/\/blogg.svenskakyrkan.se\/vandravagen\/files\/2017\/02\/IMG_1628.jpg\"},{\"@type\":\"BreadcrumbList\",\"@id\":\"https:\/\/blogg.svenskakyrkan.se\/vandravagen\/2017\/02\/20\/rosten-utifran-och-rosten-inifran\/#breadcrumb\",\"itemListElement\":[{\"@type\":\"ListItem\",\"position\":1,\"name\":\"Hem\",\"item\":\"https:\/\/blogg.svenskakyrkan.se\/vandravagen\/\"},{\"@type\":\"ListItem\",\"position\":2,\"name\":\"R\u00f6sten utifr\u00e5n och r\u00f6sten inifr\u00e5n\"}]},{\"@type\":\"WebSite\",\"@id\":\"https:\/\/blogg.svenskakyrkan.se\/vandravagen\/#website\",\"url\":\"https:\/\/blogg.svenskakyrkan.se\/vandravagen\/\",\"name\":\"Vandra V\u00e4gen\",\"description\":\"-Mot en tro f\u00f6r hela livet\",\"publisher\":{\"@id\":\"https:\/\/blogg.svenskakyrkan.se\/vandravagen\/#organization\"},\"potentialAction\":[{\"@type\":\"SearchAction\",\"target\":{\"@type\":\"EntryPoint\",\"urlTemplate\":\"https:\/\/blogg.svenskakyrkan.se\/vandravagen\/?s={search_term_string}\"},\"query-input\":{\"@type\":\"PropertyValueSpecification\",\"valueRequired\":true,\"valueName\":\"search_term_string\"}}],\"inLanguage\":\"sv-SE\"},{\"@type\":\"Organization\",\"@id\":\"https:\/\/blogg.svenskakyrkan.se\/vandravagen\/#organization\",\"name\":\"ulricehamns pastorat\",\"alternateName\":\"ulricehamns pastorat\",\"url\":\"https:\/\/blogg.svenskakyrkan.se\/vandravagen\/\",\"logo\":{\"@type\":\"ImageObject\",\"inLanguage\":\"sv-SE\",\"@id\":\"https:\/\/blogg.svenskakyrkan.se\/vandravagen\/#\/schema\/logo\/image\/\",\"url\":\"https:\/\/blogg.svenskakyrkan.se\/vandravagen\/files\/2023\/05\/Ulr_logo_RGB.png\",\"contentUrl\":\"https:\/\/blogg.svenskakyrkan.se\/vandravagen\/files\/2023\/05\/Ulr_logo_RGB.png\",\"width\":205,\"height\":77,\"caption\":\"ulricehamns pastorat\"},\"image\":{\"@id\":\"https:\/\/blogg.svenskakyrkan.se\/vandravagen\/#\/schema\/logo\/image\/\"},\"sameAs\":[\"http:\/\/facebook.com\/vandravagen\",\"https:\/\/x.com\/fadertomas\",\"http:\/\/www.facebook.com\/svenskakyrkaniulricehamn\"]},{\"@type\":\"Person\",\"@id\":\"https:\/\/blogg.svenskakyrkan.se\/vandravagen\/#\/schema\/person\/25da02d4f76b137d04291711e2c9fc16\",\"name\":\"Tomas Jarvid\",\"image\":{\"@type\":\"ImageObject\",\"inLanguage\":\"sv-SE\",\"@id\":\"https:\/\/blogg.svenskakyrkan.se\/vandravagen\/#\/schema\/person\/image\/\",\"url\":\"https:\/\/secure.gravatar.com\/avatar\/7fa71899795e8f540f615a1f5ab25255dc27aa40f05ee7ddd21aac521e01bf50?s=96&d=identicon&r=g\",\"contentUrl\":\"https:\/\/secure.gravatar.com\/avatar\/7fa71899795e8f540f615a1f5ab25255dc27aa40f05ee7ddd21aac521e01bf50?s=96&d=identicon&r=g\",\"caption\":\"Tomas Jarvid\"},\"description\":\"Jag bor i Ulricehamn i V\u00e4sterg\u00f6tland och \u00e4r f\u00f6rsamlingspr\u00e4st i Svenska Kyrkan f\u00f6r Dalstorps f\u00f6rsamling i Kinds pastorat. P\u00e5 den h\u00e4r bloggen skriver jag ner tankar om vandringen som kristen.\",\"sameAs\":[\"http:\/\/www.vandravagen.se\"],\"url\":\"https:\/\/blogg.svenskakyrkan.se\/vandravagen\/author\/vandravagen\/\"}]}<\/script>\n<!-- \/ Yoast SEO plugin. -->","yoast_head_json":{"title":"R\u00f6sten utifr\u00e5n och r\u00f6sten inifr\u00e5n - Vandra V\u00e4gen","robots":{"index":"index","follow":"follow","max-snippet":"max-snippet:-1","max-image-preview":"max-image-preview:large","max-video-preview":"max-video-preview:-1"},"canonical":"https:\/\/blogg.svenskakyrkan.se\/vandravagen\/2017\/02\/20\/rosten-utifran-och-rosten-inifran\/","og_locale":"sv_SE","og_type":"article","og_title":"R\u00f6sten utifr\u00e5n och r\u00f6sten inifr\u00e5n - Vandra V\u00e4gen","og_description":"&nbsp; H\u00e4r \u00e4r min predikan fr\u00e5n ig\u00e5r p\u00e5 sexagesima. Det var tre mycket olika gudstj\u00e4nster som var f\u00f6r sig var v\u00e4ldigt fina. Jag tror kanske att jag predikade v\u00e4l l\u00e4nge men nu f\u00e5r ju du i alla fall l\u00e4sa hur fort eller l\u00e5ngsamt du vill. H\u00e4r \u00e4r vad jag har att s\u00e4ga om &#8221;det levande [&hellip;]","og_url":"https:\/\/blogg.svenskakyrkan.se\/vandravagen\/2017\/02\/20\/rosten-utifran-och-rosten-inifran\/","og_site_name":"Vandra V\u00e4gen","article_publisher":"http:\/\/facebook.com\/vandravagen","article_published_time":"2017-02-20T08:16:16+00:00","og_image":[{"url":"http:\/\/blogg.svenskakyrkan.se\/vandravagen\/files\/2017\/02\/IMG_1628.jpg","type":"","width":"","height":""}],"author":"Tomas Jarvid","twitter_card":"summary_large_image","twitter_creator":"@fadertomas","twitter_site":"@fadertomas","twitter_misc":{"Skriven av":"Tomas Jarvid","Ber\u00e4knad l\u00e4stid":"8 minuter"},"schema":{"@context":"https:\/\/schema.org","@graph":[{"@type":"Article","@id":"https:\/\/blogg.svenskakyrkan.se\/vandravagen\/2017\/02\/20\/rosten-utifran-och-rosten-inifran\/#article","isPartOf":{"@id":"https:\/\/blogg.svenskakyrkan.se\/vandravagen\/2017\/02\/20\/rosten-utifran-och-rosten-inifran\/"},"author":{"name":"Tomas Jarvid","@id":"https:\/\/blogg.svenskakyrkan.se\/vandravagen\/#\/schema\/person\/25da02d4f76b137d04291711e2c9fc16"},"headline":"R\u00f6sten utifr\u00e5n och r\u00f6sten inifr\u00e5n","datePublished":"2017-02-20T08:16:16+00:00","mainEntityOfPage":{"@id":"https:\/\/blogg.svenskakyrkan.se\/vandravagen\/2017\/02\/20\/rosten-utifran-och-rosten-inifran\/"},"wordCount":1560,"commentCount":2,"publisher":{"@id":"https:\/\/blogg.svenskakyrkan.se\/vandravagen\/#organization"},"image":{"@id":"https:\/\/blogg.svenskakyrkan.se\/vandravagen\/2017\/02\/20\/rosten-utifran-och-rosten-inifran\/#primaryimage"},"thumbnailUrl":"http:\/\/blogg.svenskakyrkan.se\/vandravagen\/files\/2017\/02\/IMG_1628.jpg","articleSection":["Dagens Kyrka","predikan"],"inLanguage":"sv-SE","potentialAction":[{"@type":"CommentAction","name":"Comment","target":["https:\/\/blogg.svenskakyrkan.se\/vandravagen\/2017\/02\/20\/rosten-utifran-och-rosten-inifran\/#respond"]}]},{"@type":"WebPage","@id":"https:\/\/blogg.svenskakyrkan.se\/vandravagen\/2017\/02\/20\/rosten-utifran-och-rosten-inifran\/","url":"https:\/\/blogg.svenskakyrkan.se\/vandravagen\/2017\/02\/20\/rosten-utifran-och-rosten-inifran\/","name":"R\u00f6sten utifr\u00e5n och r\u00f6sten inifr\u00e5n - Vandra V\u00e4gen","isPartOf":{"@id":"https:\/\/blogg.svenskakyrkan.se\/vandravagen\/#website"},"primaryImageOfPage":{"@id":"https:\/\/blogg.svenskakyrkan.se\/vandravagen\/2017\/02\/20\/rosten-utifran-och-rosten-inifran\/#primaryimage"},"image":{"@id":"https:\/\/blogg.svenskakyrkan.se\/vandravagen\/2017\/02\/20\/rosten-utifran-och-rosten-inifran\/#primaryimage"},"thumbnailUrl":"http:\/\/blogg.svenskakyrkan.se\/vandravagen\/files\/2017\/02\/IMG_1628.jpg","datePublished":"2017-02-20T08:16:16+00:00","breadcrumb":{"@id":"https:\/\/blogg.svenskakyrkan.se\/vandravagen\/2017\/02\/20\/rosten-utifran-och-rosten-inifran\/#breadcrumb"},"inLanguage":"sv-SE","potentialAction":[{"@type":"ReadAction","target":["https:\/\/blogg.svenskakyrkan.se\/vandravagen\/2017\/02\/20\/rosten-utifran-och-rosten-inifran\/"]}]},{"@type":"ImageObject","inLanguage":"sv-SE","@id":"https:\/\/blogg.svenskakyrkan.se\/vandravagen\/2017\/02\/20\/rosten-utifran-och-rosten-inifran\/#primaryimage","url":"http:\/\/blogg.svenskakyrkan.se\/vandravagen\/files\/2017\/02\/IMG_1628.jpg","contentUrl":"http:\/\/blogg.svenskakyrkan.se\/vandravagen\/files\/2017\/02\/IMG_1628.jpg"},{"@type":"BreadcrumbList","@id":"https:\/\/blogg.svenskakyrkan.se\/vandravagen\/2017\/02\/20\/rosten-utifran-och-rosten-inifran\/#breadcrumb","itemListElement":[{"@type":"ListItem","position":1,"name":"Hem","item":"https:\/\/blogg.svenskakyrkan.se\/vandravagen\/"},{"@type":"ListItem","position":2,"name":"R\u00f6sten utifr\u00e5n och r\u00f6sten inifr\u00e5n"}]},{"@type":"WebSite","@id":"https:\/\/blogg.svenskakyrkan.se\/vandravagen\/#website","url":"https:\/\/blogg.svenskakyrkan.se\/vandravagen\/","name":"Vandra V\u00e4gen","description":"-Mot en tro f\u00f6r hela livet","publisher":{"@id":"https:\/\/blogg.svenskakyrkan.se\/vandravagen\/#organization"},"potentialAction":[{"@type":"SearchAction","target":{"@type":"EntryPoint","urlTemplate":"https:\/\/blogg.svenskakyrkan.se\/vandravagen\/?s={search_term_string}"},"query-input":{"@type":"PropertyValueSpecification","valueRequired":true,"valueName":"search_term_string"}}],"inLanguage":"sv-SE"},{"@type":"Organization","@id":"https:\/\/blogg.svenskakyrkan.se\/vandravagen\/#organization","name":"ulricehamns pastorat","alternateName":"ulricehamns pastorat","url":"https:\/\/blogg.svenskakyrkan.se\/vandravagen\/","logo":{"@type":"ImageObject","inLanguage":"sv-SE","@id":"https:\/\/blogg.svenskakyrkan.se\/vandravagen\/#\/schema\/logo\/image\/","url":"https:\/\/blogg.svenskakyrkan.se\/vandravagen\/files\/2023\/05\/Ulr_logo_RGB.png","contentUrl":"https:\/\/blogg.svenskakyrkan.se\/vandravagen\/files\/2023\/05\/Ulr_logo_RGB.png","width":205,"height":77,"caption":"ulricehamns pastorat"},"image":{"@id":"https:\/\/blogg.svenskakyrkan.se\/vandravagen\/#\/schema\/logo\/image\/"},"sameAs":["http:\/\/facebook.com\/vandravagen","https:\/\/x.com\/fadertomas","http:\/\/www.facebook.com\/svenskakyrkaniulricehamn"]},{"@type":"Person","@id":"https:\/\/blogg.svenskakyrkan.se\/vandravagen\/#\/schema\/person\/25da02d4f76b137d04291711e2c9fc16","name":"Tomas Jarvid","image":{"@type":"ImageObject","inLanguage":"sv-SE","@id":"https:\/\/blogg.svenskakyrkan.se\/vandravagen\/#\/schema\/person\/image\/","url":"https:\/\/secure.gravatar.com\/avatar\/7fa71899795e8f540f615a1f5ab25255dc27aa40f05ee7ddd21aac521e01bf50?s=96&d=identicon&r=g","contentUrl":"https:\/\/secure.gravatar.com\/avatar\/7fa71899795e8f540f615a1f5ab25255dc27aa40f05ee7ddd21aac521e01bf50?s=96&d=identicon&r=g","caption":"Tomas Jarvid"},"description":"Jag bor i Ulricehamn i V\u00e4sterg\u00f6tland och \u00e4r f\u00f6rsamlingspr\u00e4st i Svenska Kyrkan f\u00f6r Dalstorps f\u00f6rsamling i Kinds pastorat. P\u00e5 den h\u00e4r bloggen skriver jag ner tankar om vandringen som kristen.","sameAs":["http:\/\/www.vandravagen.se"],"url":"https:\/\/blogg.svenskakyrkan.se\/vandravagen\/author\/vandravagen\/"}]}},"author_meta":{"ID":"392","user_nicename":"vandravagen","user_url":"http:\/\/www.vandravagen.se","user_registered":"2014-05-19 05:44:52","display_name":"Tomas Jarvid","first_name":"Tomas","last_name":"Jarvid","avatar":"https:\/\/secure.gravatar.com\/avatar\/7fa71899795e8f540f615a1f5ab25255dc27aa40f05ee7ddd21aac521e01bf50?s=96&d=identicon&r=g"},"featured_image":false,"bloginfo":{"name":"Vandra V\u00e4gen","url":"https:\/\/blogg.svenskakyrkan.se\/vandravagen"},"_links":{"self":[{"href":"https:\/\/blogg.svenskakyrkan.se\/vandravagen\/wp-json\/wp\/v2\/posts\/5461","targetHints":{"allow":["GET"]}}],"collection":[{"href":"https:\/\/blogg.svenskakyrkan.se\/vandravagen\/wp-json\/wp\/v2\/posts"}],"about":[{"href":"https:\/\/blogg.svenskakyrkan.se\/vandravagen\/wp-json\/wp\/v2\/types\/post"}],"author":[{"embeddable":true,"href":"https:\/\/blogg.svenskakyrkan.se\/vandravagen\/wp-json\/wp\/v2\/users\/392"}],"replies":[{"embeddable":true,"href":"https:\/\/blogg.svenskakyrkan.se\/vandravagen\/wp-json\/wp\/v2\/comments?post=5461"}],"version-history":[{"count":2,"href":"https:\/\/blogg.svenskakyrkan.se\/vandravagen\/wp-json\/wp\/v2\/posts\/5461\/revisions"}],"predecessor-version":[{"id":5464,"href":"https:\/\/blogg.svenskakyrkan.se\/vandravagen\/wp-json\/wp\/v2\/posts\/5461\/revisions\/5464"}],"wp:attachment":[{"href":"https:\/\/blogg.svenskakyrkan.se\/vandravagen\/wp-json\/wp\/v2\/media?parent=5461"}],"wp:term":[{"taxonomy":"category","embeddable":true,"href":"https:\/\/blogg.svenskakyrkan.se\/vandravagen\/wp-json\/wp\/v2\/categories?post=5461"},{"taxonomy":"post_tag","embeddable":true,"href":"https:\/\/blogg.svenskakyrkan.se\/vandravagen\/wp-json\/wp\/v2\/tags?post=5461"}],"curies":[{"name":"wp","href":"https:\/\/api.w.org\/{rel}","templated":true}]}}