{"id":5469,"date":"2017-02-24T07:00:06","date_gmt":"2017-02-24T06:00:06","guid":{"rendered":"http:\/\/blogg.svenskakyrkan.se\/vandravagen\/?p=5469"},"modified":"2017-02-23T11:05:40","modified_gmt":"2017-02-23T10:05:40","slug":"den-onde-luther","status":"publish","type":"post","link":"https:\/\/blogg.svenskakyrkan.se\/vandravagen\/2017\/02\/24\/den-onde-luther\/","title":{"rendered":"Den onde Luther"},"content":{"rendered":"<div id=\"attachment_5470\" style=\"width: 4042px\" class=\"wp-caption aligncenter\"><a href=\"http:\/\/blogg.svenskakyrkan.se\/vandravagen\/files\/2017\/02\/Foto-2017-02-22-20-06-40.jpg\"><img loading=\"lazy\" decoding=\"async\" aria-describedby=\"caption-attachment-5470\" class=\"size-full wp-image-5470\" src=\"http:\/\/blogg.svenskakyrkan.se\/vandravagen\/files\/2017\/02\/Foto-2017-02-22-20-06-40.jpg\" alt=\"Bilden av Luther rymmer en del sv\u00e4rta ocks\u00e5. Inte riktigt s\u00e5h\u00e4r dock.\" width=\"4032\" height=\"3024\" srcset=\"https:\/\/blogg.svenskakyrkan.se\/vandravagen\/files\/2017\/02\/Foto-2017-02-22-20-06-40.jpg 4032w, https:\/\/blogg.svenskakyrkan.se\/vandravagen\/files\/2017\/02\/Foto-2017-02-22-20-06-40-300x225.jpg 300w, https:\/\/blogg.svenskakyrkan.se\/vandravagen\/files\/2017\/02\/Foto-2017-02-22-20-06-40-1024x768.jpg 1024w, https:\/\/blogg.svenskakyrkan.se\/vandravagen\/files\/2017\/02\/Foto-2017-02-22-20-06-40-400x300.jpg 400w\" sizes=\"auto, (max-width: 4032px) 100vw, 4032px\" \/><\/a><p id=\"caption-attachment-5470\" class=\"wp-caption-text\">Bilden av Luther rymmer en del sv\u00e4rta ocks\u00e5. Inte riktigt s\u00e5h\u00e4r dock.<\/p><\/div>\n<p>Jag har tagit n\u00e5gra nya bilder av Luthers liv inf\u00f6r kommande f\u00f6rel\u00e4sningar. H\u00e4r \u00e4r en, jag kallar den &#8221;den onde Luther&#8221;.<\/p>\n<p>Det \u00e4r starka ord att anv\u00e4nda och jag har spetsat till dem f\u00f6r po\u00e4ngens skull. Luther skulle f\u00f6rst\u00e5s sj\u00e4lv villigt medgett att han var en syndare som alla andra och beroende av Guds barmh\u00e4rtighet. Att han hade ett hett temperament \u00e4r inte heller att ta fel p\u00e5 och mycket av de h\u00e5rda ord som finns bevarade fr\u00e5n honom har han nog sagt och gjort i vredesmod. Jag skulle allts\u00e5 inte s\u00e4ga att Luther var en ond m\u00e4nniska mer \u00e4n du och jag \u00e4r det men det finns n\u00e5gra saker som jag m\u00e5ste n\u00e4mna h\u00e4r f\u00f6r att bilden av Luther sammantaget ska bli mer r\u00e4ttvisande.<\/p>\n<p><strong>Antisemiten<\/strong><\/p>\n<p>Det \u00e4r ett v\u00e4lk\u00e4nt faktum att Luther var antisemit. Nu kan man f\u00f6rst\u00e5s h\u00e4vda att v\u00e4ldigt m\u00e5nga kristna i hans samtid var h\u00e4tska mot judar men det \u00e4r ju inte mycket till f\u00f6rsvar egentligen. Det var inte heller s\u00e5 att Luther h\u00f6ll sina tankar f\u00f6r sig sj\u00e4lv utan han predikade g\u00e4rna om judarnas och deras f\u00f6rkastliga tro. Hans allra sista predikan i livet var en s\u00e5dan. Och det finns en sen skrift av Luther (&#8221;Om judarna och deras l\u00f6gner&#8221;) som handlar om alla m\u00f6jliga illd\u00e5d han tycker det kan vara r\u00e4tt och lagom \u00e5t judarna att uts\u00e4ttas f\u00f6r. L\u00e5ngt senare plockade Adolf Hitler upp den boken och anv\u00e4nde den f\u00f6r att legitimera sitt antisemistiska program.<\/p>\n<p>Jag har h\u00f6rt det s\u00e4gas att Luther hade vissa f\u00f6rhoppningar om att judarna skulle bli kristna n\u00e4r de nu fick h\u00f6ra evangeliet rent och klart tack vare honom. Inte konstigt att de inte tog till sig det f\u00f6rvanskade budskapet som p\u00e5ven stod bakom t\u00e4nkte han. Men n\u00e5gon stor tillstr\u00f6mning av judar som ville d\u00f6pas blev det aldrig och d\u00e5 ska Luther ha blivit vred \u00f6ver detta. I sj\u00e4lva verket var nog Luther antisemit hela livet. Det har ibland framst\u00e4llts som det men det var inte n\u00e5gon kamp f\u00f6r religionsfrihet i v\u00e5r mening som han f\u00f6rde.<\/p>\n<p><strong>Inbyggt i teologin?<\/strong><\/p>\n<p>Det som bekymrar mest med detta \u00e4r att Luther i sin tolkning av Paulus f\u00f6rmedlat en v\u00e4ldigt negativ syn p\u00e5 judendomen genom hela sin teologi. Han hyser inte direkt n\u00e5gra varma k\u00e4nslor f\u00f6r s\u00e5nt han neds\u00e4ttande kallar &#8221;g\u00e4rningsfromhet&#8221; eller &#8221;lagg\u00e4rningar&#8221; och allt som i hans \u00f6gon syftar till att med sina handlingar bli r\u00e4ttf\u00e4rdig inf\u00f6r Gud. Det \u00e4r en syn som man som lutheran l\u00e4tt f\u00e5r med sig omedvetet \u00e4ven om judarna inte skulle h\u00e5lla med om den sj\u00e4lva. De f\u00f6ljer visserligen Toran men \u00e4r ocks\u00e5 beroende av Guds n\u00e5d och de l\u00f6ften han gett d\u00e5 han sl\u00f6t f\u00f6rbund med folket.<\/p>\n<p>Jag kan sj\u00e4lv tycka att det \u00e4r v\u00e4ldigt sv\u00e5rt att sortera ut hur mycket i det lutherska som egentligen h\u00e4nger ihop med s\u00e5dan &#8221;ers\u00e4ttningsteologi&#8221;. Det h\u00e4r handlar ju om v\u00e4ldigt centrala fr\u00e5gor i teologin. Som ni sett h\u00e4r p\u00e5 bloggen har jag skrivit en hel del om att f\u00f6rst\u00e5 Jesus i sitt judiska sammanhang. Till exempel &#8221;<a href=\"http:\/\/blogg.svenskakyrkan.se\/vandravagen\/2014\/09\/30\/jesus-med-judiska-ogon\/\">Jesus med judiska \u00f6gon<\/a>&#8221; f\u00f6r n\u00e5gra \u00e5r sedan.<\/p>\n<p>Vad s\u00e4ger du om de h\u00e4r osympatiska sidorna hos Luther, hur ska vi t\u00e4nka om dem? Skriv en kommentar!<\/p>\n","protected":false},"excerpt":{"rendered":"<p>Jag har tagit n\u00e5gra nya bilder av Luthers liv inf\u00f6r kommande f\u00f6rel\u00e4sningar. H\u00e4r \u00e4r en, jag kallar den &#8221;den onde Luther&#8221;. Det \u00e4r starka ord att anv\u00e4nda och jag har spetsat till dem f\u00f6r po\u00e4ngens skull. Luther skulle f\u00f6rst\u00e5s sj\u00e4lv villigt medgett att han var en syndare som alla andra och beroende av Guds barmh\u00e4rtighet. [&hellip;]<\/p>\n","protected":false},"author":392,"featured_media":0,"comment_status":"open","ping_status":"open","sticky":false,"template":"","format":"standard","meta":{"_acf_changed":false,"footnotes":""},"categories":[76189,8337,28732,117],"tags":[],"class_list":["post-5469","post","type-post","status-publish","format-standard","hentry","category-dagens-kyrka","category-historia","category-luther","category-teologi"],"acf":[],"yoast_head":"<!-- This site is optimized with the Yoast SEO plugin v27.1.1 - https:\/\/yoast.com\/product\/yoast-seo-wordpress\/ -->\n<title>Den onde Luther - Vandra V\u00e4gen<\/title>\n<meta name=\"robots\" content=\"index, follow, max-snippet:-1, max-image-preview:large, max-video-preview:-1\" \/>\n<link rel=\"canonical\" href=\"https:\/\/blogg.svenskakyrkan.se\/vandravagen\/2017\/02\/24\/den-onde-luther\/\" \/>\n<meta property=\"og:locale\" content=\"sv_SE\" \/>\n<meta property=\"og:type\" content=\"article\" \/>\n<meta property=\"og:title\" content=\"Den onde Luther - Vandra V\u00e4gen\" \/>\n<meta property=\"og:description\" content=\"Jag har tagit n\u00e5gra nya bilder av Luthers liv inf\u00f6r kommande f\u00f6rel\u00e4sningar. H\u00e4r \u00e4r en, jag kallar den &#8221;den onde Luther&#8221;. Det \u00e4r starka ord att anv\u00e4nda och jag har spetsat till dem f\u00f6r po\u00e4ngens skull. Luther skulle f\u00f6rst\u00e5s sj\u00e4lv villigt medgett att han var en syndare som alla andra och beroende av Guds barmh\u00e4rtighet. [&hellip;]\" \/>\n<meta property=\"og:url\" content=\"https:\/\/blogg.svenskakyrkan.se\/vandravagen\/2017\/02\/24\/den-onde-luther\/\" \/>\n<meta property=\"og:site_name\" content=\"Vandra V\u00e4gen\" \/>\n<meta property=\"article:publisher\" content=\"http:\/\/facebook.com\/vandravagen\" \/>\n<meta property=\"article:published_time\" content=\"2017-02-24T06:00:06+00:00\" \/>\n<meta property=\"og:image\" content=\"http:\/\/blogg.svenskakyrkan.se\/vandravagen\/files\/2017\/02\/Foto-2017-02-22-20-06-40.jpg\" \/>\n<meta name=\"author\" content=\"Tomas Jarvid\" \/>\n<meta name=\"twitter:card\" content=\"summary_large_image\" \/>\n<meta name=\"twitter:creator\" content=\"@fadertomas\" \/>\n<meta name=\"twitter:site\" content=\"@fadertomas\" \/>\n<meta name=\"twitter:label1\" content=\"Skriven av\" \/>\n\t<meta name=\"twitter:data1\" content=\"Tomas Jarvid\" \/>\n\t<meta name=\"twitter:label2\" content=\"Ber\u00e4knad l\u00e4stid\" \/>\n\t<meta name=\"twitter:data2\" content=\"3 minuter\" \/>\n<script type=\"application\/ld+json\" class=\"yoast-schema-graph\">{\"@context\":\"https:\/\/schema.org\",\"@graph\":[{\"@type\":\"Article\",\"@id\":\"https:\/\/blogg.svenskakyrkan.se\/vandravagen\/2017\/02\/24\/den-onde-luther\/#article\",\"isPartOf\":{\"@id\":\"https:\/\/blogg.svenskakyrkan.se\/vandravagen\/2017\/02\/24\/den-onde-luther\/\"},\"author\":{\"name\":\"Tomas Jarvid\",\"@id\":\"https:\/\/blogg.svenskakyrkan.se\/vandravagen\/#\/schema\/person\/25da02d4f76b137d04291711e2c9fc16\"},\"headline\":\"Den onde Luther\",\"datePublished\":\"2017-02-24T06:00:06+00:00\",\"mainEntityOfPage\":{\"@id\":\"https:\/\/blogg.svenskakyrkan.se\/vandravagen\/2017\/02\/24\/den-onde-luther\/\"},\"wordCount\":648,\"commentCount\":4,\"publisher\":{\"@id\":\"https:\/\/blogg.svenskakyrkan.se\/vandravagen\/#organization\"},\"image\":{\"@id\":\"https:\/\/blogg.svenskakyrkan.se\/vandravagen\/2017\/02\/24\/den-onde-luther\/#primaryimage\"},\"thumbnailUrl\":\"http:\/\/blogg.svenskakyrkan.se\/vandravagen\/files\/2017\/02\/Foto-2017-02-22-20-06-40.jpg\",\"articleSection\":[\"Dagens Kyrka\",\"historia\",\"Luther\",\"Teologi\"],\"inLanguage\":\"sv-SE\",\"potentialAction\":[{\"@type\":\"CommentAction\",\"name\":\"Comment\",\"target\":[\"https:\/\/blogg.svenskakyrkan.se\/vandravagen\/2017\/02\/24\/den-onde-luther\/#respond\"]}]},{\"@type\":\"WebPage\",\"@id\":\"https:\/\/blogg.svenskakyrkan.se\/vandravagen\/2017\/02\/24\/den-onde-luther\/\",\"url\":\"https:\/\/blogg.svenskakyrkan.se\/vandravagen\/2017\/02\/24\/den-onde-luther\/\",\"name\":\"Den onde Luther - Vandra V\u00e4gen\",\"isPartOf\":{\"@id\":\"https:\/\/blogg.svenskakyrkan.se\/vandravagen\/#website\"},\"primaryImageOfPage\":{\"@id\":\"https:\/\/blogg.svenskakyrkan.se\/vandravagen\/2017\/02\/24\/den-onde-luther\/#primaryimage\"},\"image\":{\"@id\":\"https:\/\/blogg.svenskakyrkan.se\/vandravagen\/2017\/02\/24\/den-onde-luther\/#primaryimage\"},\"thumbnailUrl\":\"http:\/\/blogg.svenskakyrkan.se\/vandravagen\/files\/2017\/02\/Foto-2017-02-22-20-06-40.jpg\",\"datePublished\":\"2017-02-24T06:00:06+00:00\",\"breadcrumb\":{\"@id\":\"https:\/\/blogg.svenskakyrkan.se\/vandravagen\/2017\/02\/24\/den-onde-luther\/#breadcrumb\"},\"inLanguage\":\"sv-SE\",\"potentialAction\":[{\"@type\":\"ReadAction\",\"target\":[\"https:\/\/blogg.svenskakyrkan.se\/vandravagen\/2017\/02\/24\/den-onde-luther\/\"]}]},{\"@type\":\"ImageObject\",\"inLanguage\":\"sv-SE\",\"@id\":\"https:\/\/blogg.svenskakyrkan.se\/vandravagen\/2017\/02\/24\/den-onde-luther\/#primaryimage\",\"url\":\"http:\/\/blogg.svenskakyrkan.se\/vandravagen\/files\/2017\/02\/Foto-2017-02-22-20-06-40.jpg\",\"contentUrl\":\"http:\/\/blogg.svenskakyrkan.se\/vandravagen\/files\/2017\/02\/Foto-2017-02-22-20-06-40.jpg\"},{\"@type\":\"BreadcrumbList\",\"@id\":\"https:\/\/blogg.svenskakyrkan.se\/vandravagen\/2017\/02\/24\/den-onde-luther\/#breadcrumb\",\"itemListElement\":[{\"@type\":\"ListItem\",\"position\":1,\"name\":\"Hem\",\"item\":\"https:\/\/blogg.svenskakyrkan.se\/vandravagen\/\"},{\"@type\":\"ListItem\",\"position\":2,\"name\":\"Den onde Luther\"}]},{\"@type\":\"WebSite\",\"@id\":\"https:\/\/blogg.svenskakyrkan.se\/vandravagen\/#website\",\"url\":\"https:\/\/blogg.svenskakyrkan.se\/vandravagen\/\",\"name\":\"Vandra V\u00e4gen\",\"description\":\"-Mot en tro f\u00f6r hela livet\",\"publisher\":{\"@id\":\"https:\/\/blogg.svenskakyrkan.se\/vandravagen\/#organization\"},\"potentialAction\":[{\"@type\":\"SearchAction\",\"target\":{\"@type\":\"EntryPoint\",\"urlTemplate\":\"https:\/\/blogg.svenskakyrkan.se\/vandravagen\/?s={search_term_string}\"},\"query-input\":{\"@type\":\"PropertyValueSpecification\",\"valueRequired\":true,\"valueName\":\"search_term_string\"}}],\"inLanguage\":\"sv-SE\"},{\"@type\":\"Organization\",\"@id\":\"https:\/\/blogg.svenskakyrkan.se\/vandravagen\/#organization\",\"name\":\"ulricehamns pastorat\",\"alternateName\":\"ulricehamns pastorat\",\"url\":\"https:\/\/blogg.svenskakyrkan.se\/vandravagen\/\",\"logo\":{\"@type\":\"ImageObject\",\"inLanguage\":\"sv-SE\",\"@id\":\"https:\/\/blogg.svenskakyrkan.se\/vandravagen\/#\/schema\/logo\/image\/\",\"url\":\"https:\/\/blogg.svenskakyrkan.se\/vandravagen\/files\/2023\/05\/Ulr_logo_RGB.png\",\"contentUrl\":\"https:\/\/blogg.svenskakyrkan.se\/vandravagen\/files\/2023\/05\/Ulr_logo_RGB.png\",\"width\":205,\"height\":77,\"caption\":\"ulricehamns pastorat\"},\"image\":{\"@id\":\"https:\/\/blogg.svenskakyrkan.se\/vandravagen\/#\/schema\/logo\/image\/\"},\"sameAs\":[\"http:\/\/facebook.com\/vandravagen\",\"https:\/\/x.com\/fadertomas\",\"http:\/\/www.facebook.com\/svenskakyrkaniulricehamn\"]},{\"@type\":\"Person\",\"@id\":\"https:\/\/blogg.svenskakyrkan.se\/vandravagen\/#\/schema\/person\/25da02d4f76b137d04291711e2c9fc16\",\"name\":\"Tomas Jarvid\",\"image\":{\"@type\":\"ImageObject\",\"inLanguage\":\"sv-SE\",\"@id\":\"https:\/\/blogg.svenskakyrkan.se\/vandravagen\/#\/schema\/person\/image\/\",\"url\":\"https:\/\/secure.gravatar.com\/avatar\/7fa71899795e8f540f615a1f5ab25255dc27aa40f05ee7ddd21aac521e01bf50?s=96&d=identicon&r=g\",\"contentUrl\":\"https:\/\/secure.gravatar.com\/avatar\/7fa71899795e8f540f615a1f5ab25255dc27aa40f05ee7ddd21aac521e01bf50?s=96&d=identicon&r=g\",\"caption\":\"Tomas Jarvid\"},\"description\":\"Jag bor i Ulricehamn i V\u00e4sterg\u00f6tland och \u00e4r f\u00f6rsamlingspr\u00e4st i Svenska Kyrkan f\u00f6r Dalstorps f\u00f6rsamling i Kinds pastorat. P\u00e5 den h\u00e4r bloggen skriver jag ner tankar om vandringen som kristen.\",\"sameAs\":[\"http:\/\/www.vandravagen.se\"],\"url\":\"https:\/\/blogg.svenskakyrkan.se\/vandravagen\/author\/vandravagen\/\"}]}<\/script>\n<!-- \/ Yoast SEO plugin. -->","yoast_head_json":{"title":"Den onde Luther - Vandra V\u00e4gen","robots":{"index":"index","follow":"follow","max-snippet":"max-snippet:-1","max-image-preview":"max-image-preview:large","max-video-preview":"max-video-preview:-1"},"canonical":"https:\/\/blogg.svenskakyrkan.se\/vandravagen\/2017\/02\/24\/den-onde-luther\/","og_locale":"sv_SE","og_type":"article","og_title":"Den onde Luther - Vandra V\u00e4gen","og_description":"Jag har tagit n\u00e5gra nya bilder av Luthers liv inf\u00f6r kommande f\u00f6rel\u00e4sningar. H\u00e4r \u00e4r en, jag kallar den &#8221;den onde Luther&#8221;. Det \u00e4r starka ord att anv\u00e4nda och jag har spetsat till dem f\u00f6r po\u00e4ngens skull. Luther skulle f\u00f6rst\u00e5s sj\u00e4lv villigt medgett att han var en syndare som alla andra och beroende av Guds barmh\u00e4rtighet. [&hellip;]","og_url":"https:\/\/blogg.svenskakyrkan.se\/vandravagen\/2017\/02\/24\/den-onde-luther\/","og_site_name":"Vandra V\u00e4gen","article_publisher":"http:\/\/facebook.com\/vandravagen","article_published_time":"2017-02-24T06:00:06+00:00","og_image":[{"url":"http:\/\/blogg.svenskakyrkan.se\/vandravagen\/files\/2017\/02\/Foto-2017-02-22-20-06-40.jpg","type":"","width":"","height":""}],"author":"Tomas Jarvid","twitter_card":"summary_large_image","twitter_creator":"@fadertomas","twitter_site":"@fadertomas","twitter_misc":{"Skriven av":"Tomas Jarvid","Ber\u00e4knad l\u00e4stid":"3 minuter"},"schema":{"@context":"https:\/\/schema.org","@graph":[{"@type":"Article","@id":"https:\/\/blogg.svenskakyrkan.se\/vandravagen\/2017\/02\/24\/den-onde-luther\/#article","isPartOf":{"@id":"https:\/\/blogg.svenskakyrkan.se\/vandravagen\/2017\/02\/24\/den-onde-luther\/"},"author":{"name":"Tomas Jarvid","@id":"https:\/\/blogg.svenskakyrkan.se\/vandravagen\/#\/schema\/person\/25da02d4f76b137d04291711e2c9fc16"},"headline":"Den onde Luther","datePublished":"2017-02-24T06:00:06+00:00","mainEntityOfPage":{"@id":"https:\/\/blogg.svenskakyrkan.se\/vandravagen\/2017\/02\/24\/den-onde-luther\/"},"wordCount":648,"commentCount":4,"publisher":{"@id":"https:\/\/blogg.svenskakyrkan.se\/vandravagen\/#organization"},"image":{"@id":"https:\/\/blogg.svenskakyrkan.se\/vandravagen\/2017\/02\/24\/den-onde-luther\/#primaryimage"},"thumbnailUrl":"http:\/\/blogg.svenskakyrkan.se\/vandravagen\/files\/2017\/02\/Foto-2017-02-22-20-06-40.jpg","articleSection":["Dagens Kyrka","historia","Luther","Teologi"],"inLanguage":"sv-SE","potentialAction":[{"@type":"CommentAction","name":"Comment","target":["https:\/\/blogg.svenskakyrkan.se\/vandravagen\/2017\/02\/24\/den-onde-luther\/#respond"]}]},{"@type":"WebPage","@id":"https:\/\/blogg.svenskakyrkan.se\/vandravagen\/2017\/02\/24\/den-onde-luther\/","url":"https:\/\/blogg.svenskakyrkan.se\/vandravagen\/2017\/02\/24\/den-onde-luther\/","name":"Den onde Luther - Vandra V\u00e4gen","isPartOf":{"@id":"https:\/\/blogg.svenskakyrkan.se\/vandravagen\/#website"},"primaryImageOfPage":{"@id":"https:\/\/blogg.svenskakyrkan.se\/vandravagen\/2017\/02\/24\/den-onde-luther\/#primaryimage"},"image":{"@id":"https:\/\/blogg.svenskakyrkan.se\/vandravagen\/2017\/02\/24\/den-onde-luther\/#primaryimage"},"thumbnailUrl":"http:\/\/blogg.svenskakyrkan.se\/vandravagen\/files\/2017\/02\/Foto-2017-02-22-20-06-40.jpg","datePublished":"2017-02-24T06:00:06+00:00","breadcrumb":{"@id":"https:\/\/blogg.svenskakyrkan.se\/vandravagen\/2017\/02\/24\/den-onde-luther\/#breadcrumb"},"inLanguage":"sv-SE","potentialAction":[{"@type":"ReadAction","target":["https:\/\/blogg.svenskakyrkan.se\/vandravagen\/2017\/02\/24\/den-onde-luther\/"]}]},{"@type":"ImageObject","inLanguage":"sv-SE","@id":"https:\/\/blogg.svenskakyrkan.se\/vandravagen\/2017\/02\/24\/den-onde-luther\/#primaryimage","url":"http:\/\/blogg.svenskakyrkan.se\/vandravagen\/files\/2017\/02\/Foto-2017-02-22-20-06-40.jpg","contentUrl":"http:\/\/blogg.svenskakyrkan.se\/vandravagen\/files\/2017\/02\/Foto-2017-02-22-20-06-40.jpg"},{"@type":"BreadcrumbList","@id":"https:\/\/blogg.svenskakyrkan.se\/vandravagen\/2017\/02\/24\/den-onde-luther\/#breadcrumb","itemListElement":[{"@type":"ListItem","position":1,"name":"Hem","item":"https:\/\/blogg.svenskakyrkan.se\/vandravagen\/"},{"@type":"ListItem","position":2,"name":"Den onde Luther"}]},{"@type":"WebSite","@id":"https:\/\/blogg.svenskakyrkan.se\/vandravagen\/#website","url":"https:\/\/blogg.svenskakyrkan.se\/vandravagen\/","name":"Vandra V\u00e4gen","description":"-Mot en tro f\u00f6r hela livet","publisher":{"@id":"https:\/\/blogg.svenskakyrkan.se\/vandravagen\/#organization"},"potentialAction":[{"@type":"SearchAction","target":{"@type":"EntryPoint","urlTemplate":"https:\/\/blogg.svenskakyrkan.se\/vandravagen\/?s={search_term_string}"},"query-input":{"@type":"PropertyValueSpecification","valueRequired":true,"valueName":"search_term_string"}}],"inLanguage":"sv-SE"},{"@type":"Organization","@id":"https:\/\/blogg.svenskakyrkan.se\/vandravagen\/#organization","name":"ulricehamns pastorat","alternateName":"ulricehamns pastorat","url":"https:\/\/blogg.svenskakyrkan.se\/vandravagen\/","logo":{"@type":"ImageObject","inLanguage":"sv-SE","@id":"https:\/\/blogg.svenskakyrkan.se\/vandravagen\/#\/schema\/logo\/image\/","url":"https:\/\/blogg.svenskakyrkan.se\/vandravagen\/files\/2023\/05\/Ulr_logo_RGB.png","contentUrl":"https:\/\/blogg.svenskakyrkan.se\/vandravagen\/files\/2023\/05\/Ulr_logo_RGB.png","width":205,"height":77,"caption":"ulricehamns pastorat"},"image":{"@id":"https:\/\/blogg.svenskakyrkan.se\/vandravagen\/#\/schema\/logo\/image\/"},"sameAs":["http:\/\/facebook.com\/vandravagen","https:\/\/x.com\/fadertomas","http:\/\/www.facebook.com\/svenskakyrkaniulricehamn"]},{"@type":"Person","@id":"https:\/\/blogg.svenskakyrkan.se\/vandravagen\/#\/schema\/person\/25da02d4f76b137d04291711e2c9fc16","name":"Tomas Jarvid","image":{"@type":"ImageObject","inLanguage":"sv-SE","@id":"https:\/\/blogg.svenskakyrkan.se\/vandravagen\/#\/schema\/person\/image\/","url":"https:\/\/secure.gravatar.com\/avatar\/7fa71899795e8f540f615a1f5ab25255dc27aa40f05ee7ddd21aac521e01bf50?s=96&d=identicon&r=g","contentUrl":"https:\/\/secure.gravatar.com\/avatar\/7fa71899795e8f540f615a1f5ab25255dc27aa40f05ee7ddd21aac521e01bf50?s=96&d=identicon&r=g","caption":"Tomas Jarvid"},"description":"Jag bor i Ulricehamn i V\u00e4sterg\u00f6tland och \u00e4r f\u00f6rsamlingspr\u00e4st i Svenska Kyrkan f\u00f6r Dalstorps f\u00f6rsamling i Kinds pastorat. P\u00e5 den h\u00e4r bloggen skriver jag ner tankar om vandringen som kristen.","sameAs":["http:\/\/www.vandravagen.se"],"url":"https:\/\/blogg.svenskakyrkan.se\/vandravagen\/author\/vandravagen\/"}]}},"author_meta":{"ID":"392","user_nicename":"vandravagen","user_url":"http:\/\/www.vandravagen.se","user_registered":"2014-05-19 05:44:52","display_name":"Tomas Jarvid","first_name":"Tomas","last_name":"Jarvid","avatar":"https:\/\/secure.gravatar.com\/avatar\/7fa71899795e8f540f615a1f5ab25255dc27aa40f05ee7ddd21aac521e01bf50?s=96&d=identicon&r=g"},"featured_image":false,"bloginfo":{"name":"Vandra V\u00e4gen","url":"https:\/\/blogg.svenskakyrkan.se\/vandravagen"},"_links":{"self":[{"href":"https:\/\/blogg.svenskakyrkan.se\/vandravagen\/wp-json\/wp\/v2\/posts\/5469","targetHints":{"allow":["GET"]}}],"collection":[{"href":"https:\/\/blogg.svenskakyrkan.se\/vandravagen\/wp-json\/wp\/v2\/posts"}],"about":[{"href":"https:\/\/blogg.svenskakyrkan.se\/vandravagen\/wp-json\/wp\/v2\/types\/post"}],"author":[{"embeddable":true,"href":"https:\/\/blogg.svenskakyrkan.se\/vandravagen\/wp-json\/wp\/v2\/users\/392"}],"replies":[{"embeddable":true,"href":"https:\/\/blogg.svenskakyrkan.se\/vandravagen\/wp-json\/wp\/v2\/comments?post=5469"}],"version-history":[{"count":2,"href":"https:\/\/blogg.svenskakyrkan.se\/vandravagen\/wp-json\/wp\/v2\/posts\/5469\/revisions"}],"predecessor-version":[{"id":5472,"href":"https:\/\/blogg.svenskakyrkan.se\/vandravagen\/wp-json\/wp\/v2\/posts\/5469\/revisions\/5472"}],"wp:attachment":[{"href":"https:\/\/blogg.svenskakyrkan.se\/vandravagen\/wp-json\/wp\/v2\/media?parent=5469"}],"wp:term":[{"taxonomy":"category","embeddable":true,"href":"https:\/\/blogg.svenskakyrkan.se\/vandravagen\/wp-json\/wp\/v2\/categories?post=5469"},{"taxonomy":"post_tag","embeddable":true,"href":"https:\/\/blogg.svenskakyrkan.se\/vandravagen\/wp-json\/wp\/v2\/tags?post=5469"}],"curies":[{"name":"wp","href":"https:\/\/api.w.org\/{rel}","templated":true}]}}