{"id":5473,"date":"2017-03-01T07:00:02","date_gmt":"2017-03-01T06:00:02","guid":{"rendered":"http:\/\/blogg.svenskakyrkan.se\/vandravagen\/?p=5473"},"modified":"2017-02-28T11:39:56","modified_gmt":"2017-02-28T10:39:56","slug":"luther-infor-guds-domstol","status":"publish","type":"post","link":"https:\/\/blogg.svenskakyrkan.se\/vandravagen\/2017\/03\/01\/luther-infor-guds-domstol\/","title":{"rendered":"Luther inf\u00f6r Guds domstol"},"content":{"rendered":"<div id=\"attachment_5474\" style=\"width: 4042px\" class=\"wp-caption aligncenter\"><a href=\"http:\/\/blogg.svenskakyrkan.se\/vandravagen\/files\/2017\/02\/Foto-2017-02-22-20-12-26.jpg\"><img loading=\"lazy\" decoding=\"async\" aria-describedby=\"caption-attachment-5474\" class=\"size-full wp-image-5474\" src=\"http:\/\/blogg.svenskakyrkan.se\/vandravagen\/files\/2017\/02\/Foto-2017-02-22-20-12-26.jpg\" alt=\"Luther fri fr\u00e5n bojorna.\" width=\"4032\" height=\"3024\" srcset=\"https:\/\/blogg.svenskakyrkan.se\/vandravagen\/files\/2017\/02\/Foto-2017-02-22-20-12-26.jpg 4032w, https:\/\/blogg.svenskakyrkan.se\/vandravagen\/files\/2017\/02\/Foto-2017-02-22-20-12-26-300x225.jpg 300w, https:\/\/blogg.svenskakyrkan.se\/vandravagen\/files\/2017\/02\/Foto-2017-02-22-20-12-26-1024x768.jpg 1024w, https:\/\/blogg.svenskakyrkan.se\/vandravagen\/files\/2017\/02\/Foto-2017-02-22-20-12-26-400x300.jpg 400w\" sizes=\"auto, (max-width: 4032px) 100vw, 4032px\" \/><\/a><p id=\"caption-attachment-5474\" class=\"wp-caption-text\">Luther fri fr\u00e5n bojorna.<\/p><\/div>\n<p>H\u00e4r ser vi Luther med lossade bojor, friad och sl\u00e4ppt fr\u00e5n straff f\u00f6r sina synder. Sitt gamla bagage i form av ryggs\u00e4cken har han ocks\u00e5 f\u00e5tt l\u00e4gga av sig eftersom han f\u00f6r Jesu Kristi skull blivit fullst\u00e4ndigt ben\u00e5dad.<\/p>\n<p>Jag har nog inte tidigare skrivit om de viktiga lutherska begreppen &#8221;<strong>LAG\u00a0OCH EVANGELIUM<\/strong>&#8221;. S\u00e5 det \u00e4r v\u00e4l p\u00e5 tiden nu.<\/p>\n<p>Luther hade tidigt i livet sv\u00e5rt att se n\u00e5gon barmh\u00e4rtig sida hos Gud. Han fick h\u00f6ra om Guds vilja med v\u00e5ra liv och att vi ska vara heliga eftersom Gud sj\u00e4lv \u00e4r helig. Den samtida synen p\u00e5 n\u00e5d kan enkelt beskrivas s\u00e5 att om m\u00e4nniskan g\u00f6r sitt allra yttersta f\u00f6r att bli r\u00e4ttf\u00e4rdig s\u00e5 skjuter Gud till resten. N\u00e5den var p\u00e5 det s\u00e4ttet inte villkorsl\u00f6s utan kr\u00e4vde att man verkligen anstr\u00e4ngde sig.<\/p>\n<p>I lutherska sammanhang brukar &#8221;<strong>LAG<\/strong>&#8221; just beteckna Guds krav p\u00e5 oss. Den hittar vi f\u00f6rst\u00e5s tydligt i den gammaltestamentliga &#8221;lagen&#8221;, Toran som till exempel <strong>de tio budorden<\/strong>, men ocks\u00e5 i Jesu undervisning om att vi ska &#8221;<strong>\u00e4lska v\u00e5r n\u00e4sta som oss sj\u00e4lv<\/strong>&#8221; och andra s\u00e5na bud (d\u00e4r ju Jesus faktiskt utg\u00e5r helt fr\u00e5n toran).<\/p>\n<p><strong>Evangeliet<\/strong> \u00e5 andra sidan best\u00e5r i att eftersom vi m\u00e4nniskor aldrig f\u00f6rm\u00e5r leva upp till Guds vilja eftersom synden finns med i allt i v\u00e5ra liv s\u00e5 sk\u00e4nker Jesus oss ist\u00e4llet r\u00e4ttf\u00e4rdigheten (det goda f\u00f6rh\u00e5llandet till Gud) som en g\u00e5va och f\u00f6rl\u00e5ter v\u00e5ra synder, inte f\u00f6r att vi f\u00f6rtj\u00e4nar det utan av barmh\u00e4rtighet.<\/p>\n<p>Som Luther t\u00e4nkte det s\u00e5 st\u00e5r vi inf\u00f6r Guds domstol och f\u00f6rtj\u00e4nar de h\u00e5rdaste straff men i Jesus tar Gud p\u00e5 sig dem sj\u00e4lv ist\u00e4llet. Jesus tar v\u00e5r synd och ger oss sin r\u00e4ttf\u00e4rdighet i utbyte. Lagen \u00e4r, f\u00f6rutom att den ger oss kunskap om Guds goda vilja och hur vi b\u00e4st kan leva tillsammans i v\u00e4rlden, till f\u00f6r att vi (om vi \u00e4r \u00e4rliga och om vi verkligen f\u00f6rs\u00f6ker f\u00f6lja den) f\u00f6rr eller senare ska komma p\u00e5 att vi inte klarar av att uppfylla den sj\u00e4lva, utan beh\u00f6ver Jesus som fr\u00e4lsare. Syftet \u00e4r att vi alltmer ska f\u00f6rlita oss p\u00e5 Guds n\u00e5d ist\u00e4llet f\u00f6r p\u00e5 oss sj\u00e4lva.<\/p>\n<p>Det h\u00e4r \u00e4r <strong>gott och sj\u00e4lav\u00e5rdande<\/strong> p\u00e5 m\u00e5nga s\u00e4tt. Det \u00e4r d\u00e5 som nu v\u00e4ldigt l\u00e4tt att f\u00f6rs\u00f6ka prestera f\u00f6r sitt v\u00e4rde som m\u00e4nniska. Nu f\u00f6r tiden n\u00e4r vi inte p\u00e5 samma s\u00e4tt t\u00e4nker p\u00e5 Gud och att vi lever under hans blick har det kanske f\u00f6r m\u00e5nga ersatts av hur vi \u00e4r i andras \u00f6gon. Andras gillande \u00e4r nog p\u00e5 m\u00e5nga s\u00e4tt en obarmh\u00e4rtigare Gud att tillfredsst\u00e4lla \u00e4n v\u00e5r gudomlige far s\u00e5 vi g\u00f6r b\u00e4st i att v\u00e4nda oss till honom ist\u00e4llet n\u00e4r det g\u00e4ller v\u00e5rt v\u00e4rde och st\u00e4llning som m\u00e4nniskor.<\/p>\n<p>Jag tycker ocks\u00e5 det finns en del problem med det h\u00e4r med Lag och evangelium. Mest att hela begreppet &#8221;synd&#8221; blir ganska teoretiskt och abstrakt n\u00e4r vi t\u00e4nker oss perspektivet med Guds domstol. Det Luther far efter \u00e4r att man ska f\u00e5 k\u00e4nna sig trygg i sin fr\u00e4lsning inf\u00f6r Gud och det \u00e4r ju n\u00e5got gott men risken \u00e4r att synden mer eller mindre kan bli losskopplad fr\u00e5n v\u00e5r vardagliga verklighet. N\u00e5den kan, som Bonhoeffer sagt, l\u00e4tt bli betraktad som billig. Synen p\u00e5 lagen \u00e4r ocks\u00e5 knepig mest f\u00f6r att jag inte tror de bibliska f\u00f6rfattarna skulle h\u00e5llit med sj\u00e4lva, och att som jag skrivit tidigare, judarna till exempel har en betydligt positivare syn p\u00e5 lagen.<\/p>\n<p>Det var en kort genomg\u00e5ng av lag och evangelium. \u00c4r det v\u00e4lk\u00e4nda begrepp f\u00f6r dig eller talas det ganska lite om dem numera? Skriv hemskt g\u00e4rna en kommentar med dina erfarenheter av detta.<\/p>\n","protected":false},"excerpt":{"rendered":"<p>H\u00e4r ser vi Luther med lossade bojor, friad och sl\u00e4ppt fr\u00e5n straff f\u00f6r sina synder. Sitt gamla bagage i form av ryggs\u00e4cken har han ocks\u00e5 f\u00e5tt l\u00e4gga av sig eftersom han f\u00f6r Jesu Kristi skull blivit fullst\u00e4ndigt ben\u00e5dad. Jag har nog inte tidigare skrivit om de viktiga lutherska begreppen &#8221;LAG\u00a0OCH EVANGELIUM&#8221;. S\u00e5 det \u00e4r v\u00e4l [&hellip;]<\/p>\n","protected":false},"author":392,"featured_media":0,"comment_status":"open","ping_status":"open","sticky":false,"template":"","format":"standard","meta":{"_acf_changed":false,"footnotes":""},"categories":[76189,28732,117],"tags":[],"class_list":["post-5473","post","type-post","status-publish","format-standard","hentry","category-dagens-kyrka","category-luther","category-teologi"],"acf":[],"yoast_head":"<!-- This site is optimized with the Yoast SEO plugin v27.1.1 - https:\/\/yoast.com\/product\/yoast-seo-wordpress\/ -->\n<title>Luther inf\u00f6r Guds domstol - Vandra V\u00e4gen<\/title>\n<meta name=\"robots\" content=\"index, follow, max-snippet:-1, max-image-preview:large, max-video-preview:-1\" \/>\n<link rel=\"canonical\" href=\"https:\/\/blogg.svenskakyrkan.se\/vandravagen\/2017\/03\/01\/luther-infor-guds-domstol\/\" \/>\n<meta property=\"og:locale\" content=\"sv_SE\" \/>\n<meta property=\"og:type\" content=\"article\" \/>\n<meta property=\"og:title\" content=\"Luther inf\u00f6r Guds domstol - Vandra V\u00e4gen\" \/>\n<meta property=\"og:description\" content=\"H\u00e4r ser vi Luther med lossade bojor, friad och sl\u00e4ppt fr\u00e5n straff f\u00f6r sina synder. Sitt gamla bagage i form av ryggs\u00e4cken har han ocks\u00e5 f\u00e5tt l\u00e4gga av sig eftersom han f\u00f6r Jesu Kristi skull blivit fullst\u00e4ndigt ben\u00e5dad. Jag har nog inte tidigare skrivit om de viktiga lutherska begreppen &#8221;LAG\u00a0OCH EVANGELIUM&#8221;. S\u00e5 det \u00e4r v\u00e4l [&hellip;]\" \/>\n<meta property=\"og:url\" content=\"https:\/\/blogg.svenskakyrkan.se\/vandravagen\/2017\/03\/01\/luther-infor-guds-domstol\/\" \/>\n<meta property=\"og:site_name\" content=\"Vandra V\u00e4gen\" \/>\n<meta property=\"article:publisher\" content=\"http:\/\/facebook.com\/vandravagen\" \/>\n<meta property=\"article:published_time\" content=\"2017-03-01T06:00:02+00:00\" \/>\n<meta property=\"og:image\" content=\"http:\/\/blogg.svenskakyrkan.se\/vandravagen\/files\/2017\/02\/Foto-2017-02-22-20-12-26.jpg\" \/>\n<meta name=\"author\" content=\"Tomas Jarvid\" \/>\n<meta name=\"twitter:card\" content=\"summary_large_image\" \/>\n<meta name=\"twitter:creator\" content=\"@fadertomas\" \/>\n<meta name=\"twitter:site\" content=\"@fadertomas\" \/>\n<meta name=\"twitter:label1\" content=\"Skriven av\" \/>\n\t<meta name=\"twitter:data1\" content=\"Tomas Jarvid\" \/>\n\t<meta name=\"twitter:label2\" content=\"Ber\u00e4knad l\u00e4stid\" \/>\n\t<meta name=\"twitter:data2\" content=\"4 minuter\" \/>\n<script type=\"application\/ld+json\" class=\"yoast-schema-graph\">{\"@context\":\"https:\/\/schema.org\",\"@graph\":[{\"@type\":\"Article\",\"@id\":\"https:\/\/blogg.svenskakyrkan.se\/vandravagen\/2017\/03\/01\/luther-infor-guds-domstol\/#article\",\"isPartOf\":{\"@id\":\"https:\/\/blogg.svenskakyrkan.se\/vandravagen\/2017\/03\/01\/luther-infor-guds-domstol\/\"},\"author\":{\"name\":\"Tomas Jarvid\",\"@id\":\"https:\/\/blogg.svenskakyrkan.se\/vandravagen\/#\/schema\/person\/25da02d4f76b137d04291711e2c9fc16\"},\"headline\":\"Luther inf\u00f6r Guds domstol\",\"datePublished\":\"2017-03-01T06:00:02+00:00\",\"mainEntityOfPage\":{\"@id\":\"https:\/\/blogg.svenskakyrkan.se\/vandravagen\/2017\/03\/01\/luther-infor-guds-domstol\/\"},\"wordCount\":739,\"commentCount\":6,\"publisher\":{\"@id\":\"https:\/\/blogg.svenskakyrkan.se\/vandravagen\/#organization\"},\"image\":{\"@id\":\"https:\/\/blogg.svenskakyrkan.se\/vandravagen\/2017\/03\/01\/luther-infor-guds-domstol\/#primaryimage\"},\"thumbnailUrl\":\"http:\/\/blogg.svenskakyrkan.se\/vandravagen\/files\/2017\/02\/Foto-2017-02-22-20-12-26.jpg\",\"articleSection\":[\"Dagens Kyrka\",\"Luther\",\"Teologi\"],\"inLanguage\":\"sv-SE\",\"potentialAction\":[{\"@type\":\"CommentAction\",\"name\":\"Comment\",\"target\":[\"https:\/\/blogg.svenskakyrkan.se\/vandravagen\/2017\/03\/01\/luther-infor-guds-domstol\/#respond\"]}]},{\"@type\":\"WebPage\",\"@id\":\"https:\/\/blogg.svenskakyrkan.se\/vandravagen\/2017\/03\/01\/luther-infor-guds-domstol\/\",\"url\":\"https:\/\/blogg.svenskakyrkan.se\/vandravagen\/2017\/03\/01\/luther-infor-guds-domstol\/\",\"name\":\"Luther inf\u00f6r Guds domstol - Vandra V\u00e4gen\",\"isPartOf\":{\"@id\":\"https:\/\/blogg.svenskakyrkan.se\/vandravagen\/#website\"},\"primaryImageOfPage\":{\"@id\":\"https:\/\/blogg.svenskakyrkan.se\/vandravagen\/2017\/03\/01\/luther-infor-guds-domstol\/#primaryimage\"},\"image\":{\"@id\":\"https:\/\/blogg.svenskakyrkan.se\/vandravagen\/2017\/03\/01\/luther-infor-guds-domstol\/#primaryimage\"},\"thumbnailUrl\":\"http:\/\/blogg.svenskakyrkan.se\/vandravagen\/files\/2017\/02\/Foto-2017-02-22-20-12-26.jpg\",\"datePublished\":\"2017-03-01T06:00:02+00:00\",\"breadcrumb\":{\"@id\":\"https:\/\/blogg.svenskakyrkan.se\/vandravagen\/2017\/03\/01\/luther-infor-guds-domstol\/#breadcrumb\"},\"inLanguage\":\"sv-SE\",\"potentialAction\":[{\"@type\":\"ReadAction\",\"target\":[\"https:\/\/blogg.svenskakyrkan.se\/vandravagen\/2017\/03\/01\/luther-infor-guds-domstol\/\"]}]},{\"@type\":\"ImageObject\",\"inLanguage\":\"sv-SE\",\"@id\":\"https:\/\/blogg.svenskakyrkan.se\/vandravagen\/2017\/03\/01\/luther-infor-guds-domstol\/#primaryimage\",\"url\":\"http:\/\/blogg.svenskakyrkan.se\/vandravagen\/files\/2017\/02\/Foto-2017-02-22-20-12-26.jpg\",\"contentUrl\":\"http:\/\/blogg.svenskakyrkan.se\/vandravagen\/files\/2017\/02\/Foto-2017-02-22-20-12-26.jpg\"},{\"@type\":\"BreadcrumbList\",\"@id\":\"https:\/\/blogg.svenskakyrkan.se\/vandravagen\/2017\/03\/01\/luther-infor-guds-domstol\/#breadcrumb\",\"itemListElement\":[{\"@type\":\"ListItem\",\"position\":1,\"name\":\"Hem\",\"item\":\"https:\/\/blogg.svenskakyrkan.se\/vandravagen\/\"},{\"@type\":\"ListItem\",\"position\":2,\"name\":\"Luther inf\u00f6r Guds domstol\"}]},{\"@type\":\"WebSite\",\"@id\":\"https:\/\/blogg.svenskakyrkan.se\/vandravagen\/#website\",\"url\":\"https:\/\/blogg.svenskakyrkan.se\/vandravagen\/\",\"name\":\"Vandra V\u00e4gen\",\"description\":\"-Mot en tro f\u00f6r hela livet\",\"publisher\":{\"@id\":\"https:\/\/blogg.svenskakyrkan.se\/vandravagen\/#organization\"},\"potentialAction\":[{\"@type\":\"SearchAction\",\"target\":{\"@type\":\"EntryPoint\",\"urlTemplate\":\"https:\/\/blogg.svenskakyrkan.se\/vandravagen\/?s={search_term_string}\"},\"query-input\":{\"@type\":\"PropertyValueSpecification\",\"valueRequired\":true,\"valueName\":\"search_term_string\"}}],\"inLanguage\":\"sv-SE\"},{\"@type\":\"Organization\",\"@id\":\"https:\/\/blogg.svenskakyrkan.se\/vandravagen\/#organization\",\"name\":\"ulricehamns pastorat\",\"alternateName\":\"ulricehamns pastorat\",\"url\":\"https:\/\/blogg.svenskakyrkan.se\/vandravagen\/\",\"logo\":{\"@type\":\"ImageObject\",\"inLanguage\":\"sv-SE\",\"@id\":\"https:\/\/blogg.svenskakyrkan.se\/vandravagen\/#\/schema\/logo\/image\/\",\"url\":\"https:\/\/blogg.svenskakyrkan.se\/vandravagen\/files\/2023\/05\/Ulr_logo_RGB.png\",\"contentUrl\":\"https:\/\/blogg.svenskakyrkan.se\/vandravagen\/files\/2023\/05\/Ulr_logo_RGB.png\",\"width\":205,\"height\":77,\"caption\":\"ulricehamns pastorat\"},\"image\":{\"@id\":\"https:\/\/blogg.svenskakyrkan.se\/vandravagen\/#\/schema\/logo\/image\/\"},\"sameAs\":[\"http:\/\/facebook.com\/vandravagen\",\"https:\/\/x.com\/fadertomas\",\"http:\/\/www.facebook.com\/svenskakyrkaniulricehamn\"]},{\"@type\":\"Person\",\"@id\":\"https:\/\/blogg.svenskakyrkan.se\/vandravagen\/#\/schema\/person\/25da02d4f76b137d04291711e2c9fc16\",\"name\":\"Tomas Jarvid\",\"image\":{\"@type\":\"ImageObject\",\"inLanguage\":\"sv-SE\",\"@id\":\"https:\/\/blogg.svenskakyrkan.se\/vandravagen\/#\/schema\/person\/image\/\",\"url\":\"https:\/\/secure.gravatar.com\/avatar\/7fa71899795e8f540f615a1f5ab25255dc27aa40f05ee7ddd21aac521e01bf50?s=96&d=identicon&r=g\",\"contentUrl\":\"https:\/\/secure.gravatar.com\/avatar\/7fa71899795e8f540f615a1f5ab25255dc27aa40f05ee7ddd21aac521e01bf50?s=96&d=identicon&r=g\",\"caption\":\"Tomas Jarvid\"},\"description\":\"Jag bor i Ulricehamn i V\u00e4sterg\u00f6tland och \u00e4r f\u00f6rsamlingspr\u00e4st i Svenska Kyrkan f\u00f6r Dalstorps f\u00f6rsamling i Kinds pastorat. P\u00e5 den h\u00e4r bloggen skriver jag ner tankar om vandringen som kristen.\",\"sameAs\":[\"http:\/\/www.vandravagen.se\"],\"url\":\"https:\/\/blogg.svenskakyrkan.se\/vandravagen\/author\/vandravagen\/\"}]}<\/script>\n<!-- \/ Yoast SEO plugin. -->","yoast_head_json":{"title":"Luther inf\u00f6r Guds domstol - Vandra V\u00e4gen","robots":{"index":"index","follow":"follow","max-snippet":"max-snippet:-1","max-image-preview":"max-image-preview:large","max-video-preview":"max-video-preview:-1"},"canonical":"https:\/\/blogg.svenskakyrkan.se\/vandravagen\/2017\/03\/01\/luther-infor-guds-domstol\/","og_locale":"sv_SE","og_type":"article","og_title":"Luther inf\u00f6r Guds domstol - Vandra V\u00e4gen","og_description":"H\u00e4r ser vi Luther med lossade bojor, friad och sl\u00e4ppt fr\u00e5n straff f\u00f6r sina synder. Sitt gamla bagage i form av ryggs\u00e4cken har han ocks\u00e5 f\u00e5tt l\u00e4gga av sig eftersom han f\u00f6r Jesu Kristi skull blivit fullst\u00e4ndigt ben\u00e5dad. Jag har nog inte tidigare skrivit om de viktiga lutherska begreppen &#8221;LAG\u00a0OCH EVANGELIUM&#8221;. S\u00e5 det \u00e4r v\u00e4l [&hellip;]","og_url":"https:\/\/blogg.svenskakyrkan.se\/vandravagen\/2017\/03\/01\/luther-infor-guds-domstol\/","og_site_name":"Vandra V\u00e4gen","article_publisher":"http:\/\/facebook.com\/vandravagen","article_published_time":"2017-03-01T06:00:02+00:00","og_image":[{"url":"http:\/\/blogg.svenskakyrkan.se\/vandravagen\/files\/2017\/02\/Foto-2017-02-22-20-12-26.jpg","type":"","width":"","height":""}],"author":"Tomas Jarvid","twitter_card":"summary_large_image","twitter_creator":"@fadertomas","twitter_site":"@fadertomas","twitter_misc":{"Skriven av":"Tomas Jarvid","Ber\u00e4knad l\u00e4stid":"4 minuter"},"schema":{"@context":"https:\/\/schema.org","@graph":[{"@type":"Article","@id":"https:\/\/blogg.svenskakyrkan.se\/vandravagen\/2017\/03\/01\/luther-infor-guds-domstol\/#article","isPartOf":{"@id":"https:\/\/blogg.svenskakyrkan.se\/vandravagen\/2017\/03\/01\/luther-infor-guds-domstol\/"},"author":{"name":"Tomas Jarvid","@id":"https:\/\/blogg.svenskakyrkan.se\/vandravagen\/#\/schema\/person\/25da02d4f76b137d04291711e2c9fc16"},"headline":"Luther inf\u00f6r Guds domstol","datePublished":"2017-03-01T06:00:02+00:00","mainEntityOfPage":{"@id":"https:\/\/blogg.svenskakyrkan.se\/vandravagen\/2017\/03\/01\/luther-infor-guds-domstol\/"},"wordCount":739,"commentCount":6,"publisher":{"@id":"https:\/\/blogg.svenskakyrkan.se\/vandravagen\/#organization"},"image":{"@id":"https:\/\/blogg.svenskakyrkan.se\/vandravagen\/2017\/03\/01\/luther-infor-guds-domstol\/#primaryimage"},"thumbnailUrl":"http:\/\/blogg.svenskakyrkan.se\/vandravagen\/files\/2017\/02\/Foto-2017-02-22-20-12-26.jpg","articleSection":["Dagens Kyrka","Luther","Teologi"],"inLanguage":"sv-SE","potentialAction":[{"@type":"CommentAction","name":"Comment","target":["https:\/\/blogg.svenskakyrkan.se\/vandravagen\/2017\/03\/01\/luther-infor-guds-domstol\/#respond"]}]},{"@type":"WebPage","@id":"https:\/\/blogg.svenskakyrkan.se\/vandravagen\/2017\/03\/01\/luther-infor-guds-domstol\/","url":"https:\/\/blogg.svenskakyrkan.se\/vandravagen\/2017\/03\/01\/luther-infor-guds-domstol\/","name":"Luther inf\u00f6r Guds domstol - Vandra V\u00e4gen","isPartOf":{"@id":"https:\/\/blogg.svenskakyrkan.se\/vandravagen\/#website"},"primaryImageOfPage":{"@id":"https:\/\/blogg.svenskakyrkan.se\/vandravagen\/2017\/03\/01\/luther-infor-guds-domstol\/#primaryimage"},"image":{"@id":"https:\/\/blogg.svenskakyrkan.se\/vandravagen\/2017\/03\/01\/luther-infor-guds-domstol\/#primaryimage"},"thumbnailUrl":"http:\/\/blogg.svenskakyrkan.se\/vandravagen\/files\/2017\/02\/Foto-2017-02-22-20-12-26.jpg","datePublished":"2017-03-01T06:00:02+00:00","breadcrumb":{"@id":"https:\/\/blogg.svenskakyrkan.se\/vandravagen\/2017\/03\/01\/luther-infor-guds-domstol\/#breadcrumb"},"inLanguage":"sv-SE","potentialAction":[{"@type":"ReadAction","target":["https:\/\/blogg.svenskakyrkan.se\/vandravagen\/2017\/03\/01\/luther-infor-guds-domstol\/"]}]},{"@type":"ImageObject","inLanguage":"sv-SE","@id":"https:\/\/blogg.svenskakyrkan.se\/vandravagen\/2017\/03\/01\/luther-infor-guds-domstol\/#primaryimage","url":"http:\/\/blogg.svenskakyrkan.se\/vandravagen\/files\/2017\/02\/Foto-2017-02-22-20-12-26.jpg","contentUrl":"http:\/\/blogg.svenskakyrkan.se\/vandravagen\/files\/2017\/02\/Foto-2017-02-22-20-12-26.jpg"},{"@type":"BreadcrumbList","@id":"https:\/\/blogg.svenskakyrkan.se\/vandravagen\/2017\/03\/01\/luther-infor-guds-domstol\/#breadcrumb","itemListElement":[{"@type":"ListItem","position":1,"name":"Hem","item":"https:\/\/blogg.svenskakyrkan.se\/vandravagen\/"},{"@type":"ListItem","position":2,"name":"Luther inf\u00f6r Guds domstol"}]},{"@type":"WebSite","@id":"https:\/\/blogg.svenskakyrkan.se\/vandravagen\/#website","url":"https:\/\/blogg.svenskakyrkan.se\/vandravagen\/","name":"Vandra V\u00e4gen","description":"-Mot en tro f\u00f6r hela livet","publisher":{"@id":"https:\/\/blogg.svenskakyrkan.se\/vandravagen\/#organization"},"potentialAction":[{"@type":"SearchAction","target":{"@type":"EntryPoint","urlTemplate":"https:\/\/blogg.svenskakyrkan.se\/vandravagen\/?s={search_term_string}"},"query-input":{"@type":"PropertyValueSpecification","valueRequired":true,"valueName":"search_term_string"}}],"inLanguage":"sv-SE"},{"@type":"Organization","@id":"https:\/\/blogg.svenskakyrkan.se\/vandravagen\/#organization","name":"ulricehamns pastorat","alternateName":"ulricehamns pastorat","url":"https:\/\/blogg.svenskakyrkan.se\/vandravagen\/","logo":{"@type":"ImageObject","inLanguage":"sv-SE","@id":"https:\/\/blogg.svenskakyrkan.se\/vandravagen\/#\/schema\/logo\/image\/","url":"https:\/\/blogg.svenskakyrkan.se\/vandravagen\/files\/2023\/05\/Ulr_logo_RGB.png","contentUrl":"https:\/\/blogg.svenskakyrkan.se\/vandravagen\/files\/2023\/05\/Ulr_logo_RGB.png","width":205,"height":77,"caption":"ulricehamns pastorat"},"image":{"@id":"https:\/\/blogg.svenskakyrkan.se\/vandravagen\/#\/schema\/logo\/image\/"},"sameAs":["http:\/\/facebook.com\/vandravagen","https:\/\/x.com\/fadertomas","http:\/\/www.facebook.com\/svenskakyrkaniulricehamn"]},{"@type":"Person","@id":"https:\/\/blogg.svenskakyrkan.se\/vandravagen\/#\/schema\/person\/25da02d4f76b137d04291711e2c9fc16","name":"Tomas Jarvid","image":{"@type":"ImageObject","inLanguage":"sv-SE","@id":"https:\/\/blogg.svenskakyrkan.se\/vandravagen\/#\/schema\/person\/image\/","url":"https:\/\/secure.gravatar.com\/avatar\/7fa71899795e8f540f615a1f5ab25255dc27aa40f05ee7ddd21aac521e01bf50?s=96&d=identicon&r=g","contentUrl":"https:\/\/secure.gravatar.com\/avatar\/7fa71899795e8f540f615a1f5ab25255dc27aa40f05ee7ddd21aac521e01bf50?s=96&d=identicon&r=g","caption":"Tomas Jarvid"},"description":"Jag bor i Ulricehamn i V\u00e4sterg\u00f6tland och \u00e4r f\u00f6rsamlingspr\u00e4st i Svenska Kyrkan f\u00f6r Dalstorps f\u00f6rsamling i Kinds pastorat. P\u00e5 den h\u00e4r bloggen skriver jag ner tankar om vandringen som kristen.","sameAs":["http:\/\/www.vandravagen.se"],"url":"https:\/\/blogg.svenskakyrkan.se\/vandravagen\/author\/vandravagen\/"}]}},"author_meta":{"ID":"392","user_nicename":"vandravagen","user_url":"http:\/\/www.vandravagen.se","user_registered":"2014-05-19 05:44:52","display_name":"Tomas Jarvid","first_name":"Tomas","last_name":"Jarvid","avatar":"https:\/\/secure.gravatar.com\/avatar\/7fa71899795e8f540f615a1f5ab25255dc27aa40f05ee7ddd21aac521e01bf50?s=96&d=identicon&r=g"},"featured_image":false,"bloginfo":{"name":"Vandra V\u00e4gen","url":"https:\/\/blogg.svenskakyrkan.se\/vandravagen"},"_links":{"self":[{"href":"https:\/\/blogg.svenskakyrkan.se\/vandravagen\/wp-json\/wp\/v2\/posts\/5473","targetHints":{"allow":["GET"]}}],"collection":[{"href":"https:\/\/blogg.svenskakyrkan.se\/vandravagen\/wp-json\/wp\/v2\/posts"}],"about":[{"href":"https:\/\/blogg.svenskakyrkan.se\/vandravagen\/wp-json\/wp\/v2\/types\/post"}],"author":[{"embeddable":true,"href":"https:\/\/blogg.svenskakyrkan.se\/vandravagen\/wp-json\/wp\/v2\/users\/392"}],"replies":[{"embeddable":true,"href":"https:\/\/blogg.svenskakyrkan.se\/vandravagen\/wp-json\/wp\/v2\/comments?post=5473"}],"version-history":[{"count":3,"href":"https:\/\/blogg.svenskakyrkan.se\/vandravagen\/wp-json\/wp\/v2\/posts\/5473\/revisions"}],"predecessor-version":[{"id":5482,"href":"https:\/\/blogg.svenskakyrkan.se\/vandravagen\/wp-json\/wp\/v2\/posts\/5473\/revisions\/5482"}],"wp:attachment":[{"href":"https:\/\/blogg.svenskakyrkan.se\/vandravagen\/wp-json\/wp\/v2\/media?parent=5473"}],"wp:term":[{"taxonomy":"category","embeddable":true,"href":"https:\/\/blogg.svenskakyrkan.se\/vandravagen\/wp-json\/wp\/v2\/categories?post=5473"},{"taxonomy":"post_tag","embeddable":true,"href":"https:\/\/blogg.svenskakyrkan.se\/vandravagen\/wp-json\/wp\/v2\/tags?post=5473"}],"curies":[{"name":"wp","href":"https:\/\/api.w.org\/{rel}","templated":true}]}}