{"id":551,"date":"2013-05-25T08:27:00","date_gmt":"2013-05-25T06:27:00","guid":{"rendered":"http:\/\/blogg.svenskakyrkan.se\/vandravagen\/2013\/05\/25\/kyrka-utan-vaggar-att-leva-under-oppen-himmel\/"},"modified":"2013-05-25T08:27:00","modified_gmt":"2013-05-25T06:27:00","slug":"kyrka-utan-vaggar-att-leva-under-oppen-himmel","status":"publish","type":"post","link":"https:\/\/blogg.svenskakyrkan.se\/vandravagen\/2013\/05\/25\/kyrka-utan-vaggar-att-leva-under-oppen-himmel\/","title":{"rendered":"Kyrka utan v\u00e4ggar! Att leva under \u00f6ppen himmel"},"content":{"rendered":"<\/p>\n<table align=\"center\" cellpadding=\"0\" cellspacing=\"0\">\n<tbody>\n<tr>\n<td><a href=\"http:\/\/3.bp.blogspot.com\/-hbKl0lP0iIM\/UZc_12MEv1I\/AAAAAAAADew\/DN2wEssGJqE\/s1600\/lillabjurum.jpg\"><img loading=\"lazy\" decoding=\"async\" border=\"0\" height=\"298\" src=\"http:\/\/3.bp.blogspot.com\/-hbKl0lP0iIM\/UZc_12MEv1I\/AAAAAAAADew\/DN2wEssGJqE\/s400\/lillabjurum.jpg\" width=\"400\"><\/a><\/td>\n<\/tr>\n<tr>\n<td>Lilla Bjurums kyrkoruin ligger p\u00e5 en fin liten kulle<\/td>\n<\/tr>\n<\/tbody>\n<\/table>\n<p>P\u00e5 kristi himmelsf\u00e4rds dag hade G\u00f6tene f\u00f6rsamling g\u00f6kotta med friluftsgudstj\u00e4nst vid Lilla Bjurums kyrkoruin. Det \u00e4r en mycket vacker plats. Den \u00e4r ocks\u00e5 talande vad g\u00e4ller Kyrkans situation i v\u00e4rlden s\u00e5h\u00e4r i pingsttid.<\/p>\n<div><\/div>\n<div><\/div>\n<div><\/div>\n<\/p>\n<table align=\"center\" cellpadding=\"0\" cellspacing=\"0\">\n<tbody>\n<tr>\n<td><a href=\"http:\/\/3.bp.blogspot.com\/-dsfwCfVksTk\/UZc_1wL7SmI\/AAAAAAAADeo\/FLanv7iKHO4\/s1600\/lillabjurum2.jpg\"><img loading=\"lazy\" decoding=\"async\" border=\"0\" height=\"298\" src=\"http:\/\/3.bp.blogspot.com\/-dsfwCfVksTk\/UZc_1wL7SmI\/AAAAAAAADeo\/FLanv7iKHO4\/s400\/lillabjurum2.jpg\" width=\"400\"><\/a><\/td>\n<\/tr>\n<tr>\n<td>Inget tak, inte mycket till v\u00e4ggar<\/td>\n<\/tr>\n<\/tbody>\n<\/table>\n<p>Kyrkan \u00e4r mycket liten och numera finns bara en dryg meter av v\u00e4ggarna kvar. F\u00f6r mig \u00e4r det en p\u00e5minnelse om att vi som kyrka \u00e4r kallade att leva som gr\u00e4ns\u00f6verskridare. Vi har inte r\u00e4tt att sluta oss inom oss sj\u00e4lva. Det s\u00e4gs ocks\u00e5 att d\u00e4r man har ett tydligt centrum, blicken mot altaret, d\u00e5 blir inte gr\u00e4nserna lika intressanta. Kanske \u00e4r det s\u00e5?<\/p>\n<div><\/div>\n<div>Himmelsf\u00e4rden och pingsten s\u00e4ger oss att Jesus \u00e4r n\u00e4rvarande \u00f6verallt. Vi lever alltid i hans n\u00e4rvaro.<\/p>\n<table align=\"center\" cellpadding=\"0\" cellspacing=\"0\">\n<tbody>\n<tr>\n<td><a href=\"http:\/\/2.bp.blogspot.com\/-PTJ6w3681FE\/UZc_2FlhzpI\/AAAAAAAADes\/_uN1C4X17vM\/s1600\/lillabjurum3.jpg\"><img loading=\"lazy\" decoding=\"async\" border=\"0\" height=\"298\" src=\"http:\/\/2.bp.blogspot.com\/-PTJ6w3681FE\/UZc_2FlhzpI\/AAAAAAAADes\/_uN1C4X17vM\/s400\/lillabjurum3.jpg\" width=\"400\"><\/a><\/td>\n<\/tr>\n<tr>\n<td>Inte mycket st\u00f6rre \u00e4n s\u00e5h\u00e4r!<\/td>\n<\/tr>\n<\/tbody>\n<\/table>\n<\/div>\n<div>T\u00e4nk vad mycket l\u00e4ngre v\u00e5ren kommit sedan de h\u00e4r bilderna togs! \u00c5k g\u00e4rna till kyrkoruinen om du bor i trakten. Den \u00e4r mycket fin. Dessutom finns den heliga Torstens k\u00e4lla en liten bit fr\u00e5n kyrkruinen. Mer om den en annan g\u00e5ng.<\/div>\n","protected":false},"excerpt":{"rendered":"<p>Lilla Bjurums kyrkoruin ligger p\u00e5 en fin liten kulle P\u00e5 kristi himmelsf\u00e4rds dag hade G\u00f6tene f\u00f6rsamling g\u00f6kotta med friluftsgudstj\u00e4nst vid Lilla Bjurums kyrkoruin. Det \u00e4r en mycket vacker plats. Den \u00e4r ocks\u00e5 talande vad g\u00e4ller Kyrkans situation i v\u00e4rlden s\u00e5h\u00e4r i pingsttid. Inget tak, inte mycket till v\u00e4ggar Kyrkan \u00e4r mycket liten och numera finns [&hellip;]<\/p>\n","protected":false},"author":392,"featured_media":0,"comment_status":"open","ping_status":"open","sticky":false,"template":"","format":"standard","meta":{"_acf_changed":false,"footnotes":""},"categories":[33574,8252],"tags":[],"class_list":["post-551","post","type-post","status-publish","format-standard","hentry","category-kyrkan","category-kyrkoaret"],"acf":[],"yoast_head":"<!-- This site is optimized with the Yoast SEO plugin v27.1.1 - https:\/\/yoast.com\/product\/yoast-seo-wordpress\/ -->\n<title>Kyrka utan v\u00e4ggar! Att leva under \u00f6ppen himmel - Vandra V\u00e4gen<\/title>\n<meta name=\"robots\" content=\"index, follow, max-snippet:-1, max-image-preview:large, max-video-preview:-1\" \/>\n<link rel=\"canonical\" href=\"https:\/\/blogg.svenskakyrkan.se\/vandravagen\/2013\/05\/25\/kyrka-utan-vaggar-att-leva-under-oppen-himmel\/\" \/>\n<meta property=\"og:locale\" content=\"sv_SE\" \/>\n<meta property=\"og:type\" content=\"article\" \/>\n<meta property=\"og:title\" content=\"Kyrka utan v\u00e4ggar! Att leva under \u00f6ppen himmel - Vandra V\u00e4gen\" \/>\n<meta property=\"og:description\" content=\"Lilla Bjurums kyrkoruin ligger p\u00e5 en fin liten kulle P\u00e5 kristi himmelsf\u00e4rds dag hade G\u00f6tene f\u00f6rsamling g\u00f6kotta med friluftsgudstj\u00e4nst vid Lilla Bjurums kyrkoruin. Det \u00e4r en mycket vacker plats. Den \u00e4r ocks\u00e5 talande vad g\u00e4ller Kyrkans situation i v\u00e4rlden s\u00e5h\u00e4r i pingsttid. Inget tak, inte mycket till v\u00e4ggar Kyrkan \u00e4r mycket liten och numera finns [&hellip;]\" \/>\n<meta property=\"og:url\" content=\"https:\/\/blogg.svenskakyrkan.se\/vandravagen\/2013\/05\/25\/kyrka-utan-vaggar-att-leva-under-oppen-himmel\/\" \/>\n<meta property=\"og:site_name\" content=\"Vandra V\u00e4gen\" \/>\n<meta property=\"article:publisher\" content=\"http:\/\/facebook.com\/vandravagen\" \/>\n<meta property=\"article:published_time\" content=\"2013-05-25T06:27:00+00:00\" \/>\n<meta property=\"og:image\" content=\"http:\/\/3.bp.blogspot.com\/-hbKl0lP0iIM\/UZc_12MEv1I\/AAAAAAAADew\/DN2wEssGJqE\/s400\/lillabjurum.jpg\" \/>\n<meta name=\"author\" content=\"Tomas Jarvid\" \/>\n<meta name=\"twitter:card\" content=\"summary_large_image\" \/>\n<meta name=\"twitter:creator\" content=\"@fadertomas\" \/>\n<meta name=\"twitter:site\" content=\"@fadertomas\" \/>\n<meta name=\"twitter:label1\" content=\"Skriven av\" \/>\n\t<meta name=\"twitter:data1\" content=\"Tomas Jarvid\" \/>\n\t<meta name=\"twitter:label2\" content=\"Ber\u00e4knad l\u00e4stid\" \/>\n\t<meta name=\"twitter:data2\" content=\"1 minut\" \/>\n<script type=\"application\/ld+json\" class=\"yoast-schema-graph\">{\"@context\":\"https:\/\/schema.org\",\"@graph\":[{\"@type\":\"Article\",\"@id\":\"https:\/\/blogg.svenskakyrkan.se\/vandravagen\/2013\/05\/25\/kyrka-utan-vaggar-att-leva-under-oppen-himmel\/#article\",\"isPartOf\":{\"@id\":\"https:\/\/blogg.svenskakyrkan.se\/vandravagen\/2013\/05\/25\/kyrka-utan-vaggar-att-leva-under-oppen-himmel\/\"},\"author\":{\"name\":\"Tomas Jarvid\",\"@id\":\"https:\/\/blogg.svenskakyrkan.se\/vandravagen\/#\/schema\/person\/25da02d4f76b137d04291711e2c9fc16\"},\"headline\":\"Kyrka utan v\u00e4ggar! Att leva under \u00f6ppen himmel\",\"datePublished\":\"2013-05-25T06:27:00+00:00\",\"mainEntityOfPage\":{\"@id\":\"https:\/\/blogg.svenskakyrkan.se\/vandravagen\/2013\/05\/25\/kyrka-utan-vaggar-att-leva-under-oppen-himmel\/\"},\"wordCount\":218,\"commentCount\":2,\"publisher\":{\"@id\":\"https:\/\/blogg.svenskakyrkan.se\/vandravagen\/#organization\"},\"image\":{\"@id\":\"https:\/\/blogg.svenskakyrkan.se\/vandravagen\/2013\/05\/25\/kyrka-utan-vaggar-att-leva-under-oppen-himmel\/#primaryimage\"},\"thumbnailUrl\":\"http:\/\/3.bp.blogspot.com\/-hbKl0lP0iIM\/UZc_12MEv1I\/AAAAAAAADew\/DN2wEssGJqE\/s400\/lillabjurum.jpg\",\"articleSection\":[\"kyrkan\",\"kyrko\u00e5ret\"],\"inLanguage\":\"sv-SE\",\"potentialAction\":[{\"@type\":\"CommentAction\",\"name\":\"Comment\",\"target\":[\"https:\/\/blogg.svenskakyrkan.se\/vandravagen\/2013\/05\/25\/kyrka-utan-vaggar-att-leva-under-oppen-himmel\/#respond\"]}]},{\"@type\":\"WebPage\",\"@id\":\"https:\/\/blogg.svenskakyrkan.se\/vandravagen\/2013\/05\/25\/kyrka-utan-vaggar-att-leva-under-oppen-himmel\/\",\"url\":\"https:\/\/blogg.svenskakyrkan.se\/vandravagen\/2013\/05\/25\/kyrka-utan-vaggar-att-leva-under-oppen-himmel\/\",\"name\":\"Kyrka utan v\u00e4ggar! Att leva under \u00f6ppen himmel - Vandra V\u00e4gen\",\"isPartOf\":{\"@id\":\"https:\/\/blogg.svenskakyrkan.se\/vandravagen\/#website\"},\"primaryImageOfPage\":{\"@id\":\"https:\/\/blogg.svenskakyrkan.se\/vandravagen\/2013\/05\/25\/kyrka-utan-vaggar-att-leva-under-oppen-himmel\/#primaryimage\"},\"image\":{\"@id\":\"https:\/\/blogg.svenskakyrkan.se\/vandravagen\/2013\/05\/25\/kyrka-utan-vaggar-att-leva-under-oppen-himmel\/#primaryimage\"},\"thumbnailUrl\":\"http:\/\/3.bp.blogspot.com\/-hbKl0lP0iIM\/UZc_12MEv1I\/AAAAAAAADew\/DN2wEssGJqE\/s400\/lillabjurum.jpg\",\"datePublished\":\"2013-05-25T06:27:00+00:00\",\"breadcrumb\":{\"@id\":\"https:\/\/blogg.svenskakyrkan.se\/vandravagen\/2013\/05\/25\/kyrka-utan-vaggar-att-leva-under-oppen-himmel\/#breadcrumb\"},\"inLanguage\":\"sv-SE\",\"potentialAction\":[{\"@type\":\"ReadAction\",\"target\":[\"https:\/\/blogg.svenskakyrkan.se\/vandravagen\/2013\/05\/25\/kyrka-utan-vaggar-att-leva-under-oppen-himmel\/\"]}]},{\"@type\":\"ImageObject\",\"inLanguage\":\"sv-SE\",\"@id\":\"https:\/\/blogg.svenskakyrkan.se\/vandravagen\/2013\/05\/25\/kyrka-utan-vaggar-att-leva-under-oppen-himmel\/#primaryimage\",\"url\":\"http:\/\/3.bp.blogspot.com\/-hbKl0lP0iIM\/UZc_12MEv1I\/AAAAAAAADew\/DN2wEssGJqE\/s400\/lillabjurum.jpg\",\"contentUrl\":\"http:\/\/3.bp.blogspot.com\/-hbKl0lP0iIM\/UZc_12MEv1I\/AAAAAAAADew\/DN2wEssGJqE\/s400\/lillabjurum.jpg\"},{\"@type\":\"BreadcrumbList\",\"@id\":\"https:\/\/blogg.svenskakyrkan.se\/vandravagen\/2013\/05\/25\/kyrka-utan-vaggar-att-leva-under-oppen-himmel\/#breadcrumb\",\"itemListElement\":[{\"@type\":\"ListItem\",\"position\":1,\"name\":\"Hem\",\"item\":\"https:\/\/blogg.svenskakyrkan.se\/vandravagen\/\"},{\"@type\":\"ListItem\",\"position\":2,\"name\":\"Kyrka utan v\u00e4ggar! Att leva under \u00f6ppen himmel\"}]},{\"@type\":\"WebSite\",\"@id\":\"https:\/\/blogg.svenskakyrkan.se\/vandravagen\/#website\",\"url\":\"https:\/\/blogg.svenskakyrkan.se\/vandravagen\/\",\"name\":\"Vandra V\u00e4gen\",\"description\":\"-Mot en tro f\u00f6r hela livet\",\"publisher\":{\"@id\":\"https:\/\/blogg.svenskakyrkan.se\/vandravagen\/#organization\"},\"potentialAction\":[{\"@type\":\"SearchAction\",\"target\":{\"@type\":\"EntryPoint\",\"urlTemplate\":\"https:\/\/blogg.svenskakyrkan.se\/vandravagen\/?s={search_term_string}\"},\"query-input\":{\"@type\":\"PropertyValueSpecification\",\"valueRequired\":true,\"valueName\":\"search_term_string\"}}],\"inLanguage\":\"sv-SE\"},{\"@type\":\"Organization\",\"@id\":\"https:\/\/blogg.svenskakyrkan.se\/vandravagen\/#organization\",\"name\":\"ulricehamns pastorat\",\"alternateName\":\"ulricehamns pastorat\",\"url\":\"https:\/\/blogg.svenskakyrkan.se\/vandravagen\/\",\"logo\":{\"@type\":\"ImageObject\",\"inLanguage\":\"sv-SE\",\"@id\":\"https:\/\/blogg.svenskakyrkan.se\/vandravagen\/#\/schema\/logo\/image\/\",\"url\":\"https:\/\/blogg.svenskakyrkan.se\/vandravagen\/files\/2023\/05\/Ulr_logo_RGB.png\",\"contentUrl\":\"https:\/\/blogg.svenskakyrkan.se\/vandravagen\/files\/2023\/05\/Ulr_logo_RGB.png\",\"width\":205,\"height\":77,\"caption\":\"ulricehamns pastorat\"},\"image\":{\"@id\":\"https:\/\/blogg.svenskakyrkan.se\/vandravagen\/#\/schema\/logo\/image\/\"},\"sameAs\":[\"http:\/\/facebook.com\/vandravagen\",\"https:\/\/x.com\/fadertomas\",\"http:\/\/www.facebook.com\/svenskakyrkaniulricehamn\"]},{\"@type\":\"Person\",\"@id\":\"https:\/\/blogg.svenskakyrkan.se\/vandravagen\/#\/schema\/person\/25da02d4f76b137d04291711e2c9fc16\",\"name\":\"Tomas Jarvid\",\"image\":{\"@type\":\"ImageObject\",\"inLanguage\":\"sv-SE\",\"@id\":\"https:\/\/blogg.svenskakyrkan.se\/vandravagen\/#\/schema\/person\/image\/\",\"url\":\"https:\/\/secure.gravatar.com\/avatar\/7fa71899795e8f540f615a1f5ab25255dc27aa40f05ee7ddd21aac521e01bf50?s=96&d=identicon&r=g\",\"contentUrl\":\"https:\/\/secure.gravatar.com\/avatar\/7fa71899795e8f540f615a1f5ab25255dc27aa40f05ee7ddd21aac521e01bf50?s=96&d=identicon&r=g\",\"caption\":\"Tomas Jarvid\"},\"description\":\"Jag bor i Ulricehamn i V\u00e4sterg\u00f6tland och \u00e4r f\u00f6rsamlingspr\u00e4st i Svenska Kyrkan f\u00f6r Dalstorps f\u00f6rsamling i Kinds pastorat. P\u00e5 den h\u00e4r bloggen skriver jag ner tankar om vandringen som kristen.\",\"sameAs\":[\"http:\/\/www.vandravagen.se\"],\"url\":\"https:\/\/blogg.svenskakyrkan.se\/vandravagen\/author\/vandravagen\/\"}]}<\/script>\n<!-- \/ Yoast SEO plugin. -->","yoast_head_json":{"title":"Kyrka utan v\u00e4ggar! Att leva under \u00f6ppen himmel - Vandra V\u00e4gen","robots":{"index":"index","follow":"follow","max-snippet":"max-snippet:-1","max-image-preview":"max-image-preview:large","max-video-preview":"max-video-preview:-1"},"canonical":"https:\/\/blogg.svenskakyrkan.se\/vandravagen\/2013\/05\/25\/kyrka-utan-vaggar-att-leva-under-oppen-himmel\/","og_locale":"sv_SE","og_type":"article","og_title":"Kyrka utan v\u00e4ggar! Att leva under \u00f6ppen himmel - Vandra V\u00e4gen","og_description":"Lilla Bjurums kyrkoruin ligger p\u00e5 en fin liten kulle P\u00e5 kristi himmelsf\u00e4rds dag hade G\u00f6tene f\u00f6rsamling g\u00f6kotta med friluftsgudstj\u00e4nst vid Lilla Bjurums kyrkoruin. Det \u00e4r en mycket vacker plats. Den \u00e4r ocks\u00e5 talande vad g\u00e4ller Kyrkans situation i v\u00e4rlden s\u00e5h\u00e4r i pingsttid. Inget tak, inte mycket till v\u00e4ggar Kyrkan \u00e4r mycket liten och numera finns [&hellip;]","og_url":"https:\/\/blogg.svenskakyrkan.se\/vandravagen\/2013\/05\/25\/kyrka-utan-vaggar-att-leva-under-oppen-himmel\/","og_site_name":"Vandra V\u00e4gen","article_publisher":"http:\/\/facebook.com\/vandravagen","article_published_time":"2013-05-25T06:27:00+00:00","og_image":[{"url":"http:\/\/3.bp.blogspot.com\/-hbKl0lP0iIM\/UZc_12MEv1I\/AAAAAAAADew\/DN2wEssGJqE\/s400\/lillabjurum.jpg","type":"","width":"","height":""}],"author":"Tomas Jarvid","twitter_card":"summary_large_image","twitter_creator":"@fadertomas","twitter_site":"@fadertomas","twitter_misc":{"Skriven av":"Tomas Jarvid","Ber\u00e4knad l\u00e4stid":"1 minut"},"schema":{"@context":"https:\/\/schema.org","@graph":[{"@type":"Article","@id":"https:\/\/blogg.svenskakyrkan.se\/vandravagen\/2013\/05\/25\/kyrka-utan-vaggar-att-leva-under-oppen-himmel\/#article","isPartOf":{"@id":"https:\/\/blogg.svenskakyrkan.se\/vandravagen\/2013\/05\/25\/kyrka-utan-vaggar-att-leva-under-oppen-himmel\/"},"author":{"name":"Tomas Jarvid","@id":"https:\/\/blogg.svenskakyrkan.se\/vandravagen\/#\/schema\/person\/25da02d4f76b137d04291711e2c9fc16"},"headline":"Kyrka utan v\u00e4ggar! Att leva under \u00f6ppen himmel","datePublished":"2013-05-25T06:27:00+00:00","mainEntityOfPage":{"@id":"https:\/\/blogg.svenskakyrkan.se\/vandravagen\/2013\/05\/25\/kyrka-utan-vaggar-att-leva-under-oppen-himmel\/"},"wordCount":218,"commentCount":2,"publisher":{"@id":"https:\/\/blogg.svenskakyrkan.se\/vandravagen\/#organization"},"image":{"@id":"https:\/\/blogg.svenskakyrkan.se\/vandravagen\/2013\/05\/25\/kyrka-utan-vaggar-att-leva-under-oppen-himmel\/#primaryimage"},"thumbnailUrl":"http:\/\/3.bp.blogspot.com\/-hbKl0lP0iIM\/UZc_12MEv1I\/AAAAAAAADew\/DN2wEssGJqE\/s400\/lillabjurum.jpg","articleSection":["kyrkan","kyrko\u00e5ret"],"inLanguage":"sv-SE","potentialAction":[{"@type":"CommentAction","name":"Comment","target":["https:\/\/blogg.svenskakyrkan.se\/vandravagen\/2013\/05\/25\/kyrka-utan-vaggar-att-leva-under-oppen-himmel\/#respond"]}]},{"@type":"WebPage","@id":"https:\/\/blogg.svenskakyrkan.se\/vandravagen\/2013\/05\/25\/kyrka-utan-vaggar-att-leva-under-oppen-himmel\/","url":"https:\/\/blogg.svenskakyrkan.se\/vandravagen\/2013\/05\/25\/kyrka-utan-vaggar-att-leva-under-oppen-himmel\/","name":"Kyrka utan v\u00e4ggar! Att leva under \u00f6ppen himmel - Vandra V\u00e4gen","isPartOf":{"@id":"https:\/\/blogg.svenskakyrkan.se\/vandravagen\/#website"},"primaryImageOfPage":{"@id":"https:\/\/blogg.svenskakyrkan.se\/vandravagen\/2013\/05\/25\/kyrka-utan-vaggar-att-leva-under-oppen-himmel\/#primaryimage"},"image":{"@id":"https:\/\/blogg.svenskakyrkan.se\/vandravagen\/2013\/05\/25\/kyrka-utan-vaggar-att-leva-under-oppen-himmel\/#primaryimage"},"thumbnailUrl":"http:\/\/3.bp.blogspot.com\/-hbKl0lP0iIM\/UZc_12MEv1I\/AAAAAAAADew\/DN2wEssGJqE\/s400\/lillabjurum.jpg","datePublished":"2013-05-25T06:27:00+00:00","breadcrumb":{"@id":"https:\/\/blogg.svenskakyrkan.se\/vandravagen\/2013\/05\/25\/kyrka-utan-vaggar-att-leva-under-oppen-himmel\/#breadcrumb"},"inLanguage":"sv-SE","potentialAction":[{"@type":"ReadAction","target":["https:\/\/blogg.svenskakyrkan.se\/vandravagen\/2013\/05\/25\/kyrka-utan-vaggar-att-leva-under-oppen-himmel\/"]}]},{"@type":"ImageObject","inLanguage":"sv-SE","@id":"https:\/\/blogg.svenskakyrkan.se\/vandravagen\/2013\/05\/25\/kyrka-utan-vaggar-att-leva-under-oppen-himmel\/#primaryimage","url":"http:\/\/3.bp.blogspot.com\/-hbKl0lP0iIM\/UZc_12MEv1I\/AAAAAAAADew\/DN2wEssGJqE\/s400\/lillabjurum.jpg","contentUrl":"http:\/\/3.bp.blogspot.com\/-hbKl0lP0iIM\/UZc_12MEv1I\/AAAAAAAADew\/DN2wEssGJqE\/s400\/lillabjurum.jpg"},{"@type":"BreadcrumbList","@id":"https:\/\/blogg.svenskakyrkan.se\/vandravagen\/2013\/05\/25\/kyrka-utan-vaggar-att-leva-under-oppen-himmel\/#breadcrumb","itemListElement":[{"@type":"ListItem","position":1,"name":"Hem","item":"https:\/\/blogg.svenskakyrkan.se\/vandravagen\/"},{"@type":"ListItem","position":2,"name":"Kyrka utan v\u00e4ggar! Att leva under \u00f6ppen himmel"}]},{"@type":"WebSite","@id":"https:\/\/blogg.svenskakyrkan.se\/vandravagen\/#website","url":"https:\/\/blogg.svenskakyrkan.se\/vandravagen\/","name":"Vandra V\u00e4gen","description":"-Mot en tro f\u00f6r hela livet","publisher":{"@id":"https:\/\/blogg.svenskakyrkan.se\/vandravagen\/#organization"},"potentialAction":[{"@type":"SearchAction","target":{"@type":"EntryPoint","urlTemplate":"https:\/\/blogg.svenskakyrkan.se\/vandravagen\/?s={search_term_string}"},"query-input":{"@type":"PropertyValueSpecification","valueRequired":true,"valueName":"search_term_string"}}],"inLanguage":"sv-SE"},{"@type":"Organization","@id":"https:\/\/blogg.svenskakyrkan.se\/vandravagen\/#organization","name":"ulricehamns pastorat","alternateName":"ulricehamns pastorat","url":"https:\/\/blogg.svenskakyrkan.se\/vandravagen\/","logo":{"@type":"ImageObject","inLanguage":"sv-SE","@id":"https:\/\/blogg.svenskakyrkan.se\/vandravagen\/#\/schema\/logo\/image\/","url":"https:\/\/blogg.svenskakyrkan.se\/vandravagen\/files\/2023\/05\/Ulr_logo_RGB.png","contentUrl":"https:\/\/blogg.svenskakyrkan.se\/vandravagen\/files\/2023\/05\/Ulr_logo_RGB.png","width":205,"height":77,"caption":"ulricehamns pastorat"},"image":{"@id":"https:\/\/blogg.svenskakyrkan.se\/vandravagen\/#\/schema\/logo\/image\/"},"sameAs":["http:\/\/facebook.com\/vandravagen","https:\/\/x.com\/fadertomas","http:\/\/www.facebook.com\/svenskakyrkaniulricehamn"]},{"@type":"Person","@id":"https:\/\/blogg.svenskakyrkan.se\/vandravagen\/#\/schema\/person\/25da02d4f76b137d04291711e2c9fc16","name":"Tomas Jarvid","image":{"@type":"ImageObject","inLanguage":"sv-SE","@id":"https:\/\/blogg.svenskakyrkan.se\/vandravagen\/#\/schema\/person\/image\/","url":"https:\/\/secure.gravatar.com\/avatar\/7fa71899795e8f540f615a1f5ab25255dc27aa40f05ee7ddd21aac521e01bf50?s=96&d=identicon&r=g","contentUrl":"https:\/\/secure.gravatar.com\/avatar\/7fa71899795e8f540f615a1f5ab25255dc27aa40f05ee7ddd21aac521e01bf50?s=96&d=identicon&r=g","caption":"Tomas Jarvid"},"description":"Jag bor i Ulricehamn i V\u00e4sterg\u00f6tland och \u00e4r f\u00f6rsamlingspr\u00e4st i Svenska Kyrkan f\u00f6r Dalstorps f\u00f6rsamling i Kinds pastorat. P\u00e5 den h\u00e4r bloggen skriver jag ner tankar om vandringen som kristen.","sameAs":["http:\/\/www.vandravagen.se"],"url":"https:\/\/blogg.svenskakyrkan.se\/vandravagen\/author\/vandravagen\/"}]}},"author_meta":{"ID":"392","user_nicename":"vandravagen","user_url":"http:\/\/www.vandravagen.se","user_registered":"2014-05-19 05:44:52","display_name":"Tomas Jarvid","first_name":"Tomas","last_name":"Jarvid","avatar":"https:\/\/secure.gravatar.com\/avatar\/7fa71899795e8f540f615a1f5ab25255dc27aa40f05ee7ddd21aac521e01bf50?s=96&d=identicon&r=g"},"featured_image":false,"bloginfo":{"name":"Vandra V\u00e4gen","url":"https:\/\/blogg.svenskakyrkan.se\/vandravagen"},"_links":{"self":[{"href":"https:\/\/blogg.svenskakyrkan.se\/vandravagen\/wp-json\/wp\/v2\/posts\/551","targetHints":{"allow":["GET"]}}],"collection":[{"href":"https:\/\/blogg.svenskakyrkan.se\/vandravagen\/wp-json\/wp\/v2\/posts"}],"about":[{"href":"https:\/\/blogg.svenskakyrkan.se\/vandravagen\/wp-json\/wp\/v2\/types\/post"}],"author":[{"embeddable":true,"href":"https:\/\/blogg.svenskakyrkan.se\/vandravagen\/wp-json\/wp\/v2\/users\/392"}],"replies":[{"embeddable":true,"href":"https:\/\/blogg.svenskakyrkan.se\/vandravagen\/wp-json\/wp\/v2\/comments?post=551"}],"version-history":[{"count":0,"href":"https:\/\/blogg.svenskakyrkan.se\/vandravagen\/wp-json\/wp\/v2\/posts\/551\/revisions"}],"wp:attachment":[{"href":"https:\/\/blogg.svenskakyrkan.se\/vandravagen\/wp-json\/wp\/v2\/media?parent=551"}],"wp:term":[{"taxonomy":"category","embeddable":true,"href":"https:\/\/blogg.svenskakyrkan.se\/vandravagen\/wp-json\/wp\/v2\/categories?post=551"},{"taxonomy":"post_tag","embeddable":true,"href":"https:\/\/blogg.svenskakyrkan.se\/vandravagen\/wp-json\/wp\/v2\/tags?post=551"}],"curies":[{"name":"wp","href":"https:\/\/api.w.org\/{rel}","templated":true}]}}