{"id":556,"date":"2013-05-22T20:18:00","date_gmt":"2013-05-22T18:18:00","guid":{"rendered":"http:\/\/blogg.svenskakyrkan.se\/vandravagen\/2013\/05\/22\/missa-inte\/"},"modified":"2013-05-22T20:18:00","modified_gmt":"2013-05-22T18:18:00","slug":"missa-inte","status":"publish","type":"post","link":"https:\/\/blogg.svenskakyrkan.se\/vandravagen\/2013\/05\/22\/missa-inte\/","title":{"rendered":"Missa inte!"},"content":{"rendered":"<table align=\"center\" cellpadding=\"0\" cellspacing=\"0\">\n<tbody>\n<tr>\n<td><a href=\"http:\/\/4.bp.blogspot.com\/-ZkV5No60P_g\/UZSH7uC3m4I\/AAAAAAAADeU\/4AsaZi61rak\/s1600\/a%25CC%2588ngeltrumpet.jpg\"><img loading=\"lazy\" decoding=\"async\" border=\"0\" height=\"400\" src=\"http:\/\/4.bp.blogspot.com\/-ZkV5No60P_g\/UZSH7uC3m4I\/AAAAAAAADeU\/4AsaZi61rak\/s400\/a%25CC%2588ngeltrumpet.jpg\" width=\"335\"><\/a><\/td>\n<\/tr>\n<tr>\n<td>Basunbl\u00e5sare i Mellby<\/td>\n<\/tr>\n<\/tbody>\n<\/table>\n<p>Jag har lagt till \u00e4nnu en sida p\u00e5 bloggen: &#8221;<a href=\"http:\/\/www.vandravagen.se\/p\/bast-pa-vandra-vagen.html\">Missa inte!<\/a>&#8221; heter den f\u00f6r d\u00e4r kommer jag f\u00f6rs\u00f6ka samla de bloggposter jag sj\u00e4lv \u00e4r mest n\u00f6jd med (eller lagt ner mest jobb p\u00e5, eller b\u00e5da). Nu ligger en handfull l\u00e4nkar d\u00e4r men jag ska forts\u00e4tta gr\u00e4va i g\u00f6mmorna tills jag hittar mer s\u00e5 kolla den ibland va?<\/p>\n","protected":false},"excerpt":{"rendered":"<p>Basunbl\u00e5sare i Mellby Jag har lagt till \u00e4nnu en sida p\u00e5 bloggen: &#8221;Missa inte!&#8221; heter den f\u00f6r d\u00e4r kommer jag f\u00f6rs\u00f6ka samla de bloggposter jag sj\u00e4lv \u00e4r mest n\u00f6jd med (eller lagt ner mest jobb p\u00e5, eller b\u00e5da). Nu ligger en handfull l\u00e4nkar d\u00e4r men jag ska forts\u00e4tta gr\u00e4va i g\u00f6mmorna tills jag hittar mer [&hellip;]<\/p>\n","protected":false},"author":392,"featured_media":0,"comment_status":"open","ping_status":"open","sticky":false,"template":"","format":"standard","meta":{"_acf_changed":false,"footnotes":""},"categories":[76608],"tags":[],"class_list":["post-556","post","type-post","status-publish","format-standard","hentry","category-bloggen"],"acf":[],"yoast_head":"<!-- This site is optimized with the Yoast SEO plugin v27.1.1 - https:\/\/yoast.com\/product\/yoast-seo-wordpress\/ -->\n<title>Missa inte! - Vandra V\u00e4gen<\/title>\n<meta name=\"robots\" content=\"index, follow, max-snippet:-1, max-image-preview:large, max-video-preview:-1\" \/>\n<link rel=\"canonical\" href=\"https:\/\/blogg.svenskakyrkan.se\/vandravagen\/2013\/05\/22\/missa-inte\/\" \/>\n<meta property=\"og:locale\" content=\"sv_SE\" \/>\n<meta property=\"og:type\" content=\"article\" \/>\n<meta property=\"og:title\" content=\"Missa inte! - Vandra V\u00e4gen\" \/>\n<meta property=\"og:description\" content=\"Basunbl\u00e5sare i Mellby Jag har lagt till \u00e4nnu en sida p\u00e5 bloggen: &#8221;Missa inte!&#8221; heter den f\u00f6r d\u00e4r kommer jag f\u00f6rs\u00f6ka samla de bloggposter jag sj\u00e4lv \u00e4r mest n\u00f6jd med (eller lagt ner mest jobb p\u00e5, eller b\u00e5da). Nu ligger en handfull l\u00e4nkar d\u00e4r men jag ska forts\u00e4tta gr\u00e4va i g\u00f6mmorna tills jag hittar mer [&hellip;]\" \/>\n<meta property=\"og:url\" content=\"https:\/\/blogg.svenskakyrkan.se\/vandravagen\/2013\/05\/22\/missa-inte\/\" \/>\n<meta property=\"og:site_name\" content=\"Vandra V\u00e4gen\" \/>\n<meta property=\"article:publisher\" content=\"http:\/\/facebook.com\/vandravagen\" \/>\n<meta property=\"article:published_time\" content=\"2013-05-22T18:18:00+00:00\" \/>\n<meta property=\"og:image\" content=\"http:\/\/4.bp.blogspot.com\/-ZkV5No60P_g\/UZSH7uC3m4I\/AAAAAAAADeU\/4AsaZi61rak\/s400\/a%25CC%2588ngeltrumpet.jpg\" \/>\n<meta name=\"author\" content=\"Tomas Jarvid\" \/>\n<meta name=\"twitter:card\" content=\"summary_large_image\" \/>\n<meta name=\"twitter:creator\" content=\"@fadertomas\" \/>\n<meta name=\"twitter:site\" content=\"@fadertomas\" \/>\n<meta name=\"twitter:label1\" content=\"Skriven av\" \/>\n\t<meta name=\"twitter:data1\" content=\"Tomas Jarvid\" \/>\n<script type=\"application\/ld+json\" class=\"yoast-schema-graph\">{\"@context\":\"https:\/\/schema.org\",\"@graph\":[{\"@type\":\"Article\",\"@id\":\"https:\/\/blogg.svenskakyrkan.se\/vandravagen\/2013\/05\/22\/missa-inte\/#article\",\"isPartOf\":{\"@id\":\"https:\/\/blogg.svenskakyrkan.se\/vandravagen\/2013\/05\/22\/missa-inte\/\"},\"author\":{\"name\":\"Tomas Jarvid\",\"@id\":\"https:\/\/blogg.svenskakyrkan.se\/vandravagen\/#\/schema\/person\/25da02d4f76b137d04291711e2c9fc16\"},\"headline\":\"Missa inte!\",\"datePublished\":\"2013-05-22T18:18:00+00:00\",\"mainEntityOfPage\":{\"@id\":\"https:\/\/blogg.svenskakyrkan.se\/vandravagen\/2013\/05\/22\/missa-inte\/\"},\"wordCount\":75,\"commentCount\":0,\"publisher\":{\"@id\":\"https:\/\/blogg.svenskakyrkan.se\/vandravagen\/#organization\"},\"image\":{\"@id\":\"https:\/\/blogg.svenskakyrkan.se\/vandravagen\/2013\/05\/22\/missa-inte\/#primaryimage\"},\"thumbnailUrl\":\"http:\/\/4.bp.blogspot.com\/-ZkV5No60P_g\/UZSH7uC3m4I\/AAAAAAAADeU\/4AsaZi61rak\/s400\/a%25CC%2588ngeltrumpet.jpg\",\"articleSection\":[\"bloggen\"],\"inLanguage\":\"sv-SE\",\"potentialAction\":[{\"@type\":\"CommentAction\",\"name\":\"Comment\",\"target\":[\"https:\/\/blogg.svenskakyrkan.se\/vandravagen\/2013\/05\/22\/missa-inte\/#respond\"]}]},{\"@type\":\"WebPage\",\"@id\":\"https:\/\/blogg.svenskakyrkan.se\/vandravagen\/2013\/05\/22\/missa-inte\/\",\"url\":\"https:\/\/blogg.svenskakyrkan.se\/vandravagen\/2013\/05\/22\/missa-inte\/\",\"name\":\"Missa inte! - Vandra V\u00e4gen\",\"isPartOf\":{\"@id\":\"https:\/\/blogg.svenskakyrkan.se\/vandravagen\/#website\"},\"primaryImageOfPage\":{\"@id\":\"https:\/\/blogg.svenskakyrkan.se\/vandravagen\/2013\/05\/22\/missa-inte\/#primaryimage\"},\"image\":{\"@id\":\"https:\/\/blogg.svenskakyrkan.se\/vandravagen\/2013\/05\/22\/missa-inte\/#primaryimage\"},\"thumbnailUrl\":\"http:\/\/4.bp.blogspot.com\/-ZkV5No60P_g\/UZSH7uC3m4I\/AAAAAAAADeU\/4AsaZi61rak\/s400\/a%25CC%2588ngeltrumpet.jpg\",\"datePublished\":\"2013-05-22T18:18:00+00:00\",\"breadcrumb\":{\"@id\":\"https:\/\/blogg.svenskakyrkan.se\/vandravagen\/2013\/05\/22\/missa-inte\/#breadcrumb\"},\"inLanguage\":\"sv-SE\",\"potentialAction\":[{\"@type\":\"ReadAction\",\"target\":[\"https:\/\/blogg.svenskakyrkan.se\/vandravagen\/2013\/05\/22\/missa-inte\/\"]}]},{\"@type\":\"ImageObject\",\"inLanguage\":\"sv-SE\",\"@id\":\"https:\/\/blogg.svenskakyrkan.se\/vandravagen\/2013\/05\/22\/missa-inte\/#primaryimage\",\"url\":\"http:\/\/4.bp.blogspot.com\/-ZkV5No60P_g\/UZSH7uC3m4I\/AAAAAAAADeU\/4AsaZi61rak\/s400\/a%25CC%2588ngeltrumpet.jpg\",\"contentUrl\":\"http:\/\/4.bp.blogspot.com\/-ZkV5No60P_g\/UZSH7uC3m4I\/AAAAAAAADeU\/4AsaZi61rak\/s400\/a%25CC%2588ngeltrumpet.jpg\"},{\"@type\":\"BreadcrumbList\",\"@id\":\"https:\/\/blogg.svenskakyrkan.se\/vandravagen\/2013\/05\/22\/missa-inte\/#breadcrumb\",\"itemListElement\":[{\"@type\":\"ListItem\",\"position\":1,\"name\":\"Hem\",\"item\":\"https:\/\/blogg.svenskakyrkan.se\/vandravagen\/\"},{\"@type\":\"ListItem\",\"position\":2,\"name\":\"Missa inte!\"}]},{\"@type\":\"WebSite\",\"@id\":\"https:\/\/blogg.svenskakyrkan.se\/vandravagen\/#website\",\"url\":\"https:\/\/blogg.svenskakyrkan.se\/vandravagen\/\",\"name\":\"Vandra V\u00e4gen\",\"description\":\"-Mot en tro f\u00f6r hela livet\",\"publisher\":{\"@id\":\"https:\/\/blogg.svenskakyrkan.se\/vandravagen\/#organization\"},\"potentialAction\":[{\"@type\":\"SearchAction\",\"target\":{\"@type\":\"EntryPoint\",\"urlTemplate\":\"https:\/\/blogg.svenskakyrkan.se\/vandravagen\/?s={search_term_string}\"},\"query-input\":{\"@type\":\"PropertyValueSpecification\",\"valueRequired\":true,\"valueName\":\"search_term_string\"}}],\"inLanguage\":\"sv-SE\"},{\"@type\":\"Organization\",\"@id\":\"https:\/\/blogg.svenskakyrkan.se\/vandravagen\/#organization\",\"name\":\"ulricehamns pastorat\",\"alternateName\":\"ulricehamns pastorat\",\"url\":\"https:\/\/blogg.svenskakyrkan.se\/vandravagen\/\",\"logo\":{\"@type\":\"ImageObject\",\"inLanguage\":\"sv-SE\",\"@id\":\"https:\/\/blogg.svenskakyrkan.se\/vandravagen\/#\/schema\/logo\/image\/\",\"url\":\"https:\/\/blogg.svenskakyrkan.se\/vandravagen\/files\/2023\/05\/Ulr_logo_RGB.png\",\"contentUrl\":\"https:\/\/blogg.svenskakyrkan.se\/vandravagen\/files\/2023\/05\/Ulr_logo_RGB.png\",\"width\":205,\"height\":77,\"caption\":\"ulricehamns pastorat\"},\"image\":{\"@id\":\"https:\/\/blogg.svenskakyrkan.se\/vandravagen\/#\/schema\/logo\/image\/\"},\"sameAs\":[\"http:\/\/facebook.com\/vandravagen\",\"https:\/\/x.com\/fadertomas\",\"http:\/\/www.facebook.com\/svenskakyrkaniulricehamn\"]},{\"@type\":\"Person\",\"@id\":\"https:\/\/blogg.svenskakyrkan.se\/vandravagen\/#\/schema\/person\/25da02d4f76b137d04291711e2c9fc16\",\"name\":\"Tomas Jarvid\",\"image\":{\"@type\":\"ImageObject\",\"inLanguage\":\"sv-SE\",\"@id\":\"https:\/\/blogg.svenskakyrkan.se\/vandravagen\/#\/schema\/person\/image\/\",\"url\":\"https:\/\/secure.gravatar.com\/avatar\/7fa71899795e8f540f615a1f5ab25255dc27aa40f05ee7ddd21aac521e01bf50?s=96&d=identicon&r=g\",\"contentUrl\":\"https:\/\/secure.gravatar.com\/avatar\/7fa71899795e8f540f615a1f5ab25255dc27aa40f05ee7ddd21aac521e01bf50?s=96&d=identicon&r=g\",\"caption\":\"Tomas Jarvid\"},\"description\":\"Jag bor i Ulricehamn i V\u00e4sterg\u00f6tland och \u00e4r f\u00f6rsamlingspr\u00e4st i Svenska Kyrkan f\u00f6r Dalstorps f\u00f6rsamling i Kinds pastorat. P\u00e5 den h\u00e4r bloggen skriver jag ner tankar om vandringen som kristen.\",\"sameAs\":[\"http:\/\/www.vandravagen.se\"],\"url\":\"https:\/\/blogg.svenskakyrkan.se\/vandravagen\/author\/vandravagen\/\"}]}<\/script>\n<!-- \/ Yoast SEO plugin. -->","yoast_head_json":{"title":"Missa inte! - Vandra V\u00e4gen","robots":{"index":"index","follow":"follow","max-snippet":"max-snippet:-1","max-image-preview":"max-image-preview:large","max-video-preview":"max-video-preview:-1"},"canonical":"https:\/\/blogg.svenskakyrkan.se\/vandravagen\/2013\/05\/22\/missa-inte\/","og_locale":"sv_SE","og_type":"article","og_title":"Missa inte! - Vandra V\u00e4gen","og_description":"Basunbl\u00e5sare i Mellby Jag har lagt till \u00e4nnu en sida p\u00e5 bloggen: &#8221;Missa inte!&#8221; heter den f\u00f6r d\u00e4r kommer jag f\u00f6rs\u00f6ka samla de bloggposter jag sj\u00e4lv \u00e4r mest n\u00f6jd med (eller lagt ner mest jobb p\u00e5, eller b\u00e5da). Nu ligger en handfull l\u00e4nkar d\u00e4r men jag ska forts\u00e4tta gr\u00e4va i g\u00f6mmorna tills jag hittar mer [&hellip;]","og_url":"https:\/\/blogg.svenskakyrkan.se\/vandravagen\/2013\/05\/22\/missa-inte\/","og_site_name":"Vandra V\u00e4gen","article_publisher":"http:\/\/facebook.com\/vandravagen","article_published_time":"2013-05-22T18:18:00+00:00","og_image":[{"url":"http:\/\/4.bp.blogspot.com\/-ZkV5No60P_g\/UZSH7uC3m4I\/AAAAAAAADeU\/4AsaZi61rak\/s400\/a%25CC%2588ngeltrumpet.jpg","type":"","width":"","height":""}],"author":"Tomas Jarvid","twitter_card":"summary_large_image","twitter_creator":"@fadertomas","twitter_site":"@fadertomas","twitter_misc":{"Skriven av":"Tomas Jarvid"},"schema":{"@context":"https:\/\/schema.org","@graph":[{"@type":"Article","@id":"https:\/\/blogg.svenskakyrkan.se\/vandravagen\/2013\/05\/22\/missa-inte\/#article","isPartOf":{"@id":"https:\/\/blogg.svenskakyrkan.se\/vandravagen\/2013\/05\/22\/missa-inte\/"},"author":{"name":"Tomas Jarvid","@id":"https:\/\/blogg.svenskakyrkan.se\/vandravagen\/#\/schema\/person\/25da02d4f76b137d04291711e2c9fc16"},"headline":"Missa inte!","datePublished":"2013-05-22T18:18:00+00:00","mainEntityOfPage":{"@id":"https:\/\/blogg.svenskakyrkan.se\/vandravagen\/2013\/05\/22\/missa-inte\/"},"wordCount":75,"commentCount":0,"publisher":{"@id":"https:\/\/blogg.svenskakyrkan.se\/vandravagen\/#organization"},"image":{"@id":"https:\/\/blogg.svenskakyrkan.se\/vandravagen\/2013\/05\/22\/missa-inte\/#primaryimage"},"thumbnailUrl":"http:\/\/4.bp.blogspot.com\/-ZkV5No60P_g\/UZSH7uC3m4I\/AAAAAAAADeU\/4AsaZi61rak\/s400\/a%25CC%2588ngeltrumpet.jpg","articleSection":["bloggen"],"inLanguage":"sv-SE","potentialAction":[{"@type":"CommentAction","name":"Comment","target":["https:\/\/blogg.svenskakyrkan.se\/vandravagen\/2013\/05\/22\/missa-inte\/#respond"]}]},{"@type":"WebPage","@id":"https:\/\/blogg.svenskakyrkan.se\/vandravagen\/2013\/05\/22\/missa-inte\/","url":"https:\/\/blogg.svenskakyrkan.se\/vandravagen\/2013\/05\/22\/missa-inte\/","name":"Missa inte! - Vandra V\u00e4gen","isPartOf":{"@id":"https:\/\/blogg.svenskakyrkan.se\/vandravagen\/#website"},"primaryImageOfPage":{"@id":"https:\/\/blogg.svenskakyrkan.se\/vandravagen\/2013\/05\/22\/missa-inte\/#primaryimage"},"image":{"@id":"https:\/\/blogg.svenskakyrkan.se\/vandravagen\/2013\/05\/22\/missa-inte\/#primaryimage"},"thumbnailUrl":"http:\/\/4.bp.blogspot.com\/-ZkV5No60P_g\/UZSH7uC3m4I\/AAAAAAAADeU\/4AsaZi61rak\/s400\/a%25CC%2588ngeltrumpet.jpg","datePublished":"2013-05-22T18:18:00+00:00","breadcrumb":{"@id":"https:\/\/blogg.svenskakyrkan.se\/vandravagen\/2013\/05\/22\/missa-inte\/#breadcrumb"},"inLanguage":"sv-SE","potentialAction":[{"@type":"ReadAction","target":["https:\/\/blogg.svenskakyrkan.se\/vandravagen\/2013\/05\/22\/missa-inte\/"]}]},{"@type":"ImageObject","inLanguage":"sv-SE","@id":"https:\/\/blogg.svenskakyrkan.se\/vandravagen\/2013\/05\/22\/missa-inte\/#primaryimage","url":"http:\/\/4.bp.blogspot.com\/-ZkV5No60P_g\/UZSH7uC3m4I\/AAAAAAAADeU\/4AsaZi61rak\/s400\/a%25CC%2588ngeltrumpet.jpg","contentUrl":"http:\/\/4.bp.blogspot.com\/-ZkV5No60P_g\/UZSH7uC3m4I\/AAAAAAAADeU\/4AsaZi61rak\/s400\/a%25CC%2588ngeltrumpet.jpg"},{"@type":"BreadcrumbList","@id":"https:\/\/blogg.svenskakyrkan.se\/vandravagen\/2013\/05\/22\/missa-inte\/#breadcrumb","itemListElement":[{"@type":"ListItem","position":1,"name":"Hem","item":"https:\/\/blogg.svenskakyrkan.se\/vandravagen\/"},{"@type":"ListItem","position":2,"name":"Missa inte!"}]},{"@type":"WebSite","@id":"https:\/\/blogg.svenskakyrkan.se\/vandravagen\/#website","url":"https:\/\/blogg.svenskakyrkan.se\/vandravagen\/","name":"Vandra V\u00e4gen","description":"-Mot en tro f\u00f6r hela livet","publisher":{"@id":"https:\/\/blogg.svenskakyrkan.se\/vandravagen\/#organization"},"potentialAction":[{"@type":"SearchAction","target":{"@type":"EntryPoint","urlTemplate":"https:\/\/blogg.svenskakyrkan.se\/vandravagen\/?s={search_term_string}"},"query-input":{"@type":"PropertyValueSpecification","valueRequired":true,"valueName":"search_term_string"}}],"inLanguage":"sv-SE"},{"@type":"Organization","@id":"https:\/\/blogg.svenskakyrkan.se\/vandravagen\/#organization","name":"ulricehamns pastorat","alternateName":"ulricehamns pastorat","url":"https:\/\/blogg.svenskakyrkan.se\/vandravagen\/","logo":{"@type":"ImageObject","inLanguage":"sv-SE","@id":"https:\/\/blogg.svenskakyrkan.se\/vandravagen\/#\/schema\/logo\/image\/","url":"https:\/\/blogg.svenskakyrkan.se\/vandravagen\/files\/2023\/05\/Ulr_logo_RGB.png","contentUrl":"https:\/\/blogg.svenskakyrkan.se\/vandravagen\/files\/2023\/05\/Ulr_logo_RGB.png","width":205,"height":77,"caption":"ulricehamns pastorat"},"image":{"@id":"https:\/\/blogg.svenskakyrkan.se\/vandravagen\/#\/schema\/logo\/image\/"},"sameAs":["http:\/\/facebook.com\/vandravagen","https:\/\/x.com\/fadertomas","http:\/\/www.facebook.com\/svenskakyrkaniulricehamn"]},{"@type":"Person","@id":"https:\/\/blogg.svenskakyrkan.se\/vandravagen\/#\/schema\/person\/25da02d4f76b137d04291711e2c9fc16","name":"Tomas Jarvid","image":{"@type":"ImageObject","inLanguage":"sv-SE","@id":"https:\/\/blogg.svenskakyrkan.se\/vandravagen\/#\/schema\/person\/image\/","url":"https:\/\/secure.gravatar.com\/avatar\/7fa71899795e8f540f615a1f5ab25255dc27aa40f05ee7ddd21aac521e01bf50?s=96&d=identicon&r=g","contentUrl":"https:\/\/secure.gravatar.com\/avatar\/7fa71899795e8f540f615a1f5ab25255dc27aa40f05ee7ddd21aac521e01bf50?s=96&d=identicon&r=g","caption":"Tomas Jarvid"},"description":"Jag bor i Ulricehamn i V\u00e4sterg\u00f6tland och \u00e4r f\u00f6rsamlingspr\u00e4st i Svenska Kyrkan f\u00f6r Dalstorps f\u00f6rsamling i Kinds pastorat. P\u00e5 den h\u00e4r bloggen skriver jag ner tankar om vandringen som kristen.","sameAs":["http:\/\/www.vandravagen.se"],"url":"https:\/\/blogg.svenskakyrkan.se\/vandravagen\/author\/vandravagen\/"}]}},"author_meta":{"ID":"392","user_nicename":"vandravagen","user_url":"http:\/\/www.vandravagen.se","user_registered":"2014-05-19 05:44:52","display_name":"Tomas Jarvid","first_name":"Tomas","last_name":"Jarvid","avatar":"https:\/\/secure.gravatar.com\/avatar\/7fa71899795e8f540f615a1f5ab25255dc27aa40f05ee7ddd21aac521e01bf50?s=96&d=identicon&r=g"},"featured_image":false,"bloginfo":{"name":"Vandra V\u00e4gen","url":"https:\/\/blogg.svenskakyrkan.se\/vandravagen"},"_links":{"self":[{"href":"https:\/\/blogg.svenskakyrkan.se\/vandravagen\/wp-json\/wp\/v2\/posts\/556","targetHints":{"allow":["GET"]}}],"collection":[{"href":"https:\/\/blogg.svenskakyrkan.se\/vandravagen\/wp-json\/wp\/v2\/posts"}],"about":[{"href":"https:\/\/blogg.svenskakyrkan.se\/vandravagen\/wp-json\/wp\/v2\/types\/post"}],"author":[{"embeddable":true,"href":"https:\/\/blogg.svenskakyrkan.se\/vandravagen\/wp-json\/wp\/v2\/users\/392"}],"replies":[{"embeddable":true,"href":"https:\/\/blogg.svenskakyrkan.se\/vandravagen\/wp-json\/wp\/v2\/comments?post=556"}],"version-history":[{"count":0,"href":"https:\/\/blogg.svenskakyrkan.se\/vandravagen\/wp-json\/wp\/v2\/posts\/556\/revisions"}],"wp:attachment":[{"href":"https:\/\/blogg.svenskakyrkan.se\/vandravagen\/wp-json\/wp\/v2\/media?parent=556"}],"wp:term":[{"taxonomy":"category","embeddable":true,"href":"https:\/\/blogg.svenskakyrkan.se\/vandravagen\/wp-json\/wp\/v2\/categories?post=556"},{"taxonomy":"post_tag","embeddable":true,"href":"https:\/\/blogg.svenskakyrkan.se\/vandravagen\/wp-json\/wp\/v2\/tags?post=556"}],"curies":[{"name":"wp","href":"https:\/\/api.w.org\/{rel}","templated":true}]}}