{"id":558,"date":"2013-05-21T19:53:00","date_gmt":"2013-05-21T17:53:00","guid":{"rendered":"http:\/\/blogg.svenskakyrkan.se\/vandravagen\/2013\/05\/21\/superhjaltarna-pa-vandra-vagen\/"},"modified":"2013-05-21T19:53:00","modified_gmt":"2013-05-21T17:53:00","slug":"superhjaltarna-pa-vandra-vagen","status":"publish","type":"post","link":"https:\/\/blogg.svenskakyrkan.se\/vandravagen\/2013\/05\/21\/superhjaltarna-pa-vandra-vagen\/","title":{"rendered":"Superhj\u00e4ltarna p\u00e5 Vandra V\u00e4gen"},"content":{"rendered":"<div><a href=\"http:\/\/4.bp.blogspot.com\/-7Rz7aUO55ik\/T40Zo4c-jmI\/AAAAAAAAAJo\/b9Nz_fcaa_Y\/s1600\/superman_144542420.jpg\"><img loading=\"lazy\" decoding=\"async\" border=\"0\" height=\"261\" src=\"http:\/\/4.bp.blogspot.com\/-7Rz7aUO55ik\/T40Zo4c-jmI\/AAAAAAAAAJo\/b9Nz_fcaa_Y\/s400\/superman_144542420.jpg\" width=\"400\"><\/a><\/div>\n<div><\/div>\n<div><\/div>\n<div>Att blogga p\u00e5 Vandra V\u00e4gen har bland mycket annat inneburit att jag kommit ut som serie\u00e4lskare. Dessutom har jag f\u00f6rs\u00f6kt anv\u00e4nda mig av olika superhj\u00e4ltar f\u00f6r att f\u00f6rklara saker i den kristna tron. H\u00e4r \u00e4r de blggposter du ska titta p\u00e5 f\u00f6r att l\u00e4sa mer!<\/div>\n<div><\/div>\n<div><\/div>\n<div><\/div>\n<div><b>Batman<\/b><\/div>\n<div>\u00a0-I<a href=\"http:\/\/www.vandravagen.se\/2012\/09\/vandra-vagens-batmantrilogi.html\">nte mindre \u00e4n tre bloggposter<\/a> som f\u00f6rklarar vad Batman kan l\u00e4ra oss om vandringen p\u00e5 V\u00e4gen.<\/div>\n<p><b>St\u00e5lmannen<\/b><br \/><b>&#8211;<\/b><a href=\"http:\/\/www.vandravagen.se\/2012\/04\/stalmannen-vs-jesus.html\">St\u00e5lmannen och Jesus<\/a> liknar varandra, eller g\u00f6r de det?<\/p>\n<p><b>Avengers<\/b><br \/>&#8211;<a href=\"http:\/\/www.vandravagen.se\/2012\/06\/avengers-assemble.html\">Superhj\u00e4tegruppen Avengers<\/a> som en bild av Kyrkan!?<\/p>\n<p><b>X-men<\/b><br \/><a href=\"http:\/\/www.vandravagen.se\/2013\/03\/x-men-kallelsen-och-guds-folk.html\">Mutanthj\u00e4ltarna i X-men f\u00f6rklarar kallelsen<\/a> och vad det inneb\u00e4r att vara Guds folk<\/p>\n<p>Och en till som kanske inte riktigt r\u00e4knas som superhj\u00e4lte (eller vad vet jag?)<\/p>\n<p><b>Buffy vampyrd\u00f6daren<\/b><br \/>Kampen mot det onda och magi, men <a href=\"http:\/\/www.vandravagen.se\/2012\/12\/buffy-vampire-slayer-och-kristen-tro.html\">finns Gud i Buffys v\u00e4rld<\/a>?<\/p><\/p>\n","protected":false},"excerpt":{"rendered":"<p>Att blogga p\u00e5 Vandra V\u00e4gen har bland mycket annat inneburit att jag kommit ut som serie\u00e4lskare. Dessutom har jag f\u00f6rs\u00f6kt anv\u00e4nda mig av olika superhj\u00e4ltar f\u00f6r att f\u00f6rklara saker i den kristna tron. H\u00e4r \u00e4r de blggposter du ska titta p\u00e5 f\u00f6r att l\u00e4sa mer! Batman \u00a0-Inte mindre \u00e4n tre bloggposter som f\u00f6rklarar vad Batman [&hellip;]<\/p>\n","protected":false},"author":392,"featured_media":0,"comment_status":"open","ping_status":"open","sticky":false,"template":"","format":"standard","meta":{"_acf_changed":false,"footnotes":""},"categories":[33574,80416,80161,117],"tags":[],"class_list":["post-558","post","type-post","status-publish","format-standard","hentry","category-kyrkan","category-serier","category-superhjaltar","category-teologi"],"acf":[],"yoast_head":"<!-- This site is optimized with the Yoast SEO plugin v27.1.1 - https:\/\/yoast.com\/product\/yoast-seo-wordpress\/ -->\n<title>Superhj\u00e4ltarna p\u00e5 Vandra V\u00e4gen - Vandra V\u00e4gen<\/title>\n<meta name=\"robots\" content=\"index, follow, max-snippet:-1, max-image-preview:large, max-video-preview:-1\" \/>\n<link rel=\"canonical\" href=\"https:\/\/blogg.svenskakyrkan.se\/vandravagen\/2013\/05\/21\/superhjaltarna-pa-vandra-vagen\/\" \/>\n<meta property=\"og:locale\" content=\"sv_SE\" \/>\n<meta property=\"og:type\" content=\"article\" \/>\n<meta property=\"og:title\" content=\"Superhj\u00e4ltarna p\u00e5 Vandra V\u00e4gen - Vandra V\u00e4gen\" \/>\n<meta property=\"og:description\" content=\"Att blogga p\u00e5 Vandra V\u00e4gen har bland mycket annat inneburit att jag kommit ut som serie\u00e4lskare. Dessutom har jag f\u00f6rs\u00f6kt anv\u00e4nda mig av olika superhj\u00e4ltar f\u00f6r att f\u00f6rklara saker i den kristna tron. H\u00e4r \u00e4r de blggposter du ska titta p\u00e5 f\u00f6r att l\u00e4sa mer! Batman \u00a0-Inte mindre \u00e4n tre bloggposter som f\u00f6rklarar vad Batman [&hellip;]\" \/>\n<meta property=\"og:url\" content=\"https:\/\/blogg.svenskakyrkan.se\/vandravagen\/2013\/05\/21\/superhjaltarna-pa-vandra-vagen\/\" \/>\n<meta property=\"og:site_name\" content=\"Vandra V\u00e4gen\" \/>\n<meta property=\"article:publisher\" content=\"http:\/\/facebook.com\/vandravagen\" \/>\n<meta property=\"article:published_time\" content=\"2013-05-21T17:53:00+00:00\" \/>\n<meta property=\"og:image\" content=\"http:\/\/4.bp.blogspot.com\/-7Rz7aUO55ik\/T40Zo4c-jmI\/AAAAAAAAAJo\/b9Nz_fcaa_Y\/s400\/superman_144542420.jpg\" \/>\n<meta name=\"author\" content=\"Tomas Jarvid\" \/>\n<meta name=\"twitter:card\" content=\"summary_large_image\" \/>\n<meta name=\"twitter:creator\" content=\"@fadertomas\" \/>\n<meta name=\"twitter:site\" content=\"@fadertomas\" \/>\n<meta name=\"twitter:label1\" content=\"Skriven av\" \/>\n\t<meta name=\"twitter:data1\" content=\"Tomas Jarvid\" \/>\n\t<meta name=\"twitter:label2\" content=\"Ber\u00e4knad l\u00e4stid\" \/>\n\t<meta name=\"twitter:data2\" content=\"1 minut\" \/>\n<script type=\"application\/ld+json\" class=\"yoast-schema-graph\">{\"@context\":\"https:\/\/schema.org\",\"@graph\":[{\"@type\":\"Article\",\"@id\":\"https:\/\/blogg.svenskakyrkan.se\/vandravagen\/2013\/05\/21\/superhjaltarna-pa-vandra-vagen\/#article\",\"isPartOf\":{\"@id\":\"https:\/\/blogg.svenskakyrkan.se\/vandravagen\/2013\/05\/21\/superhjaltarna-pa-vandra-vagen\/\"},\"author\":{\"name\":\"Tomas Jarvid\",\"@id\":\"https:\/\/blogg.svenskakyrkan.se\/vandravagen\/#\/schema\/person\/25da02d4f76b137d04291711e2c9fc16\"},\"headline\":\"Superhj\u00e4ltarna p\u00e5 Vandra V\u00e4gen\",\"datePublished\":\"2013-05-21T17:53:00+00:00\",\"mainEntityOfPage\":{\"@id\":\"https:\/\/blogg.svenskakyrkan.se\/vandravagen\/2013\/05\/21\/superhjaltarna-pa-vandra-vagen\/\"},\"wordCount\":154,\"commentCount\":0,\"publisher\":{\"@id\":\"https:\/\/blogg.svenskakyrkan.se\/vandravagen\/#organization\"},\"image\":{\"@id\":\"https:\/\/blogg.svenskakyrkan.se\/vandravagen\/2013\/05\/21\/superhjaltarna-pa-vandra-vagen\/#primaryimage\"},\"thumbnailUrl\":\"http:\/\/4.bp.blogspot.com\/-7Rz7aUO55ik\/T40Zo4c-jmI\/AAAAAAAAAJo\/b9Nz_fcaa_Y\/s400\/superman_144542420.jpg\",\"articleSection\":[\"kyrkan\",\"serier\",\"superhj\u00e4ltar\",\"Teologi\"],\"inLanguage\":\"sv-SE\",\"potentialAction\":[{\"@type\":\"CommentAction\",\"name\":\"Comment\",\"target\":[\"https:\/\/blogg.svenskakyrkan.se\/vandravagen\/2013\/05\/21\/superhjaltarna-pa-vandra-vagen\/#respond\"]}]},{\"@type\":\"WebPage\",\"@id\":\"https:\/\/blogg.svenskakyrkan.se\/vandravagen\/2013\/05\/21\/superhjaltarna-pa-vandra-vagen\/\",\"url\":\"https:\/\/blogg.svenskakyrkan.se\/vandravagen\/2013\/05\/21\/superhjaltarna-pa-vandra-vagen\/\",\"name\":\"Superhj\u00e4ltarna p\u00e5 Vandra V\u00e4gen - Vandra V\u00e4gen\",\"isPartOf\":{\"@id\":\"https:\/\/blogg.svenskakyrkan.se\/vandravagen\/#website\"},\"primaryImageOfPage\":{\"@id\":\"https:\/\/blogg.svenskakyrkan.se\/vandravagen\/2013\/05\/21\/superhjaltarna-pa-vandra-vagen\/#primaryimage\"},\"image\":{\"@id\":\"https:\/\/blogg.svenskakyrkan.se\/vandravagen\/2013\/05\/21\/superhjaltarna-pa-vandra-vagen\/#primaryimage\"},\"thumbnailUrl\":\"http:\/\/4.bp.blogspot.com\/-7Rz7aUO55ik\/T40Zo4c-jmI\/AAAAAAAAAJo\/b9Nz_fcaa_Y\/s400\/superman_144542420.jpg\",\"datePublished\":\"2013-05-21T17:53:00+00:00\",\"breadcrumb\":{\"@id\":\"https:\/\/blogg.svenskakyrkan.se\/vandravagen\/2013\/05\/21\/superhjaltarna-pa-vandra-vagen\/#breadcrumb\"},\"inLanguage\":\"sv-SE\",\"potentialAction\":[{\"@type\":\"ReadAction\",\"target\":[\"https:\/\/blogg.svenskakyrkan.se\/vandravagen\/2013\/05\/21\/superhjaltarna-pa-vandra-vagen\/\"]}]},{\"@type\":\"ImageObject\",\"inLanguage\":\"sv-SE\",\"@id\":\"https:\/\/blogg.svenskakyrkan.se\/vandravagen\/2013\/05\/21\/superhjaltarna-pa-vandra-vagen\/#primaryimage\",\"url\":\"http:\/\/4.bp.blogspot.com\/-7Rz7aUO55ik\/T40Zo4c-jmI\/AAAAAAAAAJo\/b9Nz_fcaa_Y\/s400\/superman_144542420.jpg\",\"contentUrl\":\"http:\/\/4.bp.blogspot.com\/-7Rz7aUO55ik\/T40Zo4c-jmI\/AAAAAAAAAJo\/b9Nz_fcaa_Y\/s400\/superman_144542420.jpg\"},{\"@type\":\"BreadcrumbList\",\"@id\":\"https:\/\/blogg.svenskakyrkan.se\/vandravagen\/2013\/05\/21\/superhjaltarna-pa-vandra-vagen\/#breadcrumb\",\"itemListElement\":[{\"@type\":\"ListItem\",\"position\":1,\"name\":\"Hem\",\"item\":\"https:\/\/blogg.svenskakyrkan.se\/vandravagen\/\"},{\"@type\":\"ListItem\",\"position\":2,\"name\":\"Superhj\u00e4ltarna p\u00e5 Vandra V\u00e4gen\"}]},{\"@type\":\"WebSite\",\"@id\":\"https:\/\/blogg.svenskakyrkan.se\/vandravagen\/#website\",\"url\":\"https:\/\/blogg.svenskakyrkan.se\/vandravagen\/\",\"name\":\"Vandra V\u00e4gen\",\"description\":\"-Mot en tro f\u00f6r hela livet\",\"publisher\":{\"@id\":\"https:\/\/blogg.svenskakyrkan.se\/vandravagen\/#organization\"},\"potentialAction\":[{\"@type\":\"SearchAction\",\"target\":{\"@type\":\"EntryPoint\",\"urlTemplate\":\"https:\/\/blogg.svenskakyrkan.se\/vandravagen\/?s={search_term_string}\"},\"query-input\":{\"@type\":\"PropertyValueSpecification\",\"valueRequired\":true,\"valueName\":\"search_term_string\"}}],\"inLanguage\":\"sv-SE\"},{\"@type\":\"Organization\",\"@id\":\"https:\/\/blogg.svenskakyrkan.se\/vandravagen\/#organization\",\"name\":\"ulricehamns pastorat\",\"alternateName\":\"ulricehamns pastorat\",\"url\":\"https:\/\/blogg.svenskakyrkan.se\/vandravagen\/\",\"logo\":{\"@type\":\"ImageObject\",\"inLanguage\":\"sv-SE\",\"@id\":\"https:\/\/blogg.svenskakyrkan.se\/vandravagen\/#\/schema\/logo\/image\/\",\"url\":\"https:\/\/blogg.svenskakyrkan.se\/vandravagen\/files\/2023\/05\/Ulr_logo_RGB.png\",\"contentUrl\":\"https:\/\/blogg.svenskakyrkan.se\/vandravagen\/files\/2023\/05\/Ulr_logo_RGB.png\",\"width\":205,\"height\":77,\"caption\":\"ulricehamns pastorat\"},\"image\":{\"@id\":\"https:\/\/blogg.svenskakyrkan.se\/vandravagen\/#\/schema\/logo\/image\/\"},\"sameAs\":[\"http:\/\/facebook.com\/vandravagen\",\"https:\/\/x.com\/fadertomas\",\"http:\/\/www.facebook.com\/svenskakyrkaniulricehamn\"]},{\"@type\":\"Person\",\"@id\":\"https:\/\/blogg.svenskakyrkan.se\/vandravagen\/#\/schema\/person\/25da02d4f76b137d04291711e2c9fc16\",\"name\":\"Tomas Jarvid\",\"image\":{\"@type\":\"ImageObject\",\"inLanguage\":\"sv-SE\",\"@id\":\"https:\/\/blogg.svenskakyrkan.se\/vandravagen\/#\/schema\/person\/image\/\",\"url\":\"https:\/\/secure.gravatar.com\/avatar\/7fa71899795e8f540f615a1f5ab25255dc27aa40f05ee7ddd21aac521e01bf50?s=96&d=identicon&r=g\",\"contentUrl\":\"https:\/\/secure.gravatar.com\/avatar\/7fa71899795e8f540f615a1f5ab25255dc27aa40f05ee7ddd21aac521e01bf50?s=96&d=identicon&r=g\",\"caption\":\"Tomas Jarvid\"},\"description\":\"Jag bor i Ulricehamn i V\u00e4sterg\u00f6tland och \u00e4r f\u00f6rsamlingspr\u00e4st i Svenska Kyrkan f\u00f6r Dalstorps f\u00f6rsamling i Kinds pastorat. P\u00e5 den h\u00e4r bloggen skriver jag ner tankar om vandringen som kristen.\",\"sameAs\":[\"http:\/\/www.vandravagen.se\"],\"url\":\"https:\/\/blogg.svenskakyrkan.se\/vandravagen\/author\/vandravagen\/\"}]}<\/script>\n<!-- \/ Yoast SEO plugin. -->","yoast_head_json":{"title":"Superhj\u00e4ltarna p\u00e5 Vandra V\u00e4gen - Vandra V\u00e4gen","robots":{"index":"index","follow":"follow","max-snippet":"max-snippet:-1","max-image-preview":"max-image-preview:large","max-video-preview":"max-video-preview:-1"},"canonical":"https:\/\/blogg.svenskakyrkan.se\/vandravagen\/2013\/05\/21\/superhjaltarna-pa-vandra-vagen\/","og_locale":"sv_SE","og_type":"article","og_title":"Superhj\u00e4ltarna p\u00e5 Vandra V\u00e4gen - Vandra V\u00e4gen","og_description":"Att blogga p\u00e5 Vandra V\u00e4gen har bland mycket annat inneburit att jag kommit ut som serie\u00e4lskare. Dessutom har jag f\u00f6rs\u00f6kt anv\u00e4nda mig av olika superhj\u00e4ltar f\u00f6r att f\u00f6rklara saker i den kristna tron. H\u00e4r \u00e4r de blggposter du ska titta p\u00e5 f\u00f6r att l\u00e4sa mer! Batman \u00a0-Inte mindre \u00e4n tre bloggposter som f\u00f6rklarar vad Batman [&hellip;]","og_url":"https:\/\/blogg.svenskakyrkan.se\/vandravagen\/2013\/05\/21\/superhjaltarna-pa-vandra-vagen\/","og_site_name":"Vandra V\u00e4gen","article_publisher":"http:\/\/facebook.com\/vandravagen","article_published_time":"2013-05-21T17:53:00+00:00","og_image":[{"url":"http:\/\/4.bp.blogspot.com\/-7Rz7aUO55ik\/T40Zo4c-jmI\/AAAAAAAAAJo\/b9Nz_fcaa_Y\/s400\/superman_144542420.jpg","type":"","width":"","height":""}],"author":"Tomas Jarvid","twitter_card":"summary_large_image","twitter_creator":"@fadertomas","twitter_site":"@fadertomas","twitter_misc":{"Skriven av":"Tomas Jarvid","Ber\u00e4knad l\u00e4stid":"1 minut"},"schema":{"@context":"https:\/\/schema.org","@graph":[{"@type":"Article","@id":"https:\/\/blogg.svenskakyrkan.se\/vandravagen\/2013\/05\/21\/superhjaltarna-pa-vandra-vagen\/#article","isPartOf":{"@id":"https:\/\/blogg.svenskakyrkan.se\/vandravagen\/2013\/05\/21\/superhjaltarna-pa-vandra-vagen\/"},"author":{"name":"Tomas Jarvid","@id":"https:\/\/blogg.svenskakyrkan.se\/vandravagen\/#\/schema\/person\/25da02d4f76b137d04291711e2c9fc16"},"headline":"Superhj\u00e4ltarna p\u00e5 Vandra V\u00e4gen","datePublished":"2013-05-21T17:53:00+00:00","mainEntityOfPage":{"@id":"https:\/\/blogg.svenskakyrkan.se\/vandravagen\/2013\/05\/21\/superhjaltarna-pa-vandra-vagen\/"},"wordCount":154,"commentCount":0,"publisher":{"@id":"https:\/\/blogg.svenskakyrkan.se\/vandravagen\/#organization"},"image":{"@id":"https:\/\/blogg.svenskakyrkan.se\/vandravagen\/2013\/05\/21\/superhjaltarna-pa-vandra-vagen\/#primaryimage"},"thumbnailUrl":"http:\/\/4.bp.blogspot.com\/-7Rz7aUO55ik\/T40Zo4c-jmI\/AAAAAAAAAJo\/b9Nz_fcaa_Y\/s400\/superman_144542420.jpg","articleSection":["kyrkan","serier","superhj\u00e4ltar","Teologi"],"inLanguage":"sv-SE","potentialAction":[{"@type":"CommentAction","name":"Comment","target":["https:\/\/blogg.svenskakyrkan.se\/vandravagen\/2013\/05\/21\/superhjaltarna-pa-vandra-vagen\/#respond"]}]},{"@type":"WebPage","@id":"https:\/\/blogg.svenskakyrkan.se\/vandravagen\/2013\/05\/21\/superhjaltarna-pa-vandra-vagen\/","url":"https:\/\/blogg.svenskakyrkan.se\/vandravagen\/2013\/05\/21\/superhjaltarna-pa-vandra-vagen\/","name":"Superhj\u00e4ltarna p\u00e5 Vandra V\u00e4gen - Vandra V\u00e4gen","isPartOf":{"@id":"https:\/\/blogg.svenskakyrkan.se\/vandravagen\/#website"},"primaryImageOfPage":{"@id":"https:\/\/blogg.svenskakyrkan.se\/vandravagen\/2013\/05\/21\/superhjaltarna-pa-vandra-vagen\/#primaryimage"},"image":{"@id":"https:\/\/blogg.svenskakyrkan.se\/vandravagen\/2013\/05\/21\/superhjaltarna-pa-vandra-vagen\/#primaryimage"},"thumbnailUrl":"http:\/\/4.bp.blogspot.com\/-7Rz7aUO55ik\/T40Zo4c-jmI\/AAAAAAAAAJo\/b9Nz_fcaa_Y\/s400\/superman_144542420.jpg","datePublished":"2013-05-21T17:53:00+00:00","breadcrumb":{"@id":"https:\/\/blogg.svenskakyrkan.se\/vandravagen\/2013\/05\/21\/superhjaltarna-pa-vandra-vagen\/#breadcrumb"},"inLanguage":"sv-SE","potentialAction":[{"@type":"ReadAction","target":["https:\/\/blogg.svenskakyrkan.se\/vandravagen\/2013\/05\/21\/superhjaltarna-pa-vandra-vagen\/"]}]},{"@type":"ImageObject","inLanguage":"sv-SE","@id":"https:\/\/blogg.svenskakyrkan.se\/vandravagen\/2013\/05\/21\/superhjaltarna-pa-vandra-vagen\/#primaryimage","url":"http:\/\/4.bp.blogspot.com\/-7Rz7aUO55ik\/T40Zo4c-jmI\/AAAAAAAAAJo\/b9Nz_fcaa_Y\/s400\/superman_144542420.jpg","contentUrl":"http:\/\/4.bp.blogspot.com\/-7Rz7aUO55ik\/T40Zo4c-jmI\/AAAAAAAAAJo\/b9Nz_fcaa_Y\/s400\/superman_144542420.jpg"},{"@type":"BreadcrumbList","@id":"https:\/\/blogg.svenskakyrkan.se\/vandravagen\/2013\/05\/21\/superhjaltarna-pa-vandra-vagen\/#breadcrumb","itemListElement":[{"@type":"ListItem","position":1,"name":"Hem","item":"https:\/\/blogg.svenskakyrkan.se\/vandravagen\/"},{"@type":"ListItem","position":2,"name":"Superhj\u00e4ltarna p\u00e5 Vandra V\u00e4gen"}]},{"@type":"WebSite","@id":"https:\/\/blogg.svenskakyrkan.se\/vandravagen\/#website","url":"https:\/\/blogg.svenskakyrkan.se\/vandravagen\/","name":"Vandra V\u00e4gen","description":"-Mot en tro f\u00f6r hela livet","publisher":{"@id":"https:\/\/blogg.svenskakyrkan.se\/vandravagen\/#organization"},"potentialAction":[{"@type":"SearchAction","target":{"@type":"EntryPoint","urlTemplate":"https:\/\/blogg.svenskakyrkan.se\/vandravagen\/?s={search_term_string}"},"query-input":{"@type":"PropertyValueSpecification","valueRequired":true,"valueName":"search_term_string"}}],"inLanguage":"sv-SE"},{"@type":"Organization","@id":"https:\/\/blogg.svenskakyrkan.se\/vandravagen\/#organization","name":"ulricehamns pastorat","alternateName":"ulricehamns pastorat","url":"https:\/\/blogg.svenskakyrkan.se\/vandravagen\/","logo":{"@type":"ImageObject","inLanguage":"sv-SE","@id":"https:\/\/blogg.svenskakyrkan.se\/vandravagen\/#\/schema\/logo\/image\/","url":"https:\/\/blogg.svenskakyrkan.se\/vandravagen\/files\/2023\/05\/Ulr_logo_RGB.png","contentUrl":"https:\/\/blogg.svenskakyrkan.se\/vandravagen\/files\/2023\/05\/Ulr_logo_RGB.png","width":205,"height":77,"caption":"ulricehamns pastorat"},"image":{"@id":"https:\/\/blogg.svenskakyrkan.se\/vandravagen\/#\/schema\/logo\/image\/"},"sameAs":["http:\/\/facebook.com\/vandravagen","https:\/\/x.com\/fadertomas","http:\/\/www.facebook.com\/svenskakyrkaniulricehamn"]},{"@type":"Person","@id":"https:\/\/blogg.svenskakyrkan.se\/vandravagen\/#\/schema\/person\/25da02d4f76b137d04291711e2c9fc16","name":"Tomas Jarvid","image":{"@type":"ImageObject","inLanguage":"sv-SE","@id":"https:\/\/blogg.svenskakyrkan.se\/vandravagen\/#\/schema\/person\/image\/","url":"https:\/\/secure.gravatar.com\/avatar\/7fa71899795e8f540f615a1f5ab25255dc27aa40f05ee7ddd21aac521e01bf50?s=96&d=identicon&r=g","contentUrl":"https:\/\/secure.gravatar.com\/avatar\/7fa71899795e8f540f615a1f5ab25255dc27aa40f05ee7ddd21aac521e01bf50?s=96&d=identicon&r=g","caption":"Tomas Jarvid"},"description":"Jag bor i Ulricehamn i V\u00e4sterg\u00f6tland och \u00e4r f\u00f6rsamlingspr\u00e4st i Svenska Kyrkan f\u00f6r Dalstorps f\u00f6rsamling i Kinds pastorat. P\u00e5 den h\u00e4r bloggen skriver jag ner tankar om vandringen som kristen.","sameAs":["http:\/\/www.vandravagen.se"],"url":"https:\/\/blogg.svenskakyrkan.se\/vandravagen\/author\/vandravagen\/"}]}},"author_meta":{"ID":"392","user_nicename":"vandravagen","user_url":"http:\/\/www.vandravagen.se","user_registered":"2014-05-19 05:44:52","display_name":"Tomas Jarvid","first_name":"Tomas","last_name":"Jarvid","avatar":"https:\/\/secure.gravatar.com\/avatar\/7fa71899795e8f540f615a1f5ab25255dc27aa40f05ee7ddd21aac521e01bf50?s=96&d=identicon&r=g"},"featured_image":false,"bloginfo":{"name":"Vandra V\u00e4gen","url":"https:\/\/blogg.svenskakyrkan.se\/vandravagen"},"_links":{"self":[{"href":"https:\/\/blogg.svenskakyrkan.se\/vandravagen\/wp-json\/wp\/v2\/posts\/558","targetHints":{"allow":["GET"]}}],"collection":[{"href":"https:\/\/blogg.svenskakyrkan.se\/vandravagen\/wp-json\/wp\/v2\/posts"}],"about":[{"href":"https:\/\/blogg.svenskakyrkan.se\/vandravagen\/wp-json\/wp\/v2\/types\/post"}],"author":[{"embeddable":true,"href":"https:\/\/blogg.svenskakyrkan.se\/vandravagen\/wp-json\/wp\/v2\/users\/392"}],"replies":[{"embeddable":true,"href":"https:\/\/blogg.svenskakyrkan.se\/vandravagen\/wp-json\/wp\/v2\/comments?post=558"}],"version-history":[{"count":0,"href":"https:\/\/blogg.svenskakyrkan.se\/vandravagen\/wp-json\/wp\/v2\/posts\/558\/revisions"}],"wp:attachment":[{"href":"https:\/\/blogg.svenskakyrkan.se\/vandravagen\/wp-json\/wp\/v2\/media?parent=558"}],"wp:term":[{"taxonomy":"category","embeddable":true,"href":"https:\/\/blogg.svenskakyrkan.se\/vandravagen\/wp-json\/wp\/v2\/categories?post=558"},{"taxonomy":"post_tag","embeddable":true,"href":"https:\/\/blogg.svenskakyrkan.se\/vandravagen\/wp-json\/wp\/v2\/tags?post=558"}],"curies":[{"name":"wp","href":"https:\/\/api.w.org\/{rel}","templated":true}]}}