{"id":563,"date":"2013-05-19T08:48:00","date_gmt":"2013-05-19T06:48:00","guid":{"rendered":"http:\/\/blogg.svenskakyrkan.se\/vandravagen\/2013\/05\/19\/glad-pingst-med-nelson-mandela\/"},"modified":"2013-05-19T08:48:00","modified_gmt":"2013-05-19T06:48:00","slug":"glad-pingst-med-nelson-mandela","status":"publish","type":"post","link":"https:\/\/blogg.svenskakyrkan.se\/vandravagen\/2013\/05\/19\/glad-pingst-med-nelson-mandela\/","title":{"rendered":"Glad pingst med Nelson Mandela!"},"content":{"rendered":"<div><a href=\"http:\/\/3.bp.blogspot.com\/-0HqC8hAAQ-Y\/UZEnbDPmvsI\/AAAAAAAADdY\/pLpENrbxy-8\/s1600\/IMG_2892.JPG\"><img loading=\"lazy\" decoding=\"async\" border=\"0\" height=\"400\" src=\"http:\/\/3.bp.blogspot.com\/-0HqC8hAAQ-Y\/UZEnbDPmvsI\/AAAAAAAADdY\/pLpENrbxy-8\/s400\/IMG_2892.JPG\" width=\"400\"><\/a><\/div>\n<div><\/div>\n<div>&#8221;Om du talar till en m\u00e4nniska p\u00e5 ett spr\u00e5k hon f\u00f6rst\u00e5r g\u00e5r det till hennes huvud. Om du talar till henne p\u00e5 sitt eget spr\u00e5k, d\u00e5 g\u00e5r det till hennes hj\u00e4rta&#8221; -Nelson Mandela<\/div>\n<div><\/div>\n<div>Mandelacitatet f\u00e5ngar n\u00e5got av pingstdagens h\u00e4ndelser. Helig Ande kom ner \u00f6ver apostlarna som eldsl\u00e5gor \u00f6ver deras huvuden och pl\u00f6tsligt kunde alla h\u00f6ra dem tala p\u00e5 sitt eget spr\u00e5k med ord Gud ingav dem.<\/div>\n<div><\/div>\n<div>Gud vill tala till oss p\u00e5 s\u00e4tt som n\u00e5r v\u00e5ra hj\u00e4rtan, sj\u00e4lva k\u00e4rnan i oss. Det g\u00f6r han p\u00e5 en m\u00e4ngd s\u00e4tt och s\u00e4kert finns det n\u00e5got du \u00e4r mer mottaglig f\u00f6r \u00e4n andra &#8211; som ligger n\u00e4rmare hj\u00e4rtat. Kanske sk\u00f6nhetens spr\u00e5k? Eller logikens? Eller tystnadens?<\/div>\n<div><\/div>\n<div>Vilket &#8221;spr\u00e5k&#8221; talar starkast till dig om &#8221;Guds m\u00e4ktiga g\u00e4rningar?&#8221; Skriv en kommentar!<\/div><\/p>\n","protected":false},"excerpt":{"rendered":"<p>&#8221;Om du talar till en m\u00e4nniska p\u00e5 ett spr\u00e5k hon f\u00f6rst\u00e5r g\u00e5r det till hennes huvud. Om du talar till henne p\u00e5 sitt eget spr\u00e5k, d\u00e5 g\u00e5r det till hennes hj\u00e4rta&#8221; -Nelson Mandela Mandelacitatet f\u00e5ngar n\u00e5got av pingstdagens h\u00e4ndelser. Helig Ande kom ner \u00f6ver apostlarna som eldsl\u00e5gor \u00f6ver deras huvuden och pl\u00f6tsligt kunde alla h\u00f6ra [&hellip;]<\/p>\n","protected":false},"author":392,"featured_media":0,"comment_status":"open","ping_status":"open","sticky":false,"template":"","format":"standard","meta":{"_acf_changed":false,"footnotes":""},"categories":[8252,117],"tags":[],"class_list":["post-563","post","type-post","status-publish","format-standard","hentry","category-kyrkoaret","category-teologi"],"acf":[],"yoast_head":"<!-- This site is optimized with the Yoast SEO plugin v27.1.1 - https:\/\/yoast.com\/product\/yoast-seo-wordpress\/ -->\n<title>Glad pingst med Nelson Mandela! - Vandra V\u00e4gen<\/title>\n<meta name=\"robots\" content=\"index, follow, max-snippet:-1, max-image-preview:large, max-video-preview:-1\" \/>\n<link rel=\"canonical\" href=\"https:\/\/blogg.svenskakyrkan.se\/vandravagen\/2013\/05\/19\/glad-pingst-med-nelson-mandela\/\" \/>\n<meta property=\"og:locale\" content=\"sv_SE\" \/>\n<meta property=\"og:type\" content=\"article\" \/>\n<meta property=\"og:title\" content=\"Glad pingst med Nelson Mandela! - Vandra V\u00e4gen\" \/>\n<meta property=\"og:description\" content=\"&#8221;Om du talar till en m\u00e4nniska p\u00e5 ett spr\u00e5k hon f\u00f6rst\u00e5r g\u00e5r det till hennes huvud. Om du talar till henne p\u00e5 sitt eget spr\u00e5k, d\u00e5 g\u00e5r det till hennes hj\u00e4rta&#8221; -Nelson Mandela Mandelacitatet f\u00e5ngar n\u00e5got av pingstdagens h\u00e4ndelser. Helig Ande kom ner \u00f6ver apostlarna som eldsl\u00e5gor \u00f6ver deras huvuden och pl\u00f6tsligt kunde alla h\u00f6ra [&hellip;]\" \/>\n<meta property=\"og:url\" content=\"https:\/\/blogg.svenskakyrkan.se\/vandravagen\/2013\/05\/19\/glad-pingst-med-nelson-mandela\/\" \/>\n<meta property=\"og:site_name\" content=\"Vandra V\u00e4gen\" \/>\n<meta property=\"article:publisher\" content=\"http:\/\/facebook.com\/vandravagen\" \/>\n<meta property=\"article:published_time\" content=\"2013-05-19T06:48:00+00:00\" \/>\n<meta property=\"og:image\" content=\"http:\/\/3.bp.blogspot.com\/-0HqC8hAAQ-Y\/UZEnbDPmvsI\/AAAAAAAADdY\/pLpENrbxy-8\/s400\/IMG_2892.JPG\" \/>\n<meta name=\"author\" content=\"Tomas Jarvid\" \/>\n<meta name=\"twitter:card\" content=\"summary_large_image\" \/>\n<meta name=\"twitter:creator\" content=\"@fadertomas\" \/>\n<meta name=\"twitter:site\" content=\"@fadertomas\" \/>\n<meta name=\"twitter:label1\" content=\"Skriven av\" \/>\n\t<meta name=\"twitter:data1\" content=\"Tomas Jarvid\" \/>\n\t<meta name=\"twitter:label2\" content=\"Ber\u00e4knad l\u00e4stid\" \/>\n\t<meta name=\"twitter:data2\" content=\"1 minut\" \/>\n<script type=\"application\/ld+json\" class=\"yoast-schema-graph\">{\"@context\":\"https:\/\/schema.org\",\"@graph\":[{\"@type\":\"Article\",\"@id\":\"https:\/\/blogg.svenskakyrkan.se\/vandravagen\/2013\/05\/19\/glad-pingst-med-nelson-mandela\/#article\",\"isPartOf\":{\"@id\":\"https:\/\/blogg.svenskakyrkan.se\/vandravagen\/2013\/05\/19\/glad-pingst-med-nelson-mandela\/\"},\"author\":{\"name\":\"Tomas Jarvid\",\"@id\":\"https:\/\/blogg.svenskakyrkan.se\/vandravagen\/#\/schema\/person\/25da02d4f76b137d04291711e2c9fc16\"},\"headline\":\"Glad pingst med Nelson Mandela!\",\"datePublished\":\"2013-05-19T06:48:00+00:00\",\"mainEntityOfPage\":{\"@id\":\"https:\/\/blogg.svenskakyrkan.se\/vandravagen\/2013\/05\/19\/glad-pingst-med-nelson-mandela\/\"},\"wordCount\":164,\"commentCount\":0,\"publisher\":{\"@id\":\"https:\/\/blogg.svenskakyrkan.se\/vandravagen\/#organization\"},\"image\":{\"@id\":\"https:\/\/blogg.svenskakyrkan.se\/vandravagen\/2013\/05\/19\/glad-pingst-med-nelson-mandela\/#primaryimage\"},\"thumbnailUrl\":\"http:\/\/3.bp.blogspot.com\/-0HqC8hAAQ-Y\/UZEnbDPmvsI\/AAAAAAAADdY\/pLpENrbxy-8\/s400\/IMG_2892.JPG\",\"articleSection\":[\"kyrko\u00e5ret\",\"Teologi\"],\"inLanguage\":\"sv-SE\",\"potentialAction\":[{\"@type\":\"CommentAction\",\"name\":\"Comment\",\"target\":[\"https:\/\/blogg.svenskakyrkan.se\/vandravagen\/2013\/05\/19\/glad-pingst-med-nelson-mandela\/#respond\"]}]},{\"@type\":\"WebPage\",\"@id\":\"https:\/\/blogg.svenskakyrkan.se\/vandravagen\/2013\/05\/19\/glad-pingst-med-nelson-mandela\/\",\"url\":\"https:\/\/blogg.svenskakyrkan.se\/vandravagen\/2013\/05\/19\/glad-pingst-med-nelson-mandela\/\",\"name\":\"Glad pingst med Nelson Mandela! - Vandra V\u00e4gen\",\"isPartOf\":{\"@id\":\"https:\/\/blogg.svenskakyrkan.se\/vandravagen\/#website\"},\"primaryImageOfPage\":{\"@id\":\"https:\/\/blogg.svenskakyrkan.se\/vandravagen\/2013\/05\/19\/glad-pingst-med-nelson-mandela\/#primaryimage\"},\"image\":{\"@id\":\"https:\/\/blogg.svenskakyrkan.se\/vandravagen\/2013\/05\/19\/glad-pingst-med-nelson-mandela\/#primaryimage\"},\"thumbnailUrl\":\"http:\/\/3.bp.blogspot.com\/-0HqC8hAAQ-Y\/UZEnbDPmvsI\/AAAAAAAADdY\/pLpENrbxy-8\/s400\/IMG_2892.JPG\",\"datePublished\":\"2013-05-19T06:48:00+00:00\",\"breadcrumb\":{\"@id\":\"https:\/\/blogg.svenskakyrkan.se\/vandravagen\/2013\/05\/19\/glad-pingst-med-nelson-mandela\/#breadcrumb\"},\"inLanguage\":\"sv-SE\",\"potentialAction\":[{\"@type\":\"ReadAction\",\"target\":[\"https:\/\/blogg.svenskakyrkan.se\/vandravagen\/2013\/05\/19\/glad-pingst-med-nelson-mandela\/\"]}]},{\"@type\":\"ImageObject\",\"inLanguage\":\"sv-SE\",\"@id\":\"https:\/\/blogg.svenskakyrkan.se\/vandravagen\/2013\/05\/19\/glad-pingst-med-nelson-mandela\/#primaryimage\",\"url\":\"http:\/\/3.bp.blogspot.com\/-0HqC8hAAQ-Y\/UZEnbDPmvsI\/AAAAAAAADdY\/pLpENrbxy-8\/s400\/IMG_2892.JPG\",\"contentUrl\":\"http:\/\/3.bp.blogspot.com\/-0HqC8hAAQ-Y\/UZEnbDPmvsI\/AAAAAAAADdY\/pLpENrbxy-8\/s400\/IMG_2892.JPG\"},{\"@type\":\"BreadcrumbList\",\"@id\":\"https:\/\/blogg.svenskakyrkan.se\/vandravagen\/2013\/05\/19\/glad-pingst-med-nelson-mandela\/#breadcrumb\",\"itemListElement\":[{\"@type\":\"ListItem\",\"position\":1,\"name\":\"Hem\",\"item\":\"https:\/\/blogg.svenskakyrkan.se\/vandravagen\/\"},{\"@type\":\"ListItem\",\"position\":2,\"name\":\"Glad pingst med Nelson Mandela!\"}]},{\"@type\":\"WebSite\",\"@id\":\"https:\/\/blogg.svenskakyrkan.se\/vandravagen\/#website\",\"url\":\"https:\/\/blogg.svenskakyrkan.se\/vandravagen\/\",\"name\":\"Vandra V\u00e4gen\",\"description\":\"-Mot en tro f\u00f6r hela livet\",\"publisher\":{\"@id\":\"https:\/\/blogg.svenskakyrkan.se\/vandravagen\/#organization\"},\"potentialAction\":[{\"@type\":\"SearchAction\",\"target\":{\"@type\":\"EntryPoint\",\"urlTemplate\":\"https:\/\/blogg.svenskakyrkan.se\/vandravagen\/?s={search_term_string}\"},\"query-input\":{\"@type\":\"PropertyValueSpecification\",\"valueRequired\":true,\"valueName\":\"search_term_string\"}}],\"inLanguage\":\"sv-SE\"},{\"@type\":\"Organization\",\"@id\":\"https:\/\/blogg.svenskakyrkan.se\/vandravagen\/#organization\",\"name\":\"ulricehamns pastorat\",\"alternateName\":\"ulricehamns pastorat\",\"url\":\"https:\/\/blogg.svenskakyrkan.se\/vandravagen\/\",\"logo\":{\"@type\":\"ImageObject\",\"inLanguage\":\"sv-SE\",\"@id\":\"https:\/\/blogg.svenskakyrkan.se\/vandravagen\/#\/schema\/logo\/image\/\",\"url\":\"https:\/\/blogg.svenskakyrkan.se\/vandravagen\/files\/2023\/05\/Ulr_logo_RGB.png\",\"contentUrl\":\"https:\/\/blogg.svenskakyrkan.se\/vandravagen\/files\/2023\/05\/Ulr_logo_RGB.png\",\"width\":205,\"height\":77,\"caption\":\"ulricehamns pastorat\"},\"image\":{\"@id\":\"https:\/\/blogg.svenskakyrkan.se\/vandravagen\/#\/schema\/logo\/image\/\"},\"sameAs\":[\"http:\/\/facebook.com\/vandravagen\",\"https:\/\/x.com\/fadertomas\",\"http:\/\/www.facebook.com\/svenskakyrkaniulricehamn\"]},{\"@type\":\"Person\",\"@id\":\"https:\/\/blogg.svenskakyrkan.se\/vandravagen\/#\/schema\/person\/25da02d4f76b137d04291711e2c9fc16\",\"name\":\"Tomas Jarvid\",\"image\":{\"@type\":\"ImageObject\",\"inLanguage\":\"sv-SE\",\"@id\":\"https:\/\/blogg.svenskakyrkan.se\/vandravagen\/#\/schema\/person\/image\/\",\"url\":\"https:\/\/secure.gravatar.com\/avatar\/7fa71899795e8f540f615a1f5ab25255dc27aa40f05ee7ddd21aac521e01bf50?s=96&d=identicon&r=g\",\"contentUrl\":\"https:\/\/secure.gravatar.com\/avatar\/7fa71899795e8f540f615a1f5ab25255dc27aa40f05ee7ddd21aac521e01bf50?s=96&d=identicon&r=g\",\"caption\":\"Tomas Jarvid\"},\"description\":\"Jag bor i Ulricehamn i V\u00e4sterg\u00f6tland och \u00e4r f\u00f6rsamlingspr\u00e4st i Svenska Kyrkan f\u00f6r Dalstorps f\u00f6rsamling i Kinds pastorat. P\u00e5 den h\u00e4r bloggen skriver jag ner tankar om vandringen som kristen.\",\"sameAs\":[\"http:\/\/www.vandravagen.se\"],\"url\":\"https:\/\/blogg.svenskakyrkan.se\/vandravagen\/author\/vandravagen\/\"}]}<\/script>\n<!-- \/ Yoast SEO plugin. -->","yoast_head_json":{"title":"Glad pingst med Nelson Mandela! - Vandra V\u00e4gen","robots":{"index":"index","follow":"follow","max-snippet":"max-snippet:-1","max-image-preview":"max-image-preview:large","max-video-preview":"max-video-preview:-1"},"canonical":"https:\/\/blogg.svenskakyrkan.se\/vandravagen\/2013\/05\/19\/glad-pingst-med-nelson-mandela\/","og_locale":"sv_SE","og_type":"article","og_title":"Glad pingst med Nelson Mandela! - Vandra V\u00e4gen","og_description":"&#8221;Om du talar till en m\u00e4nniska p\u00e5 ett spr\u00e5k hon f\u00f6rst\u00e5r g\u00e5r det till hennes huvud. Om du talar till henne p\u00e5 sitt eget spr\u00e5k, d\u00e5 g\u00e5r det till hennes hj\u00e4rta&#8221; -Nelson Mandela Mandelacitatet f\u00e5ngar n\u00e5got av pingstdagens h\u00e4ndelser. Helig Ande kom ner \u00f6ver apostlarna som eldsl\u00e5gor \u00f6ver deras huvuden och pl\u00f6tsligt kunde alla h\u00f6ra [&hellip;]","og_url":"https:\/\/blogg.svenskakyrkan.se\/vandravagen\/2013\/05\/19\/glad-pingst-med-nelson-mandela\/","og_site_name":"Vandra V\u00e4gen","article_publisher":"http:\/\/facebook.com\/vandravagen","article_published_time":"2013-05-19T06:48:00+00:00","og_image":[{"url":"http:\/\/3.bp.blogspot.com\/-0HqC8hAAQ-Y\/UZEnbDPmvsI\/AAAAAAAADdY\/pLpENrbxy-8\/s400\/IMG_2892.JPG","type":"","width":"","height":""}],"author":"Tomas Jarvid","twitter_card":"summary_large_image","twitter_creator":"@fadertomas","twitter_site":"@fadertomas","twitter_misc":{"Skriven av":"Tomas Jarvid","Ber\u00e4knad l\u00e4stid":"1 minut"},"schema":{"@context":"https:\/\/schema.org","@graph":[{"@type":"Article","@id":"https:\/\/blogg.svenskakyrkan.se\/vandravagen\/2013\/05\/19\/glad-pingst-med-nelson-mandela\/#article","isPartOf":{"@id":"https:\/\/blogg.svenskakyrkan.se\/vandravagen\/2013\/05\/19\/glad-pingst-med-nelson-mandela\/"},"author":{"name":"Tomas Jarvid","@id":"https:\/\/blogg.svenskakyrkan.se\/vandravagen\/#\/schema\/person\/25da02d4f76b137d04291711e2c9fc16"},"headline":"Glad pingst med Nelson Mandela!","datePublished":"2013-05-19T06:48:00+00:00","mainEntityOfPage":{"@id":"https:\/\/blogg.svenskakyrkan.se\/vandravagen\/2013\/05\/19\/glad-pingst-med-nelson-mandela\/"},"wordCount":164,"commentCount":0,"publisher":{"@id":"https:\/\/blogg.svenskakyrkan.se\/vandravagen\/#organization"},"image":{"@id":"https:\/\/blogg.svenskakyrkan.se\/vandravagen\/2013\/05\/19\/glad-pingst-med-nelson-mandela\/#primaryimage"},"thumbnailUrl":"http:\/\/3.bp.blogspot.com\/-0HqC8hAAQ-Y\/UZEnbDPmvsI\/AAAAAAAADdY\/pLpENrbxy-8\/s400\/IMG_2892.JPG","articleSection":["kyrko\u00e5ret","Teologi"],"inLanguage":"sv-SE","potentialAction":[{"@type":"CommentAction","name":"Comment","target":["https:\/\/blogg.svenskakyrkan.se\/vandravagen\/2013\/05\/19\/glad-pingst-med-nelson-mandela\/#respond"]}]},{"@type":"WebPage","@id":"https:\/\/blogg.svenskakyrkan.se\/vandravagen\/2013\/05\/19\/glad-pingst-med-nelson-mandela\/","url":"https:\/\/blogg.svenskakyrkan.se\/vandravagen\/2013\/05\/19\/glad-pingst-med-nelson-mandela\/","name":"Glad pingst med Nelson Mandela! - Vandra V\u00e4gen","isPartOf":{"@id":"https:\/\/blogg.svenskakyrkan.se\/vandravagen\/#website"},"primaryImageOfPage":{"@id":"https:\/\/blogg.svenskakyrkan.se\/vandravagen\/2013\/05\/19\/glad-pingst-med-nelson-mandela\/#primaryimage"},"image":{"@id":"https:\/\/blogg.svenskakyrkan.se\/vandravagen\/2013\/05\/19\/glad-pingst-med-nelson-mandela\/#primaryimage"},"thumbnailUrl":"http:\/\/3.bp.blogspot.com\/-0HqC8hAAQ-Y\/UZEnbDPmvsI\/AAAAAAAADdY\/pLpENrbxy-8\/s400\/IMG_2892.JPG","datePublished":"2013-05-19T06:48:00+00:00","breadcrumb":{"@id":"https:\/\/blogg.svenskakyrkan.se\/vandravagen\/2013\/05\/19\/glad-pingst-med-nelson-mandela\/#breadcrumb"},"inLanguage":"sv-SE","potentialAction":[{"@type":"ReadAction","target":["https:\/\/blogg.svenskakyrkan.se\/vandravagen\/2013\/05\/19\/glad-pingst-med-nelson-mandela\/"]}]},{"@type":"ImageObject","inLanguage":"sv-SE","@id":"https:\/\/blogg.svenskakyrkan.se\/vandravagen\/2013\/05\/19\/glad-pingst-med-nelson-mandela\/#primaryimage","url":"http:\/\/3.bp.blogspot.com\/-0HqC8hAAQ-Y\/UZEnbDPmvsI\/AAAAAAAADdY\/pLpENrbxy-8\/s400\/IMG_2892.JPG","contentUrl":"http:\/\/3.bp.blogspot.com\/-0HqC8hAAQ-Y\/UZEnbDPmvsI\/AAAAAAAADdY\/pLpENrbxy-8\/s400\/IMG_2892.JPG"},{"@type":"BreadcrumbList","@id":"https:\/\/blogg.svenskakyrkan.se\/vandravagen\/2013\/05\/19\/glad-pingst-med-nelson-mandela\/#breadcrumb","itemListElement":[{"@type":"ListItem","position":1,"name":"Hem","item":"https:\/\/blogg.svenskakyrkan.se\/vandravagen\/"},{"@type":"ListItem","position":2,"name":"Glad pingst med Nelson Mandela!"}]},{"@type":"WebSite","@id":"https:\/\/blogg.svenskakyrkan.se\/vandravagen\/#website","url":"https:\/\/blogg.svenskakyrkan.se\/vandravagen\/","name":"Vandra V\u00e4gen","description":"-Mot en tro f\u00f6r hela livet","publisher":{"@id":"https:\/\/blogg.svenskakyrkan.se\/vandravagen\/#organization"},"potentialAction":[{"@type":"SearchAction","target":{"@type":"EntryPoint","urlTemplate":"https:\/\/blogg.svenskakyrkan.se\/vandravagen\/?s={search_term_string}"},"query-input":{"@type":"PropertyValueSpecification","valueRequired":true,"valueName":"search_term_string"}}],"inLanguage":"sv-SE"},{"@type":"Organization","@id":"https:\/\/blogg.svenskakyrkan.se\/vandravagen\/#organization","name":"ulricehamns pastorat","alternateName":"ulricehamns pastorat","url":"https:\/\/blogg.svenskakyrkan.se\/vandravagen\/","logo":{"@type":"ImageObject","inLanguage":"sv-SE","@id":"https:\/\/blogg.svenskakyrkan.se\/vandravagen\/#\/schema\/logo\/image\/","url":"https:\/\/blogg.svenskakyrkan.se\/vandravagen\/files\/2023\/05\/Ulr_logo_RGB.png","contentUrl":"https:\/\/blogg.svenskakyrkan.se\/vandravagen\/files\/2023\/05\/Ulr_logo_RGB.png","width":205,"height":77,"caption":"ulricehamns pastorat"},"image":{"@id":"https:\/\/blogg.svenskakyrkan.se\/vandravagen\/#\/schema\/logo\/image\/"},"sameAs":["http:\/\/facebook.com\/vandravagen","https:\/\/x.com\/fadertomas","http:\/\/www.facebook.com\/svenskakyrkaniulricehamn"]},{"@type":"Person","@id":"https:\/\/blogg.svenskakyrkan.se\/vandravagen\/#\/schema\/person\/25da02d4f76b137d04291711e2c9fc16","name":"Tomas Jarvid","image":{"@type":"ImageObject","inLanguage":"sv-SE","@id":"https:\/\/blogg.svenskakyrkan.se\/vandravagen\/#\/schema\/person\/image\/","url":"https:\/\/secure.gravatar.com\/avatar\/7fa71899795e8f540f615a1f5ab25255dc27aa40f05ee7ddd21aac521e01bf50?s=96&d=identicon&r=g","contentUrl":"https:\/\/secure.gravatar.com\/avatar\/7fa71899795e8f540f615a1f5ab25255dc27aa40f05ee7ddd21aac521e01bf50?s=96&d=identicon&r=g","caption":"Tomas Jarvid"},"description":"Jag bor i Ulricehamn i V\u00e4sterg\u00f6tland och \u00e4r f\u00f6rsamlingspr\u00e4st i Svenska Kyrkan f\u00f6r Dalstorps f\u00f6rsamling i Kinds pastorat. P\u00e5 den h\u00e4r bloggen skriver jag ner tankar om vandringen som kristen.","sameAs":["http:\/\/www.vandravagen.se"],"url":"https:\/\/blogg.svenskakyrkan.se\/vandravagen\/author\/vandravagen\/"}]}},"author_meta":{"ID":"392","user_nicename":"vandravagen","user_url":"http:\/\/www.vandravagen.se","user_registered":"2014-05-19 05:44:52","display_name":"Tomas Jarvid","first_name":"Tomas","last_name":"Jarvid","avatar":"https:\/\/secure.gravatar.com\/avatar\/7fa71899795e8f540f615a1f5ab25255dc27aa40f05ee7ddd21aac521e01bf50?s=96&d=identicon&r=g"},"featured_image":false,"bloginfo":{"name":"Vandra V\u00e4gen","url":"https:\/\/blogg.svenskakyrkan.se\/vandravagen"},"_links":{"self":[{"href":"https:\/\/blogg.svenskakyrkan.se\/vandravagen\/wp-json\/wp\/v2\/posts\/563","targetHints":{"allow":["GET"]}}],"collection":[{"href":"https:\/\/blogg.svenskakyrkan.se\/vandravagen\/wp-json\/wp\/v2\/posts"}],"about":[{"href":"https:\/\/blogg.svenskakyrkan.se\/vandravagen\/wp-json\/wp\/v2\/types\/post"}],"author":[{"embeddable":true,"href":"https:\/\/blogg.svenskakyrkan.se\/vandravagen\/wp-json\/wp\/v2\/users\/392"}],"replies":[{"embeddable":true,"href":"https:\/\/blogg.svenskakyrkan.se\/vandravagen\/wp-json\/wp\/v2\/comments?post=563"}],"version-history":[{"count":0,"href":"https:\/\/blogg.svenskakyrkan.se\/vandravagen\/wp-json\/wp\/v2\/posts\/563\/revisions"}],"wp:attachment":[{"href":"https:\/\/blogg.svenskakyrkan.se\/vandravagen\/wp-json\/wp\/v2\/media?parent=563"}],"wp:term":[{"taxonomy":"category","embeddable":true,"href":"https:\/\/blogg.svenskakyrkan.se\/vandravagen\/wp-json\/wp\/v2\/categories?post=563"},{"taxonomy":"post_tag","embeddable":true,"href":"https:\/\/blogg.svenskakyrkan.se\/vandravagen\/wp-json\/wp\/v2\/tags?post=563"}],"curies":[{"name":"wp","href":"https:\/\/api.w.org\/{rel}","templated":true}]}}