{"id":5689,"date":"2017-06-19T07:00:46","date_gmt":"2017-06-19T05:00:46","guid":{"rendered":"http:\/\/blogg.svenskakyrkan.se\/vandravagen\/?p=5689"},"modified":"2017-06-18T22:59:24","modified_gmt":"2017-06-18T20:59:24","slug":"nystart-utan-att-doda-alla-onda","status":"publish","type":"post","link":"https:\/\/blogg.svenskakyrkan.se\/vandravagen\/2017\/06\/19\/nystart-utan-att-doda-alla-onda\/","title":{"rendered":"Nystart utan att d\u00f6da alla onda"},"content":{"rendered":"<div id=\"attachment_5693\" style=\"width: 410px\" class=\"wp-caption aligncenter\"><a href=\"http:\/\/blogg.svenskakyrkan.se\/vandravagen\/files\/2017\/06\/18-BERTIN-PHILIPPE-BAPTISE-L-ENNUQUE-PARIS-LOU.jpg\"><img loading=\"lazy\" decoding=\"async\" aria-describedby=\"caption-attachment-5693\" class=\"size-full wp-image-5693\" src=\"http:\/\/blogg.svenskakyrkan.se\/vandravagen\/files\/2017\/06\/18-BERTIN-PHILIPPE-BAPTISE-L-ENNUQUE-PARIS-LOU.jpg\" alt=\"Glad \u00f6ver att ha hittat en s\u00e5 fin bild p\u00e5 n\u00e4r Filippos d\u00f6pte den etiopiske hoveunucken!\" width=\"400\" height=\"512\" srcset=\"https:\/\/blogg.svenskakyrkan.se\/vandravagen\/files\/2017\/06\/18-BERTIN-PHILIPPE-BAPTISE-L-ENNUQUE-PARIS-LOU.jpg 400w, https:\/\/blogg.svenskakyrkan.se\/vandravagen\/files\/2017\/06\/18-BERTIN-PHILIPPE-BAPTISE-L-ENNUQUE-PARIS-LOU-300x384.jpg 300w, https:\/\/blogg.svenskakyrkan.se\/vandravagen\/files\/2017\/06\/18-BERTIN-PHILIPPE-BAPTISE-L-ENNUQUE-PARIS-LOU-234x300.jpg 234w\" sizes=\"auto, (max-width: 400px) 100vw, 400px\" \/><\/a><p id=\"caption-attachment-5693\" class=\"wp-caption-text\">Glad \u00f6ver att ha hittat en s\u00e5 fin bild p\u00e5 n\u00e4r Filippos d\u00f6pte den etiopiske hoveunucken!<\/p><\/div>\n<p>&nbsp;<\/p>\n<p>Ig\u00e5r predikade jag p\u00e5 gudstj\u00e4nsterna i Hulared och i Dalstorp. Det var fint och det k\u00e4nns som l\u00e4nge sedan jag hade alldeles vanliga gudstj\u00e4nster senast utan vare sig konfirmation eller f\u00f6rsamlingsfest eller vad det kan vara. Det var ocks\u00e5 roligt att tala om Noa och dopet. Jag l\u00e4mnade nog manuset r\u00e4tt rej\u00e4lt men h\u00e4r \u00e4r i alla fall vad jag h\u00f6ll i handen, det \u00e4r ju som det \u00e4r att predikan \u00e4r en muntlig genre. Hoppas att det h\u00e4r kan vara till gl\u00e4dje f\u00f6r dig!<\/p>\n<p><strong>1a efter tref 2017, V\u00e5rt dop (\u00e5rg 3)<\/strong><\/p>\n<p>Ber\u00e4ttelsen om Noa \u00e4r en av de viktiga bilderna f\u00f6r dopet i gamla testamentet. Man kan l\u00e4tt tycka att det \u00e4r en grym och konstig historia och verkligen konstigt att den f\u00e5r vara med p\u00e5 gulliga bilder i barnbiblar n\u00e4r det \u00e4r s\u00e5 m\u00e5nga som d\u00f6r och allt, men bibelns historier \u00e4r ju s\u00e5dana att ju l\u00e4ngre vi k\u00e4mpar p\u00e5 med att f\u00f6rst\u00e5 dem, desto mer ov\u00e4ntade saker kan vi hitta.<\/p>\n<p>Historien b\u00f6rjar med n\u00e5got som vi alla k\u00e4nner v\u00e4l till. M\u00e4nsklig ondska som f\u00f6rst\u00f6r allt. F\u00f6re Noa har vi f\u00e5tt h\u00f6ra om Adam och Eva och hur de g\u00f6mmer sig f\u00f6r Gud, sedan sl\u00e5r Kain ihj\u00e4l Abel och ondskan har vuxit och spridit sig. Nu har det g\u00e5tt m\u00e5nga generationer och det finns fler m\u00e4nniskor och nya problem i takt med det. Gud \u00e4r hela tiden n\u00e4rvarande i ber\u00e4ttelserna, han l\u00e5ter m\u00e4nniskorna styra sina egna liv och fatta dumma beslut men han hj\u00e4lper ocks\u00e5 s\u00e5 att f\u00f6ljderna av det som sker hela tiden \u00e4r mildare \u00e4n man kunde tro.<\/p>\n<p>Gud s\u00e4tter gr\u00e4nser f\u00f6r m\u00e4nniskorna s\u00e5 att de inte ska kunna f\u00f6rst\u00f6ra hur mycket som helst. Precis f\u00f6re ber\u00e4ttelsen om Noa har han till exempel satt en gr\u00e4ns f\u00f6r \u00e5ldern. De ska inte kunna bli mer \u00e4n 120 \u00e5r. En m\u00e4nniska som l\u00e4r k\u00e4nna sina begr\u00e4nsningar blir ju klokare, men m\u00e4nniskans ondska v\u00e4xte. Som det st\u00e5r \u00e5ngrar Gud att han alls skapade m\u00e4nniskorna n\u00e4r de g\u00f6r s\u00e5 mycket ont. Lite s\u00e5 kan man ju t\u00e4nka n\u00e4r man h\u00f6r om illd\u00e5d m\u00e4nniskor h\u00e5ller p\u00e5 med, vad \u00e4r det ens f\u00f6r id\u00e9 att vi ska finnas h\u00e4r, vi f\u00f6rst\u00f6r ju bara.<\/p>\n<p>Det finns flera niv\u00e5er i ber\u00e4ttelsen. P\u00e5 ett s\u00e4tt handlar den om hur Gud besegrar det onda och r\u00e4ddar de goda m\u00e4nniskorna och djuren till en ny v\u00e4rld. P\u00e5 det s\u00e4ttet \u00e4r det en fin bild av dopet om vi kan komma \u00f6ver att ber\u00e4ttelsen \u00e4r s\u00e5 blodig. Den andra viktiga bilden i gamla testamentet \u00e4r n\u00e4r Mose g\u00e5r genom havet med folket och de blir kvitt alla sina slavdrivare och kommer upp p\u00e5 andra stranden d\u00e4r de f\u00e5r b\u00f6rja om. Det \u00e4r ju r\u00e4tt likt Noahistorien p\u00e5 det s\u00e4ttet att skapelsen f\u00e5r b\u00f6rja om utan ondskan.<\/p>\n<p>Det \u00e4r ju bara det att det inte fungerar. P\u00e5 en annan niv\u00e5 t\u00e4nker jag att det handlar om djupare saker. Teorin var ju lite som vi nog alla t\u00e4nkt, att om man bara f\u00e5r bort de onda s\u00e5 blir allt bra. F\u00e5r vi bara bort diktatorn eller besegrar v\u00e5ra fiender eller om v\u00e5r jobbiga granne flyttar eller vad det kan vara s\u00e5 blir allt bra. Noa och hans familj \u00e4r ju utvalda som de enda goda p\u00e5 jorden s\u00e5 om Gud startar om med dem? Men s\u00e5 visar det sig att fr\u00e5n dem sprids ondskan igen i v\u00e4rlden. Tydligen var inte ens de helt goda eftersom det gick som det gick. Det funkar inte att besegra ondskan genom att d\u00f6da alla skurkar, det \u00e4r en l\u00e4xa fr\u00e5n Noas tid som vi m\u00e5ste l\u00e4ra oss.<\/p>\n<p>Johannes talar i evangeliet om att han d\u00f6per i vatten f\u00f6r att m\u00e4nniskor ska f\u00e5 n\u00e5got p\u00e5tagligt att komma ih\u00e5g av den dag d\u00e5 de best\u00e4mde sig f\u00f6r att omv\u00e4nda sig, b\u00f6rja om. Men han s\u00e4ger att Jesu dop ska vara mycket kraftfullare, ett dop i ande och eld.<\/p>\n<p>Jesus har ett revolutionerande budskap sett till att m\u00e4nniskan allts\u00e5 i alla tider f\u00f6rs\u00f6kt l\u00f6sa v\u00e4rldens problem genom att besegra sina fiender. Han \u00e4r det r\u00e4tta svaret d\u00e4r Noaber\u00e4ttelsen \u00e4r fel svar om hur v\u00e4rlden ska r\u00e4ddas fr\u00e5n det onda. Det r\u00e4cker inte att ta bort de onda. \u00c5tminstone inte om man vill ha n\u00e5gra m\u00e4nniskor kvar alls och det vill ju Gud. Det m\u00e5ste finnas ett s\u00e4tt att ta bort det onda i m\u00e4nniskornas hj\u00e4rtan.<\/p>\n<p>Hur det g\u00e5r till kan vi l\u00e4ra lite av historien ur episteltexten. Anden \u00e4r verksam f\u00f6r saker h\u00e4nder p\u00e5 konstiga s\u00e4tt. Till att b\u00f6rja med har Eunucken s\u00f6kt sig \u00e4nda fr\u00e5n fr\u00e4mmande land f\u00f6r att han l\u00e4ngtar efter att l\u00e4ra sig mer om Israels Gud. Han var nog en m\u00e4ktig person hemma i etiopien men uppenbarligen saknade han n\u00e5got s\u00e5 l\u00e5ngt som han rest.<\/p>\n<p>P\u00e5 m\u00e4rkliga s\u00e4tt sammantr\u00e4ffar Filippos och eunucken. Filippos blir ledd att vara precis d\u00e4r och d\u00e5 som m\u00f6tet kan ske och eunucken l\u00e4ser dessutom en l\u00e4mplig profetia i Jesaja som de kan prata om. Filippos f\u00f6rklarar g\u00e4rna och ber\u00e4ttar om Jesus och vad han gjort. Eunucken blir glad och han fr\u00e5gar d\u00e5 \u201dfinns det n\u00e5got som hindrar att jag blir d\u00f6pt\u201d. Kanske ska man s\u00e4ga \u201datt JAG blir d\u00f6pt\u201d, f\u00f6r kanske var han orolig att inte ha r\u00e4tt att bli d\u00f6pt. I moseb\u00f6ckerna st\u00e5r det att eunucker inte f\u00e5r bli del av Guds folk men profeten Jesaja hade sagt att n\u00e4r Messias kommit ska de f\u00e5 det.<\/p>\n<p>Filippos d\u00f6per honom och s\u00e5 tillh\u00f6r han Kristus. Det \u00e4r det speciella med kyrkan att den v\u00e4nde sig till alla, oavsett vad de hade f\u00f6r status eller bakgrund s\u00e5 d\u00f6ptes de med samma dop. Sedan \u00e4r pl\u00f6tsligt Filippos borta igen och eunucken f\u00e5r forts\u00e4tta sin resa. Det st\u00e5r att han \u00e4r glad.\u00a0 Och det p\u00e5minner om en sida av v\u00e5rt dop. Det betyder att vi tillh\u00f6r Kristus. Det var nog vad eunucken l\u00e4ngtat efter men inte kunde f\u00e5, att f\u00e5 tillh\u00f6ra Guds folk hade ju varit st\u00e4ngt f\u00f6r honom men nu fick han det!<\/p>\n<p>En ny m\u00e4nniska m\u00e5ste f\u00f6das inifr\u00e5n s\u00e4ger Jesus flera g\u00e5nger i evangelierna. Och det \u00e4r f\u00f6r att f\u00f6da v\u00e4rlden p\u00e5 nytt han kommit. Dopet \u00e4r ett tecken p\u00e5 det, symboliskt doppades man under ytan som tecken p\u00e5 att man d\u00f6tt och uppst\u00e5tt med Kristus och nu lever vi det nya livet som aldrig ska ta slut. Och vi tillh\u00f6r Guds folk tillsammans. Vi har en ny gemenskap som ska v\u00e4lkomna alla.<\/p>\n<p>Man kan verkligen undra hur det g\u00e5r med att f\u00f6das inifr\u00e5n bara. Oftast \u00e4r man v\u00e4l samma gamla vanliga? Fr\u00e5n olika r\u00f6n om f\u00f6r\u00e4ldraskap har jag l\u00e4rt mig att vi kan v\u00e4xa och utvecklas d\u00e4r vi \u00e4r trygga. Nu har vi f\u00e5tt ett f\u00f6rbeh\u00e5llsl\u00f6st l\u00f6fte om att vi tillh\u00f6r Gud vad som \u00e4n h\u00e4nder. Ju mer det sjunker in desto mer kan vi tillfriskna fr\u00e5n att beh\u00f6va f\u00f6rg\u00f6ra varandra eller j\u00e4mf\u00f6ra oss med andra.<\/p>\n<p>Dopet \u00e4r bland mycket annat just en trygghet. I beh\u00f6ver inte hela tiden oroa oss f\u00f6r hur l\u00e5ngt vi kommit mot att vara goda m\u00e4nniskor, vi \u00e4r \u00e4lskade oavsett, nu kan vi har ro att t\u00e4nka p\u00e5 Gud och v\u00e5r n\u00e4sta ist\u00e4llet f\u00f6r att oroa oss \u00f6ver oss sj\u00e4lva. Det \u00e4r sv\u00e5rt att s\u00e4ga hur f\u00f6r\u00e4ndrad eunucken verkligen var efter sitt dop, han hann ju inte f\u00e5 l\u00e4ra sig s\u00e5 v\u00e4rst mycket av Filippos och han har inte n\u00e5gra andra med samma tro att ha st\u00f6d hos men om nu Gud lett honom till detta konstiga m\u00f6te s\u00e5 g\u00f6r han v\u00e4l det fram\u00f6ver ocks\u00e5.<\/p>\n<p>Allt som har med insidan av oss att g\u00f6ra, och verkligen s\u00e5dant som har med hela m\u00e4nskligheten att g\u00f6ra, sker i v\u00e4ldigt sm\u00e5 steg. Vi m\u00e4rker inte att det h\u00e4nder n\u00e5got alls f\u00f6rr\u00e4n vi l\u00e4ser n\u00e5gon gammal dagbok och tycker vi var dumma p\u00e5 den tiden. Om Gud ska leda oss p\u00e5 sina v\u00e4gar samtidigt som vi envisas med att f\u00f6lja v\u00e5ra egensinniga v\u00e4gar s\u00e5 tar det tid att komma fram. F\u00f6r israeliterna f\u00f6ljde det 40 \u00e5r, en livstid i \u00f6knen, efter befrielsen i r\u00f6da havet. Jesus ger liknelser om surdegen och att Guds rike en dag ska genomsyra allt. V\u00e5r del i detta \u00e4r framf\u00f6rallt att stanna hos Gud. Resten \u00e4r i Guds h\u00e4nder.<\/p>\n<p>&nbsp;<\/p>\n","protected":false},"excerpt":{"rendered":"<p>&nbsp; Ig\u00e5r predikade jag p\u00e5 gudstj\u00e4nsterna i Hulared och i Dalstorp. Det var fint och det k\u00e4nns som l\u00e4nge sedan jag hade alldeles vanliga gudstj\u00e4nster senast utan vare sig konfirmation eller f\u00f6rsamlingsfest eller vad det kan vara. Det var ocks\u00e5 roligt att tala om Noa och dopet. Jag l\u00e4mnade nog manuset r\u00e4tt rej\u00e4lt men h\u00e4r [&hellip;]<\/p>\n","protected":false},"author":392,"featured_media":0,"comment_status":"open","ping_status":"open","sticky":false,"template":"","format":"standard","meta":{"_acf_changed":false,"footnotes":""},"categories":[76189,8252,114],"tags":[],"class_list":["post-5689","post","type-post","status-publish","format-standard","hentry","category-dagens-kyrka","category-kyrkoaret","category-predikan"],"acf":[],"yoast_head":"<!-- This site is optimized with the Yoast SEO plugin v27.1.1 - https:\/\/yoast.com\/product\/yoast-seo-wordpress\/ -->\n<title>Nystart utan att d\u00f6da alla onda - Vandra V\u00e4gen<\/title>\n<meta name=\"robots\" content=\"index, follow, max-snippet:-1, max-image-preview:large, max-video-preview:-1\" \/>\n<link rel=\"canonical\" href=\"https:\/\/blogg.svenskakyrkan.se\/vandravagen\/2017\/06\/19\/nystart-utan-att-doda-alla-onda\/\" \/>\n<meta property=\"og:locale\" content=\"sv_SE\" \/>\n<meta property=\"og:type\" content=\"article\" \/>\n<meta property=\"og:title\" content=\"Nystart utan att d\u00f6da alla onda - Vandra V\u00e4gen\" \/>\n<meta property=\"og:description\" content=\"&nbsp; Ig\u00e5r predikade jag p\u00e5 gudstj\u00e4nsterna i Hulared och i Dalstorp. Det var fint och det k\u00e4nns som l\u00e4nge sedan jag hade alldeles vanliga gudstj\u00e4nster senast utan vare sig konfirmation eller f\u00f6rsamlingsfest eller vad det kan vara. Det var ocks\u00e5 roligt att tala om Noa och dopet. Jag l\u00e4mnade nog manuset r\u00e4tt rej\u00e4lt men h\u00e4r [&hellip;]\" \/>\n<meta property=\"og:url\" content=\"https:\/\/blogg.svenskakyrkan.se\/vandravagen\/2017\/06\/19\/nystart-utan-att-doda-alla-onda\/\" \/>\n<meta property=\"og:site_name\" content=\"Vandra V\u00e4gen\" \/>\n<meta property=\"article:publisher\" content=\"http:\/\/facebook.com\/vandravagen\" \/>\n<meta property=\"article:published_time\" content=\"2017-06-19T05:00:46+00:00\" \/>\n<meta property=\"og:image\" content=\"http:\/\/blogg.svenskakyrkan.se\/vandravagen\/files\/2017\/06\/18-BERTIN-PHILIPPE-BAPTISE-L-ENNUQUE-PARIS-LOU.jpg\" \/>\n<meta name=\"author\" content=\"Tomas Jarvid\" \/>\n<meta name=\"twitter:card\" content=\"summary_large_image\" \/>\n<meta name=\"twitter:creator\" content=\"@fadertomas\" \/>\n<meta name=\"twitter:site\" content=\"@fadertomas\" \/>\n<meta name=\"twitter:label1\" content=\"Skriven av\" \/>\n\t<meta name=\"twitter:data1\" content=\"Tomas Jarvid\" \/>\n\t<meta name=\"twitter:label2\" content=\"Ber\u00e4knad l\u00e4stid\" \/>\n\t<meta name=\"twitter:data2\" content=\"8 minuter\" \/>\n<script type=\"application\/ld+json\" class=\"yoast-schema-graph\">{\"@context\":\"https:\/\/schema.org\",\"@graph\":[{\"@type\":\"Article\",\"@id\":\"https:\/\/blogg.svenskakyrkan.se\/vandravagen\/2017\/06\/19\/nystart-utan-att-doda-alla-onda\/#article\",\"isPartOf\":{\"@id\":\"https:\/\/blogg.svenskakyrkan.se\/vandravagen\/2017\/06\/19\/nystart-utan-att-doda-alla-onda\/\"},\"author\":{\"name\":\"Tomas Jarvid\",\"@id\":\"https:\/\/blogg.svenskakyrkan.se\/vandravagen\/#\/schema\/person\/25da02d4f76b137d04291711e2c9fc16\"},\"headline\":\"Nystart utan att d\u00f6da alla onda\",\"datePublished\":\"2017-06-19T05:00:46+00:00\",\"mainEntityOfPage\":{\"@id\":\"https:\/\/blogg.svenskakyrkan.se\/vandravagen\/2017\/06\/19\/nystart-utan-att-doda-alla-onda\/\"},\"wordCount\":1651,\"commentCount\":0,\"publisher\":{\"@id\":\"https:\/\/blogg.svenskakyrkan.se\/vandravagen\/#organization\"},\"image\":{\"@id\":\"https:\/\/blogg.svenskakyrkan.se\/vandravagen\/2017\/06\/19\/nystart-utan-att-doda-alla-onda\/#primaryimage\"},\"thumbnailUrl\":\"http:\/\/blogg.svenskakyrkan.se\/vandravagen\/files\/2017\/06\/18-BERTIN-PHILIPPE-BAPTISE-L-ENNUQUE-PARIS-LOU.jpg\",\"articleSection\":[\"Dagens Kyrka\",\"kyrko\u00e5ret\",\"predikan\"],\"inLanguage\":\"sv-SE\",\"potentialAction\":[{\"@type\":\"CommentAction\",\"name\":\"Comment\",\"target\":[\"https:\/\/blogg.svenskakyrkan.se\/vandravagen\/2017\/06\/19\/nystart-utan-att-doda-alla-onda\/#respond\"]}]},{\"@type\":\"WebPage\",\"@id\":\"https:\/\/blogg.svenskakyrkan.se\/vandravagen\/2017\/06\/19\/nystart-utan-att-doda-alla-onda\/\",\"url\":\"https:\/\/blogg.svenskakyrkan.se\/vandravagen\/2017\/06\/19\/nystart-utan-att-doda-alla-onda\/\",\"name\":\"Nystart utan att d\u00f6da alla onda - Vandra V\u00e4gen\",\"isPartOf\":{\"@id\":\"https:\/\/blogg.svenskakyrkan.se\/vandravagen\/#website\"},\"primaryImageOfPage\":{\"@id\":\"https:\/\/blogg.svenskakyrkan.se\/vandravagen\/2017\/06\/19\/nystart-utan-att-doda-alla-onda\/#primaryimage\"},\"image\":{\"@id\":\"https:\/\/blogg.svenskakyrkan.se\/vandravagen\/2017\/06\/19\/nystart-utan-att-doda-alla-onda\/#primaryimage\"},\"thumbnailUrl\":\"http:\/\/blogg.svenskakyrkan.se\/vandravagen\/files\/2017\/06\/18-BERTIN-PHILIPPE-BAPTISE-L-ENNUQUE-PARIS-LOU.jpg\",\"datePublished\":\"2017-06-19T05:00:46+00:00\",\"breadcrumb\":{\"@id\":\"https:\/\/blogg.svenskakyrkan.se\/vandravagen\/2017\/06\/19\/nystart-utan-att-doda-alla-onda\/#breadcrumb\"},\"inLanguage\":\"sv-SE\",\"potentialAction\":[{\"@type\":\"ReadAction\",\"target\":[\"https:\/\/blogg.svenskakyrkan.se\/vandravagen\/2017\/06\/19\/nystart-utan-att-doda-alla-onda\/\"]}]},{\"@type\":\"ImageObject\",\"inLanguage\":\"sv-SE\",\"@id\":\"https:\/\/blogg.svenskakyrkan.se\/vandravagen\/2017\/06\/19\/nystart-utan-att-doda-alla-onda\/#primaryimage\",\"url\":\"http:\/\/blogg.svenskakyrkan.se\/vandravagen\/files\/2017\/06\/18-BERTIN-PHILIPPE-BAPTISE-L-ENNUQUE-PARIS-LOU.jpg\",\"contentUrl\":\"http:\/\/blogg.svenskakyrkan.se\/vandravagen\/files\/2017\/06\/18-BERTIN-PHILIPPE-BAPTISE-L-ENNUQUE-PARIS-LOU.jpg\"},{\"@type\":\"BreadcrumbList\",\"@id\":\"https:\/\/blogg.svenskakyrkan.se\/vandravagen\/2017\/06\/19\/nystart-utan-att-doda-alla-onda\/#breadcrumb\",\"itemListElement\":[{\"@type\":\"ListItem\",\"position\":1,\"name\":\"Hem\",\"item\":\"https:\/\/blogg.svenskakyrkan.se\/vandravagen\/\"},{\"@type\":\"ListItem\",\"position\":2,\"name\":\"Nystart utan att d\u00f6da alla onda\"}]},{\"@type\":\"WebSite\",\"@id\":\"https:\/\/blogg.svenskakyrkan.se\/vandravagen\/#website\",\"url\":\"https:\/\/blogg.svenskakyrkan.se\/vandravagen\/\",\"name\":\"Vandra V\u00e4gen\",\"description\":\"-Mot en tro f\u00f6r hela livet\",\"publisher\":{\"@id\":\"https:\/\/blogg.svenskakyrkan.se\/vandravagen\/#organization\"},\"potentialAction\":[{\"@type\":\"SearchAction\",\"target\":{\"@type\":\"EntryPoint\",\"urlTemplate\":\"https:\/\/blogg.svenskakyrkan.se\/vandravagen\/?s={search_term_string}\"},\"query-input\":{\"@type\":\"PropertyValueSpecification\",\"valueRequired\":true,\"valueName\":\"search_term_string\"}}],\"inLanguage\":\"sv-SE\"},{\"@type\":\"Organization\",\"@id\":\"https:\/\/blogg.svenskakyrkan.se\/vandravagen\/#organization\",\"name\":\"ulricehamns pastorat\",\"alternateName\":\"ulricehamns pastorat\",\"url\":\"https:\/\/blogg.svenskakyrkan.se\/vandravagen\/\",\"logo\":{\"@type\":\"ImageObject\",\"inLanguage\":\"sv-SE\",\"@id\":\"https:\/\/blogg.svenskakyrkan.se\/vandravagen\/#\/schema\/logo\/image\/\",\"url\":\"https:\/\/blogg.svenskakyrkan.se\/vandravagen\/files\/2023\/05\/Ulr_logo_RGB.png\",\"contentUrl\":\"https:\/\/blogg.svenskakyrkan.se\/vandravagen\/files\/2023\/05\/Ulr_logo_RGB.png\",\"width\":205,\"height\":77,\"caption\":\"ulricehamns pastorat\"},\"image\":{\"@id\":\"https:\/\/blogg.svenskakyrkan.se\/vandravagen\/#\/schema\/logo\/image\/\"},\"sameAs\":[\"http:\/\/facebook.com\/vandravagen\",\"https:\/\/x.com\/fadertomas\",\"http:\/\/www.facebook.com\/svenskakyrkaniulricehamn\"]},{\"@type\":\"Person\",\"@id\":\"https:\/\/blogg.svenskakyrkan.se\/vandravagen\/#\/schema\/person\/25da02d4f76b137d04291711e2c9fc16\",\"name\":\"Tomas Jarvid\",\"image\":{\"@type\":\"ImageObject\",\"inLanguage\":\"sv-SE\",\"@id\":\"https:\/\/blogg.svenskakyrkan.se\/vandravagen\/#\/schema\/person\/image\/\",\"url\":\"https:\/\/secure.gravatar.com\/avatar\/7fa71899795e8f540f615a1f5ab25255dc27aa40f05ee7ddd21aac521e01bf50?s=96&d=identicon&r=g\",\"contentUrl\":\"https:\/\/secure.gravatar.com\/avatar\/7fa71899795e8f540f615a1f5ab25255dc27aa40f05ee7ddd21aac521e01bf50?s=96&d=identicon&r=g\",\"caption\":\"Tomas Jarvid\"},\"description\":\"Jag bor i Ulricehamn i V\u00e4sterg\u00f6tland och \u00e4r f\u00f6rsamlingspr\u00e4st i Svenska Kyrkan f\u00f6r Dalstorps f\u00f6rsamling i Kinds pastorat. P\u00e5 den h\u00e4r bloggen skriver jag ner tankar om vandringen som kristen.\",\"sameAs\":[\"http:\/\/www.vandravagen.se\"],\"url\":\"https:\/\/blogg.svenskakyrkan.se\/vandravagen\/author\/vandravagen\/\"}]}<\/script>\n<!-- \/ Yoast SEO plugin. -->","yoast_head_json":{"title":"Nystart utan att d\u00f6da alla onda - Vandra V\u00e4gen","robots":{"index":"index","follow":"follow","max-snippet":"max-snippet:-1","max-image-preview":"max-image-preview:large","max-video-preview":"max-video-preview:-1"},"canonical":"https:\/\/blogg.svenskakyrkan.se\/vandravagen\/2017\/06\/19\/nystart-utan-att-doda-alla-onda\/","og_locale":"sv_SE","og_type":"article","og_title":"Nystart utan att d\u00f6da alla onda - Vandra V\u00e4gen","og_description":"&nbsp; Ig\u00e5r predikade jag p\u00e5 gudstj\u00e4nsterna i Hulared och i Dalstorp. Det var fint och det k\u00e4nns som l\u00e4nge sedan jag hade alldeles vanliga gudstj\u00e4nster senast utan vare sig konfirmation eller f\u00f6rsamlingsfest eller vad det kan vara. Det var ocks\u00e5 roligt att tala om Noa och dopet. Jag l\u00e4mnade nog manuset r\u00e4tt rej\u00e4lt men h\u00e4r [&hellip;]","og_url":"https:\/\/blogg.svenskakyrkan.se\/vandravagen\/2017\/06\/19\/nystart-utan-att-doda-alla-onda\/","og_site_name":"Vandra V\u00e4gen","article_publisher":"http:\/\/facebook.com\/vandravagen","article_published_time":"2017-06-19T05:00:46+00:00","og_image":[{"url":"http:\/\/blogg.svenskakyrkan.se\/vandravagen\/files\/2017\/06\/18-BERTIN-PHILIPPE-BAPTISE-L-ENNUQUE-PARIS-LOU.jpg","type":"","width":"","height":""}],"author":"Tomas Jarvid","twitter_card":"summary_large_image","twitter_creator":"@fadertomas","twitter_site":"@fadertomas","twitter_misc":{"Skriven av":"Tomas Jarvid","Ber\u00e4knad l\u00e4stid":"8 minuter"},"schema":{"@context":"https:\/\/schema.org","@graph":[{"@type":"Article","@id":"https:\/\/blogg.svenskakyrkan.se\/vandravagen\/2017\/06\/19\/nystart-utan-att-doda-alla-onda\/#article","isPartOf":{"@id":"https:\/\/blogg.svenskakyrkan.se\/vandravagen\/2017\/06\/19\/nystart-utan-att-doda-alla-onda\/"},"author":{"name":"Tomas Jarvid","@id":"https:\/\/blogg.svenskakyrkan.se\/vandravagen\/#\/schema\/person\/25da02d4f76b137d04291711e2c9fc16"},"headline":"Nystart utan att d\u00f6da alla onda","datePublished":"2017-06-19T05:00:46+00:00","mainEntityOfPage":{"@id":"https:\/\/blogg.svenskakyrkan.se\/vandravagen\/2017\/06\/19\/nystart-utan-att-doda-alla-onda\/"},"wordCount":1651,"commentCount":0,"publisher":{"@id":"https:\/\/blogg.svenskakyrkan.se\/vandravagen\/#organization"},"image":{"@id":"https:\/\/blogg.svenskakyrkan.se\/vandravagen\/2017\/06\/19\/nystart-utan-att-doda-alla-onda\/#primaryimage"},"thumbnailUrl":"http:\/\/blogg.svenskakyrkan.se\/vandravagen\/files\/2017\/06\/18-BERTIN-PHILIPPE-BAPTISE-L-ENNUQUE-PARIS-LOU.jpg","articleSection":["Dagens Kyrka","kyrko\u00e5ret","predikan"],"inLanguage":"sv-SE","potentialAction":[{"@type":"CommentAction","name":"Comment","target":["https:\/\/blogg.svenskakyrkan.se\/vandravagen\/2017\/06\/19\/nystart-utan-att-doda-alla-onda\/#respond"]}]},{"@type":"WebPage","@id":"https:\/\/blogg.svenskakyrkan.se\/vandravagen\/2017\/06\/19\/nystart-utan-att-doda-alla-onda\/","url":"https:\/\/blogg.svenskakyrkan.se\/vandravagen\/2017\/06\/19\/nystart-utan-att-doda-alla-onda\/","name":"Nystart utan att d\u00f6da alla onda - Vandra V\u00e4gen","isPartOf":{"@id":"https:\/\/blogg.svenskakyrkan.se\/vandravagen\/#website"},"primaryImageOfPage":{"@id":"https:\/\/blogg.svenskakyrkan.se\/vandravagen\/2017\/06\/19\/nystart-utan-att-doda-alla-onda\/#primaryimage"},"image":{"@id":"https:\/\/blogg.svenskakyrkan.se\/vandravagen\/2017\/06\/19\/nystart-utan-att-doda-alla-onda\/#primaryimage"},"thumbnailUrl":"http:\/\/blogg.svenskakyrkan.se\/vandravagen\/files\/2017\/06\/18-BERTIN-PHILIPPE-BAPTISE-L-ENNUQUE-PARIS-LOU.jpg","datePublished":"2017-06-19T05:00:46+00:00","breadcrumb":{"@id":"https:\/\/blogg.svenskakyrkan.se\/vandravagen\/2017\/06\/19\/nystart-utan-att-doda-alla-onda\/#breadcrumb"},"inLanguage":"sv-SE","potentialAction":[{"@type":"ReadAction","target":["https:\/\/blogg.svenskakyrkan.se\/vandravagen\/2017\/06\/19\/nystart-utan-att-doda-alla-onda\/"]}]},{"@type":"ImageObject","inLanguage":"sv-SE","@id":"https:\/\/blogg.svenskakyrkan.se\/vandravagen\/2017\/06\/19\/nystart-utan-att-doda-alla-onda\/#primaryimage","url":"http:\/\/blogg.svenskakyrkan.se\/vandravagen\/files\/2017\/06\/18-BERTIN-PHILIPPE-BAPTISE-L-ENNUQUE-PARIS-LOU.jpg","contentUrl":"http:\/\/blogg.svenskakyrkan.se\/vandravagen\/files\/2017\/06\/18-BERTIN-PHILIPPE-BAPTISE-L-ENNUQUE-PARIS-LOU.jpg"},{"@type":"BreadcrumbList","@id":"https:\/\/blogg.svenskakyrkan.se\/vandravagen\/2017\/06\/19\/nystart-utan-att-doda-alla-onda\/#breadcrumb","itemListElement":[{"@type":"ListItem","position":1,"name":"Hem","item":"https:\/\/blogg.svenskakyrkan.se\/vandravagen\/"},{"@type":"ListItem","position":2,"name":"Nystart utan att d\u00f6da alla onda"}]},{"@type":"WebSite","@id":"https:\/\/blogg.svenskakyrkan.se\/vandravagen\/#website","url":"https:\/\/blogg.svenskakyrkan.se\/vandravagen\/","name":"Vandra V\u00e4gen","description":"-Mot en tro f\u00f6r hela livet","publisher":{"@id":"https:\/\/blogg.svenskakyrkan.se\/vandravagen\/#organization"},"potentialAction":[{"@type":"SearchAction","target":{"@type":"EntryPoint","urlTemplate":"https:\/\/blogg.svenskakyrkan.se\/vandravagen\/?s={search_term_string}"},"query-input":{"@type":"PropertyValueSpecification","valueRequired":true,"valueName":"search_term_string"}}],"inLanguage":"sv-SE"},{"@type":"Organization","@id":"https:\/\/blogg.svenskakyrkan.se\/vandravagen\/#organization","name":"ulricehamns pastorat","alternateName":"ulricehamns pastorat","url":"https:\/\/blogg.svenskakyrkan.se\/vandravagen\/","logo":{"@type":"ImageObject","inLanguage":"sv-SE","@id":"https:\/\/blogg.svenskakyrkan.se\/vandravagen\/#\/schema\/logo\/image\/","url":"https:\/\/blogg.svenskakyrkan.se\/vandravagen\/files\/2023\/05\/Ulr_logo_RGB.png","contentUrl":"https:\/\/blogg.svenskakyrkan.se\/vandravagen\/files\/2023\/05\/Ulr_logo_RGB.png","width":205,"height":77,"caption":"ulricehamns pastorat"},"image":{"@id":"https:\/\/blogg.svenskakyrkan.se\/vandravagen\/#\/schema\/logo\/image\/"},"sameAs":["http:\/\/facebook.com\/vandravagen","https:\/\/x.com\/fadertomas","http:\/\/www.facebook.com\/svenskakyrkaniulricehamn"]},{"@type":"Person","@id":"https:\/\/blogg.svenskakyrkan.se\/vandravagen\/#\/schema\/person\/25da02d4f76b137d04291711e2c9fc16","name":"Tomas Jarvid","image":{"@type":"ImageObject","inLanguage":"sv-SE","@id":"https:\/\/blogg.svenskakyrkan.se\/vandravagen\/#\/schema\/person\/image\/","url":"https:\/\/secure.gravatar.com\/avatar\/7fa71899795e8f540f615a1f5ab25255dc27aa40f05ee7ddd21aac521e01bf50?s=96&d=identicon&r=g","contentUrl":"https:\/\/secure.gravatar.com\/avatar\/7fa71899795e8f540f615a1f5ab25255dc27aa40f05ee7ddd21aac521e01bf50?s=96&d=identicon&r=g","caption":"Tomas Jarvid"},"description":"Jag bor i Ulricehamn i V\u00e4sterg\u00f6tland och \u00e4r f\u00f6rsamlingspr\u00e4st i Svenska Kyrkan f\u00f6r Dalstorps f\u00f6rsamling i Kinds pastorat. P\u00e5 den h\u00e4r bloggen skriver jag ner tankar om vandringen som kristen.","sameAs":["http:\/\/www.vandravagen.se"],"url":"https:\/\/blogg.svenskakyrkan.se\/vandravagen\/author\/vandravagen\/"}]}},"author_meta":{"ID":"392","user_nicename":"vandravagen","user_url":"http:\/\/www.vandravagen.se","user_registered":"2014-05-19 05:44:52","display_name":"Tomas Jarvid","first_name":"Tomas","last_name":"Jarvid","avatar":"https:\/\/secure.gravatar.com\/avatar\/7fa71899795e8f540f615a1f5ab25255dc27aa40f05ee7ddd21aac521e01bf50?s=96&d=identicon&r=g"},"featured_image":false,"bloginfo":{"name":"Vandra V\u00e4gen","url":"https:\/\/blogg.svenskakyrkan.se\/vandravagen"},"_links":{"self":[{"href":"https:\/\/blogg.svenskakyrkan.se\/vandravagen\/wp-json\/wp\/v2\/posts\/5689","targetHints":{"allow":["GET"]}}],"collection":[{"href":"https:\/\/blogg.svenskakyrkan.se\/vandravagen\/wp-json\/wp\/v2\/posts"}],"about":[{"href":"https:\/\/blogg.svenskakyrkan.se\/vandravagen\/wp-json\/wp\/v2\/types\/post"}],"author":[{"embeddable":true,"href":"https:\/\/blogg.svenskakyrkan.se\/vandravagen\/wp-json\/wp\/v2\/users\/392"}],"replies":[{"embeddable":true,"href":"https:\/\/blogg.svenskakyrkan.se\/vandravagen\/wp-json\/wp\/v2\/comments?post=5689"}],"version-history":[{"count":2,"href":"https:\/\/blogg.svenskakyrkan.se\/vandravagen\/wp-json\/wp\/v2\/posts\/5689\/revisions"}],"predecessor-version":[{"id":5694,"href":"https:\/\/blogg.svenskakyrkan.se\/vandravagen\/wp-json\/wp\/v2\/posts\/5689\/revisions\/5694"}],"wp:attachment":[{"href":"https:\/\/blogg.svenskakyrkan.se\/vandravagen\/wp-json\/wp\/v2\/media?parent=5689"}],"wp:term":[{"taxonomy":"category","embeddable":true,"href":"https:\/\/blogg.svenskakyrkan.se\/vandravagen\/wp-json\/wp\/v2\/categories?post=5689"},{"taxonomy":"post_tag","embeddable":true,"href":"https:\/\/blogg.svenskakyrkan.se\/vandravagen\/wp-json\/wp\/v2\/tags?post=5689"}],"curies":[{"name":"wp","href":"https:\/\/api.w.org\/{rel}","templated":true}]}}