{"id":572,"date":"2013-05-15T08:23:00","date_gmt":"2013-05-15T06:23:00","guid":{"rendered":"http:\/\/blogg.svenskakyrkan.se\/vandravagen\/2013\/05\/15\/reliken-i-molltorp-11000-jungfrur-pa-besok-i-gotene\/"},"modified":"2013-05-15T08:23:00","modified_gmt":"2013-05-15T06:23:00","slug":"reliken-i-molltorp-11000-jungfrur-pa-besok-i-gotene","status":"publish","type":"post","link":"https:\/\/blogg.svenskakyrkan.se\/vandravagen\/2013\/05\/15\/reliken-i-molltorp-11000-jungfrur-pa-besok-i-gotene\/","title":{"rendered":"Reliken i M\u00f6lltorp, 11000 jungfrur p\u00e5 bes\u00f6k i G\u00f6tene"},"content":{"rendered":"<table align=\"center\" cellpadding=\"0\" cellspacing=\"0\">\n<tbody>\n<tr>\n<td><a href=\"http:\/\/3.bp.blogspot.com\/-YpjPHFqbP2g\/UYjG70gu1SI\/AAAAAAAADW4\/sLR_pBDzPGQ\/s1600\/mo%CC%88lltorprelik.jpg\"><img loading=\"lazy\" decoding=\"async\" border=\"0\" height=\"266\" src=\"http:\/\/3.bp.blogspot.com\/-YpjPHFqbP2g\/UYjG70gu1SI\/AAAAAAAADW4\/sLR_pBDzPGQ\/s400\/mo%CC%88lltorprelik.jpg\" width=\"400\"><\/a><\/td>\n<\/tr>\n<tr>\n<td>M\u00f6lltorps relik<\/td>\n<\/tr>\n<\/tbody>\n<\/table>\n<div><\/div>\n<div><\/div>\n<p>Under v\u00e5rrundan kunde man inte bara se <a href=\"http:\/\/www.vandravagen.se\/2013\/05\/500-ar-gamla-klader-pa-mig.html\">mig i 500 \u00e5r gamla kl\u00e4der<\/a>, relikskrinet i G\u00f6tene och vacker konst (f\u00f6r att inte tala om v\u00e5ra nya eminenta Helenaguider som guidade). Man kunde ocks\u00e5 se relikskrinet fr\u00e5n M\u00f6lltorps kyrka som fick komma hit p\u00e5 bes\u00f6k.<\/p>\n<p>Reliken \u00e4r som du kan se p\u00e5 bilden en blykapsel inuti en urholkad tr\u00e4bit. D\u00e4ri ligger, med etikett och allt, sk\u00e4rvor av Sta Helena, Sta Birgitta och &#8221;de 11000 jungfrurna i K\u00f6ln&#8221; (<a href=\"http:\/\/sv.wikipedia.org\/wiki\/Ursula_(helgon)\">l\u00e4s mer h\u00e4r<\/a> till exempel). De 11000 jungfrurna var f\u00f6ljeslagare till den heliga Ursula p\u00e5 300-talet. Ursula och hennes f\u00f6ljeslagare utstod f\u00f6rf\u00f6ljelse och fick s\u00e4tta livet till f\u00f6r tron. Tydligen talades det \u00e4nnu p\u00e5 800-talet om 5, 8 eller 11 martyrer men sedan \u00f6kade siffran dramatiskt till 11000 (!), troligen p\u00e5 grund av en fell\u00e4st f\u00f6rkortning men \u00e4nd\u00e5.<\/p>\n<p>Jag \u00e4r r\u00e4tt s\u00e4ker p\u00e5 att Ursula ocks\u00e5 finns avbildad i G\u00f6tene kyrka, f\u00e5r \u00e5terkomma om det.<\/p>\n<p>Reliken hittades f\u00f6rst 1939 vid en renovering i M\u00f6lltorps kyrka och finns i vanliga fall p\u00e5 V\u00e4sterg\u00f6tlands museum.<\/p>\n","protected":false},"excerpt":{"rendered":"<p>M\u00f6lltorps relik Under v\u00e5rrundan kunde man inte bara se mig i 500 \u00e5r gamla kl\u00e4der, relikskrinet i G\u00f6tene och vacker konst (f\u00f6r att inte tala om v\u00e5ra nya eminenta Helenaguider som guidade). Man kunde ocks\u00e5 se relikskrinet fr\u00e5n M\u00f6lltorps kyrka som fick komma hit p\u00e5 bes\u00f6k. Reliken \u00e4r som du kan se p\u00e5 bilden en [&hellip;]<\/p>\n","protected":false},"author":392,"featured_media":0,"comment_status":"open","ping_status":"open","sticky":false,"template":"","format":"standard","meta":{"_acf_changed":false,"footnotes":""},"categories":[19356,8337],"tags":[],"class_list":["post-572","post","type-post","status-publish","format-standard","hentry","category-helgon","category-historia"],"acf":[],"yoast_head":"<!-- This site is optimized with the Yoast SEO plugin v27.1.1 - https:\/\/yoast.com\/product\/yoast-seo-wordpress\/ -->\n<title>Reliken i M\u00f6lltorp, 11000 jungfrur p\u00e5 bes\u00f6k i G\u00f6tene - Vandra V\u00e4gen<\/title>\n<meta name=\"robots\" content=\"index, follow, max-snippet:-1, max-image-preview:large, max-video-preview:-1\" \/>\n<link rel=\"canonical\" href=\"https:\/\/blogg.svenskakyrkan.se\/vandravagen\/2013\/05\/15\/reliken-i-molltorp-11000-jungfrur-pa-besok-i-gotene\/\" \/>\n<meta property=\"og:locale\" content=\"sv_SE\" \/>\n<meta property=\"og:type\" content=\"article\" \/>\n<meta property=\"og:title\" content=\"Reliken i M\u00f6lltorp, 11000 jungfrur p\u00e5 bes\u00f6k i G\u00f6tene - Vandra V\u00e4gen\" \/>\n<meta property=\"og:description\" content=\"M\u00f6lltorps relik Under v\u00e5rrundan kunde man inte bara se mig i 500 \u00e5r gamla kl\u00e4der, relikskrinet i G\u00f6tene och vacker konst (f\u00f6r att inte tala om v\u00e5ra nya eminenta Helenaguider som guidade). Man kunde ocks\u00e5 se relikskrinet fr\u00e5n M\u00f6lltorps kyrka som fick komma hit p\u00e5 bes\u00f6k. Reliken \u00e4r som du kan se p\u00e5 bilden en [&hellip;]\" \/>\n<meta property=\"og:url\" content=\"https:\/\/blogg.svenskakyrkan.se\/vandravagen\/2013\/05\/15\/reliken-i-molltorp-11000-jungfrur-pa-besok-i-gotene\/\" \/>\n<meta property=\"og:site_name\" content=\"Vandra V\u00e4gen\" \/>\n<meta property=\"article:publisher\" content=\"http:\/\/facebook.com\/vandravagen\" \/>\n<meta property=\"article:published_time\" content=\"2013-05-15T06:23:00+00:00\" \/>\n<meta property=\"og:image\" content=\"http:\/\/3.bp.blogspot.com\/-YpjPHFqbP2g\/UYjG70gu1SI\/AAAAAAAADW4\/sLR_pBDzPGQ\/s400\/mo%CC%88lltorprelik.jpg\" \/>\n<meta name=\"author\" content=\"Tomas Jarvid\" \/>\n<meta name=\"twitter:card\" content=\"summary_large_image\" \/>\n<meta name=\"twitter:creator\" content=\"@fadertomas\" \/>\n<meta name=\"twitter:site\" content=\"@fadertomas\" \/>\n<meta name=\"twitter:label1\" content=\"Skriven av\" \/>\n\t<meta name=\"twitter:data1\" content=\"Tomas Jarvid\" \/>\n\t<meta name=\"twitter:label2\" content=\"Ber\u00e4knad l\u00e4stid\" \/>\n\t<meta name=\"twitter:data2\" content=\"1 minut\" \/>\n<script type=\"application\/ld+json\" class=\"yoast-schema-graph\">{\"@context\":\"https:\/\/schema.org\",\"@graph\":[{\"@type\":\"Article\",\"@id\":\"https:\/\/blogg.svenskakyrkan.se\/vandravagen\/2013\/05\/15\/reliken-i-molltorp-11000-jungfrur-pa-besok-i-gotene\/#article\",\"isPartOf\":{\"@id\":\"https:\/\/blogg.svenskakyrkan.se\/vandravagen\/2013\/05\/15\/reliken-i-molltorp-11000-jungfrur-pa-besok-i-gotene\/\"},\"author\":{\"name\":\"Tomas Jarvid\",\"@id\":\"https:\/\/blogg.svenskakyrkan.se\/vandravagen\/#\/schema\/person\/25da02d4f76b137d04291711e2c9fc16\"},\"headline\":\"Reliken i M\u00f6lltorp, 11000 jungfrur p\u00e5 bes\u00f6k i G\u00f6tene\",\"datePublished\":\"2013-05-15T06:23:00+00:00\",\"mainEntityOfPage\":{\"@id\":\"https:\/\/blogg.svenskakyrkan.se\/vandravagen\/2013\/05\/15\/reliken-i-molltorp-11000-jungfrur-pa-besok-i-gotene\/\"},\"wordCount\":204,\"commentCount\":0,\"publisher\":{\"@id\":\"https:\/\/blogg.svenskakyrkan.se\/vandravagen\/#organization\"},\"image\":{\"@id\":\"https:\/\/blogg.svenskakyrkan.se\/vandravagen\/2013\/05\/15\/reliken-i-molltorp-11000-jungfrur-pa-besok-i-gotene\/#primaryimage\"},\"thumbnailUrl\":\"http:\/\/3.bp.blogspot.com\/-YpjPHFqbP2g\/UYjG70gu1SI\/AAAAAAAADW4\/sLR_pBDzPGQ\/s400\/mo%CC%88lltorprelik.jpg\",\"articleSection\":[\"helgon\",\"historia\"],\"inLanguage\":\"sv-SE\",\"potentialAction\":[{\"@type\":\"CommentAction\",\"name\":\"Comment\",\"target\":[\"https:\/\/blogg.svenskakyrkan.se\/vandravagen\/2013\/05\/15\/reliken-i-molltorp-11000-jungfrur-pa-besok-i-gotene\/#respond\"]}]},{\"@type\":\"WebPage\",\"@id\":\"https:\/\/blogg.svenskakyrkan.se\/vandravagen\/2013\/05\/15\/reliken-i-molltorp-11000-jungfrur-pa-besok-i-gotene\/\",\"url\":\"https:\/\/blogg.svenskakyrkan.se\/vandravagen\/2013\/05\/15\/reliken-i-molltorp-11000-jungfrur-pa-besok-i-gotene\/\",\"name\":\"Reliken i M\u00f6lltorp, 11000 jungfrur p\u00e5 bes\u00f6k i G\u00f6tene - Vandra V\u00e4gen\",\"isPartOf\":{\"@id\":\"https:\/\/blogg.svenskakyrkan.se\/vandravagen\/#website\"},\"primaryImageOfPage\":{\"@id\":\"https:\/\/blogg.svenskakyrkan.se\/vandravagen\/2013\/05\/15\/reliken-i-molltorp-11000-jungfrur-pa-besok-i-gotene\/#primaryimage\"},\"image\":{\"@id\":\"https:\/\/blogg.svenskakyrkan.se\/vandravagen\/2013\/05\/15\/reliken-i-molltorp-11000-jungfrur-pa-besok-i-gotene\/#primaryimage\"},\"thumbnailUrl\":\"http:\/\/3.bp.blogspot.com\/-YpjPHFqbP2g\/UYjG70gu1SI\/AAAAAAAADW4\/sLR_pBDzPGQ\/s400\/mo%CC%88lltorprelik.jpg\",\"datePublished\":\"2013-05-15T06:23:00+00:00\",\"breadcrumb\":{\"@id\":\"https:\/\/blogg.svenskakyrkan.se\/vandravagen\/2013\/05\/15\/reliken-i-molltorp-11000-jungfrur-pa-besok-i-gotene\/#breadcrumb\"},\"inLanguage\":\"sv-SE\",\"potentialAction\":[{\"@type\":\"ReadAction\",\"target\":[\"https:\/\/blogg.svenskakyrkan.se\/vandravagen\/2013\/05\/15\/reliken-i-molltorp-11000-jungfrur-pa-besok-i-gotene\/\"]}]},{\"@type\":\"ImageObject\",\"inLanguage\":\"sv-SE\",\"@id\":\"https:\/\/blogg.svenskakyrkan.se\/vandravagen\/2013\/05\/15\/reliken-i-molltorp-11000-jungfrur-pa-besok-i-gotene\/#primaryimage\",\"url\":\"http:\/\/3.bp.blogspot.com\/-YpjPHFqbP2g\/UYjG70gu1SI\/AAAAAAAADW4\/sLR_pBDzPGQ\/s400\/mo%CC%88lltorprelik.jpg\",\"contentUrl\":\"http:\/\/3.bp.blogspot.com\/-YpjPHFqbP2g\/UYjG70gu1SI\/AAAAAAAADW4\/sLR_pBDzPGQ\/s400\/mo%CC%88lltorprelik.jpg\"},{\"@type\":\"BreadcrumbList\",\"@id\":\"https:\/\/blogg.svenskakyrkan.se\/vandravagen\/2013\/05\/15\/reliken-i-molltorp-11000-jungfrur-pa-besok-i-gotene\/#breadcrumb\",\"itemListElement\":[{\"@type\":\"ListItem\",\"position\":1,\"name\":\"Hem\",\"item\":\"https:\/\/blogg.svenskakyrkan.se\/vandravagen\/\"},{\"@type\":\"ListItem\",\"position\":2,\"name\":\"Reliken i M\u00f6lltorp, 11000 jungfrur p\u00e5 bes\u00f6k i G\u00f6tene\"}]},{\"@type\":\"WebSite\",\"@id\":\"https:\/\/blogg.svenskakyrkan.se\/vandravagen\/#website\",\"url\":\"https:\/\/blogg.svenskakyrkan.se\/vandravagen\/\",\"name\":\"Vandra V\u00e4gen\",\"description\":\"-Mot en tro f\u00f6r hela livet\",\"publisher\":{\"@id\":\"https:\/\/blogg.svenskakyrkan.se\/vandravagen\/#organization\"},\"potentialAction\":[{\"@type\":\"SearchAction\",\"target\":{\"@type\":\"EntryPoint\",\"urlTemplate\":\"https:\/\/blogg.svenskakyrkan.se\/vandravagen\/?s={search_term_string}\"},\"query-input\":{\"@type\":\"PropertyValueSpecification\",\"valueRequired\":true,\"valueName\":\"search_term_string\"}}],\"inLanguage\":\"sv-SE\"},{\"@type\":\"Organization\",\"@id\":\"https:\/\/blogg.svenskakyrkan.se\/vandravagen\/#organization\",\"name\":\"ulricehamns pastorat\",\"alternateName\":\"ulricehamns pastorat\",\"url\":\"https:\/\/blogg.svenskakyrkan.se\/vandravagen\/\",\"logo\":{\"@type\":\"ImageObject\",\"inLanguage\":\"sv-SE\",\"@id\":\"https:\/\/blogg.svenskakyrkan.se\/vandravagen\/#\/schema\/logo\/image\/\",\"url\":\"https:\/\/blogg.svenskakyrkan.se\/vandravagen\/files\/2023\/05\/Ulr_logo_RGB.png\",\"contentUrl\":\"https:\/\/blogg.svenskakyrkan.se\/vandravagen\/files\/2023\/05\/Ulr_logo_RGB.png\",\"width\":205,\"height\":77,\"caption\":\"ulricehamns pastorat\"},\"image\":{\"@id\":\"https:\/\/blogg.svenskakyrkan.se\/vandravagen\/#\/schema\/logo\/image\/\"},\"sameAs\":[\"http:\/\/facebook.com\/vandravagen\",\"https:\/\/x.com\/fadertomas\",\"http:\/\/www.facebook.com\/svenskakyrkaniulricehamn\"]},{\"@type\":\"Person\",\"@id\":\"https:\/\/blogg.svenskakyrkan.se\/vandravagen\/#\/schema\/person\/25da02d4f76b137d04291711e2c9fc16\",\"name\":\"Tomas Jarvid\",\"image\":{\"@type\":\"ImageObject\",\"inLanguage\":\"sv-SE\",\"@id\":\"https:\/\/blogg.svenskakyrkan.se\/vandravagen\/#\/schema\/person\/image\/\",\"url\":\"https:\/\/secure.gravatar.com\/avatar\/7fa71899795e8f540f615a1f5ab25255dc27aa40f05ee7ddd21aac521e01bf50?s=96&d=identicon&r=g\",\"contentUrl\":\"https:\/\/secure.gravatar.com\/avatar\/7fa71899795e8f540f615a1f5ab25255dc27aa40f05ee7ddd21aac521e01bf50?s=96&d=identicon&r=g\",\"caption\":\"Tomas Jarvid\"},\"description\":\"Jag bor i Ulricehamn i V\u00e4sterg\u00f6tland och \u00e4r f\u00f6rsamlingspr\u00e4st i Svenska Kyrkan f\u00f6r Dalstorps f\u00f6rsamling i Kinds pastorat. P\u00e5 den h\u00e4r bloggen skriver jag ner tankar om vandringen som kristen.\",\"sameAs\":[\"http:\/\/www.vandravagen.se\"],\"url\":\"https:\/\/blogg.svenskakyrkan.se\/vandravagen\/author\/vandravagen\/\"}]}<\/script>\n<!-- \/ Yoast SEO plugin. -->","yoast_head_json":{"title":"Reliken i M\u00f6lltorp, 11000 jungfrur p\u00e5 bes\u00f6k i G\u00f6tene - Vandra V\u00e4gen","robots":{"index":"index","follow":"follow","max-snippet":"max-snippet:-1","max-image-preview":"max-image-preview:large","max-video-preview":"max-video-preview:-1"},"canonical":"https:\/\/blogg.svenskakyrkan.se\/vandravagen\/2013\/05\/15\/reliken-i-molltorp-11000-jungfrur-pa-besok-i-gotene\/","og_locale":"sv_SE","og_type":"article","og_title":"Reliken i M\u00f6lltorp, 11000 jungfrur p\u00e5 bes\u00f6k i G\u00f6tene - Vandra V\u00e4gen","og_description":"M\u00f6lltorps relik Under v\u00e5rrundan kunde man inte bara se mig i 500 \u00e5r gamla kl\u00e4der, relikskrinet i G\u00f6tene och vacker konst (f\u00f6r att inte tala om v\u00e5ra nya eminenta Helenaguider som guidade). Man kunde ocks\u00e5 se relikskrinet fr\u00e5n M\u00f6lltorps kyrka som fick komma hit p\u00e5 bes\u00f6k. Reliken \u00e4r som du kan se p\u00e5 bilden en [&hellip;]","og_url":"https:\/\/blogg.svenskakyrkan.se\/vandravagen\/2013\/05\/15\/reliken-i-molltorp-11000-jungfrur-pa-besok-i-gotene\/","og_site_name":"Vandra V\u00e4gen","article_publisher":"http:\/\/facebook.com\/vandravagen","article_published_time":"2013-05-15T06:23:00+00:00","og_image":[{"url":"http:\/\/3.bp.blogspot.com\/-YpjPHFqbP2g\/UYjG70gu1SI\/AAAAAAAADW4\/sLR_pBDzPGQ\/s400\/mo%CC%88lltorprelik.jpg","type":"","width":"","height":""}],"author":"Tomas Jarvid","twitter_card":"summary_large_image","twitter_creator":"@fadertomas","twitter_site":"@fadertomas","twitter_misc":{"Skriven av":"Tomas Jarvid","Ber\u00e4knad l\u00e4stid":"1 minut"},"schema":{"@context":"https:\/\/schema.org","@graph":[{"@type":"Article","@id":"https:\/\/blogg.svenskakyrkan.se\/vandravagen\/2013\/05\/15\/reliken-i-molltorp-11000-jungfrur-pa-besok-i-gotene\/#article","isPartOf":{"@id":"https:\/\/blogg.svenskakyrkan.se\/vandravagen\/2013\/05\/15\/reliken-i-molltorp-11000-jungfrur-pa-besok-i-gotene\/"},"author":{"name":"Tomas Jarvid","@id":"https:\/\/blogg.svenskakyrkan.se\/vandravagen\/#\/schema\/person\/25da02d4f76b137d04291711e2c9fc16"},"headline":"Reliken i M\u00f6lltorp, 11000 jungfrur p\u00e5 bes\u00f6k i G\u00f6tene","datePublished":"2013-05-15T06:23:00+00:00","mainEntityOfPage":{"@id":"https:\/\/blogg.svenskakyrkan.se\/vandravagen\/2013\/05\/15\/reliken-i-molltorp-11000-jungfrur-pa-besok-i-gotene\/"},"wordCount":204,"commentCount":0,"publisher":{"@id":"https:\/\/blogg.svenskakyrkan.se\/vandravagen\/#organization"},"image":{"@id":"https:\/\/blogg.svenskakyrkan.se\/vandravagen\/2013\/05\/15\/reliken-i-molltorp-11000-jungfrur-pa-besok-i-gotene\/#primaryimage"},"thumbnailUrl":"http:\/\/3.bp.blogspot.com\/-YpjPHFqbP2g\/UYjG70gu1SI\/AAAAAAAADW4\/sLR_pBDzPGQ\/s400\/mo%CC%88lltorprelik.jpg","articleSection":["helgon","historia"],"inLanguage":"sv-SE","potentialAction":[{"@type":"CommentAction","name":"Comment","target":["https:\/\/blogg.svenskakyrkan.se\/vandravagen\/2013\/05\/15\/reliken-i-molltorp-11000-jungfrur-pa-besok-i-gotene\/#respond"]}]},{"@type":"WebPage","@id":"https:\/\/blogg.svenskakyrkan.se\/vandravagen\/2013\/05\/15\/reliken-i-molltorp-11000-jungfrur-pa-besok-i-gotene\/","url":"https:\/\/blogg.svenskakyrkan.se\/vandravagen\/2013\/05\/15\/reliken-i-molltorp-11000-jungfrur-pa-besok-i-gotene\/","name":"Reliken i M\u00f6lltorp, 11000 jungfrur p\u00e5 bes\u00f6k i G\u00f6tene - Vandra V\u00e4gen","isPartOf":{"@id":"https:\/\/blogg.svenskakyrkan.se\/vandravagen\/#website"},"primaryImageOfPage":{"@id":"https:\/\/blogg.svenskakyrkan.se\/vandravagen\/2013\/05\/15\/reliken-i-molltorp-11000-jungfrur-pa-besok-i-gotene\/#primaryimage"},"image":{"@id":"https:\/\/blogg.svenskakyrkan.se\/vandravagen\/2013\/05\/15\/reliken-i-molltorp-11000-jungfrur-pa-besok-i-gotene\/#primaryimage"},"thumbnailUrl":"http:\/\/3.bp.blogspot.com\/-YpjPHFqbP2g\/UYjG70gu1SI\/AAAAAAAADW4\/sLR_pBDzPGQ\/s400\/mo%CC%88lltorprelik.jpg","datePublished":"2013-05-15T06:23:00+00:00","breadcrumb":{"@id":"https:\/\/blogg.svenskakyrkan.se\/vandravagen\/2013\/05\/15\/reliken-i-molltorp-11000-jungfrur-pa-besok-i-gotene\/#breadcrumb"},"inLanguage":"sv-SE","potentialAction":[{"@type":"ReadAction","target":["https:\/\/blogg.svenskakyrkan.se\/vandravagen\/2013\/05\/15\/reliken-i-molltorp-11000-jungfrur-pa-besok-i-gotene\/"]}]},{"@type":"ImageObject","inLanguage":"sv-SE","@id":"https:\/\/blogg.svenskakyrkan.se\/vandravagen\/2013\/05\/15\/reliken-i-molltorp-11000-jungfrur-pa-besok-i-gotene\/#primaryimage","url":"http:\/\/3.bp.blogspot.com\/-YpjPHFqbP2g\/UYjG70gu1SI\/AAAAAAAADW4\/sLR_pBDzPGQ\/s400\/mo%CC%88lltorprelik.jpg","contentUrl":"http:\/\/3.bp.blogspot.com\/-YpjPHFqbP2g\/UYjG70gu1SI\/AAAAAAAADW4\/sLR_pBDzPGQ\/s400\/mo%CC%88lltorprelik.jpg"},{"@type":"BreadcrumbList","@id":"https:\/\/blogg.svenskakyrkan.se\/vandravagen\/2013\/05\/15\/reliken-i-molltorp-11000-jungfrur-pa-besok-i-gotene\/#breadcrumb","itemListElement":[{"@type":"ListItem","position":1,"name":"Hem","item":"https:\/\/blogg.svenskakyrkan.se\/vandravagen\/"},{"@type":"ListItem","position":2,"name":"Reliken i M\u00f6lltorp, 11000 jungfrur p\u00e5 bes\u00f6k i G\u00f6tene"}]},{"@type":"WebSite","@id":"https:\/\/blogg.svenskakyrkan.se\/vandravagen\/#website","url":"https:\/\/blogg.svenskakyrkan.se\/vandravagen\/","name":"Vandra V\u00e4gen","description":"-Mot en tro f\u00f6r hela livet","publisher":{"@id":"https:\/\/blogg.svenskakyrkan.se\/vandravagen\/#organization"},"potentialAction":[{"@type":"SearchAction","target":{"@type":"EntryPoint","urlTemplate":"https:\/\/blogg.svenskakyrkan.se\/vandravagen\/?s={search_term_string}"},"query-input":{"@type":"PropertyValueSpecification","valueRequired":true,"valueName":"search_term_string"}}],"inLanguage":"sv-SE"},{"@type":"Organization","@id":"https:\/\/blogg.svenskakyrkan.se\/vandravagen\/#organization","name":"ulricehamns pastorat","alternateName":"ulricehamns pastorat","url":"https:\/\/blogg.svenskakyrkan.se\/vandravagen\/","logo":{"@type":"ImageObject","inLanguage":"sv-SE","@id":"https:\/\/blogg.svenskakyrkan.se\/vandravagen\/#\/schema\/logo\/image\/","url":"https:\/\/blogg.svenskakyrkan.se\/vandravagen\/files\/2023\/05\/Ulr_logo_RGB.png","contentUrl":"https:\/\/blogg.svenskakyrkan.se\/vandravagen\/files\/2023\/05\/Ulr_logo_RGB.png","width":205,"height":77,"caption":"ulricehamns pastorat"},"image":{"@id":"https:\/\/blogg.svenskakyrkan.se\/vandravagen\/#\/schema\/logo\/image\/"},"sameAs":["http:\/\/facebook.com\/vandravagen","https:\/\/x.com\/fadertomas","http:\/\/www.facebook.com\/svenskakyrkaniulricehamn"]},{"@type":"Person","@id":"https:\/\/blogg.svenskakyrkan.se\/vandravagen\/#\/schema\/person\/25da02d4f76b137d04291711e2c9fc16","name":"Tomas Jarvid","image":{"@type":"ImageObject","inLanguage":"sv-SE","@id":"https:\/\/blogg.svenskakyrkan.se\/vandravagen\/#\/schema\/person\/image\/","url":"https:\/\/secure.gravatar.com\/avatar\/7fa71899795e8f540f615a1f5ab25255dc27aa40f05ee7ddd21aac521e01bf50?s=96&d=identicon&r=g","contentUrl":"https:\/\/secure.gravatar.com\/avatar\/7fa71899795e8f540f615a1f5ab25255dc27aa40f05ee7ddd21aac521e01bf50?s=96&d=identicon&r=g","caption":"Tomas Jarvid"},"description":"Jag bor i Ulricehamn i V\u00e4sterg\u00f6tland och \u00e4r f\u00f6rsamlingspr\u00e4st i Svenska Kyrkan f\u00f6r Dalstorps f\u00f6rsamling i Kinds pastorat. P\u00e5 den h\u00e4r bloggen skriver jag ner tankar om vandringen som kristen.","sameAs":["http:\/\/www.vandravagen.se"],"url":"https:\/\/blogg.svenskakyrkan.se\/vandravagen\/author\/vandravagen\/"}]}},"author_meta":{"ID":"392","user_nicename":"vandravagen","user_url":"http:\/\/www.vandravagen.se","user_registered":"2014-05-19 05:44:52","display_name":"Tomas Jarvid","first_name":"Tomas","last_name":"Jarvid","avatar":"https:\/\/secure.gravatar.com\/avatar\/7fa71899795e8f540f615a1f5ab25255dc27aa40f05ee7ddd21aac521e01bf50?s=96&d=identicon&r=g"},"featured_image":false,"bloginfo":{"name":"Vandra V\u00e4gen","url":"https:\/\/blogg.svenskakyrkan.se\/vandravagen"},"_links":{"self":[{"href":"https:\/\/blogg.svenskakyrkan.se\/vandravagen\/wp-json\/wp\/v2\/posts\/572","targetHints":{"allow":["GET"]}}],"collection":[{"href":"https:\/\/blogg.svenskakyrkan.se\/vandravagen\/wp-json\/wp\/v2\/posts"}],"about":[{"href":"https:\/\/blogg.svenskakyrkan.se\/vandravagen\/wp-json\/wp\/v2\/types\/post"}],"author":[{"embeddable":true,"href":"https:\/\/blogg.svenskakyrkan.se\/vandravagen\/wp-json\/wp\/v2\/users\/392"}],"replies":[{"embeddable":true,"href":"https:\/\/blogg.svenskakyrkan.se\/vandravagen\/wp-json\/wp\/v2\/comments?post=572"}],"version-history":[{"count":0,"href":"https:\/\/blogg.svenskakyrkan.se\/vandravagen\/wp-json\/wp\/v2\/posts\/572\/revisions"}],"wp:attachment":[{"href":"https:\/\/blogg.svenskakyrkan.se\/vandravagen\/wp-json\/wp\/v2\/media?parent=572"}],"wp:term":[{"taxonomy":"category","embeddable":true,"href":"https:\/\/blogg.svenskakyrkan.se\/vandravagen\/wp-json\/wp\/v2\/categories?post=572"},{"taxonomy":"post_tag","embeddable":true,"href":"https:\/\/blogg.svenskakyrkan.se\/vandravagen\/wp-json\/wp\/v2\/tags?post=572"}],"curies":[{"name":"wp","href":"https:\/\/api.w.org\/{rel}","templated":true}]}}