{"id":5731,"date":"2017-07-10T07:00:08","date_gmt":"2017-07-10T05:00:08","guid":{"rendered":"http:\/\/blogg.svenskakyrkan.se\/vandravagen\/?p=5731"},"modified":"2017-07-10T08:27:17","modified_gmt":"2017-07-10T06:27:17","slug":"att-anvanda-samma-matt-som-gud","status":"publish","type":"post","link":"https:\/\/blogg.svenskakyrkan.se\/vandravagen\/2017\/07\/10\/att-anvanda-samma-matt-som-gud\/","title":{"rendered":"Att anv\u00e4nda samma m\u00e5tt som Gud"},"content":{"rendered":"<p>Det funkar inte att alla g\u00e5r och leker domare mot varandra. Det \u00e4r ju d\u00e4rf\u00f6r vi har riktiga domare som ska sammanst\u00e4lla bevis, hellre fria \u00e4n f\u00e4lla och s\u00e5 vidare.<\/p>\n<p>Och oss m\u00e4nniskor emellan fungerar det inte heller. Det blir inga goda relationer om vi fokuserar p\u00e5 att hitta fel och s\u00e4tta dit varandra. Det blir inte s\u00e5 m\u00e5nga medm\u00e4nniskor kvar om alla ska vara domare.<\/p>\n<p>Detta med att vi inte ska d\u00f6ma \u00e4r ett \u00e5terkommande budskap hos Jesus. Jag tror det beror just p\u00e5 att han vill p\u00e5minna oss om det som verkligen \u00c4R v\u00e5r uppgift mot varandra, att \u00e4lska varandra och st\u00f6tta varandra p\u00e5 b\u00e4sta s\u00e4tt. F\u00f6r att g\u00f6ra det f\u00e5r vi l\u00e4gga ifr\u00e5n oss domarklubba.<\/p>\n<p>Gud framst\u00e4lls som en domare i v\u00e5ra texter idag men inte ens d\u00e4r \u00e4r Gud n\u00e5gon s\u00e4rskilt ivrig domare som l\u00e4ngtar efter att s\u00e4tta dit n\u00e5gon och f\u00e5 brottslingar grundligt straffade. Som jag uppfattar det s\u00e5 \u00e4r det oundvikligt att Gud m\u00e5ste vara den som garanterar r\u00e4ttvisan i v\u00e4rlden, att offer ska f\u00e5 uppr\u00e4ttelse. Men Gud vill oss inte illa, Gud vill bara att vi ska ta vara p\u00e5 oss sj\u00e4lva och varandra och leva gott i den h\u00e4r v\u00e4rlden han gett oss.<\/p>\n<p>Och p\u00e5 det s\u00e4ttet, skriver Paulus, \u00e4r det ibland n\u00f6dv\u00e4ndigt f\u00f6r oss att s\u00e4ga ifr\u00e5n n\u00e4r n\u00e5got inte \u00e4r r\u00e4tt. I hans exempel \u00e4r det inom f\u00f6rsamlingsgemenskapen som man ska visa varandra till r\u00e4tta. N\u00e5got som man f\u00f6rst\u00e5s gjort mer eller mindre k\u00e4rleksfullt genom kyrkans historia men sj\u00e4lva tillr\u00e4ttavisningen \u00e4r nog om\u00f6jlig att komma ifr\u00e5n?<\/p>\n<p>Men Paulus varnar ocks\u00e5. Han s\u00e4ger att man ska g\u00f6ra detta med stor \u00f6dmjukhet och se upp s\u00e5 att man inte blir frestad. Frestelsen best\u00e5r nog i just det att det \u00e4r r\u00e4tt sk\u00f6nt att s\u00e4tta sig p\u00e5 h\u00f6ga h\u00e4star och uttala sig om andras liv, det finns n\u00e5gon tjusning i det som jag tror vi alla k\u00e4nner till. Med ett eko som g\u00e5r \u00e4nda tillbaka till n\u00e4r Adam och Eva tyckte det l\u00e4t fint n\u00e4r ormen sa att de kunde vara som Gud. \u201dNi kan v\u00e4l ocks\u00e5 d\u00f6ma, Gud g\u00f6r ju det, det \u00e4r inte fel att st\u00e5 upp f\u00f6r det r\u00e4tta\u201d<\/p>\n<p>Men Paulus vet att det \u00e4r en farlig njutning det d\u00e4r att d\u00f6ma andra. Att f\u00f6rmana ska vara ett s\u00e4tt att tj\u00e4na och att hj\u00e4lpa varandra. Att b\u00e4ra varandras b\u00f6rdor.<\/p>\n<p>I den h\u00e4r episteltexten finns f\u00f6rresten n\u00e5got som man skulle kunna rycka ur sitt sammanhang och g\u00f6ra till n\u00e5got slags \u201djantelagens instiftelseord\u201d ; Den som menar sig vara n\u00e5got, fast han ingenting \u00e4r, bedrar sig sj\u00e4lv.\u00a04Var och en skall pr\u00f6va sina handlingar och s\u00f6ka sk\u00e4l till stolthet enbart hos sig sj\u00e4lv och inte hos andra.\u00a05Var och en m\u00e5ste b\u00e4ra sin egen b\u00f6rda.<\/p>\n<p>Det \u00e4r allts\u00e5 INTE det att vi ska komma ih\u00e5g att vi \u00e4r v\u00e4rdel\u00f6sa och borde h\u00e5lla tyst som \u00e4r po\u00e4ngen, f\u00f6r s\u00e5 \u00e4r det verkligen inte. Vi \u00e4r skapade av m\u00e4starens hand och \u00e5terl\u00f6sta i lammets blod och ledda av den heliga Anden, vi har all anledning att vara frimodiga. Det handlar nog ist\u00e4llet just om detta att sj\u00e4lva d\u00f6mandet s\u00e5 l\u00e4tt tar grepp p\u00e5 oss och f\u00f6rvrider v\u00e5r syn p\u00e5 oss sj\u00e4lva. Undvik det s\u00e5 l\u00e5ngt du bara kan f\u00f6r det \u00e4r ett gift. Och Paulus forts\u00e4tter ocks\u00e5 om att man inte ska s\u00f6ka sk\u00e4l till storhet hos andra, det \u00e4r ju l\u00e4ttast av allt att tycka man \u00e4r bra f\u00f6r att man kommit \u00f6verens om det i n\u00e5got g\u00e4ng som backar upp varandra oavsett hur vi faktiskt \u00e4r sj\u00e4lva.<\/p>\n<p>Jesus talar om en blind som leder en blind. Nuf\u00f6rtiden \u00e4r det m\u00e5nga av livets fr\u00e5gor som avhandlas p\u00e5 internetforum s\u00e5 man kan se lite hur det g\u00e5r till. Ofta \u00e4r det n\u00e5gon stackare som ber om r\u00e5d och s\u00e5 \u00e4r det hur m\u00e5nga som helst som vill f\u00f6rklara hur det \u00e4r och ger helt motstridiga svar. Det \u00e4r lite chockerande hur l\u00e4ttvindigt en del kan ge r\u00e5d om medicin och annat utan att egentligen ha n\u00e5gon koll. S\u00e5 \u00e4r det f\u00f6r oss alla i livet. Ingen av oss \u00e4r expert p\u00e5 hur det ska levas. Vi f\u00e5r komma ih\u00e5g det n\u00e4r det kliar i oss att r\u00e5da andra: jag \u00e4r sj\u00e4lv blind och famlar fram, vet jag b\u00e4ttre egentligen? SEN kan man ju i all \u00f6dmjukhet tala \u00e4nd\u00e5 men det \u00e4r b\u00e4ttre att lyssna \u00e4n att tala.<\/p>\n<p>Egentligen samma sak med de h\u00e4r flisorna och bj\u00e4lkarna i \u00f6gonen. Kom ih\u00e5g dina brister. Du f\u00e5r \u00e4nd\u00e5 f\u00f6rs\u00f6ka hj\u00e4lpa din broder med hans bj\u00e4lke men det ska ske med stor \u00f6dmjukhet och just f\u00f6r att hj\u00e4lpa, inget annat.<\/p>\n<p>Jesus s\u00e4ger \u00e5t oss att vara barmh\u00e4rtiga s\u00e5 som Gud \u00e4r mot oss. Och han talar lite i bildspr\u00e5k som gripit tag i mig lite extra den h\u00e4r g\u00e5ngen n\u00e4r jag l\u00e4st texterna p\u00e5 nytt. Man kan t\u00e4nka sig att vi har tv\u00e5 m\u00e5tt:<\/p>\n<p>(jag \u00e4r inte s\u00e4ker p\u00e5 att det \u00e4r s\u00e5 h\u00e4r det \u00e4r menat med m\u00e5tten, det handlar nog mer om hur gener\u00f6st man m\u00e4ter upp men i alla fall)<\/p>\n<p>VI har ett gott m\u00e5tt. Och ett d\u00e5ligt m\u00e5tt. N\u00e4r vi \u00e4r ute i v\u00e4rlden och m\u00f6ter familjemedlemmar och fiender och alla m\u00f6jliga s\u00e5 st\u00e4lls vi inf\u00f6r ett val. Vilket m\u00e5tt ska jag anv\u00e4nda? En skopa ovett eller en nypa omtanke? Jag t\u00e4nker att det i alla fall f\u00f6r mig \u00e4r en ganska bra bild f\u00f6r tv\u00e5 f\u00f6rh\u00e5llningss\u00e4tt. Man kan \u00f6va sig i att f\u00f6rs\u00f6ka anv\u00e4nda det goda m\u00e5ttet. Kanske best\u00e4mma sig i f\u00f6rv\u00e4g f\u00f6r att jag ska f\u00f6rs\u00f6ka g\u00f6ra det, om man riktigt lyckas s\u00e5 ger man inte ens tillbaks med samma m\u00e5tt n\u00e4r n\u00e5gon annan tar det d\u00e5liga m\u00e5ttet mot oss.<\/p>\n<p>Det \u00e4r smart att g\u00f6ra s\u00e5 f\u00f6r som Jesus s\u00e4ger sk\u00f6rdar man vad man s\u00e5r. Men jag tycker inte s\u00e4rskilt mycket om predikningar som ger goda r\u00e5d och talar om moral och s\u00e5 egentligen. Det blir liksom f\u00f6r sm\u00e4rtsamt tydligt att jag \u00e4r en blind som leder en blind som st\u00e5r h\u00e4r och talar. Det \u00e4r l\u00e4tt att tala men konsten \u00e4r ju att leva efter detta.<\/p>\n<p>Det jag egentligen vill komma till med de h\u00e4r m\u00e5tten \u00e4r att n\u00e4r vi anv\u00e4nder det goda m\u00e5ttet, d\u00e5 \u00e4r vi sannerligen v\u00e5r himmelske faders d\u00f6ttrar och s\u00f6ner f\u00f6r Gud anv\u00e4nder bara det goda m\u00e5ttet. Gud har bara det goda m\u00e5ttet. D\u00e5 \u00e4r vi tillbaka i b\u00f6rjan n\u00e4r jag talade om att Gud ocks\u00e5 \u00e4r den som s\u00e4tter stopp f\u00f6r oss ibland och d\u00f6mer det onda men det \u00e4r ju just f\u00f6r att Gud \u00e4r god! Det \u00e4r n\u00e4stan om\u00f6jligt f\u00f6r oss att f\u00f6rst\u00e5 oss p\u00e5 Gud eftersom Gud alltid g\u00f6r v\u00e4l med det han g\u00f6r. Varifr\u00e5n allt ont i v\u00e4rlden kommer fr\u00e5n vet jag inte men det \u00e4r inte och aldrig Guds vilja att det ska ske. Vi m\u00e5ste alltid komma ih\u00e5g att Gud \u00e4r godare \u00e4n vi, inte tv\u00e4rtom, det kan ju annars l\u00e4tt smyga sig p\u00e5 s\u00e5n misstro mot Gud ibland.<\/p>\n<p>Jesus, den som talar i evangeliet, \u00e4r sj\u00e4lv m\u00e4staren p\u00e5 att alltid ta fram det goda m\u00e5ttet n\u00e4r andra ger honom av det onda. S\u00e5 \u00e4ven mot oss var och en. T\u00e5lamod och barmh\u00e4rtighet \u00e4r hans s\u00e4tt mot oss. L\u00e5t oss f\u00f6lja honom och l\u00e4ra av honom.<\/p>\n<p>&nbsp;<\/p>\n","protected":false},"excerpt":{"rendered":"<p>Det funkar inte att alla g\u00e5r och leker domare mot varandra. Det \u00e4r ju d\u00e4rf\u00f6r vi har riktiga domare som ska sammanst\u00e4lla bevis, hellre fria \u00e4n f\u00e4lla och s\u00e5 vidare. Och oss m\u00e4nniskor emellan fungerar det inte heller. Det blir inga goda relationer om vi fokuserar p\u00e5 att hitta fel och s\u00e4tta dit varandra. Det [&hellip;]<\/p>\n","protected":false},"author":392,"featured_media":5733,"comment_status":"open","ping_status":"open","sticky":false,"template":"","format":"standard","meta":{"_acf_changed":false,"footnotes":""},"categories":[76189,114],"tags":[],"class_list":["post-5731","post","type-post","status-publish","format-standard","has-post-thumbnail","hentry","category-dagens-kyrka","category-predikan"],"acf":[],"yoast_head":"<!-- This site is optimized with the Yoast SEO plugin v27.1.1 - https:\/\/yoast.com\/product\/yoast-seo-wordpress\/ -->\n<title>Att anv\u00e4nda samma m\u00e5tt som Gud - Vandra V\u00e4gen<\/title>\n<meta name=\"robots\" content=\"index, follow, max-snippet:-1, max-image-preview:large, max-video-preview:-1\" \/>\n<link rel=\"canonical\" href=\"https:\/\/blogg.svenskakyrkan.se\/vandravagen\/2017\/07\/10\/att-anvanda-samma-matt-som-gud\/\" \/>\n<meta property=\"og:locale\" content=\"sv_SE\" \/>\n<meta property=\"og:type\" content=\"article\" \/>\n<meta property=\"og:title\" content=\"Att anv\u00e4nda samma m\u00e5tt som Gud - Vandra V\u00e4gen\" \/>\n<meta property=\"og:description\" content=\"Det funkar inte att alla g\u00e5r och leker domare mot varandra. Det \u00e4r ju d\u00e4rf\u00f6r vi har riktiga domare som ska sammanst\u00e4lla bevis, hellre fria \u00e4n f\u00e4lla och s\u00e5 vidare. Och oss m\u00e4nniskor emellan fungerar det inte heller. Det blir inga goda relationer om vi fokuserar p\u00e5 att hitta fel och s\u00e4tta dit varandra. Det [&hellip;]\" \/>\n<meta property=\"og:url\" content=\"https:\/\/blogg.svenskakyrkan.se\/vandravagen\/2017\/07\/10\/att-anvanda-samma-matt-som-gud\/\" \/>\n<meta property=\"og:site_name\" content=\"Vandra V\u00e4gen\" \/>\n<meta property=\"article:publisher\" content=\"http:\/\/facebook.com\/vandravagen\" \/>\n<meta property=\"article:published_time\" content=\"2017-07-10T05:00:08+00:00\" \/>\n<meta property=\"article:modified_time\" content=\"2017-07-10T06:27:17+00:00\" \/>\n<meta name=\"author\" content=\"Tomas Jarvid\" \/>\n<meta name=\"twitter:card\" content=\"summary_large_image\" \/>\n<meta name=\"twitter:creator\" content=\"@fadertomas\" \/>\n<meta name=\"twitter:site\" content=\"@fadertomas\" \/>\n<meta name=\"twitter:label1\" content=\"Skriven av\" \/>\n\t<meta name=\"twitter:data1\" content=\"Tomas Jarvid\" \/>\n\t<meta name=\"twitter:label2\" content=\"Ber\u00e4knad l\u00e4stid\" \/>\n\t<meta name=\"twitter:data2\" content=\"7 minuter\" \/>\n<script type=\"application\/ld+json\" class=\"yoast-schema-graph\">{\"@context\":\"https:\/\/schema.org\",\"@graph\":[{\"@type\":\"Article\",\"@id\":\"https:\/\/blogg.svenskakyrkan.se\/vandravagen\/2017\/07\/10\/att-anvanda-samma-matt-som-gud\/#article\",\"isPartOf\":{\"@id\":\"https:\/\/blogg.svenskakyrkan.se\/vandravagen\/2017\/07\/10\/att-anvanda-samma-matt-som-gud\/\"},\"author\":{\"name\":\"Tomas Jarvid\",\"@id\":\"https:\/\/blogg.svenskakyrkan.se\/vandravagen\/#\/schema\/person\/25da02d4f76b137d04291711e2c9fc16\"},\"headline\":\"Att anv\u00e4nda samma m\u00e5tt som Gud\",\"datePublished\":\"2017-07-10T05:00:08+00:00\",\"dateModified\":\"2017-07-10T06:27:17+00:00\",\"mainEntityOfPage\":{\"@id\":\"https:\/\/blogg.svenskakyrkan.se\/vandravagen\/2017\/07\/10\/att-anvanda-samma-matt-som-gud\/\"},\"wordCount\":1455,\"commentCount\":0,\"publisher\":{\"@id\":\"https:\/\/blogg.svenskakyrkan.se\/vandravagen\/#organization\"},\"image\":{\"@id\":\"https:\/\/blogg.svenskakyrkan.se\/vandravagen\/2017\/07\/10\/att-anvanda-samma-matt-som-gud\/#primaryimage\"},\"thumbnailUrl\":\"https:\/\/blogg.svenskakyrkan.se\/vandravagen\/files\/2017\/07\/IMG_7272.jpg\",\"articleSection\":[\"Dagens Kyrka\",\"predikan\"],\"inLanguage\":\"sv-SE\",\"potentialAction\":[{\"@type\":\"CommentAction\",\"name\":\"Comment\",\"target\":[\"https:\/\/blogg.svenskakyrkan.se\/vandravagen\/2017\/07\/10\/att-anvanda-samma-matt-som-gud\/#respond\"]}]},{\"@type\":\"WebPage\",\"@id\":\"https:\/\/blogg.svenskakyrkan.se\/vandravagen\/2017\/07\/10\/att-anvanda-samma-matt-som-gud\/\",\"url\":\"https:\/\/blogg.svenskakyrkan.se\/vandravagen\/2017\/07\/10\/att-anvanda-samma-matt-som-gud\/\",\"name\":\"Att anv\u00e4nda samma m\u00e5tt som Gud - Vandra V\u00e4gen\",\"isPartOf\":{\"@id\":\"https:\/\/blogg.svenskakyrkan.se\/vandravagen\/#website\"},\"primaryImageOfPage\":{\"@id\":\"https:\/\/blogg.svenskakyrkan.se\/vandravagen\/2017\/07\/10\/att-anvanda-samma-matt-som-gud\/#primaryimage\"},\"image\":{\"@id\":\"https:\/\/blogg.svenskakyrkan.se\/vandravagen\/2017\/07\/10\/att-anvanda-samma-matt-som-gud\/#primaryimage\"},\"thumbnailUrl\":\"https:\/\/blogg.svenskakyrkan.se\/vandravagen\/files\/2017\/07\/IMG_7272.jpg\",\"datePublished\":\"2017-07-10T05:00:08+00:00\",\"dateModified\":\"2017-07-10T06:27:17+00:00\",\"breadcrumb\":{\"@id\":\"https:\/\/blogg.svenskakyrkan.se\/vandravagen\/2017\/07\/10\/att-anvanda-samma-matt-som-gud\/#breadcrumb\"},\"inLanguage\":\"sv-SE\",\"potentialAction\":[{\"@type\":\"ReadAction\",\"target\":[\"https:\/\/blogg.svenskakyrkan.se\/vandravagen\/2017\/07\/10\/att-anvanda-samma-matt-som-gud\/\"]}]},{\"@type\":\"ImageObject\",\"inLanguage\":\"sv-SE\",\"@id\":\"https:\/\/blogg.svenskakyrkan.se\/vandravagen\/2017\/07\/10\/att-anvanda-samma-matt-som-gud\/#primaryimage\",\"url\":\"https:\/\/blogg.svenskakyrkan.se\/vandravagen\/files\/2017\/07\/IMG_7272.jpg\",\"contentUrl\":\"https:\/\/blogg.svenskakyrkan.se\/vandravagen\/files\/2017\/07\/IMG_7272.jpg\",\"width\":802,\"height\":1024,\"caption\":\"Jesus f\u00e5r av det onda men ger av det goda.\"},{\"@type\":\"BreadcrumbList\",\"@id\":\"https:\/\/blogg.svenskakyrkan.se\/vandravagen\/2017\/07\/10\/att-anvanda-samma-matt-som-gud\/#breadcrumb\",\"itemListElement\":[{\"@type\":\"ListItem\",\"position\":1,\"name\":\"Hem\",\"item\":\"https:\/\/blogg.svenskakyrkan.se\/vandravagen\/\"},{\"@type\":\"ListItem\",\"position\":2,\"name\":\"Att anv\u00e4nda samma m\u00e5tt som Gud\"}]},{\"@type\":\"WebSite\",\"@id\":\"https:\/\/blogg.svenskakyrkan.se\/vandravagen\/#website\",\"url\":\"https:\/\/blogg.svenskakyrkan.se\/vandravagen\/\",\"name\":\"Vandra V\u00e4gen\",\"description\":\"-Mot en tro f\u00f6r hela livet\",\"publisher\":{\"@id\":\"https:\/\/blogg.svenskakyrkan.se\/vandravagen\/#organization\"},\"potentialAction\":[{\"@type\":\"SearchAction\",\"target\":{\"@type\":\"EntryPoint\",\"urlTemplate\":\"https:\/\/blogg.svenskakyrkan.se\/vandravagen\/?s={search_term_string}\"},\"query-input\":{\"@type\":\"PropertyValueSpecification\",\"valueRequired\":true,\"valueName\":\"search_term_string\"}}],\"inLanguage\":\"sv-SE\"},{\"@type\":\"Organization\",\"@id\":\"https:\/\/blogg.svenskakyrkan.se\/vandravagen\/#organization\",\"name\":\"ulricehamns pastorat\",\"alternateName\":\"ulricehamns pastorat\",\"url\":\"https:\/\/blogg.svenskakyrkan.se\/vandravagen\/\",\"logo\":{\"@type\":\"ImageObject\",\"inLanguage\":\"sv-SE\",\"@id\":\"https:\/\/blogg.svenskakyrkan.se\/vandravagen\/#\/schema\/logo\/image\/\",\"url\":\"https:\/\/blogg.svenskakyrkan.se\/vandravagen\/files\/2023\/05\/Ulr_logo_RGB.png\",\"contentUrl\":\"https:\/\/blogg.svenskakyrkan.se\/vandravagen\/files\/2023\/05\/Ulr_logo_RGB.png\",\"width\":205,\"height\":77,\"caption\":\"ulricehamns pastorat\"},\"image\":{\"@id\":\"https:\/\/blogg.svenskakyrkan.se\/vandravagen\/#\/schema\/logo\/image\/\"},\"sameAs\":[\"http:\/\/facebook.com\/vandravagen\",\"https:\/\/x.com\/fadertomas\",\"http:\/\/www.facebook.com\/svenskakyrkaniulricehamn\"]},{\"@type\":\"Person\",\"@id\":\"https:\/\/blogg.svenskakyrkan.se\/vandravagen\/#\/schema\/person\/25da02d4f76b137d04291711e2c9fc16\",\"name\":\"Tomas Jarvid\",\"image\":{\"@type\":\"ImageObject\",\"inLanguage\":\"sv-SE\",\"@id\":\"https:\/\/blogg.svenskakyrkan.se\/vandravagen\/#\/schema\/person\/image\/\",\"url\":\"https:\/\/secure.gravatar.com\/avatar\/7fa71899795e8f540f615a1f5ab25255dc27aa40f05ee7ddd21aac521e01bf50?s=96&d=identicon&r=g\",\"contentUrl\":\"https:\/\/secure.gravatar.com\/avatar\/7fa71899795e8f540f615a1f5ab25255dc27aa40f05ee7ddd21aac521e01bf50?s=96&d=identicon&r=g\",\"caption\":\"Tomas Jarvid\"},\"description\":\"Jag bor i Ulricehamn i V\u00e4sterg\u00f6tland och \u00e4r f\u00f6rsamlingspr\u00e4st i Svenska Kyrkan f\u00f6r Dalstorps f\u00f6rsamling i Kinds pastorat. P\u00e5 den h\u00e4r bloggen skriver jag ner tankar om vandringen som kristen.\",\"sameAs\":[\"http:\/\/www.vandravagen.se\"],\"url\":\"https:\/\/blogg.svenskakyrkan.se\/vandravagen\/author\/vandravagen\/\"}]}<\/script>\n<!-- \/ Yoast SEO plugin. -->","yoast_head_json":{"title":"Att anv\u00e4nda samma m\u00e5tt som Gud - Vandra V\u00e4gen","robots":{"index":"index","follow":"follow","max-snippet":"max-snippet:-1","max-image-preview":"max-image-preview:large","max-video-preview":"max-video-preview:-1"},"canonical":"https:\/\/blogg.svenskakyrkan.se\/vandravagen\/2017\/07\/10\/att-anvanda-samma-matt-som-gud\/","og_locale":"sv_SE","og_type":"article","og_title":"Att anv\u00e4nda samma m\u00e5tt som Gud - Vandra V\u00e4gen","og_description":"Det funkar inte att alla g\u00e5r och leker domare mot varandra. Det \u00e4r ju d\u00e4rf\u00f6r vi har riktiga domare som ska sammanst\u00e4lla bevis, hellre fria \u00e4n f\u00e4lla och s\u00e5 vidare. Och oss m\u00e4nniskor emellan fungerar det inte heller. Det blir inga goda relationer om vi fokuserar p\u00e5 att hitta fel och s\u00e4tta dit varandra. Det [&hellip;]","og_url":"https:\/\/blogg.svenskakyrkan.se\/vandravagen\/2017\/07\/10\/att-anvanda-samma-matt-som-gud\/","og_site_name":"Vandra V\u00e4gen","article_publisher":"http:\/\/facebook.com\/vandravagen","article_published_time":"2017-07-10T05:00:08+00:00","article_modified_time":"2017-07-10T06:27:17+00:00","author":"Tomas Jarvid","twitter_card":"summary_large_image","twitter_creator":"@fadertomas","twitter_site":"@fadertomas","twitter_misc":{"Skriven av":"Tomas Jarvid","Ber\u00e4knad l\u00e4stid":"7 minuter"},"schema":{"@context":"https:\/\/schema.org","@graph":[{"@type":"Article","@id":"https:\/\/blogg.svenskakyrkan.se\/vandravagen\/2017\/07\/10\/att-anvanda-samma-matt-som-gud\/#article","isPartOf":{"@id":"https:\/\/blogg.svenskakyrkan.se\/vandravagen\/2017\/07\/10\/att-anvanda-samma-matt-som-gud\/"},"author":{"name":"Tomas Jarvid","@id":"https:\/\/blogg.svenskakyrkan.se\/vandravagen\/#\/schema\/person\/25da02d4f76b137d04291711e2c9fc16"},"headline":"Att anv\u00e4nda samma m\u00e5tt som Gud","datePublished":"2017-07-10T05:00:08+00:00","dateModified":"2017-07-10T06:27:17+00:00","mainEntityOfPage":{"@id":"https:\/\/blogg.svenskakyrkan.se\/vandravagen\/2017\/07\/10\/att-anvanda-samma-matt-som-gud\/"},"wordCount":1455,"commentCount":0,"publisher":{"@id":"https:\/\/blogg.svenskakyrkan.se\/vandravagen\/#organization"},"image":{"@id":"https:\/\/blogg.svenskakyrkan.se\/vandravagen\/2017\/07\/10\/att-anvanda-samma-matt-som-gud\/#primaryimage"},"thumbnailUrl":"https:\/\/blogg.svenskakyrkan.se\/vandravagen\/files\/2017\/07\/IMG_7272.jpg","articleSection":["Dagens Kyrka","predikan"],"inLanguage":"sv-SE","potentialAction":[{"@type":"CommentAction","name":"Comment","target":["https:\/\/blogg.svenskakyrkan.se\/vandravagen\/2017\/07\/10\/att-anvanda-samma-matt-som-gud\/#respond"]}]},{"@type":"WebPage","@id":"https:\/\/blogg.svenskakyrkan.se\/vandravagen\/2017\/07\/10\/att-anvanda-samma-matt-som-gud\/","url":"https:\/\/blogg.svenskakyrkan.se\/vandravagen\/2017\/07\/10\/att-anvanda-samma-matt-som-gud\/","name":"Att anv\u00e4nda samma m\u00e5tt som Gud - Vandra V\u00e4gen","isPartOf":{"@id":"https:\/\/blogg.svenskakyrkan.se\/vandravagen\/#website"},"primaryImageOfPage":{"@id":"https:\/\/blogg.svenskakyrkan.se\/vandravagen\/2017\/07\/10\/att-anvanda-samma-matt-som-gud\/#primaryimage"},"image":{"@id":"https:\/\/blogg.svenskakyrkan.se\/vandravagen\/2017\/07\/10\/att-anvanda-samma-matt-som-gud\/#primaryimage"},"thumbnailUrl":"https:\/\/blogg.svenskakyrkan.se\/vandravagen\/files\/2017\/07\/IMG_7272.jpg","datePublished":"2017-07-10T05:00:08+00:00","dateModified":"2017-07-10T06:27:17+00:00","breadcrumb":{"@id":"https:\/\/blogg.svenskakyrkan.se\/vandravagen\/2017\/07\/10\/att-anvanda-samma-matt-som-gud\/#breadcrumb"},"inLanguage":"sv-SE","potentialAction":[{"@type":"ReadAction","target":["https:\/\/blogg.svenskakyrkan.se\/vandravagen\/2017\/07\/10\/att-anvanda-samma-matt-som-gud\/"]}]},{"@type":"ImageObject","inLanguage":"sv-SE","@id":"https:\/\/blogg.svenskakyrkan.se\/vandravagen\/2017\/07\/10\/att-anvanda-samma-matt-som-gud\/#primaryimage","url":"https:\/\/blogg.svenskakyrkan.se\/vandravagen\/files\/2017\/07\/IMG_7272.jpg","contentUrl":"https:\/\/blogg.svenskakyrkan.se\/vandravagen\/files\/2017\/07\/IMG_7272.jpg","width":802,"height":1024,"caption":"Jesus f\u00e5r av det onda men ger av det goda."},{"@type":"BreadcrumbList","@id":"https:\/\/blogg.svenskakyrkan.se\/vandravagen\/2017\/07\/10\/att-anvanda-samma-matt-som-gud\/#breadcrumb","itemListElement":[{"@type":"ListItem","position":1,"name":"Hem","item":"https:\/\/blogg.svenskakyrkan.se\/vandravagen\/"},{"@type":"ListItem","position":2,"name":"Att anv\u00e4nda samma m\u00e5tt som Gud"}]},{"@type":"WebSite","@id":"https:\/\/blogg.svenskakyrkan.se\/vandravagen\/#website","url":"https:\/\/blogg.svenskakyrkan.se\/vandravagen\/","name":"Vandra V\u00e4gen","description":"-Mot en tro f\u00f6r hela livet","publisher":{"@id":"https:\/\/blogg.svenskakyrkan.se\/vandravagen\/#organization"},"potentialAction":[{"@type":"SearchAction","target":{"@type":"EntryPoint","urlTemplate":"https:\/\/blogg.svenskakyrkan.se\/vandravagen\/?s={search_term_string}"},"query-input":{"@type":"PropertyValueSpecification","valueRequired":true,"valueName":"search_term_string"}}],"inLanguage":"sv-SE"},{"@type":"Organization","@id":"https:\/\/blogg.svenskakyrkan.se\/vandravagen\/#organization","name":"ulricehamns pastorat","alternateName":"ulricehamns pastorat","url":"https:\/\/blogg.svenskakyrkan.se\/vandravagen\/","logo":{"@type":"ImageObject","inLanguage":"sv-SE","@id":"https:\/\/blogg.svenskakyrkan.se\/vandravagen\/#\/schema\/logo\/image\/","url":"https:\/\/blogg.svenskakyrkan.se\/vandravagen\/files\/2023\/05\/Ulr_logo_RGB.png","contentUrl":"https:\/\/blogg.svenskakyrkan.se\/vandravagen\/files\/2023\/05\/Ulr_logo_RGB.png","width":205,"height":77,"caption":"ulricehamns pastorat"},"image":{"@id":"https:\/\/blogg.svenskakyrkan.se\/vandravagen\/#\/schema\/logo\/image\/"},"sameAs":["http:\/\/facebook.com\/vandravagen","https:\/\/x.com\/fadertomas","http:\/\/www.facebook.com\/svenskakyrkaniulricehamn"]},{"@type":"Person","@id":"https:\/\/blogg.svenskakyrkan.se\/vandravagen\/#\/schema\/person\/25da02d4f76b137d04291711e2c9fc16","name":"Tomas Jarvid","image":{"@type":"ImageObject","inLanguage":"sv-SE","@id":"https:\/\/blogg.svenskakyrkan.se\/vandravagen\/#\/schema\/person\/image\/","url":"https:\/\/secure.gravatar.com\/avatar\/7fa71899795e8f540f615a1f5ab25255dc27aa40f05ee7ddd21aac521e01bf50?s=96&d=identicon&r=g","contentUrl":"https:\/\/secure.gravatar.com\/avatar\/7fa71899795e8f540f615a1f5ab25255dc27aa40f05ee7ddd21aac521e01bf50?s=96&d=identicon&r=g","caption":"Tomas Jarvid"},"description":"Jag bor i Ulricehamn i V\u00e4sterg\u00f6tland och \u00e4r f\u00f6rsamlingspr\u00e4st i Svenska Kyrkan f\u00f6r Dalstorps f\u00f6rsamling i Kinds pastorat. P\u00e5 den h\u00e4r bloggen skriver jag ner tankar om vandringen som kristen.","sameAs":["http:\/\/www.vandravagen.se"],"url":"https:\/\/blogg.svenskakyrkan.se\/vandravagen\/author\/vandravagen\/"}]}},"author_meta":{"ID":"392","user_nicename":"vandravagen","user_url":"http:\/\/www.vandravagen.se","user_registered":"2014-05-19 05:44:52","display_name":"Tomas Jarvid","first_name":"Tomas","last_name":"Jarvid","avatar":"https:\/\/secure.gravatar.com\/avatar\/7fa71899795e8f540f615a1f5ab25255dc27aa40f05ee7ddd21aac521e01bf50?s=96&d=identicon&r=g"},"featured_image":["https:\/\/blogg.svenskakyrkan.se\/vandravagen\/files\/2017\/07\/IMG_7272.jpg",802,1024,false],"bloginfo":{"name":"Vandra V\u00e4gen","url":"https:\/\/blogg.svenskakyrkan.se\/vandravagen"},"_links":{"self":[{"href":"https:\/\/blogg.svenskakyrkan.se\/vandravagen\/wp-json\/wp\/v2\/posts\/5731","targetHints":{"allow":["GET"]}}],"collection":[{"href":"https:\/\/blogg.svenskakyrkan.se\/vandravagen\/wp-json\/wp\/v2\/posts"}],"about":[{"href":"https:\/\/blogg.svenskakyrkan.se\/vandravagen\/wp-json\/wp\/v2\/types\/post"}],"author":[{"embeddable":true,"href":"https:\/\/blogg.svenskakyrkan.se\/vandravagen\/wp-json\/wp\/v2\/users\/392"}],"replies":[{"embeddable":true,"href":"https:\/\/blogg.svenskakyrkan.se\/vandravagen\/wp-json\/wp\/v2\/comments?post=5731"}],"version-history":[{"count":3,"href":"https:\/\/blogg.svenskakyrkan.se\/vandravagen\/wp-json\/wp\/v2\/posts\/5731\/revisions"}],"predecessor-version":[{"id":5735,"href":"https:\/\/blogg.svenskakyrkan.se\/vandravagen\/wp-json\/wp\/v2\/posts\/5731\/revisions\/5735"}],"wp:featuredmedia":[{"embeddable":true,"href":"https:\/\/blogg.svenskakyrkan.se\/vandravagen\/wp-json\/wp\/v2\/media\/5733"}],"wp:attachment":[{"href":"https:\/\/blogg.svenskakyrkan.se\/vandravagen\/wp-json\/wp\/v2\/media?parent=5731"}],"wp:term":[{"taxonomy":"category","embeddable":true,"href":"https:\/\/blogg.svenskakyrkan.se\/vandravagen\/wp-json\/wp\/v2\/categories?post=5731"},{"taxonomy":"post_tag","embeddable":true,"href":"https:\/\/blogg.svenskakyrkan.se\/vandravagen\/wp-json\/wp\/v2\/tags?post=5731"}],"curies":[{"name":"wp","href":"https:\/\/api.w.org\/{rel}","templated":true}]}}