{"id":5739,"date":"2017-07-14T07:00:49","date_gmt":"2017-07-14T05:00:49","guid":{"rendered":"http:\/\/blogg.svenskakyrkan.se\/vandravagen\/?p=5739"},"modified":"2017-07-13T21:47:15","modified_gmt":"2017-07-13T19:47:15","slug":"bade-fahund-och-fin-person","status":"publish","type":"post","link":"https:\/\/blogg.svenskakyrkan.se\/vandravagen\/2017\/07\/14\/bade-fahund-och-fin-person\/","title":{"rendered":"B\u00e5de f\u00e4hund och fin person"},"content":{"rendered":"<p>Jag har ju en st\u00e4ndigt p\u00e5g\u00e5ende serie om Luther h\u00e4r p\u00e5 bloggen. En av hans ber\u00f6mda utsagor \u00e4r att vi m\u00e4nniskor \u00e4r &#8221;simul justus et peccator&#8221; (p\u00e5 samma g\u00e5ng b\u00e5de r\u00e4ttf\u00e4rdiga och syndare). Och det \u00e4r f\u00f6rst\u00e5s ett stort tema som det finns mycket att s\u00e4ga om. Nu har jag kommit att t\u00e4nka p\u00e5 att det faktiskt vidr\u00f6r det jag skrev ovan: -konsten att p\u00e5 samma g\u00e5ng vara en god m\u00e4nniska och en f\u00e4hund.<\/p>\n<p>Det \u00e4r ju utan tvivel s\u00e5 att de flesta av oss den st\u00f6rsta delen av tiden \u00e4r goda m\u00e4nniskor som handlar gott och vill handla gott mot varandra. Samtidigt g\u00f6r vi s\u00e5 mycket ont. Det \u00e4r ju paradoxalt att det sker s\u00e5 mycket ont i en v\u00e4rld d\u00e4r ingen enskild skulle vilja beskriva sig som ond.<\/p>\n<p>Jag tycker att jag ganska ofta st\u00f6tt p\u00e5 att andra har sv\u00e5rt att f\u00f6rsona sig med att de skulle ha en &#8221;skuggsida&#8221;. Man f\u00f6rnekar och f\u00f6rtr\u00e4nger s\u00e5 l\u00e5ngt det \u00e4r m\u00f6jligt. Det ska till mycket trygghet och sj\u00e4lvinsikt f\u00f6r att man ska kunna k\u00e4nnas vid sina s\u00e4mre egenskaper. Jag tycker f\u00f6rst\u00e5s inte heller sj\u00e4lv s\u00e4rskilt mycket om att vara en sn\u00e5l och egoistiskt person med stora behov av att alla ska tycka om mig s\u00e5 jag skjuter ocks\u00e5 helst ifr\u00e5n mig s\u00e5dant. \u00c4nd\u00e5 \u00e4r det ju sant. Det ocks\u00e5.<\/p>\n<p>Kristen tro \u00e4r som b\u00e4st n\u00e4r den kan f\u00e5 oss att f\u00f6rsonas med Gud, men ocks\u00e5 med oss sj\u00e4lva. Och jag tycker att jag sett m\u00e5nga exempel p\u00e5 n\u00e4r kristen tro g\u00e5r hand i hand med djup sj\u00e4lvk\u00e4nnedom. Givetvis ocks\u00e5 motsatsen, d\u00e4r tron liksom verkar tvinga m\u00e5nga att inte l\u00e5tsas om stora delar av sitt inre liv f\u00f6r att det inte passar in i hur man t\u00e4nker sig att en kristen ska vara.<\/p>\n<p>Jag hoppas f\u00f6rst\u00e5s att jag ska f\u00e5 leva i och f\u00f6rmedla en kristen tro d\u00e4r det inte ing\u00e5r att vara r\u00e4dd f\u00f6r sin egen skugga. Gud vet allt om oss, men det \u00e4r i grunden gott eftersom Gud vill oss v\u00e4l.<\/p>\n<p>Det h\u00e4nder ocks\u00e5 s\u00e5 mycket d\u00e5ligt n\u00e4r vi inte kan erk\u00e4nna v\u00e5ra egna svaga sidor. Vi l\u00e4ser in de egenskaperna hos andra ist\u00e4llet och bek\u00e4mpar kanske v\u00e5ra medm\u00e4nniskor ist\u00e4llet f\u00f6r v\u00e5ra egna svagheter. Riktigt illa kan det g\u00e5 n\u00e4r vi f\u00f6rknippar hela folkgrupper med s\u00e5dant vi v\u00e4grar g\u00e5 med p\u00e5 finns i oss alla.<\/p>\n<p>Jag har l\u00e4nge t\u00e4nkt skriva n\u00e5got h\u00e4r om det intressanta fenomenet &#8221;kognitiv dissonans&#8221;. N\u00e4r v\u00e5r hj\u00e4rna inte kan f\u00e5 ihop hur vi k\u00e4nner, t\u00e4nker och handlar s\u00e5 f\u00f6rs\u00f6ker den l\u00f6sa problemet \u00e5t oss p\u00e5 olika s\u00e4tt f\u00f6r att den inte klarar av kaoset. Om jag till exempel handlar illa mot n\u00e5gon t\u00e4nker jag att det \u00e4r f\u00f6r att de f\u00f6rtj\u00e4nat det, inte f\u00f6r att jag \u00e4r egoistisk. Vi r\u00e4ttar till allt \u00e5t oss sj\u00e4lva. Jag t\u00e4nker mig att min tro ska vara n\u00e5gon slags hj\u00e4lp att uth\u00e4rda den d\u00e4r dissonansen och erk\u00e4nna s\u00e5nt som inte \u00e4r s\u00e5 smickrande f\u00f6r mig sj\u00e4lv. Som en slags resurs i att t\u00e5la lite mer f\u00f6r att jag har mitt v\u00e4rde i Guds k\u00e4rlek oavsett.<\/p>\n<p>S\u00e5 envisas vi ju ocks\u00e5 med att s\u00f6ndag efter s\u00f6ndag bek\u00e4nna oss som syndare i v\u00e5ra gudstj\u00e4nster:<\/p>\n<blockquote>\n<p>&#8221;Genom min synd \u00e4r jag skyldig till mer ont \u00e4n jag f\u00f6rst\u00e5r och har del i v\u00e4rldens bortv\u00e4ndhet fr\u00e5n dig&#8221;.<\/p>\n<\/blockquote>\n<p>&nbsp;<\/p>\n<p>Det h\u00e4r var ganska l\u00e5ngt ifr\u00e5n vad Luther menar med sina ord f\u00f6rst\u00e5s, men det \u00e4r nog ett v\u00e4ldigt viktigt b\u00e5de-ock att leva med? Vad s\u00e4ger du om detta? Skriv en rad!<\/p>\n<p>&nbsp;<\/p>\n<p>&nbsp;<\/p>\n","protected":false},"excerpt":{"rendered":"<p>Jag har ju en st\u00e4ndigt p\u00e5g\u00e5ende serie om Luther h\u00e4r p\u00e5 bloggen. En av hans ber\u00f6mda utsagor \u00e4r att vi m\u00e4nniskor \u00e4r &#8221;simul justus et peccator&#8221; (p\u00e5 samma g\u00e5ng b\u00e5de r\u00e4ttf\u00e4rdiga och syndare). Och det \u00e4r f\u00f6rst\u00e5s ett stort tema som det finns mycket att s\u00e4ga om. Nu har jag kommit att t\u00e4nka p\u00e5 att [&hellip;]<\/p>\n","protected":false},"author":392,"featured_media":5740,"comment_status":"open","ping_status":"open","sticky":false,"template":"","format":"standard","meta":{"_acf_changed":false,"footnotes":""},"categories":[76189,28732,117],"tags":[],"class_list":["post-5739","post","type-post","status-publish","format-standard","has-post-thumbnail","hentry","category-dagens-kyrka","category-luther","category-teologi"],"acf":[],"yoast_head":"<!-- This site is optimized with the Yoast SEO plugin v27.1.1 - https:\/\/yoast.com\/product\/yoast-seo-wordpress\/ -->\n<title>B\u00e5de f\u00e4hund och fin person - Vandra V\u00e4gen<\/title>\n<meta name=\"robots\" content=\"index, follow, max-snippet:-1, max-image-preview:large, max-video-preview:-1\" \/>\n<link rel=\"canonical\" href=\"https:\/\/blogg.svenskakyrkan.se\/vandravagen\/2017\/07\/14\/bade-fahund-och-fin-person\/\" \/>\n<meta property=\"og:locale\" content=\"sv_SE\" \/>\n<meta property=\"og:type\" content=\"article\" \/>\n<meta property=\"og:title\" content=\"B\u00e5de f\u00e4hund och fin person - Vandra V\u00e4gen\" \/>\n<meta property=\"og:description\" content=\"Jag har ju en st\u00e4ndigt p\u00e5g\u00e5ende serie om Luther h\u00e4r p\u00e5 bloggen. En av hans ber\u00f6mda utsagor \u00e4r att vi m\u00e4nniskor \u00e4r &#8221;simul justus et peccator&#8221; (p\u00e5 samma g\u00e5ng b\u00e5de r\u00e4ttf\u00e4rdiga och syndare). Och det \u00e4r f\u00f6rst\u00e5s ett stort tema som det finns mycket att s\u00e4ga om. Nu har jag kommit att t\u00e4nka p\u00e5 att [&hellip;]\" \/>\n<meta property=\"og:url\" content=\"https:\/\/blogg.svenskakyrkan.se\/vandravagen\/2017\/07\/14\/bade-fahund-och-fin-person\/\" \/>\n<meta property=\"og:site_name\" content=\"Vandra V\u00e4gen\" \/>\n<meta property=\"article:publisher\" content=\"http:\/\/facebook.com\/vandravagen\" \/>\n<meta property=\"article:published_time\" content=\"2017-07-14T05:00:49+00:00\" \/>\n<meta name=\"author\" content=\"Tomas Jarvid\" \/>\n<meta name=\"twitter:card\" content=\"summary_large_image\" \/>\n<meta name=\"twitter:creator\" content=\"@fadertomas\" \/>\n<meta name=\"twitter:site\" content=\"@fadertomas\" \/>\n<meta name=\"twitter:label1\" content=\"Skriven av\" \/>\n\t<meta name=\"twitter:data1\" content=\"Tomas Jarvid\" \/>\n\t<meta name=\"twitter:label2\" content=\"Ber\u00e4knad l\u00e4stid\" \/>\n\t<meta name=\"twitter:data2\" content=\"4 minuter\" \/>\n<script type=\"application\/ld+json\" class=\"yoast-schema-graph\">{\"@context\":\"https:\/\/schema.org\",\"@graph\":[{\"@type\":\"Article\",\"@id\":\"https:\/\/blogg.svenskakyrkan.se\/vandravagen\/2017\/07\/14\/bade-fahund-och-fin-person\/#article\",\"isPartOf\":{\"@id\":\"https:\/\/blogg.svenskakyrkan.se\/vandravagen\/2017\/07\/14\/bade-fahund-och-fin-person\/\"},\"author\":{\"name\":\"Tomas Jarvid\",\"@id\":\"https:\/\/blogg.svenskakyrkan.se\/vandravagen\/#\/schema\/person\/25da02d4f76b137d04291711e2c9fc16\"},\"headline\":\"B\u00e5de f\u00e4hund och fin person\",\"datePublished\":\"2017-07-14T05:00:49+00:00\",\"mainEntityOfPage\":{\"@id\":\"https:\/\/blogg.svenskakyrkan.se\/vandravagen\/2017\/07\/14\/bade-fahund-och-fin-person\/\"},\"wordCount\":720,\"commentCount\":4,\"publisher\":{\"@id\":\"https:\/\/blogg.svenskakyrkan.se\/vandravagen\/#organization\"},\"image\":{\"@id\":\"https:\/\/blogg.svenskakyrkan.se\/vandravagen\/2017\/07\/14\/bade-fahund-och-fin-person\/#primaryimage\"},\"thumbnailUrl\":\"https:\/\/blogg.svenskakyrkan.se\/vandravagen\/files\/2017\/07\/IMG_2984.jpg\",\"articleSection\":[\"Dagens Kyrka\",\"Luther\",\"Teologi\"],\"inLanguage\":\"sv-SE\",\"potentialAction\":[{\"@type\":\"CommentAction\",\"name\":\"Comment\",\"target\":[\"https:\/\/blogg.svenskakyrkan.se\/vandravagen\/2017\/07\/14\/bade-fahund-och-fin-person\/#respond\"]}]},{\"@type\":\"WebPage\",\"@id\":\"https:\/\/blogg.svenskakyrkan.se\/vandravagen\/2017\/07\/14\/bade-fahund-och-fin-person\/\",\"url\":\"https:\/\/blogg.svenskakyrkan.se\/vandravagen\/2017\/07\/14\/bade-fahund-och-fin-person\/\",\"name\":\"B\u00e5de f\u00e4hund och fin person - Vandra V\u00e4gen\",\"isPartOf\":{\"@id\":\"https:\/\/blogg.svenskakyrkan.se\/vandravagen\/#website\"},\"primaryImageOfPage\":{\"@id\":\"https:\/\/blogg.svenskakyrkan.se\/vandravagen\/2017\/07\/14\/bade-fahund-och-fin-person\/#primaryimage\"},\"image\":{\"@id\":\"https:\/\/blogg.svenskakyrkan.se\/vandravagen\/2017\/07\/14\/bade-fahund-och-fin-person\/#primaryimage\"},\"thumbnailUrl\":\"https:\/\/blogg.svenskakyrkan.se\/vandravagen\/files\/2017\/07\/IMG_2984.jpg\",\"datePublished\":\"2017-07-14T05:00:49+00:00\",\"breadcrumb\":{\"@id\":\"https:\/\/blogg.svenskakyrkan.se\/vandravagen\/2017\/07\/14\/bade-fahund-och-fin-person\/#breadcrumb\"},\"inLanguage\":\"sv-SE\",\"potentialAction\":[{\"@type\":\"ReadAction\",\"target\":[\"https:\/\/blogg.svenskakyrkan.se\/vandravagen\/2017\/07\/14\/bade-fahund-och-fin-person\/\"]}]},{\"@type\":\"ImageObject\",\"inLanguage\":\"sv-SE\",\"@id\":\"https:\/\/blogg.svenskakyrkan.se\/vandravagen\/2017\/07\/14\/bade-fahund-och-fin-person\/#primaryimage\",\"url\":\"https:\/\/blogg.svenskakyrkan.se\/vandravagen\/files\/2017\/07\/IMG_2984.jpg\",\"contentUrl\":\"https:\/\/blogg.svenskakyrkan.se\/vandravagen\/files\/2017\/07\/IMG_2984.jpg\",\"width\":1080,\"height\":1322,\"caption\":\"Hmm. D\u00e4r inne finns visst b\u00e5de ock!\"},{\"@type\":\"BreadcrumbList\",\"@id\":\"https:\/\/blogg.svenskakyrkan.se\/vandravagen\/2017\/07\/14\/bade-fahund-och-fin-person\/#breadcrumb\",\"itemListElement\":[{\"@type\":\"ListItem\",\"position\":1,\"name\":\"Hem\",\"item\":\"https:\/\/blogg.svenskakyrkan.se\/vandravagen\/\"},{\"@type\":\"ListItem\",\"position\":2,\"name\":\"B\u00e5de f\u00e4hund och fin person\"}]},{\"@type\":\"WebSite\",\"@id\":\"https:\/\/blogg.svenskakyrkan.se\/vandravagen\/#website\",\"url\":\"https:\/\/blogg.svenskakyrkan.se\/vandravagen\/\",\"name\":\"Vandra V\u00e4gen\",\"description\":\"-Mot en tro f\u00f6r hela livet\",\"publisher\":{\"@id\":\"https:\/\/blogg.svenskakyrkan.se\/vandravagen\/#organization\"},\"potentialAction\":[{\"@type\":\"SearchAction\",\"target\":{\"@type\":\"EntryPoint\",\"urlTemplate\":\"https:\/\/blogg.svenskakyrkan.se\/vandravagen\/?s={search_term_string}\"},\"query-input\":{\"@type\":\"PropertyValueSpecification\",\"valueRequired\":true,\"valueName\":\"search_term_string\"}}],\"inLanguage\":\"sv-SE\"},{\"@type\":\"Organization\",\"@id\":\"https:\/\/blogg.svenskakyrkan.se\/vandravagen\/#organization\",\"name\":\"ulricehamns pastorat\",\"alternateName\":\"ulricehamns pastorat\",\"url\":\"https:\/\/blogg.svenskakyrkan.se\/vandravagen\/\",\"logo\":{\"@type\":\"ImageObject\",\"inLanguage\":\"sv-SE\",\"@id\":\"https:\/\/blogg.svenskakyrkan.se\/vandravagen\/#\/schema\/logo\/image\/\",\"url\":\"https:\/\/blogg.svenskakyrkan.se\/vandravagen\/files\/2023\/05\/Ulr_logo_RGB.png\",\"contentUrl\":\"https:\/\/blogg.svenskakyrkan.se\/vandravagen\/files\/2023\/05\/Ulr_logo_RGB.png\",\"width\":205,\"height\":77,\"caption\":\"ulricehamns pastorat\"},\"image\":{\"@id\":\"https:\/\/blogg.svenskakyrkan.se\/vandravagen\/#\/schema\/logo\/image\/\"},\"sameAs\":[\"http:\/\/facebook.com\/vandravagen\",\"https:\/\/x.com\/fadertomas\",\"http:\/\/www.facebook.com\/svenskakyrkaniulricehamn\"]},{\"@type\":\"Person\",\"@id\":\"https:\/\/blogg.svenskakyrkan.se\/vandravagen\/#\/schema\/person\/25da02d4f76b137d04291711e2c9fc16\",\"name\":\"Tomas Jarvid\",\"image\":{\"@type\":\"ImageObject\",\"inLanguage\":\"sv-SE\",\"@id\":\"https:\/\/blogg.svenskakyrkan.se\/vandravagen\/#\/schema\/person\/image\/\",\"url\":\"https:\/\/secure.gravatar.com\/avatar\/7fa71899795e8f540f615a1f5ab25255dc27aa40f05ee7ddd21aac521e01bf50?s=96&d=identicon&r=g\",\"contentUrl\":\"https:\/\/secure.gravatar.com\/avatar\/7fa71899795e8f540f615a1f5ab25255dc27aa40f05ee7ddd21aac521e01bf50?s=96&d=identicon&r=g\",\"caption\":\"Tomas Jarvid\"},\"description\":\"Jag bor i Ulricehamn i V\u00e4sterg\u00f6tland och \u00e4r f\u00f6rsamlingspr\u00e4st i Svenska Kyrkan f\u00f6r Dalstorps f\u00f6rsamling i Kinds pastorat. P\u00e5 den h\u00e4r bloggen skriver jag ner tankar om vandringen som kristen.\",\"sameAs\":[\"http:\/\/www.vandravagen.se\"],\"url\":\"https:\/\/blogg.svenskakyrkan.se\/vandravagen\/author\/vandravagen\/\"}]}<\/script>\n<!-- \/ Yoast SEO plugin. -->","yoast_head_json":{"title":"B\u00e5de f\u00e4hund och fin person - Vandra V\u00e4gen","robots":{"index":"index","follow":"follow","max-snippet":"max-snippet:-1","max-image-preview":"max-image-preview:large","max-video-preview":"max-video-preview:-1"},"canonical":"https:\/\/blogg.svenskakyrkan.se\/vandravagen\/2017\/07\/14\/bade-fahund-och-fin-person\/","og_locale":"sv_SE","og_type":"article","og_title":"B\u00e5de f\u00e4hund och fin person - Vandra V\u00e4gen","og_description":"Jag har ju en st\u00e4ndigt p\u00e5g\u00e5ende serie om Luther h\u00e4r p\u00e5 bloggen. En av hans ber\u00f6mda utsagor \u00e4r att vi m\u00e4nniskor \u00e4r &#8221;simul justus et peccator&#8221; (p\u00e5 samma g\u00e5ng b\u00e5de r\u00e4ttf\u00e4rdiga och syndare). Och det \u00e4r f\u00f6rst\u00e5s ett stort tema som det finns mycket att s\u00e4ga om. Nu har jag kommit att t\u00e4nka p\u00e5 att [&hellip;]","og_url":"https:\/\/blogg.svenskakyrkan.se\/vandravagen\/2017\/07\/14\/bade-fahund-och-fin-person\/","og_site_name":"Vandra V\u00e4gen","article_publisher":"http:\/\/facebook.com\/vandravagen","article_published_time":"2017-07-14T05:00:49+00:00","author":"Tomas Jarvid","twitter_card":"summary_large_image","twitter_creator":"@fadertomas","twitter_site":"@fadertomas","twitter_misc":{"Skriven av":"Tomas Jarvid","Ber\u00e4knad l\u00e4stid":"4 minuter"},"schema":{"@context":"https:\/\/schema.org","@graph":[{"@type":"Article","@id":"https:\/\/blogg.svenskakyrkan.se\/vandravagen\/2017\/07\/14\/bade-fahund-och-fin-person\/#article","isPartOf":{"@id":"https:\/\/blogg.svenskakyrkan.se\/vandravagen\/2017\/07\/14\/bade-fahund-och-fin-person\/"},"author":{"name":"Tomas Jarvid","@id":"https:\/\/blogg.svenskakyrkan.se\/vandravagen\/#\/schema\/person\/25da02d4f76b137d04291711e2c9fc16"},"headline":"B\u00e5de f\u00e4hund och fin person","datePublished":"2017-07-14T05:00:49+00:00","mainEntityOfPage":{"@id":"https:\/\/blogg.svenskakyrkan.se\/vandravagen\/2017\/07\/14\/bade-fahund-och-fin-person\/"},"wordCount":720,"commentCount":4,"publisher":{"@id":"https:\/\/blogg.svenskakyrkan.se\/vandravagen\/#organization"},"image":{"@id":"https:\/\/blogg.svenskakyrkan.se\/vandravagen\/2017\/07\/14\/bade-fahund-och-fin-person\/#primaryimage"},"thumbnailUrl":"https:\/\/blogg.svenskakyrkan.se\/vandravagen\/files\/2017\/07\/IMG_2984.jpg","articleSection":["Dagens Kyrka","Luther","Teologi"],"inLanguage":"sv-SE","potentialAction":[{"@type":"CommentAction","name":"Comment","target":["https:\/\/blogg.svenskakyrkan.se\/vandravagen\/2017\/07\/14\/bade-fahund-och-fin-person\/#respond"]}]},{"@type":"WebPage","@id":"https:\/\/blogg.svenskakyrkan.se\/vandravagen\/2017\/07\/14\/bade-fahund-och-fin-person\/","url":"https:\/\/blogg.svenskakyrkan.se\/vandravagen\/2017\/07\/14\/bade-fahund-och-fin-person\/","name":"B\u00e5de f\u00e4hund och fin person - Vandra V\u00e4gen","isPartOf":{"@id":"https:\/\/blogg.svenskakyrkan.se\/vandravagen\/#website"},"primaryImageOfPage":{"@id":"https:\/\/blogg.svenskakyrkan.se\/vandravagen\/2017\/07\/14\/bade-fahund-och-fin-person\/#primaryimage"},"image":{"@id":"https:\/\/blogg.svenskakyrkan.se\/vandravagen\/2017\/07\/14\/bade-fahund-och-fin-person\/#primaryimage"},"thumbnailUrl":"https:\/\/blogg.svenskakyrkan.se\/vandravagen\/files\/2017\/07\/IMG_2984.jpg","datePublished":"2017-07-14T05:00:49+00:00","breadcrumb":{"@id":"https:\/\/blogg.svenskakyrkan.se\/vandravagen\/2017\/07\/14\/bade-fahund-och-fin-person\/#breadcrumb"},"inLanguage":"sv-SE","potentialAction":[{"@type":"ReadAction","target":["https:\/\/blogg.svenskakyrkan.se\/vandravagen\/2017\/07\/14\/bade-fahund-och-fin-person\/"]}]},{"@type":"ImageObject","inLanguage":"sv-SE","@id":"https:\/\/blogg.svenskakyrkan.se\/vandravagen\/2017\/07\/14\/bade-fahund-och-fin-person\/#primaryimage","url":"https:\/\/blogg.svenskakyrkan.se\/vandravagen\/files\/2017\/07\/IMG_2984.jpg","contentUrl":"https:\/\/blogg.svenskakyrkan.se\/vandravagen\/files\/2017\/07\/IMG_2984.jpg","width":1080,"height":1322,"caption":"Hmm. D\u00e4r inne finns visst b\u00e5de ock!"},{"@type":"BreadcrumbList","@id":"https:\/\/blogg.svenskakyrkan.se\/vandravagen\/2017\/07\/14\/bade-fahund-och-fin-person\/#breadcrumb","itemListElement":[{"@type":"ListItem","position":1,"name":"Hem","item":"https:\/\/blogg.svenskakyrkan.se\/vandravagen\/"},{"@type":"ListItem","position":2,"name":"B\u00e5de f\u00e4hund och fin person"}]},{"@type":"WebSite","@id":"https:\/\/blogg.svenskakyrkan.se\/vandravagen\/#website","url":"https:\/\/blogg.svenskakyrkan.se\/vandravagen\/","name":"Vandra V\u00e4gen","description":"-Mot en tro f\u00f6r hela livet","publisher":{"@id":"https:\/\/blogg.svenskakyrkan.se\/vandravagen\/#organization"},"potentialAction":[{"@type":"SearchAction","target":{"@type":"EntryPoint","urlTemplate":"https:\/\/blogg.svenskakyrkan.se\/vandravagen\/?s={search_term_string}"},"query-input":{"@type":"PropertyValueSpecification","valueRequired":true,"valueName":"search_term_string"}}],"inLanguage":"sv-SE"},{"@type":"Organization","@id":"https:\/\/blogg.svenskakyrkan.se\/vandravagen\/#organization","name":"ulricehamns pastorat","alternateName":"ulricehamns pastorat","url":"https:\/\/blogg.svenskakyrkan.se\/vandravagen\/","logo":{"@type":"ImageObject","inLanguage":"sv-SE","@id":"https:\/\/blogg.svenskakyrkan.se\/vandravagen\/#\/schema\/logo\/image\/","url":"https:\/\/blogg.svenskakyrkan.se\/vandravagen\/files\/2023\/05\/Ulr_logo_RGB.png","contentUrl":"https:\/\/blogg.svenskakyrkan.se\/vandravagen\/files\/2023\/05\/Ulr_logo_RGB.png","width":205,"height":77,"caption":"ulricehamns pastorat"},"image":{"@id":"https:\/\/blogg.svenskakyrkan.se\/vandravagen\/#\/schema\/logo\/image\/"},"sameAs":["http:\/\/facebook.com\/vandravagen","https:\/\/x.com\/fadertomas","http:\/\/www.facebook.com\/svenskakyrkaniulricehamn"]},{"@type":"Person","@id":"https:\/\/blogg.svenskakyrkan.se\/vandravagen\/#\/schema\/person\/25da02d4f76b137d04291711e2c9fc16","name":"Tomas Jarvid","image":{"@type":"ImageObject","inLanguage":"sv-SE","@id":"https:\/\/blogg.svenskakyrkan.se\/vandravagen\/#\/schema\/person\/image\/","url":"https:\/\/secure.gravatar.com\/avatar\/7fa71899795e8f540f615a1f5ab25255dc27aa40f05ee7ddd21aac521e01bf50?s=96&d=identicon&r=g","contentUrl":"https:\/\/secure.gravatar.com\/avatar\/7fa71899795e8f540f615a1f5ab25255dc27aa40f05ee7ddd21aac521e01bf50?s=96&d=identicon&r=g","caption":"Tomas Jarvid"},"description":"Jag bor i Ulricehamn i V\u00e4sterg\u00f6tland och \u00e4r f\u00f6rsamlingspr\u00e4st i Svenska Kyrkan f\u00f6r Dalstorps f\u00f6rsamling i Kinds pastorat. P\u00e5 den h\u00e4r bloggen skriver jag ner tankar om vandringen som kristen.","sameAs":["http:\/\/www.vandravagen.se"],"url":"https:\/\/blogg.svenskakyrkan.se\/vandravagen\/author\/vandravagen\/"}]}},"author_meta":{"ID":"392","user_nicename":"vandravagen","user_url":"http:\/\/www.vandravagen.se","user_registered":"2014-05-19 05:44:52","display_name":"Tomas Jarvid","first_name":"Tomas","last_name":"Jarvid","avatar":"https:\/\/secure.gravatar.com\/avatar\/7fa71899795e8f540f615a1f5ab25255dc27aa40f05ee7ddd21aac521e01bf50?s=96&d=identicon&r=g"},"featured_image":["https:\/\/blogg.svenskakyrkan.se\/vandravagen\/files\/2017\/07\/IMG_2984-1024x1253.jpg",1024,1253,true],"bloginfo":{"name":"Vandra V\u00e4gen","url":"https:\/\/blogg.svenskakyrkan.se\/vandravagen"},"_links":{"self":[{"href":"https:\/\/blogg.svenskakyrkan.se\/vandravagen\/wp-json\/wp\/v2\/posts\/5739","targetHints":{"allow":["GET"]}}],"collection":[{"href":"https:\/\/blogg.svenskakyrkan.se\/vandravagen\/wp-json\/wp\/v2\/posts"}],"about":[{"href":"https:\/\/blogg.svenskakyrkan.se\/vandravagen\/wp-json\/wp\/v2\/types\/post"}],"author":[{"embeddable":true,"href":"https:\/\/blogg.svenskakyrkan.se\/vandravagen\/wp-json\/wp\/v2\/users\/392"}],"replies":[{"embeddable":true,"href":"https:\/\/blogg.svenskakyrkan.se\/vandravagen\/wp-json\/wp\/v2\/comments?post=5739"}],"version-history":[{"count":1,"href":"https:\/\/blogg.svenskakyrkan.se\/vandravagen\/wp-json\/wp\/v2\/posts\/5739\/revisions"}],"predecessor-version":[{"id":5741,"href":"https:\/\/blogg.svenskakyrkan.se\/vandravagen\/wp-json\/wp\/v2\/posts\/5739\/revisions\/5741"}],"wp:featuredmedia":[{"embeddable":true,"href":"https:\/\/blogg.svenskakyrkan.se\/vandravagen\/wp-json\/wp\/v2\/media\/5740"}],"wp:attachment":[{"href":"https:\/\/blogg.svenskakyrkan.se\/vandravagen\/wp-json\/wp\/v2\/media?parent=5739"}],"wp:term":[{"taxonomy":"category","embeddable":true,"href":"https:\/\/blogg.svenskakyrkan.se\/vandravagen\/wp-json\/wp\/v2\/categories?post=5739"},{"taxonomy":"post_tag","embeddable":true,"href":"https:\/\/blogg.svenskakyrkan.se\/vandravagen\/wp-json\/wp\/v2\/tags?post=5739"}],"curies":[{"name":"wp","href":"https:\/\/api.w.org\/{rel}","templated":true}]}}