{"id":574,"date":"2013-05-13T08:45:00","date_gmt":"2013-05-13T06:45:00","guid":{"rendered":"http:\/\/blogg.svenskakyrkan.se\/vandravagen\/2013\/05\/13\/veckans-samlade-twittervisdom\/"},"modified":"2013-05-13T08:45:00","modified_gmt":"2013-05-13T06:45:00","slug":"veckans-samlade-twittervisdom","status":"publish","type":"post","link":"https:\/\/blogg.svenskakyrkan.se\/vandravagen\/2013\/05\/13\/veckans-samlade-twittervisdom\/","title":{"rendered":"Veckans samlade twittervisdom"},"content":{"rendered":"<div>Hurra! M\u00e5ndagmorgon! H\u00e4r kommer veckans twittersammanfattning! Lite kristet, lite klokt, lite skoj. H\u00e5lltillgodo!<\/div>\n<div><\/div>\n<div><\/div>\n<div><b>&#8221;Kristna&#8221; tweets<\/b><\/div>\n<div><\/div>\n<div><\/div>\n<div>Ajaj, de kristna som antigudsbevis&#8230;<\/div>\n<div><a href=\"http:\/\/1.bp.blogspot.com\/-hFp9Qbq_xcI\/UZCJy1YYJUI\/AAAAAAAADac\/7LSJNCUiVOI\/s1600\/antigudsbevis.jpg\"><img loading=\"lazy\" decoding=\"async\" border=\"0\" height=\"72\" src=\"http:\/\/1.bp.blogspot.com\/-hFp9Qbq_xcI\/UZCJy1YYJUI\/AAAAAAAADac\/7LSJNCUiVOI\/s400\/antigudsbevis.jpg\" width=\"400\"><\/a><\/div>\n<div><\/div>\n<div><a href=\"http:\/\/3.bp.blogspot.com\/-SzEuDBPK2OI\/UZCJ0u00xHI\/AAAAAAAADao\/a4YLRQHWgN8\/s1600\/blimer.jpg\"><img loading=\"lazy\" decoding=\"async\" border=\"0\" height=\"68\" src=\"http:\/\/3.bp.blogspot.com\/-SzEuDBPK2OI\/UZCJ0u00xHI\/AAAAAAAADao\/a4YLRQHWgN8\/s400\/blimer.jpg\" width=\"400\"><\/a><\/div>\n<div><\/div>\n<div><\/div>\n<div><a href=\"http:\/\/1.bp.blogspot.com\/-XDgJDm4HIDA\/UZCJ5FoyO5I\/AAAAAAAADbw\/060_7XVuYCE\/s1600\/onesize.jpg\"><img loading=\"lazy\" decoding=\"async\" border=\"0\" height=\"70\" src=\"http:\/\/1.bp.blogspot.com\/-XDgJDm4HIDA\/UZCJ5FoyO5I\/AAAAAAAADbw\/060_7XVuYCE\/s400\/onesize.jpg\" width=\"400\"><\/a><\/div>\n<div><\/div>\n<div><a href=\"http:\/\/3.bp.blogspot.com\/-oqsbxvZyclA\/UZCJ5MiI90I\/AAAAAAAADbo\/PCNrC4BQpNM\/s1600\/newmancitat.jpg\"><img loading=\"lazy\" decoding=\"async\" border=\"0\" height=\"83\" src=\"http:\/\/3.bp.blogspot.com\/-oqsbxvZyclA\/UZCJ5MiI90I\/AAAAAAAADbo\/PCNrC4BQpNM\/s400\/newmancitat.jpg\" width=\"400\"><\/a><\/div>\n<div><\/div>\n<div>\u00a0\u00c5 s\u00e5 bra!<\/div>\n<div><a href=\"http:\/\/1.bp.blogspot.com\/-pr1ThaMjsMM\/UZCJy54-9YI\/AAAAAAAADaY\/OakfuReQjY0\/s1600\/a%CC%88lskad.jpg\"><img loading=\"lazy\" decoding=\"async\" border=\"0\" height=\"66\" src=\"http:\/\/1.bp.blogspot.com\/-pr1ThaMjsMM\/UZCJy54-9YI\/AAAAAAAADaY\/OakfuReQjY0\/s400\/a%CC%88lskad.jpg\" width=\"400\"><\/a><\/div>\n<div><\/div>\n<div><\/div>\n<div><a href=\"http:\/\/4.bp.blogspot.com\/-1xDpKdVv1lY\/UZCJ3pReFfI\/AAAAAAAADbY\/lEt063qseiM\/s1600\/kristihim.jpg\"><img loading=\"lazy\" decoding=\"async\" border=\"0\" height=\"67\" src=\"http:\/\/4.bp.blogspot.com\/-1xDpKdVv1lY\/UZCJ3pReFfI\/AAAAAAAADbY\/lEt063qseiM\/s400\/kristihim.jpg\" width=\"400\"><\/a><\/div>\n<div>(fast jag tror inte att Jakob sj\u00e4lv ser p\u00e5 kristihim p\u00e5 det s\u00e4ttet, han ber\u00e4ttar f.\u00f6 om de aktuella helgerna p\u00e5 den h\u00e4r filmen fr\u00e5n Lunds stift:<\/div>\n<div><a href=\"http:\/\/www.youtube.com\/watch?v=cmiheOejY1E&amp;feature=youtu.be\">http:\/\/www.youtube.com\/watch?v=cmiheOejY1E&amp;feature=youtu.be<\/a>\u00a0)<\/div>\n<div><\/div>\n<div><\/div>\n<div><\/div>\n<div><b>Kloka tweets<\/b><\/div>\n<\/p>\n<div><\/div>\n<\/p>\n<div><a href=\"http:\/\/3.bp.blogspot.com\/-VWYQEGZ-5EI\/UZCJ0dlu7dI\/AAAAAAAADag\/OoscoIfD4vU\/s1600\/beroende.jpg\"><img loading=\"lazy\" decoding=\"async\" border=\"0\" height=\"67\" src=\"http:\/\/3.bp.blogspot.com\/-VWYQEGZ-5EI\/UZCJ0dlu7dI\/AAAAAAAADag\/OoscoIfD4vU\/s400\/beroende.jpg\" width=\"400\"><\/a><\/div>\n<div><\/div>\n<div><\/div>\n<div><a href=\"http:\/\/1.bp.blogspot.com\/-WEfi8y4-2uY\/UZCJ6RD0u3I\/AAAAAAAADcA\/qwMebhh7NjI\/s1600\/smartvsva%CC%88nlig.jpg\"><img loading=\"lazy\" decoding=\"async\" border=\"0\" height=\"68\" src=\"http:\/\/1.bp.blogspot.com\/-WEfi8y4-2uY\/UZCJ6RD0u3I\/AAAAAAAADcA\/qwMebhh7NjI\/s400\/smartvsva%CC%88nlig.jpg\" width=\"400\"><\/a><\/div>\n<div><\/div>\n<div><\/div>\n<div><a href=\"http:\/\/3.bp.blogspot.com\/-utljpqCUQPw\/UZCJ4Y-wzZI\/AAAAAAAADbg\/DW7rn1ihs0w\/s1600\/lagamedspik.jpg\"><img loading=\"lazy\" decoding=\"async\" border=\"0\" height=\"82\" src=\"http:\/\/3.bp.blogspot.com\/-utljpqCUQPw\/UZCJ4Y-wzZI\/AAAAAAAADbg\/DW7rn1ihs0w\/s400\/lagamedspik.jpg\" width=\"400\"><\/a><\/div>\n<div><\/div>\n<div><\/div>\n<div><a href=\"http:\/\/4.bp.blogspot.com\/-JXwYyOqCCt0\/UZCJ8NmNaOI\/AAAAAAAADcY\/gNY4FKvO8s4\/s1600\/storaord.jpg\"><img loading=\"lazy\" decoding=\"async\" border=\"0\" height=\"67\" src=\"http:\/\/4.bp.blogspot.com\/-JXwYyOqCCt0\/UZCJ8NmNaOI\/AAAAAAAADcY\/gNY4FKvO8s4\/s400\/storaord.jpg\" width=\"400\"><\/a><\/div>\n<div><\/div>\n<div><\/div>\n<\/p>\n<div><b>Roliga tweets<\/b><\/div>\n<div>(f\u00f6rst\u00f6r man f\u00f6rresten det roliga genom att skriva det som rubrik?)<\/div>\n<div><\/div>\n<div><\/div>\n<div><a href=\"http:\/\/4.bp.blogspot.com\/-ztpkDQ87h9o\/UZCJ0wihGzI\/AAAAAAAADaw\/TKbjtJMPrMA\/s1600\/bo%CC%88sho%CC%88lk.jpg\"><img loading=\"lazy\" decoding=\"async\" border=\"0\" height=\"88\" src=\"http:\/\/4.bp.blogspot.com\/-ztpkDQ87h9o\/UZCJ0wihGzI\/AAAAAAAADaw\/TKbjtJMPrMA\/s400\/bo%CC%88sho%CC%88lk.jpg\" width=\"400\"><\/a><\/div>\n<div><\/div>\n<div><\/div>\n<div><a href=\"http:\/\/4.bp.blogspot.com\/-weDGsJQuAWk\/UZCJy-8yFlI\/AAAAAAAADaU\/EJq93N0VL20\/s1600\/a%CC%8Athonom.jpg\"><img loading=\"lazy\" decoding=\"async\" border=\"0\" height=\"70\" src=\"http:\/\/4.bp.blogspot.com\/-weDGsJQuAWk\/UZCJy-8yFlI\/AAAAAAAADaU\/EJq93N0VL20\/s400\/a%CC%8Athonom.jpg\" width=\"400\"><\/a><\/div>\n<div><\/div>\n<div><\/div>\n<\/p>\n<div><a href=\"http:\/\/4.bp.blogspot.com\/-Z420YsFwKv8\/UZCJ1n6PayI\/AAAAAAAADa8\/lLg3I4RlpWY\/s1600\/brandsoldat.jpg\"><img loading=\"lazy\" decoding=\"async\" border=\"0\" height=\"70\" src=\"http:\/\/4.bp.blogspot.com\/-Z420YsFwKv8\/UZCJ1n6PayI\/AAAAAAAADa8\/lLg3I4RlpWY\/s400\/brandsoldat.jpg\" width=\"400\"><\/a><\/div>\n<div><\/div>\n<div><\/div>\n<\/p>\n<div><a href=\"http:\/\/3.bp.blogspot.com\/-r0XseO5r-oQ\/UZCJ2OgI4eI\/AAAAAAAADbA\/k3t3fJD1qFU\/s1600\/da%CC%8Aligtval.jpg\"><img loading=\"lazy\" decoding=\"async\" border=\"0\" height=\"67\" src=\"http:\/\/3.bp.blogspot.com\/-r0XseO5r-oQ\/UZCJ2OgI4eI\/AAAAAAAADbA\/k3t3fJD1qFU\/s400\/da%CC%8Aligtval.jpg\" width=\"400\"><\/a><\/div>\n<div><\/div>\n<div><\/div>\n<\/p>\n<div><a href=\"http:\/\/2.bp.blogspot.com\/-nMpu1iat2s0\/UZCJ3jYlJwI\/AAAAAAAADbM\/k5IMeO30yRE\/s1600\/do%CC%88den.jpg\"><img loading=\"lazy\" decoding=\"async\" border=\"0\" height=\"70\" src=\"http:\/\/2.bp.blogspot.com\/-nMpu1iat2s0\/UZCJ3jYlJwI\/AAAAAAAADbM\/k5IMeO30yRE\/s400\/do%CC%88den.jpg\" width=\"400\"><\/a><\/div>\n<div><\/div>\n<\/p>\n<div><a href=\"http:\/\/4.bp.blogspot.com\/-e36eE5Ywmbg\/UZCJ3SO7cpI\/AAAAAAAADbU\/YuDqlo6DJeQ\/s1600\/ka%CC%88nsligt.jpg\"><img loading=\"lazy\" decoding=\"async\" border=\"0\" height=\"83\" src=\"http:\/\/4.bp.blogspot.com\/-e36eE5Ywmbg\/UZCJ3SO7cpI\/AAAAAAAADbU\/YuDqlo6DJeQ\/s400\/ka%CC%88nsligt.jpg\" width=\"400\"><\/a><\/div>\n<\/p>\n<div><\/div>\n<\/p>\n<div><a href=\"http:\/\/2.bp.blogspot.com\/-v_ZQv480C-M\/UZCJ6zQwsTI\/AAAAAAAADcI\/uS6Y8LzE9B0\/s1600\/stones.jpg\"><img loading=\"lazy\" decoding=\"async\" border=\"0\" height=\"66\" src=\"http:\/\/2.bp.blogspot.com\/-v_ZQv480C-M\/UZCJ6zQwsTI\/AAAAAAAADcI\/uS6Y8LzE9B0\/s400\/stones.jpg\" width=\"400\"><\/a><\/div>\n<\/p>\n<div><\/div>\n<\/p>\n<div><a href=\"http:\/\/1.bp.blogspot.com\/-nKPtbnAWxv4\/UZCJ8BK6PwI\/AAAAAAAADcc\/dxuLjo95VQQ\/s1600\/twitterchurch.jpg\"><img loading=\"lazy\" decoding=\"async\" border=\"0\" height=\"67\" src=\"http:\/\/1.bp.blogspot.com\/-nKPtbnAWxv4\/UZCJ8BK6PwI\/AAAAAAAADcc\/dxuLjo95VQQ\/s400\/twitterchurch.jpg\" width=\"400\"><\/a><\/div>\n<div><\/div>\n<\/p>\n<div><a href=\"http:\/\/1.bp.blogspot.com\/-j30NAsvtKlI\/UZCJ8Uz1k6I\/AAAAAAAADcU\/K4OPvUGf2RA\/s1600\/vareoskar.jpg\"><img loading=\"lazy\" decoding=\"async\" border=\"0\" height=\"81\" src=\"http:\/\/1.bp.blogspot.com\/-j30NAsvtKlI\/UZCJ8Uz1k6I\/AAAAAAAADcU\/K4OPvUGf2RA\/s400\/vareoskar.jpg\" width=\"400\"><\/a><\/div>\n<div><\/div>\n<div><\/div>\n<div><\/div>\n<div><\/div>\n<div><b>Och s\u00e5 veckans b\u00e4sta tweet<\/b><\/div>\n<div>Denna g\u00e5ng fr\u00e5n @avajadi<\/div>\n<div>H\u00e4r \u00e4r n\u00e5got att t\u00e4nka p\u00e5!<\/div>\n<div><\/div>\n<div><a href=\"http:\/\/1.bp.blogspot.com\/-A7gPOa2cLU4\/UZCJ6eITmbI\/AAAAAAAADb8\/gh-iEpbsRyY\/s1600\/o%CC%88verunder.jpg\"><img loading=\"lazy\" decoding=\"async\" border=\"0\" height=\"71\" src=\"http:\/\/1.bp.blogspot.com\/-A7gPOa2cLU4\/UZCJ6eITmbI\/AAAAAAAADb8\/gh-iEpbsRyY\/s400\/o%CC%88verunder.jpg\" width=\"400\"><\/a><\/div>\n<\/p>\n<div><\/div>\n<div><\/div>\n","protected":false},"excerpt":{"rendered":"<p>Hurra! M\u00e5ndagmorgon! H\u00e4r kommer veckans twittersammanfattning! Lite kristet, lite klokt, lite skoj. H\u00e5lltillgodo! &#8221;Kristna&#8221; tweets Ajaj, de kristna som antigudsbevis&#8230; \u00a0\u00c5 s\u00e5 bra! (fast jag tror inte att Jakob sj\u00e4lv ser p\u00e5 kristihim p\u00e5 det s\u00e4ttet, han ber\u00e4ttar f.\u00f6 om de aktuella helgerna p\u00e5 den h\u00e4r filmen fr\u00e5n Lunds stift: http:\/\/www.youtube.com\/watch?v=cmiheOejY1E&amp;feature=youtu.be\u00a0) Kloka tweets Roliga tweets [&hellip;]<\/p>\n","protected":false},"author":392,"featured_media":0,"comment_status":"open","ping_status":"open","sticky":false,"template":"","format":"standard","meta":{"_acf_changed":false,"footnotes":""},"categories":[76766],"tags":[],"class_list":["post-574","post","type-post","status-publish","format-standard","hentry","category-blandat"],"acf":[],"yoast_head":"<!-- This site is optimized with the Yoast SEO plugin v27.1.1 - https:\/\/yoast.com\/product\/yoast-seo-wordpress\/ -->\n<title>Veckans samlade twittervisdom - Vandra V\u00e4gen<\/title>\n<meta name=\"robots\" content=\"index, follow, max-snippet:-1, max-image-preview:large, max-video-preview:-1\" \/>\n<link rel=\"canonical\" href=\"https:\/\/blogg.svenskakyrkan.se\/vandravagen\/2013\/05\/13\/veckans-samlade-twittervisdom\/\" \/>\n<meta property=\"og:locale\" content=\"sv_SE\" \/>\n<meta property=\"og:type\" content=\"article\" \/>\n<meta property=\"og:title\" content=\"Veckans samlade twittervisdom - Vandra V\u00e4gen\" \/>\n<meta property=\"og:description\" content=\"Hurra! M\u00e5ndagmorgon! H\u00e4r kommer veckans twittersammanfattning! Lite kristet, lite klokt, lite skoj. H\u00e5lltillgodo! &#8221;Kristna&#8221; tweets Ajaj, de kristna som antigudsbevis&#8230; \u00a0\u00c5 s\u00e5 bra! (fast jag tror inte att Jakob sj\u00e4lv ser p\u00e5 kristihim p\u00e5 det s\u00e4ttet, han ber\u00e4ttar f.\u00f6 om de aktuella helgerna p\u00e5 den h\u00e4r filmen fr\u00e5n Lunds stift: http:\/\/www.youtube.com\/watch?v=cmiheOejY1E&amp;feature=youtu.be\u00a0) Kloka tweets Roliga tweets [&hellip;]\" \/>\n<meta property=\"og:url\" content=\"https:\/\/blogg.svenskakyrkan.se\/vandravagen\/2013\/05\/13\/veckans-samlade-twittervisdom\/\" \/>\n<meta property=\"og:site_name\" content=\"Vandra V\u00e4gen\" \/>\n<meta property=\"article:publisher\" content=\"http:\/\/facebook.com\/vandravagen\" \/>\n<meta property=\"article:published_time\" content=\"2013-05-13T06:45:00+00:00\" \/>\n<meta property=\"og:image\" content=\"http:\/\/1.bp.blogspot.com\/-hFp9Qbq_xcI\/UZCJy1YYJUI\/AAAAAAAADac\/7LSJNCUiVOI\/s400\/antigudsbevis.jpg\" \/>\n<meta name=\"author\" content=\"Tomas Jarvid\" \/>\n<meta name=\"twitter:card\" content=\"summary_large_image\" \/>\n<meta name=\"twitter:creator\" content=\"@fadertomas\" \/>\n<meta name=\"twitter:site\" content=\"@fadertomas\" \/>\n<meta name=\"twitter:label1\" content=\"Skriven av\" \/>\n\t<meta name=\"twitter:data1\" content=\"Tomas Jarvid\" \/>\n\t<meta name=\"twitter:label2\" content=\"Ber\u00e4knad l\u00e4stid\" \/>\n\t<meta name=\"twitter:data2\" content=\"1 minut\" \/>\n<script type=\"application\/ld+json\" class=\"yoast-schema-graph\">{\"@context\":\"https:\/\/schema.org\",\"@graph\":[{\"@type\":\"Article\",\"@id\":\"https:\/\/blogg.svenskakyrkan.se\/vandravagen\/2013\/05\/13\/veckans-samlade-twittervisdom\/#article\",\"isPartOf\":{\"@id\":\"https:\/\/blogg.svenskakyrkan.se\/vandravagen\/2013\/05\/13\/veckans-samlade-twittervisdom\/\"},\"author\":{\"name\":\"Tomas Jarvid\",\"@id\":\"https:\/\/blogg.svenskakyrkan.se\/vandravagen\/#\/schema\/person\/25da02d4f76b137d04291711e2c9fc16\"},\"headline\":\"Veckans samlade twittervisdom\",\"datePublished\":\"2013-05-13T06:45:00+00:00\",\"mainEntityOfPage\":{\"@id\":\"https:\/\/blogg.svenskakyrkan.se\/vandravagen\/2013\/05\/13\/veckans-samlade-twittervisdom\/\"},\"wordCount\":111,\"commentCount\":1,\"publisher\":{\"@id\":\"https:\/\/blogg.svenskakyrkan.se\/vandravagen\/#organization\"},\"image\":{\"@id\":\"https:\/\/blogg.svenskakyrkan.se\/vandravagen\/2013\/05\/13\/veckans-samlade-twittervisdom\/#primaryimage\"},\"thumbnailUrl\":\"http:\/\/1.bp.blogspot.com\/-hFp9Qbq_xcI\/UZCJy1YYJUI\/AAAAAAAADac\/7LSJNCUiVOI\/s400\/antigudsbevis.jpg\",\"articleSection\":[\"blandat\"],\"inLanguage\":\"sv-SE\",\"potentialAction\":[{\"@type\":\"CommentAction\",\"name\":\"Comment\",\"target\":[\"https:\/\/blogg.svenskakyrkan.se\/vandravagen\/2013\/05\/13\/veckans-samlade-twittervisdom\/#respond\"]}]},{\"@type\":\"WebPage\",\"@id\":\"https:\/\/blogg.svenskakyrkan.se\/vandravagen\/2013\/05\/13\/veckans-samlade-twittervisdom\/\",\"url\":\"https:\/\/blogg.svenskakyrkan.se\/vandravagen\/2013\/05\/13\/veckans-samlade-twittervisdom\/\",\"name\":\"Veckans samlade twittervisdom - Vandra V\u00e4gen\",\"isPartOf\":{\"@id\":\"https:\/\/blogg.svenskakyrkan.se\/vandravagen\/#website\"},\"primaryImageOfPage\":{\"@id\":\"https:\/\/blogg.svenskakyrkan.se\/vandravagen\/2013\/05\/13\/veckans-samlade-twittervisdom\/#primaryimage\"},\"image\":{\"@id\":\"https:\/\/blogg.svenskakyrkan.se\/vandravagen\/2013\/05\/13\/veckans-samlade-twittervisdom\/#primaryimage\"},\"thumbnailUrl\":\"http:\/\/1.bp.blogspot.com\/-hFp9Qbq_xcI\/UZCJy1YYJUI\/AAAAAAAADac\/7LSJNCUiVOI\/s400\/antigudsbevis.jpg\",\"datePublished\":\"2013-05-13T06:45:00+00:00\",\"breadcrumb\":{\"@id\":\"https:\/\/blogg.svenskakyrkan.se\/vandravagen\/2013\/05\/13\/veckans-samlade-twittervisdom\/#breadcrumb\"},\"inLanguage\":\"sv-SE\",\"potentialAction\":[{\"@type\":\"ReadAction\",\"target\":[\"https:\/\/blogg.svenskakyrkan.se\/vandravagen\/2013\/05\/13\/veckans-samlade-twittervisdom\/\"]}]},{\"@type\":\"ImageObject\",\"inLanguage\":\"sv-SE\",\"@id\":\"https:\/\/blogg.svenskakyrkan.se\/vandravagen\/2013\/05\/13\/veckans-samlade-twittervisdom\/#primaryimage\",\"url\":\"http:\/\/1.bp.blogspot.com\/-hFp9Qbq_xcI\/UZCJy1YYJUI\/AAAAAAAADac\/7LSJNCUiVOI\/s400\/antigudsbevis.jpg\",\"contentUrl\":\"http:\/\/1.bp.blogspot.com\/-hFp9Qbq_xcI\/UZCJy1YYJUI\/AAAAAAAADac\/7LSJNCUiVOI\/s400\/antigudsbevis.jpg\"},{\"@type\":\"BreadcrumbList\",\"@id\":\"https:\/\/blogg.svenskakyrkan.se\/vandravagen\/2013\/05\/13\/veckans-samlade-twittervisdom\/#breadcrumb\",\"itemListElement\":[{\"@type\":\"ListItem\",\"position\":1,\"name\":\"Hem\",\"item\":\"https:\/\/blogg.svenskakyrkan.se\/vandravagen\/\"},{\"@type\":\"ListItem\",\"position\":2,\"name\":\"Veckans samlade twittervisdom\"}]},{\"@type\":\"WebSite\",\"@id\":\"https:\/\/blogg.svenskakyrkan.se\/vandravagen\/#website\",\"url\":\"https:\/\/blogg.svenskakyrkan.se\/vandravagen\/\",\"name\":\"Vandra V\u00e4gen\",\"description\":\"-Mot en tro f\u00f6r hela livet\",\"publisher\":{\"@id\":\"https:\/\/blogg.svenskakyrkan.se\/vandravagen\/#organization\"},\"potentialAction\":[{\"@type\":\"SearchAction\",\"target\":{\"@type\":\"EntryPoint\",\"urlTemplate\":\"https:\/\/blogg.svenskakyrkan.se\/vandravagen\/?s={search_term_string}\"},\"query-input\":{\"@type\":\"PropertyValueSpecification\",\"valueRequired\":true,\"valueName\":\"search_term_string\"}}],\"inLanguage\":\"sv-SE\"},{\"@type\":\"Organization\",\"@id\":\"https:\/\/blogg.svenskakyrkan.se\/vandravagen\/#organization\",\"name\":\"ulricehamns pastorat\",\"alternateName\":\"ulricehamns pastorat\",\"url\":\"https:\/\/blogg.svenskakyrkan.se\/vandravagen\/\",\"logo\":{\"@type\":\"ImageObject\",\"inLanguage\":\"sv-SE\",\"@id\":\"https:\/\/blogg.svenskakyrkan.se\/vandravagen\/#\/schema\/logo\/image\/\",\"url\":\"https:\/\/blogg.svenskakyrkan.se\/vandravagen\/files\/2023\/05\/Ulr_logo_RGB.png\",\"contentUrl\":\"https:\/\/blogg.svenskakyrkan.se\/vandravagen\/files\/2023\/05\/Ulr_logo_RGB.png\",\"width\":205,\"height\":77,\"caption\":\"ulricehamns pastorat\"},\"image\":{\"@id\":\"https:\/\/blogg.svenskakyrkan.se\/vandravagen\/#\/schema\/logo\/image\/\"},\"sameAs\":[\"http:\/\/facebook.com\/vandravagen\",\"https:\/\/x.com\/fadertomas\",\"http:\/\/www.facebook.com\/svenskakyrkaniulricehamn\"]},{\"@type\":\"Person\",\"@id\":\"https:\/\/blogg.svenskakyrkan.se\/vandravagen\/#\/schema\/person\/25da02d4f76b137d04291711e2c9fc16\",\"name\":\"Tomas Jarvid\",\"image\":{\"@type\":\"ImageObject\",\"inLanguage\":\"sv-SE\",\"@id\":\"https:\/\/blogg.svenskakyrkan.se\/vandravagen\/#\/schema\/person\/image\/\",\"url\":\"https:\/\/secure.gravatar.com\/avatar\/7fa71899795e8f540f615a1f5ab25255dc27aa40f05ee7ddd21aac521e01bf50?s=96&d=identicon&r=g\",\"contentUrl\":\"https:\/\/secure.gravatar.com\/avatar\/7fa71899795e8f540f615a1f5ab25255dc27aa40f05ee7ddd21aac521e01bf50?s=96&d=identicon&r=g\",\"caption\":\"Tomas Jarvid\"},\"description\":\"Jag bor i Ulricehamn i V\u00e4sterg\u00f6tland och \u00e4r f\u00f6rsamlingspr\u00e4st i Svenska Kyrkan f\u00f6r Dalstorps f\u00f6rsamling i Kinds pastorat. P\u00e5 den h\u00e4r bloggen skriver jag ner tankar om vandringen som kristen.\",\"sameAs\":[\"http:\/\/www.vandravagen.se\"],\"url\":\"https:\/\/blogg.svenskakyrkan.se\/vandravagen\/author\/vandravagen\/\"}]}<\/script>\n<!-- \/ Yoast SEO plugin. -->","yoast_head_json":{"title":"Veckans samlade twittervisdom - Vandra V\u00e4gen","robots":{"index":"index","follow":"follow","max-snippet":"max-snippet:-1","max-image-preview":"max-image-preview:large","max-video-preview":"max-video-preview:-1"},"canonical":"https:\/\/blogg.svenskakyrkan.se\/vandravagen\/2013\/05\/13\/veckans-samlade-twittervisdom\/","og_locale":"sv_SE","og_type":"article","og_title":"Veckans samlade twittervisdom - Vandra V\u00e4gen","og_description":"Hurra! M\u00e5ndagmorgon! H\u00e4r kommer veckans twittersammanfattning! Lite kristet, lite klokt, lite skoj. H\u00e5lltillgodo! &#8221;Kristna&#8221; tweets Ajaj, de kristna som antigudsbevis&#8230; \u00a0\u00c5 s\u00e5 bra! (fast jag tror inte att Jakob sj\u00e4lv ser p\u00e5 kristihim p\u00e5 det s\u00e4ttet, han ber\u00e4ttar f.\u00f6 om de aktuella helgerna p\u00e5 den h\u00e4r filmen fr\u00e5n Lunds stift: http:\/\/www.youtube.com\/watch?v=cmiheOejY1E&amp;feature=youtu.be\u00a0) Kloka tweets Roliga tweets [&hellip;]","og_url":"https:\/\/blogg.svenskakyrkan.se\/vandravagen\/2013\/05\/13\/veckans-samlade-twittervisdom\/","og_site_name":"Vandra V\u00e4gen","article_publisher":"http:\/\/facebook.com\/vandravagen","article_published_time":"2013-05-13T06:45:00+00:00","og_image":[{"url":"http:\/\/1.bp.blogspot.com\/-hFp9Qbq_xcI\/UZCJy1YYJUI\/AAAAAAAADac\/7LSJNCUiVOI\/s400\/antigudsbevis.jpg","type":"","width":"","height":""}],"author":"Tomas Jarvid","twitter_card":"summary_large_image","twitter_creator":"@fadertomas","twitter_site":"@fadertomas","twitter_misc":{"Skriven av":"Tomas Jarvid","Ber\u00e4knad l\u00e4stid":"1 minut"},"schema":{"@context":"https:\/\/schema.org","@graph":[{"@type":"Article","@id":"https:\/\/blogg.svenskakyrkan.se\/vandravagen\/2013\/05\/13\/veckans-samlade-twittervisdom\/#article","isPartOf":{"@id":"https:\/\/blogg.svenskakyrkan.se\/vandravagen\/2013\/05\/13\/veckans-samlade-twittervisdom\/"},"author":{"name":"Tomas Jarvid","@id":"https:\/\/blogg.svenskakyrkan.se\/vandravagen\/#\/schema\/person\/25da02d4f76b137d04291711e2c9fc16"},"headline":"Veckans samlade twittervisdom","datePublished":"2013-05-13T06:45:00+00:00","mainEntityOfPage":{"@id":"https:\/\/blogg.svenskakyrkan.se\/vandravagen\/2013\/05\/13\/veckans-samlade-twittervisdom\/"},"wordCount":111,"commentCount":1,"publisher":{"@id":"https:\/\/blogg.svenskakyrkan.se\/vandravagen\/#organization"},"image":{"@id":"https:\/\/blogg.svenskakyrkan.se\/vandravagen\/2013\/05\/13\/veckans-samlade-twittervisdom\/#primaryimage"},"thumbnailUrl":"http:\/\/1.bp.blogspot.com\/-hFp9Qbq_xcI\/UZCJy1YYJUI\/AAAAAAAADac\/7LSJNCUiVOI\/s400\/antigudsbevis.jpg","articleSection":["blandat"],"inLanguage":"sv-SE","potentialAction":[{"@type":"CommentAction","name":"Comment","target":["https:\/\/blogg.svenskakyrkan.se\/vandravagen\/2013\/05\/13\/veckans-samlade-twittervisdom\/#respond"]}]},{"@type":"WebPage","@id":"https:\/\/blogg.svenskakyrkan.se\/vandravagen\/2013\/05\/13\/veckans-samlade-twittervisdom\/","url":"https:\/\/blogg.svenskakyrkan.se\/vandravagen\/2013\/05\/13\/veckans-samlade-twittervisdom\/","name":"Veckans samlade twittervisdom - Vandra V\u00e4gen","isPartOf":{"@id":"https:\/\/blogg.svenskakyrkan.se\/vandravagen\/#website"},"primaryImageOfPage":{"@id":"https:\/\/blogg.svenskakyrkan.se\/vandravagen\/2013\/05\/13\/veckans-samlade-twittervisdom\/#primaryimage"},"image":{"@id":"https:\/\/blogg.svenskakyrkan.se\/vandravagen\/2013\/05\/13\/veckans-samlade-twittervisdom\/#primaryimage"},"thumbnailUrl":"http:\/\/1.bp.blogspot.com\/-hFp9Qbq_xcI\/UZCJy1YYJUI\/AAAAAAAADac\/7LSJNCUiVOI\/s400\/antigudsbevis.jpg","datePublished":"2013-05-13T06:45:00+00:00","breadcrumb":{"@id":"https:\/\/blogg.svenskakyrkan.se\/vandravagen\/2013\/05\/13\/veckans-samlade-twittervisdom\/#breadcrumb"},"inLanguage":"sv-SE","potentialAction":[{"@type":"ReadAction","target":["https:\/\/blogg.svenskakyrkan.se\/vandravagen\/2013\/05\/13\/veckans-samlade-twittervisdom\/"]}]},{"@type":"ImageObject","inLanguage":"sv-SE","@id":"https:\/\/blogg.svenskakyrkan.se\/vandravagen\/2013\/05\/13\/veckans-samlade-twittervisdom\/#primaryimage","url":"http:\/\/1.bp.blogspot.com\/-hFp9Qbq_xcI\/UZCJy1YYJUI\/AAAAAAAADac\/7LSJNCUiVOI\/s400\/antigudsbevis.jpg","contentUrl":"http:\/\/1.bp.blogspot.com\/-hFp9Qbq_xcI\/UZCJy1YYJUI\/AAAAAAAADac\/7LSJNCUiVOI\/s400\/antigudsbevis.jpg"},{"@type":"BreadcrumbList","@id":"https:\/\/blogg.svenskakyrkan.se\/vandravagen\/2013\/05\/13\/veckans-samlade-twittervisdom\/#breadcrumb","itemListElement":[{"@type":"ListItem","position":1,"name":"Hem","item":"https:\/\/blogg.svenskakyrkan.se\/vandravagen\/"},{"@type":"ListItem","position":2,"name":"Veckans samlade twittervisdom"}]},{"@type":"WebSite","@id":"https:\/\/blogg.svenskakyrkan.se\/vandravagen\/#website","url":"https:\/\/blogg.svenskakyrkan.se\/vandravagen\/","name":"Vandra V\u00e4gen","description":"-Mot en tro f\u00f6r hela livet","publisher":{"@id":"https:\/\/blogg.svenskakyrkan.se\/vandravagen\/#organization"},"potentialAction":[{"@type":"SearchAction","target":{"@type":"EntryPoint","urlTemplate":"https:\/\/blogg.svenskakyrkan.se\/vandravagen\/?s={search_term_string}"},"query-input":{"@type":"PropertyValueSpecification","valueRequired":true,"valueName":"search_term_string"}}],"inLanguage":"sv-SE"},{"@type":"Organization","@id":"https:\/\/blogg.svenskakyrkan.se\/vandravagen\/#organization","name":"ulricehamns pastorat","alternateName":"ulricehamns pastorat","url":"https:\/\/blogg.svenskakyrkan.se\/vandravagen\/","logo":{"@type":"ImageObject","inLanguage":"sv-SE","@id":"https:\/\/blogg.svenskakyrkan.se\/vandravagen\/#\/schema\/logo\/image\/","url":"https:\/\/blogg.svenskakyrkan.se\/vandravagen\/files\/2023\/05\/Ulr_logo_RGB.png","contentUrl":"https:\/\/blogg.svenskakyrkan.se\/vandravagen\/files\/2023\/05\/Ulr_logo_RGB.png","width":205,"height":77,"caption":"ulricehamns pastorat"},"image":{"@id":"https:\/\/blogg.svenskakyrkan.se\/vandravagen\/#\/schema\/logo\/image\/"},"sameAs":["http:\/\/facebook.com\/vandravagen","https:\/\/x.com\/fadertomas","http:\/\/www.facebook.com\/svenskakyrkaniulricehamn"]},{"@type":"Person","@id":"https:\/\/blogg.svenskakyrkan.se\/vandravagen\/#\/schema\/person\/25da02d4f76b137d04291711e2c9fc16","name":"Tomas Jarvid","image":{"@type":"ImageObject","inLanguage":"sv-SE","@id":"https:\/\/blogg.svenskakyrkan.se\/vandravagen\/#\/schema\/person\/image\/","url":"https:\/\/secure.gravatar.com\/avatar\/7fa71899795e8f540f615a1f5ab25255dc27aa40f05ee7ddd21aac521e01bf50?s=96&d=identicon&r=g","contentUrl":"https:\/\/secure.gravatar.com\/avatar\/7fa71899795e8f540f615a1f5ab25255dc27aa40f05ee7ddd21aac521e01bf50?s=96&d=identicon&r=g","caption":"Tomas Jarvid"},"description":"Jag bor i Ulricehamn i V\u00e4sterg\u00f6tland och \u00e4r f\u00f6rsamlingspr\u00e4st i Svenska Kyrkan f\u00f6r Dalstorps f\u00f6rsamling i Kinds pastorat. P\u00e5 den h\u00e4r bloggen skriver jag ner tankar om vandringen som kristen.","sameAs":["http:\/\/www.vandravagen.se"],"url":"https:\/\/blogg.svenskakyrkan.se\/vandravagen\/author\/vandravagen\/"}]}},"author_meta":{"ID":"392","user_nicename":"vandravagen","user_url":"http:\/\/www.vandravagen.se","user_registered":"2014-05-19 05:44:52","display_name":"Tomas Jarvid","first_name":"Tomas","last_name":"Jarvid","avatar":"https:\/\/secure.gravatar.com\/avatar\/7fa71899795e8f540f615a1f5ab25255dc27aa40f05ee7ddd21aac521e01bf50?s=96&d=identicon&r=g"},"featured_image":false,"bloginfo":{"name":"Vandra V\u00e4gen","url":"https:\/\/blogg.svenskakyrkan.se\/vandravagen"},"_links":{"self":[{"href":"https:\/\/blogg.svenskakyrkan.se\/vandravagen\/wp-json\/wp\/v2\/posts\/574","targetHints":{"allow":["GET"]}}],"collection":[{"href":"https:\/\/blogg.svenskakyrkan.se\/vandravagen\/wp-json\/wp\/v2\/posts"}],"about":[{"href":"https:\/\/blogg.svenskakyrkan.se\/vandravagen\/wp-json\/wp\/v2\/types\/post"}],"author":[{"embeddable":true,"href":"https:\/\/blogg.svenskakyrkan.se\/vandravagen\/wp-json\/wp\/v2\/users\/392"}],"replies":[{"embeddable":true,"href":"https:\/\/blogg.svenskakyrkan.se\/vandravagen\/wp-json\/wp\/v2\/comments?post=574"}],"version-history":[{"count":0,"href":"https:\/\/blogg.svenskakyrkan.se\/vandravagen\/wp-json\/wp\/v2\/posts\/574\/revisions"}],"wp:attachment":[{"href":"https:\/\/blogg.svenskakyrkan.se\/vandravagen\/wp-json\/wp\/v2\/media?parent=574"}],"wp:term":[{"taxonomy":"category","embeddable":true,"href":"https:\/\/blogg.svenskakyrkan.se\/vandravagen\/wp-json\/wp\/v2\/categories?post=574"},{"taxonomy":"post_tag","embeddable":true,"href":"https:\/\/blogg.svenskakyrkan.se\/vandravagen\/wp-json\/wp\/v2\/tags?post=574"}],"curies":[{"name":"wp","href":"https:\/\/api.w.org\/{rel}","templated":true}]}}